{"id":99516,"date":"2025-05-21T16:24:27","date_gmt":"2025-05-21T14:24:27","guid":{"rendered":"https:\/\/www.mes-allocs.fr\/guides\/?p=99516"},"modified":"2026-04-22T08:33:11","modified_gmt":"2026-04-22T07:33:11","slug":"avenir-pro","status":"publish","type":"post","link":"https:\/\/www.mes-allocs.fr\/guides\/chomage\/avenir-pro\/","title":{"rendered":"Avenir\u2019 Pro : conditions, fonctionnement et d\u00e9marches"},"content":{"rendered":"<p><img loading=\"lazy\" decoding=\"async\" class=\"alignnone wp-image-99517\" title=\"avenir pro\" src=\"https:\/\/www.mes-allocs.fr\/guides\/wp-content\/uploads\/2025\/05\/avenir_pro-e1747837376439-300x49.jpg\" alt=\"avenir pro\" width=\"1365\" height=\"223\" srcset=\"https:\/\/www.mes-allocs.fr\/guides\/wp-content\/uploads\/2025\/05\/avenir_pro-e1747837376439-300x49.jpg 300w, https:\/\/www.mes-allocs.fr\/guides\/wp-content\/uploads\/2025\/05\/avenir_pro-e1747837376439-600x99.jpg 600w\" sizes=\"auto, (max-width: 1365px) 100vw, 1365px\" \/><\/p>\n<p>Pour rem\u00e9dier au <a href=\"https:\/\/www.mes-allocs.fr\/guides\/chomage\/\">ch\u00f4mage<\/a>, le dispositif <b>Avenir\u2019 Pro<\/b> accompagne les \u00e9l\u00e8ves en CAP et BAC pro dans leur insertion professionnelle. Dans cet article, d\u00e9couvrez ses objectifs, ses conditions et son fonctionnement.<\/p>\n<p class=\"p1\"><div class='cta-block'><div class='text'>Simulez toutes vos Aides en 2 min.<\/div><a href='https:\/\/www.mes-allocs.fr\/ab-app?origin=guides\/wp-json\/wp\/v2\/posts\/99516' class='app-button fit'>Simulation gratuite<\/a><\/div><\/p>\n<h1>Qu\u2019est-ce que le dispositif Avenir&rsquo; Pro ?<\/h1>\n<h2>Pr\u00e9sentation du dispositif Avenir Pro<\/h2>\n<p>Avenir\u2019 Pro est un programme destin\u00e9 \u00e0<b> accompagner les lyc\u00e9es professionnels<\/b>, en particulier ceux en derni\u00e8re ann\u00e9e de CAP ou de Bac pro, vers l\u2019insertion professionnelle. Ce dispositif \u00e9tait d\u2019abord une exp\u00e9rimentation de 2020 \u00e0 2021 puis il a \u00e9t\u00e9 progressivement g\u00e9n\u00e9ralis\u00e9 \u00e0 l\u2019ensemble des lyc\u00e9es professionnels depuis la rentr\u00e9e 2023-2024, avec une couverture totale pr\u00e9vue \u00e0 la rentr\u00e9e 2025.<\/p>\n<h2>Quels sont les objectifs principaux du programme Avenir&rsquo; Pro ?<\/h2>\n<p>Les objectifs du dispositif du programme Avenir\u2019 Pro sont les suivants :<\/p>\n<ul>\n<li aria-level=\"1\">Accompagner les \u00e9l\u00e8ves dans leur projet professionnel en leur permettant de <b>mieux se conna\u00eetre<\/b> et de <b>comprendre les attentes <\/b>du march\u00e9 du travail.<\/li>\n<li aria-level=\"1\">Faciliter la <b>transition entre la fin des \u00e9tudes et l\u2019entr\u00e9e sur le march\u00e9 du travail<\/b>.<\/li>\n<li aria-level=\"1\">Donner <b>les outils aux jeunes pour la recherche d\u2019emploi <\/b>comme des techniques de candidatures, les connaissances des secteurs qui recrutent, la pr\u00e9paration des entretiens, etc\u2026<\/li>\n<li aria-level=\"1\">Lutter<b> contre le ch\u00f4mage des jeunes peu qualifi\u00e9s<\/b> en leur donnant des rep\u00e8res, un r\u00e9seau et des opportunit\u00e9s d\u2019emploi ou de formation compl\u00e9mentaire.<\/li>\n<\/ul>\n<h1>\u00c0 qui s\u2019adresse Avenir&rsquo; Pro ?<\/h1>\n<p>Le dispositif Avenir\u2019 Pro s\u2019adresse principalement aux \u00e9l\u00e8ves en derni\u00e8re ann\u00e9e de lyc\u00e9e professionnel, ce qui signifie :<\/p>\n<ul>\n<li aria-level=\"1\">Les \u00e9l\u00e8ves pr\u00e9parant un<b> CAP<\/b> (Certificat d\u2019Aptitude Professionnel)<\/li>\n<li aria-level=\"1\">Les \u00e9l\u00e8ves en terminale de <b>baccalaur\u00e9at professionnel<\/b><\/li>\n<\/ul>\n<h1>Comment fonctionne l\u2019accompagnement Avenir&rsquo; Pro ?<\/h1>\n<h2>Quel est le r\u00f4le des conseillers France Travail et des missions locales ?<\/h2>\n<p>Les conseillers France Travail interviennent <b>directement dans les lyc\u00e9es professionnels <\/b>pour accompagner les \u00e9l\u00e8ves. Leurs interventions se font principalement sous forme de s\u00e9quences collectives mais des entretiens individuels peuvent aussi \u00eatre organis\u00e9s selon les besoins de certains \u00e9l\u00e8ves. Les Mission Locales, partenaires du dispositif, interviennent aussi aupr\u00e8s des lyc\u00e9es pour compl\u00e9ter l\u2019accompagnement.<\/p>\n<h2>Quelles sont les \u00e9tapes de l\u2019accompagnement personnalis\u00e9 ?<\/h2>\n<p>L\u2019accompagnement Avenir\u2019 Pro se divise en deux phases :<\/p>\n<ul>\n<li aria-level=\"1\">Durant la <b>premi\u00e8re phase<\/b>, les conseillers France Travail animent des <b>ateliers collectifs en classe<\/b> sur des th\u00e8mes comme la connaissance du march\u00e9 du travail, les techniques de recherche d\u2019emploi, les pr\u00e9parations aux entretiens, etc. Des permanences et des entretiens individuels peuvent aussi \u00eatre propos\u00e9s pour un suivi personnalis\u00e9.<\/li>\n<li aria-level=\"1\">Durant la <b>seconde phase<\/b>, un <b>accompagnement post-scolaire<\/b> est assur\u00e9 pour les \u00e9l\u00e8ves s\u00e9lectionn\u00e9s pour poursuivre le suivi et \u00e9viter les ruptures de parcours pour l\u2019entr\u00e9e sur le march\u00e9 du travail.<\/li>\n<\/ul>\n<h2>Comment le programme est-il int\u00e9gr\u00e9 dans le parcours scolaire ?<\/h2>\n<p>Le dispositif Avenir\u2019 Pro est<b> int\u00e9gr\u00e9 dans l\u2019emploi du temps des \u00e9l\u00e8ves<\/b>, en lien avec le module \u201cInsertion professionnelle\u201d pour les Bac pro ou les temps d\u2019Accompagnement Personnalis\u00e9 (AP) pour les CAP. Les interventions sont planifi\u00e9es d\u00e8s le d\u00e9but de l\u2019ann\u00e9e scolaire et faites avec les \u00e9quipes p\u00e9dagogiques, les conseillers France Travail et les missions locales.<\/p>\n<p class=\"p1\"><div class='cta-block'><div class='text'>Simulez toutes vos Aides en 2 min.<\/div><a href='https:\/\/www.mes-allocs.fr\/ab-app?origin=guides\/wp-json\/wp\/v2\/posts\/99516' class='app-button fit'>Simulation gratuite<\/a><\/div><\/p>\n<h2>Quelles comp\u00e9tences sont d\u00e9velopp\u00e9es gr\u00e2ce \u00e0 Avenir&rsquo; Pro ?<\/h2>\n<p>Le dispositif Avenir\u2019 Pro a pour but de <b>d\u00e9velopper un ensemble de comp\u00e9tences pour l\u2019insertion professionnelle <\/b>des lyc\u00e9ens. Les principales comp\u00e9tences d\u00e9velopp\u00e9es sont :<\/p>\n<ul>\n<li aria-level=\"1\">L\u2019identification et valorisation de ses comp\u00e9tences et de ses atouts.<\/li>\n<li aria-level=\"1\">La compr\u00e9hension du march\u00e9 du travail et des secteurs qui recrutent.<\/li>\n<li aria-level=\"1\">La ma\u00eetrise des techniques de recherche d\u2019emploi (CV, lettre de motivations, entretien).<\/li>\n<li aria-level=\"1\">L\u2019utilisation des outils et des services num\u00e9riques pour la recherche d\u2019emploi.<\/li>\n<li aria-level=\"1\">Le d\u00e9veloppement de l\u2019autonomie, de l\u2019organisation et de la m\u00e9thodologie dans la recherche d\u2019emploi.<\/li>\n<li aria-level=\"1\">Le renforcement du savoir-\u00eatre professionnel et la confiance en soi.<\/li>\n<\/ul>\n<h1>Comment trouver une formation Avenir pro ?<\/h1>\n<p>Pour b\u00e9n\u00e9ficier du dispositif Avenir\u2019 Pro, il n\u2019est pas n\u00e9cessaire de rechercher une formation \u00e0 l\u2019ext\u00e9rieur car le programme est<b> directement int\u00e9gr\u00e9 dans le parcours scolaire des \u00e9l\u00e8ves <\/b>de derni\u00e8re ann\u00e9e de CAP ou de baccalaur\u00e9at professionnel au sein de leur lyc\u00e9e professionnel. Et puisque l\u2019accompagnement Avenir\u2019 Pro est mis en place par l\u2019\u00e9tablissement, si vous \u00eates d\u00e9j\u00e0 inscrit en terminale CAP ou Bac pro dans un lyc\u00e9e professionnel alors vous serez inform\u00e9 en d\u00e9but d\u2019ann\u00e9e scolaire de la mise en place du dispositif et des modalit\u00e9s de participation, qui s&rsquo;int\u00e8grent dans votre emploi du temps scolaire.<\/p>\n<p>Pour savoir si votre lyc\u00e9e propose le dispositif Avenir\u2019 Pro, vous pouvez donc :<\/p>\n<ul>\n<li aria-level=\"1\">Vous <b>renseigner aupr\u00e8s de votre professeur principal<\/b>, du responsable du bureau des entreprises ou du chef d\u2019\u00e9tablissement.<\/li>\n<li aria-level=\"1\">Consultez le <b>site de votre acad\u00e9mie ou celui de France Travail<\/b>.<\/li>\n<li aria-level=\"1\">V\u00e9rifiez les<b> informations via les espaces num\u00e9riques de travail<\/b> (ENT) ou les <b>sites d\u00e9di\u00e9s \u00e0 l\u2019orientation professionnelle dans votre r\u00e9gion<\/b>.<\/li>\n<\/ul>\n<h1>Quelles conditions pour b\u00e9n\u00e9ficier du Fonds d&rsquo;\u00e9quipement ?<\/h1>\n<p>Pour b\u00e9n\u00e9ficier du Fonds d\u2019\u00e9quipement d\u2019Avenir\u2019 Pro, il faut remplir les conditions suivantes :<\/p>\n<ul>\n<li aria-level=\"1\">\u00catre <b>b\u00e9n\u00e9ficiaire de l\u2019obligation d\u2019emploi des travailleurs handicap\u00e9s<\/b> (BOETH) ou avoir une demande en cours de reconnaissance de ce statut.<\/li>\n<li aria-level=\"1\">\u00catre <b>inscrit dans un cursus de formation professionnelle<\/b> ou avoir sign\u00e9 un contrat d\u2019apprentissage ou de professionnalisation.<\/li>\n<\/ul>\n<div class='shortcode read-more'><div class='title'>En savoir plus<\/div><div class='content'>Ce dispositif couvre tous types de handicaps et de mat\u00e9riels n\u00e9cessaires \u00e0 l\u2019activit\u00e9 professionnelle<\/div><\/div>\n<h1>Quels sont les b\u00e9n\u00e9fices d\u2019Avenir&rsquo; Pro pour les \u00e9l\u00e8ves ?<\/h1>\n<h2>En quoi Avenir&rsquo; Pro facilite-t-il l\u2019insertion professionnelle des jeunes ?<\/h2>\n<p>Avenir\u2019 Pro facilite l\u2019insertion professionnelle des jeunes <b>en les pr\u00e9parant face aux r\u00e9alit\u00e9s du march\u00e9 du travail<\/b>. L\u2019accompagnement se poursuit m\u00eame apr\u00e8s la sortie du lyc\u00e9e afin d\u2019\u00e9viter les ruptures de parcours et d\u2019am\u00e9liorer l\u2019acc\u00e8s \u00e0 l\u2019emploi.<\/p>\n<h2>Quels r\u00e9sultats concrets observe-t-on depuis la mise en place d\u2019Avenir&rsquo; Pro ?<\/h2>\n<p>En 2023, le taux d&#8217;emploi des \u00e9l\u00e8ves ayant b\u00e9n\u00e9fici\u00e9 du dispositif Avenir\u2019Pro a augment\u00e9 <b>de 16 % \u00e0 23 %<\/b> soit une <b>hausse de 45 %<\/b>. Le nombre de jours travaill\u00e9s a \u00e9galement connu une progression significative, avec une <b>augmentation de 81 %<\/b> pour les \u00e9l\u00e8ves en dessous de la m\u00e9diane et de <b>200 %<\/b> pour les plus en difficult\u00e9.<\/p>\n<h1>Quelle place pour l\u2019individualisation et l\u2019adaptation dans Avenir&rsquo; Pro ?<\/h1>\n<h2>Comment le dispositif prend-il en compte les besoins de chaque \u00e9l\u00e8ve ?<\/h2>\n<p>D\u00e8s le d\u00e9but de l\u2019ann\u00e9e scolaire, un programme d\u2019actions annuel est <b>mis en place collectivement <\/b>pour articuler les interventions avec les projets p\u00e9dagogiques et r\u00e9pondre aux besoins r\u00e9els des \u00e9l\u00e8ves. Cette organisation permet de prendre en compte la diversit\u00e9 des profils, d\u2019identifier les besoins de chacun et d\u2019ajuster les modalit\u00e9s d\u2019accompagnement en fonction des situations rencontr\u00e9es.<\/p>\n<h2>Quelles solutions pour les jeunes en situation de d\u00e9crochage ou sans solution \u00e0 la sortie ?<\/h2>\n<p>Pour les jeunes en risque de d\u00e9crochage scolaire ou sans solution \u00e0 la sortie du lyc\u00e9e, Avenir\u2019 Pro s\u2019articule avec des<b> dispositifs compl\u00e9mentaires <\/b>comme les Groupes de Pr\u00e9vention du D\u00e9crochage Scolaire (GPDS), la Plateforme de Suivi et d\u2019Appui au d\u00e9crocheur (PSAD) et les parcours personnalis\u00e9s comme \u201cTous droits ouverts\u201d ou \u201cAmbition emploi\u201d. Ces dispositifs permettent <b>d&rsquo;identifier les \u00e9l\u00e8ves en difficult\u00e9 t\u00f4t <\/b>en leur proposant un accompagnement renforc\u00e9 et en mobilisant des solutions adapt\u00e9es.<\/p>\n<p>Apr\u00e8s la sortie du lyc\u00e9e, les jeunes peuvent<b> b\u00e9n\u00e9ficier d\u2019un accompagnement <\/b>par la Mission Locale, d\u2019un Contrat d\u2019Engagement Jeune et d\u2019autres dispositifs d\u2019insertion.<\/p>\n<p class=\"p1\"><div class='cta-block'><div class='text'>Simulez toutes vos Aides en 2 min.<\/div><a href='https:\/\/www.mes-allocs.fr\/ab-app?origin=guides\/wp-json\/wp\/v2\/posts\/99516' class='app-button fit'>Simulation gratuite<\/a><\/div><\/p>\n","protected":false},"excerpt":{"rendered":"<p>Pour rem\u00e9dier au ch\u00f4mage, le dispositif Avenir\u2019 Pro accompagne les \u00e9l\u00e8ves en CAP et BAC pro dans leur insertion professionnelle. Dans cet article, d\u00e9couvrez ses objectifs, ses conditions et son fonctionnement. Qu\u2019est-ce que le dispositif Avenir&rsquo; Pro ? Pr\u00e9sentation du dispositif Avenir Pro Avenir\u2019 Pro est un programme destin\u00e9 \u00e0 accompagner les lyc\u00e9es professionnels, en [&hellip;]<\/p>\n","protected":false},"author":31,"featured_media":99518,"comment_status":"open","ping_status":"open","sticky":false,"template":"","format":"standard","meta":{"amp_status":"","footnotes":""},"categories":[2989],"tags":[],"class_list":["post-99516","post","type-post","status-publish","format-standard","has-post-thumbnail","hentry","category-chomage"],"yoast_head":"<!-- This site is optimized with the Yoast SEO plugin v14.9 - https:\/\/yoast.com\/wordpress\/plugins\/seo\/ -->\n<title>Avenir\u2019 Pro : conditions, fonctionnement, d\u00e9marches | Mes-Allocs.fr<\/title>\n<meta name=\"description\" content=\"Avenir\u2019 Pro est un accompagnement \u00e0 l\u2019insertion pour les \u00e9l\u00e8ves en CAP et Bac pro, avec France Travail et les missions locales.\" \/>\n<meta name=\"robots\" content=\"index, follow, max-snippet:-1, max-image-preview:large, max-video-preview:-1\" \/>\n<link rel=\"canonical\" href=\"https:\/\/www.mes-allocs.fr\/guides\/chomage\/avenir-pro\/\" \/>\n<meta property=\"og:locale\" content=\"fr_FR\" \/>\n<meta property=\"og:type\" content=\"article\" \/>\n<meta property=\"og:title\" content=\"Avenir\u2019 Pro : conditions, fonctionnement, d\u00e9marches | Mes-Allocs.fr\" \/>\n<meta property=\"og:description\" content=\"Avenir\u2019 Pro est un accompagnement \u00e0 l\u2019insertion pour les \u00e9l\u00e8ves en CAP et Bac pro, avec France Travail et les missions locales.\" \/>\n<meta property=\"og:url\" content=\"https:\/\/www.mes-allocs.fr\/guides\/chomage\/avenir-pro\/\" \/>\n<meta property=\"og:site_name\" content=\"Mes-Allocs.fr\" \/>\n<meta property=\"article:published_time\" content=\"2025-05-21T14:24:27+00:00\" \/>\n<meta property=\"article:modified_time\" content=\"2026-04-22T07:33:11+00:00\" \/>\n<meta property=\"og:image\" content=\"https:\/\/www.mes-allocs.fr\/guides\/wp-content\/uploads\/2025\/05\/avenir-pro.jpg?wsr\" \/>\n\t<meta property=\"og:image:width\" content=\"1280\" \/>\n\t<meta property=\"og:image:height\" content=\"853\" \/>\n<meta name=\"twitter:card\" content=\"summary_large_image\" \/>\n<script type=\"application\/ld+json\" class=\"yoast-schema-graph\">{\"@context\":\"https:\/\/schema.org\",\"@graph\":[{\"@type\":\"WebSite\",\"@id\":\"https:\/\/www.mes-allocs.fr\/guides\/#website\",\"url\":\"https:\/\/www.mes-allocs.fr\/guides\/\",\"name\":\"Mes-Allocs.fr\",\"description\":\"\",\"potentialAction\":[{\"@type\":\"SearchAction\",\"target\":\"https:\/\/www.mes-allocs.fr\/guides\/?s={search_term_string}\",\"query-input\":\"required name=search_term_string\"}],\"inLanguage\":\"fr-FR\"},{\"@type\":\"ImageObject\",\"@id\":\"https:\/\/www.mes-allocs.fr\/guides\/chomage\/avenir-pro\/#primaryimage\",\"inLanguage\":\"fr-FR\",\"url\":\"https:\/\/www.mes-allocs.fr\/guides\/wp-content\/uploads\/2025\/05\/avenir-pro.jpg?wsr\",\"width\":1280,\"height\":853,\"caption\":\"avenir pro\"},{\"@type\":\"WebPage\",\"@id\":\"https:\/\/www.mes-allocs.fr\/guides\/chomage\/avenir-pro\/#webpage\",\"url\":\"https:\/\/www.mes-allocs.fr\/guides\/chomage\/avenir-pro\/\",\"name\":\"Avenir\\u2019 Pro : conditions, fonctionnement, d\\u00e9marches | Mes-Allocs.fr\",\"isPartOf\":{\"@id\":\"https:\/\/www.mes-allocs.fr\/guides\/#website\"},\"primaryImageOfPage\":{\"@id\":\"https:\/\/www.mes-allocs.fr\/guides\/chomage\/avenir-pro\/#primaryimage\"},\"datePublished\":\"2025-05-21T14:24:27+00:00\",\"dateModified\":\"2026-04-22T07:33:11+00:00\",\"author\":{\"@id\":\"https:\/\/www.mes-allocs.fr\/guides\/#\/schema\/person\/4f115680446d9e6de360142157ca671d\"},\"description\":\"Avenir\\u2019 Pro est un accompagnement \\u00e0 l\\u2019insertion pour les \\u00e9l\\u00e8ves en CAP et Bac pro, avec France Travail et les missions locales.\",\"inLanguage\":\"fr-FR\"},{\"@type\":\"Person\",\"@id\":\"https:\/\/www.mes-allocs.fr\/guides\/#\/schema\/person\/4f115680446d9e6de360142157ca671d\",\"name\":\"Miangaly Ramasindray\",\"image\":{\"@type\":\"ImageObject\",\"@id\":\"https:\/\/www.mes-allocs.fr\/guides\/#personlogo\",\"inLanguage\":\"fr-FR\",\"url\":\"https:\/\/www.mes-allocs.fr\/guides\/wp-content\/uploads\/2024\/10\/Miangaly_Ramasindray-150x150.jpeg\",\"caption\":\"Miangaly Ramasindray\"},\"description\":\"Miangaly est r\\u00e9dactrice web sp\\u00e9cialis\\u00e9e sur les sujets de pouvoir d'achat. Elle rejoint Mes Allocs en 2024 apr\\u00e8s une premi\\u00e8re exp\\u00e9rience en marketing chez DMI.\",\"sameAs\":[\"https:\/\/www.linkedin.com\/in\/miangaly-ramasindray\/\"]}]}<\/script>\n<!-- \/ Yoast SEO plugin. -->","amp_validity":null,"acf":{"faq":{"1":{"question":"C'est quoi un avenir professionnel ?","answer":"L\u2019avenir professionnel est ce que vous souhaitez faire plus tard comme m\u00e9tier ou carri\u00e8re et comment vous vous projettez dans le monde du travail."},"2":{"question":"Qu'est-ce que le dispositif Avenir Pro ?","answer":"Le dispositif Avenir Pro est un programme qui aide les \u00e9l\u00e8ves de lyc\u00e9es professionnels \u00e0 pr\u00e9parer leur entr\u00e9e dans la vie active, gr\u00e2ce \u00e0 des ateliers, des conseils et un accompagnement personnalis\u00e9 pour trouver un emploi ou une formation adapt\u00e9e."},"3":{"question":"Quel est le m\u00e9tier qui a le plus d'avenir ?","answer":"Les m\u00e9tiers qui ont le plus d\u2019avenir sont souvent ceux li\u00e9s au num\u00e9rique, \u00e0 la sant\u00e9, \u00e0 l\u2019environnement ou \u00e0 la technologie, car ils recrutent beaucoup et \u00e9voluent avec la soci\u00e9t\u00e9."},"4":{"question":"Comment parler de son avenir professionnel ?","answer":"Pour parler de votre avenir professionnel, expliquez ce que vous aimerez faire, ce qui vous int\u00e9resse, les comp\u00e9tences que vous voulez d\u00e9velopper et les objectifs que vous vous fix\u00e9s pour r\u00e9ussir dans ton futur m\u00e9tier."},"5":{"question":"Comment imaginer son avenir professionnel ?","answer":"Pour imaginer votre avenir professionnel, r\u00e9fl\u00e9chissez \u00e0 ce que vous aimez, \u00e0 vous points forts, \u00e0 ce qui vous motive, puis renseignez-vous sur les m\u00e9tiers possibles et fixez-vous des objectifs pour avancer \u00e9tape par \u00e9tape."},"6":{"question":"Comment parlez-vous de votre future carri\u00e8re ?","answer":"Pour parler de votre future carri\u00e8re, d\u00e9crivez le domaine ou le m\u00e9tier qui vous attire, les raisons de votre choix, les qualit\u00e9s que vous voulez mettre en avant et ce que vous comptez faire pour atteindre vos objectifs professionnels. "},"7":{"question":"","answer":""},"8":{"question":"","answer":""},"9":{"question":"","answer":""},"10":{"question":"","answer":""},"11":{"question":"","answer":""},"12":{"question":"","answer":""},"13":{"question":"","answer":""},"14":{"question":"","answer":""},"15":{"question":"","answer":""},"16":{"question":"","answer":""}}},"_links":{"self":[{"href":"https:\/\/www.mes-allocs.fr\/guides\/wp-json\/wp\/v2\/posts\/99516","targetHints":{"allow":["GET"]}}],"collection":[{"href":"https:\/\/www.mes-allocs.fr\/guides\/wp-json\/wp\/v2\/posts"}],"about":[{"href":"https:\/\/www.mes-allocs.fr\/guides\/wp-json\/wp\/v2\/types\/post"}],"author":[{"embeddable":true,"href":"https:\/\/www.mes-allocs.fr\/guides\/wp-json\/wp\/v2\/users\/31"}],"replies":[{"embeddable":true,"href":"https:\/\/www.mes-allocs.fr\/guides\/wp-json\/wp\/v2\/comments?post=99516"}],"version-history":[{"count":3,"href":"https:\/\/www.mes-allocs.fr\/guides\/wp-json\/wp\/v2\/posts\/99516\/revisions"}],"predecessor-version":[{"id":99538,"href":"https:\/\/www.mes-allocs.fr\/guides\/wp-json\/wp\/v2\/posts\/99516\/revisions\/99538"}],"wp:featuredmedia":[{"embeddable":true,"href":"https:\/\/www.mes-allocs.fr\/guides\/wp-json\/wp\/v2\/media\/99518"}],"wp:attachment":[{"href":"https:\/\/www.mes-allocs.fr\/guides\/wp-json\/wp\/v2\/media?parent=99516"}],"wp:term":[{"taxonomy":"category","embeddable":true,"href":"https:\/\/www.mes-allocs.fr\/guides\/wp-json\/wp\/v2\/categories?post=99516"},{"taxonomy":"post_tag","embeddable":true,"href":"https:\/\/www.mes-allocs.fr\/guides\/wp-json\/wp\/v2\/tags?post=99516"}],"curies":[{"name":"wp","href":"https:\/\/api.w.org\/{rel}","templated":true}]}}