{"id":99450,"date":"2025-05-20T15:54:01","date_gmt":"2025-05-20T13:54:01","guid":{"rendered":"https:\/\/www.mes-allocs.fr\/guides\/?p=99450"},"modified":"2026-04-22T08:33:12","modified_gmt":"2026-04-22T07:33:12","slug":"lettre-demande-avance-13eme-mois","status":"publish","type":"post","link":"https:\/\/www.mes-allocs.fr\/guides\/aides-sociales\/prime-13e-mois\/versement-13e-mois\/acompte-13e-mois\/lettre-demande-avance-13eme-mois\/","title":{"rendered":"Lettre de demande d&rsquo;avance sur le 13\u00e8me mois : conditions et mod\u00e8le"},"content":{"rendered":"<p><img loading=\"lazy\" decoding=\"async\" class=\"alignnone wp-image-99451\" title=\"avance sur eme mois lettre\" src=\"https:\/\/www.mes-allocs.fr\/guides\/wp-content\/uploads\/2025\/05\/avance-sur-13eme-mois-lettre-e1747748919116-300x61.jpg\" alt=\"avance sur eme mois lettre\" width=\"1357\" height=\"276\" srcset=\"https:\/\/www.mes-allocs.fr\/guides\/wp-content\/uploads\/2025\/05\/avance-sur-13eme-mois-lettre-e1747748919116-300x61.jpg 300w, https:\/\/www.mes-allocs.fr\/guides\/wp-content\/uploads\/2025\/05\/avance-sur-13eme-mois-lettre-e1747748919116-1024x207.jpg 1024w, https:\/\/www.mes-allocs.fr\/guides\/wp-content\/uploads\/2025\/05\/avance-sur-13eme-mois-lettre-e1747748919116-768x155.jpg 768w, https:\/\/www.mes-allocs.fr\/guides\/wp-content\/uploads\/2025\/05\/avance-sur-13eme-mois-lettre-e1747748919116-600x121.jpg 600w, https:\/\/www.mes-allocs.fr\/guides\/wp-content\/uploads\/2025\/05\/avance-sur-13eme-mois-lettre-e1747748919116.jpg 1280w\" sizes=\"auto, (max-width: 1357px) 100vw, 1357px\" \/><\/p>\n<p>[Mis \u00e0 jour le 09\/04\/2026] L\u2019<a href=\"https:\/\/www.mes-allocs.fr\/guides\/aides-sociales\/prime-13e-mois\/versement-13e-mois\/acompte-13e-mois\/\">acompte du 13\u00e8me mois<\/a> peut permettre de face aux d\u00e9penses des salari\u00e9s. Cela permet de toucher une partie de la prime avant la date pr\u00e9vue. Dans cet article, d\u00e9couvrez comment r\u00e9diger une <b>lettre de demande d\u2019avance sur le 13\u00e8me mois<\/b>, comment cela fonctionne et dans quels cas il est possible de faire une demande d\u2019avance.<\/p>\n<p class=\"p1\"><div class='cta-block'><div class='text'>Simulez toutes vos Aides en 2 min.<\/div><a href='https:\/\/www.mes-allocs.fr\/ab-app?origin=guides\/wp-json\/wp\/v2\/posts\/99450' class='app-button fit'>Simulation gratuite<\/a><\/div><\/p>\n<h1>Pourquoi demander une avance sur le 13\u00e8me mois ?<\/h1>\n<h2>Qu\u2019est-ce que l\u2019avance sur 13\u00e8me mois ?<\/h2>\n<p>L\u2019avance sur 13\u00e8me mois est une somme vers\u00e9e par l\u2019employeur<b> avant la date habituelle de versement de la prime annuelle<\/b>, correspondant \u00e0 une partie du 13\u00e8me mois calcul\u00e9e au prorata du temps d\u00e9j\u00e0 travaill\u00e9 dans l\u2019ann\u00e9e. Cette avance permet au salari\u00e9 d\u2019obtenir une partie de cette gratification plus t\u00f4t, sans modifier le montant total de la prime due sur l\u2019ann\u00e9e.<\/p>\n<h2>Dans quel cas peut-on faire une demande d\u2019avance sur 13\u00e8me mois ?<\/h2>\n<p>On peut demander une avance sur le 13\u00e8me mois lorsque <b>la prime est calcul\u00e9e en fonction du temps d\u00e9j\u00e0 travaill\u00e9 <\/b>et que cette avance <b>ne d\u00e9pend pas d\u2019une pr\u00e9sence effective<\/b> \u00e0 une date pr\u00e9cise. Par exemple, un salari\u00e9 peut demander une avance \u00e0 la moiti\u00e9 de l\u2019ann\u00e9e sur la partie du 13\u00e8me mois acquise jusqu\u2019\u00e0 cette date. Cependant, l\u2019employeur peut refuser cette avance car elle n\u2019est pas obligatoire. Certaines entreprises proposent aussi une avance syst\u00e9matique en novembre.<\/p>\n<h1>Quelles sont les conditions pour obtenir une avance sur le 13\u00e8me mois ?<\/h1>\n<p>Pour obtenir une avance sur le 13\u00e8me mois, il faut que la prime soit due, c\u2019est-\u00e0-dire que le salari\u00e9 ait <b>d\u00e9j\u00e0 acquis une partie du 13\u00e8me mois au prorata<\/b> de son temps de pr\u00e9sence effectif dans l\u2019entreprise \u00e0 la date de la demande. L\u2019avance ne peut pas d\u00e9passer la r\u00e9mun\u00e9ration acquise \u00e0 ce moment-l\u00e0 et son montant est calcul\u00e9 en fonction des mois d\u00e9j\u00e0 travaill\u00e9s dans l\u2019ann\u00e9e.<\/p>\n<p>Comme mentionn\u00e9 pr\u00e9c\u00e9demment, l\u2019employeur <b>n\u2019est pas oblig\u00e9 d\u2019accorder l\u2019avance<\/b>. Il peut la refuser, sauf si un accord collectif ou un usage dans l\u2019entreprise pr\u00e9voit cette possibilit\u00e9. Certaines absences non assimil\u00e9es \u00e0 du temps de travail effectif (cong\u00e9 sans solde, maladie non indemnis\u00e9e ou gr\u00e8ve) peuvent r\u00e9duire le montant de l\u2019avance, tandis que d\u2019autres (cong\u00e9 maternit\u00e9\/paternit\u00e9, adoption) sont g\u00e9n\u00e9ralement prises en compte comme du temps de pr\u00e9sence.<\/p>\n<p class=\"p1\"><div class='cta-block'><div class='text'>Simulez toutes vos Aides en 2 min.<\/div><a href='https:\/\/www.mes-allocs.fr\/ab-app?origin=guides\/wp-json\/wp\/v2\/posts\/99450' class='app-button fit'>Simulation gratuite<\/a><\/div><\/p>\n<h1>Comment r\u00e9diger une lettre de demande d\u2019avance sur le 13\u00e8me mois ?<\/h1>\n<h2>Quelles informations inclure dans la lettre ?<\/h2>\n<p>Les informations \u00e0 inclure dans la lettre sont les suivantes :<\/p>\n<ul>\n<li aria-level=\"1\">Votre nom, votre pr\u00e9nom, votre adresse et vos coordonn\u00e9es<\/li>\n<li aria-level=\"1\">Le nom et l\u2019adresse de l\u2019employeur<\/li>\n<li aria-level=\"1\">La date et le lieu de r\u00e9daction<\/li>\n<li aria-level=\"1\">L\u2019objet de la demande<\/li>\n<li aria-level=\"1\">Votre poste et votre date d\u2019entr\u00e9e dans l\u2019entreprise<\/li>\n<li aria-level=\"1\">Le montant souhait\u00e9 et la p\u00e9riode concern\u00e9e<\/li>\n<li aria-level=\"1\">Les raisons de votre demande<\/li>\n<li aria-level=\"1\">Une formule de politesse et votre signature<\/li>\n<\/ul>\n<h2>Mod\u00e8le de lettre de demande d\u2019avance sur le 13\u00e8me mois<\/h2>\n<div style=\"display: table; width: 100%; background-color: #f2f7fc; padding: 50px; border-radius: 10px;\">\n<div style=\"display: table-row;\">\n<div style=\"display: table-cell; width: 50%;\">\n<p style=\"margin: 0;\">Nom Pr\u00e9nom<\/p>\n<p style=\"margin: 0;\">Adresse<\/p>\n<p style=\"margin: 0;\">Code postal \/ Ville<\/p>\n<\/div>\n<div style=\"display: table-cell; width: 50%; text-align: right;\">\n<p style=\"margin: 0;\">Nom de l\u2019employeur<\/p>\n<p style=\"margin: 0;\">Adresse<\/p>\n<p style=\"margin: 0;\">Code postal \/ Ville<\/p>\n<p style=\"margin: 0;\">Fait \u00e0 [Ville], le [Date]<\/p>\n<\/div>\n<\/div>\n<div style=\"display: table-row;\">\n<div style=\"display: table-cell; width: 100%; text-align: center; margin-top: 20px;\">\n<p style=\"font-weight: bold; margin-top: 20px; text-align: left;\">Demande d\u2019avance sur le 13\u1d49 mois<\/p>\n<\/div>\n<\/div>\n<div style=\"display: table-row;\">\n<div style=\"display: table-cell; width: 100%;\">\n<p style=\"margin-top: 20px;\">Madame, Monsieur,<\/p>\n<p style=\"margin-top: 10px;\">Salari\u00e9(e) de votre entreprise depuis le <b>[date d\u2019entr\u00e9e]<\/b>, au poste de <b>[votre poste]<\/b>, je sollicite par la pr\u00e9sente une avance sur ma prime de 13\u1d49 mois.<\/p>\n<p style=\"margin-top: 10px;\">En effet, <b>[expliquez bri\u00e8vement la raison, par exemple : \u00ab je dois faire face \u00e0 une d\u00e9pense impr\u00e9vue \u00bb]<\/b>. Je souhaiterais b\u00e9n\u00e9ficier d\u2019une avance d\u2019un montant de <b>[montant souhait\u00e9]<\/b>, correspondant \u00e0 la partie acquise de ma prime de 13\u1d49 mois \u00e0 ce jour.<\/p>\n<p style=\"margin-top: 10px;\">Je reste \u00e0 votre disposition pour toute information compl\u00e9mentaire et pour convenir des modalit\u00e9s de remboursement si n\u00e9cessaire.<\/p>\n<p style=\"margin-top: 10px;\">Je vous prie d\u2019agr\u00e9er, Madame, Monsieur, l\u2019expression de mes salutations distingu\u00e9es.<\/p>\n<p style=\"margin-top: 20px;\"><b>[Signature]<\/b><\/p>\n<p style=\"margin: 0;\"><b>Nom Pr\u00e9nom<\/b><\/p>\n<\/div>\n<\/div>\n<\/div>\n<h1>Quelles d\u00e9marches pour faire la demande d\u2019avance sur le 13\u00e8me mois ?<\/h1>\n<h2>\u00c0 qui adresser la demande d\u2019avance sur le 13\u00e8me mois ?<\/h2>\n<p>La demande d\u2019avance sur le 13\u00e8me mois doit \u00eatre adress\u00e9e \u00e0 votre employeur, g\u00e9n\u00e9ralement au service des ressources humaines ou \u00e0 votre responsable hi\u00e9rarchique. C\u2019est \u00e0 eux que revient la d\u00e9cision d\u2019accorder ou non cette avance, qui d\u00e9pend des r\u00e8gles internes de l\u2019entreprise, des accords collectifs ou de la convention applicable<\/p>\n<h2>Sous quelle forme envoyer la lettre de demande d\u2019avance sur le 13\u00e8me mois ?<\/h2>\n<p>Il est recommand\u00e9 d\u2019envoyer votre lettre de demande d\u2019avance sur le 13\u00e8me mois par \u00e9crit. Vous pouvez faire un<b> courrier postal,<\/b> id\u00e9alement <b>en recommand\u00e9 avec accus\u00e9 de r\u00e9ception <\/b>pour avoir une preuve de l\u2019envoi et de la r\u00e9ception par l\u2019employeur. Cette m\u00e9thode est \u00e0 privil\u00e9gier si votre entreprise est de grande taille ou si vous souhaitez formaliser la demande.<\/p>\n<p>Alternativement, l\u2019<b>envoi par email <\/b>au service des ressources humaines ou \u00e0 votre responsable hi\u00e9rarchique est aussi accept\u00e9 dans la plupart des entreprises, \u00e0 condition de conserver une copie du message envoy\u00e9 et de demander un accus\u00e9 de r\u00e9ception. Privil\u00e9gier l\u2019\u00e9crit permet d\u2019\u00e9viter toute contestation ult\u00e9rieure et d\u2019assurer un suivi de votre demande, surtout celle-ci doit \u00eatre trait\u00e9e dans un d\u00e9lai pr\u00e9cis ou fait l\u2019objet d\u2019une proc\u00e9dure interne.<\/p>\n<h2>Quel d\u00e9lai de r\u00e9ponse ?<\/h2>\n<p>Il n\u2019existe <b>pas de d\u00e9lai l\u00e9gal impos\u00e9<\/b> pour la r\u00e9ponse \u00e0 une demande d\u2019avance sur le 13\u00e8me mois car le traitement d\u00e9pend des pratiques internes de chaque entreprise. Certaines entreprises peuvent r\u00e9pondre en quelques jours, tandis que d\u2019autres prennent plusieurs semaines. Il est donc conseill\u00e9 de s\u2019informer aupr\u00e8s de son service RH ou de consulter la convention collective pour conna\u00eetre les d\u00e9lais habituellement appliqu\u00e9s dans votre structure. En l\u2019absence de r\u00e9ponse apr\u00e8s un d\u00e9lai raisonnable, vous pouvez relancer l\u2019employeur pour obtenir un retour sur votre demande.<\/p>\n<div class='shortcode summary'><div class='title'>En r\u00e9sum\u00e9 :<\/div><div class='content'><ul><li>L&rsquo;avance sur le 13\u00e8me mois permet de percevoir plus t\u00f4t une partie d\u00e9j\u00e0 acquise de la prime annuelle, sans en modifier le montant total<\/li><li>Elle n\u2019est pas automatique et l\u2019accord de l\u2019employeur est n\u00e9cessaire, sauf disposition dans un accord ou un usage d\u2019entreprise<\/li><li>Une demande bien formul\u00e9e et justifi\u00e9e, adress\u00e9e au bon interlocuteur, augmente les chances d\u2019obtention.<\/li><\/ul><\/div><\/div>\n<p class=\"p1\"><div class='cta-block'><div class='text'>Simulez toutes vos Aides en 2 min.<\/div><a href='https:\/\/www.mes-allocs.fr\/ab-app?origin=guides\/wp-json\/wp\/v2\/posts\/99450' class='app-button fit'>Simulation gratuite<\/a><\/div><\/p>\n","protected":false},"excerpt":{"rendered":"<p>[Mis \u00e0 jour le 09\/04\/2026] L\u2019acompte du 13\u00e8me mois peut permettre de face aux d\u00e9penses des salari\u00e9s. Cela permet de toucher une partie de la prime avant la date pr\u00e9vue. Dans cet article, d\u00e9couvrez comment r\u00e9diger une lettre de demande d\u2019avance sur le 13\u00e8me mois, comment cela fonctionne et dans quels cas il est possible [&hellip;]<\/p>\n","protected":false},"author":31,"featured_media":99452,"comment_status":"open","ping_status":"open","sticky":false,"template":"","format":"standard","meta":{"amp_status":"","footnotes":""},"categories":[52847,1411,43999,44389],"tags":[],"class_list":["post-99450","post","type-post","status-publish","format-standard","has-post-thumbnail","hentry","category-acompte-13e-mois","category-aides-sociales","category-prime-13e-mois","category-versement-13e-mois"],"yoast_head":"<!-- This site is optimized with the Yoast SEO plugin v14.9 - https:\/\/yoast.com\/wordpress\/plugins\/seo\/ -->\n<title>Lettre demande d&#039;avance sur 13\u00e8me mois : guide et mod\u00e8le | Mes-Allocs.fr<\/title>\n<meta name=\"description\" content=\"D\u00e9couvrez comment demander une avance sur votre 13\u1d49 mois, les conditions \u00e0 remplir et un mod\u00e8le de lettre \u00e0 personnaliser.\" \/>\n<meta name=\"robots\" content=\"index, follow, max-snippet:-1, max-image-preview:large, max-video-preview:-1\" \/>\n<link rel=\"canonical\" href=\"https:\/\/www.mes-allocs.fr\/guides\/aides-sociales\/prime-13e-mois\/versement-13e-mois\/acompte-13e-mois\/lettre-demande-avance-13eme-mois\/\" \/>\n<meta property=\"og:locale\" content=\"fr_FR\" \/>\n<meta property=\"og:type\" content=\"article\" \/>\n<meta property=\"og:title\" content=\"Lettre demande d&#039;avance sur 13\u00e8me mois : guide et mod\u00e8le | Mes-Allocs.fr\" \/>\n<meta property=\"og:description\" content=\"D\u00e9couvrez comment demander une avance sur votre 13\u1d49 mois, les conditions \u00e0 remplir et un mod\u00e8le de lettre \u00e0 personnaliser.\" \/>\n<meta property=\"og:url\" content=\"https:\/\/www.mes-allocs.fr\/guides\/aides-sociales\/prime-13e-mois\/versement-13e-mois\/acompte-13e-mois\/lettre-demande-avance-13eme-mois\/\" \/>\n<meta property=\"og:site_name\" content=\"Mes-Allocs.fr\" \/>\n<meta property=\"article:published_time\" content=\"2025-05-20T13:54:01+00:00\" \/>\n<meta property=\"article:modified_time\" content=\"2026-04-22T07:33:12+00:00\" \/>\n<meta property=\"og:image\" content=\"https:\/\/www.mes-allocs.fr\/guides\/wp-content\/uploads\/2025\/05\/lettre-demande-avance-sur-13eme-mois.jpg?wsr\" \/>\n\t<meta property=\"og:image:width\" content=\"1280\" \/>\n\t<meta property=\"og:image:height\" content=\"851\" \/>\n<meta name=\"twitter:card\" content=\"summary_large_image\" \/>\n<script type=\"application\/ld+json\" class=\"yoast-schema-graph\">{\"@context\":\"https:\/\/schema.org\",\"@graph\":[{\"@type\":\"WebSite\",\"@id\":\"https:\/\/www.mes-allocs.fr\/guides\/#website\",\"url\":\"https:\/\/www.mes-allocs.fr\/guides\/\",\"name\":\"Mes-Allocs.fr\",\"description\":\"\",\"potentialAction\":[{\"@type\":\"SearchAction\",\"target\":\"https:\/\/www.mes-allocs.fr\/guides\/?s={search_term_string}\",\"query-input\":\"required name=search_term_string\"}],\"inLanguage\":\"fr-FR\"},{\"@type\":\"ImageObject\",\"@id\":\"https:\/\/www.mes-allocs.fr\/guides\/aides-sociales\/prime-13e-mois\/versement-13e-mois\/acompte-13e-mois\/lettre-demande-avance-13eme-mois\/#primaryimage\",\"inLanguage\":\"fr-FR\",\"url\":\"https:\/\/www.mes-allocs.fr\/guides\/wp-content\/uploads\/2025\/05\/lettre-demande-avance-sur-13eme-mois.jpg?wsr\",\"width\":1280,\"height\":851,\"caption\":\"lettre demande avance sur eme mois\"},{\"@type\":\"WebPage\",\"@id\":\"https:\/\/www.mes-allocs.fr\/guides\/aides-sociales\/prime-13e-mois\/versement-13e-mois\/acompte-13e-mois\/lettre-demande-avance-13eme-mois\/#webpage\",\"url\":\"https:\/\/www.mes-allocs.fr\/guides\/aides-sociales\/prime-13e-mois\/versement-13e-mois\/acompte-13e-mois\/lettre-demande-avance-13eme-mois\/\",\"name\":\"Lettre demande d'avance sur 13\\u00e8me mois : guide et mod\\u00e8le | Mes-Allocs.fr\",\"isPartOf\":{\"@id\":\"https:\/\/www.mes-allocs.fr\/guides\/#website\"},\"primaryImageOfPage\":{\"@id\":\"https:\/\/www.mes-allocs.fr\/guides\/aides-sociales\/prime-13e-mois\/versement-13e-mois\/acompte-13e-mois\/lettre-demande-avance-13eme-mois\/#primaryimage\"},\"datePublished\":\"2025-05-20T13:54:01+00:00\",\"dateModified\":\"2026-04-22T07:33:12+00:00\",\"author\":{\"@id\":\"https:\/\/www.mes-allocs.fr\/guides\/#\/schema\/person\/4f115680446d9e6de360142157ca671d\"},\"description\":\"D\\u00e9couvrez comment demander une avance sur votre 13\\u1d49 mois, les conditions \\u00e0 remplir et un mod\\u00e8le de lettre \\u00e0 personnaliser.\",\"inLanguage\":\"fr-FR\"},{\"@type\":\"Person\",\"@id\":\"https:\/\/www.mes-allocs.fr\/guides\/#\/schema\/person\/4f115680446d9e6de360142157ca671d\",\"name\":\"Miangaly Ramasindray\",\"image\":{\"@type\":\"ImageObject\",\"@id\":\"https:\/\/www.mes-allocs.fr\/guides\/#personlogo\",\"inLanguage\":\"fr-FR\",\"url\":\"https:\/\/www.mes-allocs.fr\/guides\/wp-content\/uploads\/2024\/10\/Miangaly_Ramasindray-150x150.jpeg\",\"caption\":\"Miangaly Ramasindray\"},\"description\":\"Miangaly est r\\u00e9dactrice web sp\\u00e9cialis\\u00e9e sur les sujets de pouvoir d'achat. Elle rejoint Mes Allocs en 2024 apr\\u00e8s une premi\\u00e8re exp\\u00e9rience en marketing chez DMI.\",\"sameAs\":[\"https:\/\/www.linkedin.com\/in\/miangaly-ramasindray\/\"]}]}<\/script>\n<!-- \/ Yoast SEO plugin. -->","amp_validity":null,"acf":{"faq":{"1":{"question":"Y a-t-il des risques associ\u00e9s \u00e0 une demande d'avance ?","answer":"Oui, le principal risque est de d\u00e9s\u00e9quilibrer votre budget du mois suivant, puisque votre salaire sera r\u00e9duit du montant de l'avance. Cela peut cr\u00e9er un cycle o\u00f9 vous d\u00e9pendez des avances.\r\n\r\n"},"2":{"question":"Mon employeur est-il oblig\u00e9 d'accepter ma demande d'avance ?","answer":"Non, en France, l'employeur n'a aucune obligation l\u00e9gale d'accorder une avance sur salaire, sauf disposition contraire dans votre convention collective ou un accord d'entreprise."},"3":{"question":"Comment puis-je demander une avance pour le 13\u00e8me mois ?","answer":"Vous devez adresser une demande \u00e9crite \u00e0 votre employeur en pr\u00e9cisant que vous souhaitez un acompte sur votre prime de 13\u00e8me mois. "},"4":{"question":"Comment calculer le montant d'un acompte pour le 13\u00e8me mois ?","answer":"Le montant se calcule au prorata temporis : on divise votre salaire mensuel brut par 12, puis on multiplie par le nombre de mois travaill\u00e9s dans l\u2019ann\u00e9e. L\u2019avance demand\u00e9e ne peut pas d\u00e9passer ce montant."},"5":{"question":"Comment se passe le 13\u00e8me mois ?","answer":"Le 13\u00e8me mois est une prime vers\u00e9e en g\u00e9n\u00e9ral en fin d\u2019ann\u00e9e, \u00e9quivalente \u00e0 un mois de salaire brut. Il peut \u00eatre vers\u00e9 en une fois, en plusieurs acomptes, ou liss\u00e9 sur les 12 mois. Son montant est souvent ajust\u00e9 selon votre temps de pr\u00e9sence effective dans l\u2019entreprise.\r\n\r\n"},"6":{"question":"Est-ce que le 13e mois est imposable ?","answer":"Oui, le 13\u00e8me mois est consid\u00e9r\u00e9 comme un compl\u00e9ment de salaire. Il est soumis aux cotisations sociales et \u00e0 l\u2019imp\u00f4t sur le revenu, au m\u00eame titre que votre salaire habituel."},"7":{"question":"","answer":""},"8":{"question":"","answer":""},"9":{"question":"","answer":""},"10":{"question":"","answer":""},"11":{"question":"","answer":""},"12":{"question":"","answer":""},"13":{"question":"","answer":""},"14":{"question":"","answer":""},"15":{"question":"","answer":""},"16":{"question":"","answer":""}}},"_links":{"self":[{"href":"https:\/\/www.mes-allocs.fr\/guides\/wp-json\/wp\/v2\/posts\/99450","targetHints":{"allow":["GET"]}}],"collection":[{"href":"https:\/\/www.mes-allocs.fr\/guides\/wp-json\/wp\/v2\/posts"}],"about":[{"href":"https:\/\/www.mes-allocs.fr\/guides\/wp-json\/wp\/v2\/types\/post"}],"author":[{"embeddable":true,"href":"https:\/\/www.mes-allocs.fr\/guides\/wp-json\/wp\/v2\/users\/31"}],"replies":[{"embeddable":true,"href":"https:\/\/www.mes-allocs.fr\/guides\/wp-json\/wp\/v2\/comments?post=99450"}],"version-history":[{"count":4,"href":"https:\/\/www.mes-allocs.fr\/guides\/wp-json\/wp\/v2\/posts\/99450\/revisions"}],"predecessor-version":[{"id":111849,"href":"https:\/\/www.mes-allocs.fr\/guides\/wp-json\/wp\/v2\/posts\/99450\/revisions\/111849"}],"wp:featuredmedia":[{"embeddable":true,"href":"https:\/\/www.mes-allocs.fr\/guides\/wp-json\/wp\/v2\/media\/99452"}],"wp:attachment":[{"href":"https:\/\/www.mes-allocs.fr\/guides\/wp-json\/wp\/v2\/media?parent=99450"}],"wp:term":[{"taxonomy":"category","embeddable":true,"href":"https:\/\/www.mes-allocs.fr\/guides\/wp-json\/wp\/v2\/categories?post=99450"},{"taxonomy":"post_tag","embeddable":true,"href":"https:\/\/www.mes-allocs.fr\/guides\/wp-json\/wp\/v2\/tags?post=99450"}],"curies":[{"name":"wp","href":"https:\/\/api.w.org\/{rel}","templated":true}]}}