{"id":99443,"date":"2025-05-20T14:12:45","date_gmt":"2025-05-20T12:12:45","guid":{"rendered":"https:\/\/www.mes-allocs.fr\/guides\/?p=99443"},"modified":"2026-04-22T08:33:12","modified_gmt":"2026-04-22T07:33:12","slug":"manpower-prime-13eme-mois","status":"publish","type":"post","link":"https:\/\/www.mes-allocs.fr\/guides\/aides-sociales\/prime-13e-mois\/conditions-13e-mois\/interim-13e-mois\/manpower-prime-13eme-mois\/","title":{"rendered":"Prime 13\u00e8me mois Manpower : conditions et d\u00e9marches"},"content":{"rendered":"<p><img loading=\"lazy\" decoding=\"async\" class=\"alignnone wp-image-99444\" title=\"manpower prime eme mois\" src=\"https:\/\/www.mes-allocs.fr\/guides\/wp-content\/uploads\/2025\/05\/manpower-prime-13eme-mois-e1747742867285-300x43.jpg\" alt=\"manpower prime eme mois\" width=\"1360\" height=\"195\" srcset=\"https:\/\/www.mes-allocs.fr\/guides\/wp-content\/uploads\/2025\/05\/manpower-prime-13eme-mois-e1747742867285-300x43.jpg 300w, https:\/\/www.mes-allocs.fr\/guides\/wp-content\/uploads\/2025\/05\/manpower-prime-13eme-mois-e1747742867285-1024x146.jpg 1024w, https:\/\/www.mes-allocs.fr\/guides\/wp-content\/uploads\/2025\/05\/manpower-prime-13eme-mois-e1747742867285-768x109.jpg 768w, https:\/\/www.mes-allocs.fr\/guides\/wp-content\/uploads\/2025\/05\/manpower-prime-13eme-mois-e1747742867285-600x85.jpg 600w\" sizes=\"auto, (max-width: 1360px) 100vw, 1360px\" \/><\/p>\n<p>[Mis \u00e0 jour le 31\/03\/2026] En tant qu&rsquo;int\u00e9rimaire, vous pouvez b\u00e9n\u00e9ficier d\u2019une prime de 13\u00e8me mois comme les salari\u00e9s permanents. Chez Manpower, ce <a href=\"https:\/\/www.mes-allocs.fr\/guides\/aides-sociales\/prime-13e-mois\/conditions-13e-mois\/interim-13e-mois\/\">13e mois pour les int\u00e9rimaires<\/a> peut \u00eatre accord\u00e9e sous certaines conditions. Il ne s\u2019agit pas d\u2019une aide sociale au sens strict, mais elle constitue un compl\u00e9ment de revenu. Dans cet article, d\u00e9couvrez les conditions de la <b>prime de 13\u00e8me mois chez Manpower<\/b>, le mode de calcul et les d\u00e9marches \u00e0 suivre pour savoir si vous pouvez en b\u00e9n\u00e9ficier.<\/p>\n<p class=\"p1\"><div class='cta-block'><div class='text'>Simulez vos aides en int\u00e9rim<\/div><a href='https:\/\/www.mes-allocs.fr\/ab-app?origin=guides\/wp-json\/wp\/v2\/posts\/99443' class='app-button fit'>Simulation gratuite<\/a><\/div><\/p>\n<h1>Qu\u2019est-ce que la prime de 13\u00e8me mois et pouvez-vous en b\u00e9n\u00e9ficier en tant qu\u2019int\u00e9rimaire chez Manpower ?<\/h1>\n<h2>\u00c0 quoi correspond la prime de 13\u00e8me mois en tant qu\u2019int\u00e9rimaire chez Manpower ?<\/h2>\n<p>En tant qu\u2019int\u00e9rimaire chez Manpower, la prime de 13\u00e8me mois correspond \u00e0 un <b>compl\u00e9ment de salaire<\/b> qui peut \u00eatre accord\u00e9 si l\u2019entreprise utilisatrice pr\u00e9voit ce dispositif pour ses salari\u00e9s permanents. Elle est alors <b>calcul\u00e9e au prorata du temps de pr\u00e9sence effectif sur l\u2019ann\u00e9e<\/b> et <b>vers\u00e9e par l\u2019agence d\u2019int\u00e9rim<\/b>, c\u2019est-\u00e0-dire Manpower.<\/p>\n<h2>La prime de 13\u00e8me mois est-elle automatique en tant qu\u2019int\u00e9rimaire chez Manpower ?<\/h2>\n<p>Non, la prime de 13\u00e8me mois <b>n\u2019est pas automatique<\/b> pour les int\u00e9rimaires chez ManPower car son versement d\u00e9pend des accords d\u2019entreprise, de la convention collective ou des usages de l\u2019entreprise utilisatrice. Comme mentionn\u00e9 pr\u00e9c\u00e9demment, l\u2019int\u00e9rimaire doit remplir les m\u00eames conditions que les salari\u00e9s permanents pour y pr\u00e9tendre et la prime est alors vers\u00e9e au prorata du temps travaill\u00e9s.<\/p>\n<h1>Quelles sont les conditions d\u2019attribution de la prime de 13\u00e8me mois en tant qu\u2019int\u00e9rimaire chez Manpower ?<\/h1>\n<h2>Quels int\u00e9rimaires Manpower peuvent b\u00e9n\u00e9ficier du 13\u00e8me mois ?<\/h2>\n<p>Ainsi, les int\u00e9rimaires chez Manpower peuvent b\u00e9n\u00e9ficier de la prime de 13\u00e8me mois <b>si l\u2019entreprise utilisatrice accorde ce m\u00eame avantage \u00e0 ses salari\u00e9s permanents<\/b>, conform\u00e9ment \u00e0 la convention collective ou \u00e0 un accord d\u2019entreprise. L\u2019attribution de la prime d\u00e9pend donc des r\u00e8gles internes \u00e0 l\u2019entreprise o\u00f9 l&rsquo;int\u00e9rimaire effectue sa mission. Une condition d\u2019anciennet\u00e9 ou de pr\u00e9sence effective \u00e0 une date pr\u00e9cise peut aussi \u00eatre demand\u00e9e pour ouvrir droit \u00e0 la prime.<\/p>\n<h2>Quelles absences peuvent impacter le montant de la prime ?<\/h2>\n<p>Les absences qui ne sont<b> pas consid\u00e9r\u00e9es comme du temps de travail effectif<\/b>, comme les cong\u00e9s sans solde, les arr\u00eats maladie non indemnis\u00e9s ou les p\u00e9riodes de gr\u00e8ves, peuvent r\u00e9duire le montant de la prime de 13\u00e8me mois, si la convention collective ou l\u2019accord d\u2019entreprise le pr\u00e9voit de fa\u00e7on explicite. En revanche, les absences qui sont consid\u00e9r\u00e9es comme du temps de travail effectif n\u2019impacte pas la prime, sauf mention contraire dans les textes applicables. Si aucun texte pr\u00e9cise l\u2019incidence des absences, elles n\u2019ont alors aucun impact sur l&rsquo;attribution ou le montant de la prime de 13\u00e8me mois.<\/p>\n<h1>Comment est calcul\u00e9e la prime de 13\u00e8me mois pour les int\u00e9rimaires Manpower ?<\/h1>\n<h2>Sur quelle base se fait le calcul de la prime de 13\u00e8me mois ?<\/h2>\n<p>La prime de 13\u00e8me mois pour un int\u00e9rimaire Manpower se calcule g\u00e9n\u00e9ralement sur la <b>base du salaire brut total per\u00e7u<\/b> pendant les missions concern\u00e9es, divis\u00e9 par 12, puis proratis\u00e9 en fonction du temps de pr\u00e9sence effectif dans l\u2019entreprise utilisatrice. Selon les accords ou la convention collective, la base de calcul peut \u00eatre le salaire de base mensuel ou la moyenne des salaires bruts sur l\u2019ann\u00e9e, \u00e9ventuellement en incluant certaines primes variables.<\/p>\n<h2>Pouvez-vous simulez le montant de votre 13\u00e8me mois en tant qu\u2019int\u00e9rimaire ?<\/h2>\n<p>Oui, vous avez la possibilit\u00e9 de simuler le montant de votre 13\u00e8me mois gr\u00e2ce \u00e0 la formule suivante :<\/p>\n<p><b>Prime de 13\u00e8me mois = Salaire brut mensuel de r\u00e9f\u00e9rence x Nombre de mois travaill\u00e9s \/ 12<\/b><\/p>\n<p>Par exemple, si vous avez travaill\u00e9 8 mois avec salaire brut mensuel de 2000 \u20ac, la prise de 1333,33\u20ac car :<\/p>\n<p>2000 x 8\/12 = 1333,33 \u20ac<\/p>\n<p>Si des \u00e9l\u00e9ments variables sont inclus, il faut les rajouter au salaire de base avant d\u2019appliquer la formule.<\/p>\n<p class=\"p1\"><div class='cta-block'><div class='text'>Simulez vos aides en int\u00e9rim<\/div><a href='https:\/\/www.mes-allocs.fr\/ab-app?origin=guides\/wp-json\/wp\/v2\/posts\/99443' class='app-button fit'>Simulation gratuite<\/a><\/div><\/p>\n<h1>Quand et comment la prime de 13\u00e8me mois est-elle vers\u00e9e aux int\u00e9rimaires Manpower?<\/h1>\n<h2>\u00c0 quel moment recevez-vous le 13\u00e8me mois si vous \u00eates inscrit chez Manpower ?<\/h2>\n<p>La prime de 13\u00e8me mois pour les int\u00e9rimaires Manpower est g\u00e9n\u00e9ralement vers\u00e9e en une seule fois \u00e0 la fin de l\u2019ann\u00e9e, souvent avec le <b>salaire de d\u00e9cembre<\/b>, mais elle peuvent aussi \u00eatre vers\u00e9e <b>en plusieurs fois<\/b> ou \u00eatre <b>mensualis\u00e9e<\/b> et r\u00e9partie sur les 12 bulletins de salaire, selon les modalit\u00e9s d\u00e9finies par l\u2019entreprise utilisatrice et l\u2019agence d\u2019int\u00e9rim. C\u2019est toujours l&rsquo;agence d\u2019int\u00e9rim, donc Manpower, qui effectue le versement, m\u00eame si l\u2019attribution d\u00e9pend des r\u00e8gles de l\u2019entreprise o\u00f9 vous effectuez votre mission.<\/p>\n<h2>La prime de 13\u00e8me mois est-elle imposable ?<\/h2>\n<p>Oui, la prime de 13\u00e8me mois est imposable car elle est consid\u00e9r\u00e9e comme un compl\u00e9ment de salaire. Elle est donc soumise aux cotisations sociales et est int\u00e9gr\u00e9e dans le revenu imposable du salari\u00e9 pour le calcul de l\u2019imp\u00f4t sur le revenu. Le <b>pr\u00e9l\u00e8vement \u00e0 la source <\/b>s\u2019applique aussi sur cette prime au m\u00eame titre que sur le salaire habituel.<\/p>\n<h1>Pouvez-vous placer votre 13\u00e8me mois sur un Compte \u00c9pargne Temps chez Manpower ?<\/h1>\n<p>Oui, en tant qu\u2019int\u00e9rimaire chez Manpower, vous pouvez placer la totalit\u00e9 ou une partie de votre prime de 13\u00e8me mois sur votre <b>Compte \u00c9pargne Temps <\/b>(CET). Ce placement est libre et vous permet de b\u00e9n\u00e9ficier d\u2019un taux d\u2019int\u00e9r\u00eat attractif (8 % bruts annuels), ce qui valorise votre \u00e9pargne de fa\u00e7on s\u00e9curis\u00e9e.<\/p>\n<p>Le CET chez Manpower accepte plusieurs \u00e9l\u00e9ments de r\u00e9mun\u00e9ration, dont la prime de 13\u00e8me mois, la prime annuelle, la prime de vacances, les indemnit\u00e9s de fin de mission (hors CDI int\u00e9rimaire) et une partie des indemnit\u00e9s compensatrices de cong\u00e9s pay\u00e9s. Pour faire ce placement, il suffit de vous connecter \u00e0 votre espace int\u00e9rimaire Manpower, rubrique \u201cMa r\u00e9mun\u00e9ration\u201d puis \u201cMon compte \u00e9pargne temps\u201d et de choisir le montant \u00e0 verser depuis votre solde disponible.<\/p>\n<div class='shortcode summary'><div class='title'>En r\u00e9sum\u00e9 :<\/div><div class='content'><ul><li>En tant qu\u2019int\u00e9rimaire chez Manpower, vous ne b\u00e9n\u00e9ficiez de la prime 13\u00e8me mois que si l\u2019entreprise utilisatrice la pr\u00e9voit pour ses salari\u00e9s permanents. Son attribution d\u00e9pend des accords internes et elle est vers\u00e9e au prorata de votre temps de pr\u00e9sence.<\/li><li>La prime est calcul\u00e9e selon votre salaire brut et votre dur\u00e9e de mission.<\/li><li>Certaines absences peuvent impacter le montant, selon ce que pr\u00e9voit la convention collective.<\/li><li>Le 13\u00e8me mois peut \u00eatre vers\u00e9 en une seule fois ou de mani\u00e8re mensualis\u00e9e.<\/li><li>Vous avez la possibilit\u00e9 de placer votre 13\u00e8me mois sur un Compte \u00c9pargne Temps Manpower. <\/li><\/ul><\/div><\/div>\n<p class=\"p1\"><div class='cta-block'><div class='text'>Simulez vos aides en int\u00e9rim<\/div><a href='https:\/\/www.mes-allocs.fr\/ab-app?origin=guides\/wp-json\/wp\/v2\/posts\/99443' class='app-button fit'>Simulation gratuite<\/a><\/div><\/p>\n","protected":false},"excerpt":{"rendered":"<p>[Mis \u00e0 jour le 31\/03\/2026] En tant qu&rsquo;int\u00e9rimaire, vous pouvez b\u00e9n\u00e9ficier d\u2019une prime de 13\u00e8me mois comme les salari\u00e9s permanents. Chez Manpower, ce 13e mois pour les int\u00e9rimaires peut \u00eatre accord\u00e9e sous certaines conditions. Il ne s\u2019agit pas d\u2019une aide sociale au sens strict, mais elle constitue un compl\u00e9ment de revenu. Dans cet article, d\u00e9couvrez [&hellip;]<\/p>\n","protected":false},"author":31,"featured_media":99445,"comment_status":"open","ping_status":"open","sticky":false,"template":"","format":"standard","meta":{"amp_status":"","footnotes":""},"categories":[1411,44020,52840,43999],"tags":[],"class_list":["post-99443","post","type-post","status-publish","format-standard","has-post-thumbnail","hentry","category-aides-sociales","category-conditions-13e-mois","category-interim-13e-mois","category-prime-13e-mois"],"yoast_head":"<!-- This site is optimized with the Yoast SEO plugin v14.9 - https:\/\/yoast.com\/wordpress\/plugins\/seo\/ -->\n<title>Prime 13\u00e8me mois Manpower : conditions et d\u00e9marches | Mes-Allocs.fr<\/title>\n<meta name=\"description\" content=\"La prime de 13e mois est g\u00e9n\u00e9ralement vers\u00e9e en fin d&#039;ann\u00e9e. D\u00e9couvrez si vous pouvez en b\u00e9n\u00e9ficier en tant qu\u2019int\u00e9rimaire chez Manpower.\" \/>\n<meta name=\"robots\" content=\"index, follow, max-snippet:-1, max-image-preview:large, max-video-preview:-1\" \/>\n<link rel=\"canonical\" href=\"https:\/\/www.mes-allocs.fr\/guides\/aides-sociales\/prime-13e-mois\/conditions-13e-mois\/interim-13e-mois\/manpower-prime-13eme-mois\/\" \/>\n<meta property=\"og:locale\" content=\"fr_FR\" \/>\n<meta property=\"og:type\" content=\"article\" \/>\n<meta property=\"og:title\" content=\"Prime 13\u00e8me mois Manpower : conditions et d\u00e9marches | Mes-Allocs.fr\" \/>\n<meta property=\"og:description\" content=\"La prime de 13e mois est g\u00e9n\u00e9ralement vers\u00e9e en fin d&#039;ann\u00e9e. D\u00e9couvrez si vous pouvez en b\u00e9n\u00e9ficier en tant qu\u2019int\u00e9rimaire chez Manpower.\" \/>\n<meta property=\"og:url\" content=\"https:\/\/www.mes-allocs.fr\/guides\/aides-sociales\/prime-13e-mois\/conditions-13e-mois\/interim-13e-mois\/manpower-prime-13eme-mois\/\" \/>\n<meta property=\"og:site_name\" content=\"Mes-Allocs.fr\" \/>\n<meta property=\"article:published_time\" content=\"2025-05-20T12:12:45+00:00\" \/>\n<meta property=\"article:modified_time\" content=\"2026-04-22T07:33:12+00:00\" \/>\n<meta property=\"og:image\" content=\"https:\/\/www.mes-allocs.fr\/guides\/wp-content\/uploads\/2025\/05\/prime-13eme-mois-Manpower.jpg?wsr\" \/>\n\t<meta property=\"og:image:width\" content=\"2000\" \/>\n\t<meta property=\"og:image:height\" content=\"1333\" \/>\n<meta name=\"twitter:card\" content=\"summary_large_image\" \/>\n<script type=\"application\/ld+json\" class=\"yoast-schema-graph\">{\"@context\":\"https:\/\/schema.org\",\"@graph\":[{\"@type\":\"WebSite\",\"@id\":\"https:\/\/www.mes-allocs.fr\/guides\/#website\",\"url\":\"https:\/\/www.mes-allocs.fr\/guides\/\",\"name\":\"Mes-Allocs.fr\",\"description\":\"\",\"potentialAction\":[{\"@type\":\"SearchAction\",\"target\":\"https:\/\/www.mes-allocs.fr\/guides\/?s={search_term_string}\",\"query-input\":\"required name=search_term_string\"}],\"inLanguage\":\"fr-FR\"},{\"@type\":\"ImageObject\",\"@id\":\"https:\/\/www.mes-allocs.fr\/guides\/aides-sociales\/prime-13e-mois\/conditions-13e-mois\/interim-13e-mois\/manpower-prime-13eme-mois\/#primaryimage\",\"inLanguage\":\"fr-FR\",\"url\":\"https:\/\/www.mes-allocs.fr\/guides\/wp-content\/uploads\/2025\/05\/prime-13eme-mois-Manpower.jpg?wsr\",\"width\":2000,\"height\":1333,\"caption\":\"prime eme mois Manpower\"},{\"@type\":\"WebPage\",\"@id\":\"https:\/\/www.mes-allocs.fr\/guides\/aides-sociales\/prime-13e-mois\/conditions-13e-mois\/interim-13e-mois\/manpower-prime-13eme-mois\/#webpage\",\"url\":\"https:\/\/www.mes-allocs.fr\/guides\/aides-sociales\/prime-13e-mois\/conditions-13e-mois\/interim-13e-mois\/manpower-prime-13eme-mois\/\",\"name\":\"Prime 13\\u00e8me mois Manpower : conditions et d\\u00e9marches | Mes-Allocs.fr\",\"isPartOf\":{\"@id\":\"https:\/\/www.mes-allocs.fr\/guides\/#website\"},\"primaryImageOfPage\":{\"@id\":\"https:\/\/www.mes-allocs.fr\/guides\/aides-sociales\/prime-13e-mois\/conditions-13e-mois\/interim-13e-mois\/manpower-prime-13eme-mois\/#primaryimage\"},\"datePublished\":\"2025-05-20T12:12:45+00:00\",\"dateModified\":\"2026-04-22T07:33:12+00:00\",\"author\":{\"@id\":\"https:\/\/www.mes-allocs.fr\/guides\/#\/schema\/person\/4f115680446d9e6de360142157ca671d\"},\"description\":\"La prime de 13e mois est g\\u00e9n\\u00e9ralement vers\\u00e9e en fin d'ann\\u00e9e. D\\u00e9couvrez si vous pouvez en b\\u00e9n\\u00e9ficier en tant qu\\u2019int\\u00e9rimaire chez Manpower.\",\"inLanguage\":\"fr-FR\"},{\"@type\":\"Person\",\"@id\":\"https:\/\/www.mes-allocs.fr\/guides\/#\/schema\/person\/4f115680446d9e6de360142157ca671d\",\"name\":\"Miangaly Ramasindray\",\"image\":{\"@type\":\"ImageObject\",\"@id\":\"https:\/\/www.mes-allocs.fr\/guides\/#personlogo\",\"inLanguage\":\"fr-FR\",\"url\":\"https:\/\/www.mes-allocs.fr\/guides\/wp-content\/uploads\/2024\/10\/Miangaly_Ramasindray-150x150.jpeg\",\"caption\":\"Miangaly Ramasindray\"},\"description\":\"Miangaly est r\\u00e9dactrice web sp\\u00e9cialis\\u00e9e sur les sujets de pouvoir d'achat. Elle rejoint Mes Allocs en 2024 apr\\u00e8s une premi\\u00e8re exp\\u00e9rience en marketing chez DMI.\",\"sameAs\":[\"https:\/\/www.linkedin.com\/in\/miangaly-ramasindray\/\"]}]}<\/script>\n<!-- \/ Yoast SEO plugin. -->","amp_validity":null,"acf":{"faq":{"1":{"question":"Est-ce que les int\u00e9rimaires ont droit au 13\u00e8me mois ?","answer":"Oui, les int\u00e9rimaires peuvent avoir droit au 13\u00e8me mois si l\u2019entreprise utilisatrice l\u2019accorde \u00e0 ses salari\u00e9s permanents et que les conditions pr\u00e9vues sont remplies."},"2":{"question":"Quelles sont les primes chez Manpower ?","answer":"Chez Manpower, vous pouvez b\u00e9n\u00e9ficier de la prime de 13\u00e8me mois, de la prime de pr\u00e9carit\u00e9, de la prime de fin de mission, de primes exceptionnelles et parfois de primes de participation ou d\u2019int\u00e9ressement selon les accords."},"3":{"question":"Qui a le droit \u00e0 la prime du 13\u00e8me mois ?","answer":"Tous les salari\u00e9s, y compris les int\u00e9rimaires, peuvent y avoir droit si la convention collective ou l\u2019accord d\u2019entreprise la pr\u00e9voit et que les conditions (anciennet\u00e9, pr\u00e9sence, etc.) sont respect\u00e9es."},"4":{"question":"Comment savoir si on touche le 13\u00e8me mois ?","answer":"Vous pouvez le v\u00e9rifier sur votre fiche de paie ou en demandant \u00e0 votre agence Manpower ou \u00e0 l\u2019entreprise utilisatrice si la prime est pr\u00e9vue."},"5":{"question":"Pourquoi je n'ai pas touch\u00e9 mon 13\u00e8me mois ?","answer":"Vous n\u2019avez peut-\u00eatre pas rempli les conditions d\u2019anciennet\u00e9, de pr\u00e9sence \u00e0 une date pr\u00e9cise, ou la prime n\u2019est pas pr\u00e9vue par l\u2019entreprise o\u00f9 vous \u00e9tiez en mission."},"6":{"question":"Quand avons-nous droit au 13\u00e8me mois ?","answer":"Le 13\u00e8me mois est g\u00e9n\u00e9ralement vers\u00e9 en fin d\u2019ann\u00e9e, mais il peut aussi \u00eatre r\u00e9parti sur plusieurs mois ou vers\u00e9 \u00e0 la fin de la mission selon les r\u00e8gles de l\u2019entreprise."},"7":{"question":"","answer":""},"8":{"question":"","answer":""},"9":{"question":"","answer":""},"10":{"question":"","answer":""},"11":{"question":"","answer":""},"12":{"question":"","answer":""},"13":{"question":"","answer":""},"14":{"question":"","answer":""},"15":{"question":"","answer":""},"16":{"question":"","answer":""}}},"_links":{"self":[{"href":"https:\/\/www.mes-allocs.fr\/guides\/wp-json\/wp\/v2\/posts\/99443","targetHints":{"allow":["GET"]}}],"collection":[{"href":"https:\/\/www.mes-allocs.fr\/guides\/wp-json\/wp\/v2\/posts"}],"about":[{"href":"https:\/\/www.mes-allocs.fr\/guides\/wp-json\/wp\/v2\/types\/post"}],"author":[{"embeddable":true,"href":"https:\/\/www.mes-allocs.fr\/guides\/wp-json\/wp\/v2\/users\/31"}],"replies":[{"embeddable":true,"href":"https:\/\/www.mes-allocs.fr\/guides\/wp-json\/wp\/v2\/comments?post=99443"}],"version-history":[{"count":6,"href":"https:\/\/www.mes-allocs.fr\/guides\/wp-json\/wp\/v2\/posts\/99443\/revisions"}],"predecessor-version":[{"id":111208,"href":"https:\/\/www.mes-allocs.fr\/guides\/wp-json\/wp\/v2\/posts\/99443\/revisions\/111208"}],"wp:featuredmedia":[{"embeddable":true,"href":"https:\/\/www.mes-allocs.fr\/guides\/wp-json\/wp\/v2\/media\/99445"}],"wp:attachment":[{"href":"https:\/\/www.mes-allocs.fr\/guides\/wp-json\/wp\/v2\/media?parent=99443"}],"wp:term":[{"taxonomy":"category","embeddable":true,"href":"https:\/\/www.mes-allocs.fr\/guides\/wp-json\/wp\/v2\/categories?post=99443"},{"taxonomy":"post_tag","embeddable":true,"href":"https:\/\/www.mes-allocs.fr\/guides\/wp-json\/wp\/v2\/tags?post=99443"}],"curies":[{"name":"wp","href":"https:\/\/api.w.org\/{rel}","templated":true}]}}