{"id":99286,"date":"2025-05-07T11:38:05","date_gmt":"2025-05-07T09:38:05","guid":{"rendered":"https:\/\/www.mes-allocs.fr\/guides\/?p=99286"},"modified":"2026-04-22T08:33:12","modified_gmt":"2026-04-22T07:33:12","slug":"teletravail-impots","status":"publish","type":"post","link":"https:\/\/www.mes-allocs.fr\/guides\/impot-sur-le-revenu\/teletravail-impots\/","title":{"rendered":"T\u00e9l\u00e9travail et imp\u00f4ts : comment d\u00e9clarer vos frais ?"},"content":{"rendered":"<p>En 2025, le t\u00e9l\u00e9travail peut avoir un impact sur votre <a href=\"https:\/\/www.mes-allocs.fr\/guides\/impot-sur-le-revenu\/\">imp\u00f4t sur le revenu<\/a>. Entre les indemnit\u00e9s vers\u00e9es par l\u2019employeur et les frais de mat\u00e9riel ou de logement, plusieurs d\u00e9penses peuvent \u00eatre prises en compte. Dans cet article, d\u00e9couvrez comment fonctionne le <b>t\u00e9l\u00e9travail et les imp\u00f4ts<\/b>, qui peut b\u00e9n\u00e9ficier de d\u00e9duction et quels sont les frais concern\u00e9s.<\/p>\n<p class=\"p1\"><div class='cta-block'><div class='text'>Simulez votre imp\u00f4t sur le revenu.<\/div><a href='https:\/\/www.mes-allocs.fr\/simulation-impots?origin=guides\/wp-json\/wp\/v2\/posts\/99286' class='app-button fit'>Simulation gratuite<\/a><\/div><\/p>\n<h1>Qu\u2019est-ce que le t\u00e9l\u00e9travail au regard des imp\u00f4ts ?<\/h1>\n<h2>Comment le t\u00e9l\u00e9travail est-il d\u00e9fini fiscalement en France en 2025 ?<\/h2>\n<p>En 2025, le fisc consid\u00e8re le t\u00e9l\u00e9travail comme le <b>travail effectu\u00e9 \u00e0 domicile<\/b> \u00e0 la demande ou avec l\u2019accord de l\u2019employeur, n\u00e9cessitant des d\u00e9penses professionnelles. Si votre employeur vous verse une indemnit\u00e9 de t\u00e9l\u00e9travail, elle est exon\u00e9r\u00e9e d\u2019imp\u00f4t jusqu\u2019\u00e0 2,70 \u20ac par jour, dans la limite de 712,8 \u20ac par an. Si vous avez des frais sup\u00e9rieurs \u00e0 ce montant, vous pouvez choisir de les d\u00e9duire au r\u00e9el, \u00e0 condition de pouvoir les justifier et que le t\u00e9l\u00e9travail ait \u00e9t\u00e9 impos\u00e9 ou rendu n\u00e9cessaire par l\u2019employeur.<\/p>\n<h2>Qui peut b\u00e9n\u00e9ficier des d\u00e9ductions li\u00e9es au t\u00e9l\u00e9travail ?<\/h2>\n<p><b>Tous les salari\u00e9s en t\u00e9l\u00e9travail<\/b> peuvent b\u00e9n\u00e9ficier des d\u00e9ductions, \u00e0 condition que les frais engag\u00e9s soient n\u00e9cessaires \u00e0 l\u2019activit\u00e9 professionnelle et non d\u00e9j\u00e0 rembours\u00e9s par l\u2019employeur. Vous pouvez soit profiter de l\u2019exon\u00e9ration sur l\u2019indemnit\u00e9 vers\u00e9e par l\u2019employeur, soit choisir la d\u00e9duction des frais r\u00e9els si vos d\u00e9penses d\u00e9passent l&rsquo;abattement forfaitaire de 10 % appliqu\u00e9 automatiquement par le fisc.<\/p>\n<h1>Quels sont les plafonds et les bar\u00e8mes applicables en 2025 ?<\/h1>\n<h2>Quels sont les montants forfaitaires d\u00e9ductibles par jour, par mois et par an ?<\/h2>\n<p>Pour le t\u00e9l\u00e9travail en 2025, l\u2019allocation forfaitaire exon\u00e9r\u00e9e d\u2019imp\u00f4t est de <b>2,70\u202f\u20ac par jour travaill\u00e9<\/b>, avec un <b>plafond mensuel de 59,40\u202f\u20ac <\/b>et un <b>plafond annuel de 626,40\u202f\u20ac<\/b>. Si un accord collectif s\u2019applique, ces plafonds peuvent \u00eatre port\u00e9s \u00e0<b> 3,25\u202f\u20ac<\/b> par jour, <b>71,50\u202f\u20ac<\/b> par mois et <b>780\u202f\u20ac<\/b> par an. Ces montants s\u2019appliquent uniquement si l\u2019employeur verse une indemnit\u00e9 sp\u00e9cifique pour le t\u00e9l\u00e9travail.<\/p>\n<h2>Quelles sont les diff\u00e9rences entre allocation forfaitaire et d\u00e9duction au r\u00e9el ?<\/h2>\n<p>L\u2019allocation forfaitaire est une <b>indemnit\u00e9 vers\u00e9e par l\u2019employeur<\/b> pour couvrir les frais de t\u00e9l\u00e9travail. Elle est exon\u00e9r\u00e9e d\u2019imp\u00f4t dans les limites fix\u00e9es sans justificatifs. En revanche, la d\u00e9duction au r\u00e9el consiste \u00e0 <b>d\u00e9clarer l\u2019ensemble de vos frais professionnels engag\u00e9s<\/b>. Vous devez alors renoncer \u00e0 l\u2019abattement forfaitaire de 10 % et justifier toutes vos d\u00e9penses.<\/p>\n<p class=\"p1\"><div class='cta-block'><div class='text'>Simulez votre imp\u00f4t sur le revenu.<\/div><a href='https:\/\/www.mes-allocs.fr\/simulation-impots?origin=guides\/wp-json\/wp\/v2\/posts\/99286' class='app-button fit'>Simulation gratuite<\/a><\/div><\/p>\n<h1>Quels sont les frais de t\u00e9l\u00e9travail d\u00e9ductibles ?<\/h1>\n<h2>Quels types de frais li\u00e9s au t\u00e9l\u00e9travail peut-on d\u00e9duire des imp\u00f4ts ?<\/h2>\n<p>Vous pouvez d\u00e9duire plusieurs types de frais professionnels li\u00e9s au t\u00e9l\u00e9travail si vous choisissez la d\u00e9claration aux frais r\u00e9els :<\/p>\n<ul>\n<li aria-level=\"1\"><b>Les frais de communication<\/b> : abonnement internet, t\u00e9l\u00e9phone.<\/li>\n<li aria-level=\"1\"><b>Les fournitures et les consommables<\/b> : papier, cartouches d\u2019encre, stylos.<\/li>\n<li aria-level=\"1\"><b>L\u2019achat de mobilier ou de mat\u00e9riel informatique<\/b> : ordinateur, \u00e9cran, chaise de bureau.<\/li>\n<li aria-level=\"1\"><b>Les licences de logiciels<\/b>.<\/li>\n<li aria-level=\"1\">Une<b> partie du loyer<\/b>, de l\u2019<b>\u00e9lectricit\u00e9<\/b>, du <b>chauffage<\/b> ou de l\u2019<b>assurance habitation<\/b>.<\/li>\n<li aria-level=\"1\">Les <b>travaux d\u2019am\u00e9nagement <\/b>d\u2019une pi\u00e8ce d\u00e9di\u00e9e au t\u00e9l\u00e9travail.<\/li>\n<\/ul>\n<p><b>\u00c0 noter<\/b> : pour chaque d\u00e9pense, vous devez conserver les justificatifs et pouvoir prouver leur lien avec votre activit\u00e9 professionnelle.<\/p>\n<h2>Comment fonctionne l\u2019indemnit\u00e9 vers\u00e9e par l\u2019employeur ?<\/h2>\n<h3>L\u2019indemnit\u00e9 est-elle imposable ou exon\u00e9r\u00e9e ?<\/h3>\n<p>L\u2019<b>indemnit\u00e9 de t\u00e9l\u00e9travail<\/b> est <b>exon\u00e9r\u00e9e <\/b>d\u2019imp\u00f4t sur le revenu et de charges sociales tant qu\u2019elle ne d\u00e9passe pas les plafonds fix\u00e9s. Si ces plafonds sont respect\u00e9s, vous n\u2019avez rien \u00e0 d\u00e9clarer. Au-del\u00e0, l\u2019<b>exc\u00e9dent<\/b> devient <b>imposable<\/b> sauf \u00e0 fournir des justificatifs.<\/p>\n<h3>Que se passe-t-il si l\u2019indemnit\u00e9 re\u00e7ue est inf\u00e9rieure aux frais engag\u00e9s ?<\/h3>\n<p>Si l\u2019indemnit\u00e9 vers\u00e9e par votre employeur est inf\u00e9rieure \u00e0 vos d\u00e9penses r\u00e9elles de t\u00e9l\u00e9travail, vous pouvez <b>d\u00e9duire la diff\u00e9rence <\/b>dans votre d\u00e9claration d\u2019imp\u00f4ts, \u00e0 condition d\u2019avoir choisi la d\u00e9claration aux frais r\u00e9els et de pouvoir justifier vos d\u00e9penses. Seule la part de vos frais non couverte par l\u2019indemnit\u00e9 peut alors \u00eatre d\u00e9duite, dans la limite des plafonds annuels pr\u00e9vus.<\/p>\n<h2>T\u00e9l\u00e9travail : puis-je d\u00e9duire une partie de mon loyer pour l\u2019utilisation d\u2019une pi\u00e8ce priv\u00e9e ?<\/h2>\n<p><b>Oui,<\/b> vous pouvez d\u00e9duire une partie de votre loyer si vous utilisez une pi\u00e8ce de votre logement <b>exclusivement pour le t\u00e9l\u00e9travail<\/b>. Cette d\u00e9duction s\u2019applique si vous \u00eates locataire et que la pi\u00e8ce est clairement affect\u00e9e \u00e0 un usage professionnel. Le montant d\u00e9ductible est calcul\u00e9 au prorata de la surface d\u00e9di\u00e9e au t\u00e9l\u00e9travail par rapport \u00e0 la superficie totale de votre habitation. Par exemple, si vous utilisez un bureau de 12\u202fm\u00b2 dans un appartement de 80\u202fm\u00b2, vous pouvez d\u00e9duire 15\u202f% de votre loyer, soit 150\u202f\u20ac par mois pour un loyer de 1\u202f000\u202f\u20ac.<\/p>\n<p>Enfin, si la pi\u00e8ce n\u2019est pas exclusivement d\u00e9di\u00e9e au travail, il faudra appliquer un prorata suppl\u00e9mentaire en fonction du temps d\u2019utilisation professionnelle.<\/p>\n<h1>Comment d\u00e9clarer ses frais de t\u00e9l\u00e9travail ?<\/h1>\n<h2>Quelle m\u00e9thode choisir entre l\u2019abattement forfaitaire ou les frais r\u00e9els ?<\/h2>\n<p>Vous pouvez choisir entre deux m\u00e9thodes pour d\u00e9clarer vos frais de t\u00e9l\u00e9travail :<\/p>\n<ul>\n<li aria-level=\"1\"><b>L\u2019abattement forfaitaire de 10 %<\/b> : il est appliqu\u00e9 de fa\u00e7on automatique par l\u2019administration fiscale sur vos revenus salari\u00e9s.<\/li>\n<li aria-level=\"1\"><b>Les frais r\u00e9els <\/b>: vous pouvez choisir la d\u00e9duction de vos frais r\u00e9els si le montant total de vos d\u00e9penses professionnelles d\u00e9passe l\u2019abattement de 10 %.<\/li>\n<\/ul>\n<h2>Comment remplir sa d\u00e9claration d&rsquo;imp\u00f4ts pour les frais de t\u00e9l\u00e9travail ?<\/h2>\n<p>Pour d\u00e9clarer vos frais de t\u00e9l\u00e9travail, vous devez d\u2019abord choisir entre l\u2019abattement forfaitaire de 10\u202f% appliqu\u00e9 automatiquement par l\u2019administration fiscale ou la d\u00e9claration aux frais r\u00e9els. Si vos frais r\u00e9els d\u00e9passent ce montant, il est plus avantageux d\u2019opter pour la d\u00e9claration aux frais r\u00e9els, \u00e0 condition de pouvoir justifier toutes vos d\u00e9penses (abonnement internet, mat\u00e9riel, \u00e9lectricit\u00e9, loyer au prorata, etc.).<\/p>\n<p>Si vous choisissez les frais r\u00e9els, indiquez le montant total de vos d\u00e9penses professionnelles dans la <b>case 1AK<\/b> (ou 1BK pour le conjoint) de votre d\u00e9claration de revenus. Cette d\u00e9marche <b>annule l\u2019abattement forfaitaire de 10 %<\/b>. Vous n\u2019avez pas \u00e0 joindre vos justificatifs \u00e0 la d\u00e9claration, mais vous devez les conserver en cas de contr\u00f4le fiscal. L\u2019indemnit\u00e9 de t\u00e9l\u00e9travail vers\u00e9e par l\u2019employeur est exon\u00e9r\u00e9e d\u2019imp\u00f4t et ne doit pas \u00eatre d\u00e9clar\u00e9e si elle respecte les plafonds.<\/p>\n<h1>T\u00e9l\u00e9travail \u00e0 l\u2019\u00e9tranger : quelles cons\u00e9quences sur les imp\u00f4ts ?<\/h1>\n<p>Si vous <b>travaillez \u00e0 distance depuis un autre pays<\/b>, vous pouvez \u00eatre <b>consid\u00e9r\u00e9 comme r\u00e9sident fiscal de ce pays<\/b>, ce qui entra\u00eene l\u2019obligation d\u2019y d\u00e9clarer et payer vos imp\u00f4ts sur le revenu, m\u00eame si votre employeur reste en France. En g\u00e9n\u00e9ral, les conventions fiscales internationales pr\u00e9voient que les revenus sont imposables dans l\u2019\u00c9tat o\u00f9 l\u2019activit\u00e9 est exerc\u00e9e, sauf exceptions pour des missions temporaires (moins de 183 jours par an).<\/p>\n<p>Pour un<b> t\u00e9l\u00e9travail temporaire \u00e0 l\u2019\u00e9tranger<\/b>, il n\u2019y a g\u00e9n\u00e9ralement pas de cons\u00e9quence fiscale. Vous restez <b>impos\u00e9 en France<\/b> si votre r\u00e9sidence fiscale ne change pas et que vous ne d\u00e9passez pas certains seuils de dur\u00e9e. En revanche, un s\u00e9jour prolong\u00e9 ou un transfert du centre de vos int\u00e9r\u00eats \u00e9conomiques ou familiaux peut entra\u00eener un changement de r\u00e9sidence fiscale avec des obligations d\u00e9claratives dans le pays d\u2019accueil.<\/p>\n<p class=\"p1\"><div class='cta-block'><div class='text'>Simulez votre imp\u00f4t sur le revenu.<\/div><a href='https:\/\/www.mes-allocs.fr\/simulation-impots?origin=guides\/wp-json\/wp\/v2\/posts\/99286' class='app-button fit'>Simulation gratuite<\/a><\/div><\/p>\n","protected":false},"excerpt":{"rendered":"<p>En 2025, le t\u00e9l\u00e9travail peut avoir un impact sur votre imp\u00f4t sur le revenu. Entre les indemnit\u00e9s vers\u00e9es par l\u2019employeur et les frais de mat\u00e9riel ou de logement, plusieurs d\u00e9penses peuvent \u00eatre prises en compte. Dans cet article, d\u00e9couvrez comment fonctionne le t\u00e9l\u00e9travail et les imp\u00f4ts, qui peut b\u00e9n\u00e9ficier de d\u00e9duction et quels sont les [&hellip;]<\/p>\n","protected":false},"author":31,"featured_media":99287,"comment_status":"open","ping_status":"open","sticky":false,"template":"","format":"standard","meta":{"amp_status":"","footnotes":""},"categories":[2994],"tags":[],"class_list":["post-99286","post","type-post","status-publish","format-standard","has-post-thumbnail","hentry","category-impot-sur-le-revenu"],"yoast_head":"<!-- This site is optimized with the Yoast SEO plugin v14.9 - https:\/\/yoast.com\/wordpress\/plugins\/seo\/ -->\n<title>T\u00e9l\u00e9travail et imp\u00f4ts : comment d\u00e9clarer vos frais ? | Mes-Allocs.fr<\/title>\n<meta name=\"description\" content=\"Vous \u00eates en t\u00e9l\u00e9travail ? D\u00e9couvrez quels frais d\u00e9duire de vos imp\u00f4ts, les plafonds applicables et comment bien les d\u00e9clarer.\" \/>\n<meta name=\"robots\" content=\"index, follow, max-snippet:-1, max-image-preview:large, max-video-preview:-1\" \/>\n<link rel=\"canonical\" href=\"https:\/\/www.mes-allocs.fr\/guides\/impot-sur-le-revenu\/teletravail-impots\/\" \/>\n<meta property=\"og:locale\" content=\"fr_FR\" \/>\n<meta property=\"og:type\" content=\"article\" \/>\n<meta property=\"og:title\" content=\"T\u00e9l\u00e9travail et imp\u00f4ts : comment d\u00e9clarer vos frais ? | Mes-Allocs.fr\" \/>\n<meta property=\"og:description\" content=\"Vous \u00eates en t\u00e9l\u00e9travail ? D\u00e9couvrez quels frais d\u00e9duire de vos imp\u00f4ts, les plafonds applicables et comment bien les d\u00e9clarer.\" \/>\n<meta property=\"og:url\" content=\"https:\/\/www.mes-allocs.fr\/guides\/impot-sur-le-revenu\/teletravail-impots\/\" \/>\n<meta property=\"og:site_name\" content=\"Mes-Allocs.fr\" \/>\n<meta property=\"article:published_time\" content=\"2025-05-07T09:38:05+00:00\" \/>\n<meta property=\"article:modified_time\" content=\"2026-04-22T07:33:12+00:00\" \/>\n<meta property=\"og:image\" content=\"https:\/\/www.mes-allocs.fr\/guides\/wp-content\/uploads\/2025\/05\/impots-teletravail.jpg?wsr\" \/>\n\t<meta property=\"og:image:width\" content=\"2000\" \/>\n\t<meta property=\"og:image:height\" content=\"1333\" \/>\n<meta name=\"twitter:card\" content=\"summary_large_image\" \/>\n<script type=\"application\/ld+json\" class=\"yoast-schema-graph\">{\"@context\":\"https:\/\/schema.org\",\"@graph\":[{\"@type\":\"WebSite\",\"@id\":\"https:\/\/www.mes-allocs.fr\/guides\/#website\",\"url\":\"https:\/\/www.mes-allocs.fr\/guides\/\",\"name\":\"Mes-Allocs.fr\",\"description\":\"\",\"potentialAction\":[{\"@type\":\"SearchAction\",\"target\":\"https:\/\/www.mes-allocs.fr\/guides\/?s={search_term_string}\",\"query-input\":\"required name=search_term_string\"}],\"inLanguage\":\"fr-FR\"},{\"@type\":\"ImageObject\",\"@id\":\"https:\/\/www.mes-allocs.fr\/guides\/impot-sur-le-revenu\/teletravail-impots\/#primaryimage\",\"inLanguage\":\"fr-FR\",\"url\":\"https:\/\/www.mes-allocs.fr\/guides\/wp-content\/uploads\/2025\/05\/impots-teletravail.jpg?wsr\",\"width\":2000,\"height\":1333,\"caption\":\"impots teletravail\"},{\"@type\":\"WebPage\",\"@id\":\"https:\/\/www.mes-allocs.fr\/guides\/impot-sur-le-revenu\/teletravail-impots\/#webpage\",\"url\":\"https:\/\/www.mes-allocs.fr\/guides\/impot-sur-le-revenu\/teletravail-impots\/\",\"name\":\"T\\u00e9l\\u00e9travail et imp\\u00f4ts : comment d\\u00e9clarer vos frais ? | Mes-Allocs.fr\",\"isPartOf\":{\"@id\":\"https:\/\/www.mes-allocs.fr\/guides\/#website\"},\"primaryImageOfPage\":{\"@id\":\"https:\/\/www.mes-allocs.fr\/guides\/impot-sur-le-revenu\/teletravail-impots\/#primaryimage\"},\"datePublished\":\"2025-05-07T09:38:05+00:00\",\"dateModified\":\"2026-04-22T07:33:12+00:00\",\"author\":{\"@id\":\"https:\/\/www.mes-allocs.fr\/guides\/#\/schema\/person\/4f115680446d9e6de360142157ca671d\"},\"description\":\"Vous \\u00eates en t\\u00e9l\\u00e9travail ? D\\u00e9couvrez quels frais d\\u00e9duire de vos imp\\u00f4ts, les plafonds applicables et comment bien les d\\u00e9clarer.\",\"inLanguage\":\"fr-FR\"},{\"@type\":\"Person\",\"@id\":\"https:\/\/www.mes-allocs.fr\/guides\/#\/schema\/person\/4f115680446d9e6de360142157ca671d\",\"name\":\"Miangaly Ramasindray\",\"image\":{\"@type\":\"ImageObject\",\"@id\":\"https:\/\/www.mes-allocs.fr\/guides\/#personlogo\",\"inLanguage\":\"fr-FR\",\"url\":\"https:\/\/www.mes-allocs.fr\/guides\/wp-content\/uploads\/2024\/10\/Miangaly_Ramasindray-150x150.jpeg\",\"caption\":\"Miangaly Ramasindray\"},\"description\":\"Miangaly est r\\u00e9dactrice web sp\\u00e9cialis\\u00e9e sur les sujets de pouvoir d'achat. Elle rejoint Mes Allocs en 2024 apr\\u00e8s une premi\\u00e8re exp\\u00e9rience en marketing chez DMI.\",\"sameAs\":[\"https:\/\/www.linkedin.com\/in\/miangaly-ramasindray\/\"]}]}<\/script>\n<!-- \/ Yoast SEO plugin. -->","amp_validity":null,"acf":{"faq":{"1":{"question":"Comment d\u00e9duire le t\u00e9l\u00e9travail des imp\u00f4ts\u202f?","answer":"Vous pouvez d\u00e9duire vos frais de t\u00e9l\u00e9travail en optant pour la d\u00e9claration aux frais r\u00e9els dans votre d\u00e9claration d\u2019imp\u00f4ts. Indiquez le montant total de vos frais professionnels (t\u00e9l\u00e9travail inclus) dans la case 1AK ou 1BK."},"2":{"question":"Est-ce que le t\u00e9l\u00e9travail est d\u00e9ductible des imp\u00f4ts\u202f?","answer":"Oui, le t\u00e9l\u00e9travail est d\u00e9ductible si vous choisissez les frais r\u00e9els et pouvez justifier vos d\u00e9penses (internet, mat\u00e9riel, \u00e9lectricit\u00e9, etc.)."},"3":{"question":"Comment calculer les frais r\u00e9els de t\u00e9l\u00e9travail\u202f?","answer":"Additionnez toutes vos d\u00e9penses li\u00e9es au t\u00e9l\u00e9travail (abonnement internet, fournitures, \u00e9lectricit\u00e9, mobilier, etc.) et appliquez le plafond de 2,70\u202f\u20ac par jour, 59,40\u202f\u20ac par mois, ou d\u00e9duisez le montant exact si vos frais sont sup\u00e9rieurs et justifi\u00e9s."},"4":{"question":"O\u00f9 d\u00e9clarer un t\u00e9l\u00e9travail \u00e0 l'imp\u00f4t\u202f?","answer":"D\u00e9clarez vos frais r\u00e9els de t\u00e9l\u00e9travail dans la case 1AK (ou 1BK pour le conjoint) de votre d\u00e9claration de revenus en ligne ou sur papier.\r\n\r\n"},"5":{"question":"Quels sont les frais que l'on peut d\u00e9duire des imp\u00f4ts\u202f?","answer":"Vous pouvez d\u00e9duire les frais d\u2019internet, de t\u00e9l\u00e9phone, de fournitures, de mat\u00e9riel informatique, d\u2019\u00e9lectricit\u00e9, de chauffage, et une partie du loyer si une pi\u00e8ce est d\u00e9di\u00e9e au t\u00e9l\u00e9travail.\r\n\r\n"},"6":{"question":"Quelle est la prime pour le t\u00e9l\u00e9travail\u202f?","answer":"La prime ou indemnit\u00e9 de t\u00e9l\u00e9travail vers\u00e9e par l\u2019employeur est exon\u00e9r\u00e9e d\u2019imp\u00f4t jusqu\u2019\u00e0 2,70\u202f\u20ac par jour, dans la limite de 712,8\u20ac par an.\r\n\r\n"},"7":{"question":"","answer":""},"8":{"question":"","answer":""},"9":{"question":"","answer":""},"10":{"question":"","answer":""},"11":{"question":"","answer":""},"12":{"question":"","answer":""},"13":{"question":"","answer":""},"14":{"question":"","answer":""},"15":{"question":"","answer":""},"16":{"question":"","answer":""}}},"_links":{"self":[{"href":"https:\/\/www.mes-allocs.fr\/guides\/wp-json\/wp\/v2\/posts\/99286","targetHints":{"allow":["GET"]}}],"collection":[{"href":"https:\/\/www.mes-allocs.fr\/guides\/wp-json\/wp\/v2\/posts"}],"about":[{"href":"https:\/\/www.mes-allocs.fr\/guides\/wp-json\/wp\/v2\/types\/post"}],"author":[{"embeddable":true,"href":"https:\/\/www.mes-allocs.fr\/guides\/wp-json\/wp\/v2\/users\/31"}],"replies":[{"embeddable":true,"href":"https:\/\/www.mes-allocs.fr\/guides\/wp-json\/wp\/v2\/comments?post=99286"}],"version-history":[{"count":4,"href":"https:\/\/www.mes-allocs.fr\/guides\/wp-json\/wp\/v2\/posts\/99286\/revisions"}],"predecessor-version":[{"id":104312,"href":"https:\/\/www.mes-allocs.fr\/guides\/wp-json\/wp\/v2\/posts\/99286\/revisions\/104312"}],"wp:featuredmedia":[{"embeddable":true,"href":"https:\/\/www.mes-allocs.fr\/guides\/wp-json\/wp\/v2\/media\/99287"}],"wp:attachment":[{"href":"https:\/\/www.mes-allocs.fr\/guides\/wp-json\/wp\/v2\/media?parent=99286"}],"wp:term":[{"taxonomy":"category","embeddable":true,"href":"https:\/\/www.mes-allocs.fr\/guides\/wp-json\/wp\/v2\/categories?post=99286"},{"taxonomy":"post_tag","embeddable":true,"href":"https:\/\/www.mes-allocs.fr\/guides\/wp-json\/wp\/v2\/tags?post=99286"}],"curies":[{"name":"wp","href":"https:\/\/api.w.org\/{rel}","templated":true}]}}