{"id":99273,"date":"2025-05-07T16:20:51","date_gmt":"2025-05-07T14:20:51","guid":{"rendered":"https:\/\/www.mes-allocs.fr\/guides\/?p=99273"},"modified":"2026-04-22T08:33:12","modified_gmt":"2026-04-22T07:33:12","slug":"carte-grise-voiture-electrique","status":"publish","type":"post","link":"https:\/\/www.mes-allocs.fr\/guides\/aide-mobilite\/prix-carte-grise\/carte-grise-voiture-electrique\/","title":{"rendered":"Prix carte grise voiture \u00e9lectrique : combien allez-vous payer en 2026 ?"},"content":{"rendered":"<p><img loading=\"lazy\" decoding=\"async\" class=\"alignnone wp-image-99305\" title=\"prix carte grise voiture electrique\" src=\"https:\/\/www.mes-allocs.fr\/guides\/wp-content\/uploads\/2025\/05\/prix-carte-grise-voiture-electrique-e1746627384636-300x56.jpg\" alt=\"prix carte grise voiture electrique\" width=\"1377\" height=\"257\" srcset=\"https:\/\/www.mes-allocs.fr\/guides\/wp-content\/uploads\/2025\/05\/prix-carte-grise-voiture-electrique-e1746627384636-300x56.jpg 300w, https:\/\/www.mes-allocs.fr\/guides\/wp-content\/uploads\/2025\/05\/prix-carte-grise-voiture-electrique-e1746627384636-768x142.jpg 768w, https:\/\/www.mes-allocs.fr\/guides\/wp-content\/uploads\/2025\/05\/prix-carte-grise-voiture-electrique-e1746627384636-600x111.jpg 600w\" sizes=\"auto, (max-width: 1377px) 100vw, 1377px\" \/><\/p>\n<p>[Mis \u00e0 jour le 04\/03\/2026] Le<b> prix de la carte grise pour une voiture \u00e9lectrique<\/b> conna\u00eet quelques changements en 2026. \u00c0 l\u2019instar des certificats d\u2019immatriculation pour v\u00e9hicules thermiques, <a href=\"https:\/\/www.mes-allocs.fr\/guides\/aide-mobilite\/prix-carte-grise\/\">le prix de votre carte grise<\/a> pour votre voiture \u00e9lectrique va aussi augmenter \u00e0 partir du 1er mars 2026. Mes Allocs vous explique qui est concern\u00e9 par cette hausse et comment r\u00e9gler vos frais de certificat d\u2019immatriculation.<\/p>\n<div class='cta-block'><div class='text'>Simulez toutes vos aides en 2 min.<\/div><a href='https:\/\/www.mes-allocs.fr\/ab-app?origin=guides\/wp-json\/wp\/v2\/posts\/99273' class='app-button fit'>Simulation gratuite<\/a><\/div>\n<h1>Prix carte grise voiture \u00e9lectrique : quels changements en 2026 ?<\/h1>\n<p>\u00c0 partir du 1er mars 2026, le prix des certificats d\u2019immatriculation augmentera. Selon Que Choisir, le prix moyen de la carte grise augmente de <b>2,6%<\/b> en 2026. Plusieurs r\u00e9gions ont augment\u00e9 le prix de leur cheval fiscal, un des \u00e9l\u00e9ments sur lequel repose <b>le co\u00fbt de la carte grise<\/b>. La r\u00e9gion Grand Est, la Bourgogne-Franche-Comt\u00e9 et le Centre-Val de Loire font partie des sept r\u00e9gions o\u00f9 le cheval fiscal est fix\u00e9 au tarif maximal l\u00e9gal, \u00e0<b> 60\u20ac<\/b>.<\/p>\n<h1>La carte grise pour une voiture \u00e9lectrique est-elle obligatoire ?<\/h1>\n<p><b>Oui,<\/b> la carte grise est obligatoire pour conduire un v\u00e9hicule. Ce document vous permet de circuler, d\u2019\u00eatre identifi\u00e9 par les forces de l\u2019ordre pendant un contr\u00f4le de police. La carte grise peut \u00eatre \u00e9tablie au nom de plusieurs conducteurs en cas de <b>multipropri\u00e9t\u00e9<\/b>.<\/p>\n<h1>Comment estimer le prix de votre carte grise pour votre voiture \u00e9lectrique ?<\/h1>\n<p>Le site du <b>Service public <\/b>vous permet d\u2019estimer le prix de votre carte grise. Le co\u00fbt de votre certificat d\u2019immatriculation d\u00e9pend de votre<b> r\u00e9gion de r\u00e9sidence<\/b>, de <b>la puissance fiscale<\/b> de votre v\u00e9hicule et de sa cat\u00e9gorie. Vous pouvez m\u00eame en \u00e9tant automobiliste, b\u00e9n\u00e9ficier <b>d\u2019aides \u00e0 la mobilit\u00e9<\/b>. Vous pouvez simuler votre \u00e9ligibilit\u00e9 avec le simulateur Mes Allocs. Cet outil gratuit vous indiquera si vous pouvez pr\u00e9tendre aux aides \u00e0 la mobilit\u00e9 en plus d\u2019autres soutiens financiers (CAF, r\u00e9gion\u2026). Un conseiller Mes Allocs peut vous aider dans vos d\u00e9marches administratives.<\/p>\n<div class='cta-block'><div class='text'>Simulez toutes vos aides en 2 min.<\/div><a href='https:\/\/www.mes-allocs.fr\/ab-app?origin=guides\/wp-json\/wp\/v2\/posts\/99273' class='app-button fit'>Simulation gratuite<\/a><\/div>\n<h1>Pourquoi la carte grise des voitures \u00e9lectriques n\u2019est-elle plus gratuite et depuis quand ?<\/h1>\n<p>La carte grise des voitures n\u2019est plus gratuite en France <b>depuis le 1er mai 2025. <\/b>Ce changement r\u00e9sulte de la loi de finances 2025, qui donne maintenant aux conseils r\u00e9gionaux la libert\u00e9 de d\u00e9cider s\u2019ils maintiennent, s\u2019ils r\u00e9duisent ou s\u2019ils suppriment l\u2019exon\u00e9ration totale de la taxe r\u00e9gionale pour les v\u00e9hicules \u00e9lectriques. Jusqu\u2019\u00e0 cette date, tous les v\u00e9hicules propres \u00e9taient exon\u00e9r\u00e9s de cette taxe dans toutes les r\u00e9gions, ce qui rendait la carte grise presque gratuite car seuls<b> les frais administratifs restaient \u00e0 votre charge<\/b>.<\/p>\n<h1>Prix carte grise voiture \u00e9lectrique : quelles sont les r\u00e8gles r\u00e9gionales ?<\/h1>\n<h2>Comment chaque r\u00e9gion fixe-t-elle le prix de la carte grise ?<\/h2>\n<p>La taxe r\u00e9gionale est un des param\u00e8tres qui permet de calculer le prix de la carte grise pour les voitures \u00e9lectriques. Cette taxe propre \u00e0 chaque r\u00e9gion, est calcul\u00e9e en fonction de la <b>puissance fiscale du v\u00e9hicule<\/b> (chevaux fiscaux) et du<b> prix du cheval fiscal<\/b>.<\/p>\n<p>Voici le calcul \u00e0 suivre pour la taxe r\u00e9gionale : <b>Nombre de chevaux fiscaux du v\u00e9hicule x tarif du cheval fiscal de votre r\u00e9gion\u00a0<\/b><\/p>\n<h2>Quels sont les tarifs de la carte grise selon les r\u00e9gions ?<\/h2>\n<p>Chaque r\u00e9gion fixe le prix du cheval fiscal. Cet \u00e9l\u00e9ment permet de calculer le co\u00fbt total de votre carte grise.<\/p>\n\n<div class=\"wpdt-c row wpDataTableContainerSimpleTable wpDataTables wpDataTablesWrapper\n\"\n    >\n    <table id=\"wpdtSimpleTable-611\"\n           class=\"wpdtSimpleTable wpDataTable\"\n           data-column=\"2\"\n           data-rows=\"19\"\n           data-wpID=\"611\"\n           data-responsive=\"0\"\n           data-has-header=\"0\">\n\n                    <tbody>        <tr class=\"wpdt-cell-row \" >\n                            <td class=\"wpdt-cell wpdt-bold wpdt-bc-F3F9FE\"\n                                    data-cell-id=\"A1\"\n                data-col-index=\"0\"\n                data-row-index=\"0\"\n                style=\" width:50%;                padding:10px;\"\n                >\n                                R\u00e9gion                <\/td>\n                                            <td class=\"wpdt-cell wpdt-bold wpdt-bc-F3F9FE\"\n                                    data-cell-id=\"B1\"\n                data-col-index=\"1\"\n                data-row-index=\"0\"\n                style=\" width:50%;                padding:10px;\"\n                >\n                                Montant du cheval fiscal en 2026                <\/td>\n                                        <\/tr>\n                            <tr class=\"wpdt-cell-row \" >\n                            <td class=\"wpdt-cell \"\n                                    data-cell-id=\"A2\"\n                data-col-index=\"0\"\n                data-row-index=\"1\"\n                style=\"                padding:10px;\"\n                >\n                                Auvergne-Rh\u00f4ne-Alpes                <\/td>\n                                            <td class=\"wpdt-cell \"\n                                    data-cell-id=\"B2\"\n                data-col-index=\"1\"\n                data-row-index=\"1\"\n                style=\"                padding:10px;\"\n                >\n                                43\u20ac                <\/td>\n                                        <\/tr>\n                            <tr class=\"wpdt-cell-row \" >\n                            <td class=\"wpdt-cell \"\n                                    data-cell-id=\"A3\"\n                data-col-index=\"0\"\n                data-row-index=\"2\"\n                style=\"                padding:10px;\"\n                >\n                                Bourgogne-Franche-Comt\u00e9                <\/td>\n                                            <td class=\"wpdt-cell \"\n                                    data-cell-id=\"B3\"\n                data-col-index=\"1\"\n                data-row-index=\"2\"\n                style=\"                padding:10px;\"\n                >\n                                60\u20ac                <\/td>\n                                        <\/tr>\n                            <tr class=\"wpdt-cell-row \" >\n                            <td class=\"wpdt-cell \"\n                                    data-cell-id=\"A4\"\n                data-col-index=\"0\"\n                data-row-index=\"3\"\n                style=\"                padding:10px;\"\n                >\n                                Bretagne                <\/td>\n                                            <td class=\"wpdt-cell \"\n                                    data-cell-id=\"B4\"\n                data-col-index=\"1\"\n                data-row-index=\"3\"\n                style=\"                padding:10px;\"\n                >\n                                60\u20ac                <\/td>\n                                        <\/tr>\n                            <tr class=\"wpdt-cell-row \" >\n                            <td class=\"wpdt-cell \"\n                                    data-cell-id=\"A5\"\n                data-col-index=\"0\"\n                data-row-index=\"4\"\n                style=\"                padding:10px;\"\n                >\n                                Centre-Val de Loire                <\/td>\n                                            <td class=\"wpdt-cell \"\n                                    data-cell-id=\"B5\"\n                data-col-index=\"1\"\n                data-row-index=\"4\"\n                style=\"                padding:10px;\"\n                >\n                                60\u20ac                <\/td>\n                                        <\/tr>\n                            <tr class=\"wpdt-cell-row \" >\n                            <td class=\"wpdt-cell \"\n                                    data-cell-id=\"A6\"\n                data-col-index=\"0\"\n                data-row-index=\"5\"\n                style=\"                padding:10px;\"\n                >\n                                Corse                <\/td>\n                                            <td class=\"wpdt-cell \"\n                                    data-cell-id=\"B6\"\n                data-col-index=\"1\"\n                data-row-index=\"5\"\n                style=\"                padding:10px;\"\n                >\n                                53\u20ac                <\/td>\n                                        <\/tr>\n                            <tr class=\"wpdt-cell-row \" >\n                            <td class=\"wpdt-cell \"\n                                    data-cell-id=\"A7\"\n                data-col-index=\"0\"\n                data-row-index=\"6\"\n                style=\"                padding:10px;\"\n                >\n                                Grand Est                <\/td>\n                                            <td class=\"wpdt-cell \"\n                                    data-cell-id=\"B7\"\n                data-col-index=\"1\"\n                data-row-index=\"6\"\n                style=\"                padding:10px;\"\n                >\n                                60\u20ac                <\/td>\n                                        <\/tr>\n                            <tr class=\"wpdt-cell-row \" >\n                            <td class=\"wpdt-cell \"\n                                    data-cell-id=\"A8\"\n                data-col-index=\"0\"\n                data-row-index=\"7\"\n                style=\"                padding:10px;\"\n                >\n                                Hauts-de-France                <\/td>\n                                            <td class=\"wpdt-cell \"\n                                    data-cell-id=\"B8\"\n                data-col-index=\"1\"\n                data-row-index=\"7\"\n                style=\"                padding:10px;\"\n                >\n                                42\u20ac puis 43\u20ac \u00e0 partir du 1er avril 2026                <\/td>\n                                        <\/tr>\n                            <tr class=\"wpdt-cell-row \" >\n                            <td class=\"wpdt-cell \"\n                                    data-cell-id=\"A9\"\n                data-col-index=\"0\"\n                data-row-index=\"8\"\n                style=\"                padding:10px;\"\n                >\n                                \u00cele-de-France                <\/td>\n                                            <td class=\"wpdt-cell \"\n                                    data-cell-id=\"B9\"\n                data-col-index=\"1\"\n                data-row-index=\"8\"\n                style=\"                padding:10px;\"\n                >\n                                68,95 \u20ac                <\/td>\n                                        <\/tr>\n                            <tr class=\"wpdt-cell-row \" >\n                            <td class=\"wpdt-cell \"\n                                    data-cell-id=\"A10\"\n                data-col-index=\"0\"\n                data-row-index=\"9\"\n                style=\"                padding:10px;\"\n                >\n                                Normandie                <\/td>\n                                            <td class=\"wpdt-cell \"\n                                    data-cell-id=\"B10\"\n                data-col-index=\"1\"\n                data-row-index=\"9\"\n                style=\"                padding:10px;\"\n                >\n                                60\u20ac                <\/td>\n                                        <\/tr>\n                            <tr class=\"wpdt-cell-row \" >\n                            <td class=\"wpdt-cell \"\n                                    data-cell-id=\"A11\"\n                data-col-index=\"0\"\n                data-row-index=\"10\"\n                style=\"                padding:10px;\"\n                >\n                                Nouvelle-Aquitaine                <\/td>\n                                            <td class=\"wpdt-cell \"\n                                    data-cell-id=\"B11\"\n                data-col-index=\"1\"\n                data-row-index=\"10\"\n                style=\"                padding:10px;\"\n                >\n                                58\u20ac                <\/td>\n                                        <\/tr>\n                            <tr class=\"wpdt-cell-row \" >\n                            <td class=\"wpdt-cell \"\n                                    data-cell-id=\"A12\"\n                data-col-index=\"0\"\n                data-row-index=\"11\"\n                style=\"                padding:10px;\"\n                >\n                                Occitanie                <\/td>\n                                            <td class=\"wpdt-cell \"\n                                    data-cell-id=\"B12\"\n                data-col-index=\"1\"\n                data-row-index=\"11\"\n                style=\"                padding:10px;\"\n                >\n                                59,50\u20ac                <\/td>\n                                        <\/tr>\n                            <tr class=\"wpdt-cell-row \" >\n                            <td class=\"wpdt-cell \"\n                                    data-cell-id=\"A13\"\n                data-col-index=\"0\"\n                data-row-index=\"12\"\n                style=\"                padding:10px;\"\n                >\n                                Provence-Alpes-C\u00f4te d\u2019Azur (PACA)                <\/td>\n                                            <td class=\"wpdt-cell \"\n                                    data-cell-id=\"B13\"\n                data-col-index=\"1\"\n                data-row-index=\"12\"\n                style=\"                padding:10px;\"\n                >\n                                60\u20ac                <\/td>\n                                        <\/tr>\n                            <tr class=\"wpdt-cell-row \" >\n                            <td class=\"wpdt-cell \"\n                                    data-cell-id=\"A14\"\n                data-col-index=\"0\"\n                data-row-index=\"13\"\n                style=\"                padding:10px;\"\n                >\n                                Pays de la Loire                <\/td>\n                                            <td class=\"wpdt-cell \"\n                                    data-cell-id=\"B14\"\n                data-col-index=\"1\"\n                data-row-index=\"13\"\n                style=\"                padding:10px;\"\n                >\n                                51\u20ac                <\/td>\n                                        <\/tr>\n                            <tr class=\"wpdt-cell-row \" >\n                            <td class=\"wpdt-cell \"\n                                    data-cell-id=\"A15\"\n                data-col-index=\"0\"\n                data-row-index=\"14\"\n                style=\"                padding:10px;\"\n                >\n                                Guadeloupe                <\/td>\n                                            <td class=\"wpdt-cell \"\n                                    data-cell-id=\"B15\"\n                data-col-index=\"1\"\n                data-row-index=\"14\"\n                style=\"                padding:10px;\"\n                >\n                                41\u20ac                <\/td>\n                                        <\/tr>\n                            <tr class=\"wpdt-cell-row \" >\n                            <td class=\"wpdt-cell \"\n                                    data-cell-id=\"A16\"\n                data-col-index=\"0\"\n                data-row-index=\"15\"\n                style=\"                padding:10px;\"\n                >\n                                Guyane                <\/td>\n                                            <td class=\"wpdt-cell \"\n                                    data-cell-id=\"B16\"\n                data-col-index=\"1\"\n                data-row-index=\"15\"\n                style=\"                padding:10px;\"\n                >\n                                42,50 \u20ac                <\/td>\n                                        <\/tr>\n                            <tr class=\"wpdt-cell-row \" >\n                            <td class=\"wpdt-cell \"\n                                    data-cell-id=\"A17\"\n                data-col-index=\"0\"\n                data-row-index=\"16\"\n                style=\"                padding:10px;\"\n                >\n                                La R\u00e9union                <\/td>\n                                            <td class=\"wpdt-cell \"\n                                    data-cell-id=\"B17\"\n                data-col-index=\"1\"\n                data-row-index=\"16\"\n                style=\"                padding:10px;\"\n                >\n                                60\u20ac                <\/td>\n                                        <\/tr>\n                            <tr class=\"wpdt-cell-row \" >\n                            <td class=\"wpdt-cell \"\n                                    data-cell-id=\"A18\"\n                data-col-index=\"0\"\n                data-row-index=\"17\"\n                style=\"                padding:10px;\"\n                >\n                                Martinique                <\/td>\n                                            <td class=\"wpdt-cell \"\n                                    data-cell-id=\"B18\"\n                data-col-index=\"1\"\n                data-row-index=\"17\"\n                style=\"                padding:10px;\"\n                >\n                                53\u20ac                <\/td>\n                                        <\/tr>\n                            <tr class=\"wpdt-cell-row \" >\n                            <td class=\"wpdt-cell \"\n                                    data-cell-id=\"A19\"\n                data-col-index=\"0\"\n                data-row-index=\"18\"\n                style=\"                padding:10px;\"\n                >\n                                Mayotte                <\/td>\n                                            <td class=\"wpdt-cell \"\n                                    data-cell-id=\"B19\"\n                data-col-index=\"1\"\n                data-row-index=\"18\"\n                style=\"                padding:10px;\"\n                >\n                                30\u20ac                <\/td>\n                                        <\/tr>\n                    <\/table>\n<\/div><style id='wpdt-custom-style-611'>\n.wpdt-bc-F3F9FE { background-color: #F3F9FE !important;}\n<\/style>\n\n<h1>Qui est concern\u00e9 par cette hausse du prix de la carte grise pour une voiture \u00e9lectrique ?<\/h1>\n<p>Si vous habitez les r\u00e9gions suivantes et que vous poss\u00e9dez un v\u00e9hicule \u00e9lectrique, le prix de votre carte grise augmentera :<\/p>\n<ul>\n<li aria-level=\"1\">La Nouvelle-Aquitaine, <b>58\u20ac<\/b> contre 53\u20ac en 2025,<\/li>\n<li aria-level=\"1\">La Provence-Alpes-C\u00f4te d\u2019Azur,<b> 60\u20ac<\/b> contre 59\u20ac en 2025,<\/li>\n<li aria-level=\"1\">La Corse,<b> 53\u20ac<\/b> contre 43\u20ac en 2025,<\/li>\n<li aria-level=\"1\">La R\u00e9union, <b>60\u20ac<\/b> contre 57\u20ac en 2025,<\/li>\n<\/ul>\n<h1>Existe-t-il des r\u00e9gions qui n\u2019appliquent pas cette hausse ?<\/h1>\n<p>Plusieurs r\u00e9gions n\u2019appliquent pas la hausse de la carte grise pour les voitures \u00e9lectriques. \u00c0 savoir, le Grand Est (60\u20ac), l\u2019Occitanie (59,50\u20ac), la Bourgogne-Franche-Comt\u00e9 (60\u20ac), le Pays de la Loire (51\u20ac), le Centre Val de Loire (60\u20ac), l\u2019Auvergne-Rh\u00f4ne-Alpes (43\u20ac), la Normandie (60\u20ac), la Bretagne (60\u20ac), la Guadeloupe (41\u20ac), la Martinique (53\u20ac), Mayotte (30\u20ac) et la Guyane (42,50\u20ac).<\/p>\n<h1>Prix carte grise voiture \u00e9lectrique : comment r\u00e9gler les frais ?<\/h1>\n<p>Rendez-vous sur le site de l\u2019ANTS pour r\u00e9gler vos frais de carte grise. Le paiement se fait exclusivement <b>en ligne et par carte bancaire<\/b>. Il n\u2019est pas possible d\u2019effectuer ce paiement par ch\u00e8que ou virement bancaire.<\/p>\n<p>Lors de la proc\u00e9dure, vous devez doit saisir les informations de votre carte bancaire directement sur la plateforme s\u00e9curis\u00e9e de<b> l\u2019ANTS<\/b> : :<\/p>\n<ul>\n<li aria-level=\"1\">Le num\u00e9ro de carte bancaire ;<\/li>\n<li aria-level=\"1\">La date d\u2019expiration ;<\/li>\n<li aria-level=\"1\">Le cryptogramme visuel (code de s\u00e9curit\u00e9 \u00e0 trois chiffres au dos de la carte).<\/li>\n<\/ul>\n<div class='shortcode summary'><div class='title'>En r\u00e9sum\u00e9 :<\/div><div class='content'><ul><li><b>\u00c0 partir du 1er mars 2026<\/b>, le prix des certificats d\u2019immatriculation augmentera.<\/li><li>Le prix moyen de la carte grise augmente de <b>2,6%<\/b> en 2026. <\/li><li><b>Oui,<\/b> la carte grise est obligatoire pour conduire un v\u00e9hicule.<\/li><li>Plusieurs r\u00e9gions n\u2019appliquent pas la hausse de la carte grise pour les voitures \u00e9lectriques.<\/li><li> Le paiement de votre carte grise pour votre voiture \u00e9lectrique se fait exclusivement <b>en ligne et par carte bancaire<\/b>.<\/li><\/ul><\/div><\/div>\n<div class='cta-block'><div class='text'>Simulez toutes vos aides en 2 min.<\/div><a href='https:\/\/www.mes-allocs.fr\/ab-app?origin=guides\/wp-json\/wp\/v2\/posts\/99273' class='app-button fit'>Simulation gratuite<\/a><\/div>\n","protected":false},"excerpt":{"rendered":"<p>[Mis \u00e0 jour le 04\/03\/2026] Le prix de la carte grise pour une voiture \u00e9lectrique conna\u00eet quelques changements en 2026. \u00c0 l\u2019instar des certificats d\u2019immatriculation pour v\u00e9hicules thermiques, le prix de votre carte grise pour votre voiture \u00e9lectrique va aussi augmenter \u00e0 partir du 1er mars 2026. Mes Allocs vous explique qui est concern\u00e9 par [&hellip;]<\/p>\n","protected":false},"author":29,"featured_media":99306,"comment_status":"open","ping_status":"open","sticky":false,"template":"","format":"standard","meta":{"amp_status":"","footnotes":""},"categories":[29,52393],"tags":[],"class_list":["post-99273","post","type-post","status-publish","format-standard","has-post-thumbnail","hentry","category-aide-mobilite","category-prix-carte-grise"],"yoast_head":"<!-- This site is optimized with the Yoast SEO plugin v14.9 - https:\/\/yoast.com\/wordpress\/plugins\/seo\/ -->\n<title>Prix carte grise voiture \u00e9lectrique : combien allez-vous payer en 2026 ?<\/title>\n<meta name=\"description\" content=\"La carte grise pour les voitures \u00e9lectriques n&#039;est plus gratuite. D\u00e9couvrez les prix par r\u00e9gion pour l&#039;ann\u00e9e 2026.\" \/>\n<meta name=\"robots\" content=\"index, follow, max-snippet:-1, max-image-preview:large, max-video-preview:-1\" \/>\n<link rel=\"canonical\" href=\"https:\/\/www.mes-allocs.fr\/guides\/aide-mobilite\/prix-carte-grise\/carte-grise-voiture-electrique\/\" \/>\n<meta property=\"og:locale\" content=\"fr_FR\" \/>\n<meta property=\"og:type\" content=\"article\" \/>\n<meta property=\"og:title\" content=\"Prix carte grise voiture \u00e9lectrique : combien allez-vous payer en 2026 ?\" \/>\n<meta property=\"og:description\" content=\"La carte grise pour les voitures \u00e9lectriques n&#039;est plus gratuite. D\u00e9couvrez les prix par r\u00e9gion pour l&#039;ann\u00e9e 2026.\" \/>\n<meta property=\"og:url\" content=\"https:\/\/www.mes-allocs.fr\/guides\/aide-mobilite\/prix-carte-grise\/carte-grise-voiture-electrique\/\" \/>\n<meta property=\"og:site_name\" content=\"Mes-Allocs.fr\" \/>\n<meta property=\"article:published_time\" content=\"2025-05-07T14:20:51+00:00\" \/>\n<meta property=\"article:modified_time\" content=\"2026-04-22T07:33:12+00:00\" \/>\n<meta property=\"og:image\" content=\"https:\/\/www.mes-allocs.fr\/guides\/wp-content\/uploads\/2025\/05\/voiture-electrique-prix-carte-grise.jpg?wsr\" \/>\n\t<meta property=\"og:image:width\" content=\"2000\" \/>\n\t<meta property=\"og:image:height\" content=\"1333\" \/>\n<meta name=\"twitter:card\" content=\"summary_large_image\" \/>\n<script type=\"application\/ld+json\" class=\"yoast-schema-graph\">{\"@context\":\"https:\/\/schema.org\",\"@graph\":[{\"@type\":\"WebSite\",\"@id\":\"https:\/\/www.mes-allocs.fr\/guides\/#website\",\"url\":\"https:\/\/www.mes-allocs.fr\/guides\/\",\"name\":\"Mes-Allocs.fr\",\"description\":\"\",\"potentialAction\":[{\"@type\":\"SearchAction\",\"target\":\"https:\/\/www.mes-allocs.fr\/guides\/?s={search_term_string}\",\"query-input\":\"required name=search_term_string\"}],\"inLanguage\":\"fr-FR\"},{\"@type\":\"ImageObject\",\"@id\":\"https:\/\/www.mes-allocs.fr\/guides\/aide-mobilite\/prix-carte-grise\/carte-grise-voiture-electrique\/#primaryimage\",\"inLanguage\":\"fr-FR\",\"url\":\"https:\/\/www.mes-allocs.fr\/guides\/wp-content\/uploads\/2025\/05\/voiture-electrique-prix-carte-grise.jpg?wsr\",\"width\":2000,\"height\":1333,\"caption\":\"voiture electrique prix carte grise\"},{\"@type\":\"WebPage\",\"@id\":\"https:\/\/www.mes-allocs.fr\/guides\/aide-mobilite\/prix-carte-grise\/carte-grise-voiture-electrique\/#webpage\",\"url\":\"https:\/\/www.mes-allocs.fr\/guides\/aide-mobilite\/prix-carte-grise\/carte-grise-voiture-electrique\/\",\"name\":\"Prix carte grise voiture \\u00e9lectrique : combien allez-vous payer en 2026 ?\",\"isPartOf\":{\"@id\":\"https:\/\/www.mes-allocs.fr\/guides\/#website\"},\"primaryImageOfPage\":{\"@id\":\"https:\/\/www.mes-allocs.fr\/guides\/aide-mobilite\/prix-carte-grise\/carte-grise-voiture-electrique\/#primaryimage\"},\"datePublished\":\"2025-05-07T14:20:51+00:00\",\"dateModified\":\"2026-04-22T07:33:12+00:00\",\"author\":{\"@id\":\"https:\/\/www.mes-allocs.fr\/guides\/#\/schema\/person\/4e41463521c6aa39e7147c10ad0cb360\"},\"description\":\"La carte grise pour les voitures \\u00e9lectriques n'est plus gratuite. D\\u00e9couvrez les prix par r\\u00e9gion pour l'ann\\u00e9e 2026.\",\"inLanguage\":\"fr-FR\"},{\"@type\":\"Person\",\"@id\":\"https:\/\/www.mes-allocs.fr\/guides\/#\/schema\/person\/4e41463521c6aa39e7147c10ad0cb360\",\"name\":\"Camille Jouanne\",\"image\":{\"@type\":\"ImageObject\",\"@id\":\"https:\/\/www.mes-allocs.fr\/guides\/#personlogo\",\"inLanguage\":\"fr-FR\",\"url\":\"https:\/\/www.mes-allocs.fr\/guides\/wp-content\/uploads\/2025\/08\/camille-jouanne-e1756398287761-150x150.png\",\"caption\":\"Camille Jouanne\"},\"description\":\"Responsable \\u00e9ditoriale chez Mes Allocs, je rejoins l'\\u00e9quipe en f\\u00e9vrier 2024 apr\\u00e8s une exp\\u00e9rience en agence web. Je suis sp\\u00e9cialis\\u00e9e sur les sujets li\\u00e9s aux aides sociales, aux imp\\u00f4ts, \\u00e0 la S\\u00e9curit\\u00e9 Sociale et \\u00e0 la retraite. Mon r\\u00f4le est de garantir la qualit\\u00e9, la pertinence et la coh\\u00e9rence des contenus publi\\u00e9s. J'accompagne les r\\u00e9dacteurs et r\\u00e9dactrices de l\\u2019id\\u00e9e \\u00e0 la publication, avec le souci du d\\u00e9tail. Ma priorit\\u00e9 : proposer des contenus fiables, engageants et pens\\u00e9s pour les lecteurs.\",\"sameAs\":[\"https:\/\/www.linkedin.com\/in\/camille-jouanne-2394881a5\"]}]}<\/script>\n<!-- \/ Yoast SEO plugin. -->","amp_validity":null,"acf":{"faq":{"1":{"question":"Quel est le co\u00fbt d'une carte grise pour un v\u00e9hicule \u00e9lectrique ?","answer":"Le co\u00fbt d\u00e9pend de votre r\u00e9gion et de la puissance fiscale du v\u00e9hicule. "},"2":{"question":"Est-ce que la carte grise pour un v\u00e9hicule \u00e9lectrique est gratuite ?","answer":"Non, la carte grise n\u2019est plus gratuite pour la plupart des v\u00e9hicules \u00e9lectriques depuis mai 2025. Seule la r\u00e9gion Hauts-de-France propose encore la gratuit\u00e9. Ailleurs, il faut payer la taxe r\u00e9gionale comme pour les autres voitures."},"3":{"question":"Quel est le prix d'une carte grise pour une Tesla ?","answer":"Le prix d\u00e9pend de la puissance fiscale de la Tesla (souvent entre 5 et 10 chevaux fiscaux) et de votre r\u00e9gion. Par exemple, pour une Tesla de 8 chevaux fiscaux en \u00cele-de-France (68,95 \u20ac\/CV), le co\u00fbt serait de 551,60\u20ac. Ajoutez \u00e0 cela les frais fixes d\u2019immatriculation.\r\n\r\n"},"4":{"question":"Quel est le co\u00fbt d'immatriculation d'un v\u00e9hicule \u00e9lectrique ?","answer":"Vous devez payer la taxe r\u00e9gionale (entre 43 \u20ac et 60 \u20ac par cheval fiscal selon la r\u00e9gion), plus des frais fixes (environ 13,76 \u20ac pour l\u2019acheminement du titre). Le co\u00fbt total varie donc selon la puissance fiscale de votre v\u00e9hicule et votre lieu de r\u00e9sidence.\r\n\r\n"},"5":{"question":"Est-il plus cher d'assurer une voiture \u00e9lectrique ?","answer":"Assurer une voiture \u00e9lectrique co\u00fbte en moyenne entre 405 \u20ac (assurance au tiers) et 607 \u20ac (tous risques) par an. "},"6":{"question":"Quel est le taux d'\u00e9mission de CO2 pour un v\u00e9hicule \u00e9lectrique sur la carte grise ?","answer":"Sur la carte grise d\u2019un v\u00e9hicule \u00e9lectrique, le taux d\u2019\u00e9mission de CO2 affich\u00e9 est de 0 g\/km, car ces v\u00e9hicules ne rejettent pas de CO2 \u00e0 l\u2019usage."},"7":{"question":"","answer":""},"8":{"question":"","answer":""},"9":{"question":"","answer":""},"10":{"question":"","answer":""},"11":{"question":"","answer":""},"12":{"question":"","answer":""},"13":{"question":"","answer":""},"14":{"question":"","answer":""},"15":{"question":"","answer":""},"16":{"question":"","answer":""}}},"_links":{"self":[{"href":"https:\/\/www.mes-allocs.fr\/guides\/wp-json\/wp\/v2\/posts\/99273","targetHints":{"allow":["GET"]}}],"collection":[{"href":"https:\/\/www.mes-allocs.fr\/guides\/wp-json\/wp\/v2\/posts"}],"about":[{"href":"https:\/\/www.mes-allocs.fr\/guides\/wp-json\/wp\/v2\/types\/post"}],"author":[{"embeddable":true,"href":"https:\/\/www.mes-allocs.fr\/guides\/wp-json\/wp\/v2\/users\/29"}],"replies":[{"embeddable":true,"href":"https:\/\/www.mes-allocs.fr\/guides\/wp-json\/wp\/v2\/comments?post=99273"}],"version-history":[{"count":15,"href":"https:\/\/www.mes-allocs.fr\/guides\/wp-json\/wp\/v2\/posts\/99273\/revisions"}],"predecessor-version":[{"id":110134,"href":"https:\/\/www.mes-allocs.fr\/guides\/wp-json\/wp\/v2\/posts\/99273\/revisions\/110134"}],"wp:featuredmedia":[{"embeddable":true,"href":"https:\/\/www.mes-allocs.fr\/guides\/wp-json\/wp\/v2\/media\/99306"}],"wp:attachment":[{"href":"https:\/\/www.mes-allocs.fr\/guides\/wp-json\/wp\/v2\/media?parent=99273"}],"wp:term":[{"taxonomy":"category","embeddable":true,"href":"https:\/\/www.mes-allocs.fr\/guides\/wp-json\/wp\/v2\/categories?post=99273"},{"taxonomy":"post_tag","embeddable":true,"href":"https:\/\/www.mes-allocs.fr\/guides\/wp-json\/wp\/v2\/tags?post=99273"}],"curies":[{"name":"wp","href":"https:\/\/api.w.org\/{rel}","templated":true}]}}