{"id":99160,"date":"2025-05-05T11:03:45","date_gmt":"2025-05-05T09:03:45","guid":{"rendered":"https:\/\/www.mes-allocs.fr\/guides\/?p=99160"},"modified":"2026-04-22T08:33:13","modified_gmt":"2026-04-22T07:33:13","slug":"handicap-travail","status":"publish","type":"post","link":"https:\/\/www.mes-allocs.fr\/guides\/aide-par-situation\/aide-handicap\/handicap-travail\/","title":{"rendered":"Handicap et travail : quels sont vos droits et possibilit\u00e9s ?"},"content":{"rendered":"<p><img loading=\"lazy\" decoding=\"async\" class=\"alignnone wp-image-99161\" title=\"handicap travail\" src=\"https:\/\/www.mes-allocs.fr\/guides\/wp-content\/uploads\/2025\/05\/handicap-travail-e1746435763912-300x52.jpg\" alt=\"handicap travail\" width=\"1413\" height=\"245\" srcset=\"https:\/\/www.mes-allocs.fr\/guides\/wp-content\/uploads\/2025\/05\/handicap-travail-e1746435763912-300x52.jpg 300w, https:\/\/www.mes-allocs.fr\/guides\/wp-content\/uploads\/2025\/05\/handicap-travail-e1746435763912-1024x177.jpg 1024w, https:\/\/www.mes-allocs.fr\/guides\/wp-content\/uploads\/2025\/05\/handicap-travail-e1746435763912-768x132.jpg 768w, https:\/\/www.mes-allocs.fr\/guides\/wp-content\/uploads\/2025\/05\/handicap-travail-e1746435763912-1536x265.jpg 1536w, https:\/\/www.mes-allocs.fr\/guides\/wp-content\/uploads\/2025\/05\/handicap-travail-e1746435763912-600x104.jpg 600w, https:\/\/www.mes-allocs.fr\/guides\/wp-content\/uploads\/2025\/05\/handicap-travail-e1746435763912.jpg 2000w\" sizes=\"auto, (max-width: 1413px) 100vw, 1413px\" \/><\/p>\n<p>En France, des <a href=\"https:\/\/www.mes-allocs.fr\/guides\/aide-par-situation\/\">aides selon votre situation<\/a> peuvent vous \u00eatre attribu\u00e9es si vous en faites la demande. C&rsquo;est le cas \u00e9galement sur votre lieu de travail. Gr\u00e2ce \u00e0 certaines aides, il est ainsi possible de concilier facilement <b>handicap et travail<\/b>. Dans cet article, d\u00e9couvrez comment obtenir la RQTH, quels sont vos droits au travail et les aides \u00e0 l\u2019embauche ou \u00e0 la formation.<\/p>\n<p class=\"p1\"><div class='cta-block'><div class='text'>Simulez toutes vos Aides en 2 min.<\/div><a href='https:\/\/www.mes-allocs.fr\/ab-app?origin=guides\/wp-json\/wp\/v2\/posts\/99160' class='app-button fit'>Simulation gratuite<\/a><\/div><\/p>\n<h1>Qu\u2019est-ce que la reconnaissance de travailleur handicap\u00e9 (RQTH) ?<\/h1>\n<h2>Qui peut demander la RQTH et \u00e0 quoi sert-elle ?<\/h2>\n<p>Toute personne dont les possibilit\u00e9s d&rsquo;obtenir ou de conserver un emploi sont r\u00e9duites \u00e0 cause d\u2019un <b>handicap<\/b> peut demander la RQTH, <b>d\u00e8s l\u2019\u00e2ge de 16 ans <\/b>(ou de 15 ans en cas de formation ou de stage). La demande se fait aupr\u00e8s de la maison d\u00e9partementale des personnes handicap\u00e9es (MDPH). La RQTH sert \u00e0 b\u00e9n\u00e9ficier d&rsquo;aides adapt\u00e9es, d&rsquo;am\u00e9nagements de poste, ou de dispositif pour acc\u00e9der \u00e0 un emploi ou s\u2019y maintenir.<\/p>\n<h2>Quels avantages offre la RQTH pour l\u2019acc\u00e8s ou le maintien dans l\u2019emploi ?<\/h2>\n<p>La Reconnaissance de la Qualit\u00e9 de Travailleur Handicap\u00e9 (RQTH) offre plusieurs avantages :<\/p>\n<ul>\n<li aria-level=\"1\">Elle donne acc\u00e8s \u00e0 des dispositifs d\u2019<b>accompagnement vers l\u2019emploi<\/b>, comme un suivi personnalis\u00e9 par France Travail ou Cap emploi.<\/li>\n<li aria-level=\"1\">La RQTH vous donne acc\u00e8s \u00e0 des dispositifs, tels que des <b>contrats aid\u00e9s<\/b> ou des <b>aides \u00e0 l\u2019embauche<\/b>.<\/li>\n<li aria-level=\"1\">Vous pouvez demander des <b>adaptations de votre poste de travail<\/b> afin de compenser les effets de votre handicap.<\/li>\n<li aria-level=\"1\">Vous avez la possibilit\u00e9 d\u2019acc\u00e9der \u00e0 des <b>formations adapt\u00e9es<\/b> pour d\u00e9velopper vos comp\u00e9tences ou vous reconvertir.<\/li>\n<li aria-level=\"1\">Vous pouvez b\u00e9n\u00e9ficier d\u2019aides pour <b>financer l\u2019am\u00e9nagement de votre poste<\/b>.<\/li>\n<\/ul>\n<h1>Quels am\u00e9nagements et compensations sont possibles sur le lieu de travail ?<\/h1>\n<h2>Quelles mesures de compensation peut-on demander \u00e0 l\u2019employeur ?<\/h2>\n<p>Vous pouvez demander diff\u00e9rents types d\u2019am\u00e9nagements, comme :<\/p>\n<ul>\n<li aria-level=\"1\"><b>Des am\u00e9nagements mat\u00e9riels<\/b> : un si\u00e8ge ergonomique, du mat\u00e9riel informatique adapt\u00e9.<\/li>\n<li aria-level=\"1\"><b>Une aide humaine <\/b>: un accompagnement des personnels en situation de handicap ou un interpr\u00e8te en langue des signes.<\/li>\n<li aria-level=\"1\"><b>Des am\u00e9nagements organisationnels<\/b> : une adaptation des horaires, du t\u00e9l\u00e9travail.<\/li>\n<li aria-level=\"1\"><b>Des aides \u00e0 la mobilit\u00e9<\/b> : un transport adapt\u00e9 entre le domicile et le lieu de travail.<\/li>\n<li aria-level=\"1\"><b>L\u2019accessibilit\u00e9 des locaux <\/b>: rampe d\u2019acc\u00e8s, ascenseur.<\/li>\n<\/ul>\n<h2>Qui finance les am\u00e9nagements du poste de travail ?<\/h2>\n<p>Le financement des am\u00e9nagements peut \u00eatre assur\u00e9 par :<\/p>\n<ul>\n<li aria-level=\"1\">L\u2019<b>employeur<\/b> qui prend en charge une partie des \u00e9quipements n\u00e9cessaires.<\/li>\n<li aria-level=\"1\">L\u2019<b>AGEFIPH <\/b>(dans le secteur priv\u00e9) et le<b> FIPHFP <\/b>(dans le secteur public) peuvent accorder une aide financi\u00e8re.<\/li>\n<\/ul>\n<p><b>\u00c0 noter<\/b> : le montant de l\u2019aide d\u00e9pend de la situation et laisse g\u00e9n\u00e9ralement \u00e0 la charge de l&#8217;employeur le co\u00fbt des \u00e9quipements standards, tandis que la diff\u00e9rence li\u00e9e au handicap est financ\u00e9e par ces organismes.<\/p>\n<h2>Quel accompagnement existe apr\u00e8s la mise en place des solutions ?<\/h2>\n<p>Apr\u00e8s la mise en place des am\u00e9nagements, un accompagnement est propos\u00e9 pour s\u2019assurer que les solutions sont en ad\u00e9quation avec votre situation :<\/p>\n<ul>\n<li aria-level=\"1\">Suivi par le <b>m\u00e9decin du travail<\/b> et le <b>correspondant handicap <\/b>de votre structure.<\/li>\n<li aria-level=\"1\">Accompagnement par <b>CAP emploi<\/b> pour l\u2019\u00e9volution du poste ou l\u2019adaptation continue en cas de changement de situation.<\/li>\n<li aria-level=\"1\">Possibilit\u00e9 <b>de renouveler ou d\u2019adapter<\/b> les am\u00e9nagements<b> en cas d\u2019\u00e9volution<\/b> du handicap, de l\u2019environnement de travail ou d\u2019obsolescence des \u00e9quipements.<\/li>\n<\/ul>\n<p class=\"p1\"><div class='cta-block'><div class='text'>Simulez toutes vos Aides en 2 min.<\/div><a href='https:\/\/www.mes-allocs.fr\/ab-app?origin=guides\/wp-json\/wp\/v2\/posts\/99160' class='app-button fit'>Simulation gratuite<\/a><\/div><\/p>\n<h1>Quelles sont les principales aides financi\u00e8res pour les personnes en situation de handicap ?<\/h1>\n<h2>Qu\u2019est-ce que l\u2019Allocation aux Adultes Handicap\u00e9s (AAH) et qui peut en b\u00e9n\u00e9ficier ?<\/h2>\n<p>L\u2019Allocation aux Adultes handicap\u00e9s (AAH) est une aide mensuelle qui permet aux personnes en situation de handicap d\u2019avoir un revenu minimum. En 2025, son montant maximal est de <b>1033,32 \u20ac <\/b>par mois pour une personne sans autres revenus. Pour en b\u00e9n\u00e9ficier, il faut :<\/p>\n<ul>\n<li aria-level=\"1\">Avoir <b>au moins 20 ans <\/b>(ou 16 ans si l\u2019on n\u2019est plus \u00e0 la charge des parents).<\/li>\n<li aria-level=\"1\">Pr\u00e9senter un taux d\u2019incapacit\u00e9<b> d\u2019au moins 80 % <\/b>ou <b>entre 50 % et 79 %<\/b> avec une restriction substantielle et durable d\u2019acc\u00e8s \u00e0 l\u2019emploi.<\/li>\n<li aria-level=\"1\">R\u00e9sider <b>en France<\/b> de fa\u00e7on stable et r\u00e9guli\u00e8re.<\/li>\n<li aria-level=\"1\">Respecter les <b>conditions de ressources<\/b>.<\/li>\n<\/ul>\n<h2>Quelles autres aides financi\u00e8res sont accessibles ?<\/h2>\n<p>D\u2019autres aides financi\u00e8res sont accessibles :<\/p>\n<ul>\n<li aria-level=\"1\"><b>La Prestation de Compensation du Handicap (PCH) <\/b>: elle prend en charge les d\u00e9penses li\u00e9es \u00e0 la perte d\u2019autonomie.<\/li>\n<li aria-level=\"1\"><b>La pension d\u2019invalidit\u00e9<\/b> : elle est vers\u00e9e aux personnes qui ont une capacit\u00e9 de travail r\u00e9duite \u00e0 la suite d\u2019un accident ou d\u2019une maladie d\u2019origine non professionnelle.<\/li>\n<li aria-level=\"1\"><b>La majoration pour la vie autonome (MVA)<\/b> : il s\u2019agit d\u2019un compl\u00e9ment de l\u2019AAH, et elle est destin\u00e9e aux personnes vivant dans un logement ind\u00e9pendant et qui ont un taux d\u2019incapacit\u00e9 d\u2019au moins 80 %.<\/li>\n<\/ul>\n<h1>Comment cumuler travail et AAH ?<\/h1>\n<h2>Peut-on travailler tout en percevant l\u2019AAH ?<\/h2>\n<p><b>Oui<\/b>, il est possible de travailler tout en percevant l\u2019Allocation aux Adultes Handicap\u00e9s (AAH). Vous pouvez <b>cumuler vos revenus professionnels avec l\u2019AAH<\/b> mais le montant de l\u2019allocation sera <b>ajust\u00e9 en fonction de vos ressources.\u00a0<\/b><\/p>\n<h2>Combien d\u2019heures peut-on travailler sans perdre l\u2019AAH ?<\/h2>\n<p>Il n\u2019existe <b>pas de limite d\u2019heures de travail <\/b>pour conserver l\u2019AAH. Ce n\u2019est donc pas le nombre d\u2019heures travaill\u00e9es qui d\u00e9termine le maintien de l\u2019AAH, mais le montant de vos revenus professionnels. Plus vos revenus augmentent, plus le montant de l\u2019AAH diminue, jusqu\u2019\u00e0 dispara\u00eetre si vous d\u00e9passez le plafond de ressources.<\/p>\n<h2>Quelles sont les cons\u00e9quences d\u2019un d\u00e9passement du plafond d\u2019heures ou de ressources ?<\/h2>\n<p>Si vos ressources d\u00e9passent le plafond fix\u00e9 pour l\u2019AAH, le montant de l\u2019allocation est <b>r\u00e9duit en fonction de la moyenne mensuelle de vos revenus sur 3 mois<\/b>. L&rsquo;AAH devient alors diff\u00e9rentielle, ce qui signifie qu\u2019elle est diminu\u00e9e du montant de vos revenus. Comme mentionn\u00e9 pr\u00e9c\u00e9demment, il n\u2019existe pas de plafond d\u2019heures de travail. Si vos revenus d\u2019activit\u00e9 sont trop \u00e9lev\u00e9s, la CAF peut suspendre ou supprimer le versement de l\u2019AAH. En cas de retour \u00e0 des ressources inf\u00e9rieures au plafond, vous pouvez \u00e0 nouveau b\u00e9n\u00e9ficier de l\u2019allocation.<\/p>\n<h1>Quelles aides pour la formation et l\u2019insertion professionnelle lorsqu\u2019on a un handicap ?<\/h1>\n<p>Des aides financi\u00e8res sont <b>propos\u00e9es par l\u2019AGEFIPH<\/b> (secteur priv\u00e9) et le <b>FIPHFP<\/b> (secteur public) pour financer les frais de formation, l\u2019am\u00e9nagement du poste, l\u2019accompagnement humain ou technique et la r\u00e9mun\u00e9ration pendant la formation. Les contrats en alternance sont accessibles, sans limite d\u2019\u00e2ge ni de qualification et donnent droit \u00e0 des aides pour l\u2019employeur et le salari\u00e9.<\/p>\n<p>L\u2019insertion professionnelle est aussi soutenue par des mesures d\u2019accompagnement tout au long du parcours avec une pr\u00e9sence obligatoire d\u2019un r\u00e9f\u00e9rent handicap en centre de formation, des am\u00e9nagements p\u00e9dagogiques et un accompagnement.<\/p>\n<h1>Comment faire reconna\u00eetre son handicap et demander des aides ?<\/h1>\n<p>Pour faire reconna\u00eetre votre handicap et acc\u00e9der aux aides correspondantes, vous devez <b>d\u00e9poser un dossier<\/b> aupr\u00e8s de la Maison D\u00e9partementale des Personnes Handicap\u00e9es (MDPH) de votre lieu de r\u00e9sidence. Ce dossier unique vous permet de demander la Reconnaissance de la Qualit\u00e9 de Travailleur Handicap\u00e9 (RQTH), mais aussi d\u2019autres prestations comme l\u2019AAH, la PCH ou la carte mobilit\u00e9 inclusion.<\/p>\n<p>Vous devez remplir le formulaire<b> Cerfa n\u00b01569201<\/b>, y joindre un certificat m\u00e9dical r\u00e9cent (Cerfa n\u00b01569501) \u00e9tabli par votre m\u00e9decin, ainsi que des justificatifs d\u2019identit\u00e9 et de domicile. Le dossier peut \u00eatre d\u00e9pos\u00e9 en ligne, envoy\u00e9 par courrier ou remis directement \u00e0 la MDPH. L\u2019\u00e9quipe de la MDPH \u00e9value ensuite votre situation et vos besoins de compensation pour proposer des aides adapt\u00e9es. La d\u00e9cision finale revient \u00e0 la Commission des droits et de l\u2019autonomie des personnes handicap\u00e9es (CDAPH).<\/p>\n<h1>Quels sont mes droits en cas de licenciement ou de difficult\u00e9s au travail ?<\/h1>\n<p>En cas de licenciement ou de difficult\u00e9s au travail, vous b\u00e9n\u00e9ficiez des <b>m\u00eames droits que tout salari\u00e9<\/b>. Votre employeur ne peut pas vous licencier en raison de votre handicap, car cela constituerait une discrimination interdite par la loi. Si un licenciement intervient pour un motif l\u00e9gal (\u00e9conomique, personnel, inaptitude reconnue par la m\u00e9decine du travail), la dur\u00e9e de votre pr\u00e9avis est doubl\u00e9e, dans la limite de trois mois. Vous percevez \u00e9galement les indemnit\u00e9s de licenciement de droit commun, calcul\u00e9es selon votre anciennet\u00e9. En cas de difficult\u00e9s li\u00e9es \u00e0 votre handicap, l\u2019employeur doit d\u2019abord \u00e9tudier les possibilit\u00e9s d\u2019am\u00e9nagement ou de reclassement avant d\u2019envisager un licenciement.<\/p>\n<p class=\"p1\"><div class='cta-block'><div class='text'>Simulez toutes vos Aides en 2 min.<\/div><a href='https:\/\/www.mes-allocs.fr\/ab-app?origin=guides\/wp-json\/wp\/v2\/posts\/99160' class='app-button fit'>Simulation gratuite<\/a><\/div><\/p>\n","protected":false},"excerpt":{"rendered":"<p>En France, des aides selon votre situation peuvent vous \u00eatre attribu\u00e9es si vous en faites la demande. C&rsquo;est le cas \u00e9galement sur votre lieu de travail. Gr\u00e2ce \u00e0 certaines aides, il est ainsi possible de concilier facilement handicap et travail. Dans cet article, d\u00e9couvrez comment obtenir la RQTH, quels sont vos droits au travail et [&hellip;]<\/p>\n","protected":false},"author":31,"featured_media":99162,"comment_status":"open","ping_status":"open","sticky":false,"template":"","format":"standard","meta":{"amp_status":"","footnotes":""},"categories":[35708,14320],"tags":[],"class_list":["post-99160","post","type-post","status-publish","format-standard","has-post-thumbnail","hentry","category-aide-handicap","category-aide-par-situation"],"yoast_head":"<!-- This site is optimized with the Yoast SEO plugin v14.9 - https:\/\/yoast.com\/wordpress\/plugins\/seo\/ -->\n<title>Handicap et travail : doits, aides, am\u00e9nagements | Mes-Allocs.fr<\/title>\n<meta name=\"description\" content=\"D\u00e9couvrez les aides pour cumuler handicap et travail : RQTH, aides \u00e0 l\u2019embauche, \u00e0 la formation et am\u00e9nagements de poste.\" \/>\n<meta name=\"robots\" content=\"index, follow, max-snippet:-1, max-image-preview:large, max-video-preview:-1\" \/>\n<link rel=\"canonical\" href=\"https:\/\/www.mes-allocs.fr\/guides\/aide-par-situation\/aide-handicap\/handicap-travail\/\" \/>\n<meta property=\"og:locale\" content=\"fr_FR\" \/>\n<meta property=\"og:type\" content=\"article\" \/>\n<meta property=\"og:title\" content=\"Handicap et travail : doits, aides, am\u00e9nagements | Mes-Allocs.fr\" \/>\n<meta property=\"og:description\" content=\"D\u00e9couvrez les aides pour cumuler handicap et travail : RQTH, aides \u00e0 l\u2019embauche, \u00e0 la formation et am\u00e9nagements de poste.\" \/>\n<meta property=\"og:url\" content=\"https:\/\/www.mes-allocs.fr\/guides\/aide-par-situation\/aide-handicap\/handicap-travail\/\" \/>\n<meta property=\"og:site_name\" content=\"Mes-Allocs.fr\" \/>\n<meta property=\"article:published_time\" content=\"2025-05-05T09:03:45+00:00\" \/>\n<meta property=\"article:modified_time\" content=\"2026-04-22T07:33:13+00:00\" \/>\n<meta property=\"og:image\" content=\"https:\/\/www.mes-allocs.fr\/guides\/wp-content\/uploads\/2025\/05\/travail-handicap.jpg?wsr\" \/>\n\t<meta property=\"og:image:width\" content=\"2000\" \/>\n\t<meta property=\"og:image:height\" content=\"1334\" \/>\n<meta name=\"twitter:card\" content=\"summary_large_image\" \/>\n<script type=\"application\/ld+json\" class=\"yoast-schema-graph\">{\"@context\":\"https:\/\/schema.org\",\"@graph\":[{\"@type\":\"WebSite\",\"@id\":\"https:\/\/www.mes-allocs.fr\/guides\/#website\",\"url\":\"https:\/\/www.mes-allocs.fr\/guides\/\",\"name\":\"Mes-Allocs.fr\",\"description\":\"\",\"potentialAction\":[{\"@type\":\"SearchAction\",\"target\":\"https:\/\/www.mes-allocs.fr\/guides\/?s={search_term_string}\",\"query-input\":\"required name=search_term_string\"}],\"inLanguage\":\"fr-FR\"},{\"@type\":\"ImageObject\",\"@id\":\"https:\/\/www.mes-allocs.fr\/guides\/aide-par-situation\/aide-handicap\/handicap-travail\/#primaryimage\",\"inLanguage\":\"fr-FR\",\"url\":\"https:\/\/www.mes-allocs.fr\/guides\/wp-content\/uploads\/2025\/05\/travail-handicap.jpg?wsr\",\"width\":2000,\"height\":1334,\"caption\":\"travail handicap\"},{\"@type\":\"WebPage\",\"@id\":\"https:\/\/www.mes-allocs.fr\/guides\/aide-par-situation\/aide-handicap\/handicap-travail\/#webpage\",\"url\":\"https:\/\/www.mes-allocs.fr\/guides\/aide-par-situation\/aide-handicap\/handicap-travail\/\",\"name\":\"Handicap et travail : doits, aides, am\\u00e9nagements | Mes-Allocs.fr\",\"isPartOf\":{\"@id\":\"https:\/\/www.mes-allocs.fr\/guides\/#website\"},\"primaryImageOfPage\":{\"@id\":\"https:\/\/www.mes-allocs.fr\/guides\/aide-par-situation\/aide-handicap\/handicap-travail\/#primaryimage\"},\"datePublished\":\"2025-05-05T09:03:45+00:00\",\"dateModified\":\"2026-04-22T07:33:13+00:00\",\"author\":{\"@id\":\"https:\/\/www.mes-allocs.fr\/guides\/#\/schema\/person\/4f115680446d9e6de360142157ca671d\"},\"description\":\"D\\u00e9couvrez les aides pour cumuler handicap et travail : RQTH, aides \\u00e0 l\\u2019embauche, \\u00e0 la formation et am\\u00e9nagements de poste.\",\"inLanguage\":\"fr-FR\"},{\"@type\":\"Person\",\"@id\":\"https:\/\/www.mes-allocs.fr\/guides\/#\/schema\/person\/4f115680446d9e6de360142157ca671d\",\"name\":\"Miangaly Ramasindray\",\"image\":{\"@type\":\"ImageObject\",\"@id\":\"https:\/\/www.mes-allocs.fr\/guides\/#personlogo\",\"inLanguage\":\"fr-FR\",\"url\":\"https:\/\/www.mes-allocs.fr\/guides\/wp-content\/uploads\/2024\/10\/Miangaly_Ramasindray-150x150.jpeg\",\"caption\":\"Miangaly Ramasindray\"},\"description\":\"Miangaly est r\\u00e9dactrice web sp\\u00e9cialis\\u00e9e sur les sujets de pouvoir d'achat. Elle rejoint Mes Allocs en 2024 apr\\u00e8s une premi\\u00e8re exp\\u00e9rience en marketing chez DMI.\",\"sameAs\":[\"https:\/\/www.linkedin.com\/in\/miangaly-ramasindray\/\"]}]}<\/script>\n<!-- \/ Yoast SEO plugin. -->","amp_validity":null,"acf":{"faq":{"1":{"question":"Quels sont les droits d'un travailleur handicap\u00e9 ?","answer":"Les droits d\u2019un travailleur handicap\u00e9 incluent l\u2019am\u00e9nagement du poste de travail, des horaires adapt\u00e9s, l\u2019acc\u00e8s \u00e0 des formations sp\u00e9cifiques, la protection contre la discrimination, le doublement du pr\u00e9avis en cas de licenciement (dans la limite de trois mois) et la possibilit\u00e9 de reclassement ou d\u2019aide \u00e0 la cr\u00e9ation d\u2019activit\u00e9."},"2":{"question":"Quel est l'avantage d'\u00eatre reconnu travailleur handicap\u00e9 ?","answer":"\u00catre reconnu travailleur handicap\u00e9 (RQTH) permet d\u2019obtenir des aides pour acc\u00e9der \u00e0 l\u2019emploi ou s\u2019y maintenir, d\u2019avoir des am\u00e9nagements de poste, d\u2019acc\u00e9der \u00e0 des dispositifs de formation et d\u2019insertion, et de b\u00e9n\u00e9ficier de certains avantages fiscaux et sociaux."},"3":{"question":"Quel est le montant pour la RQTH ?","answer":"Il n\u2019y a pas de montant vers\u00e9 pour la RQTH elle-m\u00eame\u202f: la RQTH est un statut administratif, pas une aide financi\u00e8re directe. Elle permet cependant d\u2019ouvrir droit \u00e0 d\u2019autres aides comme l\u2019AAH ou la PCH si vous remplissez les conditions."},"4":{"question":"Comment travailler quand on est handicap\u00e9 ?","answer":"Quand on est handicap\u00e9, on peut travailler en milieu ordinaire avec des adaptations, dans un \u00e9tablissement sp\u00e9cialis\u00e9, ou b\u00e9n\u00e9ficier d\u2019un accompagnement pour trouver un emploi adapt\u00e9 \u00e0 ses capacit\u00e9s."},"5":{"question":"Quel est le temps de travail pour un travailleur handicap\u00e9 ?","answer":"Il n\u2019y a pas de dur\u00e9e de travail sp\u00e9cifique pour un travailleur handicap\u00e9\u202f: le temps de travail d\u00e9pend de vos capacit\u00e9s et peut \u00eatre am\u00e9nag\u00e9 (temps partiel, horaires adapt\u00e9s) selon vos besoins et sur avis m\u00e9dical."},"6":{"question":"Est-ce que RQTH compte pour la retraite ?","answer":"Oui, la RQTH compte pour la retraite\u202f: elle peut permettre un d\u00e9part anticip\u00e9 d\u00e8s 55 ans sous certaines conditions, une prise en compte sp\u00e9cifique des trimestres, et limiter la d\u00e9cote sur la pension de retraite."},"7":{"question":"","answer":""},"8":{"question":"","answer":""},"9":{"question":"","answer":""},"10":{"question":"","answer":""},"11":{"question":"","answer":""},"12":{"question":"","answer":""},"13":{"question":"","answer":""},"14":{"question":"","answer":""},"15":{"question":"","answer":""},"16":{"question":"","answer":""}}},"_links":{"self":[{"href":"https:\/\/www.mes-allocs.fr\/guides\/wp-json\/wp\/v2\/posts\/99160","targetHints":{"allow":["GET"]}}],"collection":[{"href":"https:\/\/www.mes-allocs.fr\/guides\/wp-json\/wp\/v2\/posts"}],"about":[{"href":"https:\/\/www.mes-allocs.fr\/guides\/wp-json\/wp\/v2\/types\/post"}],"author":[{"embeddable":true,"href":"https:\/\/www.mes-allocs.fr\/guides\/wp-json\/wp\/v2\/users\/31"}],"replies":[{"embeddable":true,"href":"https:\/\/www.mes-allocs.fr\/guides\/wp-json\/wp\/v2\/comments?post=99160"}],"version-history":[{"count":3,"href":"https:\/\/www.mes-allocs.fr\/guides\/wp-json\/wp\/v2\/posts\/99160\/revisions"}],"predecessor-version":[{"id":99209,"href":"https:\/\/www.mes-allocs.fr\/guides\/wp-json\/wp\/v2\/posts\/99160\/revisions\/99209"}],"wp:featuredmedia":[{"embeddable":true,"href":"https:\/\/www.mes-allocs.fr\/guides\/wp-json\/wp\/v2\/media\/99162"}],"wp:attachment":[{"href":"https:\/\/www.mes-allocs.fr\/guides\/wp-json\/wp\/v2\/media?parent=99160"}],"wp:term":[{"taxonomy":"category","embeddable":true,"href":"https:\/\/www.mes-allocs.fr\/guides\/wp-json\/wp\/v2\/categories?post=99160"},{"taxonomy":"post_tag","embeddable":true,"href":"https:\/\/www.mes-allocs.fr\/guides\/wp-json\/wp\/v2\/tags?post=99160"}],"curies":[{"name":"wp","href":"https:\/\/api.w.org\/{rel}","templated":true}]}}