{"id":98835,"date":"2025-04-24T10:46:43","date_gmt":"2025-04-24T08:46:43","guid":{"rendered":"https:\/\/www.mes-allocs.fr\/guides\/?p=98835"},"modified":"2026-04-22T08:33:14","modified_gmt":"2026-04-22T07:33:14","slug":"versement-cheque-energie","status":"publish","type":"post","link":"https:\/\/www.mes-allocs.fr\/guides\/aide-logement\/cheque-energie\/versement-cheque-energie\/","title":{"rendered":"Versement ch\u00e8que \u00e9nergie 2026 : modalit\u00e9s, calendrier, retard"},"content":{"rendered":"<p><img loading=\"lazy\" decoding=\"async\" class=\"alignnone wp-image-98840\" title=\"versement cheque energie\" src=\"https:\/\/www.mes-allocs.fr\/guides\/wp-content\/uploads\/2025\/04\/versement-cheque-energie-e1745484394104-300x50.jpg\" alt=\"versement cheque energie\" width=\"1284\" height=\"214\" srcset=\"https:\/\/www.mes-allocs.fr\/guides\/wp-content\/uploads\/2025\/04\/versement-cheque-energie-e1745484394104-300x50.jpg 300w, https:\/\/www.mes-allocs.fr\/guides\/wp-content\/uploads\/2025\/04\/versement-cheque-energie-e1745484394104-1024x171.jpg 1024w, https:\/\/www.mes-allocs.fr\/guides\/wp-content\/uploads\/2025\/04\/versement-cheque-energie-e1745484394104-768x128.jpg 768w, https:\/\/www.mes-allocs.fr\/guides\/wp-content\/uploads\/2025\/04\/versement-cheque-energie-e1745484394104-1536x257.jpg 1536w, https:\/\/www.mes-allocs.fr\/guides\/wp-content\/uploads\/2025\/04\/versement-cheque-energie-e1745484394104-600x100.jpg 600w, https:\/\/www.mes-allocs.fr\/guides\/wp-content\/uploads\/2025\/04\/versement-cheque-energie-e1745484394104.jpg 1800w\" sizes=\"auto, (max-width: 1284px) 100vw, 1284px\" \/><\/p>\n<p>[Mis \u00e0 jour le 26\/03\/2026] Le <a href=\"https:\/\/www.mes-allocs.fr\/guides\/aide-logement\/cheque-energie\/\">ch\u00e8que \u00e9nergie<\/a> vous permet de r\u00e9duire vos factures d\u2019\u00e9nergie selon votre revenu fiscal de r\u00e9f\u00e9rence et la composition de votre foyer. Cette aide vient alors compl\u00e9ter les aides au logement. Depuis 2025, le <b>versement du ch\u00e8que \u00e9nergie<\/b> a conna\u00eet plusieurs changements. Dans cet article, d\u00e9couvrez les nouvelles modalit\u00e9s de versement, le calendrier de versement et les d\u00e9marches \u00e0 suivre en cas de retard.<\/p>\n<p class=\"p1\"><div class='cta-block'><div class='text'>Simulez votre ch\u00e8que \u00e9nergie en 2 min.<\/div><a href='https:\/\/www.mes-allocs.fr\/ab-app?origin=guides\/wp-json\/wp\/v2\/posts\/98835' class='app-button fit'>Simulation gratuite<\/a><\/div><\/p>\n<h1>Nouveaut\u00e9 2026 : le ch\u00e8que \u00e9nergie arrive en avril<\/h1>\n<p>C&rsquo;est d\u00e9sormais officiel pour 2026 : les premiers envois du ch\u00e8que \u00e9nergie d\u00e9butent <b>\u00e0 partir du 1er avril 2026<\/b> pour tous les b\u00e9n\u00e9ficiaires list\u00e9s par l\u2019administration fiscale. Si vous avez d\u00e9clar\u00e9 vos imp\u00f4ts l&rsquo;an dernier et que vos ressources ne d\u00e9passent pas les plafonds, le ch\u00e8que vous sera envoy\u00e9 directement \u00e0 votre domicile.<\/p>\n<h1>Ch\u00e8que \u00e9nergie 2026 date : quel est le calendrier d\u2019envoi ?<\/h1>\n<p>Bien que le lancement national soit fix\u00e9 au 1er avril, <b>la date pr\u00e9cise d\u00e9pend de votre d\u00e9partement de r\u00e9sidence<\/b>. L&rsquo;envoi des ch\u00e8ques est organis\u00e9 par <b>vagues successives<\/b>. Voici le <strong>calendrier 2026<\/strong> des dates d\u2019envoi par groupes de d\u00e9partements :<\/p>\n<ul>\n<li>Aisne, Allier, Alpes de Haute-Provence, Ardennes, Ari\u00e8ge, Aube, Aude, Cantal, Creuse, d\u00e9partements d&rsquo;Outre-mer, Dordogne, Gard, Haute-Marne, Hautes-Pyr\u00e9n\u00e9es, H\u00e9rault, Indre, Lot-et-Garonne, Loz\u00e8re, Ni\u00e8vre, Nord, Orne, Pas-de-Calais, Pyr\u00e9n\u00e9es-Orientales, Seine-Saint-Denis, Somme, Tarn, Tarn-et-Garonne, Vaucluse, Vosges : <strong>du 1er avril au 3 avril 2026<\/strong><\/li>\n<li>Ard\u00e8che, Aveyron, Bouches-du-Rh\u00f4ne, Calvados, Charente, Charente-Maritime, Cher, Corr\u00e8ze, Corse, C\u00f4tes-d&rsquo;Armor, Deux-S\u00e8vres, Dr\u00f4me, Eure, Gers, Haute-Loire, Haute-Sa\u00f4ne, Haute-Vienne, Hautes-Alpes, Landes, Loire, Loir-et-Cher, Loiret, Lot, Maine-et-Loire, Manche, Marne, Mayenne, Meurthe-et-Moselle, Meuse, Moselle, Puy-de-D\u00f4me, Sarthe, Sa\u00f4ne-et-Loire, Seine-Maritime, Territoire-de-Belfort, Var, Vend\u00e9e, Vienne, Yonne : <strong>du 7 avril au 10 avril 2026<\/strong><\/li>\n<li>\n<div class=\"flex flex-col text-sm pb-25\">\n<section class=\"text-token-text-primary w-full focus:outline-none [--shadow-height:45px] has-data-writing-block:pointer-events-none has-data-writing-block:-mt-(--shadow-height) has-data-writing-block:pt-(--shadow-height) [&amp;:has([data-writing-block])&gt;*]:pointer-events-auto scroll-mt-[calc(var(--header-height)+min(200px,max(70px,20svh)))]\" dir=\"auto\" data-turn-id=\"request-WEB:19028e12-bc4e-4446-9b5a-1942ef0ad700-2\" data-testid=\"conversation-turn-6\" data-scroll-anchor=\"true\" data-turn=\"assistant\">\n<div class=\"text-base my-auto mx-auto pb-10 [--thread-content-margin:var(--thread-content-margin-xs,calc(var(--spacing)*4))] @w-sm\/main:[--thread-content-margin:var(--thread-content-margin-sm,calc(var(--spacing)*6))] @w-lg\/main:[--thread-content-margin:var(--thread-content-margin-lg,calc(var(--spacing)*16))] px-(--thread-content-margin)\">\n<div class=\"[--thread-content-max-width:40rem] @w-lg\/main:[--thread-content-max-width:48rem] mx-auto max-w-(--thread-content-max-width) flex-1 group\/turn-messages focus-visible:outline-hidden relative flex w-full min-w-0 flex-col agent-turn\">\n<div class=\"flex max-w-full flex-col gap-4 grow\">\n<div class=\"min-h-8 text-message relative flex w-full flex-col items-end gap-2 text-start break-words whitespace-normal outline-none keyboard-focused:focus-ring [.text-message+&amp;]:mt-1\" dir=\"auto\" tabindex=\"0\" data-message-author-role=\"assistant\" data-message-id=\"54c9e188-3dcf-4dbe-866c-b2b0064752ed\" data-message-model-slug=\"gpt-5-3\" data-turn-start-message=\"true\">\n<div class=\"flex w-full flex-col gap-1 empty:hidden\">\n<div class=\"markdown prose dark:prose-invert w-full wrap-break-word light markdown-new-styling\">\n<p data-start=\"47\" data-end=\"353\" data-is-last-node=\"\" data-is-only-node=\"\">Ain, Alpes-Maritimes, Bas-Rhin, C\u00f4te-d&rsquo;Or, Doubs, Essonne, Eure-et-Loir, Finist\u00e8re, Gironde, Haut-Rhin, Hauts-de-Seine, Haute-Garonne, Haute-Savoie, Ille-et-Vilaine, Indre-et-Loire, Is\u00e8re, Jura, Loire-Atlantique, Morbihan, Oise, Paris, Pyr\u00e9n\u00e9es-Atlantiques, Rh\u00f4ne, Savoie, Seine-et-Marne, Val-de-Marne, Val-d&rsquo;Oise, Yvelines : <strong>du 13 avril au 20 avril 2026<\/strong><\/p>\n<\/div>\n<\/div>\n<\/div>\n<\/div>\n<\/div>\n<\/div>\n<\/section>\n<\/div>\n<\/li>\n<\/ul>\n<p>Attention, dans certaines villes, la distribution s&rsquo;\u00e9tale sur plusieurs semaines. Voici les cas d&rsquo;envois \u00e9tal\u00e9s sur plusieurs semaines :<\/p>\n<ul>\n<li>Grenoble I (<strong>38000<\/strong>) : du 1er avril au 3 avril 2026<\/li>\n<li>Grenoble II (<strong>38100<\/strong>) : du 7 avril au 10 avril 2026<\/li>\n<li>Strasbourg I (<strong>67000<\/strong>) : du 1er avril au 3 avril 2026<\/li>\n<li>Strasbourg II (<strong>67100<\/strong>) : du 7 avril au 10 avril 2026<\/li>\n<li>Strasbourg III (<strong>67200<\/strong>) : du 13 avril au 20 avril 2026<\/li>\n<\/ul>\n<p>D\u00e9couvrez le <a href=\"https:\/\/www.mes-allocs.fr\/guides\/aide-logement\/cheque-energie\/versement-cheque-energie\/cheque-energie-date\/\">calendrier complet d&rsquo;envoi du ch\u00e8que \u00e9nergie<\/a> !<\/p>\n<h1>Envoi semi-automatique du ch\u00e8que \u00e9nergie<\/h1>\n<p>L\u2019envoi du ch\u00e8que \u00e9nergie est <b>semi-automatique<\/b>. Cela signifie que les anciens b\u00e9n\u00e9ficiaires continuent de le recevoir automatiquement gr\u00e2ce au croisement des donn\u00e9es fiscales et des informations des gestionnaires de r\u00e9seaux, mais que certains m\u00e9nages devront d\u00e9sormais se signaler et effectuer une d\u00e9marche en ligne ou par courrier pour \u00eatre pris en compte, notamment en cas de changement de situation ou d\u2019entr\u00e9e dans un nouveau logement.<\/p>\n<p><iframe loading=\"lazy\" title=\"Le ch\u00e8que \u00e9nergie\" width=\"500\" height=\"281\" src=\"https:\/\/www.youtube.com\/embed\/fQ1LYfHSrdk?feature=oembed\" frameborder=\"0\" allow=\"accelerometer; autoplay; clipboard-write; encrypted-media; gyroscope; picture-in-picture; web-share\" referrerpolicy=\"strict-origin-when-cross-origin\" allowfullscreen><\/iframe><\/p>\n<h2>Le e-ch\u00e8que pour le ch\u00e8que \u00e9nergie<\/h2>\n<p>Depuis l\u2019\u00e9t\u00e9 2025, une <b>version d\u00e9mat\u00e9rialis\u00e9e<\/b> du ch\u00e8que \u00e9nergie est disponible. Vous pouvez acc\u00e9der au ch\u00e8que dans votre espace personnel sur le site du dispositif et vous pourrez l\u2019utiliser en plusieurs fois, notamment aupr\u00e8s des fournisseurs d\u2019\u00e9lectricit\u00e9 et de gaz qui acceptent ce service.<\/p>\n<h2>Fin de l\u2019utilisation du ch\u00e8que \u00e9nergie pour les travaux<\/h2>\n<p>Depuis 2025, le ch\u00e8que \u00e9nergie ne<b> peut plus \u00eatre utilis\u00e9 pour financer des travaux de r\u00e9novation \u00e9nerg\u00e9tique<\/b>. Son usage est maintenant r\u00e9serv\u00e9 au paiement des factures d\u2019\u00e9nergie courantes du logement comme l\u2019\u00e9lectricit\u00e9, le gaz, le fioul ou encore le bois.<\/p>\n<h1>Ch\u00e8que \u00e9nergie non re\u00e7u : comment le demander ?<\/h1>\n<p>Si vous n\u2019avez pas re\u00e7u votre ch\u00e8que \u00e9nergie en 2026, vous devez commencer par <b>v\u00e9rifier que votre foyer<\/b> remplit bien les conditions d\u2019\u00e9ligibilit\u00e9 en utilisant le simulateur Mes Allocs.<\/p>\n<p>Si vous \u00eates \u00e9ligible, mais que vous ne l&rsquo;avez pas encore re\u00e7u, vous devez en faire la demande par courrier ou sur le site internet d\u00e9di\u00e9.\u00a0En cas de besoin, un <strong>conseiller Mes Allocs<\/strong> peut vous aider \u00e0 en faire la demande.<\/p>\n<p class=\"p1\"><div class='cta-block'><div class='text'>Simulez votre ch\u00e8que \u00e9nergie en 2 min.<\/div><a href='https:\/\/www.mes-allocs.fr\/ab-app?origin=guides\/wp-json\/wp\/v2\/posts\/98835' class='app-button fit'>Simulation gratuite<\/a><\/div><\/p>\n<h1>Comment utiliser le ch\u00e8que \u00e9nergie apr\u00e8s son versement ?<\/h1>\n<h2>Quelles d\u00e9penses sont \u00e9ligibles au paiement avec le ch\u00e8que \u00e9nergie ?<\/h2>\n<p>Les d\u00e9penses qui sont \u00e9ligibles au paiement avec le ch\u00e8que \u00e9nergie sont :<\/p>\n<ul>\n<li aria-level=\"1\">Les <b>factures<\/b> d\u2019\u00e9lectricit\u00e9, de gaz naturel, de fioul domestique, de bois ou d\u2019autres combustibles pour le chauffage ou la production d\u2019eau chaude.<\/li>\n<li aria-level=\"1\">Les <b>charges d\u2019\u00e9nergie <\/b>qui sont incluses dans la redevance des logements-foyers conventionn\u00e9s \u00e0 l\u2019APL, des EHPAD, des EHPA, des r\u00e9sidences autonomie, des \u00e9tablissements ou des unit\u00e9s de soins de longue dur\u00e9e.<\/li>\n<\/ul>\n<h2>Quelles sont les modalit\u00e9s d\u2019utilisation du ch\u00e8que ?<\/h2>\n<h3>Comment payer en ligne ou par courrier avec le ch\u00e8que \u00e9nergie apr\u00e8s son versement ?<\/h3>\n<p>Pour payer en ligne, il suffit de <b>vous connecter \u00e0 votre espace b\u00e9n\u00e9ficiaire<\/b> sur le site du ch\u00e8que \u00e9nergie, puis de saisir le num\u00e9ro du ch\u00e8que, le code \u00e0 gratter et vos r\u00e9f\u00e9rences client. Le montant est alors <b>cr\u00e9dit\u00e9 sur la prochaine facture d\u2019\u00e9nergie<\/b>. Pour un paiement par courrier, il faut d\u00e9tacher le ch\u00e8que papier, inscrire votre num\u00e9ro de client ou de contrat au dos, joindre une copie d\u2019une facture ou d\u2019un \u00e9ch\u00e9ancier, puis envoyer le tout \u00e0 votre fournisseur d\u2019\u00e9nergie. Le montant sera d\u00e9duit de la prochaine facture ou des mensualit\u00e9s qui seront \u00e0 venir.<\/p>\n<h3>Puis-je demander la d\u00e9duction automatique de mes prochaines factures ?<\/h3>\n<p><strong>Oui<\/strong>, il est possible de faire en sorte que vos futures factures d\u2019\u00e9nergie soient automatiquement r\u00e9duites gr\u00e2ce \u00e0 la <b>pr\u00e9-affectation du ch\u00e8que \u00e9nergie<\/b>. Cela peut se faire en ligne sur le site du dispositif ou en cochant une case sur le ch\u00e8que papier avant de l\u2019envoyer \u00e0 votre fournisseur. Une fois que vous avez activ\u00e9 la pr\u00e9-affectation, le montant du ch\u00e8que \u00e9nergie sera d\u00e9duit chaque ann\u00e9e de vos factures d\u2019\u00e9lectricit\u00e9 ou de gaz, sans que vous ayez besoin de renouveler la demande si vous restez \u00e9ligible et que votre contrat ne change pas.<\/p>\n<h2>Que faire si le montant du ch\u00e8que est sup\u00e9rieur \u00e0 la facture ?<\/h2>\n<p>Si le <a href=\"https:\/\/www.mes-allocs.fr\/guides\/aide-logement\/cheque-energie\/cheque-energie-montant\/\">montant de votre ch\u00e8que \u00e9nergie<\/a> est sup\u00e9rieur \u00e0 celui de votre facture, <b>le trop-per\u00e7u n\u2019est pas perdu<\/b>. Il est automatiquement report\u00e9 et d\u00e9duit de vos prochaines factures ou mensualit\u00e9s jusqu\u2019\u00e0 \u00e9puisement du cr\u00e9dit. Il n\u2019y a pas de remise de monnaie et vous n\u2019avez aucune d\u00e9marche \u00e0 effectuer pour b\u00e9n\u00e9ficier de ce report automatique. Cette r\u00e8gle s\u2019applique aussi bien pour le paiement direct \u00e0 un fournisseur d\u2019\u00e9nergie que pour le r\u00e8glement des charges aupr\u00e8s d\u2019un bailleur ou d\u2019un gestionnaire de r\u00e9sidence.<\/p>\n<h1>Sur quels crit\u00e8res le ch\u00e8que \u00e9nergie est-il attribu\u00e9 ?<\/h1>\n<p>Les <a href=\"https:\/\/www.mes-allocs.fr\/guides\/aide-logement\/cheque-energie\/cheque-energie-conditions\/\">conditions du ch\u00e8que \u00e9nergie<\/a> sont strictes. En effet, il est attribu\u00e9 selon le <b>revenu fiscal de r\u00e9f\u00e9rence<\/b> (RFR) du foyer et la <b>composition du m\u00e9nage<\/b>, exprim\u00e9e en <b>unit\u00e9s de consommation <\/b>(UC). Le RFR correspond au revenu annuel imposable du foyer qui figure sur l\u2019avis d\u2019imposition et pour \u00eatre \u00e9ligible au ch\u00e8que \u00e9nergie, le RFR par unit\u00e9 de consommation (UC) doit \u00eatre inf\u00e9rieur \u00e0 11 000 \u20ac. La composition du foyer, elle, est traduite en unit\u00e9s de consommation (UC) pour prendre en compte le nombre de personnes dans le m\u00e9nage. Ainsi, une personne est \u00e9gale \u00e0 1 UC, la deuxi\u00e8me personne \u00e0 0,5 UC et chaque personne suppl\u00e9mentaire repr\u00e9sente 0,3 UC.<\/p>\n<div class='shortcode tips'><div class='title'>Exemple<\/div><div class='content'>Un couple avec deux enfants = 1 UC (1er personne) + 0,5 UC (2eme personne) + 0,3 UC (1er enfant) + 0,3 UC (2eme enfant) = 2,1 UC. Si le RFR du foyer est de 20 000 \u20ac, on divise 20 000 \u20ac par 2,1 UC = 9 523 \u20ac. Ce montant \u00e9tant inf\u00e9rieur \u00e0 11 000 \u20ac, le foyer est \u00e9ligible au ch\u00e8que \u00e9nergie.<\/div><\/div>\n<p class=\"p1\"><div class='cta-block'><div class='text'>Simulez votre ch\u00e8que \u00e9nergie en 2 min.<\/div><a href='https:\/\/www.mes-allocs.fr\/ab-app?origin=guides\/wp-json\/wp\/v2\/posts\/98835' class='app-button fit'>Simulation gratuite<\/a><\/div><\/p>\n","protected":false},"excerpt":{"rendered":"<p>[Mis \u00e0 jour le 26\/03\/2026] Le ch\u00e8que \u00e9nergie vous permet de r\u00e9duire vos factures d\u2019\u00e9nergie selon votre revenu fiscal de r\u00e9f\u00e9rence et la composition de votre foyer. Cette aide vient alors compl\u00e9ter les aides au logement. Depuis 2025, le versement du ch\u00e8que \u00e9nergie a conna\u00eet plusieurs changements. Dans cet article, d\u00e9couvrez les nouvelles modalit\u00e9s de [&hellip;]<\/p>\n","protected":false},"author":31,"featured_media":98839,"comment_status":"open","ping_status":"open","sticky":false,"template":"","format":"standard","meta":{"amp_status":"","footnotes":""},"categories":[1,6],"tags":[],"class_list":["post-98835","post","type-post","status-publish","format-standard","has-post-thumbnail","hentry","category-aide-logement","category-cheque-energie"],"yoast_head":"<!-- This site is optimized with the Yoast SEO plugin v14.9 - https:\/\/yoast.com\/wordpress\/plugins\/seo\/ -->\n<title>Versement ch\u00e8que \u00e9nergie 2026 : modalit\u00e9s, calendrier, retard<\/title>\n<meta name=\"description\" content=\"Le versement du ch\u00e8que \u00e9nergie 2026 commence en avril 2026. D\u00e9couvrez les nouvelles modalit\u00e9s du ch\u00e8que et les dates d&#039;envoi.\" \/>\n<meta name=\"robots\" content=\"index, follow, max-snippet:-1, max-image-preview:large, max-video-preview:-1\" \/>\n<link rel=\"canonical\" href=\"https:\/\/www.mes-allocs.fr\/guides\/aide-logement\/cheque-energie\/versement-cheque-energie\/\" \/>\n<meta property=\"og:locale\" content=\"fr_FR\" \/>\n<meta property=\"og:type\" content=\"article\" \/>\n<meta property=\"og:title\" content=\"Versement ch\u00e8que \u00e9nergie 2026 : modalit\u00e9s, calendrier, retard\" \/>\n<meta property=\"og:description\" content=\"Le versement du ch\u00e8que \u00e9nergie 2026 commence en avril 2026. D\u00e9couvrez les nouvelles modalit\u00e9s du ch\u00e8que et les dates d&#039;envoi.\" \/>\n<meta property=\"og:url\" content=\"https:\/\/www.mes-allocs.fr\/guides\/aide-logement\/cheque-energie\/versement-cheque-energie\/\" \/>\n<meta property=\"og:site_name\" content=\"Mes-Allocs.fr\" \/>\n<meta property=\"article:published_time\" content=\"2025-04-24T08:46:43+00:00\" \/>\n<meta property=\"article:modified_time\" content=\"2026-04-22T07:33:14+00:00\" \/>\n<meta property=\"og:image\" content=\"https:\/\/www.mes-allocs.fr\/guides\/wp-content\/uploads\/2025\/04\/cheque-energie-versement.jpg?wsr\" \/>\n\t<meta property=\"og:image:width\" content=\"2000\" \/>\n\t<meta property=\"og:image:height\" content=\"1333\" \/>\n<meta name=\"twitter:card\" content=\"summary_large_image\" \/>\n<script type=\"application\/ld+json\" class=\"yoast-schema-graph\">{\"@context\":\"https:\/\/schema.org\",\"@graph\":[{\"@type\":\"WebSite\",\"@id\":\"https:\/\/www.mes-allocs.fr\/guides\/#website\",\"url\":\"https:\/\/www.mes-allocs.fr\/guides\/\",\"name\":\"Mes-Allocs.fr\",\"description\":\"\",\"potentialAction\":[{\"@type\":\"SearchAction\",\"target\":\"https:\/\/www.mes-allocs.fr\/guides\/?s={search_term_string}\",\"query-input\":\"required name=search_term_string\"}],\"inLanguage\":\"fr-FR\"},{\"@type\":\"ImageObject\",\"@id\":\"https:\/\/www.mes-allocs.fr\/guides\/aide-logement\/cheque-energie\/versement-cheque-energie\/#primaryimage\",\"inLanguage\":\"fr-FR\",\"url\":\"https:\/\/www.mes-allocs.fr\/guides\/wp-content\/uploads\/2025\/04\/cheque-energie-versement.jpg?wsr\",\"width\":2000,\"height\":1333,\"caption\":\"cheque energie versement\"},{\"@type\":\"WebPage\",\"@id\":\"https:\/\/www.mes-allocs.fr\/guides\/aide-logement\/cheque-energie\/versement-cheque-energie\/#webpage\",\"url\":\"https:\/\/www.mes-allocs.fr\/guides\/aide-logement\/cheque-energie\/versement-cheque-energie\/\",\"name\":\"Versement ch\\u00e8que \\u00e9nergie 2026 : modalit\\u00e9s, calendrier, retard\",\"isPartOf\":{\"@id\":\"https:\/\/www.mes-allocs.fr\/guides\/#website\"},\"primaryImageOfPage\":{\"@id\":\"https:\/\/www.mes-allocs.fr\/guides\/aide-logement\/cheque-energie\/versement-cheque-energie\/#primaryimage\"},\"datePublished\":\"2025-04-24T08:46:43+00:00\",\"dateModified\":\"2026-04-22T07:33:14+00:00\",\"author\":{\"@id\":\"https:\/\/www.mes-allocs.fr\/guides\/#\/schema\/person\/4f115680446d9e6de360142157ca671d\"},\"description\":\"Le versement du ch\\u00e8que \\u00e9nergie 2026 commence en avril 2026. D\\u00e9couvrez les nouvelles modalit\\u00e9s du ch\\u00e8que et les dates d'envoi.\",\"inLanguage\":\"fr-FR\"},{\"@type\":\"Person\",\"@id\":\"https:\/\/www.mes-allocs.fr\/guides\/#\/schema\/person\/4f115680446d9e6de360142157ca671d\",\"name\":\"Miangaly Ramasindray\",\"image\":{\"@type\":\"ImageObject\",\"@id\":\"https:\/\/www.mes-allocs.fr\/guides\/#personlogo\",\"inLanguage\":\"fr-FR\",\"url\":\"https:\/\/www.mes-allocs.fr\/guides\/wp-content\/uploads\/2024\/10\/Miangaly_Ramasindray-150x150.jpeg\",\"caption\":\"Miangaly Ramasindray\"},\"description\":\"Miangaly est r\\u00e9dactrice web sp\\u00e9cialis\\u00e9e sur les sujets de pouvoir d'achat. Elle rejoint Mes Allocs en 2024 apr\\u00e8s une premi\\u00e8re exp\\u00e9rience en marketing chez DMI.\",\"sameAs\":[\"https:\/\/www.linkedin.com\/in\/miangaly-ramasindray\/\"]}]}<\/script>\n<!-- \/ Yoast SEO plugin. -->","amp_validity":null,"acf":{"faq":{"1":{"question":"Quand sera vers\u00e9 le ch\u00e8que \u00e9nergie 2026 ?","answer":"Le ch\u00e8que \u00e9nergie 2026 sera envoy\u00e9 \u00e0 partir du 1er avril 2026, selon votre d\u00e9partement. Les envois se font par vagues hebdomadaires, du lundi au vendredi.\r\n"},"2":{"question":"Quelle est la date de versement du ch\u00e8que \u00e9nergie ?","answer":"La date d\u00e9pend de votre d\u00e9partement de r\u00e9sidence. Chaque d\u00e9partement a une semaine d\u2019envoi fixe. Vous recevez le ch\u00e8que quelques jours apr\u00e8s son exp\u00e9dition. Consultez le <a href=\"https:\/\/www.mes-allocs.fr\/guides\/aide-logement\/cheque-energie\/versement-cheque-energie\/cheque-energie-date\/\">calendrier d'envoi du ch\u00e8que \u00e9nergie<\/a> sur Mes Allocs.fr."},"3":{"question":"Comment savoir si j'ai droit au ch\u00e8que \u00e9nergie 2026 ?","answer":"Pour \u00eatre \u00e9ligible au ch\u00e8que \u00e9nergie 2026, votre revenu fiscal de r\u00e9f\u00e9rence (RFR) par unit\u00e9 de consommation doit \u00eatre inf\u00e9rieur \u00e0 11 000 \u20ac environ. Vous pouvez effectuer une simulation sur Mes Allocs.fr"},"4":{"question":"Pourquoi je n'ai pas re\u00e7u mon ch\u00e8que \u00e9nergie 2026 ?","answer":"Plusieurs raisons possibles : le ch\u00e8que est en cours de distribution dans votre d\u00e9partement, l\u2019adresse sur votre avis d\u2019imposition n\u2019est plus la bonne, vous n\u2019\u00eates pas \u00e9ligible selon votre revenu fiscal ou le courrier a \u00e9t\u00e9 perdu ou retard\u00e9. Pour \u00eatre certain(e) d'\u00eatre \u00e9ligible, simulez vos droits sur Mes Allocs."},"5":{"question":"Comment r\u00e9clamer le ch\u00e8que \u00e9nergie 2026 ?","answer":"Vous pouvez r\u00e9clamer votre ch\u00e8que \u00e9nergie, si vous ne l\u2019avez pas re\u00e7u 3 semaines apr\u00e8s la date d\u2019envoi de votre d\u00e9partement, sur le site du ch\u00e8que \u00e9nergie. "},"6":{"question":"Est-ce que le ch\u00e8que \u00e9nergie se renouvelle automatiquement ?","answer":"Oui, le ch\u00e8que \u00e9nergie est envoy\u00e9 automatiquement chaque ann\u00e9e si vous \u00eates \u00e9ligible, sans aucune d\u00e9marche \u00e0 faire."},"7":{"question":"","answer":""},"8":{"question":"","answer":""},"9":{"question":"","answer":""},"10":{"question":"","answer":""},"11":{"question":"","answer":""},"12":{"question":"","answer":""},"13":{"question":"","answer":""},"14":{"question":"","answer":""},"15":{"question":"","answer":""},"16":{"question":"","answer":""}}},"_links":{"self":[{"href":"https:\/\/www.mes-allocs.fr\/guides\/wp-json\/wp\/v2\/posts\/98835","targetHints":{"allow":["GET"]}}],"collection":[{"href":"https:\/\/www.mes-allocs.fr\/guides\/wp-json\/wp\/v2\/posts"}],"about":[{"href":"https:\/\/www.mes-allocs.fr\/guides\/wp-json\/wp\/v2\/types\/post"}],"author":[{"embeddable":true,"href":"https:\/\/www.mes-allocs.fr\/guides\/wp-json\/wp\/v2\/users\/31"}],"replies":[{"embeddable":true,"href":"https:\/\/www.mes-allocs.fr\/guides\/wp-json\/wp\/v2\/comments?post=98835"}],"version-history":[{"count":14,"href":"https:\/\/www.mes-allocs.fr\/guides\/wp-json\/wp\/v2\/posts\/98835\/revisions"}],"predecessor-version":[{"id":111073,"href":"https:\/\/www.mes-allocs.fr\/guides\/wp-json\/wp\/v2\/posts\/98835\/revisions\/111073"}],"wp:featuredmedia":[{"embeddable":true,"href":"https:\/\/www.mes-allocs.fr\/guides\/wp-json\/wp\/v2\/media\/98839"}],"wp:attachment":[{"href":"https:\/\/www.mes-allocs.fr\/guides\/wp-json\/wp\/v2\/media?parent=98835"}],"wp:term":[{"taxonomy":"category","embeddable":true,"href":"https:\/\/www.mes-allocs.fr\/guides\/wp-json\/wp\/v2\/categories?post=98835"},{"taxonomy":"post_tag","embeddable":true,"href":"https:\/\/www.mes-allocs.fr\/guides\/wp-json\/wp\/v2\/tags?post=98835"}],"curies":[{"name":"wp","href":"https:\/\/api.w.org\/{rel}","templated":true}]}}