{"id":98763,"date":"2025-04-23T15:22:08","date_gmt":"2025-04-23T13:22:08","guid":{"rendered":"https:\/\/www.mes-allocs.fr\/guides\/?p=98763"},"modified":"2026-04-22T08:33:14","modified_gmt":"2026-04-22T07:33:14","slug":"pre-affectation-cheque-energie","status":"publish","type":"post","link":"https:\/\/www.mes-allocs.fr\/guides\/aide-logement\/cheque-energie\/utiliser-cheque-energie\/pre-affectation-cheque-energie\/","title":{"rendered":"Pr\u00e9-affectation du ch\u00e8que \u00e9nergie 2026 : comment \u00e7a marche ?"},"content":{"rendered":"<p><img loading=\"lazy\" decoding=\"async\" class=\"alignnone wp-image-98764\" title=\"cheque energie pre affectation\" src=\"https:\/\/www.mes-allocs.fr\/guides\/wp-content\/uploads\/2025\/04\/cheque-energie-pre-affectation-e1745414427381-300x56.jpg\" alt=\"cheque energie pre affectation\" width=\"1345\" height=\"251\" srcset=\"https:\/\/www.mes-allocs.fr\/guides\/wp-content\/uploads\/2025\/04\/cheque-energie-pre-affectation-e1745414427381-300x56.jpg 300w, https:\/\/www.mes-allocs.fr\/guides\/wp-content\/uploads\/2025\/04\/cheque-energie-pre-affectation-e1745414427381-1024x192.jpg 1024w, https:\/\/www.mes-allocs.fr\/guides\/wp-content\/uploads\/2025\/04\/cheque-energie-pre-affectation-e1745414427381-768x144.jpg 768w, https:\/\/www.mes-allocs.fr\/guides\/wp-content\/uploads\/2025\/04\/cheque-energie-pre-affectation-e1745414427381-1536x288.jpg 1536w, https:\/\/www.mes-allocs.fr\/guides\/wp-content\/uploads\/2025\/04\/cheque-energie-pre-affectation-e1745414427381-600x113.jpg 600w, https:\/\/www.mes-allocs.fr\/guides\/wp-content\/uploads\/2025\/04\/cheque-energie-pre-affectation-e1745414427381.jpg 2000w\" sizes=\"auto, (max-width: 1345px) 100vw, 1345px\" \/><\/p>\n<p>[Mis \u00e0 jour le 20\/03\/2026] Le ch\u00e8que \u00e9nergie a pour but de r\u00e9duire vos factures d&rsquo;\u00e9lectricit\u00e9 et de gaz. Mais savez-vous vraiment comment <a href=\"https:\/\/www.mes-allocs.fr\/guides\/aide-logement\/cheque-energie\/utiliser-cheque-energie\/\">utiliser le ch\u00e8que \u00e9nergie<\/a> ? Savez-vous que la pr\u00e9-affectation vous permet de d\u00e9cider d&rsquo;attribuer automatiquement votre ch\u00e8que \u00e0 votre fournisseur ? Dans cet article, d\u00e9couvrez comment fonctionne la <b>pr\u00e9-affectation du ch\u00e8que \u00e9nergie<\/b>, comment l\u2019activer, la modifier ou l\u2019annuler.<\/p>\n<p class=\"p1\"><div class='cta-block'><div class='text'>Simulez toutes vos Aides en 2 min.<\/div><a href='https:\/\/www.mes-allocs.fr\/ab-app?origin=guides\/wp-json\/wp\/v2\/posts\/98763' class='app-button fit'>Simulation gratuite<\/a><\/div><\/p>\n<h1>Qu\u2019est-ce que la pr\u00e9-affectation du ch\u00e8que \u00e9nergie ?<\/h1>\n<h2>\u00c0 quoi sert la pr\u00e9-affectation du ch\u00e8que \u00e9nergie ?<\/h2>\n<p>La pr\u00e9-affectation du ch\u00e8que \u00e9nergie est une option qui permet d\u2019attribuer automatiquement votre ch\u00e8que \u00e9nergie \u00e0 un fournisseur d\u2019\u00e9lectricit\u00e9 ou de gaz pour le paiement de vos prochaines factures. Une fois que vous avez activ\u00e9 la pr\u00e9-affectation, le montant du ch\u00e8que \u00e9nergie est directement d\u00e9duit de vos factures chaque ann\u00e9e, sans que vous ayez \u00e0 faire quoi que ce soit.<\/p>\n<h2>Quels sont les avantages li\u00e9s \u00e0 la pr\u00e9-affectation du ch\u00e8que \u00e9nergie ?<\/h2>\n<p>Les principaux avantages de la pr\u00e9-affectation sont les suivants :<\/p>\n<ul>\n<li aria-level=\"1\">Vous n&rsquo;avez plus \u00e0 envoyer votre ch\u00e8que \u00e9nergie chaque ann\u00e9e, la d\u00e9duction est automatique.<\/li>\n<li aria-level=\"1\">Vous \u00eates s\u00fbr que le montant du ch\u00e8que sera bien utilis\u00e9 pour r\u00e9duire vos factures d\u2019\u00e9nergie, sans risque de perte ou d\u2019oubli.<\/li>\n<li aria-level=\"1\">Vous n\u2019avez plus besoin de d\u00e9marches annuelles, tout est g\u00e9r\u00e9 automatiquement par votre fournisseur.<\/li>\n<li aria-level=\"1\">Le service de pr\u00e9-affectation est gratuit et r\u00e9versible \u00e0 tout moment.<\/li>\n<\/ul>\n<h1>Qui peut b\u00e9n\u00e9ficier de la pr\u00e9-affectation du ch\u00e8que \u00e9nergie ?<\/h1>\n<h2>Quelles sont les conditions d\u2019\u00e9ligibilit\u00e9 au ch\u00e8que \u00e9nergie ?<\/h2>\n<p>Pour b\u00e9n\u00e9ficier du ch\u00e8que \u00e9nergie 2026, il faut\u202f :<\/p>\n<ul>\n<li aria-level=\"1\">R\u00e9sider en France dans un logement imposable \u00e0 la taxe d\u2019habitation (m\u00eame si vous en \u00eates exon\u00e9r\u00e9).<\/li>\n<li aria-level=\"1\">Avoir un revenu fiscal de r\u00e9f\u00e9rence (RFR) par unit\u00e9 de consommation (UC) inf\u00e9rieur \u00e0 11\u202f000\u202f\u20ac.<\/li>\n<li aria-level=\"1\">Le nombre d\u2019unit\u00e9s de consommation d\u00e9pend de la composition du foyer (1 UC pour la premi\u00e8re personne, 0,5 UC pour la seconde, puis 0,3 UC par personne suppl\u00e9mentaire).<\/li>\n<\/ul>\n<h2>La pr\u00e9-affectation du ch\u00e8que \u00e9nergie est-elle accessible \u00e0 tous les fournisseurs ?<\/h2>\n<p>La pr\u00e9-affectation est accessible uniquement aupr\u00e8s des fournisseurs d\u2019\u00e9lectricit\u00e9 ou de gaz qui participent au dispositif et acceptent ce mode de paiement. La plupart des fournisseurs d\u2019\u00e9nergie partenaires acceptent la pr\u00e9-affectation, mais il est recommand\u00e9 de v\u00e9rifier aupr\u00e8s de votre fournisseur s\u2019il propose bien ce service. L\u2019Agence de services et de paiement (ASP) g\u00e8re la d\u00e9duction automatique du ch\u00e8que \u00e9nergie pour les fournisseurs participants.<\/p>\n<p><iframe loading=\"lazy\" title=\"Le ch\u00e8que \u00e9nergie\" width=\"500\" height=\"281\" src=\"https:\/\/www.youtube.com\/embed\/fQ1LYfHSrdk?feature=oembed\" frameborder=\"0\" allow=\"accelerometer; autoplay; clipboard-write; encrypted-media; gyroscope; picture-in-picture; web-share\" referrerpolicy=\"strict-origin-when-cross-origin\" allowfullscreen><\/iframe><\/p>\n<p class=\"p1\"><div class='cta-block'><div class='text'>Simulez toutes vos Aides en 2 min.<\/div><a href='https:\/\/www.mes-allocs.fr\/ab-app?origin=guides\/wp-json\/wp\/v2\/posts\/98763' class='app-button fit'>Simulation gratuite<\/a><\/div><\/p>\n<h1>Comment activer la pr\u00e9-affectation de son ch\u00e8que \u00e9nergie ?<\/h1>\n<h2>Quelles sont les d\u00e9marches pour demander la pr\u00e9-affectation du ch\u00e8que \u00e9nergie ?<\/h2>\n<p>Pour demander la pr\u00e9-affectation de votre ch\u00e8que \u00e9nergie, plusieurs options sont disponibles :<\/p>\n<ul>\n<li aria-level=\"1\"><b>En ligne<\/b> : vous pouvez vous rendre sur le site du ch\u00e8que \u00e9nergie pour acc\u00e9der \u00e0 la rubrique d\u00e9di\u00e9e \u00e0 la pr\u00e9-affectation s\u00e9lectionner votre fournisseur d&rsquo;\u00e9nergie et remplir le formulaire en ligne.<\/li>\n<li aria-level=\"1\"><b>Par courrier <\/b>: si vous utilisez votre ch\u00e8que \u00e9nergie papier, vous pouvez cocher la case \u201cpr\u00e9-affectation\u201d au recto du ch\u00e8que avant de l\u2019envoyer \u00e0 votre fournisseur d\u2019\u00e9nergie.<\/li>\n<li aria-level=\"1\"><b>Par t\u00e9l\u00e9phone<\/b> : vous avez la possibilit\u00e9 de contacter l\u2019assistance du ch\u00e8que \u00e9nergie ou d\u2019utiliser le formulaire de contact disponible sur le site.<\/li>\n<\/ul>\n<h2>Quels documents ou informations sont n\u00e9cessaires pour activer la pr\u00e9-affectation de son ch\u00e8que \u00e9nergie ?<\/h2>\n<p>Pour effectuer la d\u00e9marche de pr\u00e9-affectation vous aurez besoin de :<\/p>\n<ul>\n<li aria-level=\"1\">Votre <b>ch\u00e8que \u00e9nergie<\/b> (ou ses r\u00e9f\u00e9rences si la d\u00e9marche est en ligne).<\/li>\n<li aria-level=\"1\">Votre<b> derni\u00e8re facture <\/b>d\u2019\u00e9lectricit\u00e9 ou de gaz, afin de renseigner votre num\u00e9ro de contrat ou de point de livraison (PDL).<\/li>\n<li aria-level=\"1\">Votre <b>num\u00e9ro fiscal<\/b>, si vous faites la d\u00e9marche sur votre espace b\u00e9n\u00e9ficiaire.<\/li>\n<\/ul>\n<h1>Comment fonctionne la pr\u00e9-affectation sur la dur\u00e9e ?<\/h1>\n<h2>La pr\u00e9-affectation est-elle reconduite automatiquement chaque ann\u00e9e ?<\/h2>\n<p>Oui, la pr\u00e9-affectation est reconduite automatiquement chaque ann\u00e9e tant que vous remplissez les conditions d\u2019\u00e9ligibilit\u00e9 et que votre contrat d\u2019\u00e9nergie reste le m\u00eame. Si vous n\u2019\u00eates plus \u00e9ligible une ann\u00e9e mais que vous le redevenez par la suite, votre souhait de pr\u00e9-affectation reste enregistr\u00e9 et sera r\u00e9activ\u00e9 automatiquement pendant 3 ans.<\/p>\n<h2>Peut-on modifier ou annuler la pr\u00e9-affectation du ch\u00e8que \u00e9nergie ?<\/h2>\n<p>Oui, il est possible de modifier ou d\u2019annuler la pr\u00e9-affectation \u00e0 tout moment. Pour cela, il suffit de contacter votre fournisseur d\u2019\u00e9nergie ou d\u2019effectuer la d\u00e9marche en ligne sur le site officiel du ch\u00e8que \u00e9nergie. L\u2019annulation prendra effet pour la campagne suivante et vous recevrez alors votre ch\u00e8que \u00e9nergie par courrier \u00e0 votre adresse.<\/p>\n<h2>Changement de fournisseur d&rsquo;\u00e9nergie : comment modifier la pr\u00e9-affectation du ch\u00e8que ?<\/h2>\n<p>En cas de changement de fournisseur d\u2019\u00e9nergie, la pr\u00e9-affectation de votre ch\u00e8que \u00e9nergie n\u2019est plus valable pour votre nouveau contrat. Les d\u00e9marches \u00e0 suivre sont les suivantes :<\/p>\n<ul>\n<li aria-level=\"1\"><b>Supprimez d\u2019abord la pr\u00e9-affectation existante<\/b> : vous devez vous rendre sur le site du ch\u00e8que \u00e9nergie dans l\u2019espace qui est d\u00e9di\u00e9 \u00e0 la pr\u00e9-affectation et supprimez l\u2019affectation li\u00e9e \u00e0 votre ancien contrat ou fournisseur.<\/li>\n<li aria-level=\"1\"><b>Activez une nouvelle pr\u00e9-affectation <\/b>: une fois que la suppression est faite, vous pouvez demander la pr\u00e9-affectation de votre ch\u00e8que \u00e9nergie sur votre nouveau contrat, toujours \u00e0 partir du site du ch\u00e8que \u00e9nergie ou en contactant votre nouveau fournisseur. Vous aurez besoin de vos nouvelles r\u00e9f\u00e9rences client et de votre contrat.<\/li>\n<li aria-level=\"1\"><b>Si vous ne faites pas la d\u00e9marche<\/b> : votre ch\u00e8que \u00e9nergie vous sera envoy\u00e9 par courrier \u00e0 votre nouvelle adresse et vous devrez alors l\u2019utiliser manuellement ou activer la pr\u00e9-affectation pour votre nouveau contrat.<\/li>\n<\/ul>\n<h1>Quels sont les impacts et protections li\u00e9s \u00e0 la pr\u00e9-affectation du ch\u00e8que \u00e9nergie ?<\/h1>\n<p>En activant la pr\u00e9-affectation, vous voyez le montant de votre ch\u00e8que \u00e9nergie directement d\u00e9duit de ses factures d\u2019\u00e9lectricit\u00e9 ou de gaz chaque ann\u00e9e, mais vous b\u00e9n\u00e9ficiez aussi de protections contre les coupures d\u2019\u00e9nergie et les r\u00e9ductions de puissance en cas de difficult\u00e9s de paiement. En cas de difficult\u00e9s de paiement, votre fournisseur d\u2019\u00e9nergie ne peut pas proc\u00e9der \u00e0 une coupure d\u2019\u00e9lectricit\u00e9 ou \u00e0 une r\u00e9duction de puissance pendant la p\u00e9riode de tr\u00eave hivernale.<\/p>\n<p class=\"p1\"><div class='cta-block'><div class='text'>Simulez toutes vos Aides en 2 min.<\/div><a href='https:\/\/www.mes-allocs.fr\/ab-app?origin=guides\/wp-json\/wp\/v2\/posts\/98763' class='app-button fit'>Simulation gratuite<\/a><\/div><\/p>\n","protected":false},"excerpt":{"rendered":"<p>[Mis \u00e0 jour le 20\/03\/2026] Le ch\u00e8que \u00e9nergie a pour but de r\u00e9duire vos factures d&rsquo;\u00e9lectricit\u00e9 et de gaz. Mais savez-vous vraiment comment utiliser le ch\u00e8que \u00e9nergie ? Savez-vous que la pr\u00e9-affectation vous permet de d\u00e9cider d&rsquo;attribuer automatiquement votre ch\u00e8que \u00e0 votre fournisseur ? Dans cet article, d\u00e9couvrez comment fonctionne la pr\u00e9-affectation du ch\u00e8que \u00e9nergie, [&hellip;]<\/p>\n","protected":false},"author":31,"featured_media":98765,"comment_status":"open","ping_status":"open","sticky":false,"template":"","format":"standard","meta":{"amp_status":"","footnotes":""},"categories":[1,6,7478],"tags":[],"class_list":["post-98763","post","type-post","status-publish","format-standard","has-post-thumbnail","hentry","category-aide-logement","category-cheque-energie","category-utiliser-cheque-energie"],"yoast_head":"<!-- This site is optimized with the Yoast SEO plugin v14.9 - https:\/\/yoast.com\/wordpress\/plugins\/seo\/ -->\n<title>Pr\u00e9 affectation du ch\u00e8que \u00e9nergie 2026 : comment \u00e7a marche ?<\/title>\n<meta name=\"description\" content=\"Pr\u00e9-affectation du ch\u00e8que \u00e9nergie 2026 : activez, modifiez ou annulez la d\u00e9duction automatique sur vos factures d\u2019\u00e9lectricit\u00e9 et de gaz.\" \/>\n<meta name=\"robots\" content=\"index, follow, max-snippet:-1, max-image-preview:large, max-video-preview:-1\" \/>\n<link rel=\"canonical\" href=\"https:\/\/www.mes-allocs.fr\/guides\/aide-logement\/cheque-energie\/utiliser-cheque-energie\/pre-affectation-cheque-energie\/\" \/>\n<meta property=\"og:locale\" content=\"fr_FR\" \/>\n<meta property=\"og:type\" content=\"article\" \/>\n<meta property=\"og:title\" content=\"Pr\u00e9 affectation du ch\u00e8que \u00e9nergie 2026 : comment \u00e7a marche ?\" \/>\n<meta property=\"og:description\" content=\"Pr\u00e9-affectation du ch\u00e8que \u00e9nergie 2026 : activez, modifiez ou annulez la d\u00e9duction automatique sur vos factures d\u2019\u00e9lectricit\u00e9 et de gaz.\" \/>\n<meta property=\"og:url\" content=\"https:\/\/www.mes-allocs.fr\/guides\/aide-logement\/cheque-energie\/utiliser-cheque-energie\/pre-affectation-cheque-energie\/\" \/>\n<meta property=\"og:site_name\" content=\"Mes-Allocs.fr\" \/>\n<meta property=\"article:published_time\" content=\"2025-04-23T13:22:08+00:00\" \/>\n<meta property=\"article:modified_time\" content=\"2026-04-22T07:33:14+00:00\" \/>\n<meta property=\"og:image\" content=\"https:\/\/www.mes-allocs.fr\/guides\/wp-content\/uploads\/2025\/04\/pre-affectation-cheque-energie.jpg?wsr\" \/>\n\t<meta property=\"og:image:width\" content=\"2000\" \/>\n\t<meta property=\"og:image:height\" content=\"1333\" \/>\n<meta name=\"twitter:card\" content=\"summary_large_image\" \/>\n<script type=\"application\/ld+json\" class=\"yoast-schema-graph\">{\"@context\":\"https:\/\/schema.org\",\"@graph\":[{\"@type\":\"WebSite\",\"@id\":\"https:\/\/www.mes-allocs.fr\/guides\/#website\",\"url\":\"https:\/\/www.mes-allocs.fr\/guides\/\",\"name\":\"Mes-Allocs.fr\",\"description\":\"\",\"potentialAction\":[{\"@type\":\"SearchAction\",\"target\":\"https:\/\/www.mes-allocs.fr\/guides\/?s={search_term_string}\",\"query-input\":\"required name=search_term_string\"}],\"inLanguage\":\"fr-FR\"},{\"@type\":\"ImageObject\",\"@id\":\"https:\/\/www.mes-allocs.fr\/guides\/aide-logement\/cheque-energie\/utiliser-cheque-energie\/pre-affectation-cheque-energie\/#primaryimage\",\"inLanguage\":\"fr-FR\",\"url\":\"https:\/\/www.mes-allocs.fr\/guides\/wp-content\/uploads\/2025\/04\/pre-affectation-cheque-energie.jpg?wsr\",\"width\":2000,\"height\":1333,\"caption\":\"pre affectation cheque energie\"},{\"@type\":\"WebPage\",\"@id\":\"https:\/\/www.mes-allocs.fr\/guides\/aide-logement\/cheque-energie\/utiliser-cheque-energie\/pre-affectation-cheque-energie\/#webpage\",\"url\":\"https:\/\/www.mes-allocs.fr\/guides\/aide-logement\/cheque-energie\/utiliser-cheque-energie\/pre-affectation-cheque-energie\/\",\"name\":\"Pr\\u00e9 affectation du ch\\u00e8que \\u00e9nergie 2026 : comment \\u00e7a marche ?\",\"isPartOf\":{\"@id\":\"https:\/\/www.mes-allocs.fr\/guides\/#website\"},\"primaryImageOfPage\":{\"@id\":\"https:\/\/www.mes-allocs.fr\/guides\/aide-logement\/cheque-energie\/utiliser-cheque-energie\/pre-affectation-cheque-energie\/#primaryimage\"},\"datePublished\":\"2025-04-23T13:22:08+00:00\",\"dateModified\":\"2026-04-22T07:33:14+00:00\",\"author\":{\"@id\":\"https:\/\/www.mes-allocs.fr\/guides\/#\/schema\/person\/4f115680446d9e6de360142157ca671d\"},\"description\":\"Pr\\u00e9-affectation du ch\\u00e8que \\u00e9nergie 2026 : activez, modifiez ou annulez la d\\u00e9duction automatique sur vos factures d\\u2019\\u00e9lectricit\\u00e9 et de gaz.\",\"inLanguage\":\"fr-FR\"},{\"@type\":\"Person\",\"@id\":\"https:\/\/www.mes-allocs.fr\/guides\/#\/schema\/person\/4f115680446d9e6de360142157ca671d\",\"name\":\"Miangaly Ramasindray\",\"image\":{\"@type\":\"ImageObject\",\"@id\":\"https:\/\/www.mes-allocs.fr\/guides\/#personlogo\",\"inLanguage\":\"fr-FR\",\"url\":\"https:\/\/www.mes-allocs.fr\/guides\/wp-content\/uploads\/2024\/10\/Miangaly_Ramasindray-150x150.jpeg\",\"caption\":\"Miangaly Ramasindray\"},\"description\":\"Miangaly est r\\u00e9dactrice web sp\\u00e9cialis\\u00e9e sur les sujets de pouvoir d'achat. Elle rejoint Mes Allocs en 2024 apr\\u00e8s une premi\\u00e8re exp\\u00e9rience en marketing chez DMI.\",\"sameAs\":[\"https:\/\/www.linkedin.com\/in\/miangaly-ramasindray\/\"]}]}<\/script>\n<!-- \/ Yoast SEO plugin. -->","amp_validity":null,"acf":{"faq":{"1":{"question":"Combien de temps la pr\u00e9-affectation du ch\u00e8que \u00e9nergie reste-t-elle active ?","answer":"La pr\u00e9-affectation reste active tant que vous \u00eates \u00e9ligible au ch\u00e8que \u00e9nergie et que vous n'avez pas chang\u00e9 de fournisseur. M\u00eame si vous perdez votre \u00e9ligibilit\u00e9 une ann\u00e9e donn\u00e9e, votre souhait de pr\u00e9-affectation est conserv\u00e9 pendant 3 ans et sera r\u00e9activ\u00e9 si vous redevenez \u00e9ligible durant cette p\u00e9riode."},"2":{"question":"Que se passe-t-il si le montant de mon ch\u00e8que \u00e9nergie est sup\u00e9rieur au montant de ma facture annuelle ?","answer":"Si le montant de votre ch\u00e8que \u00e9nergie pr\u00e9-affect\u00e9 est sup\u00e9rieur au montant total de vos factures annuelles, l'exc\u00e9dent est g\u00e9n\u00e9ralement report\u00e9 en avoir sur vos factures suivantes. Contactez votre fournisseur pour conna\u00eetre sa politique en mati\u00e8re de report d'exc\u00e9dent."},"3":{"question":"Si je suis mensualis\u00e9, comment la pr\u00e9-affectation est-elle prise en compte ?","answer":"Si vous \u00eates mensualis\u00e9, le montant de votre ch\u00e8que \u00e9nergie pr\u00e9-affect\u00e9 est d\u00e9duit du montant total annuel de vos factures. Cela se traduit g\u00e9n\u00e9ralement par une diminution de vos mensualit\u00e9s ou par un ajustement lors de la r\u00e9gularisation annuelle."},"4":{"question":"Puis-je choisir de pr\u00e9-affecter mon ch\u00e8que \u00e9nergie \u00e0 un fournisseur de fioul ou de bois ?","answer":"Non, la pr\u00e9-affectation est g\u00e9n\u00e9ralement r\u00e9serv\u00e9e aux fournisseurs d'\u00e9lectricit\u00e9 et de gaz. Pour les autres types d'\u00e9nergie (fioul, bois, etc.), vous devez utiliser votre ch\u00e8que \u00e9nergie papier directement aupr\u00e8s du fournisseur.\r\n\r\n"},"5":{"question":"O\u00f9 puis-je trouver mon num\u00e9ro de PDL (Point de Livraison) pour l'\u00e9lectricit\u00e9 ou mon PCE (Point de Comptage et d'Estimation) pour le gaz ?","answer":"Votre num\u00e9ro de PDL ou PCE est indiqu\u00e9 sur vos factures d'\u00e9lectricit\u00e9 ou de gaz."},"6":{"question":"Si j'ai activ\u00e9 la pr\u00e9-affectation, vais-je quand m\u00eame recevoir mon ch\u00e8que \u00e9nergie par courrier ?","answer":"Non, si la pr\u00e9-affectation est activ\u00e9e, vous ne recevrez pas le ch\u00e8que \u00e9nergie papier. Le montant sera directement cr\u00e9dit\u00e9 sur votre compte aupr\u00e8s de votre fournisseur d'\u00e9nergie.\r\n\r\n"},"7":{"question":"","answer":""},"8":{"question":"","answer":""},"9":{"question":"","answer":""},"10":{"question":"","answer":""},"11":{"question":"","answer":""},"12":{"question":"","answer":""},"13":{"question":"","answer":""},"14":{"question":"","answer":""},"15":{"question":"","answer":""},"16":{"question":"","answer":""}}},"_links":{"self":[{"href":"https:\/\/www.mes-allocs.fr\/guides\/wp-json\/wp\/v2\/posts\/98763","targetHints":{"allow":["GET"]}}],"collection":[{"href":"https:\/\/www.mes-allocs.fr\/guides\/wp-json\/wp\/v2\/posts"}],"about":[{"href":"https:\/\/www.mes-allocs.fr\/guides\/wp-json\/wp\/v2\/types\/post"}],"author":[{"embeddable":true,"href":"https:\/\/www.mes-allocs.fr\/guides\/wp-json\/wp\/v2\/users\/31"}],"replies":[{"embeddable":true,"href":"https:\/\/www.mes-allocs.fr\/guides\/wp-json\/wp\/v2\/comments?post=98763"}],"version-history":[{"count":7,"href":"https:\/\/www.mes-allocs.fr\/guides\/wp-json\/wp\/v2\/posts\/98763\/revisions"}],"predecessor-version":[{"id":110822,"href":"https:\/\/www.mes-allocs.fr\/guides\/wp-json\/wp\/v2\/posts\/98763\/revisions\/110822"}],"wp:featuredmedia":[{"embeddable":true,"href":"https:\/\/www.mes-allocs.fr\/guides\/wp-json\/wp\/v2\/media\/98765"}],"wp:attachment":[{"href":"https:\/\/www.mes-allocs.fr\/guides\/wp-json\/wp\/v2\/media?parent=98763"}],"wp:term":[{"taxonomy":"category","embeddable":true,"href":"https:\/\/www.mes-allocs.fr\/guides\/wp-json\/wp\/v2\/categories?post=98763"},{"taxonomy":"post_tag","embeddable":true,"href":"https:\/\/www.mes-allocs.fr\/guides\/wp-json\/wp\/v2\/tags?post=98763"}],"curies":[{"name":"wp","href":"https:\/\/api.w.org\/{rel}","templated":true}]}}