{"id":98752,"date":"2025-04-23T11:23:48","date_gmt":"2025-04-23T09:23:48","guid":{"rendered":"https:\/\/www.mes-allocs.fr\/guides\/?p=98752"},"modified":"2026-04-22T08:33:15","modified_gmt":"2026-04-22T07:33:15","slug":"cheque-energie-locataire-charges-comprises","status":"publish","type":"post","link":"https:\/\/www.mes-allocs.fr\/guides\/aide-logement\/cheque-energie\/utiliser-cheque-energie\/cheque-energie-locataire-charges-comprises\/","title":{"rendered":"Ch\u00e8que \u00e9nergie 2026 et location charges comprises : comment \u00e7a marche ?"},"content":{"rendered":"<p><img loading=\"lazy\" decoding=\"async\" class=\"alignnone wp-image-98754\" title=\"cheque energie locataire charge comprise\" src=\"https:\/\/www.mes-allocs.fr\/guides\/wp-content\/uploads\/2025\/04\/cheque-energie-locataire-charge-comprise-e1745400214811-300x53.jpg\" alt=\"cheque energie locataire charge comprise\" width=\"1217\" height=\"215\" srcset=\"https:\/\/www.mes-allocs.fr\/guides\/wp-content\/uploads\/2025\/04\/cheque-energie-locataire-charge-comprise-e1745400214811-300x53.jpg 300w, https:\/\/www.mes-allocs.fr\/guides\/wp-content\/uploads\/2025\/04\/cheque-energie-locataire-charge-comprise-e1745400214811-1024x182.jpg 1024w, https:\/\/www.mes-allocs.fr\/guides\/wp-content\/uploads\/2025\/04\/cheque-energie-locataire-charge-comprise-e1745400214811-768x136.jpg 768w, https:\/\/www.mes-allocs.fr\/guides\/wp-content\/uploads\/2025\/04\/cheque-energie-locataire-charge-comprise-e1745400214811-600x106.jpg 600w, https:\/\/www.mes-allocs.fr\/guides\/wp-content\/uploads\/2025\/04\/cheque-energie-locataire-charge-comprise-e1745400214811.jpg 1500w\" sizes=\"auto, (max-width: 1217px) 100vw, 1217px\" \/><\/p>\n<p>[Mise \u00e0 jour le 20\/03\/2026] Vous louez un logement avec charges comprises et vous vous demandez si vous pouvez <a href=\"https:\/\/www.mes-allocs.fr\/guides\/aide-logement\/cheque-energie\/utiliser-cheque-energie\/\">utiliser le ch\u00e8que \u00e9nergie<\/a> 2026 pour payer vos d\u00e9penses en \u00e9nergie ? Dans cet article, d\u00e9couvrez comment fonctionne <strong>le<\/strong> <b>ch\u00e8que \u00e9nergie pour les locations avec charges comprises<\/b>, \u00e0 quoi il peut servir et comment l\u2019utiliser.<\/p>\n<p class=\"p1\"><div class='cta-block'><div class='text'>Simulez toutes vos Aides en 2 min.<\/div><a href='https:\/\/www.mes-allocs.fr\/ab-app?origin=guides\/wp-json\/wp\/v2\/posts\/98752' class='app-button fit'>Simulation gratuite<\/a><\/div><\/p>\n<h1>Qu\u2019est-ce que le ch\u00e8que \u00e9nergie et \u00e0 quoi sert-il ?<\/h1>\n<h2>\u00c0 qui s\u2019adresse le ch\u00e8que \u00e9nergie ?<\/h2>\n<p>Le ch\u00e8que \u00e9nergie est une aide financi\u00e8re destin\u00e9e aux m\u00e9nages \u00e0 faible revenu pour le <b>paiement de leurs factures d&rsquo;\u00e9nergie<\/b>. Il vise \u00e0 combattre la pr\u00e9carit\u00e9 \u00e9nerg\u00e9tique et \u00e0 garantir l&rsquo;acc\u00e8s \u00e0 l&rsquo;\u00e9nergie aux foyers modestes. Le ch\u00e8que \u00e9nergie est donn\u00e9 selon des crit\u00e8res de revenus. Il est destin\u00e9 aux familles dont le Revenu Fiscal de R\u00e9f\u00e9rence (RFR) par personne est en dessous d\u2019un certain seuil (11 000 \u20ac par personne).<\/p>\n<h2>Quelles factures peut-on r\u00e9gler avec le ch\u00e8que \u00e9nergie ?<\/h2>\n<p>Le ch\u00e8que \u00e9nergie permet de payer :<\/p>\n<ul>\n<li aria-level=\"1\">Les<b> factures<\/b> d\u2019\u00e9lectricit\u00e9, de gaz, de chaleur, de fioul domestique, de bois ou d\u2019autres combustibles pour le chauffage.<\/li>\n<li aria-level=\"1\">Les <b>achats de combustibles <\/b>aupr\u00e8s de fournisseurs acceptant ce mode de paiement.<\/li>\n<li aria-level=\"1\">Les <b>factures de chauffage collectif<\/b>.<\/li>\n<\/ul>\n<h2>Le ch\u00e8que \u00e9nergie est-il utilisable pour toutes les d\u00e9penses d\u2019\u00e9nergie du logement ?<\/h2>\n<p>Le ch\u00e8que \u00e9nergie <b>couvre la majorit\u00e9 des d\u00e9penses d\u2019\u00e9nergie<\/b> li\u00e9es au logement. Cependant, il n\u2019est pas utilisable pour toutes les d\u00e9penses :<\/p>\n<ul>\n<li aria-level=\"1\">Il ne peut pas servir \u00e0 payer les charges de copropri\u00e9t\u00e9 ou locataires (hors HLM depuis 2023).<\/li>\n<li aria-level=\"1\">Le ch\u00e8que \u00e9nergie ne peut plus financer des travaux de r\u00e9novation \u00e9nerg\u00e9tique, il est d\u00e9sormais limit\u00e9 au paiement des factures d\u2019\u00e9nergie courante.<\/li>\n<\/ul>\n<p><iframe loading=\"lazy\" title=\"Le ch\u00e8que \u00e9nergie\" width=\"500\" height=\"281\" src=\"https:\/\/www.youtube.com\/embed\/fQ1LYfHSrdk?feature=oembed\" frameborder=\"0\" allow=\"accelerometer; autoplay; clipboard-write; encrypted-media; gyroscope; picture-in-picture; web-share\" referrerpolicy=\"strict-origin-when-cross-origin\" allowfullscreen><\/iframe><\/p>\n<p class=\"p1\"><div class='cta-block'><div class='text'>Simulez toutes vos Aides en 2 min.<\/div><a href='https:\/\/www.mes-allocs.fr\/ab-app?origin=guides\/wp-json\/wp\/v2\/posts\/98752' class='app-button fit'>Simulation gratuite<\/a><\/div><\/p>\n<h1>Que signifie \u201ccharges comprises\u201d dans un loyer ?<\/h1>\n<h2>Quelles charges sont incluses dans le loyer charges comprises ?<\/h2>\n<p>Les charges comprises regroupent g\u00e9n\u00e9ralement :<\/p>\n<ul>\n<li aria-level=\"1\"><b>Les d\u00e9penses \u00e9nerg\u00e9tiques communes<\/b> : eau, \u00e9lectricit\u00e9, gaz, chauffage collectif.<\/li>\n<li aria-level=\"1\"><b>L\u2019entretien des parties communes<\/b> : ascenseur, gardiennage, \u00e9clairage, r\u00e9paration des \u00e9quipements collectifs.<\/li>\n<li aria-level=\"1\"><b>Les taxes locatives <\/b>: enl\u00e8vement des ordures m\u00e9nag\u00e8res, redevance d\u2019assainissement, taxe de balayage.<\/li>\n<li aria-level=\"1\">Certains<b> frais d\u2019entretien d\u2019espaces individuels<\/b> comme le ramonage ou la production d\u2019eau chaude.<\/li>\n<\/ul>\n<p><b>\u00c0 noter<\/b> : les charges privatives (abonnement internet, consommation \u00e9lectrique individuelle, etc.) ne sont pas incluses.<\/p>\n<h2>Quelle est la diff\u00e9rence entre charges r\u00e9cup\u00e9rables et charges non r\u00e9cup\u00e9rables ?<\/h2>\n<p>La diff\u00e9rence entre les charges r\u00e9cup\u00e9rables et les charges non r\u00e9cup\u00e9rables est la suivante :<\/p>\n<ul>\n<li aria-level=\"1\"><b>Les charges r\u00e9cup\u00e9rables<\/b> : ce sont les d\u00e9penses avanc\u00e9es par le propri\u00e9taire pour le compte du locataire, mais qui peuvent lui \u00eatre r\u00e9clam\u00e9es. Elles concernent l\u2019entretien courant, les services collectifs ou certaines taxes. La liste des charges r\u00e9cup\u00e9rables est fix\u00e9e par d\u00e9cret.<\/li>\n<li aria-level=\"1\"><b>Les charges non r\u00e9cup\u00e9rables<\/b> : ce sont les d\u00e9penses qui restent \u00e0 la charge exclusive du propri\u00e9taire, comme les grosses r\u00e9parations, certains travaux d\u2019am\u00e9lioration ou la taxe fonci\u00e8re. Elles ne peuvent pas \u00eatre r\u00e9clam\u00e9es au locataire.<\/li>\n<\/ul>\n<h2>Comment sont calcul\u00e9es et r\u00e9gularis\u00e9es les charges comprises chaque ann\u00e9e ?<\/h2>\n<p>Les charges comprises dans un loyer sont g\u00e9n\u00e9ralement vers\u00e9es sous forme de provisions mensuelles par le locataire, en plus du loyer de base :<\/p>\n<ul>\n<li aria-level=\"1\">Le propri\u00e9taire<b> estime le montant des charges r\u00e9cup\u00e9rables<\/b> pour l&rsquo;ann\u00e9e \u00e0 venir, en se basant sur les d\u00e9penses r\u00e9elles de l\u2019ann\u00e9e pr\u00e9c\u00e9dente. Ce montant est divis\u00e9 par 12 pour d\u00e9terminer la provision mensuelle \u00e0 inclure dans le loyer.<\/li>\n<li aria-level=\"1\">Une fois par an, le propri\u00e9taire doit <b>comparer les provisions vers\u00e9es<\/b> par le locataire \u00e0 un d\u00e9compte d\u00e9taill\u00e9 des charges, avec justificatifs disponibles \u00e0 la consultation pendant 6 mois apr\u00e8s l\u2019envoi du relev\u00e9.<\/li>\n<li aria-level=\"1\">Si les provisions vers\u00e9es sont sup\u00e9rieures aux d\u00e9penses r\u00e9elles, le propri\u00e9taire <b>rembourse la diff\u00e9rence <\/b>au locataire.<\/li>\n<li aria-level=\"1\">Si les d\u00e9penses r\u00e9elles d\u00e9passent les provisions, le locataire doit r<b>\u00e9gler le compl\u00e9ment.<\/b><\/li>\n<li aria-level=\"1\">Le montant de la provision peut \u00eatre <b>ajust\u00e9 pour l\u2019ann\u00e9e suivante<\/b> en fonction des nouvelles estimations.<\/li>\n<li aria-level=\"1\">Si le locataire entre ou quitte le logement en cours d\u2019ann\u00e9e, la <b>r\u00e9gularisation<\/b> se fait au prorata de sa p\u00e9riode d\u2019occupation.<\/li>\n<\/ul>\n<h1>Peut-on utiliser le ch\u00e8que \u00e9nergie pour payer les charges comprises de son loyer ?<\/h1>\n<h2>Peut-on r\u00e9gler une partie des charges comprises dans le loyer avec le ch\u00e8que \u00e9nergie ?<\/h2>\n<p><b>Oui<\/b>, il est possible de <b>r\u00e9gler la part des charges comprises<\/b> correspondant \u00e0 des d\u00e9penses d\u2019\u00e9nergie avec le ch\u00e8que \u00e9nergie, \u00e0 condition que ces charges soient li\u00e9es \u00e0 la fourniture d\u2019\u00e9nergie et que le bailleur accepte ce mode de paiement. Cela concerne surtout les bailleurs sociaux, qui sont d\u00e9sormais oblig\u00e9s d\u2019accepter le ch\u00e8que \u00e9nergie pour cette part des charges. Le ch\u00e8que ne peut pas servir \u00e0 payer la totalit\u00e9 du loyer, seulement la fraction correspondant aux charges d\u2019\u00e9nergie.<\/p>\n<h2>Comment adresser son ch\u00e8que \u00e9nergie \u00e0 son bailleur ou son gestionnaire ?<\/h2>\n<p>Pour utiliser le ch\u00e8que \u00e9nergie aupr\u00e8s de votre bailleur ou de votre gestionnaires :<\/p>\n<ul>\n<li aria-level=\"1\">Vous pouvez remettre l\u2019original du ch\u00e8que <b>en main propre<\/b> \u00e0 votre agence ou \u00e0 votre point d&rsquo;accueil du bailleur social.<\/li>\n<li aria-level=\"1\">Vous pouvez l\u2019envoyer <b>par courrier <\/b>au si\u00e8ge ou \u00e0 l\u2019adresse indiqu\u00e9e par votre bailleur.<\/li>\n<li aria-level=\"1\">Certains bailleurs proposent aussi l\u2019enregistrement du ch\u00e8que \u00e9nergie <b>en ligne sur le site officiel du ch\u00e8que \u00e9nergie<\/b>, en choisissant le bailleur comme b\u00e9n\u00e9ficiaire.<\/li>\n<\/ul>\n<p>Le ch\u00e8que doit \u00eatre utilis\u00e9 avant sa date de validit\u00e9, indiqu\u00e9e sur le document.<\/p>\n<h2>Que faire si le montant du ch\u00e8que \u00e9nergie d\u00e9passe celui des charges locatives que vous devez ?<\/h2>\n<p>Si le montant du ch\u00e8que \u00e9nergie est sup\u00e9rieur \u00e0 la somme due pour les charges d\u2019\u00e9nergie du mois, l\u2019<b>exc\u00e9dent n\u2019est pas perdu<\/b>. Il est<b> report\u00e9 sur les \u00e9ch\u00e9ances suivantes<\/b>. Par exemple, si vos charges mensuelles sont de 30 \u20ac et que vous remettez un ch\u00e8que \u00e9nergie de 60 \u20ac, celui-ci couvrira deux mois de charges.<\/p>\n<h2>Comment fonctionne le report de l\u2019exc\u00e9dent du ch\u00e8que \u00e9nergie sur les \u00e9ch\u00e9ances suivantes ?<\/h2>\n<p>Le surplus du ch\u00e8que \u00e9nergie est directement <b>appliqu\u00e9 sur les prochaines factures <\/b>d\u2019\u00e9nergie. Le propri\u00e9taire soustrait le reste du montant des prochains paiements jusqu\u2019\u00e0 ce que le cr\u00e9dit du ch\u00e8que soit \u00e9puis\u00e9. Si le contrat de location est annul\u00e9 avant d\u2019avoir utilis\u00e9 la totalit\u00e9 du montant, le reste doit \u00eatre rembours\u00e9 au b\u00e9n\u00e9ficiaire.<\/p>\n<h1>Que faire si les charges d\u2019\u00e9nergie sont individualis\u00e9es ?<\/h1>\n<p>Lorsque les charges d\u2019\u00e9nergie sont individualis\u00e9es, cela signifie que chaque locataire paie directement sa propre consommation aupr\u00e8s du fournisseur de son choix, via un contrat \u00e0 son nom. Dans ce cas, ces <b>charges ne sont pas incluses<\/b> dans les charges comprises du loyer et ne passent pas par le bailleur. Le ch\u00e8que \u00e9nergie doit alors \u00eatre <b>utilis\u00e9 directement aupr\u00e8s du fournisseur d\u2019\u00e9nergie<\/b> et il n\u2019est donc pas possible de remettre le ch\u00e8que \u00e9nergie \u00e0 son bailleur pour r\u00e9gler des charges comprises, puisque celles-ci ne couvrent pas les consommations individualis\u00e9es.<\/p>\n<h1>Que faire en cas de pr\u00e9l\u00e8vement automatique du loyer ?<\/h1>\n<p>En cas de pr\u00e9l\u00e8vement automatique du loyer, le pr\u00e9l\u00e8vement <b>sera effectu\u00e9 normalement \u00e0 la date pr\u00e9vue<\/b>, m\u00eame si vous utilisez un ch\u00e8que \u00e9nergie pour r\u00e9gler vos charges d\u2019\u00e9nergie comprises dans le loyer. Une fois votre ch\u00e8que \u00e9nergie re\u00e7u et trait\u00e9 par le bailleur, son montant sera cr\u00e9dit\u00e9 sur votre compte locatif et viendra en d\u00e9duction des prochaines \u00e9ch\u00e9ances de loyer, g\u00e9n\u00e9rant ainsi un solde cr\u00e9diteur qui s\u2019appliquera automatiquement lors des pr\u00e9l\u00e8vements suivants.<\/p>\n<p class=\"p1\"><div class='cta-block'><div class='text'>Simulez toutes vos Aides en 2 min.<\/div><a href='https:\/\/www.mes-allocs.fr\/ab-app?origin=guides\/wp-json\/wp\/v2\/posts\/98752' class='app-button fit'>Simulation gratuite<\/a><\/div><\/p>\n","protected":false},"excerpt":{"rendered":"<p>[Mise \u00e0 jour le 20\/03\/2026] Vous louez un logement avec charges comprises et vous vous demandez si vous pouvez utiliser le ch\u00e8que \u00e9nergie 2026 pour payer vos d\u00e9penses en \u00e9nergie ? Dans cet article, d\u00e9couvrez comment fonctionne le ch\u00e8que \u00e9nergie pour les locations avec charges comprises, \u00e0 quoi il peut servir et comment l\u2019utiliser. Qu\u2019est-ce [&hellip;]<\/p>\n","protected":false},"author":31,"featured_media":98755,"comment_status":"open","ping_status":"open","sticky":false,"template":"","format":"standard","meta":{"amp_status":"","footnotes":""},"categories":[1,6,7478],"tags":[],"class_list":["post-98752","post","type-post","status-publish","format-standard","has-post-thumbnail","hentry","category-aide-logement","category-cheque-energie","category-utiliser-cheque-energie"],"yoast_head":"<!-- This site is optimized with the Yoast SEO plugin v14.9 - https:\/\/yoast.com\/wordpress\/plugins\/seo\/ -->\n<title>Ch\u00e8que \u00e9nergie locataire charges comprises : comment l&#039;utiliser ?<\/title>\n<meta name=\"description\" content=\"Peut-on utiliser le ch\u00e8que \u00e9nergie quand on loue un logement avec charges comprises ? D\u00e9couvrez comment fonctionne cette aide !\" \/>\n<meta name=\"robots\" content=\"index, follow, max-snippet:-1, max-image-preview:large, max-video-preview:-1\" \/>\n<link rel=\"canonical\" href=\"https:\/\/www.mes-allocs.fr\/guides\/aide-logement\/cheque-energie\/utiliser-cheque-energie\/cheque-energie-locataire-charges-comprises\/\" \/>\n<meta property=\"og:locale\" content=\"fr_FR\" \/>\n<meta property=\"og:type\" content=\"article\" \/>\n<meta property=\"og:title\" content=\"Ch\u00e8que \u00e9nergie locataire charges comprises : comment l&#039;utiliser ?\" \/>\n<meta property=\"og:description\" content=\"Peut-on utiliser le ch\u00e8que \u00e9nergie quand on loue un logement avec charges comprises ? D\u00e9couvrez comment fonctionne cette aide !\" \/>\n<meta property=\"og:url\" content=\"https:\/\/www.mes-allocs.fr\/guides\/aide-logement\/cheque-energie\/utiliser-cheque-energie\/cheque-energie-locataire-charges-comprises\/\" \/>\n<meta property=\"og:site_name\" content=\"Mes-Allocs.fr\" \/>\n<meta property=\"article:published_time\" content=\"2025-04-23T09:23:48+00:00\" \/>\n<meta property=\"article:modified_time\" content=\"2026-04-22T07:33:15+00:00\" \/>\n<meta property=\"og:image\" content=\"https:\/\/www.mes-allocs.fr\/guides\/wp-content\/uploads\/2025\/04\/locataire-charges-comprises-cheque-energie.jpg?wsr\" \/>\n\t<meta property=\"og:image:width\" content=\"1500\" \/>\n\t<meta property=\"og:image:height\" content=\"998\" \/>\n<meta name=\"twitter:card\" content=\"summary_large_image\" \/>\n<script type=\"application\/ld+json\" class=\"yoast-schema-graph\">{\"@context\":\"https:\/\/schema.org\",\"@graph\":[{\"@type\":\"WebSite\",\"@id\":\"https:\/\/www.mes-allocs.fr\/guides\/#website\",\"url\":\"https:\/\/www.mes-allocs.fr\/guides\/\",\"name\":\"Mes-Allocs.fr\",\"description\":\"\",\"potentialAction\":[{\"@type\":\"SearchAction\",\"target\":\"https:\/\/www.mes-allocs.fr\/guides\/?s={search_term_string}\",\"query-input\":\"required name=search_term_string\"}],\"inLanguage\":\"fr-FR\"},{\"@type\":\"ImageObject\",\"@id\":\"https:\/\/www.mes-allocs.fr\/guides\/aide-logement\/cheque-energie\/utiliser-cheque-energie\/cheque-energie-locataire-charges-comprises\/#primaryimage\",\"inLanguage\":\"fr-FR\",\"url\":\"https:\/\/www.mes-allocs.fr\/guides\/wp-content\/uploads\/2025\/04\/locataire-charges-comprises-cheque-energie.jpg?wsr\",\"width\":1500,\"height\":998,\"caption\":\"locataire charges comprises cheque energie\"},{\"@type\":\"WebPage\",\"@id\":\"https:\/\/www.mes-allocs.fr\/guides\/aide-logement\/cheque-energie\/utiliser-cheque-energie\/cheque-energie-locataire-charges-comprises\/#webpage\",\"url\":\"https:\/\/www.mes-allocs.fr\/guides\/aide-logement\/cheque-energie\/utiliser-cheque-energie\/cheque-energie-locataire-charges-comprises\/\",\"name\":\"Ch\\u00e8que \\u00e9nergie locataire charges comprises : comment l'utiliser ?\",\"isPartOf\":{\"@id\":\"https:\/\/www.mes-allocs.fr\/guides\/#website\"},\"primaryImageOfPage\":{\"@id\":\"https:\/\/www.mes-allocs.fr\/guides\/aide-logement\/cheque-energie\/utiliser-cheque-energie\/cheque-energie-locataire-charges-comprises\/#primaryimage\"},\"datePublished\":\"2025-04-23T09:23:48+00:00\",\"dateModified\":\"2026-04-22T07:33:15+00:00\",\"author\":{\"@id\":\"https:\/\/www.mes-allocs.fr\/guides\/#\/schema\/person\/4f115680446d9e6de360142157ca671d\"},\"description\":\"Peut-on utiliser le ch\\u00e8que \\u00e9nergie quand on loue un logement avec charges comprises ? D\\u00e9couvrez comment fonctionne cette aide !\",\"inLanguage\":\"fr-FR\"},{\"@type\":\"Person\",\"@id\":\"https:\/\/www.mes-allocs.fr\/guides\/#\/schema\/person\/4f115680446d9e6de360142157ca671d\",\"name\":\"Miangaly Ramasindray\",\"image\":{\"@type\":\"ImageObject\",\"@id\":\"https:\/\/www.mes-allocs.fr\/guides\/#personlogo\",\"inLanguage\":\"fr-FR\",\"url\":\"https:\/\/www.mes-allocs.fr\/guides\/wp-content\/uploads\/2024\/10\/Miangaly_Ramasindray-150x150.jpeg\",\"caption\":\"Miangaly Ramasindray\"},\"description\":\"Miangaly est r\\u00e9dactrice web sp\\u00e9cialis\\u00e9e sur les sujets de pouvoir d'achat. Elle rejoint Mes Allocs en 2024 apr\\u00e8s une premi\\u00e8re exp\\u00e9rience en marketing chez DMI.\",\"sameAs\":[\"https:\/\/www.linkedin.com\/in\/miangaly-ramasindray\/\"]}]}<\/script>\n<!-- \/ Yoast SEO plugin. -->","amp_validity":null,"acf":{"faq":{"1":{"question":"Le ch\u00e8que \u00e9nergie est-il cumulable avec les aides au logement (APL, ALS, ALF) ?","answer":"Oui, le ch\u00e8que \u00e9nergie est une aide distincte et cumulable avec les diff\u00e9rentes aides au logement vers\u00e9es par la CAF ou la MSA. Son attribution et son utilisation n'ont pas d'impact sur le montant de vos aides au logement."},"2":{"question":"Y a-t-il une date limite pour utiliser son ch\u00e8que \u00e9nergie ?","answer":"Oui, chaque ch\u00e8que \u00e9nergie a une date de validit\u00e9 clairement indiqu\u00e9e dessus. Il est important de l'utiliser avant cette date, car il ne sera plus accept\u00e9 pass\u00e9 ce d\u00e9lai."},"3":{"question":"Peut-on demander un ch\u00e8que \u00e9nergie si on n'en a pas re\u00e7u automatiquement ?","answer":"Le ch\u00e8que \u00e9nergie est envoy\u00e9 automatiquement aux foyers \u00e9ligibles en fonction des informations transmises par l'administration fiscale. Si vous pensez \u00eatre \u00e9ligible et ne l'avez pas re\u00e7u, vous pouvez v\u00e9rifier votre \u00e9ligibilit\u00e9 et faire une r\u00e9clamation sur le site officiel du ch\u00e8que \u00e9nergie."},"4":{"question":"Si mon logement est chauff\u00e9 au fioul, puis-je quand m\u00eame utiliser le ch\u00e8que \u00e9nergie si mes charges sont comprises ?","answer":"Oui, si une partie de vos charges comprises correspond au fioul domestique et que votre bailleur accepte le ch\u00e8que \u00e9nergie pour cette d\u00e9pense, vous pouvez l'utiliser pour r\u00e9gler cette quote-part."},"5":{"question":"Le ch\u00e8que \u00e9nergie peut-il servir \u00e0 payer des travaux d'isolation dans mon logement locatif ?","answer":"Non, le ch\u00e8que \u00e9nergie est exclusivement destin\u00e9 au paiement des factures d'\u00e9nergie courante et ne peut plus \u00eatre utilis\u00e9 pour financer des travaux de r\u00e9novation \u00e9nerg\u00e9tique.\r\n\r\n"},"6":{"question":"Comment savoir si mon bailleur accepte le ch\u00e8que \u00e9nergie pour les charges comprises ?","answer":"Le plus simple est de contacter directement votre bailleur ou votre gestionnaire immobilier pour leur poser la question. Les bailleurs sociaux sont g\u00e9n\u00e9ralement tenus de l'accepter pour la part des charges li\u00e9es \u00e0 l'\u00e9nergie.\r\n\r\n"},"7":{"question":"","answer":""},"8":{"question":"","answer":""},"9":{"question":"","answer":""},"10":{"question":"","answer":""},"11":{"question":"","answer":""},"12":{"question":"","answer":""},"13":{"question":"","answer":""},"14":{"question":"","answer":""},"15":{"question":"","answer":""},"16":{"question":"","answer":""}}},"_links":{"self":[{"href":"https:\/\/www.mes-allocs.fr\/guides\/wp-json\/wp\/v2\/posts\/98752","targetHints":{"allow":["GET"]}}],"collection":[{"href":"https:\/\/www.mes-allocs.fr\/guides\/wp-json\/wp\/v2\/posts"}],"about":[{"href":"https:\/\/www.mes-allocs.fr\/guides\/wp-json\/wp\/v2\/types\/post"}],"author":[{"embeddable":true,"href":"https:\/\/www.mes-allocs.fr\/guides\/wp-json\/wp\/v2\/users\/31"}],"replies":[{"embeddable":true,"href":"https:\/\/www.mes-allocs.fr\/guides\/wp-json\/wp\/v2\/comments?post=98752"}],"version-history":[{"count":7,"href":"https:\/\/www.mes-allocs.fr\/guides\/wp-json\/wp\/v2\/posts\/98752\/revisions"}],"predecessor-version":[{"id":110820,"href":"https:\/\/www.mes-allocs.fr\/guides\/wp-json\/wp\/v2\/posts\/98752\/revisions\/110820"}],"wp:featuredmedia":[{"embeddable":true,"href":"https:\/\/www.mes-allocs.fr\/guides\/wp-json\/wp\/v2\/media\/98755"}],"wp:attachment":[{"href":"https:\/\/www.mes-allocs.fr\/guides\/wp-json\/wp\/v2\/media?parent=98752"}],"wp:term":[{"taxonomy":"category","embeddable":true,"href":"https:\/\/www.mes-allocs.fr\/guides\/wp-json\/wp\/v2\/categories?post=98752"},{"taxonomy":"post_tag","embeddable":true,"href":"https:\/\/www.mes-allocs.fr\/guides\/wp-json\/wp\/v2\/tags?post=98752"}],"curies":[{"name":"wp","href":"https:\/\/api.w.org\/{rel}","templated":true}]}}