{"id":97955,"date":"2025-04-09T15:25:20","date_gmt":"2025-04-09T13:25:20","guid":{"rendered":"https:\/\/www.mes-allocs.fr\/guides\/?p=97955"},"modified":"2026-04-22T08:33:15","modified_gmt":"2026-04-22T07:33:15","slug":"cheque-energie-nom-facture","status":"publish","type":"post","link":"https:\/\/www.mes-allocs.fr\/guides\/aide-logement\/cheque-energie\/cheque-energie-nom-facture\/","title":{"rendered":"Ch\u00e8que \u00e9nergie 2026 : comment l\u2019utiliser si votre facture n\u2019est pas \u00e0 votre nom ?"},"content":{"rendered":"<p><img loading=\"lazy\" decoding=\"async\" class=\"alignnone wp-image-97959\" title=\"facture pas a mon nom cheque energie\" src=\"https:\/\/www.mes-allocs.fr\/guides\/wp-content\/uploads\/2025\/04\/facture-pas-a-mon-nom-cheque-energie-e1744204784681-300x46.jpg\" alt=\"facture pas a mon nom cheque energie\" width=\"1448\" height=\"222\" srcset=\"https:\/\/www.mes-allocs.fr\/guides\/wp-content\/uploads\/2025\/04\/facture-pas-a-mon-nom-cheque-energie-e1744204784681-300x46.jpg 300w, https:\/\/www.mes-allocs.fr\/guides\/wp-content\/uploads\/2025\/04\/facture-pas-a-mon-nom-cheque-energie-e1744204784681-1024x156.jpg 1024w, https:\/\/www.mes-allocs.fr\/guides\/wp-content\/uploads\/2025\/04\/facture-pas-a-mon-nom-cheque-energie-e1744204784681-768x117.jpg 768w, https:\/\/www.mes-allocs.fr\/guides\/wp-content\/uploads\/2025\/04\/facture-pas-a-mon-nom-cheque-energie-e1744204784681-1536x234.jpg 1536w, https:\/\/www.mes-allocs.fr\/guides\/wp-content\/uploads\/2025\/04\/facture-pas-a-mon-nom-cheque-energie-e1744204784681-600x92.jpg 600w, https:\/\/www.mes-allocs.fr\/guides\/wp-content\/uploads\/2025\/04\/facture-pas-a-mon-nom-cheque-energie-e1744204784681.jpg 2000w\" sizes=\"auto, (max-width: 1448px) 100vw, 1448px\" \/><\/p>\n<p>[Mis \u00e0 jour le 20\/03\/2026] Le <a href=\"https:\/\/www.mes-allocs.fr\/guides\/aide-logement\/cheque-energie\/\">ch\u00e8que \u00e9nergie<\/a> 2026 fait partie des nombreuses aides au logement mises en place. Cette aide permet de r\u00e9duire vos factures de d\u00e9penses \u00e9nerg\u00e9tiques et est envoy\u00e9 aux b\u00e9n\u00e9ficiaires selon leurs ressources. Cependant, <strong>comment faire avec le ch\u00e8que \u00e9nergie si la facture n\u2019est pas \u00e0 votre nom<\/strong> ? Dans cet article, d\u00e9couvrez pourquoi avoir une facture d\u2019\u00e9nergie qui n\u2019est pas \u00e0 votre nom peut \u00eatre compliqu\u00e9, les exemptions possibles et les solutions.<\/p>\n<p class=\"p1\"><div class='cta-block'><div class='text'>Simulez toutes vos Aides en 2 min.<\/div><a href='https:\/\/www.mes-allocs.fr\/ab-app?origin=guides\/wp-json\/wp\/v2\/posts\/97955' class='app-button fit'>Simulation gratuite<\/a><\/div><\/p>\n<h1>Pourquoi le ch\u00e8que \u00e9nergie n\u00e9cessite-t-il un contrat \u00e0 votre nom ?<\/h1>\n<h2>Qu\u2019est-ce que le ch\u00e8que \u00e9nergie et comment fonctionne-t-il ?<\/h2>\n<p>Le ch\u00e8que \u00e9nergie est une aide financi\u00e8re qui aide les foyers aux revenus modestes \u00e0 r\u00e9duire le co\u00fbt de leurs factures d\u2019\u00e9nergie, que ce soit pour l\u2019\u00e9lectricit\u00e9, le gaz, le fioul ou m\u00eame le bois. Son montant d\u00e9pend du <b>revenu fiscal de r\u00e9f\u00e9rence (RFR) et de la composition du foyer<\/b>. Par exemple, si vous \u00eates \u00e9tudiant, vous pourriez avoir droit \u00e0 ce ch\u00e8que. Le ch\u00e8que est nominatif, valable pendant un an et peut \u00eatre utilis\u00e9 en ligne ou par courrier avec vos factures d\u2019\u00e9nergie.<\/p>\n<h2>Pourquoi le contrat doit-il \u00eatre au nom du b\u00e9n\u00e9ficiaire ?<\/h2>\n<p>Le ch\u00e8que \u00e9nergie est une aide directement<b> li\u00e9e \u00e0 la personne qui en b\u00e9n\u00e9ficie<\/b>. C\u2019est pour cela qu&rsquo;il est important que le contrat d\u2019\u00e9nergie soit au nom du b\u00e9n\u00e9ficiaire. Cela permet de s\u2019assurer que l\u2019aide est utilis\u00e9e par la bonne personne, pour payer ses propres factures et non pour quelqu\u2019un d\u2019autre. Cela peut poser probl\u00e8me si le contrat d\u2019\u00e9nergie est au nom de quelqu\u2019un d\u2019autre.<\/p>\n<p>Cette r\u00e8gle aide aussi \u00e0 r\u00e9duire les fraudes et les abus li\u00e9s au ch\u00e8que \u00e9nergie. En effet, si le contrat est au nom d\u2019une autre personne, le fournisseur d&rsquo;\u00e9nergie ne pourra pas relier le ch\u00e8que re\u00e7u au contrat concern\u00e9. Par cons\u00e9quent, le ch\u00e8que ne sera pas pris en compte, ce qui pourrait emp\u00eacher la personne de b\u00e9n\u00e9ficier de l&rsquo;aide \u00e0 laquelle elle \u00e0 le droit. Cela peut aussi poser probl\u00e8me pour ceux qui vivent h\u00e9berg\u00e9s chez un tiers, en colocation ou dans des endroits o\u00f9 les contrats d\u2019\u00e9nergies sont partag\u00e9s.<\/p>\n<h1>Que faire si votre contrat est au nom du propri\u00e9taire ou d\u2019un tiers dans le cadre du ch\u00e8que \u00e9nergie ?<\/h1>\n<h2>Quels sont les cas courants o\u00f9 le contrat n\u2019est pas \u00e0 votre nom ?<\/h2>\n<p>Plusieurs situations peuvent expliquer pourquoi vous n\u2019avez pas de contrat d\u2019\u00e9nergie \u00e0 votre nom :<\/p>\n<ul>\n<li aria-level=\"1\"><b>Vous \u00eates locataire dans un logement meubl\u00e9<\/b> : le propri\u00e9taire g\u00e8re les contrats d\u2019\u00e9nergie et vous refacture les charges.<\/li>\n<li aria-level=\"1\"><b>Vous vivez en colocation<\/b> : une seule personne a mis le contrat \u00e0 son nom.<\/li>\n<li aria-level=\"1\"><b>Vous \u00eates h\u00e9berg\u00e9 chez un tiers<\/b> (famille, ami, etc.) : vous n\u2019avez pas de lien direct avec le contrat d\u2019\u00e9nergie.<\/li>\n<\/ul>\n<p><strong>Nouveaut\u00e9 2026<\/strong> : Si vous vivez en <strong>foyer ou structure d\u2019accueil<\/strong> et que vous n&rsquo;avez pas de contrat d\u2019\u00e9lectricit\u00e9 \u00e0 votre nom, vous pouvez quand-m\u00eame recevoir le ch\u00e8que \u00e9nergie gr\u00e2ce au dispositif <strong>\u00ab\u202faide sp\u00e9cifique\u202f<\/strong>\u00bb.<\/p>\n<h2>Quels probl\u00e8mes cela pose-t-il pour utiliser le ch\u00e8que \u00e9nergie ?<\/h2>\n<p>\u00c9tant donn\u00e9 que l&rsquo;aide est normalement utilisable pour payer une facture d\u2019\u00e9nergie, si le contrat n\u2019est pas \u00e0 votre nom, vous ne pouvez pas <a href=\"https:\/\/www.mes-allocs.fr\/guides\/aide-logement\/cheque-energie\/utiliser-cheque-energie\/\">utiliser le ch\u00e8que \u00e9nergie<\/a> directement pour payer une facture. Cela pose deux principaux probl\u00e8mes :<\/p>\n<ul>\n<li aria-level=\"1\">L&rsquo;impossibilit\u00e9 de l\u2019utiliser aupr\u00e8s de votre fournisseur d\u2019\u00e9nergie car vous n\u2019\u00eates pas reconnu comme le titulaire du contrat.<\/li>\n<li aria-level=\"1\">Le risque de non-utilisation du ch\u00e8que \u00e9nergie si aucune d\u00e9marche n\u2019est engag\u00e9e pour le faire accepter dans un cadre particulier.<\/li>\n<\/ul>\n<p><iframe loading=\"lazy\" title=\"Le ch\u00e8que \u00e9nergie\" width=\"500\" height=\"281\" src=\"https:\/\/www.youtube.com\/embed\/fQ1LYfHSrdk?feature=oembed\" frameborder=\"0\" allow=\"accelerometer; autoplay; clipboard-write; encrypted-media; gyroscope; picture-in-picture; web-share\" referrerpolicy=\"strict-origin-when-cross-origin\" allowfullscreen><\/iframe><\/p>\n<p class=\"p1\"><div class='cta-block'><div class='text'>Simulez toutes vos Aides en 2 min.<\/div><a href='https:\/\/www.mes-allocs.fr\/ab-app?origin=guides\/wp-json\/wp\/v2\/posts\/97955' class='app-button fit'>Simulation gratuite<\/a><\/div><\/p>\n<h1>Quelles sont les solutions pour b\u00e9n\u00e9ficier du ch\u00e8que \u00e9nergie si le contrat n\u2019est pas \u00e0 votre nom ?<\/h1>\n<p>Dans le cas des logements collectifs ou des copropri\u00e9t\u00e9s, o\u00f9 les contrats d&rsquo;\u00e9nergie sont souvent <b>au nom du propri\u00e9taire ou du gestionnaire<\/b>, il est possible d&rsquo;utiliser le ch\u00e8que \u00e9nergie pour payer les charges \u00e9nerg\u00e9tiques communes. Par exemple, dans une copropri\u00e9t\u00e9 avec chauffage collectif, le <a href=\"https:\/\/www.mes-allocs.fr\/guides\/aide-logement\/cheque-energie\/cheque-energie-montant\/\">montant du ch\u00e8que \u00e9nergie<\/a> peut \u00eatre affect\u00e9 aux d\u00e9penses li\u00e9es au gaz ou \u00e0 l&rsquo;\u00e9lectricit\u00e9.<\/p>\n<p>Si le contrat d&rsquo;\u00e9nergie est au nom du propri\u00e9taire ou d&rsquo;un gestionnaire, vous pouvez demander une attestation pr\u00e9cisant que vous \u00eates responsable des frais \u00e9nerg\u00e9tiques. Cette attestation permet d&rsquo;utiliser le ch\u00e8que \u00e9nergie pour r\u00e9gler les charges li\u00e9es \u00e0 l&rsquo;\u00e9nergie. Toutefois, cette d\u00e9marche d\u00e9pend de la coop\u00e9ration du propri\u00e9taire et de la nature des charges \u00e9nerg\u00e9tiques incluses dans votre loyer.<\/p>\n<p>Dans certains cas, il est possible de demander une cotitularit\u00e9 du contrat d&rsquo;\u00e9nergie avec le propri\u00e9taire ou le gestionnaire. Cela implique que votre nom soit ajout\u00e9 au contrat existant, ce qui peut n\u00e9cessiter des d\u00e9marches administratives et bancaires.<\/p>\n<h1>Comment utiliser le ch\u00e8que \u00e9nergie lorsque les factures ne sont pas \u00e0 votre nom ?<\/h1>\n<p>S\u2019il n\u2019est pas possible d\u2019utiliser le ch\u00e8que \u00e9nergie sans factures \u00e0 votre nom, il existe quand m\u00eame des solutions alternatives cit\u00e9es ci-dessus. Si aucune modification du contrat n\u2019est possible, le ch\u00e8que \u00e9nergie ne peut malheureusement pas \u00eatre utilis\u00e9 directement dans ces situations. En effet, le ch\u00e8que \u00e9nergie est nominatif et ne peut pas \u00eatre transf\u00e9r\u00e9 \u00e0 une autre personne.<\/p>\n<h1>Que faire si aucune solution n\u2019est possible ?<\/h1>\n<p>Si vous vous trouvez dans une situation o\u00f9 ni l&rsquo;attention, ni la cotitularit\u00e9, ni l\u2019usage collectif du ch\u00e8que \u00e9nergie ne sont envisageables, vous pouvez tout de m\u00eame :<\/p>\n<ul>\n<li aria-level=\"1\"><a href=\"https:\/\/www.mes-allocs.fr\/guides\/aide-logement\/cheque-energie\/cheque-energie-contact\/\"><strong>Contacter le service client du ch\u00e8que \u00e9nergie<\/strong><\/a> pour expliquer votre situation par t\u00e9l\u00e9phone du lundi au vendredi de 8h \u00e0 20h.<\/li>\n<li aria-level=\"1\"><b>Envisager un changement de titulaire du contrat <\/b>si vous restez durablement dans le logement et que le propri\u00e9taire est d\u2019accord, il est possible de modifier le nom du titulaire du contrat. Cette d\u00e9marche peut \u00eatre effectu\u00e9e directement aupr\u00e8s de votre fournisseur d\u2019\u00e9nergie, par t\u00e9l\u00e9phone ou \u00e0 partir de votre espace client en ligne.<\/li>\n<\/ul>\n<h1>Conclusion<\/h1>\n<p>Utiliser le ch\u00e8que \u00e9nergie quand la facture n\u2019est pas \u00e0 votre nom peut donc \u00eatre compliqu\u00e9 mais pas impossible non plus. Selon votre situation, vous pouvez demander une attestation, \u00eatre ajout\u00e9 au contrat ou utiliser le ch\u00e8que pour des charges collectives, par exemple. Et si vraiment aucune option ne fonctionne, vous pouvez contacter le service du ch\u00e8que \u00e9nergie.<\/p>\n<p class=\"p1\"><div class='cta-block'><div class='text'>Simulez toutes vos Aides en 2 min.<\/div><a href='https:\/\/www.mes-allocs.fr\/ab-app?origin=guides\/wp-json\/wp\/v2\/posts\/97955' class='app-button fit'>Simulation gratuite<\/a><\/div><\/p>\n","protected":false},"excerpt":{"rendered":"<p>[Mis \u00e0 jour le 20\/03\/2026] Le ch\u00e8que \u00e9nergie 2026 fait partie des nombreuses aides au logement mises en place. Cette aide permet de r\u00e9duire vos factures de d\u00e9penses \u00e9nerg\u00e9tiques et est envoy\u00e9 aux b\u00e9n\u00e9ficiaires selon leurs ressources. Cependant, comment faire avec le ch\u00e8que \u00e9nergie si la facture n\u2019est pas \u00e0 votre nom ? Dans cet [&hellip;]<\/p>\n","protected":false},"author":31,"featured_media":97958,"comment_status":"open","ping_status":"open","sticky":false,"template":"","format":"standard","meta":{"amp_status":"","footnotes":""},"categories":[1,6],"tags":[],"class_list":["post-97955","post","type-post","status-publish","format-standard","has-post-thumbnail","hentry","category-aide-logement","category-cheque-energie"],"yoast_head":"<!-- This site is optimized with the Yoast SEO plugin v14.9 - https:\/\/yoast.com\/wordpress\/plugins\/seo\/ -->\n<title>Ch\u00e8que \u00e9nergie facture pas \u00e0 mon nom : comment faire ? | Mes-Allocs.fr<\/title>\n<meta name=\"description\" content=\"Pouvez-vous utiliser le ch\u00e8que \u00e9nergie si la facture d\u2019\u00e9nergie n\u2019est pas \u00e0 votre nom ? D\u00e9couvrez les cas concern\u00e9s et les solutions possibles.\" \/>\n<meta name=\"robots\" content=\"index, follow, max-snippet:-1, max-image-preview:large, max-video-preview:-1\" \/>\n<link rel=\"canonical\" href=\"https:\/\/www.mes-allocs.fr\/guides\/aide-logement\/cheque-energie\/cheque-energie-nom-facture\/\" \/>\n<meta property=\"og:locale\" content=\"fr_FR\" \/>\n<meta property=\"og:type\" content=\"article\" \/>\n<meta property=\"og:title\" content=\"Ch\u00e8que \u00e9nergie facture pas \u00e0 mon nom : comment faire ? | Mes-Allocs.fr\" \/>\n<meta property=\"og:description\" content=\"Pouvez-vous utiliser le ch\u00e8que \u00e9nergie si la facture d\u2019\u00e9nergie n\u2019est pas \u00e0 votre nom ? D\u00e9couvrez les cas concern\u00e9s et les solutions possibles.\" \/>\n<meta property=\"og:url\" content=\"https:\/\/www.mes-allocs.fr\/guides\/aide-logement\/cheque-energie\/cheque-energie-nom-facture\/\" \/>\n<meta property=\"og:site_name\" content=\"Mes-Allocs.fr\" \/>\n<meta property=\"article:published_time\" content=\"2025-04-09T13:25:20+00:00\" \/>\n<meta property=\"article:modified_time\" content=\"2026-04-22T07:33:15+00:00\" \/>\n<meta property=\"og:image\" content=\"https:\/\/www.mes-allocs.fr\/guides\/wp-content\/uploads\/2025\/04\/cheque-energie-facture-pas-a-mon-nom.jpg?wsr\" \/>\n\t<meta property=\"og:image:width\" content=\"2000\" \/>\n\t<meta property=\"og:image:height\" content=\"1333\" \/>\n<meta name=\"twitter:card\" content=\"summary_large_image\" \/>\n<script type=\"application\/ld+json\" class=\"yoast-schema-graph\">{\"@context\":\"https:\/\/schema.org\",\"@graph\":[{\"@type\":\"WebSite\",\"@id\":\"https:\/\/www.mes-allocs.fr\/guides\/#website\",\"url\":\"https:\/\/www.mes-allocs.fr\/guides\/\",\"name\":\"Mes-Allocs.fr\",\"description\":\"\",\"potentialAction\":[{\"@type\":\"SearchAction\",\"target\":\"https:\/\/www.mes-allocs.fr\/guides\/?s={search_term_string}\",\"query-input\":\"required name=search_term_string\"}],\"inLanguage\":\"fr-FR\"},{\"@type\":\"ImageObject\",\"@id\":\"https:\/\/www.mes-allocs.fr\/guides\/aide-logement\/cheque-energie\/cheque-energie-nom-facture\/#primaryimage\",\"inLanguage\":\"fr-FR\",\"url\":\"https:\/\/www.mes-allocs.fr\/guides\/wp-content\/uploads\/2025\/04\/cheque-energie-facture-pas-a-mon-nom.jpg?wsr\",\"width\":2000,\"height\":1333,\"caption\":\"cheque energie facture pas a mon nom\"},{\"@type\":\"WebPage\",\"@id\":\"https:\/\/www.mes-allocs.fr\/guides\/aide-logement\/cheque-energie\/cheque-energie-nom-facture\/#webpage\",\"url\":\"https:\/\/www.mes-allocs.fr\/guides\/aide-logement\/cheque-energie\/cheque-energie-nom-facture\/\",\"name\":\"Ch\\u00e8que \\u00e9nergie facture pas \\u00e0 mon nom : comment faire ? | Mes-Allocs.fr\",\"isPartOf\":{\"@id\":\"https:\/\/www.mes-allocs.fr\/guides\/#website\"},\"primaryImageOfPage\":{\"@id\":\"https:\/\/www.mes-allocs.fr\/guides\/aide-logement\/cheque-energie\/cheque-energie-nom-facture\/#primaryimage\"},\"datePublished\":\"2025-04-09T13:25:20+00:00\",\"dateModified\":\"2026-04-22T07:33:15+00:00\",\"author\":{\"@id\":\"https:\/\/www.mes-allocs.fr\/guides\/#\/schema\/person\/4f115680446d9e6de360142157ca671d\"},\"description\":\"Pouvez-vous utiliser le ch\\u00e8que \\u00e9nergie si la facture d\\u2019\\u00e9nergie n\\u2019est pas \\u00e0 votre nom ? D\\u00e9couvrez les cas concern\\u00e9s et les solutions possibles.\",\"inLanguage\":\"fr-FR\"},{\"@type\":\"Person\",\"@id\":\"https:\/\/www.mes-allocs.fr\/guides\/#\/schema\/person\/4f115680446d9e6de360142157ca671d\",\"name\":\"Miangaly Ramasindray\",\"image\":{\"@type\":\"ImageObject\",\"@id\":\"https:\/\/www.mes-allocs.fr\/guides\/#personlogo\",\"inLanguage\":\"fr-FR\",\"url\":\"https:\/\/www.mes-allocs.fr\/guides\/wp-content\/uploads\/2024\/10\/Miangaly_Ramasindray-150x150.jpeg\",\"caption\":\"Miangaly Ramasindray\"},\"description\":\"Miangaly est r\\u00e9dactrice web sp\\u00e9cialis\\u00e9e sur les sujets de pouvoir d'achat. Elle rejoint Mes Allocs en 2024 apr\\u00e8s une premi\\u00e8re exp\\u00e9rience en marketing chez DMI.\",\"sameAs\":[\"https:\/\/www.linkedin.com\/in\/miangaly-ramasindray\/\"]}]}<\/script>\n<!-- \/ Yoast SEO plugin. -->","amp_validity":null,"acf":{"faq":{"1":{"question":"Si je suis sous-locataire, puis-je utiliser le ch\u00e8que \u00e9nergie ?","answer":"En tant que sous-locataire, l'utilisation du ch\u00e8que \u00e9nergie d\u00e9pend de la fa\u00e7on dont les charges \u00e9nerg\u00e9tiques sont g\u00e9r\u00e9es. Si elles sont incluses dans le loyer, il faut obtenir une attestation du locataire principal. Si vous avez un contrat distinct, vous pouvez l'utiliser normalement."},"2":{"question":"Est-ce que le ch\u00e8que \u00e9nergie peut \u00eatre utilis\u00e9 pour payer les charges de chauffage collectif en copropri\u00e9t\u00e9 ?","answer":"Oui, dans les copropri\u00e9t\u00e9s avec chauffage collectif, le ch\u00e8que \u00e9nergie peut \u00eatre utilis\u00e9 pour couvrir la part des charges li\u00e9es \u00e0 l'\u00e9nergie. Le syndic doit accepter le ch\u00e8que comme moyen de paiement.\r\n"},"3":{"question":"Comment obtenir une attestation du propri\u00e9taire ou du gestionnaire pour utiliser le ch\u00e8que \u00e9nergie ?","answer":"Vous devez demander une attestation \u00e9crite pr\u00e9cisant que vous \u00eates responsable des frais \u00e9nerg\u00e9tiques. Cette attestation doit inclure les d\u00e9tails du logement, la p\u00e9riode de responsabilit\u00e9 et le montant des charges \u00e9nerg\u00e9tiques.\r\n"},"4":{"question":"Est-il possible de demander une modification du contrat d'\u00e9nergie pour ajouter mon nom ?","answer":"Oui, vous pouvez demander une cotitularit\u00e9 ou un changement de titulaire du contrat. Cela n\u00e9cessite l'accord du propri\u00e9taire et du fournisseur d'\u00e9nergie. Les d\u00e9marches varient selon les fournisseurs."},"5":{"question":"Si je suis h\u00e9berg\u00e9 gratuitement, puis-je quand m\u00eame utiliser le ch\u00e8que \u00e9nergie ?","answer":"Si vous \u00eates h\u00e9berg\u00e9 gratuitement et que les factures sont au nom de l'h\u00e9bergeur, l'utilisation directe du ch\u00e8que est compliqu\u00e9. Il faut voir les options d'attestation ou de modification du contrat. En 2026, les personnes en foyer sans contrat d\u2019\u00e9lectricit\u00e9 \u00e0 leur nom peuvent b\u00e9n\u00e9ficier du ch\u00e8que \u00e9nergie via l'aide sp\u00e9cifique."},"6":{"question":"Comment prouver que je suis le r\u00e9el utilisateur de l'\u00e9nergie dans le logement ?","answer":"Des justificatifs de domicile et des relev\u00e9s de consommation peuvent aider \u00e0 prouver votre utilisation de l'\u00e9nergie. "},"7":{"question":"","answer":""},"8":{"question":"","answer":""},"9":{"question":"","answer":""},"10":{"question":"","answer":""},"11":{"question":"","answer":""},"12":{"question":"","answer":""},"13":{"question":"","answer":""},"14":{"question":"","answer":""},"15":{"question":"","answer":""},"16":{"question":"","answer":""}}},"_links":{"self":[{"href":"https:\/\/www.mes-allocs.fr\/guides\/wp-json\/wp\/v2\/posts\/97955","targetHints":{"allow":["GET"]}}],"collection":[{"href":"https:\/\/www.mes-allocs.fr\/guides\/wp-json\/wp\/v2\/posts"}],"about":[{"href":"https:\/\/www.mes-allocs.fr\/guides\/wp-json\/wp\/v2\/types\/post"}],"author":[{"embeddable":true,"href":"https:\/\/www.mes-allocs.fr\/guides\/wp-json\/wp\/v2\/users\/31"}],"replies":[{"embeddable":true,"href":"https:\/\/www.mes-allocs.fr\/guides\/wp-json\/wp\/v2\/comments?post=97955"}],"version-history":[{"count":9,"href":"https:\/\/www.mes-allocs.fr\/guides\/wp-json\/wp\/v2\/posts\/97955\/revisions"}],"predecessor-version":[{"id":110810,"href":"https:\/\/www.mes-allocs.fr\/guides\/wp-json\/wp\/v2\/posts\/97955\/revisions\/110810"}],"wp:featuredmedia":[{"embeddable":true,"href":"https:\/\/www.mes-allocs.fr\/guides\/wp-json\/wp\/v2\/media\/97958"}],"wp:attachment":[{"href":"https:\/\/www.mes-allocs.fr\/guides\/wp-json\/wp\/v2\/media?parent=97955"}],"wp:term":[{"taxonomy":"category","embeddable":true,"href":"https:\/\/www.mes-allocs.fr\/guides\/wp-json\/wp\/v2\/categories?post=97955"},{"taxonomy":"post_tag","embeddable":true,"href":"https:\/\/www.mes-allocs.fr\/guides\/wp-json\/wp\/v2\/tags?post=97955"}],"curies":[{"name":"wp","href":"https:\/\/api.w.org\/{rel}","templated":true}]}}