{"id":97923,"date":"2025-04-09T11:44:26","date_gmt":"2025-04-09T09:44:26","guid":{"rendered":"https:\/\/www.mes-allocs.fr\/guides\/?p=97923"},"modified":"2026-04-22T08:33:15","modified_gmt":"2026-04-22T07:33:15","slug":"cheque-energie-personne-hebergee","status":"publish","type":"post","link":"https:\/\/www.mes-allocs.fr\/guides\/aide-logement\/cheque-energie\/cheque-energie-conditions\/cheque-energie-personne-hebergee\/","title":{"rendered":"Ch\u00e8que \u00e9nergie 2026 pour personne h\u00e9berg\u00e9e : est-ce possible ?"},"content":{"rendered":"<p><img loading=\"lazy\" decoding=\"async\" class=\"alignnone wp-image-97924\" title=\"euro cash background many banknotes euro currency\" src=\"https:\/\/www.mes-allocs.fr\/guides\/wp-content\/uploads\/2025\/04\/euro-cash-background-many-banknotes-euro-currency_8353-6557-e1744191858354-300x74.jpg\" alt=\"euro cash background many banknotes euro currency\" width=\"1362\" height=\"336\" srcset=\"https:\/\/www.mes-allocs.fr\/guides\/wp-content\/uploads\/2025\/04\/euro-cash-background-many-banknotes-euro-currency_8353-6557-e1744191858354-300x74.jpg 300w, https:\/\/www.mes-allocs.fr\/guides\/wp-content\/uploads\/2025\/04\/euro-cash-background-many-banknotes-euro-currency_8353-6557-e1744191858354-768x188.jpg 768w, https:\/\/www.mes-allocs.fr\/guides\/wp-content\/uploads\/2025\/04\/euro-cash-background-many-banknotes-euro-currency_8353-6557-e1744191858354-600x147.jpg 600w\" sizes=\"auto, (max-width: 1362px) 100vw, 1362px\" \/><\/p>\n<p>[Mis \u00e0 jour le 20\/03\/2026] L\u2019aide au logement peut prendre plusieurs formes. Le ch\u00e8que \u00e9nergie, lui, peut vous permettre de r\u00e9duire vos factures de d\u00e9penses \u00e9nerg\u00e9tiques et cela m\u00eame si vous \u00eates une personne h\u00e9berg\u00e9e mais \u00e0 condition de r\u00e9pondre \u00e0 des crit\u00e8res d\u2019\u00e9ligibilit\u00e9 pr\u00e9cis. En effet, les <a href=\"https:\/\/www.mes-allocs.fr\/guides\/aide-logement\/cheque-energie\/cheque-energie-conditions\/\">conditions du ch\u00e8que \u00e9nergie<\/a> sont strictes, et toutes les personnes h\u00e9berg\u00e9es n\u2019y sont pas \u00e9ligibles. Dans cet article, d\u00e9couvrez les conditions d&rsquo;\u00e9ligibilit\u00e9 du <b>ch\u00e8que \u00e9nergie pour une personne h\u00e9berg\u00e9e<\/b>, les d\u00e9marches pour en b\u00e9n\u00e9ficier et l\u2019utiliser.<\/p>\n<div class='cta-block'><div class='text'>Simulez toutes vos Aides en 2 min.<\/div><a href='https:\/\/www.mes-allocs.fr\/ab-app?origin=guides\/wp-json\/wp\/v2\/posts\/97923' class='app-button fit'>Simulation gratuite<\/a><\/div>\n<h1>Rappel : qu&rsquo;est-ce qu&rsquo;une personne h\u00e9berg\u00e9e au sens de la loi ?<\/h1>\n<p>Une personne h\u00e9berg\u00e9e est une personne qui r\u00e9side dans un logement<b> sans payer de loyer ni fournir de contrepartie financi\u00e8re<\/b>. L\u2019h\u00e9bergement est d\u00e9fini comme un<b> pr\u00eat \u00e0 usage<\/b> ou <b>commodat <\/b>et il peut \u00eatre accord\u00e9 par un propri\u00e9taire ou un locataire. La personne h\u00e9berg\u00e9e b\u00e9n\u00e9ficie de la jouissance du logement mais cette occupation<b> doit \u00eatre d\u00e9clar\u00e9e <\/b>aux administrations, notamment aux imp\u00f4ts et \u00e0 la CAF. La dur\u00e9e de l\u2019h\u00e9bergement peut \u00eatre fix\u00e9e \u00e0 l\u2019avance ou de fa\u00e7on ind\u00e9termin\u00e9e mais elle doit respecter les termes convenus entre les parties.<\/p>\n<h1>Qu\u2019est-ce que le ch\u00e8que \u00e9nergie pour les personnes h\u00e9berg\u00e9es ?<\/h1>\n<h2>Quelles cat\u00e9gories de personnes h\u00e9berg\u00e9es sont concern\u00e9es ?<\/h2>\n<p>Le ch\u00e8que \u00e9nergie peut \u00eatre utilis\u00e9 par plusieurs cat\u00e9gories de personnes h\u00e9berg\u00e9s sous r\u00e9serve qu\u2019elles remplissent les crit\u00e8res d\u2019\u00e9ligibilit\u00e9 :<\/p>\n<ul>\n<li aria-level=\"1\"><b>Les personnes h\u00e9berg\u00e9es en \u00e9tablissements sp\u00e9cialis\u00e9s<\/b> : en EHPAD, en EHPA, en r\u00e9sidences autonomie, en \u00e9tablissements ou unit\u00e9s de soins longue dur\u00e9e.<\/li>\n<li aria-level=\"1\"><b>Les m\u00e9nages sous locataires en interm\u00e9diation locative<\/b> : les sous-locataires h\u00e9berg\u00e9s dans des logements g\u00e9r\u00e9s par des organismes d\u2019interm\u00e9diation locative peuvent aussi b\u00e9n\u00e9ficier du ch\u00e8que \u00e9nergie, \u00e0 condition que leur gestionnaire en fasse la demande.<\/li>\n<li aria-level=\"1\"><b>Les occupants de foyers-logements conventionn\u00e9s APL<\/b> : Les personnes h\u00e9berg\u00e9es dans les logements-foyers qui b\u00e9n\u00e9ficient de l\u2019Aide Personnalis\u00e9e au Logement (APL) sont \u00e9ligibles pour utiliser le ch\u00e8que \u00e9nergie dans le cadre de leur redevance \u00e9nerg\u00e9tique.<\/li>\n<\/ul>\n<h2>Depuis quand le ch\u00e8que \u00e9nergie peut-il b\u00e9n\u00e9ficier \u00e0 une personne h\u00e9berg\u00e9e ?<\/h2>\n<p>Depuis <b>2021<\/b>, le ch\u00e8que \u00e9nergie peut b\u00e9n\u00e9ficier aux personnes h\u00e9berg\u00e9es. Cette extension a \u00e9t\u00e9 rendue possible par la loi d\u2019acc\u00e9l\u00e9ration et de simplification de l\u2019action publique du 8 d\u00e9cembre 2020, qui a permis aux gestionnaires de ces structures d\u2019accepter le ch\u00e8que \u00e9nergie pour couvrir la part li\u00e9e \u00e0 la consommation \u00e9nerg\u00e9tique dans les redevances des r\u00e9sidents.<\/p>\n<h2>Pourquoi le ch\u00e8que \u00e9nergie est-il adapt\u00e9 aux personnes h\u00e9berg\u00e9es ?<\/h2>\n<p>Le ch\u00e8que \u00e9nergie est adapt\u00e9 aux personnes h\u00e9berg\u00e9es car plusieurs \u00e9volutions du dispositif qui <b>prennent en compte leurs besoins.<\/b> En effet, les personnes r\u00e9sidant dans des \u00e9tablissements tels que les EHPAD, les EHPA, les r\u00e9sidences autonomie ou les USLD peuvent utiliser le ch\u00e8que \u00e9nergie pour payer les charges \u00e9nerg\u00e9tiques incluses dans leurs redevances. De plus, le ch\u00e8que \u00e9nergie s\u2019applique aussi aux logements-foyers conventionn\u00e9s \u00e0 l\u2019APL, ce qui garantit une couverture des frais \u00e9nerg\u00e9tiques pour les personnes h\u00e9berg\u00e9es dans des structures collectives.<\/p>\n<p>Nouveaut\u00e9 2026 : si vous vivez en <b>foyer ou structure d\u2019accueil<\/b> et que vous n&rsquo;avez pas de contrat d\u2019\u00e9lectricit\u00e9 \u00e0 votre nom, vous pouvez recevoir le ch\u00e8que \u00e9nergie gr\u00e2ce au dispositif <b>\u00ab\u202faide sp\u00e9cifique\u202f\u00bb<\/b>.<\/p>\n<div class='cta-block'><div class='text'>Simulez toutes vos Aides en 2 min.<\/div><a href='https:\/\/www.mes-allocs.fr\/ab-app?origin=guides\/wp-json\/wp\/v2\/posts\/97923' class='app-button fit'>Simulation gratuite<\/a><\/div>\n<h1>Comment faire une demande de ch\u00e8que \u00e9nergie en tant que personne h\u00e9berg\u00e9e ?<\/h1>\n<h2>Quelles sont les conditions d\u2019\u00e9ligibilit\u00e9 du ch\u00e8que \u00e9nergie ?<\/h2>\n<p>Les personnes h\u00e9berg\u00e9es peuvent b\u00e9n\u00e9ficier du ch\u00e8que \u00e9nergie si elles remplissent les conditions d\u2019\u00e9ligibilit\u00e9 qui sont les suivantes :<\/p>\n<ul>\n<li aria-level=\"1\">Avoir un Revenu Fiscal de R\u00e9f\u00e9rence (RFR) annuel par Unit\u00e9 de Consommation (UC) doit \u00eatre<b> inf\u00e9rieur ou \u00e9gal \u00e0 11 000 \u20ac<\/b>.<\/li>\n<li aria-level=\"1\">Les personnes h\u00e9berg\u00e9es dans des \u00e9tablissements cit\u00e9s pr\u00e9c\u00e9demment sont \u00e9ligible.<\/li>\n<li aria-level=\"1\">Les b\u00e9n\u00e9ficiaires doivent avoir<b> d\u00e9clar\u00e9 leurs revenus<\/b> aupr\u00e8s des services fiscaux dans les d\u00e9lais impartis, m\u00eame si elles ne sont pas imposables, car l\u2019administration fiscale utilise ces donn\u00e9es pour attribuer le ch\u00e8que \u00e9nergie.<\/li>\n<\/ul>\n<p>Si vous \u00eates \u00e9ligible mais que vous n\u2019avez pas \u00e9t\u00e9 identifi\u00e9 automatiquement, vous serez contact\u00e9 <strong>\u00e0 partir du 1er avril 2026<\/strong> par mail, SMS ou courrier pour vous expliquer comment obtenir votre ch\u00e8que \u00e9nergie.<\/p>\n<h2>Quels documents fournir pour une demande de ch\u00e8que \u00e9nergie ?<\/h2>\n<p>Lorsqu\u2019une personne h\u00e9berg\u00e9e souhaite faire une demande de ch\u00e8que \u00e9nergie, elle doit fournir plusieurs documents pour prouver son \u00e9ligibilit\u00e9 et sa situation. Les documents requis sont les suivants :<\/p>\n<ul>\n<li aria-level=\"1\"><b>Un justificatif de revenus<\/b> : votre avis d\u2019imposition ou de non-imposition qui permet de v\u00e9rifier votre RFR.<\/li>\n<li aria-level=\"1\"><b>Un justificatif d&rsquo;h\u00e9bergement<\/b> : une attestation d\u2019h\u00e9bergement sign\u00e9e par le propri\u00e9taire ou le gestionnaire de l\u2019\u00e9tablissement o\u00f9 vous r\u00e9sidez. Ce document doit pr\u00e9ciser la nature de l\u2019h\u00e9bergement et confirmer que le logement est utilis\u00e9 comme r\u00e9sidence principale.<\/li>\n<li aria-level=\"1\"><b>Une pi\u00e8ce d\u2019identit\u00e9 <\/b>: une copie d\u2019une pi\u00e8ce d&rsquo;identit\u00e9 valide pour confirmer l\u2019identit\u00e9 du demandeur.<\/li>\n<\/ul>\n<h1>Personne h\u00e9berg\u00e9e : comment envoyer votre demande de ch\u00e8que \u00e9nergie ?<\/h1>\n<p>Pour les personnes h\u00e9berg\u00e9s qui ne sont pas automatiquement identifi\u00e9es comme \u00e9ligibles au ch\u00e8que \u00e9nergie, il est possible de soumettre une demande \u00e0 partir des options suivantes :<\/p>\n<ul>\n<li aria-level=\"1\"><b>La plateforme en ligne d\u00e9di\u00e9e<\/b> : cette plateforme permet aux personnes h\u00e9berg\u00e9es devront s\u2019y connecter pour remplir leur demande et fournir les justificatifs n\u00e9cessaires.<\/li>\n<li aria-level=\"1\"><b>La demande par courrier<\/b> : les personnes h\u00e9berg\u00e9es peuvent envoyer leur demande par courrier \u00e0 l\u2019Agence de Services et de Paiement (ASP), accompagn\u00e9e des documents requis.<\/li>\n<\/ul>\n<p>La campagne du ch\u00e8que \u00e9nergie 2026 commence le <strong data-start=\"217\" data-end=\"235\">1er avril 2026<\/strong>.<\/p>\n<h1>Comment utiliser le ch\u00e8que \u00e9nergie si vous \u00eates h\u00e9berg\u00e9 dans un \u00e9tablissement ?<\/h1>\n<h2>Peut-on payer directement les charges \u00e9nerg\u00e9tiques incluses dans la redevance avec le ch\u00e8que \u00e9nergie ?<\/h2>\n<p>Oui, il est possible de payer directement les charges \u00e9nerg\u00e9tiques incluses dans la redevance avec le ch\u00e8que \u00e9nergie. Vous pouvez remettre votre ch\u00e8que \u00e9nergie au gestionnaire de votre logement-foyer ou \u00e9tablissement pour couvrir les frais \u00e9nerg\u00e9tiques inclus dans vos charges locatives.<\/p>\n<p>De la m\u00eame fa\u00e7on, dans le parc social, les bailleurs sociaux sont tenus d\u2019accepter le ch\u00e8que \u00e9nergie comme moyen de paiement des charges locatives incluant des frais d\u2019\u00e9nergie.<\/p>\n<h2>Que faire si le montant du ch\u00e8que \u00e9nergie d\u00e9passe les charges ?<\/h2>\n<p>Lorsque le montant du ch\u00e8que \u00e9nergie d\u00e9passe les charges \u00e9nerg\u00e9tiques \u00e0 payer, l\u2019exc\u00e9dent est automatiquement report\u00e9 sur les \u00e9ch\u00e9ances suivantes. Par exemple, si le ch\u00e8que est utilis\u00e9 pour r\u00e9gler des charges locatives ou une redevance dans un logement collectif (comme un EHPAD ou une r\u00e9sidence autonomie), le trop-per\u00e7u sera d\u00e9duit des prochaines quittances. En cas de r\u00e9siliation du contrat d\u2019occupation (par exemple, d\u00e9part du logement ou fin de bail), le solde restant peut \u00eatre rembours\u00e9 directement au b\u00e9n\u00e9ficiaire. Pour les factures individuelles aupr\u00e8s des fournisseurs d\u2019\u00e9nergie, l\u2019exc\u00e9dent est \u00e9galement report\u00e9 sur les factures suivantes jusqu\u2019\u00e0 \u00e9puisement du montant total du ch\u00e8que.<\/p>\n<h1>Conclusion<\/h1>\n<p>En conclusion, le ch\u00e8que \u00e9nergie a \u00e9t\u00e9 \u00e9tendu aux personnes h\u00e9berg\u00e9es depuis 2021.\u00a0 Pour \u00eatre \u00e9ligibles, les personnes h\u00e9berg\u00e9es doivent r\u00e9pondre aux <a href=\"https:\/\/www.mes-allocs.fr\/guides\/aide-logement\/cheque-energie\/cheque-energie-conditions\/revenus-cheque-energie\/\">crit\u00e8res de revenus du ch\u00e8que \u00e9nergie<\/a> fix\u00e9s par l\u2019administration fiscale et fournir les justificatifs n\u00e9cessaires, notamment un avis d\u2019imposition et une attestation d\u2019h\u00e9bergement. Ainsi, le ch\u00e8que \u00e9nergie peut \u00eatre utilis\u00e9 pour r\u00e9gler les charges \u00e9nerg\u00e9tiques incluses dans les redevances.<\/p>\n<div class='cta-block'><div class='text'>Simulez toutes vos Aides en 2 min.<\/div><a href='https:\/\/www.mes-allocs.fr\/ab-app?origin=guides\/wp-json\/wp\/v2\/posts\/97923' class='app-button fit'>Simulation gratuite<\/a><\/div>\n","protected":false},"excerpt":{"rendered":"<p>[Mis \u00e0 jour le 20\/03\/2026] L\u2019aide au logement peut prendre plusieurs formes. Le ch\u00e8que \u00e9nergie, lui, peut vous permettre de r\u00e9duire vos factures de d\u00e9penses \u00e9nerg\u00e9tiques et cela m\u00eame si vous \u00eates une personne h\u00e9berg\u00e9e mais \u00e0 condition de r\u00e9pondre \u00e0 des crit\u00e8res d\u2019\u00e9ligibilit\u00e9 pr\u00e9cis. En effet, les conditions du ch\u00e8que \u00e9nergie sont strictes, et [&hellip;]<\/p>\n","protected":false},"author":31,"featured_media":97925,"comment_status":"open","ping_status":"open","sticky":false,"template":"","format":"standard","meta":{"amp_status":"","footnotes":""},"categories":[1,6,36576],"tags":[],"class_list":["post-97923","post","type-post","status-publish","format-standard","has-post-thumbnail","hentry","category-aide-logement","category-cheque-energie","category-cheque-energie-conditions"],"yoast_head":"<!-- This site is optimized with the Yoast SEO plugin v14.9 - https:\/\/yoast.com\/wordpress\/plugins\/seo\/ -->\n<title>Ch\u00e8que \u00e9nergie 2026 pour personne h\u00e9berg\u00e9e : est-ce possible ? | Mes-Allocs.fr<\/title>\n<meta name=\"description\" content=\"Vous \u00eates une personne h\u00e9berg\u00e9e et vous ne savez pas si vous pouvez b\u00e9n\u00e9ficier du ch\u00e8que \u00e9nergie ? D\u00e9couvrez les conditions et d\u00e9marches !\" \/>\n<meta name=\"robots\" content=\"index, follow, max-snippet:-1, max-image-preview:large, max-video-preview:-1\" \/>\n<link rel=\"canonical\" href=\"https:\/\/www.mes-allocs.fr\/guides\/aide-logement\/cheque-energie\/cheque-energie-conditions\/cheque-energie-personne-hebergee\/\" \/>\n<meta property=\"og:locale\" content=\"fr_FR\" \/>\n<meta property=\"og:type\" content=\"article\" \/>\n<meta property=\"og:title\" content=\"Ch\u00e8que \u00e9nergie 2026 pour personne h\u00e9berg\u00e9e : est-ce possible ? | Mes-Allocs.fr\" \/>\n<meta property=\"og:description\" content=\"Vous \u00eates une personne h\u00e9berg\u00e9e et vous ne savez pas si vous pouvez b\u00e9n\u00e9ficier du ch\u00e8que \u00e9nergie ? D\u00e9couvrez les conditions et d\u00e9marches !\" \/>\n<meta property=\"og:url\" content=\"https:\/\/www.mes-allocs.fr\/guides\/aide-logement\/cheque-energie\/cheque-energie-conditions\/cheque-energie-personne-hebergee\/\" \/>\n<meta property=\"og:site_name\" content=\"Mes-Allocs.fr\" \/>\n<meta property=\"article:published_time\" content=\"2025-04-09T09:44:26+00:00\" \/>\n<meta property=\"article:modified_time\" content=\"2026-04-22T07:33:15+00:00\" \/>\n<meta property=\"og:image\" content=\"https:\/\/www.mes-allocs.fr\/guides\/wp-content\/uploads\/2025\/04\/stack-fifty-euro-banknotes_181624-44770.jpg?wsr\" \/>\n\t<meta property=\"og:image:width\" content=\"2000\" \/>\n\t<meta property=\"og:image:height\" content=\"1333\" \/>\n<meta name=\"twitter:card\" content=\"summary_large_image\" \/>\n<script type=\"application\/ld+json\" class=\"yoast-schema-graph\">{\"@context\":\"https:\/\/schema.org\",\"@graph\":[{\"@type\":\"WebSite\",\"@id\":\"https:\/\/www.mes-allocs.fr\/guides\/#website\",\"url\":\"https:\/\/www.mes-allocs.fr\/guides\/\",\"name\":\"Mes-Allocs.fr\",\"description\":\"\",\"potentialAction\":[{\"@type\":\"SearchAction\",\"target\":\"https:\/\/www.mes-allocs.fr\/guides\/?s={search_term_string}\",\"query-input\":\"required name=search_term_string\"}],\"inLanguage\":\"fr-FR\"},{\"@type\":\"ImageObject\",\"@id\":\"https:\/\/www.mes-allocs.fr\/guides\/aide-logement\/cheque-energie\/cheque-energie-conditions\/cheque-energie-personne-hebergee\/#primaryimage\",\"inLanguage\":\"fr-FR\",\"url\":\"https:\/\/www.mes-allocs.fr\/guides\/wp-content\/uploads\/2025\/04\/stack-fifty-euro-banknotes_181624-44770.jpg?wsr\",\"width\":2000,\"height\":1333,\"caption\":\"stack fifty euro banknotes\"},{\"@type\":\"WebPage\",\"@id\":\"https:\/\/www.mes-allocs.fr\/guides\/aide-logement\/cheque-energie\/cheque-energie-conditions\/cheque-energie-personne-hebergee\/#webpage\",\"url\":\"https:\/\/www.mes-allocs.fr\/guides\/aide-logement\/cheque-energie\/cheque-energie-conditions\/cheque-energie-personne-hebergee\/\",\"name\":\"Ch\\u00e8que \\u00e9nergie 2026 pour personne h\\u00e9berg\\u00e9e : est-ce possible ? | Mes-Allocs.fr\",\"isPartOf\":{\"@id\":\"https:\/\/www.mes-allocs.fr\/guides\/#website\"},\"primaryImageOfPage\":{\"@id\":\"https:\/\/www.mes-allocs.fr\/guides\/aide-logement\/cheque-energie\/cheque-energie-conditions\/cheque-energie-personne-hebergee\/#primaryimage\"},\"datePublished\":\"2025-04-09T09:44:26+00:00\",\"dateModified\":\"2026-04-22T07:33:15+00:00\",\"author\":{\"@id\":\"https:\/\/www.mes-allocs.fr\/guides\/#\/schema\/person\/4f115680446d9e6de360142157ca671d\"},\"description\":\"Vous \\u00eates une personne h\\u00e9berg\\u00e9e et vous ne savez pas si vous pouvez b\\u00e9n\\u00e9ficier du ch\\u00e8que \\u00e9nergie ? D\\u00e9couvrez les conditions et d\\u00e9marches !\",\"inLanguage\":\"fr-FR\"},{\"@type\":\"Person\",\"@id\":\"https:\/\/www.mes-allocs.fr\/guides\/#\/schema\/person\/4f115680446d9e6de360142157ca671d\",\"name\":\"Miangaly Ramasindray\",\"image\":{\"@type\":\"ImageObject\",\"@id\":\"https:\/\/www.mes-allocs.fr\/guides\/#personlogo\",\"inLanguage\":\"fr-FR\",\"url\":\"https:\/\/www.mes-allocs.fr\/guides\/wp-content\/uploads\/2024\/10\/Miangaly_Ramasindray-150x150.jpeg\",\"caption\":\"Miangaly Ramasindray\"},\"description\":\"Miangaly est r\\u00e9dactrice web sp\\u00e9cialis\\u00e9e sur les sujets de pouvoir d'achat. Elle rejoint Mes Allocs en 2024 apr\\u00e8s une premi\\u00e8re exp\\u00e9rience en marketing chez DMI.\",\"sameAs\":[\"https:\/\/www.linkedin.com\/in\/miangaly-ramasindray\/\"]}]}<\/script>\n<!-- \/ Yoast SEO plugin. -->","amp_validity":null,"acf":{"faq":{"1":{"question":"Si je suis h\u00e9berg\u00e9 temporairement, puis-je quand m\u00eame b\u00e9n\u00e9ficier du ch\u00e8que \u00e9nergie ?","answer":"Oui, la dur\u00e9e de l'h\u00e9bergement n'est pas un crit\u00e8re d'exclusion. Si vous remplissez les conditions de revenus et que vous avez une attestation d'h\u00e9bergement, vous \u00eates \u00e9ligible."},"2":{"question":"Comment le ch\u00e8que \u00e9nergie est-il pris en compte dans les \u00e9tablissements pour personnes \u00e2g\u00e9es (EHPAD, EHPA) ?","answer":"Dans ces \u00e9tablissements, le ch\u00e8que \u00e9nergie sert \u00e0 r\u00e9duire la part des charges li\u00e9es \u00e0 l'\u00e9nergie dans la redevance mensuelle pay\u00e9e par le r\u00e9sident. Le gestionnaire de l'\u00e9tablissement d\u00e9duit le montant du ch\u00e8que des frais \u00e9nerg\u00e9tiques."},"3":{"question":"Les personnes h\u00e9berg\u00e9es dans des logements-foyers non conventionn\u00e9s APL peuvent-elles aussi b\u00e9n\u00e9ficier du ch\u00e8que \u00e9nergie ?","answer":"Oui, les personnes vivant en foyer non conventionn\u00e9s APL sans contrat d\u2019\u00e9lectricit\u00e9 \u00e0 leur nom peuvent aussi b\u00e9n\u00e9ficier du ch\u00e8que \u00e9nergie."},"4":{"question":"Est-ce que le ch\u00e8que \u00e9nergie peut \u00eatre utilis\u00e9 pour les d\u00e9penses d'\u00e9nergie li\u00e9es aux parties communes d'un \u00e9tablissement ?","answer":"Oui, le ch\u00e8que \u00e9nergie peut \u00eatre utilis\u00e9 pour couvrir les charges \u00e9nerg\u00e9tiques globales de l'\u00e9tablissement, y compris les parties communes. Il s'agira alors d'une d\u00e9duction de la part des charges li\u00e9s \u00e0 l'energie, et report\u00e9 sur les redevances de chaque r\u00e9sident."},"5":{"question":"Que se passe-t-il si je change d'\u00e9tablissement en cours d'ann\u00e9e ?","answer":"Si vous changez d'\u00e9tablissement, vous devrez fournir une nouvelle attestation d'h\u00e9bergement \u00e0 votre nouveau gestionnaire. Le ch\u00e8que \u00e9nergie reste valable, mais son utilisation peut changer en fonction des modalit\u00e9s de chaque \u00e9tablissement."},"6":{"question":"Les tuteurs ou curateurs peuvent-ils faire la demande de ch\u00e8que \u00e9nergie pour les personnes h\u00e9berg\u00e9es ?","answer":"Oui, les tuteurs ou curateurs peuvent effectuer les d\u00e9marches au nom de la personne h\u00e9berg\u00e9e, en fournissant les justificatifs n\u00e9cessaires, y compris une copie du jugement de tutelle ou de curatelle.\r\n"},"7":{"question":"","answer":""},"8":{"question":"","answer":""},"9":{"question":"","answer":""},"10":{"question":"","answer":""},"11":{"question":"","answer":""},"12":{"question":"","answer":""},"13":{"question":"","answer":""},"14":{"question":"","answer":""},"15":{"question":"","answer":""},"16":{"question":"","answer":""}}},"_links":{"self":[{"href":"https:\/\/www.mes-allocs.fr\/guides\/wp-json\/wp\/v2\/posts\/97923","targetHints":{"allow":["GET"]}}],"collection":[{"href":"https:\/\/www.mes-allocs.fr\/guides\/wp-json\/wp\/v2\/posts"}],"about":[{"href":"https:\/\/www.mes-allocs.fr\/guides\/wp-json\/wp\/v2\/types\/post"}],"author":[{"embeddable":true,"href":"https:\/\/www.mes-allocs.fr\/guides\/wp-json\/wp\/v2\/users\/31"}],"replies":[{"embeddable":true,"href":"https:\/\/www.mes-allocs.fr\/guides\/wp-json\/wp\/v2\/comments?post=97923"}],"version-history":[{"count":8,"href":"https:\/\/www.mes-allocs.fr\/guides\/wp-json\/wp\/v2\/posts\/97923\/revisions"}],"predecessor-version":[{"id":110807,"href":"https:\/\/www.mes-allocs.fr\/guides\/wp-json\/wp\/v2\/posts\/97923\/revisions\/110807"}],"wp:featuredmedia":[{"embeddable":true,"href":"https:\/\/www.mes-allocs.fr\/guides\/wp-json\/wp\/v2\/media\/97925"}],"wp:attachment":[{"href":"https:\/\/www.mes-allocs.fr\/guides\/wp-json\/wp\/v2\/media?parent=97923"}],"wp:term":[{"taxonomy":"category","embeddable":true,"href":"https:\/\/www.mes-allocs.fr\/guides\/wp-json\/wp\/v2\/categories?post=97923"},{"taxonomy":"post_tag","embeddable":true,"href":"https:\/\/www.mes-allocs.fr\/guides\/wp-json\/wp\/v2\/tags?post=97923"}],"curies":[{"name":"wp","href":"https:\/\/api.w.org\/{rel}","templated":true}]}}