{"id":97803,"date":"2025-04-08T11:47:43","date_gmt":"2025-04-08T09:47:43","guid":{"rendered":"https:\/\/www.mes-allocs.fr\/guides\/?p=97803"},"modified":"2026-04-22T08:33:15","modified_gmt":"2026-04-22T07:33:15","slug":"cheque-energie-locataire","status":"publish","type":"post","link":"https:\/\/www.mes-allocs.fr\/guides\/aide-logement\/cheque-energie\/cheque-energie-conditions\/cheque-energie-locataire\/","title":{"rendered":"Ch\u00e8que \u00e9nergie pour locataire 2026 : conditions, montants, d\u00e9marches"},"content":{"rendered":"<p><img loading=\"lazy\" decoding=\"async\" class=\"alignnone wp-image-97804\" title=\"cheque energie locataire\" src=\"https:\/\/www.mes-allocs.fr\/guides\/wp-content\/uploads\/2025\/04\/cheque-energie-locataire-e1744105425978-300x71.jpg\" alt=\"cheque energie locataire\" width=\"1369\" height=\"324\" srcset=\"https:\/\/www.mes-allocs.fr\/guides\/wp-content\/uploads\/2025\/04\/cheque-energie-locataire-e1744105425978-300x71.jpg 300w, https:\/\/www.mes-allocs.fr\/guides\/wp-content\/uploads\/2025\/04\/cheque-energie-locataire-e1744105425978-1024x243.jpg 1024w, https:\/\/www.mes-allocs.fr\/guides\/wp-content\/uploads\/2025\/04\/cheque-energie-locataire-e1744105425978-768x182.jpg 768w, https:\/\/www.mes-allocs.fr\/guides\/wp-content\/uploads\/2025\/04\/cheque-energie-locataire-e1744105425978-1536x365.jpg 1536w, https:\/\/www.mes-allocs.fr\/guides\/wp-content\/uploads\/2025\/04\/cheque-energie-locataire-e1744105425978-600x143.jpg 600w, https:\/\/www.mes-allocs.fr\/guides\/wp-content\/uploads\/2025\/04\/cheque-energie-locataire-e1744105425978.jpg 2000w\" sizes=\"auto, (max-width: 1369px) 100vw, 1369px\" \/><\/p>\n<p>[Mis \u00e0 jour le 19\/03\/2026] En tant que locataire, vous pouvez tout \u00e0 fait b\u00e9n\u00e9ficier du ch\u00e8que \u00e9nergie mais cela sous certaines conditions. Compl\u00e9mentaire aux aides au logement, cette aide de l\u2019\u00c9tat vous permet de r\u00e9duire vos d\u00e9penses d\u2019\u00e9nergie, qu\u2019il s\u2019agisse de l\u2019\u00e9lectricit\u00e9, du gaz ou m\u00eame des charges incluses dans le loyer. Mais les <a href=\"https:\/\/www.mes-allocs.fr\/guides\/aide-logement\/cheque-energie\/cheque-energie-conditions\/\">conditions du ch\u00e8que \u00e9nergie<\/a> sont strictes, et tout le monde n&rsquo;est pas \u00e9ligible. Dans cet article, d\u00e9couvrez les conditions d\u2019\u00e9ligibilit\u00e9 du <b>ch\u00e8que \u00e9nergie pour les locataires<\/b> et les d\u00e9marches pour en b\u00e9n\u00e9ficier.<\/p>\n<p class=\"p1\"><div class='cta-block'><div class='text'>Simulez toutes vos Aides en 2 min.<\/div><a href='https:\/\/www.mes-allocs.fr\/ab-app?origin=guides\/wp-json\/wp\/v2\/posts\/97803' class='app-button fit'>Simulation gratuite<\/a><\/div><\/p>\n<h1>Peut-on b\u00e9n\u00e9ficier du ch\u00e8que \u00e9nergie en tant que locataire ?<\/h1>\n<h2>Quels sont les crit\u00e8res d\u2019\u00e9ligibilit\u00e9 du ch\u00e8que \u00e9nergie pour un locataire ?<\/h2>\n<p>Les locataires doivent avoir un revenu fiscal de r\u00e9f\u00e9rence (RFR) par unit\u00e9 de consommation (UC) <b>inf\u00e9rieur \u00e0 11 000 \u20ac<\/b> pour \u00eatre \u00e9ligible au ch\u00e8que \u00e9nergie. Le calcul des UC d\u00e9pend de la composition du foyer :<\/p>\n<ul>\n<li aria-level=\"1\"><b>1 UC<\/b> pour la premi\u00e8re personne<\/li>\n<li aria-level=\"1\"><b>0,5 UC<\/b> pour la deuxi\u00e8me<\/li>\n<li aria-level=\"1\"><b>0,3 UC<\/b> pour chaque personne suppl\u00e9mentaire.<\/li>\n<li aria-level=\"1\">Les enfants en r\u00e9sidence altern\u00e9e comptent pour moiti\u00e9.<\/li>\n<\/ul>\n<p>Ces crit\u00e8res d\u2019\u00e9ligibilit\u00e9 au ch\u00e8que \u00e9nergie s\u2019appliquent aussi bien aux locataires de logements priv\u00e9s qu\u2019\u00e0 ceux des logements sociaux. L&rsquo;attribution du <a href=\"https:\/\/www.mes-allocs.fr\/guides\/aide-logement\/cheque-energie\/cheque-energie-conditions\/cheque-energie-etudiant\/\">ch\u00e8que \u00e9nergie aux \u00e9tudiants<\/a> est m\u00eame possible, si les conditions sont remplies !<\/p>\n<p><strong>Nouveaut\u00e9 2026<\/strong> : Si vous \u00eates \u00e9ligible mais que vous n\u2019avez pas \u00e9t\u00e9 identifi\u00e9 automatiquement, vous serez contact\u00e9 \u00e0 partir du <strong data-start=\"542\" data-end=\"560\">1er avril 2026<\/strong> par mail, SMS ou courrier.<\/p>\n<h2>Les locataires en logement social sont-ils automatiquement b\u00e9n\u00e9ficiaires du ch\u00e8que \u00e9nergie ?<\/h2>\n<p>Les locataires en logement social <b>peuvent b\u00e9n\u00e9ficier <\/b>du ch\u00e8que \u00e9nergie mais ils ne sont pas automatiquement \u00e9ligibles. Leur \u00e9ligibilit\u00e9 d\u00e9pend des m\u00eames crit\u00e8res que pour tous les m\u00e9nages et ainsi leur RFR par UC doit \u00eatre inf\u00e9rieur au seuil fix\u00e9.<\/p>\n<h2>Que faire si vous \u00eates sous-locataire ou en interm\u00e9diation locative pour le ch\u00e8que \u00e9nergie ?<\/h2>\n<p>Dans le cadre de l\u2019interm\u00e9diation locative ou si vous \u00eates sous-locataire, c\u2019est g\u00e9n\u00e9ralement <b>l\u2019op\u00e9rateur gestionnaire du logement qui fait la demande<\/b> de ch\u00e8que \u00e9nergie pour votre compte, avec votre accord \u00e9crit. Si vous quittez la sous-location et que vous souhaitez b\u00e9n\u00e9ficier du ch\u00e8que \u00e9nergie l\u2019ann\u00e9e suivante, vous devrez effectuer une demande aupr\u00e8s de l\u2019Agence de services et de paiement (ASP), accompagn\u00e9e des justificatifs n\u00e9cessaires.<\/p>\n<h2>Factures \u00e9nerg\u00e9tiques au nom du bailleur : comment utiliser le ch\u00e8que \u00e9nergie ?<\/h2>\n<p>Si les factures \u00e9nerg\u00e9tiques sont au nom du bailleur et non du locataire, le ch\u00e8que \u00e9nergie peut \u00eatre utilis\u00e9 pour payer les charges \u00e9nerg\u00e9tiques incluses dans le loyer. Depuis 2024, la loi <b>oblige les bailleurs sociaux \u00e0 accepter ce mode de paiement<\/b>. Cependant, dans les logements priv\u00e9s o\u00f9 le contrat d\u2019\u00e9nergie est au nom du bailleur, l\u2019utilisation du ch\u00e8que \u00e9nergie peut \u00eatre compliqu\u00e9e.<\/p>\n<h1>Comment faire une demande de ch\u00e8que \u00e9nergie en tant que locataire ?<\/h1>\n<h2>O\u00f9 envoyer votre dossier ch\u00e8que \u00e9nergie si vous \u00eates \u00e9ligible ?<\/h2>\n<p>Si vous devez faire une demande manuelle, le dossier doit \u00eatre adress\u00e9 \u00e0 l<b>\u2019Agence de services et de paiemen<\/b>t (ASP), qui g\u00e8re l\u2019attribution du ch\u00e8que \u00e9nergie. Les coordonn\u00e9es pr\u00e9cises seront disponibles sur le site officiel du ch\u00e8que \u00e9nergie ou sur la plateforme en ligne. En cas de r\u00e9clamation ou d\u2019envoi incorrect, il est conseill\u00e9 de contacter directement le service client pour obtenir les informations n\u00e9cessaires.<\/p>\n<h2>Quels sont les d\u00e9lais de traitement pour une demande de ch\u00e8que \u00e9nergie par courrier ou en ligne ?<\/h2>\n<p>Les d\u00e9lais de traitement<b> varient selon le canal utilis\u00e9<\/b>. Pour une demande en ligne, un accus\u00e9 de r\u00e9ception est g\u00e9n\u00e9ralement envoy\u00e9 sous une semaine, tandis qu\u2019il peut prendre jusqu\u2019\u00e0 deux semaines pour une demande par courrier. Le traitement complet du dossier peut toutefois s\u2019\u00e9tendre sur plusieurs mois, notamment en raison du volume \u00e9lev\u00e9 de demandes et des retards li\u00e9s \u00e0 l\u2019adoption tardive du budget 2026. Les premiers ch\u00e8ques \u00e9nergie 2026 seront envoy\u00e9s <b>\u00e0 partir du 1er avril 2026<\/b>, avec des envois \u00e9chelonn\u00e9s dans les mois suivants pour les demandes tardives.<\/p>\n<h1>Quels sont les documents \u00e0 fournir pour b\u00e9n\u00e9ficier du ch\u00e8que \u00e9nergie en tant que locataire ?<\/h1>\n<p>Les documents \u00e0 fournir pour b\u00e9n\u00e9ficier du ch\u00e8que \u00e9nergie en tant que locataire sont :<\/p>\n<ul>\n<li aria-level=\"1\">Une <b>copie de votre avis d\u2019imposition<\/b><\/li>\n<li aria-level=\"1\">Un<b> justificatif d\u2019identit\u00e9<\/b><\/li>\n<li aria-level=\"1\">Un<b> justificatif de domicile<\/b><\/li>\n<li aria-level=\"1\">Un <b>justificatif atteste que vous utilisez le logement <\/b>(contrat de location ou attestation du bailleur confirmant que vous \u00eates locataire).<\/li>\n<\/ul>\n<p>Ces documents doivent \u00eatre envoy\u00e9s \u00e0 l\u2019Agence de services et de paiement (ASP) si votre \u00e9ligibilit\u00e9 n\u2019a pas \u00e9t\u00e9 d\u00e9tect\u00e9e automatiquement.<\/p>\n<p><iframe loading=\"lazy\" title=\"Le ch\u00e8que \u00e9nergie\" width=\"500\" height=\"281\" src=\"https:\/\/www.youtube.com\/embed\/fQ1LYfHSrdk?feature=oembed\" frameborder=\"0\" allow=\"accelerometer; autoplay; clipboard-write; encrypted-media; gyroscope; picture-in-picture; web-share\" referrerpolicy=\"strict-origin-when-cross-origin\" allowfullscreen><\/iframe><\/p>\n<p class=\"p1\"><div class='cta-block'><div class='text'>Simulez toutes vos Aides en 2 min.<\/div><a href='https:\/\/www.mes-allocs.fr\/ab-app?origin=guides\/wp-json\/wp\/v2\/posts\/97803' class='app-button fit'>Simulation gratuite<\/a><\/div><\/p>\n<h1>Comment utiliser le ch\u00e8que \u00e9nergie en tant que locataire ?<\/h1>\n<p>Les locataires peuvent utiliser le ch\u00e8que \u00e9nergie de plusieurs fa\u00e7ons pour r\u00e9gler leurs d\u00e9penses \u00e9nerg\u00e9tiques :<\/p>\n<ul>\n<li aria-level=\"1\">Si vous payez directement vos fournisseurs d&rsquo;\u00e9nergie, vous pouvez utiliser le ch\u00e8que \u00e9nergie <b>en ligne ou sur le portail de l\u2019aide <\/b>et l\u2019envoyer par courrier accompagn\u00e9 d\u2019une copie de votre facture.<\/li>\n<li aria-level=\"1\">Si vos charges incluent des d\u00e9penses \u00e9nerg\u00e9tiques, vous pouvez remettre le ch\u00e8que \u00e9nergie<b> directement \u00e0 votre bailleur social<\/b>. Celui-ci appliquera le montant du ch\u00e8que sur votre prochaine quittance. Si le montant d\u00e9passe vos charges mensuelles, le surplus sera d\u00e9duit des quittances suivantes ou rembours\u00e9 en cas de d\u00e9part du logement.<\/li>\n<li aria-level=\"1\">Une <b>version d\u00e9mat\u00e9rialis\u00e9e<\/b> est disponible, permettant aux locataires d\u2019utiliser leur ch\u00e8que \u00e9nergie en plusieurs fois aupr\u00e8s des fournisseurs.<\/li>\n<\/ul>\n<h1>Que faire en cas de probl\u00e8me avec votre ch\u00e8que \u00e9nergie si vous \u00eates locataire ?<\/h1>\n<p>Si vous avez un souci avec votre ch\u00e8que \u00e9nergie en tant que locataire, commencez par <b>v\u00e9rifier si vous \u00eates \u00e9ligible<\/b>. V\u00e9rifiez que votre revenu fiscal de r\u00e9f\u00e9rence (RFR) par unit\u00e9 de consommation (UC) ne d\u00e9passe pas le <a href=\"https:\/\/www.mes-allocs.fr\/guides\/aide-logement\/cheque-energie\/cheque-energie-conditions\/plafond-ressources-cheque-energie\/\">plafond de ressources du ch\u00e8que \u00e9nergie<\/a> de 11 000 \u20ac par UC. Si vous \u00eates \u00e9ligible mais que vous n&rsquo;avez pas re\u00e7u votre ch\u00e8que, <b>contactez l&rsquo;Agence de services et de paiement (ASP)<\/b> sur leur site ou par t\u00e9l\u00e9phone pour signaler le probl\u00e8me. Si une erreur administrative est en cause, vous devrez <b>fournir des documents <\/b>comme votre avis d&rsquo;imposition et un justificatif de domicile pour r\u00e9gler la situation.<\/p>\n<h1>Conclusion<\/h1>\n<p>En conclusion, \u00eatre locataire ne vous emp\u00eache pas de b\u00e9n\u00e9ficier du ch\u00e8que \u00e9nergie, \u00e0 condition de remplir les crit\u00e8res. Que vous soyez en logement priv\u00e9, social ou en interm\u00e9diation locative, le ch\u00e8que \u00e9nergie peut vous aider \u00e0 r\u00e9duire vos factures d\u2019\u00e9nergie.<\/p>\n<p class=\"p1\"><div class='cta-block'><div class='text'>Simulez toutes vos Aides en 2 min.<\/div><a href='https:\/\/www.mes-allocs.fr\/ab-app?origin=guides\/wp-json\/wp\/v2\/posts\/97803' class='app-button fit'>Simulation gratuite<\/a><\/div><\/p>\n","protected":false},"excerpt":{"rendered":"<p>[Mis \u00e0 jour le 19\/03\/2026] En tant que locataire, vous pouvez tout \u00e0 fait b\u00e9n\u00e9ficier du ch\u00e8que \u00e9nergie mais cela sous certaines conditions. Compl\u00e9mentaire aux aides au logement, cette aide de l\u2019\u00c9tat vous permet de r\u00e9duire vos d\u00e9penses d\u2019\u00e9nergie, qu\u2019il s\u2019agisse de l\u2019\u00e9lectricit\u00e9, du gaz ou m\u00eame des charges incluses dans le loyer. Mais les [&hellip;]<\/p>\n","protected":false},"author":31,"featured_media":97805,"comment_status":"open","ping_status":"open","sticky":false,"template":"","format":"standard","meta":{"amp_status":"","footnotes":""},"categories":[1,6,36576],"tags":[],"class_list":["post-97803","post","type-post","status-publish","format-standard","has-post-thumbnail","hentry","category-aide-logement","category-cheque-energie","category-cheque-energie-conditions"],"yoast_head":"<!-- This site is optimized with the Yoast SEO plugin v14.9 - https:\/\/yoast.com\/wordpress\/plugins\/seo\/ -->\n<title>Ch\u00e8que \u00e9nergie pour locataire 2026 : conditions, montants, d\u00e9marches<\/title>\n<meta name=\"description\" content=\"Vous \u00eates locataire ? D\u00e9couvrez comment b\u00e9n\u00e9ficier du ch\u00e8que \u00e9nergie. Conditions, montants, d\u00e9marches et cas particuliers\" \/>\n<meta name=\"robots\" content=\"index, follow, max-snippet:-1, max-image-preview:large, max-video-preview:-1\" \/>\n<link rel=\"canonical\" href=\"https:\/\/www.mes-allocs.fr\/guides\/aide-logement\/cheque-energie\/cheque-energie-conditions\/cheque-energie-locataire\/\" \/>\n<meta property=\"og:locale\" content=\"fr_FR\" \/>\n<meta property=\"og:type\" content=\"article\" \/>\n<meta property=\"og:title\" content=\"Ch\u00e8que \u00e9nergie pour locataire 2026 : conditions, montants, d\u00e9marches\" \/>\n<meta property=\"og:description\" content=\"Vous \u00eates locataire ? D\u00e9couvrez comment b\u00e9n\u00e9ficier du ch\u00e8que \u00e9nergie. Conditions, montants, d\u00e9marches et cas particuliers\" \/>\n<meta property=\"og:url\" content=\"https:\/\/www.mes-allocs.fr\/guides\/aide-logement\/cheque-energie\/cheque-energie-conditions\/cheque-energie-locataire\/\" \/>\n<meta property=\"og:site_name\" content=\"Mes-Allocs.fr\" \/>\n<meta property=\"article:published_time\" content=\"2025-04-08T09:47:43+00:00\" \/>\n<meta property=\"article:modified_time\" content=\"2026-04-22T07:33:15+00:00\" \/>\n<meta property=\"og:image\" content=\"https:\/\/www.mes-allocs.fr\/guides\/wp-content\/uploads\/2025\/04\/locataire-cheque-energie.jpg?wsr\" \/>\n\t<meta property=\"og:image:width\" content=\"2000\" \/>\n\t<meta property=\"og:image:height\" content=\"1334\" \/>\n<meta name=\"twitter:card\" content=\"summary_large_image\" \/>\n<script type=\"application\/ld+json\" class=\"yoast-schema-graph\">{\"@context\":\"https:\/\/schema.org\",\"@graph\":[{\"@type\":\"WebSite\",\"@id\":\"https:\/\/www.mes-allocs.fr\/guides\/#website\",\"url\":\"https:\/\/www.mes-allocs.fr\/guides\/\",\"name\":\"Mes-Allocs.fr\",\"description\":\"\",\"potentialAction\":[{\"@type\":\"SearchAction\",\"target\":\"https:\/\/www.mes-allocs.fr\/guides\/?s={search_term_string}\",\"query-input\":\"required name=search_term_string\"}],\"inLanguage\":\"fr-FR\"},{\"@type\":\"ImageObject\",\"@id\":\"https:\/\/www.mes-allocs.fr\/guides\/aide-logement\/cheque-energie\/cheque-energie-conditions\/cheque-energie-locataire\/#primaryimage\",\"inLanguage\":\"fr-FR\",\"url\":\"https:\/\/www.mes-allocs.fr\/guides\/wp-content\/uploads\/2025\/04\/locataire-cheque-energie.jpg?wsr\",\"width\":2000,\"height\":1334,\"caption\":\"locataire cheque energie\"},{\"@type\":\"WebPage\",\"@id\":\"https:\/\/www.mes-allocs.fr\/guides\/aide-logement\/cheque-energie\/cheque-energie-conditions\/cheque-energie-locataire\/#webpage\",\"url\":\"https:\/\/www.mes-allocs.fr\/guides\/aide-logement\/cheque-energie\/cheque-energie-conditions\/cheque-energie-locataire\/\",\"name\":\"Ch\\u00e8que \\u00e9nergie pour locataire 2026 : conditions, montants, d\\u00e9marches\",\"isPartOf\":{\"@id\":\"https:\/\/www.mes-allocs.fr\/guides\/#website\"},\"primaryImageOfPage\":{\"@id\":\"https:\/\/www.mes-allocs.fr\/guides\/aide-logement\/cheque-energie\/cheque-energie-conditions\/cheque-energie-locataire\/#primaryimage\"},\"datePublished\":\"2025-04-08T09:47:43+00:00\",\"dateModified\":\"2026-04-22T07:33:15+00:00\",\"author\":{\"@id\":\"https:\/\/www.mes-allocs.fr\/guides\/#\/schema\/person\/4f115680446d9e6de360142157ca671d\"},\"description\":\"Vous \\u00eates locataire ? D\\u00e9couvrez comment b\\u00e9n\\u00e9ficier du ch\\u00e8que \\u00e9nergie. Conditions, montants, d\\u00e9marches et cas particuliers\",\"inLanguage\":\"fr-FR\"},{\"@type\":\"Person\",\"@id\":\"https:\/\/www.mes-allocs.fr\/guides\/#\/schema\/person\/4f115680446d9e6de360142157ca671d\",\"name\":\"Miangaly Ramasindray\",\"image\":{\"@type\":\"ImageObject\",\"@id\":\"https:\/\/www.mes-allocs.fr\/guides\/#personlogo\",\"inLanguage\":\"fr-FR\",\"url\":\"https:\/\/www.mes-allocs.fr\/guides\/wp-content\/uploads\/2024\/10\/Miangaly_Ramasindray-150x150.jpeg\",\"caption\":\"Miangaly Ramasindray\"},\"description\":\"Miangaly est r\\u00e9dactrice web sp\\u00e9cialis\\u00e9e sur les sujets de pouvoir d'achat. Elle rejoint Mes Allocs en 2024 apr\\u00e8s une premi\\u00e8re exp\\u00e9rience en marketing chez DMI.\",\"sameAs\":[\"https:\/\/www.linkedin.com\/in\/miangaly-ramasindray\/\"]}]}<\/script>\n<!-- \/ Yoast SEO plugin. -->","amp_validity":null,"acf":{"faq":{"1":{"question":"Le ch\u00e8que \u00e9nergie est-il pris en compte dans le calcul des autres aides au logement (APL, ALS, ALF) ?","answer":"Non, le ch\u00e8que \u00e9nergie n'est pas consid\u00e9r\u00e9 comme un revenu et n'entre pas dans le calcul des autres aides au logement. Il est compl\u00e9mentaire \u00e0 ces aides."},"2":{"question":"Si je suis locataire d'un meubl\u00e9, puis-je b\u00e9n\u00e9ficier du ch\u00e8que \u00e9nergie ?","answer":"Oui, les locataires de logements meubl\u00e9s sont \u00e9ligibles au ch\u00e8que \u00e9nergie, \u00e0 condition de respecter les crit\u00e8res de revenus."},"3":{"question":"Les \u00e9tudiants locataires peuvent-ils b\u00e9n\u00e9ficier du ch\u00e8que \u00e9nergie ?","answer":"Oui, les \u00e9tudiants locataires peuvent \u00eatre \u00e9ligibles, en fonction de leur revenu fiscal de r\u00e9f\u00e9rence et de la composition de leur foyer fiscal."},"4":{"question":"En cas de colocation, comment le ch\u00e8que \u00e9nergie est-il attribu\u00e9 ?","answer":"Le ch\u00e8que \u00e9nergie est attribu\u00e9 au nom du locataire dont le nom figure sur le contrat de location, sous r\u00e9serve de respecter les crit\u00e8res d'\u00e9ligibilit\u00e9. Si les noms de tout les colocataires figure sur le bail, ils doivent faire une demande aupr\u00e8s de l'ASP afin de savoir qui dois faire la demande."},"5":{"question":"Si mon bailleur refuse d'accepter le ch\u00e8que \u00e9nergie pour le paiement des charges, quels sont mes recours ?","answer":"Les bailleurs sociaux ont l'obligation d'accepter le ch\u00e8que \u00e9nergie. En cas de refus injustifi\u00e9, vous pouvez contacter l'Agence de services et de paiement (ASP) ou les services de la Direction g\u00e9n\u00e9rale de la concurrence, de la consommation et de la r\u00e9pression des fraudes (DGCCRF). "},"6":{"question":"Puis-je utiliser le ch\u00e8que \u00e9nergie pour payer les travaux d'am\u00e9lioration \u00e9nerg\u00e9tique de mon logement lou\u00e9 ?","answer":"Non, le ch\u00e8que \u00e9nergie est destin\u00e9 au paiement des factures d'\u00e9nergie et des charges locatives li\u00e9es \u00e0 l'\u00e9nergie, mais pas aux travaux de r\u00e9novation."},"7":{"question":"","answer":""},"8":{"question":"","answer":""},"9":{"question":"","answer":""},"10":{"question":"","answer":""},"11":{"question":"","answer":""},"12":{"question":"","answer":""},"13":{"question":"","answer":""},"14":{"question":"","answer":""},"15":{"question":"","answer":""},"16":{"question":"","answer":""}}},"_links":{"self":[{"href":"https:\/\/www.mes-allocs.fr\/guides\/wp-json\/wp\/v2\/posts\/97803","targetHints":{"allow":["GET"]}}],"collection":[{"href":"https:\/\/www.mes-allocs.fr\/guides\/wp-json\/wp\/v2\/posts"}],"about":[{"href":"https:\/\/www.mes-allocs.fr\/guides\/wp-json\/wp\/v2\/types\/post"}],"author":[{"embeddable":true,"href":"https:\/\/www.mes-allocs.fr\/guides\/wp-json\/wp\/v2\/users\/31"}],"replies":[{"embeddable":true,"href":"https:\/\/www.mes-allocs.fr\/guides\/wp-json\/wp\/v2\/comments?post=97803"}],"version-history":[{"count":7,"href":"https:\/\/www.mes-allocs.fr\/guides\/wp-json\/wp\/v2\/posts\/97803\/revisions"}],"predecessor-version":[{"id":110790,"href":"https:\/\/www.mes-allocs.fr\/guides\/wp-json\/wp\/v2\/posts\/97803\/revisions\/110790"}],"wp:featuredmedia":[{"embeddable":true,"href":"https:\/\/www.mes-allocs.fr\/guides\/wp-json\/wp\/v2\/media\/97805"}],"wp:attachment":[{"href":"https:\/\/www.mes-allocs.fr\/guides\/wp-json\/wp\/v2\/media?parent=97803"}],"wp:term":[{"taxonomy":"category","embeddable":true,"href":"https:\/\/www.mes-allocs.fr\/guides\/wp-json\/wp\/v2\/categories?post=97803"},{"taxonomy":"post_tag","embeddable":true,"href":"https:\/\/www.mes-allocs.fr\/guides\/wp-json\/wp\/v2\/tags?post=97803"}],"curies":[{"name":"wp","href":"https:\/\/api.w.org\/{rel}","templated":true}]}}