{"id":9683,"date":"2020-08-07T14:26:50","date_gmt":"2020-08-07T14:26:50","guid":{"rendered":"https:\/\/www.mes-allocs.fr\/guides\/?p=9683"},"modified":"2026-04-03T13:52:34","modified_gmt":"2026-04-03T12:52:34","slug":"heures-cpf-en-euros","status":"publish","type":"post","link":"https:\/\/www.mes-allocs.fr\/guides\/aide-formation\/compte-personnel-formation-cpf\/heures-cpf-en-euros\/","title":{"rendered":"Comment fonctionne la conversion des heures cpf en euros ?"},"content":{"rendered":"<div class=\"card-section\">\n<div class=\"brs_col\">\n<p><strong><a href=\"https:\/\/www.mes-allocs.fr\/guides\/wp-content\/uploads\/2020\/08\/Comment-fonctionne-la-conversion-des-heures-cpf-en-euros-s.jpg\"><img loading=\"lazy\" decoding=\"async\" class=\"aligncenter wp-image-10768 size-full\" src=\"https:\/\/www.mes-allocs.fr\/guides\/wp-content\/uploads\/2020\/08\/Comment-fonctionne-la-conversion-des-heures-cpf-en-euros-s-e1596632800467.jpg\" alt=\"Comment fonctionne la conversion des heures cpf en euros ?s\" width=\"1280\" height=\"291\" srcset=\"https:\/\/www.mes-allocs.fr\/guides\/wp-content\/uploads\/2020\/08\/Comment-fonctionne-la-conversion-des-heures-cpf-en-euros-s-e1596632800467.jpg 1280w, https:\/\/www.mes-allocs.fr\/guides\/wp-content\/uploads\/2020\/08\/Comment-fonctionne-la-conversion-des-heures-cpf-en-euros-s-e1596632800467-300x68.jpg 300w, https:\/\/www.mes-allocs.fr\/guides\/wp-content\/uploads\/2020\/08\/Comment-fonctionne-la-conversion-des-heures-cpf-en-euros-s-e1596632800467-1024x233.jpg 1024w, https:\/\/www.mes-allocs.fr\/guides\/wp-content\/uploads\/2020\/08\/Comment-fonctionne-la-conversion-des-heures-cpf-en-euros-s-e1596632800467-768x175.jpg 768w, https:\/\/www.mes-allocs.fr\/guides\/wp-content\/uploads\/2020\/08\/Comment-fonctionne-la-conversion-des-heures-cpf-en-euros-s-e1596632800467-600x136.jpg 600w\" sizes=\"auto, (max-width: 1280px) 100vw, 1280px\" \/><\/a><\/strong>[Mis \u00e0 jour le 03\/04\/2026]<strong> Depuis janvier 2015, <a href=\"https:\/\/www.mes-allocs.fr\/guides\/aide-formation\/compte-personnel-formation-cpf\/\" target=\"_blank\" rel=\"noopener noreferrer\">le nombre d&rsquo;heures contenues sur votre CPF<\/a> est converti en euros \u00e0 raison de 15 euros par heure. En outre, les heures acquises au titre du dif sont utilisables jusqu&rsquo;au 31 d\u00e9cembre 2020. Vous pouvez les employer pour la formation professionnelle de votre choix.<\/strong><\/p>\n<div class='cta-block'><div class='text'>Simulez toutes vos aides en 2 min.<\/div><a href='https:\/\/www.mes-allocs.fr\/ab-app?origin=guides\/wp-json\/wp\/v2\/posts\/9683' class='app-button fit'>Simulation gratuite<\/a><\/div>\n<h1>Comment fonctionne la conversion des heures en euros pour le CPF ?<\/h1>\n<h2>Principe g\u00e9n\u00e9ral<\/h2>\n<ol>\n<li>Vous avez acc\u00e8s \u00e0 24 heures de formation par an. Et ce, pour un maximum de <strong>120 heures, ce qui correspond \u00e0 un plafond.<\/strong><\/li>\n<li>Vous cumulez 1 heure par mois, soit 12 heures par an pour un <strong>total de 150 heures. <\/strong>Si vous \u00eates dit non-qualifi\u00e9, vous pouvez passer \u00e0 48 heures par an (plafond total de 400 heures).<\/li>\n<\/ol>\n<p>Depuis 2019, <a href=\"https:\/\/www.mes-allocs.fr\/guides\/aide-formation\/compte-personnel-formation-cpf\/compteur-cpf\/\" target=\"_blank\" rel=\"noopener noreferrer\">la conversion des heures CPF en euros est act\u00e9e<\/a>. Par cons\u00e9quent, cela correspond \u00e0 500\u20ac et 800\u20ac par an.<\/p>\n<\/div>\n<p><strong>Attention<\/strong><strong> :<\/strong> les heures cumul\u00e9es sont plafonn\u00e9es \u00e0 <strong>150 heures.<\/strong> Si vous avez acquis plus d&rsquo;heures, sachez que uniquement <strong>100 heures pourront \u00eatre utilis\u00e9es<\/strong>. Par ailleurs, si le co\u00fbt de la formation choisie est sup\u00e9rieur au nombre d&rsquo;heures sur le compte, elle pourra alors b\u00e9n\u00e9ficier d&rsquo;un financement compl\u00e9mentaire. Le tout, pour un <strong>plafond de 5.000\u20ac et 8.000\u20ac.<\/strong><\/p>\n<p>\u00c0 noter que ces informations sont disponibles sur l&rsquo;application mon compte personnel formation, lanc\u00e9e par Muriel P\u00e9nicaud en janvier 2019.<\/p>\n<\/div>\n<h2>Cas particulier : les agents de la fonction publique<\/h2>\n<div class=\"card-section\">\n<div class=\"LGOjhe\" role=\"heading\" aria-level=\"3\" data-attrid=\"wa:\/description\" data-hveid=\"CAwQAw\"><span class=\"ILfuVd\"><span class=\"e24Kjd\">La loi n\u00b02019-828 du 6 ao\u00fbt 2019 de transformation de la <b>fonction publique<\/b> a confirm\u00e9 que la conversion en euros des droits ne concerne pas les agents <b>publics.<\/b> Leurs droits restent donc comptabilis\u00e9s en heures.<\/span><\/span><\/div>\n<\/div>\n<div role=\"heading\" aria-level=\"3\" data-attrid=\"wa:\/description\" data-hveid=\"CAwQAw\">\n<div class=\"question-response hero-chapeau-second\">\n<div class=\"clearfix text-formatted field field--name-field-body field--type-text-long field--label-hidden field__item\">\n<p class=\"text-align-justify\">En outre, pour un travail \u00e0 mi-temps ou plus, votre compte sera aliment\u00e9 :<\/p>\n<ul>\n<li class=\"text-align-justify\">\u00e0 hauteur de 24 heures maximum par an, dans la limite d\u2019un plafond de 120 heures;<\/li>\n<li class=\"text-align-justify\">puis 12 heures jusqu\u2019\u00e0 un plafond total de 150 heures.<\/li>\n<\/ul>\n<p class=\"text-align-justify\"><strong>Or, pour un temps non complet (moins de 35 heures par semaine), vos droits sont calcul\u00e9s au prorata.<\/strong><\/p>\n<p class=\"text-align-justify\"><span style=\"text-decoration: underline;\"><strong>Attention :<\/strong><\/span> si vous \u00eates un agent de cat\u00e9gorie C, sans dipl\u00f4me ou avec uniquement le dipl\u00f4me national du brevet, vous disposez de 48 heures par an. Et ce, dans la limite d&rsquo;un plafond global de 400 heures.<\/p>\n<p><iframe loading=\"lazy\" title=\"Les aides \u00e0 la formation\" width=\"500\" height=\"281\" src=\"https:\/\/www.youtube.com\/embed\/gs3ZRHqtzmY?feature=oembed\" frameborder=\"0\" allow=\"accelerometer; autoplay; clipboard-write; encrypted-media; gyroscope; picture-in-picture; web-share\" referrerpolicy=\"strict-origin-when-cross-origin\" allowfullscreen><\/iframe><\/p>\n<div class=\"brs_col\">\n<h1>De quelle fa\u00e7on les heures s&rsquo;accumulent-elles sur le CPF ?<\/h1>\n<p>Le Compte personnel de formation (CPF) accumule les heures \u00e0 hauteur de 500\u20ac par ann\u00e9e de travail. Et ce, dans la limite d\u2019un plafond de 5.000\u20ac au titre des activit\u00e9s professionnelles exerc\u00e9es l&rsquo;ann\u00e9e pr\u00e9c\u00e9dente (2024 pour 2025).<\/p>\n<p><strong>Attention :<\/strong> si vous \u00eates travailleur ind\u00e9pendant et n\u2019avez pas exerc\u00e9 d&rsquo;activit\u00e9 au titre d\u2019une ann\u00e9e enti\u00e8re, vos droits CPF sont calcul\u00e9s au prorata du temps d\u2019exercice de l\u2019activit\u00e9 au cours de l\u2019ann\u00e9e.<\/p>\n<h1>Quand le CPF est-il aliment\u00e9 ?<\/h1>\n<\/div>\n<div class=\"brs_col\">\n<p>C&rsquo;est au terme de chaque ann\u00e9e (le 31 d\u00e9cembre pr\u00e9cis\u00e9ment), que le compte personnel de formation est aliment\u00e9. Il ne peut exc\u00e9der <strong>150 heures de formation sur 8 ans.<\/strong><\/p>\n<p><strong>\u00c0 savoir <\/strong>24 heures par an pendant les<strong> 5 premi\u00e8res ann\u00e9es, puis 12 heures par an pendant les 3 ann\u00e9es suivantes. <\/strong>Et ce, pour un travail \u00e0 temps complet.<\/p>\n<\/div>\n<p>En revanche, si vous travaillez \u00e0 temps partiel, votre compte est aliment\u00e9 proportionnellement au temps de travail effectu\u00e9.<\/p>\n<div class=\"brs_col\">\n<p>\u00c0 noter que vos heures sont inchang\u00e9es en cas de :<\/p>\n<ul>\n<li><strong>changement de statut,<\/strong><\/li>\n<li><strong>d\u00e9part \u00e0 la retrait.<\/strong><\/li>\n<\/ul>\n<\/div>\n<\/div>\n<\/div>\n<\/div>\n<div class=\"card-section\">\n<div class=\"brs_col\">\n<h1>Existe-t-il un simulateur CPF ?<\/h1>\n<p>Les heures du CPF sont acquises au nombre de <strong>24 heures par ann\u00e9e de travail \u00e0 taux plein<\/strong>. Cela fait donc <strong>1.607 heures par an, cumulables<\/strong> jusqu\u2019\u00e0 120 heures. Au-del\u00e0, le cumul continue \u00e0 hauteur de 12 heures par ann\u00e9e de travail.<\/p>\n<p><span style=\"text-decoration: underline;\"><strong>Exemple pour un salari\u00e9 \u00e0 temps plein (du secteur priv\u00e9 ou public) :<br \/>\n<\/strong><\/span><\/p>\n<ol>\n<li>120 heures de formation obtenues en 5 ans.<\/li>\n<li>Puis, 30 heures sur 2 ans et demi.<\/li>\n<\/ol>\n<p>Les p\u00e9riodes suivantes ne sont pas prises en compte dans le calcul des heures :<\/p>\n<ul>\n<li>cong\u00e9 de maternit\u00e9.<\/li>\n<li>cong\u00e9 paternit\u00e9 et accueil de l\u2019enfant.<\/li>\n<li>cong\u00e9 d\u2019adoption.<\/li>\n<li>cong\u00e9 de soutien familial.<\/li>\n<li>absences li\u00e9es \u00e0 un accident du travail.<\/li>\n<li>absences dues \u00e0 une maladie professionnelle.<\/li>\n<\/ul>\n<\/div>\n<h1>Peut-on se faire payer ses heures CPF ?<\/h1>\n<p>Nul ne peut payer vos heures CPF, soit alimenter votre compte personnel formation par le biais de sommes transf\u00e9r\u00e9es, que ce soit :<\/p>\n<ul>\n<li>vous<\/li>\n<li>ou votre employeur.<\/li>\n<\/ul>\n<p><strong>De m\u00eame, le contenu de votre CPF ne peut pas \u00eatre transf\u00e9r\u00e9 sur votre compte bancaire, \u00e9pargne ou autre.<\/strong><\/p>\n<\/div>\n<div class='cta-block'><div class='text'>Simulez toutes vos aides en 2 min.<\/div><a href='https:\/\/www.mes-allocs.fr\/ab-app?origin=guides\/wp-json\/wp\/v2\/posts\/9683' class='app-button fit'>Simulation gratuite<\/a><\/div>\n<h1>Heure CPF : quel est le plafond fix\u00e9 ?<\/h1>\n<div id=\"brs\" data-hveid=\"CAsQAA\">\n<h2>\u00c0 combien s&rsquo;\u00e9l\u00e8ve le plafond du CPF pour les personnes en ESAT ?<\/h2>\n<p>Vous b\u00e9n\u00e9ficiez d&rsquo;un CPF si vous avez :<\/p>\n<ul>\n<li>moins de 16 ans,<\/li>\n<li>\u00eates admis en ESAT,<\/li>\n<li>et avez conclu un contrat de soutien et d\u2019aide par le travail.<\/li>\n<\/ul>\n<p>Le montant annuel que vous pouvez acqu\u00e9rir est major\u00e9 <strong>\u00e0 800\u20ac par ann\u00e9e d\u2019admission.<\/strong> Et ce, \u00e0 temps plein ou \u00e0 temps partiel. <strong>Le plafond, lui, est fix\u00e9 \u00e0 8.000\u20ac.<\/strong><\/p>\n<\/div>\n<div itemscope itemtype=\"http:\/\/schema.org\/Table\"><p itemprop=\"about\"><strong>Fonction publique : quel est le plafond fix\u00e9 pour les formations propos\u00e9es ?<\/strong><\/p>\n<table style=\"border-collapse: collapse; width: 100.664%; height: 524px;\">\n<tbody>\n<tr style=\"height: 48px;\">\n<td style=\"width: 30.4606%; height: 48px; background-color: #d8e6f2; border: 1px solid black; text-align: center;\"><strong>Minist\u00e8re<\/strong><\/td>\n<td style=\"width: 28.183%; height: 48px; background-color: #d8e6f2; border: 1px solid black; text-align: center;\"><strong>Plafond (en euros)<\/strong><\/td>\n<\/tr>\n<tr style=\"height: 24px;\">\n<td style=\"width: 30.4606%; height: 78px; border: 1px solid black; text-align: center;\">Services du Premier Ministre<\/td>\n<td style=\"width: 28.183%; height: 78px; border: 1px solid black; text-align: center;\"><span class=\"prix\">24\u00a0\u20ac<\/span> par heure de formation cr\u00e9dit\u00e9e sur le CPF<\/td>\n<\/tr>\n<tr style=\"height: 65px;\">\n<td style=\"width: 30.4606%; border: 1px solid black; text-align: center; height: 65px;\">Minist\u00e8re des arm\u00e9es<\/td>\n<td style=\"width: 28.183%; border: 1px solid black; text-align: center; height: 65px;\">\n<ul>\n<li><span class=\"prix\">1.500\u00a0\u20ac<\/span> par agent et par an<\/li>\n<li><span class=\"prix\" style=\"font-family: inherit; font-size: inherit;\">4000\u00a0\u20ac<\/span><span style=\"font-family: inherit; font-size: inherit;\"> par an pour un agent de cat\u00e9gorie C<\/span><\/li>\n<\/ul>\n<\/td>\n<\/tr>\n<tr style=\"height: 24px;\">\n<td style=\"width: 30.4606%; height: 84px; border: 1px solid black; text-align: center;\">Minist\u00e8res sociaux<\/td>\n<td style=\"width: 28.183%; height: 84px; border: 1px solid black; text-align: center;\"><span class=\"prix\">3000\u00a0\u20ac<\/span> pour un projet d&rsquo;\u00e9volution professionnelle<\/td>\n<\/tr>\n<tr style=\"height: 24px;\">\n<td style=\"width: 30.4606%; border: 1px solid black; text-align: center; height: 94px;\"><span style=\"font-weight: 400;\"> Minist\u00e8re de l&rsquo;int\u00e9rieur<\/span><\/td>\n<td style=\"width: 28.183%; border: 1px solid black; text-align: center; height: 94px;\"><span style=\"font-weight: 400;\"><span class=\"prix\">15\u00a0\u20ac<\/span> par heure de formation acquise sur le CPF\u00a0<\/span><\/td>\n<\/tr>\n<tr style=\"height: 75px;\">\n<td style=\"width: 30.4606%; border: 1px solid black; text-align: center; height: 75px;\"><span style=\"font-weight: 400;\">Minist\u00e8re de l&rsquo;agriculture et de l&rsquo;alimentation<\/span><\/td>\n<td style=\"width: 28.183%; border: 1px solid black; text-align: center; height: 75px;\"><span style=\"font-weight: 400;\"><span class=\"prix\">3.500\u00a0\u20ac<\/span> par demande d&rsquo;utilisation du CPF<\/span><\/td>\n<\/tr>\n<tr style=\"height: 80px;\">\n<td style=\"width: 30.4606%; border: 1px solid black; text-align: center; height: 80px;\"><span style=\"font-weight: 400;\">Conseil d&rsquo;\u00c9tat et Cour nationale du droit d&rsquo;asile<\/span><\/td>\n<td style=\"width: 28.183%; border: 1px solid black; text-align: center; height: 80px;\">1<span class=\"prix\">5\u00a0\u20ac<\/span> par heure de formation <span style=\"font-weight: 400;\">acquise<\/span> sur le CPF dans la limite de <span class=\"prix\">1.500\u00a0\u20ac<\/span> par an par formation<\/td>\n<\/tr>\n<\/tbody>\n<\/table>\n<p><span style=\"font-weight: 400;\"><\/div><\/span><\/p>\n<h1>Qui peut b\u00e9n\u00e9ficier d&rsquo;un compte CPF ?<\/h1>\n<ul>\n<li>Les personnes \u00e2g\u00e9es de 16 ans et plus disposent d\u2019un Compte personnel de formation (CPF).<\/li>\n<li>Les jeunes de 15 ans ayant sign\u00e9 un contrat d\u2019apprentissage, par d\u00e9rogation, sont \u00e9galement concern\u00e9s.<\/li>\n<\/ul>\n<p><a href=\"https:\/\/www.mes-allocs.fr\/guides\/aide-formation\/compte-personnel-formation-cpf\/droit-cpf\/\" target=\"_blank\" rel=\"noopener noreferrer\">Les personnes suivantes peuvent ainsi b\u00e9n\u00e9ficier du CPF<\/a> :<\/p>\n<ul>\n<li>salari\u00e9s \u00e0 temps complet et \u00e0 temps partiel.<\/li>\n<li>travailleurs ind\u00e9pendants.<\/li>\n<li>employ\u00e9s saisonniers.<\/li>\n<li>agents publics et consulaires.<\/li>\n<li>demandeurs d emploi.<\/li>\n<li>personnes handicap\u00e9es h\u00e9berg\u00e9es en \u00e9tablissement ou en service d&rsquo;aide par le travail (ESAT).<\/li>\n<\/ul>\n<p>\u00c0 noter que le CPF est ferm\u00e9 lorsque vous faites valoir vos droits \u00e0 la retraite.<\/p>\n<h1>\u00c0 quoi sert le CPF ?<\/h1>\n<p id=\"Qu-est-ce-que-le-compte-personnel-de-formation\" class=\"spip\">Il vous permet d&rsquo;acqu\u00e9rir des droits \u00e0 la formation que vous pouvez utiliser tout au long de votre vie professionnelle. <a href=\"https:\/\/www.mes-allocs.fr\/guides\/aide-formation\/compte-personnel-formation-cpf\/cpf-formation\/\" target=\"_blank\" rel=\"noopener noreferrer\">Le CPF a donc pour but de<\/a> :<\/p>\n<ul>\n<li class=\"spip\">s\u00e9curiser votre parcours professionnel,<\/li>\n<li>favoriser le maintien de l\u2019employabilit\u00e9.<\/li>\n<\/ul>\n<p>\u00c0 noter que depuis le 1<sup>er<\/sup> janvier 2019 (loi pour la Libert\u00e9 de choisir son avenir professionnel), le dispositif repose sur la conversion heures CPF en euros. C&rsquo;est-\u00e0-dire que le CPF est aliment\u00e9 en euros et non plus en heures.<\/p>\n<p>En outre, votre CPF peut continuer \u00e0 \u00eatre aliment\u00e9 et ce, m\u00eame si vous avez fait valoir tous vos droits \u00e0 la retraite, au titre des activit\u00e9s b\u00e9n\u00e9voles et volontaires que vous exercez.<\/p>\n<h1>Comment acc\u00e9der au CPF ?<\/h1>\n<p>C&rsquo;est sur le compte officiel moncompteformation.gouv.fr que vous pouvez <a href=\"https:\/\/www.mes-allocs.fr\/guides\/aide-formation\/compte-personnel-formation-cpf\/cpf-inscription\/\" target=\"_blank\" rel=\"noopener noreferrer\">acc\u00e9der \u00e0 votre espace personnel s\u00e9curis\u00e9<\/a>. Vous y trouverez \u00e9galement :<\/p>\n<ul>\n<li>informations vous concernant (par exemple : cr\u00e9dit en euros enregistr\u00e9 sur votre compte).<\/li>\n<li>d\u00e9tails sur les formations que vous pouvez solliciter (formations \u00e9ligibles au Compte personnel de formation).<\/li>\n<li>informations sur les financements de formation.<\/li>\n<li>acc\u00e8s aux services num\u00e9riques li\u00e9s \u00e0 l\u2019orientation professionnelle et la capitalisation des comp\u00e9tences.<\/li>\n<\/ul>\n<h1><strong>CPF heures dif : sont-elles toujours utilisables ?<\/strong><\/h1>\n<p>Afin de conna\u00eetre votre solde d\u2019heures de DIF, vous avez deux possibilit\u00e9s :<\/p>\n<ul>\n<li><strong>demandez \u00e0 votre\u00a0service RH.\u00a0<\/strong><\/li>\n<li><strong>r\u00e9f\u00e9rez-vous \u00e0 votre bulletin de salaire de janvier<\/strong>. En effet, le solde d\u2019heures de formation restant est indiqu\u00e9 une fois par an sur le bulletin de salaire.<\/li>\n<\/ul>\n<p>Si vous faites une demande de formation \u00e0 travers votre CPF (nouveau CPF), vos heures de DIF disponibles seront celles utilis\u00e9es en premier lieu.<\/p>\n<p>Par ailleurs, les heures que vous avez r\u00e9cemment acquises peuvent s&rsquo;ajouter au solde d&rsquo;heures de DIF. Et ce, dans la limite d\u2019un plafond de 150 heures.<\/p>\n<p>\u00c0 noter que ce solde peut \u00eatre compl\u00e9t\u00e9 (sous certaines conditions) par :<\/p>\n<ul>\n<li><strong>l\u2019entreprise elle-m\u00eame.<\/strong><\/li>\n<li><strong>un organisme financeur.<\/strong><\/li>\n<\/ul>\n<p>Par ailleurs, le taux de conversion des heures dif vers l&rsquo;actuel CPF est de 15 euros. Vous pouvez puiser votre solde dif jamais utilis\u00e9, aux c\u00f4t\u00e9s des 72 heures accumul\u00e9es depuis 2015 sur le CPF.<\/p>\n<h1>CIF CPF : quelle diff\u00e9rence ?<\/h1>\n<div>\n<p>Le cong\u00e9 individuel de formation CIF oeuvre pour la reconversion professionnelle. Tout comme le CIF, le CPF permet \u00e0 chacun de <em>\u00a0demander la prise en charge d\u2019une action de formation destin\u00e9e \u00e0 changer de m\u00e9tier, en b\u00e9n\u00e9ficiant d\u2019un cong\u00e9 sp\u00e9cifique si la formation est effectu\u00e9e en tout ou partie durant le temps de travail.\u00a0\u00bb<\/em> (texte de loi).<em><br \/>\n<\/em><\/p>\n<p>Le CPF n&rsquo;est dot\u00e9e que de quelques \u00e9l\u00e9ments suppl\u00e9mentaires, par rapport au CIF. Les deux dispositifs se ressemblent davantage qu&rsquo;ils ne diff\u00e8rent.<\/p>\n<p><span style=\"text-decoration: underline;\"><strong>Similarit\u00e9s :<\/strong><\/span><\/p>\n<ul>\n<li>Validation du projet de transition par une commission paritaire.<\/li>\n<li>Exp\u00e9rience minimale requise.<\/li>\n<li>Pour les salari\u00e9s, formation effectu\u00e9e partiellement ou totalement sur le temps de travail.<\/li>\n<li>Versement d&rsquo;une r\u00e9mun\u00e9ration minimum pendant la formation.<\/li>\n<\/ul>\n<div class='cta-block'><div class='text'>Simulez toutes vos aides en 2 min.<\/div><a href='https:\/\/www.mes-allocs.fr\/ab-app?origin=guides\/wp-json\/wp\/v2\/posts\/9683' class='app-button fit'>Simulation gratuite<\/a><\/div>\n<\/div>\n","protected":false},"excerpt":{"rendered":"<p>[Mis \u00e0 jour le 03\/04\/2026] Depuis janvier 2015, le nombre d&rsquo;heures contenues sur votre CPF est converti en euros \u00e0 raison de 15 euros par heure. En outre, les heures acquises au titre du dif sont utilisables jusqu&rsquo;au 31 d\u00e9cembre 2020. Vous pouvez les employer pour la formation professionnelle de votre choix. Comment fonctionne la [&hellip;]<\/p>\n","protected":false},"author":10,"featured_media":10770,"comment_status":"open","ping_status":"open","sticky":false,"template":"","format":"standard","meta":{"amp_status":"","footnotes":""},"categories":[2045,2046],"tags":[],"class_list":["post-9683","post","type-post","status-publish","format-standard","has-post-thumbnail","hentry","category-aide-formation","category-compte-personnel-formation-cpf"],"yoast_head":"<!-- This site is optimized with the Yoast SEO plugin v14.9 - https:\/\/yoast.com\/wordpress\/plugins\/seo\/ -->\n<title>Tout savoir sur la conversion des heures cpf en euros ! | Mes-Allocs.fr<\/title>\n<meta name=\"description\" content=\"Depuis janvier 2015, le nombre d&#039;heures sur votre CPF est converti en euros \u00e0 raison de 15\u20ac par heure. Les heures DIF sont utilisables jusqu&#039;au 31 d\u00e9cembre.\" \/>\n<meta name=\"robots\" content=\"index, follow, max-snippet:-1, max-image-preview:large, max-video-preview:-1\" \/>\n<link rel=\"canonical\" href=\"https:\/\/www.mes-allocs.fr\/guides\/aide-formation\/compte-personnel-formation-cpf\/heures-cpf-en-euros\/\" \/>\n<meta property=\"og:locale\" content=\"fr_FR\" \/>\n<meta property=\"og:type\" content=\"article\" \/>\n<meta property=\"og:title\" content=\"Tout savoir sur la conversion des heures cpf en euros ! | Mes-Allocs.fr\" \/>\n<meta property=\"og:description\" content=\"Depuis janvier 2015, le nombre d&#039;heures sur votre CPF est converti en euros \u00e0 raison de 15\u20ac par heure. Les heures DIF sont utilisables jusqu&#039;au 31 d\u00e9cembre.\" \/>\n<meta property=\"og:url\" content=\"https:\/\/www.mes-allocs.fr\/guides\/aide-formation\/compte-personnel-formation-cpf\/heures-cpf-en-euros\/\" \/>\n<meta property=\"og:site_name\" content=\"Mes-Allocs.fr\" \/>\n<meta property=\"article:published_time\" content=\"2020-08-07T14:26:50+00:00\" \/>\n<meta property=\"article:modified_time\" content=\"2026-04-03T12:52:34+00:00\" \/>\n<meta property=\"og:image\" content=\"https:\/\/www.mes-allocs.fr\/guides\/wp-content\/uploads\/2020\/08\/Comment-fonctionne-la-conversion-des-heures-cpf-en-euros-.jpg?wsr\" \/>\n\t<meta property=\"og:image:width\" content=\"1280\" \/>\n\t<meta property=\"og:image:height\" content=\"853\" \/>\n<meta name=\"twitter:card\" content=\"summary_large_image\" \/>\n<script type=\"application\/ld+json\" class=\"yoast-schema-graph\">{\"@context\":\"https:\/\/schema.org\",\"@graph\":[{\"@type\":\"WebSite\",\"@id\":\"https:\/\/www.mes-allocs.fr\/guides\/#website\",\"url\":\"https:\/\/www.mes-allocs.fr\/guides\/\",\"name\":\"Mes-Allocs.fr\",\"description\":\"\",\"potentialAction\":[{\"@type\":\"SearchAction\",\"target\":\"https:\/\/www.mes-allocs.fr\/guides\/?s={search_term_string}\",\"query-input\":\"required name=search_term_string\"}],\"inLanguage\":\"fr-FR\"},{\"@type\":\"ImageObject\",\"@id\":\"https:\/\/www.mes-allocs.fr\/guides\/aide-formation\/compte-personnel-formation-cpf\/heures-cpf-en-euros\/#primaryimage\",\"inLanguage\":\"fr-FR\",\"url\":\"https:\/\/www.mes-allocs.fr\/guides\/wp-content\/uploads\/2020\/08\/Comment-fonctionne-la-conversion-des-heures-cpf-en-euros-.jpg?wsr\",\"width\":1280,\"height\":853,\"caption\":\"Comment fonctionne la conversion des heures cpf en euros\"},{\"@type\":\"WebPage\",\"@id\":\"https:\/\/www.mes-allocs.fr\/guides\/aide-formation\/compte-personnel-formation-cpf\/heures-cpf-en-euros\/#webpage\",\"url\":\"https:\/\/www.mes-allocs.fr\/guides\/aide-formation\/compte-personnel-formation-cpf\/heures-cpf-en-euros\/\",\"name\":\"Tout savoir sur la conversion des heures cpf en euros ! | Mes-Allocs.fr\",\"isPartOf\":{\"@id\":\"https:\/\/www.mes-allocs.fr\/guides\/#website\"},\"primaryImageOfPage\":{\"@id\":\"https:\/\/www.mes-allocs.fr\/guides\/aide-formation\/compte-personnel-formation-cpf\/heures-cpf-en-euros\/#primaryimage\"},\"datePublished\":\"2020-08-07T14:26:50+00:00\",\"dateModified\":\"2026-04-03T12:52:34+00:00\",\"author\":{\"@id\":\"https:\/\/www.mes-allocs.fr\/guides\/#\/schema\/person\/8d47b912c0ad15f379df96b4e4e33f58\"},\"description\":\"Depuis janvier 2015, le nombre d'heures sur votre CPF est converti en euros \\u00e0 raison de 15\\u20ac par heure. Les heures DIF sont utilisables jusqu'au 31 d\\u00e9cembre.\",\"inLanguage\":\"fr-FR\"},{\"@type\":\"Person\",\"@id\":\"https:\/\/www.mes-allocs.fr\/guides\/#\/schema\/person\/8d47b912c0ad15f379df96b4e4e33f58\",\"name\":\"Constance de Cagny\",\"image\":{\"@type\":\"ImageObject\",\"@id\":\"https:\/\/www.mes-allocs.fr\/guides\/#personlogo\",\"inLanguage\":\"fr-FR\",\"url\":\"https:\/\/www.mes-allocs.fr\/guides\/wp-content\/uploads\/2021\/06\/Constance.2e8ee0b.png\",\"caption\":\"Constance de Cagny\"},\"description\":\"Constance est r\\u00e9dactrice au sein de l'\\u00e9quipe Mes Allocs. Elle a l'habitude d'\\u00e9crire sur les sujets conso, bons plans et \\u00e9conomies. Dipl\\u00f4m\\u00e9e de l'ENACO, elle rejoint Mes Allocs apr\\u00e8s une premi\\u00e8re exp\\u00e9rience en cabinet notarial.\",\"sameAs\":[\"https:\/\/www.linkedin.com\/in\/constance-de-cagny-mayeur-bbb414135\"]}]}<\/script>\n<!-- \/ Yoast SEO plugin. -->","amp_validity":null,"acf":{"faq":{"1":{"question":"Comment calculer les heures CPF ?","answer":"Le compte personnel de formation est aliment\u00e9 en heures \u00e0 la fin de chaque ann\u00e9e. Il ne peut exc\u00e9der 150 heures de formation sur 8 ans, pour un travail \u00e0 temps complet."},"2":{"question":"Comment est cr\u00e9dit\u00e9 le compte CPF ?","answer":"Le compte CPF est cr\u00e9dit\u00e9 au fur et \u00e0 mesure des heures pendant lesquelles vous travaillez. Ainsi, en p\u00e9riode de ch\u00f4mage, il n'est plus cr\u00e9dit\u00e9. N\u00e9anmoins, vous pouvez tout de m\u00eame utiliser les heures accumul\u00e9es pour financer des formations."},"3":{"question":"Comment convertir les heures CPF en euros ?","answer":"Depuis 2019, cette t\u00e2che est effectu\u00e9e automatiquement. Vous n'avez donc rien \u00e0 faire : vos heures acquises sont converties automatiquement."},"4":{"question":"Comment utiliser CPF en euros ?","answer":"Les heures accumul\u00e9es sont imm\u00e9diatement converties en euros. Par cons\u00e9quent, vous pouvez, depuis votre espace personnel, financer des formations qualifiantes avec le CPF."},"5":{"question":"Quand le compte CPF Est-il aliment\u00e9 ?","answer":"Il est aliment\u00e9 \u00e0 la fin de chaque ann\u00e9e, \u00e0 savoir le 31 d\u00e9cembre."},"6":{"question":"","answer":""},"7":{"question":"","answer":""},"8":{"question":"","answer":""},"9":{"question":"","answer":""},"10":{"question":"","answer":""},"11":{"question":"","answer":""},"12":{"question":"","answer":""},"13":{"question":"","answer":""},"14":{"question":"","answer":""},"15":{"question":"","answer":""},"16":{"question":"","answer":""}}},"_links":{"self":[{"href":"https:\/\/www.mes-allocs.fr\/guides\/wp-json\/wp\/v2\/posts\/9683","targetHints":{"allow":["GET"]}}],"collection":[{"href":"https:\/\/www.mes-allocs.fr\/guides\/wp-json\/wp\/v2\/posts"}],"about":[{"href":"https:\/\/www.mes-allocs.fr\/guides\/wp-json\/wp\/v2\/types\/post"}],"author":[{"embeddable":true,"href":"https:\/\/www.mes-allocs.fr\/guides\/wp-json\/wp\/v2\/users\/10"}],"replies":[{"embeddable":true,"href":"https:\/\/www.mes-allocs.fr\/guides\/wp-json\/wp\/v2\/comments?post=9683"}],"version-history":[{"count":30,"href":"https:\/\/www.mes-allocs.fr\/guides\/wp-json\/wp\/v2\/posts\/9683\/revisions"}],"predecessor-version":[{"id":111519,"href":"https:\/\/www.mes-allocs.fr\/guides\/wp-json\/wp\/v2\/posts\/9683\/revisions\/111519"}],"wp:featuredmedia":[{"embeddable":true,"href":"https:\/\/www.mes-allocs.fr\/guides\/wp-json\/wp\/v2\/media\/10770"}],"wp:attachment":[{"href":"https:\/\/www.mes-allocs.fr\/guides\/wp-json\/wp\/v2\/media?parent=9683"}],"wp:term":[{"taxonomy":"category","embeddable":true,"href":"https:\/\/www.mes-allocs.fr\/guides\/wp-json\/wp\/v2\/categories?post=9683"},{"taxonomy":"post_tag","embeddable":true,"href":"https:\/\/www.mes-allocs.fr\/guides\/wp-json\/wp\/v2\/tags?post=9683"}],"curies":[{"name":"wp","href":"https:\/\/api.w.org\/{rel}","templated":true}]}}