{"id":95771,"date":"2025-03-18T12:13:08","date_gmt":"2025-03-18T10:13:08","guid":{"rendered":"https:\/\/www.mes-allocs.fr\/guides\/?p=95771"},"modified":"2026-04-22T08:33:18","modified_gmt":"2026-04-22T07:33:18","slug":"conges-revisions-apprentis","status":"publish","type":"post","link":"https:\/\/www.mes-allocs.fr\/guides\/aide-par-situation\/aide-apprenti\/conges-revisions-apprentis\/","title":{"rendered":"Comment b\u00e9n\u00e9ficier des cong\u00e9s de r\u00e9vision pour les apprentis ?"},"content":{"rendered":"<p><img loading=\"lazy\" decoding=\"async\" class=\"alignnone  wp-image-95785\" title=\"apprentis conge revision\" src=\"https:\/\/www.mes-allocs.fr\/guides\/wp-content\/uploads\/2025\/03\/apprentis-conge-revision-e1742292774286-300x44.jpg\" alt=\"apprentis conge revision\" width=\"1391\" height=\"204\" srcset=\"https:\/\/www.mes-allocs.fr\/guides\/wp-content\/uploads\/2025\/03\/apprentis-conge-revision-e1742292774286-300x44.jpg 300w, https:\/\/www.mes-allocs.fr\/guides\/wp-content\/uploads\/2025\/03\/apprentis-conge-revision-e1742292774286-1024x151.jpg 1024w, https:\/\/www.mes-allocs.fr\/guides\/wp-content\/uploads\/2025\/03\/apprentis-conge-revision-e1742292774286-768x113.jpg 768w, https:\/\/www.mes-allocs.fr\/guides\/wp-content\/uploads\/2025\/03\/apprentis-conge-revision-e1742292774286-600x89.jpg 600w, https:\/\/www.mes-allocs.fr\/guides\/wp-content\/uploads\/2025\/03\/apprentis-conge-revision-e1742292774286.jpg 2000w\" sizes=\"auto, (max-width: 1391px) 100vw, 1391px\" \/><\/p>\n<p>Les <b>cong\u00e9s de r\u00e9vision pour les apprentis <\/b>sont une <a href=\"https:\/\/www.mes-allocs.fr\/guides\/aide-par-situation\/\">aide par situation<\/a> pour permettre \u00e0 ces derniers de se concentrer sur la pr\u00e9paration de leurs \u00e9preuves finales. Ce droit, inscrit dans le Code du travail, a pour but de soutenir les apprentis dans leur r\u00e9ussite en leur offrant un temps de r\u00e9vision r\u00e9mun\u00e9r\u00e9, en plus de leurs cong\u00e9s pay\u00e9s. Dans cet article, d\u00e9couvrez les conditions d\u2019attribution de ces cong\u00e9s, leur dur\u00e9e, les d\u00e9marches \u00e0 suivre pour en b\u00e9n\u00e9ficier, ainsi que les droits et obligations des apprentis et des employeurs concernant cette p\u00e9riode.<\/p>\n<p class=\"p1\"><div class='cta-block'><div class='text'>Simulez toutes vos Aides en 2 min.<\/div><a href='https:\/\/www.mes-allocs.fr\/ab-app?origin=guides\/wp-json\/wp\/v2\/posts\/95771' class='app-button fit'>Simulation gratuite<\/a><\/div><\/p>\n<h1>Qu\u2019est-ce que le cong\u00e9 r\u00e9vision pour apprentis ?<\/h1>\n<h2>Quelle est la d\u00e9finition l\u00e9gale du cong\u00e9 de r\u00e9vision pour apprentis ?<\/h2>\n<p>Selon l&rsquo;<b>article L6222-35 du Code du travail<\/b>, il est \u00e9tabli que les apprentis se voient accorder un cong\u00e9 sp\u00e9cifique. Ce cong\u00e9 est express\u00e9ment destin\u00e9 \u00e0 faciliter la p<b>r\u00e9paration directe des \u00e9preuves conduisant \u00e0 l\u2019obtention du dipl\u00f4me<\/b> inscrit dans leur contrat d\u2019apprentissage. Ce cong\u00e9 se pr\u00e9sente comme un avantage distinct en s\u2019ajoutant aux autres formes de cong\u00e9s dont les apprentis peuvent b\u00e9n\u00e9ficier. Ainsi, il constitue un temps suppl\u00e9mentaire allou\u00e9 \u00e0 la r\u00e9vision et \u00e0 la pr\u00e9paration aux examens.<\/p>\n<h2>Quand le cong\u00e9 de r\u00e9vision pour apprentis doit-il \u00eatre pris ?<\/h2>\n<p>Le cong\u00e9 de r\u00e9vision destin\u00e9 aux apprentis doit \u00eatre pris durant le <b>mois pr\u00e9c\u00e9dant les \u00e9preuves du dipl\u00f4me.<\/b> Ce temps de pr\u00e9paration est pr\u00e9lev\u00e9 sur les heures de travail initialement planifi\u00e9es au sein de l\u2019entreprise. Il est important de souligner que ce droit est applicable une <b>seule fois par dipl\u00f4me et par contrat d\u2019apprentissage<\/b>. De plus, il est uniquement r\u00e9serv\u00e9 \u00e0 la <b>pr\u00e9paration des \u00e9preuves finales<\/b>, excluant de fait les \u00e9valuations interm\u00e9diaires, le contr\u00f4le continu et les sessions de rattrapage.<\/p>\n<h1>Quels sont les droits des apprentis concernant les cong\u00e9s de r\u00e9vision ?<\/h1>\n<h2>Combien de jours sont accord\u00e9s pour les cong\u00e9s de r\u00e9vision d\u2019un apprenti ?<\/h2>\n<p>Les apprentis ont droit \u00e0 un cong\u00e9 suppl\u00e9mentaire de 5 jours ouvrables pour la pr\u00e9paration directe de leurs \u00e9preuves. Ces jours sont distincts des cong\u00e9s pay\u00e9s annuels et des autres cong\u00e9s accord\u00e9s aux salari\u00e9s.<\/p>\n<h2>\u00c0 quel moment doivent \u00eatre pos\u00e9s les cong\u00e9s de r\u00e9vision ?<\/h2>\n<p>Comme mentionn\u00e9 pr\u00e9c\u00e9demment, les cong\u00e9s de r\u00e9vision pour apprentis doivent \u00eatre pris dans le mois qui pr\u00e9c\u00e8de les \u00e9preuves finales du dipl\u00f4me. Il est g\u00e9n\u00e9ralement admis qu\u2019il s\u2019agit des 30 jours pr\u00e9c\u00e9dant la premi\u00e8re \u00e9preuve. Si le Centre de formation d\u2019Apprentis (CFA) organise une session de r\u00e9vision obligatoire dans ce d\u00e9lai, l\u2019apprenti doit y participer en utilisant ses jours de cong\u00e9 de r\u00e9vision.<\/p>\n<h2>Le salaire est-il maintenu pendant les cong\u00e9s de r\u00e9vision d\u2019un apprenti ?<\/h2>\n<p>Le salaire de l\u2019apprenti est int\u00e9gralement <b>maintenu pendant la dur\u00e9e des cong\u00e9s de r\u00e9vision<\/b>. L\u2019employeur est tenu de<b> respecter cette obligation <\/b>et de verser le <b>salaire habituel<\/b> \u00e0 l\u2019apprenti durant ces 5 jours de cong\u00e9 suppl\u00e9mentaires. Il est important de noter que le non-respect de ce droit peut entra\u00eener des sanctions pour l\u2019employeur, notamment une amende pr\u00e9vue pour les <b>contraventions de cinqui\u00e8me classe<\/b>. Ce maintien du salaire s\u2019applique que les jours de cong\u00e9 soient pris de mani\u00e8re cons\u00e9cutive ou fractionn\u00e9e, tant qu\u2019ils sont utilis\u00e9s dans le mois pr\u00e9c\u00e9dant les \u00e9preuves finales du dipl\u00f4me.<\/p>\n<h1>Comment les cong\u00e9s de r\u00e9vision s\u2019articulent-ils avec les cong\u00e9s pay\u00e9s ?<\/h1>\n<p>Les cong\u00e9s de r\u00e9vision pour les apprentis <b>s\u2019ajoutent aux cong\u00e9s pay\u00e9s annuels<\/b>. Ce droit de 5 jours ouvrables accord\u00e9 aux apprentis pour pr\u00e9parer leurs examens finaux vient en compl\u00e9ment des cinq semaines de cong\u00e9s pay\u00e9s dont b\u00e9n\u00e9ficient tous les salari\u00e9s, y compris les apprentis. Ainsi, ces jours de r\u00e9vision <b>ne remplacent pas les cong\u00e9s pay\u00e9s habituels et ne les r\u00e9duisent pas<\/b>. Ils constituent un avantage suppl\u00e9mentaire destin\u00e9 \u00e0 soutenir les apprentis dans la r\u00e9ussite de leur formation, <b>sans impact<\/b> sur leurs droits aux cong\u00e9s pay\u00e9s classiques.<\/p>\n<h1>Comment planifier les cong\u00e9s de r\u00e9vision en tant qu\u2019apprenti ?<\/h1>\n<h2>Quel est le d\u00e9lai pour informer l\u2019employeur pour prendre ses cong\u00e9s de r\u00e9vision en tant qu\u2019apprenti ?<\/h2>\n<p>L\u2019apprenti est tenu d\u2019informer son employeur au moins <b>un mois \u00e0 l\u2019avance<\/b> des dates pr\u00e9vues pour ses cong\u00e9s de r\u00e9vision. Ce d\u00e9lai, qui s\u2019aligne sur les r\u00e8gles habituelles des cong\u00e9s pay\u00e9s, \u00e0 pour but de permettre \u00e0 l\u2019employeur d\u2019organiser le planning de l\u2019entreprise et de g\u00e9rer les absences sans perturber l\u2019activit\u00e9.<\/p>\n<p>Il est recommand\u00e9 d\u2019anticiper cette d\u00e9marche en communiquant les dates d\u00e8s qu\u2019elles sont connues, notamment si elles co\u00efncident avec une session de r\u00e9vision organis\u00e9e par le Centre de Formation d\u2019Apprentis (CFA).<\/p>\n<h2>L\u2019employeur peut-il refuser ou modifier les dates des cong\u00e9s de r\u00e9vision pour un apprenti ?<\/h2>\n<p>Il faut bien comprendre que l&#8217;employeur<b> n&rsquo;a pas le droit de refuser les cong\u00e9s de r\u00e9vision <\/b>d&rsquo;un apprenti. Il s&rsquo;agit d&rsquo;un droit qui est inscrit dans le Code du Travail, donc c\u2019est une obligation. En revanche, cela ne veut pas dire que l\u2019employeur n\u2019a aucune possibilit\u00e9 de s\u2019exprimer. Il <b>peut tout \u00e0 fait demander une modification des dates<\/b> que l\u2019apprenti avait propos\u00e9es au d\u00e9but. Cependant, il y a une limite. Les nouvelles dates doivent toujours respecter les r\u00e8gles fix\u00e9es par la loi. Il est important que l\u2019apprenti ait le temps n\u00e9cessaire pour se pr\u00e9parer \u00e0 ses examens.<\/p>\n<p class=\"p1\"><div class='cta-block'><div class='text'>Simulez toutes vos Aides en 2 min.<\/div><a href='https:\/\/www.mes-allocs.fr\/ab-app?origin=guides\/wp-json\/wp\/v2\/posts\/95771' class='app-button fit'>Simulation gratuite<\/a><\/div><\/p>\n<h1>Qu\u2019en est-il des cong\u00e9s de r\u00e9vision pour les contrats de professionnalisation ?<\/h1>\n<p>Les alternants en contrat de professionnalisation ne b\u00e9n\u00e9ficient pas du m\u00eame r\u00e9gime de cong\u00e9 de r\u00e9vision que les apprentis. Les principales dispositions concernant les cong\u00e9s de r\u00e9vision pour les contrats de professionnalisation :<\/p>\n<ul>\n<li aria-level=\"1\"><b>Les b\u00e9n\u00e9ficiaires<\/b> : les \u00e9tudiants qui justifient d\u2019une inscription valide dans un \u00e9tablissement pr\u00e9parant \u00e0 l\u2019obtention d\u2019un dipl\u00f4me d\u2019enseignement sup\u00e9rieur.<\/li>\n<li aria-level=\"1\"><b>La dur\u00e9e<\/b> : 5 jours ouvrables par tranche de 60 jours ouvrables travaill\u00e9s.<\/li>\n<li aria-level=\"1\"><b>La p\u00e9riode<\/b> : le cong\u00e9 doit \u00eatre pris dans le mois qui pr\u00e9c\u00e8de les examens.<\/li>\n<li aria-level=\"1\"><b>La r\u00e9mun\u00e9ration <\/b>: ce cong\u00e9 est non r\u00e9mun\u00e9r\u00e9.<\/li>\n<li aria-level=\"1\"><b>Le cumul <\/b>: il s\u2019ajoute aux cong\u00e9s pay\u00e9s annuels et, pour les salari\u00e9s de moins de 21 ans, il s\u2019ajoute \u00e9galement au cong\u00e9 annuel suppl\u00e9mentaire pr\u00e9vu \u00e0 l\u2019article L. 3164 du Code du Travail.<\/li>\n<\/ul>\n<p>Ainsi, ces jours de cong\u00e9 pour r\u00e9vision ne se substituent pas aux autres cong\u00e9s auxquels le salari\u00e9 a droit, mais viennent s\u2019y ajouter en offrant un temps suppl\u00e9mentaire d\u00e9di\u00e9 \u00e0 la pr\u00e9paration des examens.<\/p>\n<h1>Conclusion<\/h1>\n<p>En conclusion, les cong\u00e9s de r\u00e9vision pour les apprentis sont un droit qui vous permet de vous pr\u00e9parer aux \u00e9preuves finales de votre dipl\u00f4me. Ce cong\u00e9 de 5 jours ouvrables, \u00e0 prendre dans le mois pr\u00e9c\u00e9dant les examens, est r\u00e9mun\u00e9r\u00e9 et distinct des cong\u00e9s pay\u00e9s. Ils s&rsquo;ajoutent aux autres droits des apprentis sans les remplacer. Il est important que vous informiez votre employeur \u00e0 l\u2019avance et que vous respectiez les conditions l\u00e9gales pour b\u00e9n\u00e9ficier pleinement de ce droit.<\/p>\n<p class=\"p1\"><div class='cta-block'><div class='text'>Simulez toutes vos Aides en 2 min.<\/div><a href='https:\/\/www.mes-allocs.fr\/ab-app?origin=guides\/wp-json\/wp\/v2\/posts\/95771' class='app-button fit'>Simulation gratuite<\/a><\/div><\/p>\n","protected":false},"excerpt":{"rendered":"<p>Les cong\u00e9s de r\u00e9vision pour les apprentis sont une aide par situation pour permettre \u00e0 ces derniers de se concentrer sur la pr\u00e9paration de leurs \u00e9preuves finales. Ce droit, inscrit dans le Code du travail, a pour but de soutenir les apprentis dans leur r\u00e9ussite en leur offrant un temps de r\u00e9vision r\u00e9mun\u00e9r\u00e9, en plus [&hellip;]<\/p>\n","protected":false},"author":31,"featured_media":95786,"comment_status":"open","ping_status":"open","sticky":false,"template":"","format":"standard","meta":{"amp_status":"","footnotes":""},"categories":[16602,14320],"tags":[],"class_list":["post-95771","post","type-post","status-publish","format-standard","has-post-thumbnail","hentry","category-aide-apprenti","category-aide-par-situation"],"yoast_head":"<!-- This site is optimized with the Yoast SEO plugin v14.9 - https:\/\/yoast.com\/wordpress\/plugins\/seo\/ -->\n<title>Cong\u00e9s de r\u00e9vision apprenti : conditions et d\u00e9marches | Mes-Allocs.fr<\/title>\n<meta name=\"description\" content=\"D\u00e9couvrez comment b\u00e9n\u00e9ficier des cong\u00e9s de r\u00e9vision pour les apprentis : conditions, dur\u00e9e et d\u00e9marches \u00e0 suivre.\" \/>\n<meta name=\"robots\" content=\"index, follow, max-snippet:-1, max-image-preview:large, max-video-preview:-1\" \/>\n<link rel=\"canonical\" href=\"https:\/\/www.mes-allocs.fr\/guides\/aide-par-situation\/aide-apprenti\/conges-revisions-apprentis\/\" \/>\n<meta property=\"og:locale\" content=\"fr_FR\" \/>\n<meta property=\"og:type\" content=\"article\" \/>\n<meta property=\"og:title\" content=\"Cong\u00e9s de r\u00e9vision apprenti : conditions et d\u00e9marches | Mes-Allocs.fr\" \/>\n<meta property=\"og:description\" content=\"D\u00e9couvrez comment b\u00e9n\u00e9ficier des cong\u00e9s de r\u00e9vision pour les apprentis : conditions, dur\u00e9e et d\u00e9marches \u00e0 suivre.\" \/>\n<meta property=\"og:url\" content=\"https:\/\/www.mes-allocs.fr\/guides\/aide-par-situation\/aide-apprenti\/conges-revisions-apprentis\/\" \/>\n<meta property=\"og:site_name\" content=\"Mes-Allocs.fr\" \/>\n<meta property=\"article:published_time\" content=\"2025-03-18T10:13:08+00:00\" \/>\n<meta property=\"article:modified_time\" content=\"2026-04-22T07:33:18+00:00\" \/>\n<meta property=\"og:image\" content=\"https:\/\/www.mes-allocs.fr\/guides\/wp-content\/uploads\/2025\/03\/conge-revision-apprentis.jpg?wsr\" \/>\n\t<meta property=\"og:image:width\" content=\"1500\" \/>\n\t<meta property=\"og:image:height\" content=\"1000\" \/>\n<meta name=\"twitter:card\" content=\"summary_large_image\" \/>\n<script type=\"application\/ld+json\" class=\"yoast-schema-graph\">{\"@context\":\"https:\/\/schema.org\",\"@graph\":[{\"@type\":\"WebSite\",\"@id\":\"https:\/\/www.mes-allocs.fr\/guides\/#website\",\"url\":\"https:\/\/www.mes-allocs.fr\/guides\/\",\"name\":\"Mes-Allocs.fr\",\"description\":\"\",\"potentialAction\":[{\"@type\":\"SearchAction\",\"target\":\"https:\/\/www.mes-allocs.fr\/guides\/?s={search_term_string}\",\"query-input\":\"required name=search_term_string\"}],\"inLanguage\":\"fr-FR\"},{\"@type\":\"ImageObject\",\"@id\":\"https:\/\/www.mes-allocs.fr\/guides\/aide-par-situation\/aide-apprenti\/conges-revisions-apprentis\/#primaryimage\",\"inLanguage\":\"fr-FR\",\"url\":\"https:\/\/www.mes-allocs.fr\/guides\/wp-content\/uploads\/2025\/03\/conge-revision-apprentis.jpg?wsr\",\"width\":1500,\"height\":1000,\"caption\":\"conge revision apprentis\"},{\"@type\":\"WebPage\",\"@id\":\"https:\/\/www.mes-allocs.fr\/guides\/aide-par-situation\/aide-apprenti\/conges-revisions-apprentis\/#webpage\",\"url\":\"https:\/\/www.mes-allocs.fr\/guides\/aide-par-situation\/aide-apprenti\/conges-revisions-apprentis\/\",\"name\":\"Cong\\u00e9s de r\\u00e9vision apprenti : conditions et d\\u00e9marches | Mes-Allocs.fr\",\"isPartOf\":{\"@id\":\"https:\/\/www.mes-allocs.fr\/guides\/#website\"},\"primaryImageOfPage\":{\"@id\":\"https:\/\/www.mes-allocs.fr\/guides\/aide-par-situation\/aide-apprenti\/conges-revisions-apprentis\/#primaryimage\"},\"datePublished\":\"2025-03-18T10:13:08+00:00\",\"dateModified\":\"2026-04-22T07:33:18+00:00\",\"author\":{\"@id\":\"https:\/\/www.mes-allocs.fr\/guides\/#\/schema\/person\/4f115680446d9e6de360142157ca671d\"},\"description\":\"D\\u00e9couvrez comment b\\u00e9n\\u00e9ficier des cong\\u00e9s de r\\u00e9vision pour les apprentis : conditions, dur\\u00e9e et d\\u00e9marches \\u00e0 suivre.\",\"inLanguage\":\"fr-FR\"},{\"@type\":\"Person\",\"@id\":\"https:\/\/www.mes-allocs.fr\/guides\/#\/schema\/person\/4f115680446d9e6de360142157ca671d\",\"name\":\"Miangaly Ramasindray\",\"image\":{\"@type\":\"ImageObject\",\"@id\":\"https:\/\/www.mes-allocs.fr\/guides\/#personlogo\",\"inLanguage\":\"fr-FR\",\"url\":\"https:\/\/www.mes-allocs.fr\/guides\/wp-content\/uploads\/2024\/10\/Miangaly_Ramasindray-150x150.jpeg\",\"caption\":\"Miangaly Ramasindray\"},\"description\":\"Miangaly est r\\u00e9dactrice web sp\\u00e9cialis\\u00e9e sur les sujets de pouvoir d'achat. Elle rejoint Mes Allocs en 2024 apr\\u00e8s une premi\\u00e8re exp\\u00e9rience en marketing chez DMI.\",\"sameAs\":[\"https:\/\/www.linkedin.com\/in\/miangaly-ramasindray\/\"]}]}<\/script>\n<!-- \/ Yoast SEO plugin. -->","amp_validity":null,"acf":{"faq":{"1":{"question":"Les cong\u00e9s de r\u00e9vision sont-ils obligatoires pour l'employeur ?","answer":"Oui, l'octroi des cong\u00e9s de r\u00e9vision est une obligation l\u00e9gale pour l'employeur, conform\u00e9ment \u00e0 l'article L6222-35 du Code du travail. L'employeur ne peut pas refuser ce droit.\r\n"},"2":{"question":"Un apprenti peut-il cumuler plusieurs cong\u00e9s de r\u00e9vision s'il pr\u00e9pare plusieurs dipl\u00f4mes en m\u00eame temps ?","answer":"Le droit aux cong\u00e9s de r\u00e9vision est accord\u00e9 une seule fois par dipl\u00f4me et par contrat d'apprentissage."},"3":{"question":"Que se passe-t-il si l'employeur ne respecte pas le droit aux cong\u00e9s de r\u00e9vision ?","answer":"Le non-respect de ce droit par l'employeur est passible de sanctions, notamment une amende pr\u00e9vue pour les contraventions de cinqui\u00e8me classe.\r\n"},"4":{"question":"Les cong\u00e9s de r\u00e9vision peuvent-ils \u00eatre utilis\u00e9s pour pr\u00e9parer des examens blancs ou des \u00e9valuations interm\u00e9diaires ?","answer":"Non, les cong\u00e9s de r\u00e9vision sont exclusivement destin\u00e9s \u00e0 la pr\u00e9paration des \u00e9preuves finales du dipl\u00f4me, et non aux \u00e9valuations interm\u00e9diaires ou aux examens blancs."},"5":{"question":"L'apprenti doit-il fournir une justification de l'utilisation de ses cong\u00e9s de r\u00e9vision ?","answer":"Bien que l'employeur ne puisse pas refuser les cong\u00e9s, il peut demander \u00e0 l'apprenti de fournir une attestation d'inscription aux examens ou un justificatif des dates des \u00e9preuves."},"6":{"question":"Est ce que tout les apprentis on le droit au cong\u00e9 de r\u00e9vision ?","answer":"Oui, tout les apprentis en contrat d'apprentissage ont le droit au cong\u00e9 de r\u00e9vision."},"7":{"question":"","answer":""},"8":{"question":"","answer":""},"9":{"question":"","answer":""},"10":{"question":"","answer":""},"11":{"question":"","answer":""},"12":{"question":"","answer":""},"13":{"question":"","answer":""},"14":{"question":"","answer":""},"15":{"question":"","answer":""},"16":{"question":"","answer":""}}},"_links":{"self":[{"href":"https:\/\/www.mes-allocs.fr\/guides\/wp-json\/wp\/v2\/posts\/95771","targetHints":{"allow":["GET"]}}],"collection":[{"href":"https:\/\/www.mes-allocs.fr\/guides\/wp-json\/wp\/v2\/posts"}],"about":[{"href":"https:\/\/www.mes-allocs.fr\/guides\/wp-json\/wp\/v2\/types\/post"}],"author":[{"embeddable":true,"href":"https:\/\/www.mes-allocs.fr\/guides\/wp-json\/wp\/v2\/users\/31"}],"replies":[{"embeddable":true,"href":"https:\/\/www.mes-allocs.fr\/guides\/wp-json\/wp\/v2\/comments?post=95771"}],"version-history":[{"count":1,"href":"https:\/\/www.mes-allocs.fr\/guides\/wp-json\/wp\/v2\/posts\/95771\/revisions"}],"predecessor-version":[{"id":95787,"href":"https:\/\/www.mes-allocs.fr\/guides\/wp-json\/wp\/v2\/posts\/95771\/revisions\/95787"}],"wp:featuredmedia":[{"embeddable":true,"href":"https:\/\/www.mes-allocs.fr\/guides\/wp-json\/wp\/v2\/media\/95786"}],"wp:attachment":[{"href":"https:\/\/www.mes-allocs.fr\/guides\/wp-json\/wp\/v2\/media?parent=95771"}],"wp:term":[{"taxonomy":"category","embeddable":true,"href":"https:\/\/www.mes-allocs.fr\/guides\/wp-json\/wp\/v2\/categories?post=95771"},{"taxonomy":"post_tag","embeddable":true,"href":"https:\/\/www.mes-allocs.fr\/guides\/wp-json\/wp\/v2\/tags?post=95771"}],"curies":[{"name":"wp","href":"https:\/\/api.w.org\/{rel}","templated":true}]}}