{"id":95478,"date":"2025-03-13T18:18:01","date_gmt":"2025-03-13T16:18:01","guid":{"rendered":"https:\/\/www.mes-allocs.fr\/guides\/?p=95478"},"modified":"2026-04-22T08:33:35","modified_gmt":"2026-04-22T07:33:35","slug":"pass-colo","status":"publish","type":"post","link":"https:\/\/www.mes-allocs.fr\/guides\/aide-vacances\/aide-vacances-jeunes\/aide-colonie-de-vacances\/pass-colo\/","title":{"rendered":"Pass Colo 2025 : conditions, montants, d\u00e9marches"},"content":{"rendered":"<p><img loading=\"lazy\" decoding=\"async\" class=\"alignnone wp-image-95073 size-full\" title=\"Pass Colo\" src=\"https:\/\/www.mes-allocs.fr\/guides\/wp-content\/uploads\/2025\/03\/aide-jeune-e1741283015222.jpg\" alt=\"Pass Colo\" width=\"1280\" height=\"502\" srcset=\"https:\/\/www.mes-allocs.fr\/guides\/wp-content\/uploads\/2025\/03\/aide-jeune-e1741283015222.jpg 1280w, https:\/\/www.mes-allocs.fr\/guides\/wp-content\/uploads\/2025\/03\/aide-jeune-e1741283015222-300x118.jpg 300w, https:\/\/www.mes-allocs.fr\/guides\/wp-content\/uploads\/2025\/03\/aide-jeune-e1741283015222-1024x402.jpg 1024w, https:\/\/www.mes-allocs.fr\/guides\/wp-content\/uploads\/2025\/03\/aide-jeune-e1741283015222-768x301.jpg 768w, https:\/\/www.mes-allocs.fr\/guides\/wp-content\/uploads\/2025\/03\/aide-jeune-e1741283015222-600x235.jpg 600w\" sizes=\"auto, (max-width: 1280px) 100vw, 1280px\" \/><\/p>\n<p>Vous souhaitez offrir \u00e0 votre enfant un s\u00e9jour en colonie de vacances ? Le <strong data-start=\"57\" data-end=\"70\">Pass Colo<\/strong> est une aide mise en place par l&rsquo;\u00c9tat pour aider les familles \u00e0 financer les vacances de leurs enfants. Pr\u00e8s de 80% des enfants de 11 ans sont \u00e9ligibles. En 2025, cette aide s&rsquo;inscrit dans le cadre des <a href=\"https:\/\/www.mes-allocs.fr\/guides\/aide-vacances\/aide-vacances-jeunes\/aide-colonie-de-vacances\/\">aides pour les colonies de vacances<\/a>, mais elle n&rsquo;est pas accessible \u00e0 toutes les familles : des conditions d&rsquo;\u00e2ge et de ressources sont \u00e0 respecter. Alors, \u00eates-vous \u00e9ligible ? Et si oui, combien pouvez-vous percevoir ? Mes Allocs fait le point avec vous sur les conditions d&rsquo;attribution, les montants du Pass Colo et les d\u00e9marches pour en b\u00e9n\u00e9ficier.<\/p>\n<div class='cta-block'><div class='text'>Simulez toutes vos Aides en 2 min.<\/div><a href='https:\/\/www.mes-allocs.fr\/ab-app?origin=guides\/wp-json\/wp\/v2\/posts\/95478' class='app-button fit'>Simulation gratuite<\/a><\/div>\n<h1 data-start=\"0\" data-end=\"46\">Pass Colo 2025 : ce qui change cette ann\u00e9e<\/h1>\n<h2 data-start=\"542\" data-end=\"575\">Qu\u2019est-ce que le Pass Colo ?<\/h2>\n<p data-start=\"577\" data-end=\"1014\">Le Pass Colo est une <strong>aide financi\u00e8re accord\u00e9e aux familles pour participer au financement des s\u00e9jours en colonie de vacances<\/strong>. Cette aide, mise en place depuis <strong>2023<\/strong>, permet de r\u00e9duire le co\u00fbt d\u2019un s\u00e9jour d&rsquo;une \u00e0 deux semaines pour votre enfant et est attribu\u00e9e sous conditions de ressources. Elle s&rsquo;inscrit dans une politique de soutien aux vacances des jeunes, afin d&rsquo;encourager leur d\u00e9part en colonie et de leur offrir des moments d&rsquo;\u00e9vasion, d\u2019apprentissage et de socialisation.<\/p>\n<h2 data-start=\"1016\" data-end=\"1072\">Les nouvelles conditions d\u2019\u00e9ligibilit\u00e9 du Pass Colo en 2025<\/h2>\n<p data-start=\"1074\" data-end=\"1490\">En 2025, l\u2019\u00e9ligibilit\u00e9 au Pass Colo est \u00e9largie \u00e0 un plus grand nombre de familles. Cette aide est d\u00e9sormais ouverte aux enfants \u00e2g\u00e9s de <strong data-start=\"1211\" data-end=\"1226\">11 \u00e0 12 ans<\/strong> (n\u00e9s en 2014 et, sous conditions, en 2013). De plus, les familles ayant un quotient familial inf\u00e9rieur ou \u00e9gal \u00e0 1 500 \u20ac par mois peuvent d\u00e9sormais b\u00e9n\u00e9ficier du Pass Colo, avec une augmentation des montants de l&rsquo;aide pour certaines tranches de quotient familial.<\/p>\n<p data-start=\"1533\" data-end=\"1856\">Le dispositif est donc <strong data-start=\"1556\" data-end=\"1578\">\u00e9largi et renforc\u00e9<\/strong> pour 2025. L\u2019objectif est d\u2019aider encore plus de familles, notamment celles avec des revenus moyens. En plus de l&rsquo;augmentation du nombre de b\u00e9n\u00e9ficiaires, le Pass Colo devient plus accessible gr\u00e2ce \u00e0 un montant d\u2019aide sup\u00e9rieur et \u00e0 des conditions de remboursement simplifi\u00e9es.<\/p>\n<p><iframe loading=\"lazy\" src=\"\/\/www.youtube.com\/embed\/VcVrxYolWwc\" width=\"560\" height=\"314\" allowfullscreen=\"allowfullscreen\"><\/iframe><\/p>\n<h1 data-start=\"2295\" data-end=\"2333\">Quelles sont les conditions pour b\u00e9n\u00e9ficier du Pass Colo en 2025 ?<\/h1>\n<p>Le Pass Colo est une aide valable une seule fois par enfant. Pour en b\u00e9n\u00e9ficier, des crit\u00e8res sont \u00e0 remplir.<\/p>\n<h2>Si votre enfant est \u00e2g\u00e9 de 11 ans en 2025<\/h2>\n<p>Pour b\u00e9n\u00e9ficier du Pass Colo, vous devez remplir les conditions suivantes :<\/p>\n<ul>\n<li>Votre enfant doit \u00eatre \u00e2g\u00e9 de <strong>11 ans en 2025<\/strong> (donc n\u00e9 en 2014)<\/li>\n<li>Vous devez avoir un <strong>quotient familial inf\u00e9rieur ou \u00e9gal \u00e0 1 500 \u20ac <\/strong><\/li>\n<li>Vous devez choisir une <strong>colonie de vacances \u00e9ligible au Pass Colo<\/strong><\/li>\n<li>Le s\u00e9jour doit se d\u00e9rouler pendant les vacances scolaires<\/li>\n<\/ul>\n<h2>Si votre enfant est \u00e2g\u00e9 de 12 ans en 2025<\/h2>\n<p>Pour b\u00e9n\u00e9ficier du Pass Colo, vous devez remplir les conditions suivantes :<\/p>\n<ul>\n<li>Votre enfant doit \u00eatre \u00e2g\u00e9 de <strong>12 ans en 2025<\/strong> (donc n\u00e9 en 2013)<\/li>\n<li>Votre enfant ne doit pas avoir utilis\u00e9 son Pass Colo de l&rsquo;ann\u00e9e derni\u00e8re (2024)<\/li>\n<li>Vous devez avoir un <strong>quotient familial inf\u00e9rieur ou \u00e9gal \u00e0 1 500 \u20ac <\/strong><\/li>\n<li>Vous devez choisir une <strong>colonie de vacances \u00e9ligible au Pass Colo<\/strong><\/li>\n<li>Le s\u00e9jour doit se d\u00e9rouler pendant les vacances scolaires<\/li>\n<\/ul>\n<div class='shortcode tips'><div class='title'>Exemple<\/div><div class='content'>Un couple qui gagne au total 4 000\u20ac par mois et qui assume la charge de 2 enfants a un quotient familial d&rsquo;environ 1 500\u20ac. Il peut donc b\u00e9n\u00e9ficier du Pass Colo. <\/div><\/div>\n<h1>Comment trouver votre Quotient Familial (QF) ?<\/h1>\n<p>Le quotient familial (QF) est un indicateur utilis\u00e9 pour calculer le montant des aides sociales comme le Pass Colo, mais \u00e9galement la cantine scolaire, la cr\u00e8che ou certaines activit\u00e9s p\u00e9riscolaires. Il est calcul\u00e9 en divisant le revenu net imposable du foyer par le nombre de parts fiscales, qui d\u00e9pend de la composition du foyer.<\/p>\n<p>Pour conna\u00eetre votre quotient familial, rendez-vous dans votre espace personnel CAF ou MSA.\u00a0 Si vous \u00eates allocataire CAF, vous pouvez le consulter depuis la rubrique \u00ab\u00a0<strong>Mes attestations<\/strong>\u00ab\u00a0.<\/p>\n<h1 data-start=\"2727\" data-end=\"2765\">Quel est le montant du Pass Colo en 2025 ?<\/h1>\n<p data-start=\"2767\" data-end=\"3070\">Le montant du Pass Colo varie en fonction de votre quotient familial : plus votre quotient familial est faible, plus le montant de l&rsquo;aide sera important. En 2025, le montant peut aller de <strong data-start=\"2857\" data-end=\"2874\">200 \u20ac \u00e0 350 \u20ac<\/strong>, selon les revenus de votre famille.<\/p>\n<p data-start=\"2767\" data-end=\"3070\">\n<div class=\"wpdt-c row wpDataTableContainerSimpleTable wpDataTables wpDataTablesWrapper\n\"\n    >\n    <table id=\"wpdtSimpleTable-652\"\n           class=\"wpdtSimpleTable wpDataTable\"\n           data-column=\"2\"\n           data-rows=\"5\"\n           data-wpID=\"652\"\n           data-responsive=\"0\"\n           data-has-header=\"0\">\n\n                    <tbody>        <tr class=\"wpdt-cell-row \" >\n                            <td class=\"wpdt-cell wpdt-bold\"\n                                    data-cell-id=\"A1\"\n                data-col-index=\"0\"\n                data-row-index=\"0\"\n                style=\" width:50%;                padding:10px;\"\n                >\n                                Quotient familial                <\/td>\n                                            <td class=\"wpdt-cell wpdt-bold\"\n                                    data-cell-id=\"B1\"\n                data-col-index=\"1\"\n                data-row-index=\"0\"\n                style=\" width:50%;                padding:10px;\"\n                >\n                                Montant du Pass Colo                <\/td>\n                                        <\/tr>\n                            <tr class=\"wpdt-cell-row \" >\n                            <td class=\"wpdt-cell \"\n                                    data-cell-id=\"A2\"\n                data-col-index=\"0\"\n                data-row-index=\"1\"\n                style=\"                padding:10px;\"\n                >\n                                De 0 \u00e0 200                <\/td>\n                                            <td class=\"wpdt-cell \"\n                                    data-cell-id=\"B2\"\n                data-col-index=\"1\"\n                data-row-index=\"1\"\n                style=\"                padding:10px;\"\n                >\n                                350 \u20ac                <\/td>\n                                        <\/tr>\n                            <tr class=\"wpdt-cell-row \" >\n                            <td class=\"wpdt-cell \"\n                                    data-cell-id=\"A3\"\n                data-col-index=\"0\"\n                data-row-index=\"2\"\n                style=\"                padding:10px;\"\n                >\n                                De 201 \u00e0 700                <\/td>\n                                            <td class=\"wpdt-cell \"\n                                    data-cell-id=\"B3\"\n                data-col-index=\"1\"\n                data-row-index=\"2\"\n                style=\"                padding:10px;\"\n                >\n                                300 \u20ac                <\/td>\n                                        <\/tr>\n                            <tr class=\"wpdt-cell-row \" >\n                            <td class=\"wpdt-cell \"\n                                    data-cell-id=\"A4\"\n                data-col-index=\"0\"\n                data-row-index=\"3\"\n                style=\"                padding:10px;\"\n                >\n                                De 701 \u00e0 1200                <\/td>\n                                            <td class=\"wpdt-cell \"\n                                    data-cell-id=\"B4\"\n                data-col-index=\"1\"\n                data-row-index=\"3\"\n                style=\"                padding:10px;\"\n                >\n                                250 \u20ac                <\/td>\n                                        <\/tr>\n                            <tr class=\"wpdt-cell-row \" >\n                            <td class=\"wpdt-cell \"\n                                    data-cell-id=\"A5\"\n                data-col-index=\"0\"\n                data-row-index=\"4\"\n                style=\"                padding:10px;\"\n                >\n                                1201 \u00e0 1500                <\/td>\n                                            <td class=\"wpdt-cell \"\n                                    data-cell-id=\"B5\"\n                data-col-index=\"1\"\n                data-row-index=\"4\"\n                style=\"                padding:10px;\"\n                >\n                                200 \u20ac                <\/td>\n                                        <\/tr>\n                    <\/table>\n<\/div><style id='wpdt-custom-style-652'>\n<\/style>\n<\/p>\n<h1 data-start=\"3943\" data-end=\"3999\">Comment savoir si vous \u00eates \u00e9ligible au Pass Colo ?<\/h1>\n<p data-start=\"4001\" data-end=\"4331\">Pour savoir si vous \u00eates \u00e9ligible, il suffit de v\u00e9rifier votre quotient familial (QF) et l&rsquo;\u00e2ge de votre enfant. Si votre QF est inf\u00e9rieur ou \u00e9gal \u00e0 <strong data-start=\"4119\" data-end=\"4130\">1 500 \u20ac<\/strong>, et que votre enfant est \u00e2g\u00e9 de 11 ans en 2025 (n\u00e9 en 2014), vous pouvez b\u00e9n\u00e9ficier du Pass Colo ; \u00e0 condition de choisir une colonie de vacances \u00e9ligible.<\/p>\n<p data-start=\"4001\" data-end=\"4331\">Vous ne connaissez pas votre quotient familial ? Aucun souci ! Effectuez une <strong>simulation sur Mes Allocs<\/strong>. L&rsquo;outil vous permet de savoir en 2 minutes si vous \u00eates \u00e9ligible, et le montant de l&rsquo;aide qui peut vous \u00eatre octroy\u00e9e.<\/p>\n<p data-start=\"4001\" data-end=\"4331\"><div class='cta-block'><div class='text'>Simulez toutes vos Aides en 2 min.<\/div><a href='https:\/\/www.mes-allocs.fr\/ab-app?origin=guides\/wp-json\/wp\/v2\/posts\/95478' class='app-button fit'>Simulation gratuite<\/a><\/div><\/p>\n<h1 data-start=\"3077\" data-end=\"3121\">Comment faire une demande de Pass Colo ?<\/h1>\n<h2 data-start=\"3123\" data-end=\"3150\">Les d\u00e9marches \u00e0 suivre en 2025<\/h2>\n<h3>\u00c9tape 1 : V\u00e9rifiez votre \u00e9ligibilit\u00e9<\/h3>\n<ul>\n<li><strong>Vous \u00eates allocataire CAF \/ MSA ? <\/strong>Vous avez d\u00fb recevoir le 10 f\u00e9vrier 2025 une notification sur votre espace personnel CAF ou MSA vous informant de votre \u00e9ligibilit\u00e9. Une fois cette notification re\u00e7ue, il ne vous reste plus qu&rsquo;\u00e0 choisir un s\u00e9jour en colonie sur le catalogue Pass Colo.<\/li>\n<li><strong>Vous n&rsquo;\u00eates pas allocataire CAF \/ MSA ?<\/strong> Si vous n&rsquo;avez pas de compte CAF ou MSA, et que vous pensez \u00eatre \u00e9ligible au Pass Colo, vous devez faire une demande en ligne aupr\u00e8s de l&rsquo;association Jeunesse au Plein Air (JPA) en remplissant le formulaire. Des informations comme votre Revenu fiscal de r\u00e9f\u00e9rence (RFR), la date de naissance de votre enfant et le nombre de parts fiscales de votre foyer vous seront demand\u00e9es.<\/li>\n<\/ul>\n<h3>\u00c9tape 2 : Choisissez la colonie de vacances<\/h3>\n<p>Une fois votre \u00e9ligibilit\u00e9 confirm\u00e9e, vous pouvez choisir un s\u00e9jour en colonie de vacances.<\/p>\n<div class='shortcode disclaimer'><div class='title'>Attention<\/div><div class='content'>Le s\u00e9jour doit \u00eatre labellis\u00e9 et conventionn\u00e9. C&rsquo;est pour cette raison qu&rsquo;il existe un <a href=\"https:\/\/www.jeunes.gouv.fr\/le-catalogue-pass-colo\">catalogue des colos \u00e9ligibles<\/a>.<\/div><\/div>\n<p><!-- --> <!-- notionvc: aae46ec9-a82b-46ae-a5b7-3a8c35e9ad19 --><\/p>\n<h3>\u00c9tape 3 : R\u00e9servez et payez le s\u00e9jour<\/h3>\n<p>Votre choix est fait ? Il ne vous reste plus qu&rsquo;\u00e0 r\u00e9server. Au moment de l&rsquo;inscription, le montant du Pass Colo est automatiquement d\u00e9duit du co\u00fbt du s\u00e9jour. Il ne vous reste plus qu&rsquo;\u00e0 payer la part restante. Si apr\u00e8s la d\u00e9duction du Pass Colo le co\u00fbt du s\u00e9jour tombe \u00e0 0\u20ac, vous n&rsquo;avez donc rien \u00e0 payer.<\/p>\n<h2 data-start=\"3552\" data-end=\"3604\">Quels sont les s\u00e9jours \u00e9ligibles au Pass Colo ?<\/h2>\n<p data-start=\"0\" data-end=\"414\">Les s\u00e9jours \u00e9ligibles au Pass Colo sont ceux propos\u00e9s par des <strong data-start=\"66\" data-end=\"87\">organismes agr\u00e9\u00e9s<\/strong> par l&rsquo;\u00c9tat, qui respectent des crit\u00e8res de qualit\u00e9, de s\u00e9curit\u00e9 et d&rsquo;encadrement. Ainsi, seuls les s\u00e9jours dont les organisateurs ont pass\u00e9 une convention avec VACAF sont \u00e9ligibles au Pass Colo.<\/p>\n<p data-start=\"792\" data-end=\"1107\" data-is-last-node=\"\" data-is-only-node=\"\">Les s\u00e9jours peuvent \u00eatre de plusieurs types :<\/p>\n<ul style=\"list-style-type: circle;\">\n<li data-start=\"792\" data-end=\"1107\">S\u00e9jours de vacances (ou colonie de vacances)<\/li>\n<li data-start=\"792\" data-end=\"1107\">Activit\u00e9s accessoires \u00e0 un accueil de loisirs sans h\u00e9bergement (mini-camp)<\/li>\n<li data-start=\"792\" data-end=\"1107\">S\u00e9jours linguistiques<\/li>\n<li data-start=\"792\" data-end=\"1107\">S\u00e9jours sp\u00e9cifiques sportifs\/artistiques\/culturels<\/li>\n<li data-start=\"792\" data-end=\"1107\">Accueils de scoutisme<\/li>\n<\/ul>\n<p data-start=\"792\" data-end=\"1107\" data-is-last-node=\"\" data-is-only-node=\"\"><div class='shortcode important'><div class='title'>Important<\/div><div class='content'>Pour utiliser le Pass Colo, <strong>le s\u00e9jour doit durer au minimum 5 jours<\/strong>, soit 4 nuits.<\/div><\/div> <!-- --> <!-- notionvc: 3b05a453-1fab-4f69-b06b-ac00ce3983df --><\/p>\n<h1 data-start=\"4625\" data-end=\"4682\">Quelles autres aides peuvent compl\u00e9ter le Pass Colo ?<\/h1>\n<p data-start=\"4684\" data-end=\"5020\">Le Pass Colo peut \u00eatre compl\u00e9t\u00e9 par d\u2019autres aides propos\u00e9es par des organismes comme la <strong data-start=\"4773\" data-end=\"4780\">CAF<\/strong>, la <strong data-start=\"4785\" data-end=\"4792\">MSA<\/strong>, les <strong data-start=\"4798\" data-end=\"4823\">comit\u00e9s d\u2019entreprises<\/strong>, ou les <strong data-start=\"4832\" data-end=\"4857\">collectivit\u00e9s locales<\/strong>. Par exemple, l&rsquo;aide est cumulable avec les colos apprenantes, l&rsquo;AVE (aide aux vacances enfants de la CAF) ou encore les bourses JPA. Certaines familles peuvent \u00e9galement b\u00e9n\u00e9ficier d\u2019aides sp\u00e9cifiques \u00e0 leur r\u00e9gion ou \u00e0 leur situation, ce qui permet de r\u00e9duire encore plus le co\u00fbt des vacances.<\/p>\n<p data-start=\"4684\" data-end=\"5020\"><div class='shortcode summary'><div class='title'>En r\u00e9sum\u00e9 :<\/div><div class='content'><ul><li>Le Pass Colo est une <strong>aide financi\u00e8re<\/strong> pour r\u00e9duire le co\u00fbt d&rsquo;un s\u00e9jour en colonie de vacances.<\/li><li>Enfants \u00e9ligibles : \u00e2g\u00e9s de 11 ans en 2025 (n\u00e9s en 2014) ou 12 ans s\u2019ils n\u2019ont pas utilis\u00e9 l\u2019aide en 2024.<\/li><li><strong>Conditions de ressources<\/strong> : quotient familial \u2264 1 500 \u20ac.<\/li><li><strong>Montant de l\u2019aide<\/strong> : entre 200 \u20ac et 350 \u20ac, selon les revenus.<\/li><li>Demande automatique pour les allocataires CAF\/MSA (notification re\u00e7ue en f\u00e9vrier 2025).<\/li><\/ul><\/div><\/div><!-- notionvc: 6708bc8e-6b77-47ef-922d-7a8334362f46 --><\/p>\n<div class='cta-block'><div class='text'>Simulez toutes vos Aides en 2 min.<\/div><a href='https:\/\/www.mes-allocs.fr\/ab-app?origin=guides\/wp-json\/wp\/v2\/posts\/95478' class='app-button fit'>Simulation gratuite<\/a><\/div>\n","protected":false},"excerpt":{"rendered":"<p>Vous souhaitez offrir \u00e0 votre enfant un s\u00e9jour en colonie de vacances ? Le Pass Colo est une aide mise en place par l&rsquo;\u00c9tat pour aider les familles \u00e0 financer les vacances de leurs enfants. Pr\u00e8s de 80% des enfants de 11 ans sont \u00e9ligibles. En 2025, cette aide s&rsquo;inscrit dans le cadre des aides [&hellip;]<\/p>\n","protected":false},"author":26,"featured_media":93708,"comment_status":"open","ping_status":"open","sticky":false,"template":"","format":"standard","meta":{"amp_status":"","footnotes":""},"categories":[45192,38652,38728],"tags":[],"class_list":["post-95478","post","type-post","status-publish","format-standard","has-post-thumbnail","hentry","category-aide-colonie-de-vacances","category-aide-vacances","category-aide-vacances-jeunes"],"yoast_head":"<!-- This site is optimized with the Yoast SEO plugin v14.9 - https:\/\/yoast.com\/wordpress\/plugins\/seo\/ -->\n<title>Pass Colo 2025 : conditions, montants, d\u00e9marches<\/title>\n<meta name=\"description\" content=\"Le Pass Colo est une aide accord\u00e9e aux familles qui souhaitent financer une colonie de vacances pour leur(s) enfant(s). Jusqu&#039;\u00e0 350\u20ac !\" \/>\n<meta name=\"robots\" content=\"index, follow, max-snippet:-1, max-image-preview:large, max-video-preview:-1\" \/>\n<link rel=\"canonical\" href=\"https:\/\/www.mes-allocs.fr\/guides\/aide-vacances\/aide-vacances-jeunes\/aide-colonie-de-vacances\/pass-colo\/\" \/>\n<meta property=\"og:locale\" content=\"fr_FR\" \/>\n<meta property=\"og:type\" content=\"article\" \/>\n<meta property=\"og:title\" content=\"Pass Colo 2025 : conditions, montants, d\u00e9marches\" \/>\n<meta property=\"og:description\" content=\"Le Pass Colo est une aide accord\u00e9e aux familles qui souhaitent financer une colonie de vacances pour leur(s) enfant(s). Jusqu&#039;\u00e0 350\u20ac !\" \/>\n<meta property=\"og:url\" content=\"https:\/\/www.mes-allocs.fr\/guides\/aide-vacances\/aide-vacances-jeunes\/aide-colonie-de-vacances\/pass-colo\/\" \/>\n<meta property=\"og:site_name\" content=\"Mes-Allocs.fr\" \/>\n<meta property=\"article:published_time\" content=\"2025-03-13T16:18:01+00:00\" \/>\n<meta property=\"article:modified_time\" content=\"2026-04-22T07:33:35+00:00\" \/>\n<meta property=\"og:image\" content=\"https:\/\/www.mes-allocs.fr\/guides\/wp-content\/uploads\/2025\/02\/renouvellement-mobili-jeune.jpg?wsr\" \/>\n\t<meta property=\"og:image:width\" content=\"2000\" \/>\n\t<meta property=\"og:image:height\" content=\"1333\" \/>\n<meta name=\"twitter:card\" content=\"summary_large_image\" \/>\n<script type=\"application\/ld+json\" class=\"yoast-schema-graph\">{\"@context\":\"https:\/\/schema.org\",\"@graph\":[{\"@type\":\"WebSite\",\"@id\":\"https:\/\/www.mes-allocs.fr\/guides\/#website\",\"url\":\"https:\/\/www.mes-allocs.fr\/guides\/\",\"name\":\"Mes-Allocs.fr\",\"description\":\"\",\"potentialAction\":[{\"@type\":\"SearchAction\",\"target\":\"https:\/\/www.mes-allocs.fr\/guides\/?s={search_term_string}\",\"query-input\":\"required name=search_term_string\"}],\"inLanguage\":\"fr-FR\"},{\"@type\":\"ImageObject\",\"@id\":\"https:\/\/www.mes-allocs.fr\/guides\/aide-vacances\/aide-vacances-jeunes\/aide-colonie-de-vacances\/pass-colo\/#primaryimage\",\"inLanguage\":\"fr-FR\",\"url\":\"https:\/\/www.mes-allocs.fr\/guides\/wp-content\/uploads\/2025\/02\/renouvellement-mobili-jeune.jpg?wsr\",\"width\":2000,\"height\":1333,\"caption\":\"Pass Colo\"},{\"@type\":\"WebPage\",\"@id\":\"https:\/\/www.mes-allocs.fr\/guides\/aide-vacances\/aide-vacances-jeunes\/aide-colonie-de-vacances\/pass-colo\/#webpage\",\"url\":\"https:\/\/www.mes-allocs.fr\/guides\/aide-vacances\/aide-vacances-jeunes\/aide-colonie-de-vacances\/pass-colo\/\",\"name\":\"Pass Colo 2025 : conditions, montants, d\\u00e9marches\",\"isPartOf\":{\"@id\":\"https:\/\/www.mes-allocs.fr\/guides\/#website\"},\"primaryImageOfPage\":{\"@id\":\"https:\/\/www.mes-allocs.fr\/guides\/aide-vacances\/aide-vacances-jeunes\/aide-colonie-de-vacances\/pass-colo\/#primaryimage\"},\"datePublished\":\"2025-03-13T16:18:01+00:00\",\"dateModified\":\"2026-04-22T07:33:35+00:00\",\"author\":{\"@id\":\"https:\/\/www.mes-allocs.fr\/guides\/#\/schema\/person\/9c38f3be41a0ddcd1e3fde5a3df713bf\"},\"description\":\"Le Pass Colo est une aide accord\\u00e9e aux familles qui souhaitent financer une colonie de vacances pour leur(s) enfant(s). Jusqu'\\u00e0 350\\u20ac !\",\"inLanguage\":\"fr-FR\"},{\"@type\":\"Person\",\"@id\":\"https:\/\/www.mes-allocs.fr\/guides\/#\/schema\/person\/9c38f3be41a0ddcd1e3fde5a3df713bf\",\"name\":\"Sessime Ananou\",\"image\":{\"@type\":\"ImageObject\",\"@id\":\"https:\/\/www.mes-allocs.fr\/guides\/#personlogo\",\"inLanguage\":\"fr-FR\",\"url\":\"https:\/\/www.mes-allocs.fr\/guides\/wp-content\/uploads\/2023\/08\/IMG_8173-150x150.jpg\",\"caption\":\"Sessime Ananou\"},\"description\":\"Sessime est r\\u00e9dactrice chez Mes Allocs, sp\\u00e9cialis\\u00e9e sur le pouvoir d'achat. Elle rejoint l'\\u00e9quipe Mes Allocs en ao\\u00fbt 2023 afin de simplifier l'acc\\u00e8s \\u00e0 l'information sur les aides en g\\u00e9n\\u00e9ral.\"}]}<\/script>\n<!-- \/ Yoast SEO plugin. -->","amp_validity":null,"acf":{"faq":{"1":{"question":"Qui a le droit au Pass Colo ? ","answer":"Le Pass Colo est destin\u00e9 aux enfants \u00e2g\u00e9s de 10 ou 11 ans (n\u00e9s en 2014 ou, sous conditions, en 2013) qui partent en colonie de vacances en 2025. Les familles doivent avoir un quotient familial inf\u00e9rieur ou \u00e9gal \u00e0 1 500 \u20ac par mois pour \u00eatre \u00e9ligibles \u00e0 l'aide."},"2":{"question":"Comment savoir si on a le droit au Pass Colo ?","answer":"\u00c9tape 1 : V\u00e9rifiez les conditions d'\u00e9ligibilit\u00e9. \u00c9tape 2 : Effectuez une simulation sur le site Mes Allocs.fr. \u00c9tape 3 : D\u00e9couvrez si vous avez le droit au Pass Colo. "},"3":{"question":"Comment utiliser le Pass Colo CAF ?","answer":"Pour utiliser le Pass Colo CAF, les familles doivent choisir une colonie de vacances partenaire sur le catalogue."},"4":{"question":"Comment recevoir le Pass Colo ?","answer":"Les familles qui sont \u00e9ligibles re\u00e7oivent, le 10 f\u00e9vrier 2025, une notification sur leur compte CAF. Elles peuvent ensuite choisir la colo de leur choix sur le catalogue, et le montant de l'aide se trouvera d\u00e9duit du co\u00fbt total du s\u00e9jour."},"5":{"question":"Comment avoir les 300 \u20ac de la mairie pour les vacances ?","answer":"Certaines municipalit\u00e9s offrent une aide financi\u00e8re de 300 euros aux familles qui souhaitent partir en vacances. Pour savoir si votre commune met en place ce dispositif, contactez-la directement. "},"6":{"question":"Le Pass Colo est-il cumulable avec d'autres aides ?","answer":"Oui, le Pass Colo peut \u00eatre cumul\u00e9 avec d'autres aides vacances, telles que celles propos\u00e9es par les CAF, les comit\u00e9s d'entreprises ou les collectivit\u00e9s locales. Toutefois, le montant total des aides ne doit pas d\u00e9passer le co\u00fbt du s\u00e9jour en colonie."},"7":{"question":"","answer":""},"8":{"question":"","answer":""},"9":{"question":"","answer":""},"10":{"question":"","answer":""},"11":{"question":"","answer":""},"12":{"question":"","answer":""},"13":{"question":"","answer":""},"14":{"question":"","answer":""},"15":{"question":"","answer":""},"16":{"question":"","answer":""}}},"_links":{"self":[{"href":"https:\/\/www.mes-allocs.fr\/guides\/wp-json\/wp\/v2\/posts\/95478","targetHints":{"allow":["GET"]}}],"collection":[{"href":"https:\/\/www.mes-allocs.fr\/guides\/wp-json\/wp\/v2\/posts"}],"about":[{"href":"https:\/\/www.mes-allocs.fr\/guides\/wp-json\/wp\/v2\/types\/post"}],"author":[{"embeddable":true,"href":"https:\/\/www.mes-allocs.fr\/guides\/wp-json\/wp\/v2\/users\/26"}],"replies":[{"embeddable":true,"href":"https:\/\/www.mes-allocs.fr\/guides\/wp-json\/wp\/v2\/comments?post=95478"}],"version-history":[{"count":7,"href":"https:\/\/www.mes-allocs.fr\/guides\/wp-json\/wp\/v2\/posts\/95478\/revisions"}],"predecessor-version":[{"id":99861,"href":"https:\/\/www.mes-allocs.fr\/guides\/wp-json\/wp\/v2\/posts\/95478\/revisions\/99861"}],"wp:featuredmedia":[{"embeddable":true,"href":"https:\/\/www.mes-allocs.fr\/guides\/wp-json\/wp\/v2\/media\/93708"}],"wp:attachment":[{"href":"https:\/\/www.mes-allocs.fr\/guides\/wp-json\/wp\/v2\/media?parent=95478"}],"wp:term":[{"taxonomy":"category","embeddable":true,"href":"https:\/\/www.mes-allocs.fr\/guides\/wp-json\/wp\/v2\/categories?post=95478"},{"taxonomy":"post_tag","embeddable":true,"href":"https:\/\/www.mes-allocs.fr\/guides\/wp-json\/wp\/v2\/tags?post=95478"}],"curies":[{"name":"wp","href":"https:\/\/api.w.org\/{rel}","templated":true}]}}