{"id":95379,"date":"2025-03-12T18:24:15","date_gmt":"2025-03-12T16:24:15","guid":{"rendered":"https:\/\/www.mes-allocs.fr\/guides\/?p=95379"},"modified":"2026-04-22T08:33:35","modified_gmt":"2026-04-22T07:33:35","slug":"allocation-specifique-solidarite-plus-55-ans","status":"publish","type":"post","link":"https:\/\/www.mes-allocs.fr\/guides\/chomage\/allocation-de-solidarite-specifique\/allocation-specifique-solidarite-plus-55-ans\/","title":{"rendered":"ASS pour les plus de 55 ans : conditions et d\u00e9marches"},"content":{"rendered":"<p><img loading=\"lazy\" decoding=\"async\" class=\"alignnone wp-image-26611 size-full\" title=\"allocation sp\u00e9cifique de solidarit\u00e9 pour les plus de 55 ans\" src=\"https:\/\/www.mes-allocs.fr\/guides\/wp-content\/uploads\/2021\/05\/pexels-rodnae-productions-7020557-e1620313343342.jpg\" alt=\"allocation sp\u00e9cifique de solidarit\u00e9 pour les plus de 55 ans\" width=\"1280\" height=\"499\" srcset=\"https:\/\/www.mes-allocs.fr\/guides\/wp-content\/uploads\/2021\/05\/pexels-rodnae-productions-7020557-e1620313343342.jpg 1280w, https:\/\/www.mes-allocs.fr\/guides\/wp-content\/uploads\/2021\/05\/pexels-rodnae-productions-7020557-e1620313343342-300x117.jpg 300w, https:\/\/www.mes-allocs.fr\/guides\/wp-content\/uploads\/2021\/05\/pexels-rodnae-productions-7020557-e1620313343342-1024x399.jpg 1024w, https:\/\/www.mes-allocs.fr\/guides\/wp-content\/uploads\/2021\/05\/pexels-rodnae-productions-7020557-e1620313343342-768x299.jpg 768w, https:\/\/www.mes-allocs.fr\/guides\/wp-content\/uploads\/2021\/05\/pexels-rodnae-productions-7020557-e1620313343342-600x234.jpg 600w\" sizes=\"auto, (max-width: 1280px) 100vw, 1280px\" \/><\/p>\n<p>L&rsquo;Allocation sp\u00e9cifique de solidarit\u00e9 (ASS) est une aide financi\u00e8re destin\u00e9e \u00e0 soutenir les personnes de plus de 55 ans, ayant \u00e9puis\u00e9 leurs droits au <a href=\"https:\/\/www.mes-allocs.fr\/guides\/chomage\">ch\u00f4mage<\/a> et se trouvant dans une situation de pr\u00e9carit\u00e9. Cette allocation permet de garantir un revenu minimum aux demandeurs d&#8217;emploi \u00e2g\u00e9s, qui, apr\u00e8s avoir travaill\u00e9 toute leur vie, rencontrent des difficult\u00e9s pour retrouver un emploi. L&rsquo;ASS est une aide pr\u00e9cieuse pour ces individus afin de leur permettre de subvenir \u00e0 leurs besoins pendant leur p\u00e9riode de ch\u00f4mage prolong\u00e9. Dans cet article, nous allons explorer les conditions d&rsquo;\u00e9ligibilit\u00e9 et les d\u00e9marches \u00e0 suivre pour b\u00e9n\u00e9ficier de l&rsquo;<strong>ASS \u00e0 plus de 55 ans<\/strong>.<\/p>\n<div class='cta-block'><div class='text'>Simulez toutes vos Aides en 2 min.<\/div><a href='https:\/\/www.mes-allocs.fr\/ab-app?origin=guides\/wp-json\/wp\/v2\/posts\/95379' class='app-button fit'>Simulation gratuite<\/a><\/div>\n<h1 data-start=\"0\" data-end=\"106\"><strong data-start=\"4\" data-end=\"104\">Allocation sp\u00e9cifique de solidarit\u00e9 (ASS) : les plus de 55 ans sont-ils toujours concern\u00e9s ?<\/strong><\/h1>\n<p data-start=\"107\" data-end=\"591\">L&rsquo;<strong data-start=\"109\" data-end=\"154\">Allocation sp\u00e9cifique de solidarit\u00e9 (ASS)<\/strong> est un dispositif essentiel pour soutenir les demandeurs d&#8217;emploi \u00e2g\u00e9s de plus de 55 ans ayant \u00e9puis\u00e9 leurs droits \u00e0 l&rsquo;<strong data-start=\"274\" data-end=\"281\">ARE<\/strong> (Aide au Retour \u00e0 l&rsquo;Emploi). En 2025, la question de son maintien pour cette tranche d&rsquo;\u00e2ge est toujours d&rsquo;actualit\u00e9, car des r\u00e9formes sont envisag\u00e9es par les autorit\u00e9s publiques. Ce dispositif, qui vise \u00e0 offrir une aide financi\u00e8re aux seniors en recherche d&#8217;emploi, est d\u00e9sormais au c\u0153ur de plusieurs d\u00e9bats.<\/p>\n<h2 data-start=\"593\" data-end=\"629\"><strong data-start=\"598\" data-end=\"627\">Qu&rsquo;est-ce que l&rsquo;ASS ?<\/strong><\/h2>\n<p data-start=\"630\" data-end=\"988\">L&rsquo;ASS est une allocation mensuelle destin\u00e9e \u00e0 aider les personnes de plus de 55 ans qui ont \u00e9puis\u00e9 leurs droits au ch\u00f4mage et qui se trouvent dans une situation de pr\u00e9carit\u00e9. Son objectif est de maintenir un revenu minimum pour les demandeurs d&#8217;emploi, tout en leur offrant un soutien pendant leur recherche d&#8217;emploi ou leur reconversion professionnelle.<\/p>\n<h2 data-start=\"990\" data-end=\"1047\"><strong data-start=\"995\" data-end=\"1045\">Peut-on b\u00e9n\u00e9ficier de l\u2019ASS apr\u00e8s 55 ans ?<\/strong><\/h2>\n<p data-start=\"1048\" data-end=\"1629\">Oui, les personnes de plus de 55 ans peuvent b\u00e9n\u00e9ficier de l&rsquo;ASS, \u00e0 condition d\u2019avoir \u00e9puis\u00e9 leurs droits \u00e0 l&rsquo;ARE. Toutefois, des r\u00e9formes r\u00e9centes ont modifi\u00e9 les crit\u00e8res d\u2019\u00e9ligibilit\u00e9, et certains demandent m\u00eame la suppression de cette allocation pour les plus de 50 ans, ce qui suscite des inqui\u00e9tudes et des d\u00e9bats.<\/p>\n<h2 data-start=\"1631\" data-end=\"1700\"><strong data-start=\"1636\" data-end=\"1698\">Pourquoi choisir l&rsquo;ASS plut\u00f4t que l&rsquo;ARE apr\u00e8s 55 ans ?<\/strong><\/h2>\n<p data-start=\"1701\" data-end=\"2120\">L&rsquo;ASS permet aux demandeurs d&#8217;emploi \u00e2g\u00e9s de plus de 55 ans de b\u00e9n\u00e9ficier d&rsquo;un revenu plus stable et plus longtemps que l&rsquo;ARE, qui est une allocation temporaire et li\u00e9e \u00e0 une recherche active d&#8217;emploi. L&rsquo;ASS constitue ainsi une solution plus durable pour les seniors qui rencontrent des difficult\u00e9s pour retrouver un emploi, particuli\u00e8rement dans un contexte de march\u00e9 du travail difficile pour cette tranche d&rsquo;\u00e2ge.<\/p>\n<h2 data-start=\"2122\" data-end=\"2221\"><strong data-start=\"2127\" data-end=\"2219\">Pourquoi le versement de l&rsquo;ASS apr\u00e8s 55 ans est-il un sujet qui fait d\u00e9bat en 2025 ?<\/strong><\/h2>\n<p data-start=\"2222\" data-end=\"2695\">Le versement de l&rsquo;ASS apr\u00e8s 55 ans suscite de plus en plus de controverses. En effet, le gouvernement a annonc\u00e9 des r\u00e9formes visant \u00e0 r\u00e9duire les d\u00e9penses publiques, et l&rsquo;ASS est dans le viseur. Certains estiment que cette allocation contribue \u00e0 l&rsquo;\u00ab assistanat \u00bb, tandis que d&rsquo;autres la d\u00e9fendent comme un moyen de soutien indispensable pour les seniors en recherche d&#8217;emploi.<\/p>\n<div class='cta-block'><div class='text'>Simulez toutes vos Aides en 2 min.<\/div><a href='https:\/\/www.mes-allocs.fr\/ab-app?origin=guides\/wp-json\/wp\/v2\/posts\/95379' class='app-button fit'>Simulation gratuite<\/a><\/div>\n<p><iframe loading=\"lazy\" src=\"\/\/www.youtube.com\/embed\/QAulvUZqyHk\" width=\"560\" height=\"314\" allowfullscreen=\"allowfullscreen\"><\/iframe><\/p>\n<h1 data-start=\"2702\" data-end=\"2772\"><strong data-start=\"2706\" data-end=\"2770\">Conditions d\u2019\u00e9ligibilit\u00e9 \u00e0 l\u2019ASS pour les plus de 55 ans<\/strong><\/h1>\n<p data-start=\"2773\" data-end=\"2941\">Pour pouvoir b\u00e9n\u00e9ficier de l\u2019ASS, les demandeurs d&#8217;emploi \u00e2g\u00e9s de plus de 55 ans doivent remplir certaines conditions, tant en termes d\u2019\u00e2ge que de dur\u00e9e d\u2019activit\u00e9.<\/p>\n<h2 data-start=\"2943\" data-end=\"2995\"><strong data-start=\"2948\" data-end=\"2993\">Crit\u00e8res d\u2019\u00e2ge et de dur\u00e9e d\u2019activit\u00e9<\/strong><\/h2>\n<p data-start=\"2996\" data-end=\"3252\">L\u2019ASS est r\u00e9serv\u00e9e aux personnes ayant au moins 55 ans et ayant \u00e9puis\u00e9 leurs droits \u00e0 l\u2019ARE. Pour \u00eatre \u00e9ligible \u00e0 l&rsquo;ASS en 2025 apr\u00e8s 55 ans, vous devez avoir travaill\u00e9 au minimum <strong data-start=\"87\" data-end=\"103\">200 semaines<\/strong> (ou 5 ans) <strong>au cours des 10 ans avant la fin de votre dernier contrat de travail<\/strong>. Si vous avez cess\u00e9 votre activit\u00e9 pour \u00e9lever un enfant, les 5 ans sont r\u00e9duits d&rsquo; 1 an par enfant dans la limite de 3 ans.<\/p>\n<h2 data-start=\"3254\" data-end=\"3312\"><strong data-start=\"3259\" data-end=\"3310\">Plafonds de ressources et autres conditions<\/strong><\/h2>\n<p data-start=\"3313\" data-end=\"3598\">Pour percevoir l&rsquo;ASS en 2025, les ressources mensuelles ne doivent pas d\u00e9passer un certain plafond : <strong>1 353,10\u20ac pour une personne seule<\/strong> et<strong> 2 126,30\u00a0\u20ac pour un couple<\/strong> (mariage, pacs ou concubinage). Ce montant est bas\u00e9 sur la moyenne des ressources des 12 derniers mois avant la demande.<\/p>\n<h1 data-start=\"3605\" data-end=\"3681\"><strong data-start=\"3609\" data-end=\"3679\">Montant et dur\u00e9e de versement de l\u2019ASS pour les plus de 55 ans<\/strong><\/h1>\n<p data-start=\"3682\" data-end=\"3777\">Le montant de l\u2019ASS et sa dur\u00e9e de versement sont des \u00e9l\u00e9ments cruciaux pour les b\u00e9n\u00e9ficiaires.<\/p>\n<h2 data-start=\"3779\" data-end=\"3856\"><strong data-start=\"3784\" data-end=\"3854\">Quel est le montant de l\u2019ASS en 2025 pour les plus de 55 ans ?<\/strong><\/h2>\n<p data-start=\"3857\" data-end=\"4151\">Le montant de l&rsquo;ASS en 2025 pour une personne seule est de<strong> 579,90 \u20ac pour un mois de 30 jours, soit environ 19,33 \u20ac par jour<\/strong>. Cependant, cela d\u00e9pend de la situation familiale, et des ressources du foyer.<\/p>\n<h2 data-start=\"4153\" data-end=\"4216\"><strong data-start=\"4158\" data-end=\"4214\">Pendant combien de temps peut-on toucher l\u2019ASS ?<\/strong><\/h2>\n<p data-start=\"4217\" data-end=\"4466\">L\u2019ASS est g\u00e9n\u00e9ralement vers\u00e9e pendant une dur\u00e9e de 1 an, renouvelable si le demandeur continue \u00e0 remplir les crit\u00e8res d\u2019\u00e9ligibilit\u00e9. Toutefois, la dur\u00e9e de versement pourrait \u00eatre revue \u00e0 la baisse selon les futures r\u00e9formes des politiques sociales.<\/p>\n<h1 data-start=\"4473\" data-end=\"4529\"><strong data-start=\"4477\" data-end=\"4527\">D\u00e9marches pour demander l\u2019ASS apr\u00e8s 55 ans<\/strong><\/h1>\n<p data-start=\"4530\" data-end=\"4623\">Les d\u00e9marches pour obtenir l\u2019ASS sont assez simples, mais il faut respecter certaines \u00e9tapes.<\/p>\n<h2 data-start=\"4625\" data-end=\"4673\"><strong data-start=\"4630\" data-end=\"4671\">Comment faire une demande d\u2019ASS ?<\/strong><\/h2>\n<p data-start=\"4674\" data-end=\"4910\">La demande d\u2019ASS se fait directement aupr\u00e8s de France Travail. Les demandeurs doivent fournir des informations sur leur situation professionnelle et financi\u00e8re, ainsi que sur leurs droits \u00e0 l\u2019ARE, pour prouver qu&rsquo;ils ont \u00e9puis\u00e9 ces droits.<\/p>\n<h2 data-start=\"4912\" data-end=\"4977\"><strong data-start=\"4917\" data-end=\"4975\">Quels documents fournir pour b\u00e9n\u00e9ficier de l\u2019ASS ?<\/strong><\/h2>\n<p data-start=\"4978\" data-end=\"5188\">Les documents n\u00e9cessaires pour faire une demande d&rsquo;ASS incluent la <strong>carte d&rsquo;identit\u00e9, un relev\u00e9 de situation de demandeur d&#8217;emploi, le justificatif de ressources et le certificat de cessation des droits \u00e0 l\u2019ARE<\/strong>.<\/p>\n<h1 data-start=\"5195\" data-end=\"5269\"><strong data-start=\"5199\" data-end=\"5267\">ASS et autres aides : cumul et alternatives pour les seniors<\/strong><\/h1>\n<p data-start=\"5270\" data-end=\"5386\">Pour les seniors, il existe des possibilit\u00e9s de cumuler l&rsquo;ASS avec d&rsquo;autres aides, mais des conditions s&rsquo;appliquent.<\/p>\n<h2 data-start=\"5388\" data-end=\"5452\"><strong data-start=\"5393\" data-end=\"5450\">Peut-on cumuler l\u2019ASS avec d\u2019autres allocations ?<\/strong><\/h2>\n<p data-start=\"5453\" data-end=\"5685\">Oui, l\u2019ASS peut \u00eatre cumul\u00e9e avec d&rsquo;autres aides, telles que le RSA ou certaines prestations sociales, mais des conditions strictes s&rsquo;appliquent en fonction des ressources du foyer et de la situation personnelle du b\u00e9n\u00e9ficiaire.<\/p>\n<h2 data-start=\"5687\" data-end=\"5760\"><strong data-start=\"5692\" data-end=\"5758\">Quelles alternatives si vous n\u2019\u00eates pas \u00e9ligible \u00e0 l\u2019ASS ?<\/strong><\/h2>\n<p data-start=\"5761\" data-end=\"5964\">Si vous n&rsquo;\u00eates pas \u00e9ligible \u00e0 l&rsquo;ASS, vous pouvez vous tourner vers le RSA ou d&rsquo;autres dispositifs d&rsquo;aide sociale. Il existe \u00e9galement des aides r\u00e9gionales ou des solutions propos\u00e9es par des associations.<\/p>\n<h1 data-start=\"5971\" data-end=\"6041\"><strong data-start=\"5975\" data-end=\"6039\">Droits et accompagnement pour les b\u00e9n\u00e9ficiaires de l\u2019ASS<\/strong><\/h1>\n<p data-start=\"6042\" data-end=\"6226\">Les b\u00e9n\u00e9ficiaires de l\u2019ASS ne sont pas seulement soutenus financi\u00e8rement, mais b\u00e9n\u00e9ficient \u00e9galement de droits et d\u2019accompagnements pour favoriser leur r\u00e9insertion professionnelle.<\/p>\n<h2 data-start=\"6228\" data-end=\"6285\"><strong data-start=\"6233\" data-end=\"6283\">L\u2019accompagnement vers le retour \u00e0 l\u2019emploi<\/strong><\/h2>\n<p data-start=\"6286\" data-end=\"6537\">Les b\u00e9n\u00e9ficiaires de l\u2019ASS peuvent b\u00e9n\u00e9ficier d\u2019un accompagnement personnalis\u00e9 pour leur retour \u00e0 l\u2019emploi. France Travail propose des ateliers de formation, des bilans de comp\u00e9tences et des soutiens adapt\u00e9s pour aider les seniors \u00e0 retrouver un travail.<\/p>\n<h2 data-start=\"6539\" data-end=\"6608\"><strong data-start=\"6544\" data-end=\"6606\">Droits \u00e0 la retraite et impact de l\u2019ASS sur la pension<\/strong><\/h2>\n<p data-start=\"6609\" data-end=\"6910\">L\u2019ASS n\u2019a pas d&rsquo;impact direct sur les droits \u00e0 la retraite, mais elle permet de maintenir un revenu pendant la p\u00e9riode de ch\u00f4mage. Toutefois, les p\u00e9riodes pendant lesquelles vous touchez l\u2019ASS sont prises en compte dans le calcul de votre retraite, \u00e0 condition que vous cotisiez pendant cette p\u00e9riode.<\/p>\n<div class='cta-block'><div class='text'>Simulez toutes vos Aides en 2 min.<\/div><a href='https:\/\/www.mes-allocs.fr\/ab-app?origin=guides\/wp-json\/wp\/v2\/posts\/95379' class='app-button fit'>Simulation gratuite<\/a><\/div>\n","protected":false},"excerpt":{"rendered":"<p>L&rsquo;Allocation sp\u00e9cifique de solidarit\u00e9 (ASS) est une aide financi\u00e8re destin\u00e9e \u00e0 soutenir les personnes de plus de 55 ans, ayant \u00e9puis\u00e9 leurs droits au ch\u00f4mage et se trouvant dans une situation de pr\u00e9carit\u00e9. Cette allocation permet de garantir un revenu minimum aux demandeurs d&#8217;emploi \u00e2g\u00e9s, qui, apr\u00e8s avoir travaill\u00e9 toute leur vie, rencontrent des difficult\u00e9s [&hellip;]<\/p>\n","protected":false},"author":26,"featured_media":26612,"comment_status":"open","ping_status":"open","sticky":false,"template":"","format":"standard","meta":{"amp_status":"","footnotes":""},"categories":[3736,2989],"tags":[],"class_list":["post-95379","post","type-post","status-publish","format-standard","has-post-thumbnail","hentry","category-allocation-de-solidarite-specifique","category-chomage"],"yoast_head":"<!-- This site is optimized with the Yoast SEO plugin v14.9 - https:\/\/yoast.com\/wordpress\/plugins\/seo\/ -->\n<title>Allocation sp\u00e9cifique de solidarit\u00e9 pour les plus de 55 ans<\/title>\n<meta name=\"description\" content=\"L&#039;ASS soutient les demandeurs d&#039;emploi de plus de 55 ans ayant \u00e9puis\u00e9 leurs droits \u00e0 l&#039;ARE. Mais pouvez-vous la percevoir ?\" \/>\n<meta name=\"robots\" content=\"index, follow, max-snippet:-1, max-image-preview:large, max-video-preview:-1\" \/>\n<link rel=\"canonical\" href=\"https:\/\/www.mes-allocs.fr\/guides\/chomage\/allocation-de-solidarite-specifique\/allocation-specifique-solidarite-plus-55-ans\/\" \/>\n<meta property=\"og:locale\" content=\"fr_FR\" \/>\n<meta property=\"og:type\" content=\"article\" \/>\n<meta property=\"og:title\" content=\"Allocation sp\u00e9cifique de solidarit\u00e9 pour les plus de 55 ans\" \/>\n<meta property=\"og:description\" content=\"L&#039;ASS soutient les demandeurs d&#039;emploi de plus de 55 ans ayant \u00e9puis\u00e9 leurs droits \u00e0 l&#039;ARE. Mais pouvez-vous la percevoir ?\" \/>\n<meta property=\"og:url\" content=\"https:\/\/www.mes-allocs.fr\/guides\/chomage\/allocation-de-solidarite-specifique\/allocation-specifique-solidarite-plus-55-ans\/\" \/>\n<meta property=\"og:site_name\" content=\"Mes-Allocs.fr\" \/>\n<meta property=\"article:published_time\" content=\"2025-03-12T16:24:15+00:00\" \/>\n<meta property=\"article:modified_time\" content=\"2026-04-22T07:33:35+00:00\" \/>\n<meta property=\"og:image\" content=\"https:\/\/www.mes-allocs.fr\/guides\/wp-content\/uploads\/2021\/05\/pexels-andrea-piacquadio-3768131.jpg?wsr\" \/>\n\t<meta property=\"og:image:width\" content=\"1280\" \/>\n\t<meta property=\"og:image:height\" content=\"853\" \/>\n<meta name=\"twitter:card\" content=\"summary_large_image\" \/>\n<script type=\"application\/ld+json\" class=\"yoast-schema-graph\">{\"@context\":\"https:\/\/schema.org\",\"@graph\":[{\"@type\":\"WebSite\",\"@id\":\"https:\/\/www.mes-allocs.fr\/guides\/#website\",\"url\":\"https:\/\/www.mes-allocs.fr\/guides\/\",\"name\":\"Mes-Allocs.fr\",\"description\":\"\",\"potentialAction\":[{\"@type\":\"SearchAction\",\"target\":\"https:\/\/www.mes-allocs.fr\/guides\/?s={search_term_string}\",\"query-input\":\"required name=search_term_string\"}],\"inLanguage\":\"fr-FR\"},{\"@type\":\"ImageObject\",\"@id\":\"https:\/\/www.mes-allocs.fr\/guides\/chomage\/allocation-de-solidarite-specifique\/allocation-specifique-solidarite-plus-55-ans\/#primaryimage\",\"inLanguage\":\"fr-FR\",\"url\":\"https:\/\/www.mes-allocs.fr\/guides\/wp-content\/uploads\/2021\/05\/pexels-andrea-piacquadio-3768131.jpg?wsr\",\"width\":1280,\"height\":853,\"caption\":\"allocation sp\\u00e9cifique de solidarit\\u00e9 pour les plus de 55 ans\"},{\"@type\":\"WebPage\",\"@id\":\"https:\/\/www.mes-allocs.fr\/guides\/chomage\/allocation-de-solidarite-specifique\/allocation-specifique-solidarite-plus-55-ans\/#webpage\",\"url\":\"https:\/\/www.mes-allocs.fr\/guides\/chomage\/allocation-de-solidarite-specifique\/allocation-specifique-solidarite-plus-55-ans\/\",\"name\":\"Allocation sp\\u00e9cifique de solidarit\\u00e9 pour les plus de 55 ans\",\"isPartOf\":{\"@id\":\"https:\/\/www.mes-allocs.fr\/guides\/#website\"},\"primaryImageOfPage\":{\"@id\":\"https:\/\/www.mes-allocs.fr\/guides\/chomage\/allocation-de-solidarite-specifique\/allocation-specifique-solidarite-plus-55-ans\/#primaryimage\"},\"datePublished\":\"2025-03-12T16:24:15+00:00\",\"dateModified\":\"2026-04-22T07:33:35+00:00\",\"author\":{\"@id\":\"https:\/\/www.mes-allocs.fr\/guides\/#\/schema\/person\/9c38f3be41a0ddcd1e3fde5a3df713bf\"},\"description\":\"L'ASS soutient les demandeurs d'emploi de plus de 55 ans ayant \\u00e9puis\\u00e9 leurs droits \\u00e0 l'ARE. Mais pouvez-vous la percevoir ?\",\"inLanguage\":\"fr-FR\"},{\"@type\":\"Person\",\"@id\":\"https:\/\/www.mes-allocs.fr\/guides\/#\/schema\/person\/9c38f3be41a0ddcd1e3fde5a3df713bf\",\"name\":\"Sessime Ananou\",\"image\":{\"@type\":\"ImageObject\",\"@id\":\"https:\/\/www.mes-allocs.fr\/guides\/#personlogo\",\"inLanguage\":\"fr-FR\",\"url\":\"https:\/\/www.mes-allocs.fr\/guides\/wp-content\/uploads\/2023\/08\/IMG_8173-150x150.jpg\",\"caption\":\"Sessime Ananou\"},\"description\":\"Sessime est r\\u00e9dactrice chez Mes Allocs, sp\\u00e9cialis\\u00e9e sur le pouvoir d'achat. Elle rejoint l'\\u00e9quipe Mes Allocs en ao\\u00fbt 2023 afin de simplifier l'acc\\u00e8s \\u00e0 l'information sur les aides en g\\u00e9n\\u00e9ral.\"}]}<\/script>\n<!-- \/ Yoast SEO plugin. -->","amp_validity":null,"acf":{"faq":{"1":{"question":"Qui peut b\u00e9n\u00e9ficier de l'ASS pour les plus de 55 ans ?","answer":"Pour b\u00e9n\u00e9ficier de l'ASS, il faut avoir plus de 55 ans, avoir \u00e9puis\u00e9 tous ses droits au ch\u00f4mage (ARE ou autres aides) et \u00eatre inscrit comme demandeur d'emploi. Les ressources du foyer ne doivent pas d\u00e9passer un certain plafond."},"2":{"question":"Quelles sont les conditions d'\u00e9ligibilit\u00e9 pour l'ASS ?","answer":"Outre l'\u00e2ge, il est n\u00e9cessaire d'avoir \u00e9puis\u00e9 ses droits \u00e0 l'allocation ch\u00f4mage et de justifier de la recherche active d'emploi. Il faut \u00e9galement ne pas d\u00e9passer un certain plafond de ressources mensuelles, qui varie en fonction de la composition du foyer."},"3":{"question":"Quel est le montant de l'ASS pour les plus de 55 ans ?","answer":"Le montant de l'ASS est fix\u00e9 \u00e0 19,33 \u20ac par jour, soit 579,90 \u20ac par mois. Ce montant peut varier en fonction de la situation du b\u00e9n\u00e9ficiaire (par exemple, s'il vit seul ou en couple)."},"4":{"question":"Comment faire une demande d'ASS pour les plus de 55 ans ?","answer":"La demande d'ASS se fait aupr\u00e8s de P\u00f4le emploi. Il est n\u00e9cessaire de fournir des documents relatifs \u00e0 l'\u00e9puisement des droits au ch\u00f4mage et \u00e0 la situation des ressources du foyer."},"5":{"question":" Quels documents sont n\u00e9cessaires pour faire la demande d'ASS ?","answer":"Les documents requis incluent votre carte d'identit\u00e9, le justificatif de votre dernier paiement de l'allocation ch\u00f4mage, ainsi qu'une d\u00e9claration de vos ressources."},"6":{"question":"Que faire si ma demande d'ASS est refus\u00e9e ?","answer":"Si votre demande est rejet\u00e9e, vous pouvez faire un recours aupr\u00e8s de P\u00f4le emploi ou de la commission de recours amiable (CRA). Vous pouvez \u00e9galement v\u00e9rifier si vous remplissez toujours les crit\u00e8res d'\u00e9ligibilit\u00e9 ou si votre situation a \u00e9volu\u00e9."},"7":{"question":"","answer":""},"8":{"question":"","answer":""},"9":{"question":"","answer":""},"10":{"question":"","answer":""},"11":{"question":"","answer":""},"12":{"question":"","answer":""},"13":{"question":"","answer":""},"14":{"question":"","answer":""},"15":{"question":"","answer":""},"16":{"question":"","answer":""}}},"_links":{"self":[{"href":"https:\/\/www.mes-allocs.fr\/guides\/wp-json\/wp\/v2\/posts\/95379","targetHints":{"allow":["GET"]}}],"collection":[{"href":"https:\/\/www.mes-allocs.fr\/guides\/wp-json\/wp\/v2\/posts"}],"about":[{"href":"https:\/\/www.mes-allocs.fr\/guides\/wp-json\/wp\/v2\/types\/post"}],"author":[{"embeddable":true,"href":"https:\/\/www.mes-allocs.fr\/guides\/wp-json\/wp\/v2\/users\/26"}],"replies":[{"embeddable":true,"href":"https:\/\/www.mes-allocs.fr\/guides\/wp-json\/wp\/v2\/comments?post=95379"}],"version-history":[{"count":6,"href":"https:\/\/www.mes-allocs.fr\/guides\/wp-json\/wp\/v2\/posts\/95379\/revisions"}],"predecessor-version":[{"id":97538,"href":"https:\/\/www.mes-allocs.fr\/guides\/wp-json\/wp\/v2\/posts\/95379\/revisions\/97538"}],"wp:featuredmedia":[{"embeddable":true,"href":"https:\/\/www.mes-allocs.fr\/guides\/wp-json\/wp\/v2\/media\/26612"}],"wp:attachment":[{"href":"https:\/\/www.mes-allocs.fr\/guides\/wp-json\/wp\/v2\/media?parent=95379"}],"wp:term":[{"taxonomy":"category","embeddable":true,"href":"https:\/\/www.mes-allocs.fr\/guides\/wp-json\/wp\/v2\/categories?post=95379"},{"taxonomy":"post_tag","embeddable":true,"href":"https:\/\/www.mes-allocs.fr\/guides\/wp-json\/wp\/v2\/tags?post=95379"}],"curies":[{"name":"wp","href":"https:\/\/api.w.org\/{rel}","templated":true}]}}