{"id":95360,"date":"2025-03-12T16:01:16","date_gmt":"2025-03-12T14:01:16","guid":{"rendered":"https:\/\/www.mes-allocs.fr\/guides\/?p=95360"},"modified":"2026-04-22T08:33:35","modified_gmt":"2026-04-22T07:33:35","slug":"duree-validite-cheque-energie","status":"publish","type":"post","link":"https:\/\/www.mes-allocs.fr\/guides\/aide-logement\/cheque-energie\/utiliser-cheque-energie\/duree-validite-cheque-energie\/","title":{"rendered":"Quelle est la dur\u00e9e de validit\u00e9 du ch\u00e8que \u00e9nergie en 2026 ?"},"content":{"rendered":"<p><img loading=\"lazy\" decoding=\"async\" class=\"alignnone wp-image-95362\" title=\"cheque energie duree validite\" src=\"https:\/\/www.mes-allocs.fr\/guides\/wp-content\/uploads\/2025\/03\/cheque-energie-duree-validite-e1741788067712-300x56.jpg\" alt=\"cheque energie duree validite\" width=\"1371\" height=\"256\" srcset=\"https:\/\/www.mes-allocs.fr\/guides\/wp-content\/uploads\/2025\/03\/cheque-energie-duree-validite-e1741788067712-300x56.jpg 300w, https:\/\/www.mes-allocs.fr\/guides\/wp-content\/uploads\/2025\/03\/cheque-energie-duree-validite-e1741788067712-1024x192.jpg 1024w, https:\/\/www.mes-allocs.fr\/guides\/wp-content\/uploads\/2025\/03\/cheque-energie-duree-validite-e1741788067712-768x144.jpg 768w, https:\/\/www.mes-allocs.fr\/guides\/wp-content\/uploads\/2025\/03\/cheque-energie-duree-validite-e1741788067712-1536x288.jpg 1536w, https:\/\/www.mes-allocs.fr\/guides\/wp-content\/uploads\/2025\/03\/cheque-energie-duree-validite-e1741788067712-600x113.jpg 600w, https:\/\/www.mes-allocs.fr\/guides\/wp-content\/uploads\/2025\/03\/cheque-energie-duree-validite-e1741788067712.jpg 2000w\" sizes=\"auto, (max-width: 1371px) 100vw, 1371px\" \/><\/p>\n<p>[Mis \u00e0 jour le 20\/03\/2026] Le ch\u00e8que \u00e9nergie vous permet d\u2019all\u00e9ger les d\u00e9penses li\u00e9es aux factures \u00e9nerg\u00e9tiques. Alors que les modalit\u00e9s de distribution et la p\u00e9riode de validit\u00e9 de cette aide connaissent des ajustements cette ann\u00e9e, il est important de comprendre comment <a href=\"https:\/\/www.mes-allocs.fr\/guides\/aide-logement\/cheque-energie\/utiliser-cheque-energie\/\">utiliser le ch\u00e8que \u00e9nergie<\/a>. Dans cet article, d\u00e9couvrez quelle est la <b>dur\u00e9e de validit\u00e9 du ch\u00e8que \u00e9nergie<\/b>, quelles sont les dates \u00e0 ne pas manquer et comment l\u2019utiliser avant son expiration.<\/p>\n<p class=\"p1\"><div class='cta-block'><div class='text'>Simulez toutes vos Aides en 2 min.<\/div><a href='https:\/\/www.mes-allocs.fr\/ab-app?origin=guides\/wp-json\/wp\/v2\/posts\/95360' class='app-button fit'>Simulation gratuite<\/a><\/div><\/p>\n<h1>Ch\u00e8que \u00e9nergie : quelle est la dur\u00e9e de validit\u00e9 ?<\/h1>\n<h2>Jusqu\u2019\u00e0 quand peut-on utiliser son ch\u00e8que \u00e9nergie ?<\/h2>\n<p>Les ch\u00e8ques \u00e9nergie 2026 sont utilisable <strong>jusqu&rsquo;au 31 mars 2027<\/strong>. La date limite de validit\u00e9 des ch\u00e8ques \u00e9nergie attribu\u00e9es en 2025 est \u00e9galement le <strong>31 mars 2027<\/strong>. La raison : l\u2019adoption tardive du budget 2025, le versement du ch\u00e8que \u00e9nergie avait \u00e9t\u00e9 report\u00e9 au second semestre de l\u2019ann\u00e9e, entre juillet et d\u00e9cembre 2025.\u00a0Par ailleurs, les ch\u00e8ques qui ont \u00e9t\u00e9 distribu\u00e9 \u00e0 partir du 1er septembre 2024 sont encore valables<b>\u00a0jusqu\u2019au 31 mars 2026<\/b>.<\/p>\n<p><b>\u00c0 noter<\/b> : la date de validit\u00e9 sera inscrite sur chaque ch\u00e8que \u00e9nergie au moment de leur \u00e9mission.<\/p>\n<h2>Peut-on prolonger la dur\u00e9e de validit\u00e9 du ch\u00e8que \u00e9nergie ?<\/h2>\n<p>Non, il n\u2019est<b> pas possible de prolonge<\/b>r la dur\u00e9e de validit\u00e9 d\u2019un ch\u00e8que \u00e9nergie une fois qu\u2019elle est d\u00e9pass\u00e9e. Cependant, en cas de perte ou de vol, il est possible de <b>demander un nouveau ch\u00e8que <\/b>dans un d\u00e9lai d\u2019un mois apr\u00e8s la date d\u2019\u00e9ch\u00e9ance.<\/p>\n<h2>Est-il possible d&rsquo;utiliser un ch\u00e8que \u00e9nergie dont la date de validit\u00e9 est d\u00e9pass\u00e9e ?<\/h2>\n<p>Non, il n\u2019est <b>pas possible d\u2019utiliser<\/b> un ch\u00e8que \u00e9nergie dont la date de validit\u00e9 est d\u00e9pass\u00e9e. Une fois expir\u00e9, le ch\u00e8que devient caduc et ne peut plus \u00eatre utilis\u00e9 ni report\u00e9 pour payer des factures ou des travaux \u00e9nerg\u00e9tiques.<\/p>\n<h1>Quand sera vers\u00e9 le ch\u00e8que \u00e9nergie 2026 ?<\/h1>\n<p>Le ch\u00e8que \u00e9nergie 2026 sera vers\u00e9 <b>\u00e0 partir du 1er avril 2026, <\/b>par vagues dans les d\u00e9partements.\u00a0Une fois le ch\u00e8que envoy\u00e9, il faut compter entre 2 \u00e0 4 jours pour le recevoir par courrier.<\/p>\n<p><b>\u00c0 noter <\/b>: les envois seront probablement \u00e9chelonn\u00e9s sur plusieurs semaines en fonction du d\u00e9partement de r\u00e9sidence, comme c\u2019\u00e9tait le cas les ann\u00e9es pr\u00e9c\u00e9dentes.<\/p>\n<p><iframe loading=\"lazy\" title=\"Le ch\u00e8que \u00e9nergie\" width=\"500\" height=\"281\" src=\"https:\/\/www.youtube.com\/embed\/fQ1LYfHSrdk?feature=oembed\" frameborder=\"0\" allow=\"accelerometer; autoplay; clipboard-write; encrypted-media; gyroscope; picture-in-picture; web-share\" referrerpolicy=\"strict-origin-when-cross-origin\" allowfullscreen><\/iframe><\/p>\n<p class=\"p1\"><div class='cta-block'><div class='text'>Simulez toutes vos Aides en 2 min.<\/div><a href='https:\/\/www.mes-allocs.fr\/ab-app?origin=guides\/wp-json\/wp\/v2\/posts\/95360' class='app-button fit'>Simulation gratuite<\/a><\/div><\/p>\n<h1>Quels usages sont possibles avec le ch\u00e8que \u00e9nergie avant son expiration ?<\/h1>\n<h2>Peut-on r\u00e9gler ses factures \u00e9nerg\u00e9tiques avec le ch\u00e8que \u00e9nergie ?<\/h2>\n<p>Il est possible de r\u00e9gler ses factures \u00e9nerg\u00e9tiques avec le ch\u00e8que \u00e9nergie. Il peut \u00eatre utilis\u00e9 pour :<\/p>\n<ul>\n<li aria-level=\"1\">Le paiement des factures d\u2019\u00e9lectricit\u00e9 et de gaz naturel.<\/li>\n<li aria-level=\"1\">Le r\u00e8glement des factures de fioul, de bois ou d\u2019autres combustibles.<\/li>\n<li aria-level=\"1\">Le paiement des charges de chauffage incluses dans la redevance pour les r\u00e9sidents de logements-foyers conventionn\u00e9s APL, d\u2019EHPAD ou d\u2019\u00e9tablissements des soins longues dur\u00e9e.<\/li>\n<\/ul>\n<p><b>\u00c0 noter<\/b> : le ch\u00e8que peut \u00eatre utilis\u00e9 d\u00e8s sa r\u00e9ception, sans attendre la prochaine facture. Le montant du ch\u00e8que \u00e9nergie sera directement cr\u00e9dit\u00e9 sur votre compte client<\/p>\n<h1>Comment utiliser son ch\u00e8que \u00e9nergie avant sa date d&rsquo;expiration ?<\/h1>\n<h2>Quelles d\u00e9marches effectuer avant l\u2019expiration de votre ch\u00e8que \u00e9nergie ?<\/h2>\n<p>Pour utiliser votre ch\u00e8que \u00e9nergie avec sa date d\u2019expiration,<\/p>\n<ul>\n<li aria-level=\"1\"><b>V\u00e9rifiez la date de validit\u00e9 de votre ch\u00e8que \u00e9nergie<\/b> : regardez la date inscrite au dos de votre ch\u00e8que pour confirmer sa date d\u2019expiration.<\/li>\n<li aria-level=\"1\"><b>Utilisez le ch\u00e8que pour payer vos factures <\/b>d\u2019\u00e9nergie : envoyez directement le ch\u00e8que \u00e0 votre fournisseur d\u2019\u00e9nergie ou optez pour la <a href=\"https:\/\/www.mes-allocs.fr\/guides\/aide-logement\/cheque-energie\/utiliser-cheque-energie\/pre-affectation-cheque-energie\/\">pr\u00e9-affectation du ch\u00e8que \u00e9nergie<\/a> pour une d\u00e9duction automatique sur vos prochaines factures.<\/li>\n<li aria-level=\"1\"><b>Payez les charges de chauffage<\/b> : pour les r\u00e9sidents de logements foyer conventionn\u00e9s APL, d\u2019EHPAD ou d\u2019\u00e9tablissements de soins de longue dur\u00e9e.<\/li>\n<li aria-level=\"1\"><b>Choisissez la pr\u00e9-affectation <\/b>: pour \u00e9viter les oublis, choisissez la pr\u00e9-affectation qui permet une d\u00e9duction automatique sur vos factures d\u2019\u00e9nergie pour les ann\u00e9es suivantes.<\/li>\n<\/ul>\n<h2>Que faire si vous oubliez d\u2019utiliser votre ch\u00e8que \u00e9nergie ?<\/h2>\n<p>Si vous avez oubli\u00e9 d\u2019utiliser votre ch\u00e8que \u00e9nergie avant son expiration, vous devez suivre ces d\u00e9marches :<\/p>\n<ul>\n<li aria-level=\"1\"><b>V\u00e9rifiez la date d\u2019expiration<\/b> : assurez-vous que votre ch\u00e8que est r\u00e9ellement expir\u00e9 en v\u00e9rifiant la date au dos.<\/li>\n<li aria-level=\"1\"><b>Contactez l\u2019assistance du ch\u00e8que \u00e9nergie<\/b> : vous avez la possibilit\u00e9 de contacter l\u2019assistance par t\u00e9l\u00e9phone ou d\u2019utiliser le formulaire de contact en ligne pour expliquer votre situation.<\/li>\n<li aria-level=\"1\"><b>Pr\u00e9parez-vous pour le prochain ch\u00e8que<\/b> : soyez attentif \u00e0 son arriv\u00e9e pour ne pas le manquer.<\/li>\n<li aria-level=\"1\"><b>Envisagez la pr\u00e9-affectation pour l\u2019avenir<\/b> : pour \u00e9viter ce probl\u00e8me \u00e0 l\u2019avenir, optez pour la pr\u00e9-affectation.<\/li>\n<\/ul>\n<p><b>\u00c0 noter<\/b> : une fois que le ch\u00e8que expire, il n\u2019est g\u00e9n\u00e9ralement plus possible de l\u2019utiliser pour payer des factures d\u2019\u00e9nergie ou acheter des combustibles.<\/p>\n<h1>Conclusion<\/h1>\n<p>Le ch\u00e8que \u00e9nergie 2026 sera distribu\u00e9 \u00e0 partir du 1er avril 2026. La date de validit\u00e9 exacte des ch\u00e8ques 2026 est le 31 mars 2027.<\/p>\n<p class=\"p1\"><div class='cta-block'><div class='text'>Simulez toutes vos Aides en 2 min.<\/div><a href='https:\/\/www.mes-allocs.fr\/ab-app?origin=guides\/wp-json\/wp\/v2\/posts\/95360' class='app-button fit'>Simulation gratuite<\/a><\/div><\/p>\n","protected":false},"excerpt":{"rendered":"<p>[Mis \u00e0 jour le 20\/03\/2026] Le ch\u00e8que \u00e9nergie vous permet d\u2019all\u00e9ger les d\u00e9penses li\u00e9es aux factures \u00e9nerg\u00e9tiques. Alors que les modalit\u00e9s de distribution et la p\u00e9riode de validit\u00e9 de cette aide connaissent des ajustements cette ann\u00e9e, il est important de comprendre comment utiliser le ch\u00e8que \u00e9nergie. Dans cet article, d\u00e9couvrez quelle est la dur\u00e9e de [&hellip;]<\/p>\n","protected":false},"author":31,"featured_media":95363,"comment_status":"open","ping_status":"open","sticky":false,"template":"","format":"standard","meta":{"amp_status":"","footnotes":""},"categories":[6,7478],"tags":[],"class_list":["post-95360","post","type-post","status-publish","format-standard","has-post-thumbnail","hentry","category-cheque-energie","category-utiliser-cheque-energie"],"yoast_head":"<!-- This site is optimized with the Yoast SEO plugin v14.9 - https:\/\/yoast.com\/wordpress\/plugins\/seo\/ -->\n<title>Quelle est la dur\u00e9e de validit\u00e9 du ch\u00e8que \u00e9nergie en 2026 ? | Mes-Allocs.fr<\/title>\n<meta name=\"description\" content=\"D\u00e9couvrez la dur\u00e9e de validit\u00e9 du ch\u00e8que \u00e9nergie en 2026, comment l&#039;utiliser avant son expiration et les d\u00e9marches \u00e0 suivre.\" \/>\n<meta name=\"robots\" content=\"index, follow, max-snippet:-1, max-image-preview:large, max-video-preview:-1\" \/>\n<link rel=\"canonical\" href=\"https:\/\/www.mes-allocs.fr\/guides\/aide-logement\/cheque-energie\/utiliser-cheque-energie\/duree-validite-cheque-energie\/\" \/>\n<meta property=\"og:locale\" content=\"fr_FR\" \/>\n<meta property=\"og:type\" content=\"article\" \/>\n<meta property=\"og:title\" content=\"Quelle est la dur\u00e9e de validit\u00e9 du ch\u00e8que \u00e9nergie en 2026 ? | Mes-Allocs.fr\" \/>\n<meta property=\"og:description\" content=\"D\u00e9couvrez la dur\u00e9e de validit\u00e9 du ch\u00e8que \u00e9nergie en 2026, comment l&#039;utiliser avant son expiration et les d\u00e9marches \u00e0 suivre.\" \/>\n<meta property=\"og:url\" content=\"https:\/\/www.mes-allocs.fr\/guides\/aide-logement\/cheque-energie\/utiliser-cheque-energie\/duree-validite-cheque-energie\/\" \/>\n<meta property=\"og:site_name\" content=\"Mes-Allocs.fr\" \/>\n<meta property=\"article:published_time\" content=\"2025-03-12T14:01:16+00:00\" \/>\n<meta property=\"article:modified_time\" content=\"2026-04-22T07:33:35+00:00\" \/>\n<meta property=\"og:image\" content=\"https:\/\/www.mes-allocs.fr\/guides\/wp-content\/uploads\/2025\/03\/duree-validite-cheque-energie.jpg?wsr\" \/>\n\t<meta property=\"og:image:width\" content=\"1500\" \/>\n\t<meta property=\"og:image:height\" content=\"844\" \/>\n<meta name=\"twitter:card\" content=\"summary_large_image\" \/>\n<script type=\"application\/ld+json\" class=\"yoast-schema-graph\">{\"@context\":\"https:\/\/schema.org\",\"@graph\":[{\"@type\":\"WebSite\",\"@id\":\"https:\/\/www.mes-allocs.fr\/guides\/#website\",\"url\":\"https:\/\/www.mes-allocs.fr\/guides\/\",\"name\":\"Mes-Allocs.fr\",\"description\":\"\",\"potentialAction\":[{\"@type\":\"SearchAction\",\"target\":\"https:\/\/www.mes-allocs.fr\/guides\/?s={search_term_string}\",\"query-input\":\"required name=search_term_string\"}],\"inLanguage\":\"fr-FR\"},{\"@type\":\"ImageObject\",\"@id\":\"https:\/\/www.mes-allocs.fr\/guides\/aide-logement\/cheque-energie\/utiliser-cheque-energie\/duree-validite-cheque-energie\/#primaryimage\",\"inLanguage\":\"fr-FR\",\"url\":\"https:\/\/www.mes-allocs.fr\/guides\/wp-content\/uploads\/2025\/03\/duree-validite-cheque-energie.jpg?wsr\",\"width\":1500,\"height\":844,\"caption\":\"duree validite cheque energie\"},{\"@type\":\"WebPage\",\"@id\":\"https:\/\/www.mes-allocs.fr\/guides\/aide-logement\/cheque-energie\/utiliser-cheque-energie\/duree-validite-cheque-energie\/#webpage\",\"url\":\"https:\/\/www.mes-allocs.fr\/guides\/aide-logement\/cheque-energie\/utiliser-cheque-energie\/duree-validite-cheque-energie\/\",\"name\":\"Quelle est la dur\\u00e9e de validit\\u00e9 du ch\\u00e8que \\u00e9nergie en 2026 ? | Mes-Allocs.fr\",\"isPartOf\":{\"@id\":\"https:\/\/www.mes-allocs.fr\/guides\/#website\"},\"primaryImageOfPage\":{\"@id\":\"https:\/\/www.mes-allocs.fr\/guides\/aide-logement\/cheque-energie\/utiliser-cheque-energie\/duree-validite-cheque-energie\/#primaryimage\"},\"datePublished\":\"2025-03-12T14:01:16+00:00\",\"dateModified\":\"2026-04-22T07:33:35+00:00\",\"author\":{\"@id\":\"https:\/\/www.mes-allocs.fr\/guides\/#\/schema\/person\/4f115680446d9e6de360142157ca671d\"},\"description\":\"D\\u00e9couvrez la dur\\u00e9e de validit\\u00e9 du ch\\u00e8que \\u00e9nergie en 2026, comment l'utiliser avant son expiration et les d\\u00e9marches \\u00e0 suivre.\",\"inLanguage\":\"fr-FR\"},{\"@type\":\"Person\",\"@id\":\"https:\/\/www.mes-allocs.fr\/guides\/#\/schema\/person\/4f115680446d9e6de360142157ca671d\",\"name\":\"Miangaly Ramasindray\",\"image\":{\"@type\":\"ImageObject\",\"@id\":\"https:\/\/www.mes-allocs.fr\/guides\/#personlogo\",\"inLanguage\":\"fr-FR\",\"url\":\"https:\/\/www.mes-allocs.fr\/guides\/wp-content\/uploads\/2024\/10\/Miangaly_Ramasindray-150x150.jpeg\",\"caption\":\"Miangaly Ramasindray\"},\"description\":\"Miangaly est r\\u00e9dactrice web sp\\u00e9cialis\\u00e9e sur les sujets de pouvoir d'achat. Elle rejoint Mes Allocs en 2024 apr\\u00e8s une premi\\u00e8re exp\\u00e9rience en marketing chez DMI.\",\"sameAs\":[\"https:\/\/www.linkedin.com\/in\/miangaly-ramasindray\/\"]}]}<\/script>\n<!-- \/ Yoast SEO plugin. -->","amp_validity":null,"acf":{"faq":{"1":{"question":"Le montant du ch\u00e8que \u00e9nergie varie-t-il en fonction des revenus ?","answer":"Oui, le montant du ch\u00e8que \u00e9nergie est progressif. Il varie en fonction de vos revenus et de la composition de votre foyer. Les m\u00e9nages ayant les revenus les plus faibles re\u00e7oivent g\u00e9n\u00e9ralement un montant plus \u00e9lev\u00e9.\r\n"},"2":{"question":"Puis-je utiliser le ch\u00e8que \u00e9nergie pour payer des factures d'\u00e9nergie impay\u00e9es ?","answer":"Oui, le ch\u00e8que \u00e9nergie peut \u00eatre utilis\u00e9 pour r\u00e9gler des factures d'\u00e9nergie, m\u00eame si elles sont impay\u00e9es. Cela vous permet de r\u00e9gulariser votre situation aupr\u00e8s de votre fournisseur."},"3":{"question":"Les locataires peuvent-ils b\u00e9n\u00e9ficier du ch\u00e8que \u00e9nergie ?","answer":"Oui, les locataires sont \u00e9ligibles au ch\u00e8que \u00e9nergie, \u00e0 condition de respecter les crit\u00e8res de revenus et de composition du foyer."},"4":{"question":"Comment se passe la pr\u00e9-affectation du ch\u00e8que \u00e9nergie ?","answer":"La pr\u00e9-affectation vous permet d'attribuer automatiquement votre ch\u00e8que \u00e9nergie \u00e0 votre fournisseur d'\u00e9nergie pour les ann\u00e9es suivantes. Vous n'avez aucune d\u00e9marche \u00e0 effectuer chaque ann\u00e9e.\r\n"},"5":{"question":"Est-il possible d'utiliser le ch\u00e8que \u00e9nergie en ligne ?","answer":"Oui, de nombreux fournisseurs d'\u00e9nergie acceptent le paiement par ch\u00e8que \u00e9nergie en ligne. Vous pouvez utiliser le num\u00e9ro de votre ch\u00e8que et les r\u00e9f\u00e9rences de votre fournisseur pour effectuer le paiement sur leur site web."},"6":{"question":"Le ch\u00e8que \u00e9nergie est-il cumulable avec d'autres aides ?","answer":"Oui, le ch\u00e8que \u00e9nergie peut \u00eatre cumul\u00e9 avec d'autres aides telles que MaPrimeR\u00e9nov' pour les travaux de r\u00e9novation \u00e9nerg\u00e9tique."},"7":{"question":"","answer":""},"8":{"question":"","answer":""},"9":{"question":"","answer":""},"10":{"question":"","answer":""},"11":{"question":"","answer":""},"12":{"question":"","answer":""},"13":{"question":"","answer":""},"14":{"question":"","answer":""},"15":{"question":"","answer":""},"16":{"question":"","answer":""}}},"_links":{"self":[{"href":"https:\/\/www.mes-allocs.fr\/guides\/wp-json\/wp\/v2\/posts\/95360","targetHints":{"allow":["GET"]}}],"collection":[{"href":"https:\/\/www.mes-allocs.fr\/guides\/wp-json\/wp\/v2\/posts"}],"about":[{"href":"https:\/\/www.mes-allocs.fr\/guides\/wp-json\/wp\/v2\/types\/post"}],"author":[{"embeddable":true,"href":"https:\/\/www.mes-allocs.fr\/guides\/wp-json\/wp\/v2\/users\/31"}],"replies":[{"embeddable":true,"href":"https:\/\/www.mes-allocs.fr\/guides\/wp-json\/wp\/v2\/comments?post=95360"}],"version-history":[{"count":8,"href":"https:\/\/www.mes-allocs.fr\/guides\/wp-json\/wp\/v2\/posts\/95360\/revisions"}],"predecessor-version":[{"id":110813,"href":"https:\/\/www.mes-allocs.fr\/guides\/wp-json\/wp\/v2\/posts\/95360\/revisions\/110813"}],"wp:featuredmedia":[{"embeddable":true,"href":"https:\/\/www.mes-allocs.fr\/guides\/wp-json\/wp\/v2\/media\/95363"}],"wp:attachment":[{"href":"https:\/\/www.mes-allocs.fr\/guides\/wp-json\/wp\/v2\/media?parent=95360"}],"wp:term":[{"taxonomy":"category","embeddable":true,"href":"https:\/\/www.mes-allocs.fr\/guides\/wp-json\/wp\/v2\/categories?post=95360"},{"taxonomy":"post_tag","embeddable":true,"href":"https:\/\/www.mes-allocs.fr\/guides\/wp-json\/wp\/v2\/tags?post=95360"}],"curies":[{"name":"wp","href":"https:\/\/api.w.org\/{rel}","templated":true}]}}