{"id":9494,"date":"2020-07-15T12:32:29","date_gmt":"2020-07-15T12:32:29","guid":{"rendered":"https:\/\/www.mes-allocs.fr\/guides\/?p=9494"},"modified":"2026-04-07T14:15:04","modified_gmt":"2026-04-07T13:15:04","slug":"formation-eligible-cpf","status":"publish","type":"post","link":"https:\/\/www.mes-allocs.fr\/guides\/aide-formation\/compte-personnel-formation-cpf\/formation-eligible-cpf\/","title":{"rendered":"Comment trouver une formation \u00e9ligible CPF ?"},"content":{"rendered":"<div class=\"card-section\">\n<div class=\"brs_col\"><strong><a href=\"https:\/\/www.mes-allocs.fr\/guides\/wp-content\/uploads\/2020\/07\/Comment-trouver-une-formation-e\u0301ligible-CPF-s-e1594311519965.jpg\"><img loading=\"lazy\" decoding=\"async\" class=\"aligncenter size-full wp-image-9561\" src=\"https:\/\/www.mes-allocs.fr\/guides\/wp-content\/uploads\/2020\/07\/Comment-trouver-une-formation-e\u0301ligible-CPF-s-e1594311519965.jpg\" alt=\"Comment trouver une formation e\u0301ligible CPF ?s\" width=\"1280\" height=\"342\" srcset=\"https:\/\/www.mes-allocs.fr\/guides\/wp-content\/uploads\/2020\/07\/Comment-trouver-une-formation-e\u0301ligible-CPF-s-e1594311519965.jpg 1280w, https:\/\/www.mes-allocs.fr\/guides\/wp-content\/uploads\/2020\/07\/Comment-trouver-une-formation-e\u0301ligible-CPF-s-e1594311519965-300x80.jpg 300w, https:\/\/www.mes-allocs.fr\/guides\/wp-content\/uploads\/2020\/07\/Comment-trouver-une-formation-e\u0301ligible-CPF-s-e1594311519965-1024x274.jpg 1024w, https:\/\/www.mes-allocs.fr\/guides\/wp-content\/uploads\/2020\/07\/Comment-trouver-une-formation-e\u0301ligible-CPF-s-e1594311519965-768x205.jpg 768w, https:\/\/www.mes-allocs.fr\/guides\/wp-content\/uploads\/2020\/07\/Comment-trouver-une-formation-e\u0301ligible-CPF-s-e1594311519965-600x160.jpg 600w\" sizes=\"auto, (max-width: 1280px) 100vw, 1280px\" \/><\/a><\/strong>[Mis \u00e0 jour le 03\/04\/2026]<strong><a href=\"https:\/\/www.mes-allocs.fr\/guides\/aide-formation\/compte-personnel-formation-cpf\/\" target=\"_blank\" rel=\"noopener noreferrer\"> Dans le cadre du cpf<\/a>, vous pouvez\u00a0entreprendre des formations destin\u00e9es \u00e0 encourager votre \u00e9volution professionnelle. En effet, ces formations sont prises en charge gr\u00e2ce \u00e0 votre nombre d&rsquo;heures cumul\u00e9es. Dans cet article, Mes Allocs vous aide \u00e0 trouver une formation \u00e9ligible au CPF.<\/strong><\/div>\n<div class=\"brs_col\">\n<div class='cta-block'><div class='text'>Simulez toutes vos aides en 2 min.<\/div><a href='https:\/\/www.mes-allocs.fr\/ab-app?origin=guides\/wp-json\/wp\/v2\/posts\/9494' class='app-button fit'>Simulation gratuite<\/a><\/div>\n<\/div>\n<h1>Comment faire une demande de formation (CPF) ?<\/h1>\n<p>Les listes des formations \u00e9ligibles se trouvent sur votre CPF, en ligne. \u00c0 l&rsquo;aide de quelques mots-cl\u00e9s et informations \u00e0 votre sujet, ces formations s&rsquo;afficheront, aux c\u00f4t\u00e9s des bloc de comp\u00e9tences et socle de connaissances que vous pouvez acqu\u00e9rir.<\/p>\n<h1>Comment peut-on se former avec le CPF ?<\/h1>\n<p>Financ\u00e9 par la Caisse des d\u00e9p\u00f4ts depuis le 1er janvier 2020, le CPF est un dispositif qui vous permet de cumuler des heures de travail.<\/p>\n<p>Elles sont ensuite converties en euros, dans le but de vous donner acc\u00e8s \u00e0 un vaste ensemble de formations destin\u00e9es \u00e0 vous faire \u00e9voluer dans votre branche professionnelle.<\/p>\n<p>Vous pouvez ainsi mener une formation professionnelle totalement prise en charge :<\/p>\n<ul>\n<li>sur votre temps de travail,<\/li>\n<li>ou prendre un cong\u00e9.<\/li>\n<\/ul>\n<p>Ce dispositif s&rsquo;adresse aux salari\u00e9s de :<\/p>\n<ul>\n<li>la fonction publique<\/li>\n<li>et du priv\u00e9.<\/li>\n<\/ul>\n<p>Attention, toutefois, une\u00a0<a href=\"https:\/\/www.mes-allocs.fr\/guides\/aide-formation\/compte-personnel-formation-cpf\/participation-forfaitaire-cpf\/\">participation financi\u00e8re de 150\u20ac<\/a> vous est demand\u00e9e depuis le 2 avril 2026, si vous souhaitez mobiliser votre CPF (sauf pour certains publics comme les demandeurs d\u2019emploi).<\/p>\n<p><iframe loading=\"lazy\" title=\"Les aides \u00e0 la formation\" width=\"500\" height=\"281\" src=\"https:\/\/www.youtube.com\/embed\/gs3ZRHqtzmY?feature=oembed\" frameborder=\"0\" allow=\"accelerometer; autoplay; clipboard-write; encrypted-media; gyroscope; picture-in-picture; web-share\" referrerpolicy=\"strict-origin-when-cross-origin\" allowfullscreen><\/iframe><\/p>\n<div class=\"brs_col\">\n<h1>Comment rendre une formation \u00e9ligible au CPF ?<\/h1>\n<p>Les organismes de formation doivent effectuer les d\u00e9marches suivantes afin de <strong>rendre<\/strong> leur <strong>programme \u00e9ligible au Compte formation<\/strong> (<strong>CPF<\/strong>) :<\/p>\n<ul>\n<li>d\u00e9poser une demande d&rsquo;enregistrement dans le R\u00e9pertoire national des certifications professionnelles (RNCP)<\/li>\n<li>ou dans le R\u00e9pertoire sp\u00e9cifique (RS).<\/li>\n<\/ul>\n<h1>Existe-il un annuaire formation CPF ?<\/h1>\n<p>Il existe en r\u00e9alit\u00e9 plusieurs annuaires propos\u00e9s par divers sites. Il affiche des offres de formation telles que :<\/p>\n<ul>\n<li>La pr\u00e9paration TOEIC Anglais ou le SIELE (espagnol),<\/li>\n<li>le PCI,<\/li>\n<li>le TOSA<\/li>\n<li>etc.<\/li>\n<\/ul>\n<\/div>\n<h1>Comment savoir si une formation est \u00e9ligible au CPF ?<\/h1>\n<p>Sur le compte personnel de formation cpf, il faut indiquer les renseignements suivants :<\/p>\n<ul>\n<li>domaine d&#8217;emploi (notamment avec le code NAF),<\/li>\n<li>r\u00e9gion de recherche,<\/li>\n<li>mot-cl\u00e9 indiquant le type de formation recherch\u00e9e.<\/li>\n<\/ul>\n<p>Les r\u00e9sultats qui s&rsquo;affichent sont les formations \u00e9ligibles au CPF.<\/p>\n<h1>Quelles comp\u00e9tences peut-on acqu\u00e9rir \u00e0 travers les formations CPF ?<\/h1>\n<\/div>\n<p>Les formations CPF vous permettent de vous former dans de nombreux domaines.<\/p>\n<div class=\"card-section\">\n<ul>\n<li>formations permettant de faire valider les acquis de l\u2019exp\u00e9rience (VAE) indiqu\u00e9s au <strong>3\u00b0 de l\u2019article L.6313-1.<\/strong><\/li>\n<li>bilan de comp\u00e9tences.<\/li>\n<li>actions de formation \u00e0 destination des cr\u00e9ateurs ou repreneurs d\u2019entreprises.<\/li>\n<li>pr\u00e9paration de <strong>l\u2019\u00e9preuve th\u00e9orique du Code de la route et de l\u2019\u00e9preuve pratique<\/strong> du permis de conduire des v\u00e9hicules du groupe l\u00e9ger (permis B) et du groupe lourd.<\/li>\n<\/ul>\n<\/div>\n<div class=\"card-section\">\n<div class=\"brs_col\">\n<h1>Comment fonctionne la conversion des heures en euros pour le CPF ?<\/h1>\n<ol>\n<li>Vous avez acc\u00e8s \u00e0 24 heures de formation par an. Et ce, pour un maximum de <strong>120 heures, ce qui correspond \u00e0 un plafond.<\/strong><\/li>\n<li>Vous cumulez 1 heure par mois, soit 12 heures par an pour un <strong>total de 150 heures. <\/strong>Si vous \u00eates dit non-qualifi\u00e9, vous pouvez passer \u00e0 48 heures par an (plafond total de 400 heures).<\/li>\n<\/ol>\n<p>Depuis 2019, la conversion des heures CPF en euros est act\u00e9e. Par cons\u00e9quent, cela correspond \u00e0 500\u20ac et 800\u20ac par an.<\/p>\n<\/div>\n<p><strong>Attention<\/strong><strong> :<\/strong> les heures cumul\u00e9es sont plafonn\u00e9es \u00e0 <strong>150 heures.<\/strong> Si vous avez acquis plus d&rsquo;heures, sachez que uniquement <strong>100 heures pourront \u00eatre utilis\u00e9es<\/strong>. Par ailleurs, si le co\u00fbt de la formation choisie est sup\u00e9rieur au nombre d&rsquo;heures sur le compte, elle pourra alors b\u00e9n\u00e9ficier d&rsquo;un financement compl\u00e9mentaire. Le tout, pour un <strong>plafond de 5.000\u20ac et 8.000\u20ac.<\/strong><\/p>\n<\/div>\n<h1>Quel est le prix d&rsquo;une formation anglais CPF ?<\/h1>\n<ol>\n<li>connectez-vous \u00e0 votre compte CPF.<\/li>\n<li>consultez le montant dont vous disposez.<\/li>\n<li>cherchez une formation d&rsquo;anglais qui corresponde \u00e0 votre projet de formation et au montant dont vous disposez.<\/li>\n<li>dirigez-vous vers un <strong>Organisme Paritaire Collecteur Agr\u00e9\u00e9 (OPCA)<\/strong> qui vous fournira les informations n\u00e9cessaires concernant le co\u00fbt de votre formation en anglais.<\/li>\n<\/ol>\n<div class=\"card-section\">\n<div class=\"brs_col\">\n<h1 class=\"fittexted_for_content_h2\">Quel est le montant d&rsquo;une formation anglais ?<\/h1>\n<p>Le prix d&rsquo;une formation d\u00e9pend des \u00e9l\u00e9ments suivants :<\/p>\n<ul>\n<li><strong>dur\u00e9e de la formation,<\/strong><\/li>\n<li><strong>nombre de le\u00e7ons donn\u00e9es,<\/strong><\/li>\n<li><strong>nombre d&rsquo;heures acquises sur votre CPF.<\/strong><\/li>\n<\/ul>\n<h1><strong>Comment conna\u00eetre ses heures de dif ?<\/strong><\/h1>\n<p>Afin de conna\u00eetre votre solde d\u2019heures de DIF, vous avez deux possibilit\u00e9s :<\/p>\n<ul>\n<li><strong>demandez \u00e0 votre\u00a0service RH.\u00a0<\/strong><\/li>\n<li><strong>r\u00e9f\u00e9rez-vous \u00e0 votre bulletin de salaire de janvier<\/strong>. En effet, le solde d\u2019heures de formation restant est indiqu\u00e9 une fois par an sur le bulletin de salaire.<\/li>\n<\/ul>\n<p>Si vous faites une demande de formation \u00e0 travers votre CPF (nouveau CPF), vos heures de DIF disponibles seront celles utilis\u00e9es en premier lieu.<\/p>\n<p>Par ailleurs, les heures que vous avez r\u00e9cemment acquises peuvent s&rsquo;ajouter au solde d&rsquo;heures de DIF. Et ce, dans la limite d\u2019un plafond de 150 heures.<\/p>\n<p>\u00c0 noter que ce solde peut \u00eatre compl\u00e9t\u00e9 (sous certaines conditions) par :<\/p>\n<ul>\n<li><strong>l\u2019entreprise elle-m\u00eame.<\/strong><\/li>\n<li><strong>un organisme financeur.<\/strong><\/li>\n<\/ul>\n<h1>CPF CPA : qu&rsquo;est-ce qui change ?<\/h1>\n<p>CPF et CPA ont \u00e9t\u00e9 fusionn\u00e9s le 27 f\u00e9vrier 2018. Ils ne forment d\u00e9sormais qu&rsquo;un seul site : moncompteactivite.gouv.fr.<\/p>\n<p>Le but \u00e9tant pour vous de naviguer sur un format plus lisible et plus moderne. Vous aurez ainsi acc\u00e8s \u00e0 l&rsquo;ensemble des \u00e9l\u00e9ments suivants :<\/p>\n<ul>\n<li>Dossiers de formation.<\/li>\n<li>Heures CPF et DIF (droit individuel \u00e0 la formation).<\/li>\n<li>Historique de compte.<\/li>\n<li>Formations qui correspond \u00e0 vos comp\u00e9tences n\u00e9cessaires \u00e0 votre \u00e9volution.<\/li>\n<li>Informations sur les d\u00e9marches \u00e0 effectuer et les interlocuteurs \u00e0 contacter.<\/li>\n<\/ul>\n<div class='cta-block'><div class='text'>Simulez toutes vos aides en 2 min.<\/div><a href='https:\/\/www.mes-allocs.fr\/ab-app?origin=guides\/wp-json\/wp\/v2\/posts\/9494' class='app-button fit'>Simulation gratuite<\/a><\/div>\n<h1>En quoi consiste le CPF formation ?<\/h1>\n<p>Financ\u00e9 par la Caisse des d\u00e9p\u00f4ts depuis le 1er janvier 2020, le CPF est un dispositif qui vous permet de cumuler des heures de travail.<\/p>\n<p>Elles sont ensuite converties en euros, dans le but de vous donner acc\u00e8s \u00e0 un vaste ensemble de formations destin\u00e9es \u00e0 vous faire \u00e9voluer dans le monde professionnel.<\/p>\n<p>Vous pouvez ainsi mener une formation professionnelle totalement prise en charge :<\/p>\n<ul>\n<li>sur votre temps de travail,<\/li>\n<li>ou prendre un cong\u00e9.<\/li>\n<\/ul>\n<p>Ce dispositif s&rsquo;adresse aux salari\u00e9s de :<\/p>\n<ul>\n<li>la fonction publique<\/li>\n<li>et du priv\u00e9.<\/li>\n<\/ul>\n<h1>Qui peut b\u00e9n\u00e9ficier d&rsquo;un CPF ?<\/h1>\n<ul>\n<li>Les personnes \u00e2g\u00e9es de 16 ans et plus disposent d\u2019un Compte personnel de formation (CPF).<\/li>\n<li>Les jeunes de 15 ans ayant sign\u00e9 un contrat d\u2019apprentissage, par d\u00e9rogation, sont \u00e9galement concern\u00e9s.<\/li>\n<\/ul>\n<p>Les personnes suivantes peuvent ainsi b\u00e9n\u00e9ficier du CPF :<\/p>\n<ul>\n<li>salari\u00e9s \u00e0 temps complet et \u00e0 temps partiel.<\/li>\n<li>travailleurs ind\u00e9pendants.<\/li>\n<li>employ\u00e9s saisonniers.<\/li>\n<li>agents publics et consulaires.<\/li>\n<li>demandeurs d emploi.<\/li>\n<li>personnes handicap\u00e9es h\u00e9berg\u00e9es en \u00e9tablissement ou en service d&rsquo;aide par le travail (ESAT).<\/li>\n<\/ul>\n<p>\u00c0 noter que le CPF est ferm\u00e9 lorsque vous faites valoir vos droits \u00e0 la retraite.<\/p>\n<h1>Comment acc\u00e9der au CPF ?<\/h1>\n<p>C&rsquo;est sur le compte officiel moncompteformation.gouv.fr que vous pouvez acc\u00e9der \u00e0 votre espace personnel s\u00e9curis\u00e9. Vous y trouverez \u00e9galement :<\/p>\n<ul>\n<li>informations vous concernant (par exemple : cr\u00e9dit en euros enregistr\u00e9 sur votre compte).<\/li>\n<li>d\u00e9tails sur les formations que vous pouvez solliciter (formations \u00e9ligibles au Compte personnel de formation).<\/li>\n<li>informations sur les financements de formation.<\/li>\n<li>acc\u00e8s aux services num\u00e9riques li\u00e9s \u00e0 l\u2019orientation professionnelle et la capitalisation des comp\u00e9tences.<\/li>\n<\/ul>\n<h1>Qui finance le CPF ?<\/h1>\n<p>C&rsquo;est la Caisse des D\u00e9p\u00f4ts et Consignations, institution financi\u00e8re publique, qui g\u00e8re le CPF.<\/p>\n<p>Plus exactement, les fonds proviennent partiellement de la \u00ab\u00a0contribution \u00e0 la formation professionnelle et \u00e0 l\u2019alternance\u00a0\u00bb, pay\u00e9es par les employeurs chaque ann\u00e9e.<\/p>\n<\/div>\n<h1>Comment annuler une formation CPF ?<\/h1>\n<p>Rendez-vous sur votre espace num\u00e9rique CPF. Il sera alors recr\u00e9dit\u00e9 des droits CPF utillis\u00e9s.<\/p>\n<p>En outre, suite \u00e0 la crise sanitaire, le minist\u00e8re du Travail a d\u00e9clar\u00e9 que \u00ab\u00a0les personnes ayant financ\u00e9es une partie du montant de la formation par du reste \u00e0 charge, seront rembours\u00e9es du montant int\u00e9gral\u00a0\u00bb. Il a publi\u00e9 un questions\/r\u00e9ponses sur MonCompteFormation.<\/p>\n<p>Par ailleurs, dans le m\u00eame contexte, les annulations effectu\u00e9es depuis le 12 mars 2020 sont consid\u00e9r\u00e9es comme des cas de force majeure. <strong>\u00c0 noter qu&rsquo;elles ne sont pas automatiques.<\/strong><\/p>\n<div class=\"brs_col\">\n<h1>Les volontaires en service civique ont-ils un CPF ?<\/h1>\n<p><span class=\"st\">Il faut justifier d&rsquo;au moins :<br \/>\n<\/span><\/p>\n<ul>\n<li><strong><span class=\"st\"> 90 jours de service civique,<\/span><\/strong><\/li>\n<li><strong><span class=\"st\">ou de 200 heures de b\u00e9n\u00e9volat dans les associations par an.<\/span><\/strong><\/li>\n<\/ul>\n<p>Les formations n\u00e9cessaires \u00e0 l exercice de leurs missions sont les seules accessibles aux volontaires service civique sur le CPF.<\/p>\n<div class='cta-block'><div class='text'>Simulez toutes vos aides en 2 min.<\/div><a href='https:\/\/www.mes-allocs.fr\/ab-app?origin=guides\/wp-json\/wp\/v2\/posts\/9494' class='app-button fit'>Simulation gratuite<\/a><\/div>\n<\/div>\n<\/div>\n","protected":false},"excerpt":{"rendered":"<p>[Mis \u00e0 jour le 03\/04\/2026] Dans le cadre du cpf, vous pouvez\u00a0entreprendre des formations destin\u00e9es \u00e0 encourager votre \u00e9volution professionnelle. En effet, ces formations sont prises en charge gr\u00e2ce \u00e0 votre nombre d&rsquo;heures cumul\u00e9es. Dans cet article, Mes Allocs vous aide \u00e0 trouver une formation \u00e9ligible au CPF. Comment faire une demande de formation (CPF) [&hellip;]<\/p>\n","protected":false},"author":7,"featured_media":9560,"comment_status":"open","ping_status":"open","sticky":false,"template":"","format":"standard","meta":{"amp_status":"","footnotes":""},"categories":[2045,2046],"tags":[],"class_list":["post-9494","post","type-post","status-publish","format-standard","has-post-thumbnail","hentry","category-aide-formation","category-compte-personnel-formation-cpf"],"yoast_head":"<!-- This site is optimized with the Yoast SEO plugin v14.9 - https:\/\/yoast.com\/wordpress\/plugins\/seo\/ -->\n<title>Comment trouver une formation \u00e9ligible CPF ? | Mes-Allocs.fr<\/title>\n<meta name=\"description\" content=\"Le CPF contient un vaste catalogue de formations destin\u00e9es \u00e0 vous faire gagner en comp\u00e9tences. Mes Allocs vous aide \u00e0 trouver une formation \u00e9ligible au CPF.\" \/>\n<meta name=\"robots\" content=\"index, follow, max-snippet:-1, max-image-preview:large, max-video-preview:-1\" \/>\n<link rel=\"canonical\" href=\"https:\/\/www.mes-allocs.fr\/guides\/aide-formation\/compte-personnel-formation-cpf\/formation-eligible-cpf\/\" \/>\n<meta property=\"og:locale\" content=\"fr_FR\" \/>\n<meta property=\"og:type\" content=\"article\" \/>\n<meta property=\"og:title\" content=\"Comment trouver une formation \u00e9ligible CPF ? | Mes-Allocs.fr\" \/>\n<meta property=\"og:description\" content=\"Le CPF contient un vaste catalogue de formations destin\u00e9es \u00e0 vous faire gagner en comp\u00e9tences. Mes Allocs vous aide \u00e0 trouver une formation \u00e9ligible au CPF.\" \/>\n<meta property=\"og:url\" content=\"https:\/\/www.mes-allocs.fr\/guides\/aide-formation\/compte-personnel-formation-cpf\/formation-eligible-cpf\/\" \/>\n<meta property=\"og:site_name\" content=\"Mes-Allocs.fr\" \/>\n<meta property=\"article:published_time\" content=\"2020-07-15T12:32:29+00:00\" \/>\n<meta property=\"article:modified_time\" content=\"2026-04-07T13:15:04+00:00\" \/>\n<meta property=\"og:image\" content=\"https:\/\/www.mes-allocs.fr\/guides\/wp-content\/uploads\/2020\/07\/Comment-trouver-une-formation-e\u0301ligible-CPF-.jpg?wsr\" \/>\n\t<meta property=\"og:image:width\" content=\"1280\" \/>\n\t<meta property=\"og:image:height\" content=\"854\" \/>\n<meta name=\"twitter:card\" content=\"summary_large_image\" \/>\n<script type=\"application\/ld+json\" class=\"yoast-schema-graph\">{\"@context\":\"https:\/\/schema.org\",\"@graph\":[{\"@type\":\"WebSite\",\"@id\":\"https:\/\/www.mes-allocs.fr\/guides\/#website\",\"url\":\"https:\/\/www.mes-allocs.fr\/guides\/\",\"name\":\"Mes-Allocs.fr\",\"description\":\"\",\"potentialAction\":[{\"@type\":\"SearchAction\",\"target\":\"https:\/\/www.mes-allocs.fr\/guides\/?s={search_term_string}\",\"query-input\":\"required name=search_term_string\"}],\"inLanguage\":\"fr-FR\"},{\"@type\":\"ImageObject\",\"@id\":\"https:\/\/www.mes-allocs.fr\/guides\/aide-formation\/compte-personnel-formation-cpf\/formation-eligible-cpf\/#primaryimage\",\"inLanguage\":\"fr-FR\",\"url\":\"https:\/\/www.mes-allocs.fr\/guides\/wp-content\/uploads\/2020\/07\/Comment-trouver-une-formation-e\\u0301ligible-CPF-.jpg?wsr\",\"width\":1280,\"height\":854,\"caption\":\"Comment trouver une formation e\\u0301ligible CPF\"},{\"@type\":\"WebPage\",\"@id\":\"https:\/\/www.mes-allocs.fr\/guides\/aide-formation\/compte-personnel-formation-cpf\/formation-eligible-cpf\/#webpage\",\"url\":\"https:\/\/www.mes-allocs.fr\/guides\/aide-formation\/compte-personnel-formation-cpf\/formation-eligible-cpf\/\",\"name\":\"Comment trouver une formation \\u00e9ligible CPF ? | Mes-Allocs.fr\",\"isPartOf\":{\"@id\":\"https:\/\/www.mes-allocs.fr\/guides\/#website\"},\"primaryImageOfPage\":{\"@id\":\"https:\/\/www.mes-allocs.fr\/guides\/aide-formation\/compte-personnel-formation-cpf\/formation-eligible-cpf\/#primaryimage\"},\"datePublished\":\"2020-07-15T12:32:29+00:00\",\"dateModified\":\"2026-04-07T13:15:04+00:00\",\"author\":{\"@id\":\"https:\/\/www.mes-allocs.fr\/guides\/#\/schema\/person\/1c4837d5703727cb02ce84583b5a44aa\"},\"description\":\"Le CPF contient un vaste catalogue de formations destin\\u00e9es \\u00e0 vous faire gagner en comp\\u00e9tences. Mes Allocs vous aide \\u00e0 trouver une formation \\u00e9ligible au CPF.\",\"inLanguage\":\"fr-FR\"},{\"@type\":\"Person\",\"@id\":\"https:\/\/www.mes-allocs.fr\/guides\/#\/schema\/person\/1c4837d5703727cb02ce84583b5a44aa\",\"name\":\"Fabiola\",\"image\":{\"@type\":\"ImageObject\",\"@id\":\"https:\/\/www.mes-allocs.fr\/guides\/#personlogo\",\"inLanguage\":\"fr-FR\",\"url\":\"https:\/\/www.mes-allocs.fr\/guides\/wp-content\/uploads\/2021\/06\/fabiola-150x150.png\",\"caption\":\"Fabiola\"},\"description\":\"Fabiola est r\\u00e9dactrice au sein de l'\\u00e9quipe Mes Allocs, sp\\u00e9cialis\\u00e9e en sciences politiques et affaires publiques. Dipl\\u00f4m\\u00e9e de l'HEIP, elle rejoint Mes Allocs apr\\u00e8s une premi\\u00e8re exp\\u00e9rience \\u00e0 l'Assembl\\u00e9e Nationale.\",\"sameAs\":[\"https:\/\/www.linkedin.com\/in\/cecilia-philippe-b-8a8085195\"]}]}<\/script>\n<!-- \/ Yoast SEO plugin. -->","amp_validity":null,"acf":{"faq":{"1":{"question":"Comment obtenir une certification pour une formation ?","answer":"Les organismes de formation doivent faire la demande par t\u00e9l\u00e9proc\u00e9dure sur le site de France Comp\u00e9tences."},"2":{"question":"Comment rendre une formation \u00e9ligible au CPF ?","answer":"Les organismes de formation doivent d\u00e9tenir un certificat de qualification professionnelle (CQP), une certification enregistr\u00e9e au R\u00e9pertoire national des certifications professionnelles (RNCP) ou une certification recens\u00e9e \u00e0 l'Inventaire."},"3":{"question":"Qui peut d\u00e9livrer un certificat de formation ?","answer":"Ce sont les organismes agr\u00e9\u00e9s par le gouvernement qui d\u00e9livrent les certifications, tels que les universit\u00e9s ou les \u00e9tablissements ind\u00e9pendants."},"4":{"question":"Quelles formations \u00e9ligibles au CPF ?","answer":"Les certifications professionnelles enregistr\u00e9es au R\u00e9pertoire National des Certifications Professionnelles (RNCP) et les attestations de validation de blocs de comp\u00e9tences sont des formations \u00e9ligibles au CPF."},"5":{"question":"Comment savoir si la formation est \u00e9ligible au CPF ?","answer":"Si elle appara\u00eet dans vos r\u00e9sultats de recherche sur le CPF, alors elle est \u00e9ligible."},"6":{"question":"","answer":""},"7":{"question":"","answer":""},"8":{"question":"","answer":""},"9":{"question":"","answer":""},"10":{"question":"","answer":""},"11":{"question":"","answer":""},"12":{"question":"","answer":""},"13":{"question":"","answer":""},"14":{"question":"","answer":""},"15":{"question":"","answer":""},"16":{"question":"","answer":""}}},"_links":{"self":[{"href":"https:\/\/www.mes-allocs.fr\/guides\/wp-json\/wp\/v2\/posts\/9494","targetHints":{"allow":["GET"]}}],"collection":[{"href":"https:\/\/www.mes-allocs.fr\/guides\/wp-json\/wp\/v2\/posts"}],"about":[{"href":"https:\/\/www.mes-allocs.fr\/guides\/wp-json\/wp\/v2\/types\/post"}],"author":[{"embeddable":true,"href":"https:\/\/www.mes-allocs.fr\/guides\/wp-json\/wp\/v2\/users\/7"}],"replies":[{"embeddable":true,"href":"https:\/\/www.mes-allocs.fr\/guides\/wp-json\/wp\/v2\/comments?post=9494"}],"version-history":[{"count":23,"href":"https:\/\/www.mes-allocs.fr\/guides\/wp-json\/wp\/v2\/posts\/9494\/revisions"}],"predecessor-version":[{"id":111676,"href":"https:\/\/www.mes-allocs.fr\/guides\/wp-json\/wp\/v2\/posts\/9494\/revisions\/111676"}],"wp:featuredmedia":[{"embeddable":true,"href":"https:\/\/www.mes-allocs.fr\/guides\/wp-json\/wp\/v2\/media\/9560"}],"wp:attachment":[{"href":"https:\/\/www.mes-allocs.fr\/guides\/wp-json\/wp\/v2\/media?parent=9494"}],"wp:term":[{"taxonomy":"category","embeddable":true,"href":"https:\/\/www.mes-allocs.fr\/guides\/wp-json\/wp\/v2\/categories?post=9494"},{"taxonomy":"post_tag","embeddable":true,"href":"https:\/\/www.mes-allocs.fr\/guides\/wp-json\/wp\/v2\/tags?post=9494"}],"curies":[{"name":"wp","href":"https:\/\/api.w.org\/{rel}","templated":true}]}}