{"id":94659,"date":"2025-03-06T08:50:58","date_gmt":"2025-03-06T06:50:58","guid":{"rendered":"https:\/\/www.mes-allocs.fr\/guides\/?p=94659"},"modified":"2026-04-22T08:33:36","modified_gmt":"2026-04-22T07:33:36","slug":"declarer-mobili-jeune-caf","status":"publish","type":"post","link":"https:\/\/www.mes-allocs.fr\/guides\/aide-mobilite\/mobili-jeune\/declarer-mobili-jeune-caf\/","title":{"rendered":"Faut-il d\u00e9clarer Mobili-Jeune \u00e0 la CAF ?"},"content":{"rendered":"<p><img loading=\"lazy\" decoding=\"async\" class=\"alignnone wp-image-94664\" title=\"caf declarer mobili jeune\" src=\"https:\/\/www.mes-allocs.fr\/guides\/wp-content\/uploads\/2025\/03\/caf-declarer-mobili-jeune-e1741169209306-300x50.jpg\" alt=\"caf declarer mobili jeune\" width=\"1476\" height=\"246\" srcset=\"https:\/\/www.mes-allocs.fr\/guides\/wp-content\/uploads\/2025\/03\/caf-declarer-mobili-jeune-e1741169209306-300x50.jpg 300w, https:\/\/www.mes-allocs.fr\/guides\/wp-content\/uploads\/2025\/03\/caf-declarer-mobili-jeune-e1741169209306-768x127.jpg 768w, https:\/\/www.mes-allocs.fr\/guides\/wp-content\/uploads\/2025\/03\/caf-declarer-mobili-jeune-e1741169209306-600x99.jpg 600w\" sizes=\"auto, (max-width: 1476px) 100vw, 1476px\" \/><\/p>\n<p>[Mis \u00e0 jour le 28\/01\/2026] Vers\u00e9e par Action Logement, l\u2019aide Mobili-Jeune est une <a href=\"https:\/\/www.mes-allocs.fr\/guides\/aide-mobilite\/\">aide \u00e0 la mobilit\u00e9<\/a> destin\u00e9e aux alternants pour les aides \u00e0 payer leur loyer. Mais, <b>faut-il d\u00e9clarer Mobili-Jeune \u00e0 la CAF<\/b> ? Dans cet article, d\u00e9couvrez les obligations li\u00e9es \u00e0 cette aide, son impact sur vos droits aux prestations sociales et les d\u00e9marches \u00e0 suivre pour \u00e9viter les erreurs.<\/p>\n<p class=\"p1\"><div class='cta-block'><div class='text'>Simulez toutes vos Aides en 2 min.<\/div><a href='https:\/\/www.mes-allocs.fr\/ab-app?origin=guides\/wp-json\/wp\/v2\/posts\/94659' class='app-button fit'>Simulation gratuite<\/a><\/div><\/p>\n<h1>Devez-vous d\u00e9clarer Mobili-Jeune \u00e0 la CAF ?<\/h1>\n<h2>Doit-on informer la CAF de la perception de Mobili-Jeune ?<\/h2>\n<p><strong>Non<\/strong>, il n\u2019est pas n\u00e9cessaire d\u2019informer la CAF de la perception de l\u2019aide Mobili-Jeune. L\u2019aide Mobili-Jeune est une aide vers\u00e9e par Action Logement aux les alternants pour les aider \u00e0 payer leur loyer et elle n\u2019est pas consid\u00e9r\u00e9e comme un revenu \u00e0 d\u00e9clarer \u00e0 la CAF. De plus, cette aide n\u2019est pas imposable.<\/p>\n<h2>L\u2019aide Mobili-Jeune impacte-t-elle le calcul des aides de la CAF ?<\/h2>\n<p><strong>Non<\/strong>, l\u2019aide Mobili-Jeune n\u2019impacte pas le calcul des aides de la CAF. En revanche, les aides au logement de la CAF, comme l\u2019APL, sont <b>prises en compte dans le calcul du montant de l\u2019aide Mobili-Jeune<\/b>.<\/p>\n<p>Le montant de l\u2019aide Mobili-Jeune est calcul\u00e9 en fonction du loyer restant \u00e0 charge apr\u00e8s d\u00e9duction des aides au logement. Par exemple, si votre loyer est de 400 \u20ac et que la CAF vous accorde 200 \u20ac d\u2019APL, le montant de l\u2019aide Mobili-Jeune pourrait \u00eatre de 100 \u20ac.<\/p>\n<p><b>\u00c0 noter<\/b> : le montant de l\u2019aide Mobili-Jeune peut atteindre <b>100 \u20ac par mois<\/b>, avec un plafond de<b> 1100 \u20ac par an<\/b>.<\/p>\n<h2>Les risques si vous avez d\u00e9clar\u00e9 l&rsquo;aide Mobili-Jeune \u00e0 la CAF<\/h2>\n<p>D\u00e9clarer l\u2019aide Mobili-Jeune \u00e0 la CAF peut entra\u00eener un <b>recalcul de vos droits aux prestations sociales<\/b>. En effet, la CAF consid\u00e8re cette aide comme une ressource, ce qui peut impacter le montant de vos allocations. Si le calcul r\u00e9v\u00e8le que vous avez per\u00e7u des aides auxquelles vous n\u2019aviez pas droit, la CAF peut vous demander de rembourser les sommes trop per\u00e7ues. De plus, une d\u00e9claration incorrecte ou incompl\u00e8te peut \u00eatre consid\u00e9r\u00e9e comme une fraude par la CAF.<\/p>\n<p><iframe loading=\"lazy\" title=\"L&#039;aide Mobili jeune\" width=\"500\" height=\"281\" src=\"https:\/\/www.youtube.com\/embed\/tu3qdMGINEM?feature=oembed\" frameborder=\"0\" allow=\"accelerometer; autoplay; clipboard-write; encrypted-media; gyroscope; picture-in-picture; web-share\" referrerpolicy=\"strict-origin-when-cross-origin\" allowfullscreen><\/iframe><\/p>\n<p class=\"p1\"><div class='cta-block'><div class='text'>Simulez toutes vos Aides en 2 min.<\/div><a href='https:\/\/www.mes-allocs.fr\/ab-app?origin=guides\/wp-json\/wp\/v2\/posts\/94659' class='app-button fit'>Simulation gratuite<\/a><\/div><\/p>\n<h1>Peut-on cumuler Mobili-Jeune avec d\u2019autres aides au logement ?<\/h1>\n<h2>Mobili-Jeune et APL : un cumul possible ?<\/h2>\n<p><strong>Oui<\/strong>, vous avez la possibilit\u00e9 de cumuler l\u2019aide Mobili-Jeune avec l\u2019Aide Personnalis\u00e9e au Logement (APL). L\u2019APL est calcul\u00e9 en fonction de vos revenus et \u00e0 pour but de diminuer le montant total de votre loyer. De son c\u00f4t\u00e9, l\u2019aide Mobili-Jeune est calcul\u00e9e apr\u00e8s d\u00e9duction de l\u2019APL sur votre loyer.<\/p>\n<p><b>\u00c0 noter<\/b> : le cumul de l\u2019aide Mobili-Jeune et l\u2019APL ne peut pas d\u00e9passer le montant total du loyer.<\/p>\n<h2>Quelles autres aides peuvent \u00eatre combin\u00e9es avec Mobili-Jeune ?<\/h2>\n<p>L\u2019aide Mobili-Jeune peut \u00eatre cumul\u00e9 avec plusieurs d\u2019autre aides au logement :<\/p>\n<ul>\n<li aria-level=\"1\"><b>La garantie Visale<\/b> : propos\u00e9e par Action Logement, il s\u2019agit d\u2019une caution locative gratuite qui peut \u00eatre combin\u00e9e avec Mobili-Jeune pour s\u00e9curiser votre bail.<\/li>\n<li aria-level=\"1\"><b>L\u2019avance Loca-Pass<\/b> : cette aide vous permet de financer le d\u00e9p\u00f4t de garantie demand\u00e9 au moment de la signature du bail. L\u2019aide est aussi cumulable avec Mobili-Jeune.<\/li>\n<\/ul>\n<h1>Quelles sont les autres ressources \u00e0 d\u00e9clarer \u00e0 la CAF ?<\/h1>\n<p>Lors de votre d\u00e9claration \u00e0 la CAF, il est important de d\u00e9clarer toutes les ressources per\u00e7ues, m\u00eame celles qui ne sont pas imposables. Parmi ces ressources, on retrouve :<\/p>\n<ul>\n<li aria-level=\"1\"><b>Les revenus professionnels <\/b>: tels que les salaires, les revenus en tant qu\u2019ind\u00e9pendant ou auto-entrepreneur et les indemnit\u00e9s de stage.<\/li>\n<li aria-level=\"1\"><b>Les prestations sociales et les aides <\/b>: les pensions alimentaires re\u00e7ues pour vous ou vos enfants, les indemnit\u00e9s journali\u00e8res, l\u2019allocation ch\u00f4mage.<\/li>\n<li aria-level=\"1\"><b>Les revenus du patrimoine<\/b> : les loyers per\u00e7us si vous \u00eates propri\u00e9taire d&rsquo;un bien mis en location et les revenus d\u2019\u00e9pargne ou d\u2019investissement.<\/li>\n<li aria-level=\"1\"><b>Les revenus exceptionnels<\/b> : les primes ou les gains ponctuels.<\/li>\n<\/ul>\n<p><b>\u00c0 noter<\/b> : Les prestations vers\u00e9es par la CAR (APL, RSA, etc\u2026) ne doivent pas \u00eatre incluses dans la d\u00e9claration.<\/p>\n<h1>Faut-il d\u00e9clarer les aides CAF lors de la demande Mobili-Jeune ?<\/h1>\n<p><strong>Oui<\/strong>, il est n\u00e9cessaire de d\u00e9clarer les aides CAF, en particulier l\u2019APL, lors de votre demande Mobili-Jeune. Comme mentionn\u00e9 pr\u00e9c\u00e9demment, le montant de l\u2019aide Mobili-Jeune est calcul\u00e9 en prenant en compte les aides au logement que vous percevez d\u00e9j\u00e0, notamment l\u2019APL. L\u2019aide Mobili-Jeune vient alors compl\u00e9ter ces aides. Lors de votre demande Mobili-Jeune, vous devez fournir votre attestation APL pour le logement occup\u00e9.<\/p>\n<h1>Conclusion<\/h1>\n<p>En conclusion, il n\u2019est pas n\u00e9cessaire de d\u00e9clarer l\u2019aide Mobili-Jeune \u00e0 la CAF, car elle n\u2019est pas consid\u00e9r\u00e9e comme un revenu et n\u2019impacte pas le calcul de vos aides. Cependant, lors de votre demande d\u2019aide Mobili-Jeune, il est important de d\u00e9clarer les aides au logement per\u00e7ues, comme l\u2019APL, car elles influencent le montant de l\u2019aide. Afin d\u2019\u00e9viter tout risque d\u2019erreur et de recalcul de vos droits, veillez \u00e0 bien respecter ces d\u00e9marches.<\/p>\n<p class=\"p1\"><div class='cta-block'><div class='text'>Simulez toutes vos Aides en 2 min.<\/div><a href='https:\/\/www.mes-allocs.fr\/ab-app?origin=guides\/wp-json\/wp\/v2\/posts\/94659' class='app-button fit'>Simulation gratuite<\/a><\/div><\/p>\n","protected":false},"excerpt":{"rendered":"<p>[Mis \u00e0 jour le 28\/01\/2026] Vers\u00e9e par Action Logement, l\u2019aide Mobili-Jeune est une aide \u00e0 la mobilit\u00e9 destin\u00e9e aux alternants pour les aides \u00e0 payer leur loyer. Mais, faut-il d\u00e9clarer Mobili-Jeune \u00e0 la CAF ? Dans cet article, d\u00e9couvrez les obligations li\u00e9es \u00e0 cette aide, son impact sur vos droits aux prestations sociales et les [&hellip;]<\/p>\n","protected":false},"author":31,"featured_media":94665,"comment_status":"open","ping_status":"open","sticky":false,"template":"","format":"standard","meta":{"amp_status":"","footnotes":""},"categories":[29,4163],"tags":[],"class_list":["post-94659","post","type-post","status-publish","format-standard","has-post-thumbnail","hentry","category-aide-mobilite","category-mobili-jeune"],"yoast_head":"<!-- This site is optimized with the Yoast SEO plugin v14.9 - https:\/\/yoast.com\/wordpress\/plugins\/seo\/ -->\n<title>Faut-il d\u00e9clarer Mobili-Jeune \u00e0 la CAF ? | Mes-Allocs.fr<\/title>\n<meta name=\"description\" content=\"Aide Mobili-Jeune : devez-vous la d\u00e9clarer \u00e0 la CAF ? D\u00e9couvrez les obligations, son impact sur vos prestations sociales et les d\u00e9marches.\" \/>\n<meta name=\"robots\" content=\"index, follow, max-snippet:-1, max-image-preview:large, max-video-preview:-1\" \/>\n<link rel=\"canonical\" href=\"https:\/\/www.mes-allocs.fr\/guides\/aide-mobilite\/mobili-jeune\/declarer-mobili-jeune-caf\/\" \/>\n<meta property=\"og:locale\" content=\"fr_FR\" \/>\n<meta property=\"og:type\" content=\"article\" \/>\n<meta property=\"og:title\" content=\"Faut-il d\u00e9clarer Mobili-Jeune \u00e0 la CAF ? | Mes-Allocs.fr\" \/>\n<meta property=\"og:description\" content=\"Aide Mobili-Jeune : devez-vous la d\u00e9clarer \u00e0 la CAF ? D\u00e9couvrez les obligations, son impact sur vos prestations sociales et les d\u00e9marches.\" \/>\n<meta property=\"og:url\" content=\"https:\/\/www.mes-allocs.fr\/guides\/aide-mobilite\/mobili-jeune\/declarer-mobili-jeune-caf\/\" \/>\n<meta property=\"og:site_name\" content=\"Mes-Allocs.fr\" \/>\n<meta property=\"article:published_time\" content=\"2025-03-06T06:50:58+00:00\" \/>\n<meta property=\"article:modified_time\" content=\"2026-04-22T07:33:36+00:00\" \/>\n<meta property=\"og:image\" content=\"https:\/\/www.mes-allocs.fr\/guides\/wp-content\/uploads\/2025\/03\/declarer-mobili-jeune-caf.jpg?wsr\" \/>\n\t<meta property=\"og:image:width\" content=\"2000\" \/>\n\t<meta property=\"og:image:height\" content=\"1333\" \/>\n<meta name=\"twitter:card\" content=\"summary_large_image\" \/>\n<script type=\"application\/ld+json\" class=\"yoast-schema-graph\">{\"@context\":\"https:\/\/schema.org\",\"@graph\":[{\"@type\":\"WebSite\",\"@id\":\"https:\/\/www.mes-allocs.fr\/guides\/#website\",\"url\":\"https:\/\/www.mes-allocs.fr\/guides\/\",\"name\":\"Mes-Allocs.fr\",\"description\":\"\",\"potentialAction\":[{\"@type\":\"SearchAction\",\"target\":\"https:\/\/www.mes-allocs.fr\/guides\/?s={search_term_string}\",\"query-input\":\"required name=search_term_string\"}],\"inLanguage\":\"fr-FR\"},{\"@type\":\"ImageObject\",\"@id\":\"https:\/\/www.mes-allocs.fr\/guides\/aide-mobilite\/mobili-jeune\/declarer-mobili-jeune-caf\/#primaryimage\",\"inLanguage\":\"fr-FR\",\"url\":\"https:\/\/www.mes-allocs.fr\/guides\/wp-content\/uploads\/2025\/03\/declarer-mobili-jeune-caf.jpg?wsr\",\"width\":2000,\"height\":1333,\"caption\":\"declarer mobili jeune caf\"},{\"@type\":\"WebPage\",\"@id\":\"https:\/\/www.mes-allocs.fr\/guides\/aide-mobilite\/mobili-jeune\/declarer-mobili-jeune-caf\/#webpage\",\"url\":\"https:\/\/www.mes-allocs.fr\/guides\/aide-mobilite\/mobili-jeune\/declarer-mobili-jeune-caf\/\",\"name\":\"Faut-il d\\u00e9clarer Mobili-Jeune \\u00e0 la CAF ? | Mes-Allocs.fr\",\"isPartOf\":{\"@id\":\"https:\/\/www.mes-allocs.fr\/guides\/#website\"},\"primaryImageOfPage\":{\"@id\":\"https:\/\/www.mes-allocs.fr\/guides\/aide-mobilite\/mobili-jeune\/declarer-mobili-jeune-caf\/#primaryimage\"},\"datePublished\":\"2025-03-06T06:50:58+00:00\",\"dateModified\":\"2026-04-22T07:33:36+00:00\",\"author\":{\"@id\":\"https:\/\/www.mes-allocs.fr\/guides\/#\/schema\/person\/4f115680446d9e6de360142157ca671d\"},\"description\":\"Aide Mobili-Jeune : devez-vous la d\\u00e9clarer \\u00e0 la CAF ? D\\u00e9couvrez les obligations, son impact sur vos prestations sociales et les d\\u00e9marches.\",\"inLanguage\":\"fr-FR\"},{\"@type\":\"Person\",\"@id\":\"https:\/\/www.mes-allocs.fr\/guides\/#\/schema\/person\/4f115680446d9e6de360142157ca671d\",\"name\":\"Miangaly Ramasindray\",\"image\":{\"@type\":\"ImageObject\",\"@id\":\"https:\/\/www.mes-allocs.fr\/guides\/#personlogo\",\"inLanguage\":\"fr-FR\",\"url\":\"https:\/\/www.mes-allocs.fr\/guides\/wp-content\/uploads\/2024\/10\/Miangaly_Ramasindray-150x150.jpeg\",\"caption\":\"Miangaly Ramasindray\"},\"description\":\"Miangaly est r\\u00e9dactrice web sp\\u00e9cialis\\u00e9e sur les sujets de pouvoir d'achat. Elle rejoint Mes Allocs en 2024 apr\\u00e8s une premi\\u00e8re exp\\u00e9rience en marketing chez DMI.\",\"sameAs\":[\"https:\/\/www.linkedin.com\/in\/miangaly-ramasindray\/\"]}]}<\/script>\n<!-- \/ Yoast SEO plugin. -->","amp_validity":null,"acf":{"faq":{"1":{"question":"Si je re\u00e7ois d'autres aides d'Action Logement, dois-je les d\u00e9clarer \u00e0 la CAF ?","answer":"Les autres aides d'Action Logement, comme l'avance Loca-Pass ou la garantie Visale, n'ont g\u00e9n\u00e9ralement pas besoin d'\u00eatre d\u00e9clar\u00e9es \u00e0 la CAF, car elles ne sont pas consid\u00e9r\u00e9es comme des revenus. Cependant, il est toujours recommand\u00e9 de v\u00e9rifier les sp\u00e9cificit\u00e9s de chaque aide."},"2":{"question":"Comment la CAF est-elle inform\u00e9e du montant de l'APL que je per\u00e7ois pour le calcul de l'aide Mobili-Jeune ?","answer":"Lors de votre demande Mobili-Jeune, vous devrez fournir une attestation d'APL, fournie par la CAF, qui renseigne le montant que vous percevez."},"3":{"question":"Si je d\u00e9m\u00e9nage et change de logement, dois-je informer \u00e0 la fois Action Logement et la CAF ?","answer":"Oui, en cas de d\u00e9m\u00e9nagement, il est imp\u00e9ratif d'informer \u00e0 la fois Action Logement et la CAF pour mettre \u00e0 jour vos dossiers et recalculer vos droits."},"4":{"question":"Les \u00e9ventuelles variations de mon salaire d'alternant doivent-elles \u00eatre communiqu\u00e9es \u00e0 la CAF et \u00e0 Action Logement ?","answer":"Oui, les variations de salaire peuvent impacter vos droits aux aides. Il est donc n\u00e9cessaire d'informer la CAF et Action Logement en cas de changements significatifs."},"5":{"question":"Si la CAF me demande des informations sur mes aides au logement, dois-je mentionner l'aide Mobili-Jeune ?","answer":"Vous pouvez mentionner l'aide Mobili-Jeune, mais pr\u00e9cisez qu'elle n'est pas consid\u00e9r\u00e9e comme un revenu imposable ou une ressource \u00e0 d\u00e9clarer."},"6":{"question":"Est-ce que les d\u00e9lais de traitement des demandes CAF et Mobili-Jeune sont li\u00e9s ?","answer":"Non, les d\u00e9lais de traitement sont ind\u00e9pendants."},"7":{"question":"","answer":""},"8":{"question":"","answer":""},"9":{"question":"","answer":""},"10":{"question":"","answer":""},"11":{"question":"","answer":""},"12":{"question":"","answer":""},"13":{"question":"","answer":""},"14":{"question":"","answer":""},"15":{"question":"","answer":""},"16":{"question":"","answer":""}}},"_links":{"self":[{"href":"https:\/\/www.mes-allocs.fr\/guides\/wp-json\/wp\/v2\/posts\/94659","targetHints":{"allow":["GET"]}}],"collection":[{"href":"https:\/\/www.mes-allocs.fr\/guides\/wp-json\/wp\/v2\/posts"}],"about":[{"href":"https:\/\/www.mes-allocs.fr\/guides\/wp-json\/wp\/v2\/types\/post"}],"author":[{"embeddable":true,"href":"https:\/\/www.mes-allocs.fr\/guides\/wp-json\/wp\/v2\/users\/31"}],"replies":[{"embeddable":true,"href":"https:\/\/www.mes-allocs.fr\/guides\/wp-json\/wp\/v2\/comments?post=94659"}],"version-history":[{"count":5,"href":"https:\/\/www.mes-allocs.fr\/guides\/wp-json\/wp\/v2\/posts\/94659\/revisions"}],"predecessor-version":[{"id":108625,"href":"https:\/\/www.mes-allocs.fr\/guides\/wp-json\/wp\/v2\/posts\/94659\/revisions\/108625"}],"wp:featuredmedia":[{"embeddable":true,"href":"https:\/\/www.mes-allocs.fr\/guides\/wp-json\/wp\/v2\/media\/94665"}],"wp:attachment":[{"href":"https:\/\/www.mes-allocs.fr\/guides\/wp-json\/wp\/v2\/media?parent=94659"}],"wp:term":[{"taxonomy":"category","embeddable":true,"href":"https:\/\/www.mes-allocs.fr\/guides\/wp-json\/wp\/v2\/categories?post=94659"},{"taxonomy":"post_tag","embeddable":true,"href":"https:\/\/www.mes-allocs.fr\/guides\/wp-json\/wp\/v2\/tags?post=94659"}],"curies":[{"name":"wp","href":"https:\/\/api.w.org\/{rel}","templated":true}]}}