{"id":94019,"date":"2025-02-27T12:57:01","date_gmt":"2025-02-27T10:57:01","guid":{"rendered":"https:\/\/www.mes-allocs.fr\/guides\/?p=94019"},"modified":"2026-04-22T08:33:38","modified_gmt":"2026-04-22T07:33:38","slug":"mobili-jeune-versement","status":"publish","type":"post","link":"https:\/\/www.mes-allocs.fr\/guides\/aide-mobilite\/mobili-jeune\/mobili-jeune-versement\/","title":{"rendered":"Comment fonctionne le versement de l\u2019aide Mobili-Jeune ?"},"content":{"rendered":"<p><img loading=\"lazy\" decoding=\"async\" class=\"alignnone wp-image-94022\" title=\"mobili jeune versement\" src=\"https:\/\/www.mes-allocs.fr\/guides\/wp-content\/uploads\/2025\/02\/mobili-jeune-versement-e1740653777769-300x58.jpg\" alt=\"mobili jeune versement\" width=\"1426\" height=\"276\" srcset=\"https:\/\/www.mes-allocs.fr\/guides\/wp-content\/uploads\/2025\/02\/mobili-jeune-versement-e1740653777769-300x58.jpg 300w, https:\/\/www.mes-allocs.fr\/guides\/wp-content\/uploads\/2025\/02\/mobili-jeune-versement-e1740653777769-1024x197.jpg 1024w, https:\/\/www.mes-allocs.fr\/guides\/wp-content\/uploads\/2025\/02\/mobili-jeune-versement-e1740653777769-768x148.jpg 768w, https:\/\/www.mes-allocs.fr\/guides\/wp-content\/uploads\/2025\/02\/mobili-jeune-versement-e1740653777769-1536x296.jpg 1536w, https:\/\/www.mes-allocs.fr\/guides\/wp-content\/uploads\/2025\/02\/mobili-jeune-versement-e1740653777769-600x116.jpg 600w, https:\/\/www.mes-allocs.fr\/guides\/wp-content\/uploads\/2025\/02\/mobili-jeune-versement-e1740653777769.jpg 2000w\" sizes=\"auto, (max-width: 1426px) 100vw, 1426px\" \/><\/p>\n<p>En tant qu\u2019alternant, vous pouvez \u00eatre confront\u00e9 \u00e0 des charges importantes d\u00e8s le d\u00e9but de votre vie professionnelle. L\u2019aide Mobili-Jeune est une <a href=\"https:\/\/www.mes-allocs.fr\/guides\/aide-mobilite\/\">aide \u00e0 la mobilit\u00e9<\/a> qui vous permet de diminuer les frais li\u00e9s \u00e0 votre loyer. Mais comment fonctionne le <b>versement de l\u2019aide Mobili-Jeune<\/b> ? Dans cet article, d\u00e9couvrez les crit\u00e8res d\u2019\u00e9ligibilit\u00e9, les modalit\u00e9s de paiement, la dur\u00e9e de l\u2019aide ainsi que les solutions en cas de retard ou de refus.<\/p>\n<p class=\"p1\"><div class='cta-block'><div class='text'>Simulez toutes vos Aides en 2 min.<\/div><a href='https:\/\/www.mes-allocs.fr\/ab-app?origin=guides\/wp-json\/wp\/v2\/posts\/94019' class='app-button fit'>Simulation gratuite<\/a><\/div><\/p>\n<h1>Qu\u2019est-ce que l\u2019aide Mobili-Jeune et comment fonctionne son versement ?<\/h1>\n<h2>Quel est l\u2019organisme qui effectue le versement de l\u2019aide Mobili-Jeune ?<\/h2>\n<p>L\u2019aide Mobili-Jeune est une aide destin\u00e9e aux jeunes en alternance pour les aider \u00e0 financer leur loyer. L\u2019aide Mobili-Jeune est vers\u00e9e <b>par Action Logement <\/b>apr\u00e8s la validation de votre dossier et la r\u00e9ception des justificatifs requis. Action Logement est un organisme d\u00e9di\u00e9 au soutien des salari\u00e9s dans leurs acc\u00e8s au logement.<\/p>\n<h2>Sous quelle forme l&rsquo;aide Mobili-Jeune est-elle vers\u00e9e ?<\/h2>\n<p>L\u2019aide Mobili-Jeune est vers\u00e9e sous forme de virement bancaire directement sur votre compte bancaire, m\u00eame si vous \u00eates mineur.<\/p>\n<h2>Quel est le montant de l\u2019aide Mobili-Jeune et comment est-il calcul\u00e9 ?<\/h2>\n<p>Le montant de l\u2019aide Mobili-Jeune varie<b> entre 10 \u20ac et 100 \u20ac par mois<\/b>, avec un plafond de 1100 \u20ac par ann\u00e9e de formation sur 11 mois. Le calcul du montant de l\u2019aide Mobili-Jeune se fait de la mani\u00e8re suivante :<\/p>\n<ul>\n<li aria-level=\"1\">Le loyer mensuel avec les charges comprises et pris en compte<\/li>\n<li aria-level=\"1\">Les aides au logement comme les APL sont soustraites pour ce m\u00eame logement.<\/li>\n<li aria-level=\"1\">Le montant restant, appel\u00e9 \u201creste \u00e0 charge\u201d, d\u00e9termine le montant de l\u2019aide Mobili-Jeune.<\/li>\n<\/ul>\n<p>Par exemple, si votre loyer est de 350 \u20ac et l\u2019APL de 220 \u20ac, le montant de votre aide Mobili-Jeune sera de 100 \u20ac.<\/p>\n<p><b>\u00c0 noter <\/b>: le montant de l\u2019aide est plafonn\u00e9 \u00e0 100 \u20ac par mois, m\u00eame si votre reste \u00e0 charge est sup\u00e9rieur \u00e0 cette somme. De plus, si le reste \u00e0 charge est inf\u00e9rieur \u00e0 10 \u20ac par mois, l\u2019aide Mobili-Jeune ne vous sera pas accord\u00e9e.<\/p>\n<p><iframe loading=\"lazy\" src=\"\/\/www.youtube.com\/embed\/tu3qdMGINEM?si=UvhR0H7YKHbYE7Ov\" width=\"560\" height=\"314\" allowfullscreen=\"allowfullscreen\"><\/iframe><\/p>\n<h1>Quelle est la fr\u00e9quence de versement de l&rsquo;aide Mobili-Jeune ?<\/h1>\n<h2>Quelle est la dur\u00e9e du versement de l&rsquo;aide Mobili-Jeune ?<\/h2>\n<p>L\u2019aide Mobili-Jeune peut \u00eatre accord\u00e9e pour une dur\u00e9e maximale de<b> deux ann\u00e9es de formation<\/b>, qu\u2019elles soient cons\u00e9cutives ou non. Cela repr\u00e9sente un total de 22 mois, soit deux fois 11 mois.<\/p>\n<p><b>\u00c0 noter<\/b> : l\u2019aide est vers\u00e9e uniquement pendant la p\u00e9riode de formation et s\u2019arr\u00eate si le contrat d\u2019alternance prend fin avant son terme.<\/p>\n<h2>Le versement de l&rsquo;aide Mobili-Jeune peut-il \u00eatre r\u00e9troactif ?<\/h2>\n<p><b>Ou<\/b>i, le versement de l\u2019aide Mobili-Jeune peut \u00eatre r\u00e9troactif, mais dans certaines limites. La demande peut \u00eatre faite jusqu\u2019\u00e0 <b>5 mois apr\u00e8s le d\u00e9but de la formation en alternance<\/b>. Pour b\u00e9n\u00e9ficier de cette r\u00e9troactivit\u00e9, il est important de fournir tous les justificatifs n\u00e9cessaires (bulletins de salaire et quittances de loyer) couvrant les mois concern\u00e9s lors de la soumission du dossier aupr\u00e8s d\u2019Action Logement.<\/p>\n<p><b>\u00c0 noter<\/b> : si la demande est faite trop tard, au-del\u00e0 de la p\u00e9riode de r\u00e9troactivit\u00e9 autoris\u00e9e, il faudra faire une nouvelle demande pour l\u2019ann\u00e9e suivante.<\/p>\n<h1>Quelles sont les conditions \u00e0 remplir pour recevoir le versement de Mobili-Jeune ?<\/h1>\n<h2>Quels crit\u00e8res de ressources faut-il respecter pour avoir le versement de l\u2019aide Mobili-Jeune ?<\/h2>\n<p>Pour pouvoir b\u00e9n\u00e9ficier du versement de l\u2019aide Mobili-Jeune, vous devez percevoir un <b>salaire mensuel brut inf\u00e9rieur ou \u00e9gal \u00e0 120 % du SMIC<\/b>. En 2025, cela correspond \u00e0 un plafond d<b>e 2 162,16 \u20ac brut par mois<\/b>.<\/p>\n<p>Ce crit\u00e8re de ressources est \u00e9valu\u00e9 au moment de la demande et peut \u00eatre examin\u00e9 si votre situation \u00e9volue. De plus, m\u00eame si vous percevez des aides au logement comme l\u2019APL, cela n\u2019impacte pas votre \u00e9ligibilit\u00e9 \u00e0 l\u2019aide Mobili-Jeune, tant que votre salaire reste dans la limite fix\u00e9e.<\/p>\n<h2>Quels types de logement vous donnent droit au versement de l\u2019aide Mobili-Jeune ?<\/h2>\n<p>Les types de logement qui vous donnent droit au versement de l\u2019aide Mobili-Jeune sont :<\/p>\n<ul>\n<li aria-level=\"1\">Les locations ou colocations dans le parc priv\u00e9 ou social.<\/li>\n<li aria-level=\"1\">Les logements lou\u00e9s vides ou meubl\u00e9s.<\/li>\n<li aria-level=\"1\">Les foyers ou r\u00e9sidences sociales.<\/li>\n<li aria-level=\"1\">Les chambres d&rsquo;internat.<\/li>\n<li aria-level=\"1\">Les sous-locations, mais uniquement dans le parc social HLM.<\/li>\n<li aria-level=\"1\">Les logements conventionn\u00e9s ou non \u00e0 l\u2019APL.<\/li>\n<\/ul>\n<p>La prise en charge des frais d\u2019h\u00e9bergement en chambres d\u2019h\u00f4tes, g\u00eetes ou r\u00e9sidence de tourisme est exclue de l\u2019aide Mobili-Jeune. De plus, le logement doit aussi correspondre \u00e0 un rapprochement entre votre lieu de formation ou de votre lieu de travail.<\/p>\n<h2>Quels d\u00e9lais et dates faut-il respecter afin de b\u00e9n\u00e9ficier du versement de l\u2019aide Mobili-Jeune ?<\/h2>\n<p>Pour b\u00e9n\u00e9ficier du versement de l\u2019aide Mobili-Jeune, vous devez respecter les d\u00e9lais et dates suivantes :<\/p>\n<ul>\n<li aria-level=\"1\">Votre demande d\u2019aide Mobili-Jeune doit \u00eatre faite au plus tard la veille de votre 30\u00e8me anniversaire.<\/li>\n<li aria-level=\"1\">Votre dossier doit \u00eatre envoy\u00e9 \u00e0 Action Logement<b> au plus t\u00f4t 3 mois avan<\/b>t le d\u00e9but de la formation et<b> au plus tard 5 mois apr\u00e8s <\/b>le d\u00e9but de votre formation.<\/li>\n<li aria-level=\"1\">La date d\u2019effet du bail doit \u00eatre comprise<b> entre 3 mois avant et 3 mois apr\u00e8s<\/b> la date d\u2019ex\u00e9cution de votre contrat d\u2019alternance.<\/li>\n<li aria-level=\"1\">Pour un renouvellement (si la formation dure plus d\u2019un an), la demande peut \u00eatre faite au cours de la deuxi\u00e8me ann\u00e9e, avec les <b>m\u00eames d\u00e9lais que pour votre premi\u00e8re demande.<\/b><\/li>\n<li aria-level=\"1\">La date \u00e0 prendre en compte pour le contrat de location est la date d\u2019effet du bail, et non la date de signature.<\/li>\n<\/ul>\n<p class=\"p1\"><div class='cta-block'><div class='text'>Simulez toutes vos Aides en 2 min.<\/div><a href='https:\/\/www.mes-allocs.fr\/ab-app?origin=guides\/wp-json\/wp\/v2\/posts\/94019' class='app-button fit'>Simulation gratuite<\/a><\/div><\/p>\n<h1>Versement Mobili Jeune refus\u00e9 ou retard\u00e9 : quelles solutions ?<\/h1>\n<h2>Pourquoi le versement de Mobili-Jeune peut-il \u00eatre refus\u00e9 ?<\/h2>\n<p>Le versement de l\u2019aide Mobili-Jeune peut \u00eatre refus\u00e9 pour plusieurs raisons :<\/p>\n<ul>\n<li aria-level=\"1\">Vous n\u2019avez pas respect\u00e9 les<b> d\u00e9lais<\/b>.<\/li>\n<li aria-level=\"1\">Vous ne remplissez pas les <b>conditions d\u2019\u00e9ligibilit\u00e9 <\/b>de l\u2019aide.<\/li>\n<li aria-level=\"1\">Les pi\u00e8ces justificatives que vous avez fournies sont <b>incompl\u00e8tes, illisibles ou ne correspondent pas aux exigences<\/b> d\u2019Action Logement.<\/li>\n<\/ul>\n<h2>Que faire en cas de retard ou de probl\u00e8me de versement de l\u2019aide Mobili-Jeune ?<\/h2>\n<p>Si vous rencontrez des difficult\u00e9s avec le versement de votre aide Mobili-Jeune, vous avez la possibilit\u00e9 de :<\/p>\n<ul>\n<li aria-level=\"1\"><b>Contacter Action Logement <\/b>: vous pouvez les appeler pour signaler votre probl\u00e8me.<\/li>\n<li aria-level=\"1\"><b>Utiliser l\u2019espace en ligne<\/b> : connectez-vous \u00e0 votre espace sur le site d&rsquo;Action Logement pour suivre l\u2019\u00e9tat d&rsquo;avancement de votre dossier et mettre \u00e0 jour vos informations si besoin.<\/li>\n<li aria-level=\"1\"><b>V\u00e9rifier vos documents<\/b> : assurez-vous que tous les justificatifs demand\u00e9s sont directement t\u00e9l\u00e9charg\u00e9s et lisibles.<\/li>\n<\/ul>\n<h2>Changement de situation : quelle cons\u00e9quence sur le versement de l&rsquo;aide ?<\/h2>\n<p>Tout changement de situation doit \u00eatre d\u00e9clar\u00e9 \u00e0 Action Logement \u00e0 partir de votre espace personnel. Les modifications \u00e0 signaler incluent les changements de :<\/p>\n<ul>\n<li aria-level=\"1\">Nom<\/li>\n<li aria-level=\"1\">Coordonn\u00e9es bancaires<\/li>\n<li aria-level=\"1\">Entreprise d\u2019accueil durant votre alternance<\/li>\n<li aria-level=\"1\">Fin d\u2019alternance anticip\u00e9e<\/li>\n<li aria-level=\"1\">Prolongation de la dur\u00e9e d\u2019alternance (dans la limite de 12 mois)<\/li>\n<li aria-level=\"1\">D\u00e9m\u00e9nagement<\/li>\n<li aria-level=\"1\">Sortie du logement plus t\u00f4t que pr\u00e9vu<\/li>\n<li aria-level=\"1\">Modification du montant des aides au logement de la CAF.<\/li>\n<\/ul>\n<p>La d\u00e9claration d\u2019un changement de situation peut entra\u00eener une r\u00e9\u00e9valuation de l\u2019aide Mobili-Jeune. Cela peut conduire \u00e0 une modification du montant vers\u00e9, une suspension temporaire ou m\u00eame un arr\u00eat d\u00e9finitif de l\u2019aide si vous ne remplissez plus les crit\u00e8res d\u2019\u00e9ligibilit\u00e9.<\/p>\n<p class=\"p1\"><div class='cta-block'><div class='text'>Simulez toutes vos Aides en 2 min.<\/div><a href='https:\/\/www.mes-allocs.fr\/ab-app?origin=guides\/wp-json\/wp\/v2\/posts\/94019' class='app-button fit'>Simulation gratuite<\/a><\/div><\/p>\n","protected":false},"excerpt":{"rendered":"<p>En tant qu\u2019alternant, vous pouvez \u00eatre confront\u00e9 \u00e0 des charges importantes d\u00e8s le d\u00e9but de votre vie professionnelle. L\u2019aide Mobili-Jeune est une aide \u00e0 la mobilit\u00e9 qui vous permet de diminuer les frais li\u00e9s \u00e0 votre loyer. Mais comment fonctionne le versement de l\u2019aide Mobili-Jeune ? Dans cet article, d\u00e9couvrez les crit\u00e8res d\u2019\u00e9ligibilit\u00e9, les modalit\u00e9s [&hellip;]<\/p>\n","protected":false},"author":31,"featured_media":94023,"comment_status":"open","ping_status":"open","sticky":false,"template":"","format":"standard","meta":{"amp_status":"","footnotes":""},"categories":[29,4163],"tags":[],"class_list":["post-94019","post","type-post","status-publish","format-standard","has-post-thumbnail","hentry","category-aide-mobilite","category-mobili-jeune"],"yoast_head":"<!-- This site is optimized with the Yoast SEO plugin v14.9 - https:\/\/yoast.com\/wordpress\/plugins\/seo\/ -->\n<title>Versement Mobili-Jeune : d\u00e9lais, montant et retards | Mes-Allocs.fr<\/title>\n<meta name=\"description\" content=\"D\u00e9couvrez le fonctionnement du versement de l&#039;aide Mobili-Jeune : montants, crit\u00e8res d&#039;\u00e9ligibilit\u00e9, d\u00e9marches \u00e0 suivre.\" \/>\n<meta name=\"robots\" content=\"index, follow, max-snippet:-1, max-image-preview:large, max-video-preview:-1\" \/>\n<link rel=\"canonical\" href=\"https:\/\/www.mes-allocs.fr\/guides\/aide-mobilite\/mobili-jeune\/mobili-jeune-versement\/\" \/>\n<meta property=\"og:locale\" content=\"fr_FR\" \/>\n<meta property=\"og:type\" content=\"article\" \/>\n<meta property=\"og:title\" content=\"Versement Mobili-Jeune : d\u00e9lais, montant et retards | Mes-Allocs.fr\" \/>\n<meta property=\"og:description\" content=\"D\u00e9couvrez le fonctionnement du versement de l&#039;aide Mobili-Jeune : montants, crit\u00e8res d&#039;\u00e9ligibilit\u00e9, d\u00e9marches \u00e0 suivre.\" \/>\n<meta property=\"og:url\" content=\"https:\/\/www.mes-allocs.fr\/guides\/aide-mobilite\/mobili-jeune\/mobili-jeune-versement\/\" \/>\n<meta property=\"og:site_name\" content=\"Mes-Allocs.fr\" \/>\n<meta property=\"article:published_time\" content=\"2025-02-27T10:57:01+00:00\" \/>\n<meta property=\"article:modified_time\" content=\"2026-04-22T07:33:38+00:00\" \/>\n<meta property=\"og:image\" content=\"https:\/\/www.mes-allocs.fr\/guides\/wp-content\/uploads\/2025\/02\/versement-mobili-jeune.jpg?wsr\" \/>\n\t<meta property=\"og:image:width\" content=\"2000\" \/>\n\t<meta property=\"og:image:height\" content=\"1333\" \/>\n<meta name=\"twitter:card\" content=\"summary_large_image\" \/>\n<script type=\"application\/ld+json\" class=\"yoast-schema-graph\">{\"@context\":\"https:\/\/schema.org\",\"@graph\":[{\"@type\":\"WebSite\",\"@id\":\"https:\/\/www.mes-allocs.fr\/guides\/#website\",\"url\":\"https:\/\/www.mes-allocs.fr\/guides\/\",\"name\":\"Mes-Allocs.fr\",\"description\":\"\",\"potentialAction\":[{\"@type\":\"SearchAction\",\"target\":\"https:\/\/www.mes-allocs.fr\/guides\/?s={search_term_string}\",\"query-input\":\"required name=search_term_string\"}],\"inLanguage\":\"fr-FR\"},{\"@type\":\"ImageObject\",\"@id\":\"https:\/\/www.mes-allocs.fr\/guides\/aide-mobilite\/mobili-jeune\/mobili-jeune-versement\/#primaryimage\",\"inLanguage\":\"fr-FR\",\"url\":\"https:\/\/www.mes-allocs.fr\/guides\/wp-content\/uploads\/2025\/02\/versement-mobili-jeune.jpg?wsr\",\"width\":2000,\"height\":1333,\"caption\":\"versement mobili jeune\"},{\"@type\":\"WebPage\",\"@id\":\"https:\/\/www.mes-allocs.fr\/guides\/aide-mobilite\/mobili-jeune\/mobili-jeune-versement\/#webpage\",\"url\":\"https:\/\/www.mes-allocs.fr\/guides\/aide-mobilite\/mobili-jeune\/mobili-jeune-versement\/\",\"name\":\"Versement Mobili-Jeune : d\\u00e9lais, montant et retards | Mes-Allocs.fr\",\"isPartOf\":{\"@id\":\"https:\/\/www.mes-allocs.fr\/guides\/#website\"},\"primaryImageOfPage\":{\"@id\":\"https:\/\/www.mes-allocs.fr\/guides\/aide-mobilite\/mobili-jeune\/mobili-jeune-versement\/#primaryimage\"},\"datePublished\":\"2025-02-27T10:57:01+00:00\",\"dateModified\":\"2026-04-22T07:33:38+00:00\",\"author\":{\"@id\":\"https:\/\/www.mes-allocs.fr\/guides\/#\/schema\/person\/4f115680446d9e6de360142157ca671d\"},\"description\":\"D\\u00e9couvrez le fonctionnement du versement de l'aide Mobili-Jeune : montants, crit\\u00e8res d'\\u00e9ligibilit\\u00e9, d\\u00e9marches \\u00e0 suivre.\",\"inLanguage\":\"fr-FR\"},{\"@type\":\"Person\",\"@id\":\"https:\/\/www.mes-allocs.fr\/guides\/#\/schema\/person\/4f115680446d9e6de360142157ca671d\",\"name\":\"Miangaly Ramasindray\",\"image\":{\"@type\":\"ImageObject\",\"@id\":\"https:\/\/www.mes-allocs.fr\/guides\/#personlogo\",\"inLanguage\":\"fr-FR\",\"url\":\"https:\/\/www.mes-allocs.fr\/guides\/wp-content\/uploads\/2024\/10\/Miangaly_Ramasindray-150x150.jpeg\",\"caption\":\"Miangaly Ramasindray\"},\"description\":\"Miangaly est r\\u00e9dactrice web sp\\u00e9cialis\\u00e9e sur les sujets de pouvoir d'achat. Elle rejoint Mes Allocs en 2024 apr\\u00e8s une premi\\u00e8re exp\\u00e9rience en marketing chez DMI.\",\"sameAs\":[\"https:\/\/www.linkedin.com\/in\/miangaly-ramasindray\/\"]}]}<\/script>\n<!-- \/ Yoast SEO plugin. -->","amp_validity":null,"acf":{"faq":{"1":{"question":"Comment Action Logement v\u00e9rifie-t-il que je suis toujours en alternance pendant la p\u00e9riode de versement ?","answer":"Action Logement demande r\u00e9guli\u00e8rement des justificatifs, comme vos bulletins de salaire et des attestations de votre employeur ou de votre centre de formation, pour s'assurer que vous \u00eates toujours en contrat d'alternance.\r\n"},"2":{"question":"Si mes revenus d\u00e9passent temporairement le plafond de 120 % du SMIC, le versement de l'aide est-il imm\u00e9diatement suspendu ?","answer":"Action Logement examine la r\u00e9gularit\u00e9 de vos revenus. Un d\u00e9passement ponctuel peut ne pas entra\u00eener de suspension imm\u00e9diate, mais des d\u00e9passements r\u00e9p\u00e9t\u00e9s peuvent affecter votre \u00e9ligibilit\u00e9."},"3":{"question":"Puis-je choisir la date de versement de mon aide Mobili-Jeune ?","answer":" Non, les dates de versement sont d\u00e9termin\u00e9es par Action Logement en fonction de la r\u00e9ception et du traitement de votre dossier."},"4":{"question":" Si je suis en colocation, comment le montant de l'aide Mobili-Jeune est-il calcul\u00e9 ?","answer":"En colocation, l'aide est calcul\u00e9e sur la part du loyer et des charges qui vous incombe. Il est important de fournir un bail ou une attestation pr\u00e9cisant votre part du loyer.\r\n"},"5":{"question":"Que se passe-t-il si je change de banque en cours de versement ?","answer":"Vous devez imm\u00e9diatement informer Action Logement de votre changement de coordonn\u00e9es bancaires via votre espace personnel sur leur site. Cela \u00e9vitera l'interruption des versements."},"6":{"question":"L'aide Mobili-Jeune est-elle imposable ?","answer":" Non, l'aide Mobili-Jeune n'est pas imposable."},"7":{"question":"","answer":""},"8":{"question":"","answer":""},"9":{"question":"","answer":""},"10":{"question":"","answer":""},"11":{"question":"","answer":""},"12":{"question":"","answer":""},"13":{"question":"","answer":""},"14":{"question":"","answer":""},"15":{"question":"","answer":""},"16":{"question":"","answer":""}}},"_links":{"self":[{"href":"https:\/\/www.mes-allocs.fr\/guides\/wp-json\/wp\/v2\/posts\/94019","targetHints":{"allow":["GET"]}}],"collection":[{"href":"https:\/\/www.mes-allocs.fr\/guides\/wp-json\/wp\/v2\/posts"}],"about":[{"href":"https:\/\/www.mes-allocs.fr\/guides\/wp-json\/wp\/v2\/types\/post"}],"author":[{"embeddable":true,"href":"https:\/\/www.mes-allocs.fr\/guides\/wp-json\/wp\/v2\/users\/31"}],"replies":[{"embeddable":true,"href":"https:\/\/www.mes-allocs.fr\/guides\/wp-json\/wp\/v2\/comments?post=94019"}],"version-history":[{"count":1,"href":"https:\/\/www.mes-allocs.fr\/guides\/wp-json\/wp\/v2\/posts\/94019\/revisions"}],"predecessor-version":[{"id":94024,"href":"https:\/\/www.mes-allocs.fr\/guides\/wp-json\/wp\/v2\/posts\/94019\/revisions\/94024"}],"wp:featuredmedia":[{"embeddable":true,"href":"https:\/\/www.mes-allocs.fr\/guides\/wp-json\/wp\/v2\/media\/94023"}],"wp:attachment":[{"href":"https:\/\/www.mes-allocs.fr\/guides\/wp-json\/wp\/v2\/media?parent=94019"}],"wp:term":[{"taxonomy":"category","embeddable":true,"href":"https:\/\/www.mes-allocs.fr\/guides\/wp-json\/wp\/v2\/categories?post=94019"},{"taxonomy":"post_tag","embeddable":true,"href":"https:\/\/www.mes-allocs.fr\/guides\/wp-json\/wp\/v2\/tags?post=94019"}],"curies":[{"name":"wp","href":"https:\/\/api.w.org\/{rel}","templated":true}]}}