{"id":93986,"date":"2025-02-27T10:45:02","date_gmt":"2025-02-27T08:45:02","guid":{"rendered":"https:\/\/www.mes-allocs.fr\/guides\/?p=93986"},"modified":"2026-04-22T08:33:39","modified_gmt":"2026-04-22T07:33:39","slug":"mobili-jeune-reclamation","status":"publish","type":"post","link":"https:\/\/www.mes-allocs.fr\/guides\/aide-mobilite\/mobili-jeune\/demande-mobili-jeune\/mobili-jeune-reclamation\/","title":{"rendered":"Comment faire une r\u00e9clamation Mobili-Jeune ?"},"content":{"rendered":"<p><img loading=\"lazy\" decoding=\"async\" class=\"alignnone wp-image-93989\" title=\"reclamation mobili jeune\" src=\"https:\/\/www.mes-allocs.fr\/guides\/wp-content\/uploads\/2025\/02\/reclamation-mobili-jeune-e1740645834913-300x54.jpg\" alt=\"reclamation mobili jeune\" width=\"1411\" height=\"254\" srcset=\"https:\/\/www.mes-allocs.fr\/guides\/wp-content\/uploads\/2025\/02\/reclamation-mobili-jeune-e1740645834913-300x54.jpg 300w, https:\/\/www.mes-allocs.fr\/guides\/wp-content\/uploads\/2025\/02\/reclamation-mobili-jeune-e1740645834913-1024x184.jpg 1024w, https:\/\/www.mes-allocs.fr\/guides\/wp-content\/uploads\/2025\/02\/reclamation-mobili-jeune-e1740645834913-768x138.jpg 768w, https:\/\/www.mes-allocs.fr\/guides\/wp-content\/uploads\/2025\/02\/reclamation-mobili-jeune-e1740645834913-1536x276.jpg 1536w, https:\/\/www.mes-allocs.fr\/guides\/wp-content\/uploads\/2025\/02\/reclamation-mobili-jeune-e1740645834913-600x108.jpg 600w, https:\/\/www.mes-allocs.fr\/guides\/wp-content\/uploads\/2025\/02\/reclamation-mobili-jeune-e1740645834913.jpg 2000w\" sizes=\"auto, (max-width: 1411px) 100vw, 1411px\" \/><\/p>\n<p>L\u2019aide Mobili-Jeune est une <a href=\"https:\/\/www.mes-allocs.fr\/guides\/aide-mobilite\/\">aide \u00e0 la mobilit\u00e9<\/a> pour les jeunes en alternance, leur permettant de r\u00e9duire leurs charges de logement pendant leur p\u00e9riode de formation. Pourtant, des difficult\u00e9s peuvent parfois survenir lors de la demande ou du suivi de cette aide. Que faire en cas de probl\u00e8mes ? Comment d\u00e9poser une <b>r\u00e9clamation Mobili-Jeune <\/b>si votre dossier rencontre un blocage ? Dans cet article, d\u00e9couvrez les d\u00e9marches \u00e0 suivre pour r\u00e9soudre les \u00e9ventuels probl\u00e8mes li\u00e9s \u00e0 votre demande, comment contacter les bons interlocuteurs et d\u00e9poser une r\u00e9clamation.<\/p>\n<p class=\"p1\"><div class='cta-block'><div class='text'>Simulez toutes vos Aides en 2 min.<\/div><a href='https:\/\/www.mes-allocs.fr\/ab-app?origin=guides\/wp-json\/wp\/v2\/posts\/93986' class='app-button fit'>Simulation gratuite<\/a><\/div><\/p>\n<h1>Qu\u2019est-ce que l\u2019aide Mobili-Jeune et qui peut en b\u00e9n\u00e9ficier en 2025 ?<\/h1>\n<p>Si vous \u00eates en alternance, l\u2019aide Mobili-Jeune est un dispositif destin\u00e9 \u00e0 <b>r\u00e9duire le montant du loyer \u00e0 votre charge<\/b>.<\/p>\n<p>Cette aide s\u2019adresse aux personnes qui remplissent les conditions suivantes :<\/p>\n<ul>\n<li aria-level=\"1\">\u00catre \u00e2g\u00e9 de <b>moins de 30 ans<\/b>.<\/li>\n<li aria-level=\"1\">\u00catre en <b>contrat d\u2019apprentissage ou de professionnalisation<\/b> dans une entreprise priv\u00e9e non agricole.<\/li>\n<li aria-level=\"1\">Avoir des revenus mensuels bruts<b> ne d\u00e9passant pas 120 % du SMIC<\/b>, soit 2162,16 \u20ac en 2025.<\/li>\n<li aria-level=\"1\">Occuper un logement li\u00e9 \u00e0 la p\u00e9riode de formation.<\/li>\n<\/ul>\n<p>Concernant le logement, celui-ci doit \u00eatre situ\u00e9 \u00e0 plus de <b>70 km de votre ancienne adresse <\/b>ou n\u00e9cessiter un temps de <b>trajet de plus de 40 minutes<\/b>.<\/p>\n<p><iframe loading=\"lazy\" src=\"\/\/www.youtube.com\/embed\/tu3qdMGINEM?si=UvhR0H7YKHbYE7Ov\" width=\"560\" height=\"314\" allowfullscreen=\"allowfullscreen\"><\/iframe><\/p>\n<h1>Que faire en cas de probl\u00e8mes avec votre demande d\u2019aide Mobili-Jeune ?<\/h1>\n<p>En cas de probl\u00e8mes avec votre demande d\u2019aide Mobili-Jeune, plusieurs options s\u2019offrent \u00e0 vous :<\/p>\n<ul>\n<li aria-level=\"1\"><b>Contacter Action Logement<\/b> : vous avez la possibilit\u00e9 d\u2019appeler le centre de relation clients d\u2019Action Logement au 0970 800 800, du lundi au vendredi, de 9h \u00e0 18h ou bien d\u2019utiliser le formulaire de contact disponible sur le site d\u2019Action Logement pour poser vos questions ou signaler des probl\u00e8mes.<\/li>\n<li aria-level=\"1\"><b>Consulter les FAQ<\/b> : vous pouvez consulter la section FAQ sur le site d\u2019Action Logement pour obtenir des r\u00e9ponses \u00e0 des questions fr\u00e9quemment pos\u00e9es sur l\u2019aide Mobili-Jeune.<\/li>\n<li aria-level=\"1\"><b>Se rendre en agence <\/b>: identifiez l\u2019agence Action Logement la plus proche pour rencontrer un conseiller. La prise de rendez-vous se fait \u00e0 partir de leur formulaire de contact ou en appelant le centre de relation client.<\/li>\n<li aria-level=\"1\"><b>Contactez Mes Allocs<\/b> : si vous avez des questions ou des probl\u00e8mes li\u00e9s \u00e0 votre demande, vous pouvez notamment contacter Mes-Allocs pour obtenir des informations suppl\u00e9mentaires.<\/li>\n<\/ul>\n<p>En choisissant l\u2019une de ces options, vous devriez \u00eatre en mesure de r\u00e9soudre les probl\u00e8mes rencontr\u00e9s avec votre demande d\u2019aide Mobili-Jeune.<\/p>\n<h1>Comment d\u00e9poser une r\u00e9clamation dans le cadre du dispositif Mobili-Jeune ?<\/h1>\n<h2>Quelles sont les \u00e9tapes \u00e0 suivre avant de recourir au service de r\u00e9clamation de Mobili-Jeune ?<\/h2>\n<p>Avant de recourir au service de r\u00e9clamation de Mobili-Jeune, vous devez :<\/p>\n<ul>\n<li aria-level=\"1\"><b>Contacter votre interlocuteur habituel <\/b>: avant de faire appel au service r\u00e9clamation, il est recommand\u00e9 de vous rapprocher de votre interlocuteur Action Logement Services habituel.<\/li>\n<li aria-level=\"1\"><b>Utiliser les coordonn\u00e9es fournies <\/b>: vous trouverez les coordonn\u00e9es de votre interlocuteur habituel sur tous les e-mails et courriers que vous avez re\u00e7us dans le cadre du suivi du dossier.<\/li>\n<li aria-level=\"1\"><b>V\u00e9rifier l\u2019\u00e9tat de votre dossier<\/b> : si vous avez d\u00e9j\u00e0 cr\u00e9\u00e9 un compte et saisi votre demande, connectez-vous \u00e0 votre espace d\u00e9di\u00e9 \u00e0 l\u2019aide Mobili-Jeune afin de visualiser en temps r\u00e9el l\u2019\u00e9tat d\u2019avancement de votre demande d\u2019aide.<\/li>\n<\/ul>\n<p>Ce n\u2019est que si la r\u00e9ponse ou la solution apport\u00e9e ne vous convient pas et que vos difficult\u00e9s persistent que vous devriez alors vous adresser au service r\u00e9clamation.<\/p>\n<h2>Comment utiliser le formulaire de r\u00e9clamation de Mobili-Jeune ?<\/h2>\n<p>Pour utiliser le formulaire de r\u00e9clamation de Mobili-Jeune, vous devez :<\/p>\n<ul>\n<li aria-level=\"1\"><b>Acc\u00e9der au formulaire de r\u00e9clamation<\/b> : rendez-vous sur le site d\u2019Action Logement et choisissez le formulaire de r\u00e9clamation correspondant \u00e0 votre statut.<\/li>\n<li aria-level=\"1\"><b>Remplissez le formulaire<\/b> : compl\u00e9tez le formulaire en ligne avec tous les d\u00e9tails n\u00e9cessaires concernant votre r\u00e9clamation. Assurez-vous que votre demande rel\u00e8ve bien d\u2019une r\u00e9clamation, car toute demande qui ne rel\u00e8ve pas du service r\u00e9clamation ne sera pas trait\u00e9e.<\/li>\n<li aria-level=\"1\"><b>Joindre les justificatifs<\/b> : si vous avez des justificatifs \u00e0 transmettre, vous avez la possibilit\u00e9 de formuler votre demande de r\u00e9clamation en l\u2019adressant par courrier \u00e0 l\u2019adresse indiqu\u00e9e.<\/li>\n<li aria-level=\"1\"><b>Soumettre la r\u00e9clamation <\/b>: une fois que vous avez rempli le formulaire et joint les \u00e9ventuels justificatifs, vous pouvez soumettre votre r\u00e9clamation.<\/li>\n<\/ul>\n<p class=\"p1\"><div class='cta-block'><div class='text'>Simulez toutes vos Aides en 2 min.<\/div><a href='https:\/\/www.mes-allocs.fr\/ab-app?origin=guides\/wp-json\/wp\/v2\/posts\/93986' class='app-button fit'>Simulation gratuite<\/a><\/div><\/p>\n<h1>Quels sont les d\u00e9lais de traitement d\u2019une r\u00e9clamation Mobili-Jeune ?<\/h1>\n<p>Le traitement d\u2019une r\u00e9clamation Mobili-Jeune se fait en plusieurs \u00e9tapes avec des d\u00e9lais pour chacune d\u2019entre elles. Action Logement s\u2019engage \u00e0 accuser r\u00e9ception de votre r\u00e9clamation dans un d\u00e9lai <b>maximum de 10 jours apr\u00e8s sa r\u00e9ception<\/b>. Cette \u00e9tape permet de confirmer que votre demande a bien \u00e9t\u00e9 prise en compte et qu\u2019elle sera trait\u00e9e. Ensuite, le d\u00e9lai pour obtenir une r\u00e9ponse compl\u00e8te \u00e0 votre r\u00e9clamation est fix\u00e9 \u00e0 un <b>maximum de 2 mois<\/b>. Ce d\u00e9lai permet aux services d\u2019Action Logement d\u2019examiner en d\u00e9tail votre dossier, de v\u00e9rifier les informations que vous avez fournies et de pr\u00e9parer une r\u00e9ponse adapt\u00e9e \u00e0 votre situation. Enfin, ces d\u00e9lais peuvent varier en fonction de la complexit\u00e9 de votre dossier de r\u00e9clamation et du nombre de demandes en cours de traitement.<\/p>\n<p><b>\u00c0 noter <\/b>: ces d\u00e9lais sont des maximums et Action Logement essaie g\u00e9n\u00e9ralement de vous r\u00e9pondre le plus rapidement possible. Cependant, pendant les p\u00e9riodes de fortes demandes, comme la <b>rentr\u00e9e scolaire<\/b>, les d\u00e9lais de traitement peuvent \u00eatre plus longs.<\/p>\n<h1>Quelles sont les alternatives en cas de rejet de votre r\u00e9clamation aupr\u00e8s de Mobili-Jeune ?<\/h1>\n<p>Si votre r\u00e9clamation aupr\u00e8s d\u2019Action Logement concernant l\u2019aide Mobili-Jeune est rejet\u00e9e, vous avez plusieurs alternatives \u00e0 prendre en consid\u00e9ration :<\/p>\n<ul>\n<li aria-level=\"1\">Il existe plusieurs alternatives \u00e0 l\u2019aide Mobili-Jeune telles que l<b>es aides au logement de la CAF <\/b>(APL, ALF, ALS). De plus, certaines aides peuvent \u00eatre cumulables.<\/li>\n<li aria-level=\"1\">Si votre demande a \u00e9t\u00e9 rejet\u00e9e en raison de l\u2019atteinte du nombre maximal de demandes, vous pouvez <b>pr\u00e9parer votre dossier<\/b> pour le soumettre d\u00e8s l\u2019ouverture des demandes pour l\u2019ann\u00e9e suivante.<\/li>\n<\/ul>\n<h1>Conclusion<\/h1>\n<p>En conclusion, m\u00eame si faire une r\u00e9clamation Mobili-Jeune peut sembler complexe, en suivant les \u00e9tapes indiqu\u00e9es et en utilisant les outils mis \u00e0 votre disposition par Action Logement, vous augmentez vos chances d\u2019obtenir une r\u00e9ponse rapide et adapt\u00e9e \u00e0 votre situation. N\u2019oubliez pas de v\u00e9rifier l\u2019\u00e9tat de votre dossier en ligne, de contacter votre interlocuteur habituel et d\u2019envoyer une r\u00e9clamation compl\u00e8te avec les justificatifs n\u00e9cessaires. En cas de rejet, des alternatives existent comme les aides au logement de la CAF.<\/p>\n<p class=\"p1\"><div class='cta-block'><div class='text'>Simulez toutes vos Aides en 2 min.<\/div><a href='https:\/\/www.mes-allocs.fr\/ab-app?origin=guides\/wp-json\/wp\/v2\/posts\/93986' class='app-button fit'>Simulation gratuite<\/a><\/div><\/p>\n","protected":false},"excerpt":{"rendered":"<p>L\u2019aide Mobili-Jeune est une aide \u00e0 la mobilit\u00e9 pour les jeunes en alternance, leur permettant de r\u00e9duire leurs charges de logement pendant leur p\u00e9riode de formation. Pourtant, des difficult\u00e9s peuvent parfois survenir lors de la demande ou du suivi de cette aide. Que faire en cas de probl\u00e8mes ? Comment d\u00e9poser une r\u00e9clamation Mobili-Jeune si [&hellip;]<\/p>\n","protected":false},"author":31,"featured_media":93988,"comment_status":"open","ping_status":"open","sticky":false,"template":"","format":"standard","meta":{"amp_status":"","footnotes":""},"categories":[29,43549,4163],"tags":[],"class_list":["post-93986","post","type-post","status-publish","format-standard","has-post-thumbnail","hentry","category-aide-mobilite","category-demande-mobili-jeune","category-mobili-jeune"],"yoast_head":"<!-- This site is optimized with the Yoast SEO plugin v14.9 - https:\/\/yoast.com\/wordpress\/plugins\/seo\/ -->\n<title>Comment faire une r\u00e9clamation Mobili-Jeune ? | Mes-Allocs.fr<\/title>\n<meta name=\"description\" content=\"D\u00e9couvrez comment faire une r\u00e9clamation, suivre votre dossier et contacter Action Logement en cas de blocage avec Mobili-Jeune.\" \/>\n<meta name=\"robots\" content=\"index, follow, max-snippet:-1, max-image-preview:large, max-video-preview:-1\" \/>\n<link rel=\"canonical\" href=\"https:\/\/www.mes-allocs.fr\/guides\/aide-mobilite\/mobili-jeune\/demande-mobili-jeune\/mobili-jeune-reclamation\/\" \/>\n<meta property=\"og:locale\" content=\"fr_FR\" \/>\n<meta property=\"og:type\" content=\"article\" \/>\n<meta property=\"og:title\" content=\"Comment faire une r\u00e9clamation Mobili-Jeune ? | Mes-Allocs.fr\" \/>\n<meta property=\"og:description\" content=\"D\u00e9couvrez comment faire une r\u00e9clamation, suivre votre dossier et contacter Action Logement en cas de blocage avec Mobili-Jeune.\" \/>\n<meta property=\"og:url\" content=\"https:\/\/www.mes-allocs.fr\/guides\/aide-mobilite\/mobili-jeune\/demande-mobili-jeune\/mobili-jeune-reclamation\/\" \/>\n<meta property=\"og:site_name\" content=\"Mes-Allocs.fr\" \/>\n<meta property=\"article:published_time\" content=\"2025-02-27T08:45:02+00:00\" \/>\n<meta property=\"article:modified_time\" content=\"2026-04-22T07:33:39+00:00\" \/>\n<meta property=\"og:image\" content=\"https:\/\/www.mes-allocs.fr\/guides\/wp-content\/uploads\/2025\/02\/mobili-jeune-reclamation.jpg?wsr\" \/>\n\t<meta property=\"og:image:width\" content=\"2000\" \/>\n\t<meta property=\"og:image:height\" content=\"1333\" \/>\n<meta name=\"twitter:card\" content=\"summary_large_image\" \/>\n<script type=\"application\/ld+json\" class=\"yoast-schema-graph\">{\"@context\":\"https:\/\/schema.org\",\"@graph\":[{\"@type\":\"WebSite\",\"@id\":\"https:\/\/www.mes-allocs.fr\/guides\/#website\",\"url\":\"https:\/\/www.mes-allocs.fr\/guides\/\",\"name\":\"Mes-Allocs.fr\",\"description\":\"\",\"potentialAction\":[{\"@type\":\"SearchAction\",\"target\":\"https:\/\/www.mes-allocs.fr\/guides\/?s={search_term_string}\",\"query-input\":\"required name=search_term_string\"}],\"inLanguage\":\"fr-FR\"},{\"@type\":\"ImageObject\",\"@id\":\"https:\/\/www.mes-allocs.fr\/guides\/aide-mobilite\/mobili-jeune\/demande-mobili-jeune\/mobili-jeune-reclamation\/#primaryimage\",\"inLanguage\":\"fr-FR\",\"url\":\"https:\/\/www.mes-allocs.fr\/guides\/wp-content\/uploads\/2025\/02\/mobili-jeune-reclamation.jpg?wsr\",\"width\":2000,\"height\":1333,\"caption\":\"mobili jeune reclamation\"},{\"@type\":\"WebPage\",\"@id\":\"https:\/\/www.mes-allocs.fr\/guides\/aide-mobilite\/mobili-jeune\/demande-mobili-jeune\/mobili-jeune-reclamation\/#webpage\",\"url\":\"https:\/\/www.mes-allocs.fr\/guides\/aide-mobilite\/mobili-jeune\/demande-mobili-jeune\/mobili-jeune-reclamation\/\",\"name\":\"Comment faire une r\\u00e9clamation Mobili-Jeune ? | Mes-Allocs.fr\",\"isPartOf\":{\"@id\":\"https:\/\/www.mes-allocs.fr\/guides\/#website\"},\"primaryImageOfPage\":{\"@id\":\"https:\/\/www.mes-allocs.fr\/guides\/aide-mobilite\/mobili-jeune\/demande-mobili-jeune\/mobili-jeune-reclamation\/#primaryimage\"},\"datePublished\":\"2025-02-27T08:45:02+00:00\",\"dateModified\":\"2026-04-22T07:33:39+00:00\",\"author\":{\"@id\":\"https:\/\/www.mes-allocs.fr\/guides\/#\/schema\/person\/4f115680446d9e6de360142157ca671d\"},\"description\":\"D\\u00e9couvrez comment faire une r\\u00e9clamation, suivre votre dossier et contacter Action Logement en cas de blocage avec Mobili-Jeune.\",\"inLanguage\":\"fr-FR\"},{\"@type\":\"Person\",\"@id\":\"https:\/\/www.mes-allocs.fr\/guides\/#\/schema\/person\/4f115680446d9e6de360142157ca671d\",\"name\":\"Miangaly Ramasindray\",\"image\":{\"@type\":\"ImageObject\",\"@id\":\"https:\/\/www.mes-allocs.fr\/guides\/#personlogo\",\"inLanguage\":\"fr-FR\",\"url\":\"https:\/\/www.mes-allocs.fr\/guides\/wp-content\/uploads\/2024\/10\/Miangaly_Ramasindray-150x150.jpeg\",\"caption\":\"Miangaly Ramasindray\"},\"description\":\"Miangaly est r\\u00e9dactrice web sp\\u00e9cialis\\u00e9e sur les sujets de pouvoir d'achat. Elle rejoint Mes Allocs en 2024 apr\\u00e8s une premi\\u00e8re exp\\u00e9rience en marketing chez DMI.\",\"sameAs\":[\"https:\/\/www.linkedin.com\/in\/miangaly-ramasindray\/\"]}]}<\/script>\n<!-- \/ Yoast SEO plugin. -->","amp_validity":null,"acf":{"faq":{"1":{"question":" Comment puis-je suivre l'avancement de ma r\u00e9clamation Mobili-Jeune ?","answer":"Une fois votre r\u00e9clamation soumise, vous pouvez suivre son avancement via votre espace personnel sur le site d'Action Logement. Vous recevrez \u00e9galement des notifications par e-mail \u00e0 chaque \u00e9tape du traitement."},"2":{"question":"Puis-je modifier ma r\u00e9clamation une fois qu'elle a \u00e9t\u00e9 soumise ?","answer":"Il est g\u00e9n\u00e9ralement difficile de modifier une r\u00e9clamation une fois soumise. Cependant, vous pouvez contacter votre interlocuteur Action Logement pour ajouter des informations compl\u00e9mentaires si n\u00e9cessaire."},"3":{"question":"Que faire si je n'ai pas re\u00e7u d'accus\u00e9 de r\u00e9ception dans les 10 jours suivant ma r\u00e9clamation ?","answer":"Si vous n'avez pas re\u00e7u d'accus\u00e9 de r\u00e9ception, v\u00e9rifiez d'abord que votre r\u00e9clamation a bien \u00e9t\u00e9 soumise. Ensuite, contactez le service client d'Action Logement par t\u00e9l\u00e9phone pour signaler le probl\u00e8me.\r\n"},"4":{"question":"L'aide Mobili-Jeune est-elle cumulable avec d'autres aides au logement ?","answer":"Oui, l'aide Mobili-Jeune est cumulable avec d'autres aides au logement, telles que les aides de la CAF (APL, ALF, ALS). Cependant, le montant de l'aide Mobili-Jeune est calcul\u00e9 en tenant compte des autres aides per\u00e7ues."},"5":{"question":"Mon dossier Mobili-Jeune a \u00e9t\u00e9 rejet\u00e9 car j'ai d\u00e9pass\u00e9 l'\u00e2ge limite de 30 ans de quelques jours. Y a-t-il une possibilit\u00e9 de d\u00e9rogation ?","answer":"Malheureusement, les crit\u00e8res d'\u00e9ligibilit\u00e9 de l'aide Mobili-Jeune sont stricts et il n'y a g\u00e9n\u00e9ralement pas de d\u00e9rogation pour l'\u00e2ge."},"6":{"question":"J'ai chang\u00e9 de logement en cours d'ann\u00e9e. Dois-je refaire une demande Mobili-Jeune ?","answer":"Oui, un changement de logement en cours d'ann\u00e9e n\u00e9cessite g\u00e9n\u00e9ralement une nouvelle demande Mobili-Jeune, car les conditions d'\u00e9ligibilit\u00e9 peuvent \u00eatre modifi\u00e9es."},"7":{"question":"","answer":""},"8":{"question":"","answer":""},"9":{"question":"","answer":""},"10":{"question":"","answer":""},"11":{"question":"","answer":""},"12":{"question":"","answer":""},"13":{"question":"","answer":""},"14":{"question":"","answer":""},"15":{"question":"","answer":""},"16":{"question":"","answer":""}}},"_links":{"self":[{"href":"https:\/\/www.mes-allocs.fr\/guides\/wp-json\/wp\/v2\/posts\/93986","targetHints":{"allow":["GET"]}}],"collection":[{"href":"https:\/\/www.mes-allocs.fr\/guides\/wp-json\/wp\/v2\/posts"}],"about":[{"href":"https:\/\/www.mes-allocs.fr\/guides\/wp-json\/wp\/v2\/types\/post"}],"author":[{"embeddable":true,"href":"https:\/\/www.mes-allocs.fr\/guides\/wp-json\/wp\/v2\/users\/31"}],"replies":[{"embeddable":true,"href":"https:\/\/www.mes-allocs.fr\/guides\/wp-json\/wp\/v2\/comments?post=93986"}],"version-history":[{"count":2,"href":"https:\/\/www.mes-allocs.fr\/guides\/wp-json\/wp\/v2\/posts\/93986\/revisions"}],"predecessor-version":[{"id":97211,"href":"https:\/\/www.mes-allocs.fr\/guides\/wp-json\/wp\/v2\/posts\/93986\/revisions\/97211"}],"wp:featuredmedia":[{"embeddable":true,"href":"https:\/\/www.mes-allocs.fr\/guides\/wp-json\/wp\/v2\/media\/93988"}],"wp:attachment":[{"href":"https:\/\/www.mes-allocs.fr\/guides\/wp-json\/wp\/v2\/media?parent=93986"}],"wp:term":[{"taxonomy":"category","embeddable":true,"href":"https:\/\/www.mes-allocs.fr\/guides\/wp-json\/wp\/v2\/categories?post=93986"},{"taxonomy":"post_tag","embeddable":true,"href":"https:\/\/www.mes-allocs.fr\/guides\/wp-json\/wp\/v2\/tags?post=93986"}],"curies":[{"name":"wp","href":"https:\/\/api.w.org\/{rel}","templated":true}]}}