{"id":93889,"date":"2025-02-26T17:14:39","date_gmt":"2025-02-26T15:14:39","guid":{"rendered":"https:\/\/www.mes-allocs.fr\/guides\/?p=93889"},"modified":"2026-04-22T08:33:39","modified_gmt":"2026-04-22T07:33:39","slug":"assurance-habitation-vol-velo","status":"publish","type":"post","link":"https:\/\/www.mes-allocs.fr\/guides\/assurance-habitation\/que-couvre-assurance-habitation\/assurance-habitation-vol-velo\/","title":{"rendered":"L&rsquo;assurance habitation couvre-t-elle le vol de v\u00e9lo ?"},"content":{"rendered":"<p><img loading=\"lazy\" decoding=\"async\" class=\"alignnone wp-image-61940 size-full\" title=\"assurance habitation vol de velo\" src=\"https:\/\/www.mes-allocs.fr\/guides\/wp-content\/uploads\/2023\/02\/bicycle-gc6c1572bb_1280-e1676481557584.jpg\" alt=\"assurance habitation vol de velo\" width=\"1276\" height=\"245\" srcset=\"https:\/\/www.mes-allocs.fr\/guides\/wp-content\/uploads\/2023\/02\/bicycle-gc6c1572bb_1280-e1676481557584.jpg 1276w, https:\/\/www.mes-allocs.fr\/guides\/wp-content\/uploads\/2023\/02\/bicycle-gc6c1572bb_1280-e1676481557584-300x58.jpg 300w, https:\/\/www.mes-allocs.fr\/guides\/wp-content\/uploads\/2023\/02\/bicycle-gc6c1572bb_1280-e1676481557584-1024x197.jpg 1024w, https:\/\/www.mes-allocs.fr\/guides\/wp-content\/uploads\/2023\/02\/bicycle-gc6c1572bb_1280-e1676481557584-768x147.jpg 768w, https:\/\/www.mes-allocs.fr\/guides\/wp-content\/uploads\/2023\/02\/bicycle-gc6c1572bb_1280-e1676481557584-600x115.jpg 600w\" sizes=\"auto, (max-width: 1276px) 100vw, 1276px\" \/><\/p>\n<p data-start=\"24\" data-end=\"766\">Le vol de v\u00e9lo est un risque auquel de nombreux cyclistes sont confront\u00e9s, que ce soit \u00e0 domicile ou en ext\u00e9rieur. Face \u00e0 cette situation, une question se pose : <strong data-start=\"186\" data-end=\"243\">l\u2019assurance habitation couvre-t-elle le vol de v\u00e9lo ?<\/strong> En r\u00e8gle g\u00e9n\u00e9rale, l\u2019<a href=\"https:\/\/www.mes-allocs.fr\/guides\/assurance-habitation\/\">assurance habitation<\/a> inclut une garantie contre le vol, mais son application aux v\u00e9los d\u00e9pend des conditions du contrat. Certaines formules d\u2019assurance habitation pour vol de v\u00e9lo peuvent offrir une protection limit\u00e9e, notamment en cas de vol \u00e0 l&rsquo;ext\u00e9rieur du domicile, tandis que d\u2019autres n\u00e9cessitent la souscription d\u2019une garantie sp\u00e9cifique.<\/p>\n<div class='cta-block'><div class='text'>Trouvez la meilleure offre d&rsquo;assurance habitation<\/div><a href='https:\/\/app.wesur.fr\/formulaire_habitation?utm_source=mesallocs&amp;utm_medium=partenariat&amp;utm_campaign=mesallocs_mrh&amp;utm_content=habitation' class='app-button fit'>Je compare<\/a><\/div>\n<h1 data-start=\"487\" data-end=\"554\"><strong data-start=\"490\" data-end=\"552\">Le vol de v\u00e9lo est-il couvert par l&rsquo;assurance habitation ?<\/strong><\/h1>\n<h2 data-start=\"556\" data-end=\"656\"><strong data-start=\"560\" data-end=\"654\">Quelles sont les conditions de prise en charge du vol de v\u00e9lo par l&rsquo;assurance habitation ?<\/strong><\/h2>\n<p data-start=\"657\" data-end=\"1041\">L\u2019assurance habitation inclut g\u00e9n\u00e9ralement une garantie vol et vandalisme qui peut couvrir le vol de v\u00e9lo. Toutefois, cette couverture est souvent limit\u00e9e aux vols commis <strong data-start=\"828\" data-end=\"857\">\u00e0 l\u2019int\u00e9rieur du domicile<\/strong> ou dans une <strong data-start=\"870\" data-end=\"894\">d\u00e9pendance s\u00e9curis\u00e9e<\/strong>(garage, cave ferm\u00e9e \u00e0 cl\u00e9, local \u00e0 v\u00e9lo). En revanche, les vols commis \u00e0 l\u2019ext\u00e9rieur sont rarement pris en charge sans garantie compl\u00e9mentaire.<\/p>\n<h2 data-start=\"1043\" data-end=\"1116\"><strong data-start=\"1047\" data-end=\"1114\">Quels types de v\u00e9los sont couverts par l&rsquo;assurance habitation ?<\/strong><\/h2>\n<p data-start=\"1117\" data-end=\"1202\">La couverture de l\u2019assurance habitation peut s\u2019\u00e9tendre \u00e0 plusieurs types de v\u00e9los :<\/p>\n<ul data-start=\"1203\" data-end=\"1510\">\n<li data-start=\"1203\" data-end=\"1263\"><strong data-start=\"1205\" data-end=\"1225\">V\u00e9los classiques<\/strong> (VTT, v\u00e9lo de ville, v\u00e9lo de route)<\/li>\n<li data-start=\"1264\" data-end=\"1429\"><strong data-start=\"1266\" data-end=\"1287\">V\u00e9los \u00e9lectriques<\/strong>, sous r\u00e9serve qu\u2019ils ne d\u00e9passent pas 25 km\/h (au-del\u00e0, ils sont consid\u00e9r\u00e9s comme des cyclomoteurs et n\u00e9cessitent une assurance sp\u00e9cifique)<\/li>\n<li data-start=\"1430\" data-end=\"1510\"><strong data-start=\"1432\" data-end=\"1455\">V\u00e9los haut de gamme<\/strong>, mais souvent avec un plafond d\u2019indemnisation limit\u00e9<\/li>\n<\/ul>\n<p><iframe loading=\"lazy\" title=\"L&#039;assurance habitation\" width=\"500\" height=\"281\" src=\"https:\/\/www.youtube.com\/embed\/PfrdFYaZPQg?feature=oembed\" frameborder=\"0\" allow=\"accelerometer; autoplay; clipboard-write; encrypted-media; gyroscope; picture-in-picture; web-share\" referrerpolicy=\"strict-origin-when-cross-origin\" allowfullscreen><\/iframe><\/p>\n<h1 data-start=\"1517\" data-end=\"1559\"><strong data-start=\"1520\" data-end=\"1557\">Vol de v\u00e9lo et assurance habitation : les cas sp\u00e9cifiques<\/strong><\/h1>\n<h2 data-start=\"1561\" data-end=\"1618\"><strong data-start=\"1565\" data-end=\"1616\">Le cas d&rsquo;un v\u00e9lo vol\u00e9 \u00e0 l\u2019ext\u00e9rieur du domicile<\/strong><\/h2>\n<p data-start=\"1619\" data-end=\"1951\">Si votre v\u00e9lo est vol\u00e9 <strong data-start=\"1642\" data-end=\"1666\">sur la voie publique<\/strong>, dans un parc, ou devant votre lieu de travail, l\u2019assurance habitation ne couvre g\u00e9n\u00e9ralement pas ce type de vol sauf si vous avez souscrit une garantie sp\u00e9cifique \u00ab\u00a0vol hors domicile\u00a0\u00bb. Cette garantie peut exiger que le v\u00e9lo ait \u00e9t\u00e9 attach\u00e9 \u00e0 un point fixe avec un antivol homologu\u00e9.<\/p>\n<h2 data-start=\"1953\" data-end=\"2001\"><strong data-start=\"1957\" data-end=\"1999\">Le cas d&rsquo;un v\u00e9lo vol\u00e9 gar\u00e9 au domicile<\/strong><\/h2>\n<p data-start=\"2002\" data-end=\"2306\">Si votre v\u00e9lo est vol\u00e9 <strong data-start=\"2025\" data-end=\"2072\">dans un garage, une cave ou un local \u00e0 v\u00e9lo<\/strong>, il peut \u00eatre couvert par l\u2019assurance habitation \u00e0 condition que l\u2019effraction soit prouv\u00e9e (porte forc\u00e9e, serrure fractur\u00e9e). Certains contrats imposent aussi que le v\u00e9lo soit attach\u00e9 avec un antivol m\u00eame \u00e0 l\u2019int\u00e9rieur du domicile.<\/p>\n<h1 data-start=\"2313\" data-end=\"2393\"><strong data-start=\"2315\" data-end=\"2391\">Montant de l&rsquo;indemnisation de l\u2019assurance habitation pour le vol de v\u00e9lo<\/strong><\/h1>\n<h2 data-start=\"2395\" data-end=\"2456\"><strong data-start=\"2399\" data-end=\"2454\">Comment est calcul\u00e9 le montant de l&rsquo;indemnisation ?<\/strong><\/h2>\n<p data-start=\"2457\" data-end=\"2505\">L\u2019indemnisation d\u00e9pend de plusieurs facteurs :<\/p>\n<ul data-start=\"2506\" data-end=\"2782\">\n<li data-start=\"2506\" data-end=\"2607\">La <strong data-start=\"2511\" data-end=\"2537\">valeur d\u2019achat du v\u00e9lo<\/strong> et sa v\u00e9tust\u00e9 (d\u00e9pr\u00e9ciation appliqu\u00e9e en fonction de l\u2019\u00e2ge du v\u00e9lo)<\/li>\n<li data-start=\"2608\" data-end=\"2665\">Le <strong data-start=\"2613\" data-end=\"2640\">plafond d\u2019indemnisation<\/strong> fix\u00e9 par votre contrat<\/li>\n<li data-start=\"2666\" data-end=\"2782\">La pr\u00e9sence ou non d\u2019une <strong data-start=\"2693\" data-end=\"2719\">garantie valeur \u00e0 neuf<\/strong>, qui permet de se faire rembourser un v\u00e9lo neuf de m\u00eame type<\/li>\n<\/ul>\n<h2 data-start=\"2784\" data-end=\"2829\"><strong data-start=\"2788\" data-end=\"2827\">Y a-t-il des franchises \u00e0 pr\u00e9voir ?<\/strong><\/h2>\n<p data-start=\"0\" data-end=\"205\">Oui, la plupart des contrats d\u2019assurance habitation appliquent une <strong data-start=\"67\" data-end=\"80\">franchise<\/strong> en cas de vol de v\u00e9lo. Cette franchise correspond \u00e0 la somme qui reste \u00e0 votre charge apr\u00e8s l\u2019indemnisation de l\u2019assureur.<\/p>\n<p data-start=\"207\" data-end=\"268\">Le montant de la franchise peut varier selon les contrats :<\/p>\n<ul data-start=\"269\" data-end=\"420\">\n<li data-start=\"269\" data-end=\"343\"><strong data-start=\"271\" data-end=\"287\">Montant fixe<\/strong> (exemple : 100 \u20ac ou 150 \u20ac d\u00e9duits de l\u2019indemnisation)<\/li>\n<li data-start=\"344\" data-end=\"420\"><strong data-start=\"346\" data-end=\"380\">Pourcentage de l\u2019indemnisation<\/strong> (exemple : 10 % du montant rembours\u00e9)<\/li>\n<\/ul>\n<p data-start=\"422\" data-end=\"713\" data-is-last-node=\"\" data-is-only-node=\"\">Certains contrats proposent des options permettant de <strong data-start=\"476\" data-end=\"513\">r\u00e9duire ou supprimer la franchise<\/strong>, mais cela entra\u00eene g\u00e9n\u00e9ralement une cotisation plus \u00e9lev\u00e9e. Il est donc important de <strong data-start=\"600\" data-end=\"654\">v\u00e9rifier les conditions g\u00e9n\u00e9rales de votre contrat<\/strong> pour conna\u00eetre le montant exact de la franchise appliqu\u00e9e.<\/p>\n<div class='cta-block'><div class='text'>Trouvez la meilleure offre d&rsquo;assurance habitation<\/div><a href='https:\/\/app.wesur.fr\/formulaire_habitation?utm_source=mesallocs&amp;utm_medium=partenariat&amp;utm_campaign=mesallocs_mrh&amp;utm_content=habitation' class='app-button fit'>Je compare<\/a><\/div>\n<h1 data-start=\"3032\" data-end=\"3120\"><strong data-start=\"3034\" data-end=\"3118\">D\u00e9marches \u00e0 suivre aupr\u00e8s de l\u2019assurance habitation pour d\u00e9clarer un vol de v\u00e9lo<\/strong><\/h1>\n<h2 data-start=\"3122\" data-end=\"3192\"><strong data-start=\"3126\" data-end=\"3190\">Comment d\u00e9clarer un vol de v\u00e9lo \u00e0 son assurance habitation ?<\/strong><\/h2>\n<p data-start=\"3193\" data-end=\"3245\">En cas de vol de v\u00e9lo, voici les \u00e9tapes \u00e0 suivre :<\/p>\n<ol data-start=\"3246\" data-end=\"3565\">\n<li data-start=\"3246\" data-end=\"3360\"><strong data-start=\"3249\" data-end=\"3272\">D\u00e9poser une plainte<\/strong> aupr\u00e8s des forces de l\u2019ordre (police ou gendarmerie) dans un d\u00e9lai de 24 \u00e0 48 heures.<\/li>\n<li data-start=\"3361\" data-end=\"3488\"><strong data-start=\"3364\" data-end=\"3401\">D\u00e9clarer le vol \u00e0 votre assurance<\/strong> habitation en respectant le d\u00e9lai impos\u00e9 par votre contrat (souvent 5 jours ouvr\u00e9s).<\/li>\n<li data-start=\"3489\" data-end=\"3565\"><strong data-start=\"3492\" data-end=\"3531\">Fournir les documents justificatifs<\/strong> pour permettre l\u2019indemnisation.<\/li>\n<\/ol>\n<h2 data-start=\"3567\" data-end=\"3634\"><strong data-start=\"3571\" data-end=\"3632\">Quels documents fournir pour la d\u00e9claration de sinistre ?<\/strong><\/h2>\n<ul data-start=\"3635\" data-end=\"3862\">\n<li data-start=\"3635\" data-end=\"3669\">La <strong data-start=\"3640\" data-end=\"3659\">facture d\u2019achat<\/strong> du v\u00e9lo<\/li>\n<li data-start=\"3670\" data-end=\"3706\">La <strong data-start=\"3675\" data-end=\"3704\">copie du d\u00e9p\u00f4t de plainte<\/strong><\/li>\n<li data-start=\"3707\" data-end=\"3751\">Des <strong data-start=\"3713\" data-end=\"3723\">photos<\/strong> du v\u00e9lo et de son antivol<\/li>\n<li data-start=\"3752\" data-end=\"3862\">Toute <strong data-start=\"3760\" data-end=\"3786\">preuve de s\u00e9curisation<\/strong> (facture de l\u2019antivol, attestation de stationnement dans un garage ferm\u00e9)<\/li>\n<\/ul>\n<h1 data-start=\"3869\" data-end=\"3902\"><strong data-start=\"3871\" data-end=\"3900\">Pr\u00e9vention du vol de v\u00e9lo<\/strong><\/h1>\n<h2 data-start=\"3904\" data-end=\"3974\"><strong data-start=\"3908\" data-end=\"3972\">Quelles mesures de s\u00e9curit\u00e9 adopter pour prot\u00e9ger son v\u00e9lo ?<\/strong><\/h2>\n<ul data-start=\"3975\" data-end=\"4210\">\n<li data-start=\"3975\" data-end=\"4050\"><strong data-start=\"3977\" data-end=\"4010\">Utiliser un antivol homologu\u00e9<\/strong> de type U ou cha\u00eene en acier renforc\u00e9<\/li>\n<li data-start=\"4051\" data-end=\"4131\"><strong data-start=\"4053\" data-end=\"4089\">Attacher le v\u00e9lo \u00e0 un point fixe<\/strong>, m\u00eame \u00e0 l\u2019int\u00e9rieur d\u2019un local s\u00e9curis\u00e9<\/li>\n<li data-start=\"4132\" data-end=\"4210\"><strong data-start=\"4134\" data-end=\"4163\">\u00c9viter les zones \u00e0 risque<\/strong> et privil\u00e9gier les parkings \u00e0 v\u00e9lo s\u00e9curis\u00e9s<\/li>\n<\/ul>\n<h2 data-start=\"4212\" data-end=\"4300\"><strong data-start=\"4216\" data-end=\"4298\">L&rsquo;importance de l&rsquo;immatriculation et des assurances sp\u00e9cifiques pour les v\u00e9los<\/strong><\/h2>\n<p data-start=\"86\" data-end=\"365\">Avec la popularit\u00e9 croissante du <strong data-start=\"119\" data-end=\"152\">v\u00e9lo comme moyen de transport<\/strong>, notamment les <strong data-start=\"168\" data-end=\"195\">v\u00e9los \u00e9lectriques (VAE)<\/strong>, il devient essentiel de <strong data-start=\"221\" data-end=\"242\">prot\u00e9ger son v\u00e9lo<\/strong> contre le vol et les dommages. L\u2019<strong data-start=\"276\" data-end=\"295\">immatriculation<\/strong> et l\u2019assurance sp\u00e9cifique jouent un r\u00f4le cl\u00e9 dans cette protection.<\/p>\n<h3 data-start=\"367\" data-end=\"444\"><strong data-start=\"372\" data-end=\"442\">L\u2019immatriculation des v\u00e9los : une obligation pour certains mod\u00e8les<\/strong><\/h3>\n<p data-start=\"445\" data-end=\"565\">Depuis le <strong data-start=\"455\" data-end=\"475\">1er janvier 2021<\/strong>, l\u2019identification des v\u00e9los neufs est <strong data-start=\"514\" data-end=\"529\">obligatoire<\/strong> en France. Ce marquage concerne :<\/p>\n<ul data-start=\"566\" data-end=\"676\">\n<li data-start=\"566\" data-end=\"622\"><strong data-start=\"568\" data-end=\"620\">Tous les v\u00e9los neufs vendus par un professionnel<\/strong><\/li>\n<li data-start=\"623\" data-end=\"676\"><strong data-start=\"625\" data-end=\"674\">Les v\u00e9los d\u2019occasion vendus par un commer\u00e7ant<\/strong><\/li>\n<\/ul>\n<p data-start=\"678\" data-end=\"816\">Un <strong data-start=\"681\" data-end=\"698\">num\u00e9ro unique<\/strong> est attribu\u00e9 au v\u00e9lo et enregistr\u00e9 dans le <strong data-start=\"742\" data-end=\"790\">fichier national d&rsquo;identification des cycles<\/strong>. Ce dispositif permet :<\/p>\n<ul data-start=\"817\" data-end=\"1017\">\n<li data-start=\"817\" data-end=\"910\">De <strong data-start=\"822\" data-end=\"864\">retrouver plus facilement un v\u00e9lo vol\u00e9<\/strong> s\u2019il est retrouv\u00e9 par les forces de l\u2019ordre<\/li>\n<li data-start=\"911\" data-end=\"1017\">De <strong data-start=\"916\" data-end=\"941\">dissuader les voleurs<\/strong>, car un v\u00e9lo immatricul\u00e9 est plus difficile \u00e0 revendre sur le march\u00e9 noir<\/li>\n<\/ul>\n<p data-start=\"1019\" data-end=\"1197\">Les propri\u00e9taires de v\u00e9los non immatricul\u00e9s (achet\u00e9s avant 2021) peuvent <strong data-start=\"1092\" data-end=\"1132\">volontairement enregistrer leur v\u00e9lo<\/strong> aupr\u00e8s de services agr\u00e9\u00e9s comme Bicycode, Recobike ou Paravol.<\/p>\n<h3 data-start=\"1998\" data-end=\"2072\"><strong data-start=\"2003\" data-end=\"2070\">L\u2019int\u00e9r\u00eat d\u2019une double protection : immatriculation + assurance v\u00e9lo<\/strong><\/h3>\n<p data-start=\"2073\" data-end=\"2178\">L\u2019<strong data-start=\"2075\" data-end=\"2114\">immatriculation et l\u2019assurance v\u00e9lo<\/strong> forment une <strong data-start=\"2127\" data-end=\"2151\">combinaison efficace<\/strong> pour prot\u00e9ger son v\u00e9lo :<\/p>\n<ul data-start=\"2179\" data-end=\"2356\">\n<li data-start=\"2179\" data-end=\"2268\">L\u2019immatriculation facilite le <strong data-start=\"2211\" data-end=\"2266\">retracement et la restitution du v\u00e9lo en cas de vol<\/strong><\/li>\n<li data-start=\"2269\" data-end=\"2356\">L\u2019assurance prend en charge <strong data-start=\"2299\" data-end=\"2325\">les pertes financi\u00e8res<\/strong> li\u00e9es au vol ou aux dommages<\/li>\n<\/ul>\n<h1 data-start=\"4553\" data-end=\"4612\"><strong data-start=\"4555\" data-end=\"4610\">Est-il possible de souscrire \u00e0 une assurance v\u00e9lo ?<\/strong><\/h1>\n<h2 data-start=\"4614\" data-end=\"4690\"><strong data-start=\"4618\" data-end=\"4688\">L\u2019assurance v\u00e9lo : une alternative pour une couverture optimale<\/strong><\/h2>\n<p data-start=\"1270\" data-end=\"1516\">Bien que l\u2019<strong data-start=\"1281\" data-end=\"1342\">assurance habitation puisse offrir une couverture limit\u00e9e<\/strong> en cas de vol (souvent uniquement \u00e0 domicile et sous certaines conditions), une <strong data-start=\"1423\" data-end=\"1457\">assurance sp\u00e9cifique pour v\u00e9lo<\/strong> est fortement recommand\u00e9e pour une meilleure protection.<\/p>\n<p data-start=\"1518\" data-end=\"1996\">Une <strong data-start=\"1522\" data-end=\"1547\">assurance v\u00e9lo d\u00e9di\u00e9e<\/strong> peut inclure :<\/p>\n<ul>\n<li data-start=\"1518\" data-end=\"1996\"><strong data-start=\"1567\" data-end=\"1599\">Une couverture contre le vol<\/strong>, y compris sur la voie publique, \u00e0 condition d\u2019avoir utilis\u00e9 un antivol homologu\u00e9<\/li>\n<li data-start=\"1518\" data-end=\"1996\"><strong data-start=\"1686\" data-end=\"1732\">Une garantie contre les dommages mat\u00e9riels<\/strong>, en cas d\u2019accident, chute ou vandalisme<\/li>\n<li data-start=\"1518\" data-end=\"1996\"><strong data-start=\"1777\" data-end=\"1806\">Une responsabilit\u00e9 civile<\/strong>, pour couvrir les dommages que le cycliste pourrait causer \u00e0 un tiers<\/li>\n<li data-start=\"1518\" data-end=\"1996\"><strong data-start=\"1881\" data-end=\"1909\">Une assistance d\u00e9pannage<\/strong>, avec parfois une prise en charge du transport du v\u00e9lo en cas de panne ou d\u2019accident<\/li>\n<\/ul>\n<p data-start=\"5018\" data-end=\"5184\">Les assurances v\u00e9lo sont particuli\u00e8rement recommand\u00e9es pour les v\u00e9los \u00e9lectriques, les v\u00e9los haut de gamme ou les cyclistes qui utilisent leur v\u00e9lo quotidiennement.<\/p>\n<h2 data-start=\"5186\" data-end=\"5240\"><strong data-start=\"5190\" data-end=\"5238\">Comment bien choisir son assurance v\u00e9lo ?<\/strong><\/h2>\n<p data-start=\"5241\" data-end=\"5290\">Pour bien choisir une assurance v\u00e9lo, il faut :<\/p>\n<ul data-start=\"5291\" data-end=\"5548\">\n<li data-start=\"5291\" data-end=\"5367\">Comparer les <strong data-start=\"5306\" data-end=\"5329\">niveaux de garantie<\/strong> et les <strong data-start=\"5337\" data-end=\"5365\">plafonds d\u2019indemnisation<\/strong><\/li>\n<li data-start=\"5368\" data-end=\"5450\">V\u00e9rifier les <strong data-start=\"5383\" data-end=\"5409\">exclusions de garantie<\/strong> (ex : vol sans effraction non couvert)<\/li>\n<li data-start=\"5451\" data-end=\"5548\">Opter pour une formule adapt\u00e9e \u00e0 l\u2019utilisation du v\u00e9lo (occasionnelle, quotidienne, sportive)<\/li>\n<\/ul>\n<p data-start=\"5575\" data-end=\"6031\" data-is-last-node=\"\" data-is-only-node=\"\">L\u2019<strong data-start=\"5577\" data-end=\"5601\">assurance habitation<\/strong> peut couvrir <strong data-start=\"5615\" data-end=\"5633\">le vol de v\u00e9lo<\/strong>, mais g\u00e9n\u00e9ralement seulement <strong data-start=\"5663\" data-end=\"5686\">dans un local ferm\u00e9<\/strong> et sous certaines conditions. Pour une protection optimale, notamment contre le <strong data-start=\"5767\" data-end=\"5795\">vol sur la voie publique<\/strong>, il est souvent pr\u00e9f\u00e9rable de souscrire une <strong data-start=\"5840\" data-end=\"5869\">assurance v\u00e9lo sp\u00e9cifique<\/strong>. Pour \u00e9viter les mauvaises surprises, il est essentiel de bien v\u00e9rifier les garanties de son contrat et d\u2019adopter les <strong data-start=\"5988\" data-end=\"6024\">bonnes pratiques de s\u00e9curisation<\/strong>.<\/p>\n<div class='cta-block'><div class='text'>Trouvez la meilleure offre d&rsquo;assurance habitation<\/div><a href='https:\/\/app.wesur.fr\/formulaire_habitation?utm_source=mesallocs&amp;utm_medium=partenariat&amp;utm_campaign=mesallocs_mrh&amp;utm_content=habitation' class='app-button fit'>Je compare<\/a><\/div>\n","protected":false},"excerpt":{"rendered":"<p>Le vol de v\u00e9lo est un risque auquel de nombreux cyclistes sont confront\u00e9s, que ce soit \u00e0 domicile ou en ext\u00e9rieur. Face \u00e0 cette situation, une question se pose : l\u2019assurance habitation couvre-t-elle le vol de v\u00e9lo ? En r\u00e8gle g\u00e9n\u00e9rale, l\u2019assurance habitation inclut une garantie contre le vol, mais son application aux v\u00e9los d\u00e9pend [&hellip;]<\/p>\n","protected":false},"author":26,"featured_media":71532,"comment_status":"open","ping_status":"open","sticky":false,"template":"","format":"standard","meta":{"amp_status":"","footnotes":""},"categories":[18459,44239],"tags":[],"class_list":["post-93889","post","type-post","status-publish","format-standard","has-post-thumbnail","hentry","category-assurance-habitation","category-que-couvre-assurance-habitation"],"yoast_head":"<!-- This site is optimized with the Yoast SEO plugin v14.9 - https:\/\/yoast.com\/wordpress\/plugins\/seo\/ -->\n<title>L&#039;assurance habitation couvre-t-elle le vol de v\u00e9lo ? | Mes-Allocs.fr<\/title>\n<meta name=\"description\" content=\"Le vol de v\u00e9lo est un risque. Face \u00e0 cette situation, une question se pose : l\u2019assurance habitation couvre-t-elle le vol de v\u00e9lo ?\" \/>\n<meta name=\"robots\" content=\"index, follow, max-snippet:-1, max-image-preview:large, max-video-preview:-1\" \/>\n<link rel=\"canonical\" href=\"https:\/\/www.mes-allocs.fr\/guides\/assurance-habitation\/que-couvre-assurance-habitation\/assurance-habitation-vol-velo\/\" \/>\n<meta property=\"og:locale\" content=\"fr_FR\" \/>\n<meta property=\"og:type\" content=\"article\" \/>\n<meta property=\"og:title\" content=\"L&#039;assurance habitation couvre-t-elle le vol de v\u00e9lo ? | Mes-Allocs.fr\" \/>\n<meta property=\"og:description\" content=\"Le vol de v\u00e9lo est un risque. Face \u00e0 cette situation, une question se pose : l\u2019assurance habitation couvre-t-elle le vol de v\u00e9lo ?\" \/>\n<meta property=\"og:url\" content=\"https:\/\/www.mes-allocs.fr\/guides\/assurance-habitation\/que-couvre-assurance-habitation\/assurance-habitation-vol-velo\/\" \/>\n<meta property=\"og:site_name\" content=\"Mes-Allocs.fr\" \/>\n<meta property=\"article:published_time\" content=\"2025-02-26T15:14:39+00:00\" \/>\n<meta property=\"article:modified_time\" content=\"2026-04-22T07:33:39+00:00\" \/>\n<meta property=\"og:image\" content=\"https:\/\/www.mes-allocs.fr\/guides\/wp-content\/uploads\/2023\/12\/cycles-3902288_1280.jpg?wsr\" \/>\n\t<meta property=\"og:image:width\" content=\"1280\" \/>\n\t<meta property=\"og:image:height\" content=\"853\" \/>\n<meta name=\"twitter:card\" content=\"summary_large_image\" \/>\n<script type=\"application\/ld+json\" class=\"yoast-schema-graph\">{\"@context\":\"https:\/\/schema.org\",\"@graph\":[{\"@type\":\"WebSite\",\"@id\":\"https:\/\/www.mes-allocs.fr\/guides\/#website\",\"url\":\"https:\/\/www.mes-allocs.fr\/guides\/\",\"name\":\"Mes-Allocs.fr\",\"description\":\"\",\"potentialAction\":[{\"@type\":\"SearchAction\",\"target\":\"https:\/\/www.mes-allocs.fr\/guides\/?s={search_term_string}\",\"query-input\":\"required name=search_term_string\"}],\"inLanguage\":\"fr-FR\"},{\"@type\":\"ImageObject\",\"@id\":\"https:\/\/www.mes-allocs.fr\/guides\/assurance-habitation\/que-couvre-assurance-habitation\/assurance-habitation-vol-velo\/#primaryimage\",\"inLanguage\":\"fr-FR\",\"url\":\"https:\/\/www.mes-allocs.fr\/guides\/wp-content\/uploads\/2023\/12\/cycles-3902288_1280.jpg?wsr\",\"width\":1280,\"height\":853,\"caption\":\"assurance habitation vol de velo\"},{\"@type\":\"WebPage\",\"@id\":\"https:\/\/www.mes-allocs.fr\/guides\/assurance-habitation\/que-couvre-assurance-habitation\/assurance-habitation-vol-velo\/#webpage\",\"url\":\"https:\/\/www.mes-allocs.fr\/guides\/assurance-habitation\/que-couvre-assurance-habitation\/assurance-habitation-vol-velo\/\",\"name\":\"L'assurance habitation couvre-t-elle le vol de v\\u00e9lo ? | Mes-Allocs.fr\",\"isPartOf\":{\"@id\":\"https:\/\/www.mes-allocs.fr\/guides\/#website\"},\"primaryImageOfPage\":{\"@id\":\"https:\/\/www.mes-allocs.fr\/guides\/assurance-habitation\/que-couvre-assurance-habitation\/assurance-habitation-vol-velo\/#primaryimage\"},\"datePublished\":\"2025-02-26T15:14:39+00:00\",\"dateModified\":\"2026-04-22T07:33:39+00:00\",\"author\":{\"@id\":\"https:\/\/www.mes-allocs.fr\/guides\/#\/schema\/person\/9c38f3be41a0ddcd1e3fde5a3df713bf\"},\"description\":\"Le vol de v\\u00e9lo est un risque. Face \\u00e0 cette situation, une question se pose : l\\u2019assurance habitation couvre-t-elle le vol de v\\u00e9lo ?\",\"inLanguage\":\"fr-FR\"},{\"@type\":\"Person\",\"@id\":\"https:\/\/www.mes-allocs.fr\/guides\/#\/schema\/person\/9c38f3be41a0ddcd1e3fde5a3df713bf\",\"name\":\"Sessime Ananou\",\"image\":{\"@type\":\"ImageObject\",\"@id\":\"https:\/\/www.mes-allocs.fr\/guides\/#personlogo\",\"inLanguage\":\"fr-FR\",\"url\":\"https:\/\/www.mes-allocs.fr\/guides\/wp-content\/uploads\/2023\/08\/IMG_8173-150x150.jpg\",\"caption\":\"Sessime Ananou\"},\"description\":\"Sessime est r\\u00e9dactrice chez Mes Allocs, sp\\u00e9cialis\\u00e9e sur le pouvoir d'achat. Elle rejoint l'\\u00e9quipe Mes Allocs en ao\\u00fbt 2023 afin de simplifier l'acc\\u00e8s \\u00e0 l'information sur les aides en g\\u00e9n\\u00e9ral.\"}]}<\/script>\n<!-- \/ Yoast SEO plugin. -->","amp_validity":null,"acf":{"faq":{"1":{"question":"Dans quelles conditions l'assurance habitation prend-elle en charge le vol d'un v\u00e9lo ?","answer":"L\u2019assurance habitation couvre g\u00e9n\u00e9ralement le vol de v\u00e9lo s\u2019il est d\u00e9rob\u00e9 \u00e0 l\u2019int\u00e9rieur du domicile ou dans une d\u00e9pendance s\u00e9curis\u00e9e (garage, cave ferm\u00e9e). Pour une couverture en ext\u00e9rieur, il est souvent n\u00e9cessaire de souscrire une option sp\u00e9cifique."},"2":{"question":"Le vol de v\u00e9lo \u00e0 l'ext\u00e9rieur du domicile est-il couvert ?","answer":"La plupart des contrats d\u2019assurance habitation ne couvrent pas le vol de v\u00e9lo sur la voie publique, sauf si une garantie compl\u00e9mentaire a \u00e9t\u00e9 souscrite. Cette garantie peut exiger que le v\u00e9lo soit attach\u00e9 \u00e0 un point fixe avec un antivol homologu\u00e9.\r\n"},"3":{"question":"Quels sont les justificatifs n\u00e9cessaires pour d\u00e9clarer un vol de v\u00e9lo \u00e0 son assurance habitation ?","answer":"Pour \u00eatre indemnis\u00e9, vous devez fournir une preuve d'achat du v\u00e9lo (facture), une d\u00e9claration de vol aupr\u00e8s des autorit\u00e9s, ainsi que des photos ou documents attestant des dispositifs de s\u00e9curit\u00e9 utilis\u00e9s (antivol, garage s\u00e9curis\u00e9, etc.)."},"4":{"question":"Quel est le montant de l\u2019indemnisation en cas de vol de v\u00e9lo ?","answer":"Le remboursement d\u00e9pend de plusieurs facteurs : valeur du v\u00e9lo, v\u00e9tust\u00e9, plafonds d\u2019indemnisation pr\u00e9vus dans le contrat et \u00e9ventuelle franchise. Certains contrats appliquent un coefficient de d\u00e9pr\u00e9ciation en fonction de l'\u00e2ge du v\u00e9lo."},"5":{"question":"Existe-t-il des exclusions \u00e0 la prise en charge du vol de v\u00e9lo par l'assurance habitation ?","answer":"Oui, certaines situations ne sont pas couvertes, comme le vol sans effraction, le non-respect des mesures de s\u00e9curit\u00e9 exig\u00e9es par le contrat (absence d\u2019antivol, local non ferm\u00e9 \u00e0 cl\u00e9) ou encore le vol de v\u00e9lo utilis\u00e9 \u00e0 des fins professionnelles."},"6":{"question":"Comment bien assurer son v\u00e9lo contre le vol ?","answer":"Pour une couverture optimale, il est conseill\u00e9 de v\u00e9rifier les garanties de son contrat d\u2019assurance habitation et, si n\u00e9cessaire, de souscrire une assurance sp\u00e9cifique pour v\u00e9lo, couvrant le vol en ext\u00e9rieur, les dommages accidentels et la responsabilit\u00e9 civile en cas d\u2019accident."},"7":{"question":"","answer":""},"8":{"question":"","answer":""},"9":{"question":"","answer":""},"10":{"question":"","answer":""},"11":{"question":"","answer":""},"12":{"question":"","answer":""},"13":{"question":"","answer":""},"14":{"question":"","answer":""},"15":{"question":"","answer":""},"16":{"question":"","answer":""}}},"_links":{"self":[{"href":"https:\/\/www.mes-allocs.fr\/guides\/wp-json\/wp\/v2\/posts\/93889","targetHints":{"allow":["GET"]}}],"collection":[{"href":"https:\/\/www.mes-allocs.fr\/guides\/wp-json\/wp\/v2\/posts"}],"about":[{"href":"https:\/\/www.mes-allocs.fr\/guides\/wp-json\/wp\/v2\/types\/post"}],"author":[{"embeddable":true,"href":"https:\/\/www.mes-allocs.fr\/guides\/wp-json\/wp\/v2\/users\/26"}],"replies":[{"embeddable":true,"href":"https:\/\/www.mes-allocs.fr\/guides\/wp-json\/wp\/v2\/comments?post=93889"}],"version-history":[{"count":4,"href":"https:\/\/www.mes-allocs.fr\/guides\/wp-json\/wp\/v2\/posts\/93889\/revisions"}],"predecessor-version":[{"id":102173,"href":"https:\/\/www.mes-allocs.fr\/guides\/wp-json\/wp\/v2\/posts\/93889\/revisions\/102173"}],"wp:featuredmedia":[{"embeddable":true,"href":"https:\/\/www.mes-allocs.fr\/guides\/wp-json\/wp\/v2\/media\/71532"}],"wp:attachment":[{"href":"https:\/\/www.mes-allocs.fr\/guides\/wp-json\/wp\/v2\/media?parent=93889"}],"wp:term":[{"taxonomy":"category","embeddable":true,"href":"https:\/\/www.mes-allocs.fr\/guides\/wp-json\/wp\/v2\/categories?post=93889"},{"taxonomy":"post_tag","embeddable":true,"href":"https:\/\/www.mes-allocs.fr\/guides\/wp-json\/wp\/v2\/tags?post=93889"}],"curies":[{"name":"wp","href":"https:\/\/api.w.org\/{rel}","templated":true}]}}