{"id":93847,"date":"2025-02-26T11:40:55","date_gmt":"2025-02-26T09:40:55","guid":{"rendered":"https:\/\/www.mes-allocs.fr\/guides\/?p=93847"},"modified":"2026-04-22T08:33:39","modified_gmt":"2026-04-22T07:33:39","slug":"notification-droits-caf-mobili-jeune","status":"publish","type":"post","link":"https:\/\/www.mes-allocs.fr\/guides\/aide-mobilite\/mobili-jeune\/demande-mobili-jeune\/notification-droits-caf-mobili-jeune\/","title":{"rendered":"Notification des droits de la CAF pour la demande Mobili-Jeune"},"content":{"rendered":"<p><img loading=\"lazy\" decoding=\"async\" class=\"alignnone wp-image-93852\" title=\"notification caf mobili jeune\" src=\"https:\/\/www.mes-allocs.fr\/guides\/wp-content\/uploads\/2025\/02\/notification-caf-mobili-jeune-e1740562840433-300x64.jpg\" alt=\"notification caf mobili jeune\" width=\"1430\" height=\"305\" srcset=\"https:\/\/www.mes-allocs.fr\/guides\/wp-content\/uploads\/2025\/02\/notification-caf-mobili-jeune-e1740562840433-300x64.jpg 300w, https:\/\/www.mes-allocs.fr\/guides\/wp-content\/uploads\/2025\/02\/notification-caf-mobili-jeune-e1740562840433-1024x218.jpg 1024w, https:\/\/www.mes-allocs.fr\/guides\/wp-content\/uploads\/2025\/02\/notification-caf-mobili-jeune-e1740562840433-768x163.jpg 768w, https:\/\/www.mes-allocs.fr\/guides\/wp-content\/uploads\/2025\/02\/notification-caf-mobili-jeune-e1740562840433-1536x326.jpg 1536w, https:\/\/www.mes-allocs.fr\/guides\/wp-content\/uploads\/2025\/02\/notification-caf-mobili-jeune-e1740562840433-600x128.jpg 600w, https:\/\/www.mes-allocs.fr\/guides\/wp-content\/uploads\/2025\/02\/notification-caf-mobili-jeune-e1740562840433.jpg 2000w\" sizes=\"auto, (max-width: 1430px) 100vw, 1430px\" \/><\/p>\n<p>L\u2019<a href=\"https:\/\/www.mes-allocs.fr\/guides\/aide-mobilite\/\">aide \u00e0 la mobilit\u00e9<\/a> permet aux jeunes en formation en alternance de s\u2019installer pr\u00e8s de leur lieu de travail ou d\u2019\u00e9tude. Parmi les dispositifs existants, l\u2019aide Mobili Jeune propos\u00e9e par Action Logement permet de r\u00e9duire les frais de logement. Pour en b\u00e9n\u00e9ficier, la <b>notification des droits de la CAF pour la demande Mobili-Jeune<\/b> est obligatoire si vous b\u00e9n\u00e9ficiez d\u2019aide au logement. Dans cet article, d\u00e9couvrez en quoi consiste cette notification, comment l\u2019obtenir et pourquoi elle est importante pour calculer le montant de l\u2019aide Mobili-Jeune.<\/p>\n<p class=\"p1\"><div class='cta-block'><div class='text'>Simulez toutes vos Aides en 2 min.<\/div><a href='https:\/\/www.mes-allocs.fr\/ab-app?origin=guides\/wp-json\/wp\/v2\/posts\/93847' class='app-button fit'>Simulation gratuite<\/a><\/div><\/p>\n<h1>Rappel : qu&rsquo;est-ce que Mobili-Jeune et comment en b\u00e9n\u00e9ficier ?<\/h1>\n<p>Mobili-Jeune est une aide au logement propos\u00e9e par Action Logement, destin\u00e9e aux jeunes de<b> moins de 30 ans en formation en alternance<\/b>. Cette aide vise \u00e0 prendre en charge une partie du loyer, charges comprises, pendant la dur\u00e9e de la formation.<\/p>\n<p>Pour en b\u00e9n\u00e9ficier, il est n\u00e9cessaire que vous remplissiez certains crit\u00e8res tels que :<\/p>\n<ul>\n<li aria-level=\"1\">\u00catre \u00e2g\u00e9 de <b>moins de 30 ans<\/b>.<\/li>\n<li aria-level=\"1\">\u00catre en <b>contrat d\u2019apprentissage ou de professionnalisation<\/b> dans une entreprise du <b>secteur priv\u00e9 non agricole<\/b>.<\/li>\n<li aria-level=\"1\">Avoir un salaire<b> inf\u00e9rieur ou \u00e9gal \u00e0 120 % du SMIC<\/b>.<\/li>\n<li aria-level=\"1\">\u00catre<b> locataire<\/b> ou <b>colocataire <\/b>d\u2019un logement.<\/li>\n<\/ul>\n<p><iframe loading=\"lazy\" src=\"\/\/www.youtube.com\/embed\/tu3qdMGINEM?si=iwj6OTKayyGpo7xE\" width=\"560\" height=\"314\" allowfullscreen=\"allowfullscreen\"><\/iframe><\/p>\n<h1>Qu\u2019est-ce que la notification des droits de la CAF pour Mobili-Jeune ?<\/h1>\n<h2>Notification des droits de la CAF : en quoi \u00e7a consiste ?<\/h2>\n<p>La notification de droits de la CAF est un document \u00e9mis par la Caisse d\u2019Allocations Familiales (CAF) qui <b>d\u00e9taille les aides au logement auxquelles vous avez droit<\/b>, comme l\u2019Aide Personnalis\u00e9e au Logement (APL) ou l\u2019Allocation de Logement Sociale (ALS). Ce document est important car le montant de l\u2019aide Mobili-Jeune est calcul\u00e9 en prenant en compte les aides au logement que vous percevez d\u00e9j\u00e0.<\/p>\n<h2>Comment v\u00e9rifier les informations dans la notification des droits de la CAF ?<\/h2>\n<p>Pour v\u00e9rifier les informations contenues dans votre notification de droits de la CAF :<\/p>\n<ul>\n<li aria-level=\"1\">Connectez-vous \u00e0 votre<b> espace personnel <\/b>sur le site de la CAF.<\/li>\n<li aria-level=\"1\">V\u00e9rifiez que toutes les <b>informations personnelles sont \u00e0 jour, <\/b>tels que votre adresse ou encore votre situation professionnelle.<\/li>\n<li aria-level=\"1\">Assurez-vous que le <b>montant de l\u2019aide au logement<\/b> inscrit correspond \u00e0 ce que vous recevez.<\/li>\n<li aria-level=\"1\">Si vous constatez des erreurs, contactez rapidement votre CAF pour les faire corriger.<\/li>\n<\/ul>\n<h2>Quelles sont les informations importantes dans la notification des droits de la CAF pour Mobili-Jeune ?<\/h2>\n<p>Les informations importantes \u00e0 regarder dans votre notification des droits de la CAF pour votre demande d\u2019aide Mobili-Jeune sont :<\/p>\n<ul>\n<li aria-level=\"1\">Le <b>montant de l\u2019aide au logemen<\/b>t que vous percevez.<\/li>\n<li aria-level=\"1\">La <b>p\u00e9riode de validit\u00e9<\/b> de vos droits.<\/li>\n<li aria-level=\"1\">Le <b>type de logement<\/b> pour lequel l\u2019aide est accord\u00e9e.<\/li>\n<li aria-level=\"1\">Votre <b>situation personnelle et professionnelle<\/b> d\u00e9clar\u00e9e \u00e0 la CAF.<\/li>\n<\/ul>\n<p>Ces informations sont importantes car le montant de l\u2019aide Mobili-Jeune est <b>calcul\u00e9 en fonction de votre loyer apr\u00e8s la d\u00e9duction de l\u2019aide au logement<\/b> de la CAF. Par exemple, si votre loyer est de 400 \u20ac et que la CAF vous accorde 200 \u20ac d\u2019APL, le montant de l\u2019aide Mobili-Jeune pourrait \u00eatre de 100 \u20ac, dans la limite du montant restant \u00e0 votre charge.<\/p>\n<p class=\"p1\"><div class='cta-block'><div class='text'>Simulez toutes vos Aides en 2 min.<\/div><a href='https:\/\/www.mes-allocs.fr\/ab-app?origin=guides\/wp-json\/wp\/v2\/posts\/93847' class='app-button fit'>Simulation gratuite<\/a><\/div><\/p>\n<h1>Comment recevoir la notification des droits de la CAF pour Mobili-Jeune ?<\/h1>\n<p>Pour recevoir la notification des droits de la CAF pour l\u2019aide Mobili-Jeune, vous devez :<\/p>\n<ul>\n<li aria-level=\"1\">D\u00e9poser une demande d\u2019aide au logement <b>aupr\u00e8s de la CAF<\/b> si ce n\u2019est pas d\u00e9j\u00e0 fait.<\/li>\n<li aria-level=\"1\">Vous connecter \u00e0 votre <b>espace personnel<\/b> sur le site de la CAF.<\/li>\n<li aria-level=\"1\">V\u00e9rifier que toutes les <b>informations personnelles soient \u00e0 jour<\/b>.<\/li>\n<li aria-level=\"1\">Attendre le <b>traitement de votre dossier<\/b> par la CAF. Le d\u00e9lai peut varier, mais il faut g\u00e9n\u00e9ralement compter <b>entre 1 \u00e0 3 mois<\/b> pour une premi\u00e8re demande.<\/li>\n<li aria-level=\"1\">Une fois votre dossier trait\u00e9 par la CAF, la notification des droits sera disponible dans votre <b>espace personnel<\/b> en ligne.<\/li>\n<li aria-level=\"1\"><b>T\u00e9l\u00e9charger<\/b> et <b>conserver ce document,<\/b> il est n\u00e9cessaire pour votre demande Mobili-Jeune aupr\u00e8s d\u2019Action Logement.<\/li>\n<\/ul>\n<h1>Comment combiner Mobili-Jeune avec d\u2019autres aides de la CAF ?<\/h1>\n<h2>Quelles sont les interactions entre Mobili-Jeune et les APL de la CAF?<\/h2>\n<p>L\u2019aide Mobili-Jeune peut \u00eatre cumul\u00e9e avec l\u2019Aide Personnalis\u00e9e au Logement (APL) et interagissent de la mani\u00e8re suivante :<\/p>\n<ul>\n<li aria-level=\"1\">L\u2019APL est calcul\u00e9e par la CAF.<\/li>\n<li aria-level=\"1\">Le montant de l\u2019aide Mobili-jeune est ensuite d\u00e9termin\u00e9 en fonction du reste \u00e0 charge apr\u00e8s la d\u00e9duction de l\u2019APL.<\/li>\n<li aria-level=\"1\">L\u2019aide Mobili-Jeune peut aller jusqu&rsquo;\u00e0 100 \u20ac par mois, dans la limite du montant qui vous reste \u00e0 charge.<\/li>\n<\/ul>\n<p><b>\u00c0 noter <\/b>: le montant total de l\u2019aide Mobili-Jeune est plafonn\u00e9 \u00e0 1 100 \u20ac par an, sur une dur\u00e9e maximale de 11 mois.<\/p>\n<h2>Quels sont les plafonds de revenus \u00e0 respecter pour b\u00e9n\u00e9ficier des APL et de l\u2019aide Mobili-Jeune ?<\/h2>\n<p>Pour b\u00e9n\u00e9ficier de l\u2019aide Mobili-Jeune, votre r\u00e9mun\u00e9ration doit \u00eatre<b> inf\u00e9rieure ou \u00e9gale \u00e0 120 % du SMIC brut.\u00a0<\/b><\/p>\n<p>Pour les APL, le plafond de ressources annuelles pour b\u00e9n\u00e9ficier du montant maximal de l\u2019APL en 2025 est :<\/p>\n\n<div class=\"wpdt-c row wpDataTableContainerSimpleTable wpDataTables wpDataTablesWrapper\n\"\n    >\n    <table id=\"wpdtSimpleTable-615\"\n           class=\"wpdtSimpleTable wpDataTable\"\n           data-column=\"2\"\n           data-rows=\"10\"\n           data-wpID=\"615\"\n           data-responsive=\"0\"\n           data-has-header=\"0\">\n\n                    <tbody>        <tr class=\"wpdt-cell-row \" >\n                            <td class=\"wpdt-cell wpdt-bold wpdt-bc-E4F6FF\"\n                                    data-cell-id=\"A1\"\n                data-col-index=\"0\"\n                data-row-index=\"0\"\n                style=\" width:39.337175792507%;                padding:10px;\"\n                >\n                                Composition du foyer                <\/td>\n                                            <td class=\"wpdt-cell wpdt-bold wpdt-bc-E4F6FF\"\n                                    data-cell-id=\"B1\"\n                data-col-index=\"1\"\n                data-row-index=\"0\"\n                style=\" width:60.662824207493%;                padding:10px;\"\n                >\n                                Plafond de ressources annuelles                <\/td>\n                                        <\/tr>\n                            <tr class=\"wpdt-cell-row \" >\n                            <td class=\"wpdt-cell wpdt-align-left\"\n                                    data-cell-id=\"A2\"\n                data-col-index=\"0\"\n                data-row-index=\"1\"\n                style=\"                padding:10px;\"\n                >\n                                Personne seule sans personne \u00e0 charge                <\/td>\n                                            <td class=\"wpdt-cell \"\n                                    data-cell-id=\"B2\"\n                data-col-index=\"1\"\n                data-row-index=\"1\"\n                style=\"                padding:10px;\"\n                >\n                                5 235 \u20ac                <\/td>\n                                        <\/tr>\n                            <tr class=\"wpdt-cell-row \" >\n                            <td class=\"wpdt-cell wpdt-align-left\"\n                                    data-cell-id=\"A3\"\n                data-col-index=\"0\"\n                data-row-index=\"2\"\n                style=\"                padding:10px;\"\n                >\n                                Couple sans personne \u00e0 charge                <\/td>\n                                            <td class=\"wpdt-cell \"\n                                    data-cell-id=\"B3\"\n                data-col-index=\"1\"\n                data-row-index=\"2\"\n                style=\"                padding:10px;\"\n                >\n                                7 501 \u20ac                <\/td>\n                                        <\/tr>\n                            <tr class=\"wpdt-cell-row \" >\n                            <td class=\"wpdt-cell wpdt-align-left\"\n                                    data-cell-id=\"A4\"\n                data-col-index=\"0\"\n                data-row-index=\"3\"\n                style=\"                padding:10px;\"\n                >\n                                Personne seule ou couple avec 1 personne \u00e0 charge                <\/td>\n                                            <td class=\"wpdt-cell \"\n                                    data-cell-id=\"B4\"\n                data-col-index=\"1\"\n                data-row-index=\"3\"\n                style=\"                padding:10px;\"\n                >\n                                8 947 \u20ac                <\/td>\n                                        <\/tr>\n                            <tr class=\"wpdt-cell-row \" >\n                            <td class=\"wpdt-cell wpdt-align-left\"\n                                    data-cell-id=\"A5\"\n                data-col-index=\"0\"\n                data-row-index=\"4\"\n                style=\"                padding:10px;\"\n                >\n                                Personne seule ou couple avec 2 personnes \u00e0 charge                <\/td>\n                                            <td class=\"wpdt-cell \"\n                                    data-cell-id=\"B5\"\n                data-col-index=\"1\"\n                data-row-index=\"4\"\n                style=\"                padding:10px;\"\n                >\n                                9 498 \u20ac                <\/td>\n                                        <\/tr>\n                            <tr class=\"wpdt-cell-row \" >\n                            <td class=\"wpdt-cell wpdt-align-left\"\n                                    data-cell-id=\"A6\"\n                data-col-index=\"0\"\n                data-row-index=\"5\"\n                style=\"                padding:10px;\"\n                >\n                                Personne seule ou couple avec 3 personnes \u00e0 charge                <\/td>\n                                            <td class=\"wpdt-cell \"\n                                    data-cell-id=\"B6\"\n                data-col-index=\"1\"\n                data-row-index=\"5\"\n                style=\"                padding:10px;\"\n                >\n                                9 851 \u20ac                <\/td>\n                                        <\/tr>\n                            <tr class=\"wpdt-cell-row \" >\n                            <td class=\"wpdt-cell wpdt-align-left\"\n                                    data-cell-id=\"A7\"\n                data-col-index=\"0\"\n                data-row-index=\"6\"\n                style=\"                padding:10px;\"\n                >\n                                Personne seule ou couple avec 4 personnes \u00e0 charge                <\/td>\n                                            <td class=\"wpdt-cell \"\n                                    data-cell-id=\"B7\"\n                data-col-index=\"1\"\n                data-row-index=\"6\"\n                style=\"                padding:10px;\"\n                >\n                                10 202 \u20ac                <\/td>\n                                        <\/tr>\n                            <tr class=\"wpdt-cell-row \" >\n                            <td class=\"wpdt-cell wpdt-align-left\"\n                                    data-cell-id=\"A8\"\n                data-col-index=\"0\"\n                data-row-index=\"7\"\n                style=\"                padding:10px;\"\n                >\n                                Personne seule ou couple avec 5 personnes \u00e0 charge                <\/td>\n                                            <td class=\"wpdt-cell \"\n                                    data-cell-id=\"B8\"\n                data-col-index=\"1\"\n                data-row-index=\"7\"\n                style=\"                padding:10px;\"\n                >\n                                10 554 \u20ac                <\/td>\n                                        <\/tr>\n                            <tr class=\"wpdt-cell-row \" >\n                            <td class=\"wpdt-cell wpdt-align-left\"\n                                    data-cell-id=\"A9\"\n                data-col-index=\"0\"\n                data-row-index=\"8\"\n                style=\"                padding:10px;\"\n                >\n                                Personne seule ou couple avec 6 personnes \u00e0 charge                <\/td>\n                                            <td class=\"wpdt-cell \"\n                                    data-cell-id=\"B9\"\n                data-col-index=\"1\"\n                data-row-index=\"8\"\n                style=\"                padding:10px;\"\n                >\n                                10 554 \u20ac                <\/td>\n                                        <\/tr>\n                            <tr class=\"wpdt-cell-row \" >\n                            <td class=\"wpdt-cell wpdt-align-left\"\n                                    data-cell-id=\"A10\"\n                data-col-index=\"0\"\n                data-row-index=\"9\"\n                style=\"                padding:10px;\"\n                >\n                                Montant additionnel par personne \u00e0 charge suppl\u00e9mentaire                <\/td>\n                                            <td class=\"wpdt-cell \"\n                                    data-cell-id=\"B10\"\n                data-col-index=\"1\"\n                data-row-index=\"9\"\n                style=\"                padding:10px;\"\n                >\n                                + 346 \u20ac                <\/td>\n                                        <\/tr>\n                    <\/table>\n<\/div><style id='wpdt-custom-style-615'>\n.wpdt-bc-E4F6FF { background-color: #E4F6FF !important;}\n<\/style>\n\n<h2>Ques impacts potentiels de ces changements sur vos droits \u00e0 l\u2019aide Mobili-Jeune ?<\/h2>\n<p>Les changements dans votre situation peuvent avoir plusieurs impacts sur vos droits Mobili-Jeune :<\/p>\n<ul>\n<li aria-level=\"1\"><b>Une modification du montant de l\u2019aid<\/b>e : si votre salaire ou vos aides au logement changent, le montant de l\u2019aide Mobili-Jeune pourrait \u00eatre recalcul\u00e9.<\/li>\n<li aria-level=\"1\"><b>Une perte d\u2019\u00e9ligibilit\u00e9<\/b> : si votre salaire d\u00e9passe 120 % du SMIC, vous pourriez perdre votre \u00e9ligibilit\u00e9 \u00e0 l\u2019aide.<\/li>\n<li aria-level=\"1\"><b>Une interruption de l\u2019aide<\/b> : si vous ne respectez plus les crit\u00e8res d\u2019\u00e9ligibilit\u00e9 (par exemple, fin du contrat d\u2019alternance), l\u2019aide Mobili-Jeune peut \u00eatre interrompue.<\/li>\n<\/ul>\n<h1>Conclusion<\/h1>\n<p>En conclusion, la notification des droits de la CAF est un \u00e9l\u00e9ment important pour b\u00e9n\u00e9ficier de l\u2019aide Mobili-Jeune. En v\u00e9rifiant et en maintenant \u00e0 jour vos informations personnelles et professionnelles, vous vous assurez de recevoir les aides adapt\u00e9es \u00e0 votre situation. N\u2019oubliez pas de signaler tout changement \u00e0 Action Logement pour \u00e9viter des interruptions ou des ajustements d\u2019aide.<\/p>\n<p class=\"p1\"><div class='cta-block'><div class='text'>Simulez toutes vos Aides en 2 min.<\/div><a href='https:\/\/www.mes-allocs.fr\/ab-app?origin=guides\/wp-json\/wp\/v2\/posts\/93847' class='app-button fit'>Simulation gratuite<\/a><\/div><\/p>\n","protected":false},"excerpt":{"rendered":"<p>L\u2019aide \u00e0 la mobilit\u00e9 permet aux jeunes en formation en alternance de s\u2019installer pr\u00e8s de leur lieu de travail ou d\u2019\u00e9tude. Parmi les dispositifs existants, l\u2019aide Mobili Jeune propos\u00e9e par Action Logement permet de r\u00e9duire les frais de logement. Pour en b\u00e9n\u00e9ficier, la notification des droits de la CAF pour la demande Mobili-Jeune est obligatoire [&hellip;]<\/p>\n","protected":false},"author":31,"featured_media":93851,"comment_status":"open","ping_status":"open","sticky":false,"template":"","format":"standard","meta":{"amp_status":"","footnotes":""},"categories":[29,43549,4163],"tags":[],"class_list":["post-93847","post","type-post","status-publish","format-standard","has-post-thumbnail","hentry","category-aide-mobilite","category-demande-mobili-jeune","category-mobili-jeune"],"yoast_head":"<!-- This site is optimized with the Yoast SEO plugin v14.9 - https:\/\/yoast.com\/wordpress\/plugins\/seo\/ -->\n<title>Notification des droits de la CAF pour la demande Mobili-Jeune<\/title>\n<meta name=\"description\" content=\"Notification des droits de la CAF pour l\u2019aide Mobili-Jeune : son importance, comment l\u2019obtenir et les informations \u00e0 v\u00e9rifier.\" \/>\n<meta name=\"robots\" content=\"index, follow, max-snippet:-1, max-image-preview:large, max-video-preview:-1\" \/>\n<link rel=\"canonical\" href=\"https:\/\/www.mes-allocs.fr\/guides\/aide-mobilite\/mobili-jeune\/demande-mobili-jeune\/notification-droits-caf-mobili-jeune\/\" \/>\n<meta property=\"og:locale\" content=\"fr_FR\" \/>\n<meta property=\"og:type\" content=\"article\" \/>\n<meta property=\"og:title\" content=\"Notification des droits de la CAF pour la demande Mobili-Jeune\" \/>\n<meta property=\"og:description\" content=\"Notification des droits de la CAF pour l\u2019aide Mobili-Jeune : son importance, comment l\u2019obtenir et les informations \u00e0 v\u00e9rifier.\" \/>\n<meta property=\"og:url\" content=\"https:\/\/www.mes-allocs.fr\/guides\/aide-mobilite\/mobili-jeune\/demande-mobili-jeune\/notification-droits-caf-mobili-jeune\/\" \/>\n<meta property=\"og:site_name\" content=\"Mes-Allocs.fr\" \/>\n<meta property=\"article:published_time\" content=\"2025-02-26T09:40:55+00:00\" \/>\n<meta property=\"article:modified_time\" content=\"2026-04-22T07:33:39+00:00\" \/>\n<meta property=\"og:image\" content=\"https:\/\/www.mes-allocs.fr\/guides\/wp-content\/uploads\/2025\/02\/mobili-jeune-notification-caf.jpg?wsr\" \/>\n\t<meta property=\"og:image:width\" content=\"2000\" \/>\n\t<meta property=\"og:image:height\" content=\"1333\" \/>\n<meta name=\"twitter:card\" content=\"summary_large_image\" \/>\n<script type=\"application\/ld+json\" class=\"yoast-schema-graph\">{\"@context\":\"https:\/\/schema.org\",\"@graph\":[{\"@type\":\"WebSite\",\"@id\":\"https:\/\/www.mes-allocs.fr\/guides\/#website\",\"url\":\"https:\/\/www.mes-allocs.fr\/guides\/\",\"name\":\"Mes-Allocs.fr\",\"description\":\"\",\"potentialAction\":[{\"@type\":\"SearchAction\",\"target\":\"https:\/\/www.mes-allocs.fr\/guides\/?s={search_term_string}\",\"query-input\":\"required name=search_term_string\"}],\"inLanguage\":\"fr-FR\"},{\"@type\":\"ImageObject\",\"@id\":\"https:\/\/www.mes-allocs.fr\/guides\/aide-mobilite\/mobili-jeune\/demande-mobili-jeune\/notification-droits-caf-mobili-jeune\/#primaryimage\",\"inLanguage\":\"fr-FR\",\"url\":\"https:\/\/www.mes-allocs.fr\/guides\/wp-content\/uploads\/2025\/02\/mobili-jeune-notification-caf.jpg?wsr\",\"width\":2000,\"height\":1333,\"caption\":\"mobili jeune notification caf\"},{\"@type\":\"WebPage\",\"@id\":\"https:\/\/www.mes-allocs.fr\/guides\/aide-mobilite\/mobili-jeune\/demande-mobili-jeune\/notification-droits-caf-mobili-jeune\/#webpage\",\"url\":\"https:\/\/www.mes-allocs.fr\/guides\/aide-mobilite\/mobili-jeune\/demande-mobili-jeune\/notification-droits-caf-mobili-jeune\/\",\"name\":\"Notification des droits de la CAF pour la demande Mobili-Jeune\",\"isPartOf\":{\"@id\":\"https:\/\/www.mes-allocs.fr\/guides\/#website\"},\"primaryImageOfPage\":{\"@id\":\"https:\/\/www.mes-allocs.fr\/guides\/aide-mobilite\/mobili-jeune\/demande-mobili-jeune\/notification-droits-caf-mobili-jeune\/#primaryimage\"},\"datePublished\":\"2025-02-26T09:40:55+00:00\",\"dateModified\":\"2026-04-22T07:33:39+00:00\",\"author\":{\"@id\":\"https:\/\/www.mes-allocs.fr\/guides\/#\/schema\/person\/4f115680446d9e6de360142157ca671d\"},\"description\":\"Notification des droits de la CAF pour l\\u2019aide Mobili-Jeune : son importance, comment l\\u2019obtenir et les informations \\u00e0 v\\u00e9rifier.\",\"inLanguage\":\"fr-FR\"},{\"@type\":\"Person\",\"@id\":\"https:\/\/www.mes-allocs.fr\/guides\/#\/schema\/person\/4f115680446d9e6de360142157ca671d\",\"name\":\"Miangaly Ramasindray\",\"image\":{\"@type\":\"ImageObject\",\"@id\":\"https:\/\/www.mes-allocs.fr\/guides\/#personlogo\",\"inLanguage\":\"fr-FR\",\"url\":\"https:\/\/www.mes-allocs.fr\/guides\/wp-content\/uploads\/2024\/10\/Miangaly_Ramasindray-150x150.jpeg\",\"caption\":\"Miangaly Ramasindray\"},\"description\":\"Miangaly est r\\u00e9dactrice web sp\\u00e9cialis\\u00e9e sur les sujets de pouvoir d'achat. Elle rejoint Mes Allocs en 2024 apr\\u00e8s une premi\\u00e8re exp\\u00e9rience en marketing chez DMI.\",\"sameAs\":[\"https:\/\/www.linkedin.com\/in\/miangaly-ramasindray\/\"]}]}<\/script>\n<!-- \/ Yoast SEO plugin. -->","amp_validity":null,"acf":{"faq":{"1":{"question":"La notification des droits de la CAF est-elle obligatoire m\u00eame si je ne re\u00e7ois qu'une petite aide au logement ?","answer":"Oui, la notification est obligatoire d\u00e8s lors que vous percevez une aide au logement de la CAF. M\u00eame si le montant est faible, il doit \u00eatre pris en compte pour le calcul de l'aide Mobili-Jeune."},"2":{"question":"Puis-je fournir une capture d'\u00e9cran de mon espace CAF au lieu de la notification officielle ?","answer":"Non, Action Logement exige la notification officielle des droits, car elle garantit l'authenticit\u00e9 et la compl\u00e9tude des informations."},"3":{"question":"Combien de temps la notification des droits de la CAF est-elle valide pour ma demande Mobili-Jeune ?","answer":"La notification doit \u00eatre r\u00e9cente, id\u00e9alement de moins de trois mois. Si votre situation a chang\u00e9 depuis, une notification plus r\u00e9cente peut \u00eatre requise.\r\n"},"4":{"question":"Que faire si je ne trouve pas ma notification de droits dans mon espace CAF ?","answer":"Si vous avez besoin d'aide dans vos d\u00e9marches, contactez nos experts !"},"5":{"question":"Si le montant de mon APL change en cours d'ann\u00e9e, dois-je en informer Action Logement ?","answer":"Absolument. Tout changement dans vos aides CAF doit \u00eatre signal\u00e9 \u00e0 Action Logement via votre espace personnel. Cela peut entra\u00eener un recalcul de votre aide Mobili-Jeune."},"6":{"question":"La CAF et Action Logement \u00e9changent-elles des informations directement ?","answer":"Non, vous \u00eates responsable de fournir la notification de la CAF \u00e0 Action Logement. Il n'y a pas d'\u00e9change automatique d'informations entre les deux organismes."},"7":{"question":"","answer":""},"8":{"question":"","answer":""},"9":{"question":"","answer":""},"10":{"question":"","answer":""},"11":{"question":"","answer":""},"12":{"question":"","answer":""},"13":{"question":"","answer":""},"14":{"question":"","answer":""},"15":{"question":"","answer":""},"16":{"question":"","answer":""}}},"_links":{"self":[{"href":"https:\/\/www.mes-allocs.fr\/guides\/wp-json\/wp\/v2\/posts\/93847","targetHints":{"allow":["GET"]}}],"collection":[{"href":"https:\/\/www.mes-allocs.fr\/guides\/wp-json\/wp\/v2\/posts"}],"about":[{"href":"https:\/\/www.mes-allocs.fr\/guides\/wp-json\/wp\/v2\/types\/post"}],"author":[{"embeddable":true,"href":"https:\/\/www.mes-allocs.fr\/guides\/wp-json\/wp\/v2\/users\/31"}],"replies":[{"embeddable":true,"href":"https:\/\/www.mes-allocs.fr\/guides\/wp-json\/wp\/v2\/comments?post=93847"}],"version-history":[{"count":2,"href":"https:\/\/www.mes-allocs.fr\/guides\/wp-json\/wp\/v2\/posts\/93847\/revisions"}],"predecessor-version":[{"id":93978,"href":"https:\/\/www.mes-allocs.fr\/guides\/wp-json\/wp\/v2\/posts\/93847\/revisions\/93978"}],"wp:featuredmedia":[{"embeddable":true,"href":"https:\/\/www.mes-allocs.fr\/guides\/wp-json\/wp\/v2\/media\/93851"}],"wp:attachment":[{"href":"https:\/\/www.mes-allocs.fr\/guides\/wp-json\/wp\/v2\/media?parent=93847"}],"wp:term":[{"taxonomy":"category","embeddable":true,"href":"https:\/\/www.mes-allocs.fr\/guides\/wp-json\/wp\/v2\/categories?post=93847"},{"taxonomy":"post_tag","embeddable":true,"href":"https:\/\/www.mes-allocs.fr\/guides\/wp-json\/wp\/v2\/tags?post=93847"}],"curies":[{"name":"wp","href":"https:\/\/api.w.org\/{rel}","templated":true}]}}