{"id":93826,"date":"2025-02-26T10:26:21","date_gmt":"2025-02-26T08:26:21","guid":{"rendered":"https:\/\/www.mes-allocs.fr\/guides\/?p=93826"},"modified":"2026-04-22T08:33:39","modified_gmt":"2026-04-22T07:33:39","slug":"parc-logement-mobili-jeune","status":"publish","type":"post","link":"https:\/\/www.mes-allocs.fr\/guides\/aide-mobilite\/mobili-jeune\/demande-mobili-jeune\/parc-logement-mobili-jeune\/","title":{"rendered":"Quels sont les parcs de logements \u00e9ligibles \u00e0 Mobili-Jeune ?"},"content":{"rendered":"<p><img loading=\"lazy\" decoding=\"async\" class=\"alignnone wp-image-93827\" title=\"mobili jeune parc logement\" src=\"https:\/\/www.mes-allocs.fr\/guides\/wp-content\/uploads\/2025\/02\/mobili-jeune-parc-logement-e1740558223703-300x45.jpg\" alt=\"mobili jeune parc logement\" width=\"1427\" height=\"214\" srcset=\"https:\/\/www.mes-allocs.fr\/guides\/wp-content\/uploads\/2025\/02\/mobili-jeune-parc-logement-e1740558223703-300x45.jpg 300w, https:\/\/www.mes-allocs.fr\/guides\/wp-content\/uploads\/2025\/02\/mobili-jeune-parc-logement-e1740558223703-1024x154.jpg 1024w, https:\/\/www.mes-allocs.fr\/guides\/wp-content\/uploads\/2025\/02\/mobili-jeune-parc-logement-e1740558223703-768x115.jpg 768w, https:\/\/www.mes-allocs.fr\/guides\/wp-content\/uploads\/2025\/02\/mobili-jeune-parc-logement-e1740558223703-1536x230.jpg 1536w, https:\/\/www.mes-allocs.fr\/guides\/wp-content\/uploads\/2025\/02\/mobili-jeune-parc-logement-e1740558223703-600x90.jpg 600w, https:\/\/www.mes-allocs.fr\/guides\/wp-content\/uploads\/2025\/02\/mobili-jeune-parc-logement-e1740558223703.jpg 2000w\" sizes=\"auto, (max-width: 1427px) 100vw, 1427px\" \/><\/p>\n<p>[Mis \u00e0 jour le 28\/01\/2026] Les<a href=\"https:\/\/www.mes-allocs.fr\/guides\/aide-mobilite\/\"> aides \u00e0 la mobilit\u00e9<\/a> accompagnent les alternants dans leur acc\u00e8s au logement. Parmi elles, l\u2019aide Mobili-Jeune, propos\u00e9e par Action Logement, permet aux alternants de moins de 30 ans d\u2019all\u00e9ger leurs frais de loyer. Mais quels sont les <b>parcs de logement \u00e9ligibles \u00e0 Mobili-Jeune <\/b>? Dans cet article, d\u00e9couvrez les types de logements concern\u00e9s, les conditions d\u2019\u00e9ligibilit\u00e9 et les d\u00e9marches \u00e0 suivre pour b\u00e9n\u00e9ficier de cette aide, que vous r\u00e9sidiez dans le parc priv\u00e9 ou social.<\/p>\n<p class=\"p1\"><div class='cta-block'><div class='text'>Simulez toutes vos Aides en 2 min.<\/div><a href='https:\/\/www.mes-allocs.fr\/ab-app?origin=guides\/wp-json\/wp\/v2\/posts\/93826' class='app-button fit'>Simulation gratuite<\/a><\/div><\/p>\n<h1>Qu\u2019est-ce que le parc du logement Mobili-Jeune ?<\/h1>\n<h2>Comment fonctionne le dispositif Mobili-Jeune ?<\/h2>\n<p>Le dispositif Mobili-Jeune est une aide au logement pour les <b>alternants<\/b> en contrat d\u2019apprentissage ou professionnalisation dans une entreprise du secteur priv\u00e9 non agricole de <b>moins de 30 ans<\/b>. Propos\u00e9e par Action Logement, cette aide <b>couvre une partie du loyer<\/b>. Pour en b\u00e9n\u00e9ficier, vous devez remplir certaines conditions, notamment <b>ne pas d\u00e9passer un revenu mensuel brut de 120 % du SMIC<\/b>.<\/p>\n<h2>\u00c9ligibilit\u00e9 \u00e0 l&rsquo;aide Mobili-Jeune : quels sont les parcs de logements concern\u00e9s ?<\/h2>\n<p>L\u2019aide Mobili-Jeune est accessible pour<b> plusieurs types de logements<\/b>, autant dans le parc priv\u00e9 que social. Les parcs de logements concern\u00e9s par cette aide sont :<\/p>\n<ul>\n<li aria-level=\"1\">Les locations ou les colocations dans le parc priv\u00e9.<\/li>\n<li aria-level=\"1\">Les locations ou les colocations dans le parc social (HLM).<\/li>\n<li aria-level=\"1\">Sous-location, mais uniquement dans le parc social HLM.<\/li>\n<li aria-level=\"1\">Les logements-foyers.<\/li>\n<li aria-level=\"1\">Les r\u00e9sidences sociales.<\/li>\n<li aria-level=\"1\">Les chambres d\u2019internat.<\/li>\n<\/ul>\n<h1>Quel est le montant de l\u2019aide Mobili-Jeune pour aider le locataire \u00e0 payer son loyer ?<\/h1>\n<p>Le montant de l\u2019aide Mobili-Jeune peut aller<b> jusqu\u2019\u00e0 100 \u20ac maximum par mois<\/b>. Cette aide est <b>plafonn\u00e9e \u00e0 1100 \u20ac par ann\u00e9e de formation sur 11 mois<\/b>. De plus, l\u2019aide Mobili-Jeune <b>peut \u00eatre demand\u00e9e sur 2 ann\u00e9es de formation<\/b>, \u00e0 la suite ou non.<\/p>\n<h2>Comment le montant de l\u2019aide Mobili-Jeune est-il calcul\u00e9 ?<\/h2>\n<p>Le montant de l\u2019aide Mobili-Jeune est calcul\u00e9 de la mani\u00e8re suivante :<\/p>\n<ul>\n<li aria-level=\"1\">On prend en compte le <b>loyer avec les charges comprises<\/b> ou la <b>part de loyer<\/b> en cas de colocation.<\/li>\n<li aria-level=\"1\">On d\u00e9duit les<b> aides au logement <\/b>per\u00e7ues.<\/li>\n<li aria-level=\"1\">Le <b>montant restant<\/b> \u00e0 votre charge d\u00e9termine l\u2019aide Mobili-Jeune.<\/li>\n<\/ul>\n<p>Par exemple, si vous percevez 220 \u20ac d\u2019APL et payez un loyer de 350 \u20ac, l\u2019aide qui sera vers\u00e9e sera de 100 \u20ac. En revanche, si le reste \u00e0 charge est inf\u00e9rieur \u00e0 10 \u20ac, vous ne pourrez pas b\u00e9n\u00e9ficier de l\u2019aide.<\/p>\n<h2>Comment l\u2019aide Mobili-Jeune est-elle vers\u00e9e ?<\/h2>\n<p>L\u2019aide Mobili-Jeune est vers\u00e9e selon les modalit\u00e9s suivantes :<\/p>\n<ul>\n<li aria-level=\"1\">Le versement peut \u00eatre <b>mensuel<\/b>, <b>bimestriel<\/b> ou <b>semestriel<\/b>, selon vos besoins. Vous avez la possibilit\u00e9 de modifier le rythme de versement au cours de l\u2019ann\u00e9e de formation.<\/li>\n<li aria-level=\"1\">Une fois que votre <b>dossier complet<\/b> est re\u00e7u, un premier versement se fait. Il peut repr\u00e9senter jusqu\u2019\u00e0 6 mois de loyer ou de redevance.<\/li>\n<li aria-level=\"1\">L\u2019aide est g\u00e9n\u00e9ralement vers\u00e9e<b> en d\u00e9but de trimestre ou de semestre<\/b> pour les trois \u00e0 six mois \u00e0 venir.<\/li>\n<li aria-level=\"1\">Vous devez fournir des <b>justificatifs pour chaque p\u00e9riode<\/b>, afin de d\u00e9bloquer les versements suivants.<\/li>\n<li aria-level=\"1\">Le dernier d\u00e9blocage ne se fait qu\u2019apr\u00e8s la production des justificatifs.<\/li>\n<\/ul>\n<p><b>\u00c0 noter<\/b> : le versement de l\u2019aide se fait directement sur votre compte bancaire par virement, m\u00eame si vous \u00eates mineur.<\/p>\n<p><iframe loading=\"lazy\" src=\"\/\/www.youtube.com\/embed\/tu3qdMGINEM?si=iwj6OTKayyGpo7xE\" width=\"560\" height=\"314\" allowfullscreen=\"allowfullscreen\"><\/iframe><\/p>\n<p class=\"p1\"><div class='cta-block'><div class='text'>Simulez toutes vos Aides en 2 min.<\/div><a href='https:\/\/www.mes-allocs.fr\/ab-app?origin=guides\/wp-json\/wp\/v2\/posts\/93826' class='app-button fit'>Simulation gratuite<\/a><\/div><\/p>\n<h1>Comment faire une demande d\u2019aide Mobili-Jeune pour un logement ?<\/h1>\n<h2>Quand et comment d\u00e9poser sa demande d\u2019aide Mobili-Jeune ?<\/h2>\n<p>La demande d\u2019aide Mobili-Jeune doit \u00eatre faite <b>au plus tard la veille de votre 30\u00e8me anniversaire<\/b>. Vous avez la possibilit\u00e9 de d\u00e9poser votre dossier dans les <b>3 mois avant<\/b> ou dans les<b> 5 mois apr\u00e8s <\/b>la date de d\u00e9but d\u2019ex\u00e9cution de votre contrat d\u2019alternance.<\/p>\n<p>Pour d\u00e9poser votre demande, vous devez vous rendre sur le site d\u2019Action Logement et utiliser le service d\u00e9di\u00e9. La proc\u00e9dure se d\u00e9roule en plusieurs \u00e9tapes :<\/p>\n<ul>\n<li aria-level=\"1\">La v\u00e9rification de votre \u00e9ligibilit\u00e9 sur un simulateur.<\/li>\n<li aria-level=\"1\">La cr\u00e9ation de votre compte personnel.<\/li>\n<li aria-level=\"1\">Le remplissage du formulaire de demande en ligne.<\/li>\n<li aria-level=\"1\">Le t\u00e9l\u00e9chargement des justificatifs requis.<\/li>\n<\/ul>\n<p>\u00c0 noter : aucun dossier ne doit \u00eatre transmis par courrier ou par email.<\/p>\n<p>Une fois que votre dossier est complet, le d\u00e9lai de r\u00e9ponse pour l\u2019aide Mobili-Jeune varie en g\u00e9n\u00e9ral entre 2 et 4 semaines, mais peut aussi \u00eatre plus long pendant la p\u00e9riode de rentr\u00e9e scolaire. De plus, si votre formation dure plus d\u2019un an, vous devez faire une <b>nouvelle demande chaque ann\u00e9e<\/b>, en respectant les m\u00eames d\u00e9lais que la demande initiale. Enfin, pour tout changement de situation (logement, entreprise, formation), n&rsquo;oubliez pas de le signaler dans votre espace personnel Action Logement afin de r\u00e9\u00e9valuer vos droits.<\/p>\n<h2>Quels documents faut-il fournir pour le dossier Mobili-Jeune ?<\/h2>\n<p>Pour constituer votre dossier Mobili-Jeune, vous devez fournir les documents suivants :<\/p>\n<ul>\n<li aria-level=\"1\">Votre pi\u00e8ce d\u2019identit\u00e9 en cours de validit\u00e9 (carte d\u2019identit\u00e9, passeport ou titre de s\u00e9jour).<\/li>\n<li aria-level=\"1\">Votre contrat d\u2019apprentissage ou de professionnalisation.<\/li>\n<li aria-level=\"1\">Votre bail de location sign\u00e9 ou une convention d\u2019occupation.<\/li>\n<li aria-level=\"1\">Vos bulletins de salaire.<\/li>\n<li aria-level=\"1\">Votre quittance de loyer ou justificatif de paiement de loyer.<\/li>\n<li aria-level=\"1\">Votre RIB (Relev\u00e9 d\u2019Identit\u00e9 Bancaire).<\/li>\n<li aria-level=\"1\">Votre attestation de l\u2019aide au logement d\u00e9livr\u00e9e par la CAF, si cela est applicable.<\/li>\n<li aria-level=\"1\">Un avis d\u2019\u00e9ch\u00e9ance de loyer ou de redevance.<\/li>\n<\/ul>\n<p>Il est important de fournir des copies compl\u00e8tes et lisibles de tous les documents que vous transmettez pour \u00e9viter de ralentir le traitement de votre dossier.<\/p>\n<h1>Parc priv\u00e9 ou social : quelles sont les autres aides disponibles ?<\/h1>\n<p>En plus de l\u2019aide Mobili-Jeune, les alternants ont acc\u00e8s \u00e0 plusieurs autres aides au logement, que ce soit dans le parc priv\u00e9 ou social.<\/p>\n<ul>\n<li aria-level=\"1\"><b>Les aides de la CAF<\/b> : l\u2019Aide Personnalis\u00e9e au Logement (APL) et l\u2019Allocation de Logement Social (ALS), g\u00e9r\u00e9es par la CAF, vous permettent de r\u00e9duire les frais de loyer. Ces aides sont calcul\u00e9es en fonction de vos ressources, de votre situation personnelle et du montant du loyer.<\/li>\n<li aria-level=\"1\"><b>Les aides d\u2019Action Logement <\/b>: la garantie Visale est une caution locative gratuite offerte par Action Logement. Elle facilite la signature d\u2019un bail pour les locataires, en particulier les \u00e9tudiants et les alternants, en leur \u00e9vitant de fournir un garant personnel. Cette garantie prend en charge les loyers et les charges impay\u00e9s pendant les 36 premiers mois du contrat de location, et inclut aussi une couverture pour les \u00e9ventuelles d\u00e9gradations du logement.<\/li>\n<\/ul>\n<h1>Conclusion<\/h1>\n<p>En conclusion, l\u2019aide Mobili-Jeune est un dispositif pour les alternants de moins de 30 ans souhaitant r\u00e9duire leurs frais de logement, que vous r\u00e9sidiez dans le parc priv\u00e9 ou social. Gr\u00e2ce \u00e0 cette aide pouvant aller jusqu\u2019\u00e0 100 \u20ac par mois, cette aide vous facilite l\u2019acc\u00e8s \u00e0 un logement durant toute la dur\u00e9e de votre formation. La demande se fait en ligne \u00e0 partir du site d\u2019Action Logement, avec des d\u00e9lais de traitement qui varient selon la p\u00e9riode. Enfin, d\u2019autres aides comme l\u2019APL, l\u2019ALS et la garantie Visale peuvent compl\u00e9ter cette aide.<\/p>\n<p class=\"p1\"><div class='cta-block'><div class='text'>Simulez toutes vos Aides en 2 min.<\/div><a href='https:\/\/www.mes-allocs.fr\/ab-app?origin=guides\/wp-json\/wp\/v2\/posts\/93826' class='app-button fit'>Simulation gratuite<\/a><\/div><\/p>\n","protected":false},"excerpt":{"rendered":"<p>[Mis \u00e0 jour le 28\/01\/2026] Les aides \u00e0 la mobilit\u00e9 accompagnent les alternants dans leur acc\u00e8s au logement. Parmi elles, l\u2019aide Mobili-Jeune, propos\u00e9e par Action Logement, permet aux alternants de moins de 30 ans d\u2019all\u00e9ger leurs frais de loyer. Mais quels sont les parcs de logement \u00e9ligibles \u00e0 Mobili-Jeune ? Dans cet article, d\u00e9couvrez les [&hellip;]<\/p>\n","protected":false},"author":31,"featured_media":93828,"comment_status":"open","ping_status":"open","sticky":false,"template":"","format":"standard","meta":{"amp_status":"","footnotes":""},"categories":[29,43549,4163],"tags":[],"class_list":["post-93826","post","type-post","status-publish","format-standard","has-post-thumbnail","hentry","category-aide-mobilite","category-demande-mobili-jeune","category-mobili-jeune"],"yoast_head":"<!-- This site is optimized with the Yoast SEO plugin v14.9 - https:\/\/yoast.com\/wordpress\/plugins\/seo\/ -->\n<title>Quels sont les parcs de logements \u00e9ligibles \u00e0 Mobili-Jeune ?<\/title>\n<meta name=\"description\" content=\"D\u00e9couvrez quels sont les parcs de logement Mobili-Jeune \u00e9ligibles et les d\u00e9marches pour en b\u00e9n\u00e9ficier en tant qu&#039;alternants.\" \/>\n<meta name=\"robots\" content=\"index, follow, max-snippet:-1, max-image-preview:large, max-video-preview:-1\" \/>\n<link rel=\"canonical\" href=\"https:\/\/www.mes-allocs.fr\/guides\/aide-mobilite\/mobili-jeune\/demande-mobili-jeune\/parc-logement-mobili-jeune\/\" \/>\n<meta property=\"og:locale\" content=\"fr_FR\" \/>\n<meta property=\"og:type\" content=\"article\" \/>\n<meta property=\"og:title\" content=\"Quels sont les parcs de logements \u00e9ligibles \u00e0 Mobili-Jeune ?\" \/>\n<meta property=\"og:description\" content=\"D\u00e9couvrez quels sont les parcs de logement Mobili-Jeune \u00e9ligibles et les d\u00e9marches pour en b\u00e9n\u00e9ficier en tant qu&#039;alternants.\" \/>\n<meta property=\"og:url\" content=\"https:\/\/www.mes-allocs.fr\/guides\/aide-mobilite\/mobili-jeune\/demande-mobili-jeune\/parc-logement-mobili-jeune\/\" \/>\n<meta property=\"og:site_name\" content=\"Mes-Allocs.fr\" \/>\n<meta property=\"article:published_time\" content=\"2025-02-26T08:26:21+00:00\" \/>\n<meta property=\"article:modified_time\" content=\"2026-04-22T07:33:39+00:00\" \/>\n<meta property=\"og:image\" content=\"https:\/\/www.mes-allocs.fr\/guides\/wp-content\/uploads\/2025\/02\/parc-logement-mobili-jeune.jpg?wsr\" \/>\n\t<meta property=\"og:image:width\" content=\"2000\" \/>\n\t<meta property=\"og:image:height\" content=\"1333\" \/>\n<meta name=\"twitter:card\" content=\"summary_large_image\" \/>\n<script type=\"application\/ld+json\" class=\"yoast-schema-graph\">{\"@context\":\"https:\/\/schema.org\",\"@graph\":[{\"@type\":\"WebSite\",\"@id\":\"https:\/\/www.mes-allocs.fr\/guides\/#website\",\"url\":\"https:\/\/www.mes-allocs.fr\/guides\/\",\"name\":\"Mes-Allocs.fr\",\"description\":\"\",\"potentialAction\":[{\"@type\":\"SearchAction\",\"target\":\"https:\/\/www.mes-allocs.fr\/guides\/?s={search_term_string}\",\"query-input\":\"required name=search_term_string\"}],\"inLanguage\":\"fr-FR\"},{\"@type\":\"ImageObject\",\"@id\":\"https:\/\/www.mes-allocs.fr\/guides\/aide-mobilite\/mobili-jeune\/demande-mobili-jeune\/parc-logement-mobili-jeune\/#primaryimage\",\"inLanguage\":\"fr-FR\",\"url\":\"https:\/\/www.mes-allocs.fr\/guides\/wp-content\/uploads\/2025\/02\/parc-logement-mobili-jeune.jpg?wsr\",\"width\":2000,\"height\":1333,\"caption\":\"parc logement mobili jeune\"},{\"@type\":\"WebPage\",\"@id\":\"https:\/\/www.mes-allocs.fr\/guides\/aide-mobilite\/mobili-jeune\/demande-mobili-jeune\/parc-logement-mobili-jeune\/#webpage\",\"url\":\"https:\/\/www.mes-allocs.fr\/guides\/aide-mobilite\/mobili-jeune\/demande-mobili-jeune\/parc-logement-mobili-jeune\/\",\"name\":\"Quels sont les parcs de logements \\u00e9ligibles \\u00e0 Mobili-Jeune ?\",\"isPartOf\":{\"@id\":\"https:\/\/www.mes-allocs.fr\/guides\/#website\"},\"primaryImageOfPage\":{\"@id\":\"https:\/\/www.mes-allocs.fr\/guides\/aide-mobilite\/mobili-jeune\/demande-mobili-jeune\/parc-logement-mobili-jeune\/#primaryimage\"},\"datePublished\":\"2025-02-26T08:26:21+00:00\",\"dateModified\":\"2026-04-22T07:33:39+00:00\",\"author\":{\"@id\":\"https:\/\/www.mes-allocs.fr\/guides\/#\/schema\/person\/4f115680446d9e6de360142157ca671d\"},\"description\":\"D\\u00e9couvrez quels sont les parcs de logement Mobili-Jeune \\u00e9ligibles et les d\\u00e9marches pour en b\\u00e9n\\u00e9ficier en tant qu'alternants.\",\"inLanguage\":\"fr-FR\"},{\"@type\":\"Person\",\"@id\":\"https:\/\/www.mes-allocs.fr\/guides\/#\/schema\/person\/4f115680446d9e6de360142157ca671d\",\"name\":\"Miangaly Ramasindray\",\"image\":{\"@type\":\"ImageObject\",\"@id\":\"https:\/\/www.mes-allocs.fr\/guides\/#personlogo\",\"inLanguage\":\"fr-FR\",\"url\":\"https:\/\/www.mes-allocs.fr\/guides\/wp-content\/uploads\/2024\/10\/Miangaly_Ramasindray-150x150.jpeg\",\"caption\":\"Miangaly Ramasindray\"},\"description\":\"Miangaly est r\\u00e9dactrice web sp\\u00e9cialis\\u00e9e sur les sujets de pouvoir d'achat. Elle rejoint Mes Allocs en 2024 apr\\u00e8s une premi\\u00e8re exp\\u00e9rience en marketing chez DMI.\",\"sameAs\":[\"https:\/\/www.linkedin.com\/in\/miangaly-ramasindray\/\"]}]}<\/script>\n<!-- \/ Yoast SEO plugin. -->","amp_validity":null,"acf":{"faq":{"1":{"question":"L'aide Mobili-Jeune est-elle cumulable avec d'autres aides au logement ?","answer":"Oui, l'aide Mobili-Jeune est cumulable avec d'autres aides au logement telles que l'APL (Aide Personnalis\u00e9e au Logement) ou l'ALS (Allocation de Logement Social)1 de la CAF, ainsi qu'avec la garantie Visale d'Action Logement."},"2":{"question":"Que se passe-t-il si je change de logement en cours d'ann\u00e9e ?","answer":"Vous devez informer Action Logement de ce changement via votre espace personnel. Une r\u00e9\u00e9valuation de vos droits sera effectu\u00e9e en fonction de votre nouveau logement et des justificatifs fournis."},"3":{"question":"Mon entreprise n'est pas dans le secteur priv\u00e9 non agricole. Puis-je b\u00e9n\u00e9ficier de l'aide Mobili-Jeune ?","answer":"Non, l'aide Mobili-Jeune est exclusivement r\u00e9serv\u00e9e aux alternants travaillant dans des entreprises du secteur priv\u00e9 non agricole. "},"4":{"question":"Je suis en contrat de professionnalisation, suis-je \u00e9ligible \u00e0 l'aide Mobili-Jeune ?","answer":"Oui, les alternants en contrat de professionnalisation sont \u00e9ligibles \u00e0 l'aide Mobili-Jeune, sous r\u00e9serve de remplir les autres conditions d'\u00e9ligibilit\u00e9."},"5":{"question":"Si je suis en colocation, comment est calcul\u00e9e mon aide Mobili-Jeune ?","answer":"En colocation, l'aide est calcul\u00e9e sur la part du loyer et des charges qui vous incombe personnellement. Vous devrez fournir les justificatifs correspondant \u00e0 votre part de location."},"6":{"question":"Comment puis-je suivre l'avancement de mon dossier Mobili-Jeune ?","answer":"Vous pouvez suivre l'avancement de votre dossier directement depuis votre espace personnel sur le site d'Action Logement."},"7":{"question":"","answer":""},"8":{"question":"","answer":""},"9":{"question":"","answer":""},"10":{"question":"","answer":""},"11":{"question":"","answer":""},"12":{"question":"","answer":""},"13":{"question":"","answer":""},"14":{"question":"","answer":""},"15":{"question":"","answer":""},"16":{"question":"","answer":""}}},"_links":{"self":[{"href":"https:\/\/www.mes-allocs.fr\/guides\/wp-json\/wp\/v2\/posts\/93826","targetHints":{"allow":["GET"]}}],"collection":[{"href":"https:\/\/www.mes-allocs.fr\/guides\/wp-json\/wp\/v2\/posts"}],"about":[{"href":"https:\/\/www.mes-allocs.fr\/guides\/wp-json\/wp\/v2\/types\/post"}],"author":[{"embeddable":true,"href":"https:\/\/www.mes-allocs.fr\/guides\/wp-json\/wp\/v2\/users\/31"}],"replies":[{"embeddable":true,"href":"https:\/\/www.mes-allocs.fr\/guides\/wp-json\/wp\/v2\/comments?post=93826"}],"version-history":[{"count":4,"href":"https:\/\/www.mes-allocs.fr\/guides\/wp-json\/wp\/v2\/posts\/93826\/revisions"}],"predecessor-version":[{"id":108616,"href":"https:\/\/www.mes-allocs.fr\/guides\/wp-json\/wp\/v2\/posts\/93826\/revisions\/108616"}],"wp:featuredmedia":[{"embeddable":true,"href":"https:\/\/www.mes-allocs.fr\/guides\/wp-json\/wp\/v2\/media\/93828"}],"wp:attachment":[{"href":"https:\/\/www.mes-allocs.fr\/guides\/wp-json\/wp\/v2\/media?parent=93826"}],"wp:term":[{"taxonomy":"category","embeddable":true,"href":"https:\/\/www.mes-allocs.fr\/guides\/wp-json\/wp\/v2\/categories?post=93826"},{"taxonomy":"post_tag","embeddable":true,"href":"https:\/\/www.mes-allocs.fr\/guides\/wp-json\/wp\/v2\/tags?post=93826"}],"curies":[{"name":"wp","href":"https:\/\/api.w.org\/{rel}","templated":true}]}}