{"id":93697,"date":"2025-02-25T12:22:39","date_gmt":"2025-02-25T10:22:39","guid":{"rendered":"https:\/\/www.mes-allocs.fr\/guides\/?p=93697"},"modified":"2026-04-22T08:33:40","modified_gmt":"2026-04-22T07:33:40","slug":"aide-mobili-jeune-nombre-demandes-atteint","status":"publish","type":"post","link":"https:\/\/www.mes-allocs.fr\/guides\/aide-mobilite\/mobili-jeune\/demande-mobili-jeune\/aide-mobili-jeune-nombre-demandes-atteint\/","title":{"rendered":"Aide Mobili-Jeune, nombre de demandes atteint : que faire ?"},"content":{"rendered":"<p><img loading=\"lazy\" decoding=\"async\" class=\"alignnone wp-image-93703\" title=\"aide mobili jeune nombre demande atteint\" src=\"https:\/\/www.mes-allocs.fr\/guides\/wp-content\/uploads\/2025\/02\/aide-mobili-jeune-nombre-demande-atteint-e1740478952508-300x59.jpg\" alt=\"aide mobili jeune nombre demande atteint\" width=\"1414\" height=\"278\" srcset=\"https:\/\/www.mes-allocs.fr\/guides\/wp-content\/uploads\/2025\/02\/aide-mobili-jeune-nombre-demande-atteint-e1740478952508-300x59.jpg 300w, https:\/\/www.mes-allocs.fr\/guides\/wp-content\/uploads\/2025\/02\/aide-mobili-jeune-nombre-demande-atteint-e1740478952508-1024x200.jpg 1024w, https:\/\/www.mes-allocs.fr\/guides\/wp-content\/uploads\/2025\/02\/aide-mobili-jeune-nombre-demande-atteint-e1740478952508-768x150.jpg 768w, https:\/\/www.mes-allocs.fr\/guides\/wp-content\/uploads\/2025\/02\/aide-mobili-jeune-nombre-demande-atteint-e1740478952508-600x117.jpg 600w\" sizes=\"auto, (max-width: 1414px) 100vw, 1414px\" \/><\/p>\n<p>[Mis \u00e0 jour le 28\/01\/2026] L\u2019aide Mobili-Jeune est une <a href=\"https:\/\/www.mes-allocs.fr\/guides\/aide-mobilite\">aide \u00e0 la mobilit\u00e9<\/a> pour les jeunes en alternance. Cette aide a pour objectif d\u2019all\u00e9ger le co\u00fbt de leur loyer. Face \u00e0 une forte demande, il arrive que le nombre de dossiers accept\u00e9s soit rapidement atteint. Dans cet article, d\u00e9couvrez que faire en cas de<b> nombre de demandes atteint pour l\u2019aide Mobili-Jeune<\/b>.<\/p>\n<p class=\"p1\"><div class='cta-block'><div class='text'>Simulez toutes vos Aides en 2 min.<\/div><a href='https:\/\/www.mes-allocs.fr\/ab-app?origin=guides\/wp-json\/wp\/v2\/posts\/93697' class='app-button fit'>Simulation gratuite<\/a><\/div><\/p>\n<h1>Qu\u2019est-ce que l\u2019aide Mobili-Jeune et pourquoi le nombre de demandes peut-il \u00eatre atteint ?<\/h1>\n<h2>Pr\u00e9sentation de l&rsquo;aide Mobili-Jeune<\/h2>\n<p>L\u2019aide Mobili-Jeune est une aide attribu\u00e9e par Action Logement a<b>ux jeunes de moins de 30 ans en formation en alternance<\/b> (contrat d\u2019apprentissage ou de professionnalisation) dans une entreprise du secteur priv\u00e9 non agricole. Cette aide \u00e0 pour but de prendre en charge une partie du loyer des alternants, avec un montant pouvant aller<b> jusqu\u2019\u00e0 100 \u20ac par mois<\/b>, <b>plafonn\u00e9 \u00e0 1 100 \u20ac par ann\u00e9e<\/b> de formation sur 11 mensualit\u00e9s.<\/p>\n<p>Les conditions pour b\u00e9n\u00e9ficier de l\u2019aide Mobili-Jeune sont :<\/p>\n<ul>\n<li aria-level=\"1\">Avoir moins de 30 ans.<\/li>\n<li aria-level=\"1\">\u00catre salari\u00e9 d\u2019une entreprise du secteur priv\u00e9 non agricole.<\/li>\n<li aria-level=\"1\">Suivre une formation en alternance.<\/li>\n<li aria-level=\"1\">Percevoir des revenus inf\u00e9rieurs ou \u00e9gaux \u00e0 120 \u20ac du SMIC mensuel brut.<\/li>\n<\/ul>\n<p>L\u2019aide peut \u00eatre sollicit\u00e9e pour une dur\u00e9e maximum de 2 ans de formation, cons\u00e9cutifs ou non.<\/p>\n<h2>Mobili-Jeune : message \u00ab\u00a0nombre de demandes atteint\u00a0\u00bb<\/h2>\n<p>Le message indiquant que le nombre de demandes a \u00e9t\u00e9 atteint s\u2019affiche une fois que l\u2019enveloppe budg\u00e9taire allou\u00e9e \u00e0 l\u2019aide Mobili-Jeune est \u00e9puis\u00e9e. Cela s\u2019explique par :<\/p>\n<ul>\n<li aria-level=\"1\"><b>La limitation des fonds<\/b> : Action logement a un budget limit\u00e9 pour cette aide, ce qui restreint le nombre de b\u00e9n\u00e9ficiaires potentiels.<\/li>\n<li aria-level=\"1\"><b>La popularit\u00e9 du dispositif<\/b> : l\u2019aide Mobili-Jeune est tr\u00e8s sollicit\u00e9e par les alternants.<\/li>\n<li aria-level=\"1\"><b>Le quota quotidien<\/b> : les demandes sont g\u00e9r\u00e9es selon des quotas quotidiens. M\u00eame si le nombre de demandes est atteint un jour donn\u00e9, il est possible de r\u00e9essayer ult\u00e9rieurement.<\/li>\n<li aria-level=\"1\"><b>Les p\u00e9riodes de fortes demandes<\/b> : durant les p\u00e9riodes de rentr\u00e9es scolaires, le nombre de demandes augmente, ce qui peut rapidement \u00e9puiser l\u2019enveloppe budg\u00e9taire.<\/li>\n<\/ul>\n<p>En raison de ces contraintes, il est recommand\u00e9 de d\u00e9poser votre demande le plus t\u00f4t possible, si vous \u00eates \u00e9ligible. La demande peut \u00eatre faite jusqu&rsquo;\u00e0 3 mois avant le d\u00e9but de la formation et jusqu\u2019\u00e0 3 mois apr\u00e8s son d\u00e9marrage.<\/p>\n<p><iframe loading=\"lazy\" src=\"\/\/www.youtube.com\/embed\/tu3qdMGINEM?ab_channel=MesAllocs\" width=\"560\" height=\"314\" allowfullscreen=\"allowfullscreen\"><\/iframe><\/p>\n<h1>Quelles sont les cons\u00e9quences de l\u2019atteinte du nombre maximal de demandes ?<\/h1>\n<h2>La plateforme de demande d\u2019aide Mobili-Jeune est-elle toujours accessible ?<\/h2>\n<p>Oui, la plateforme de demande d\u2019aide Mobili-Jeune <b>reste accessible <\/b>m\u00eame lorsque le nombre maximal de demandes est atteint. Vous pouvez toujours vous connecter \u00e0 votre espace personnel sur le site d\u2019Action Logement pour d\u00e9poser votre demande. Cependant, une fois que la limite du montant maximal de l&rsquo;enveloppe budg\u00e9taire allou\u00e9e \u00e0 Action Logement est \u00e9puis\u00e9e, l\u2019aide n\u2019est plus disponible, m\u00eame si la plateforme reste accessible.<\/p>\n<h2>Que se passe-t-il pour les dossiers de demande d\u2019aide Mobili-Jeune d\u00e9j\u00e0 d\u00e9pos\u00e9s ?<\/h2>\n<p>Pour les dossiers d\u00e9j\u00e0 d\u00e9pos\u00e9s avant l\u2019atteinte du nombre maximal de demandes :<\/p>\n<ul>\n<li aria-level=\"1\">Les dossiers en cours d&rsquo;analyse continuent d\u2019\u00eatre trait\u00e9s par les \u00e9quipes d\u2019Action Logement.<\/li>\n<li aria-level=\"1\">Les d\u00e9lais de traitement peuvent \u00eatre allong\u00e9s, surtout pendant les p\u00e9riodes de rentr\u00e9e scolaire (septembre et janvier).<\/li>\n<li aria-level=\"1\">Vous pouvez suivre l\u2019\u00e9tat d\u2019avancement de votre demande en temps r\u00e9el sur votre espace personnel via la plateforme d\u00e9di\u00e9e.<\/li>\n<\/ul>\n<p class=\"p1\"><div class='cta-block'><div class='text'>Simulez toutes vos Aides en 2 min.<\/div><a href='https:\/\/www.mes-allocs.fr\/ab-app?origin=guides\/wp-json\/wp\/v2\/posts\/93697' class='app-button fit'>Simulation gratuite<\/a><\/div><\/p>\n<h1>Comment faire une demande d\u2019aide Mobili-Jeune avant que le nombre maximal ne soit atteint ?<\/h1>\n<h2>Quelles sont les \u00e9tapes pour d\u00e9poser une demande ?<\/h2>\n<p>Pour augmenter vos chances d\u2019obtenir l\u2019aide Mobili-Jeune avant que le nombre maximal de demandes ne soit atteint, vous devez suivre ces \u00e9tapes :<\/p>\n<ul>\n<li aria-level=\"1\">Pr\u00e9parez-vous \u00e0 l\u2019avance en rassemblant tous les documents n\u00e9cessaires.<\/li>\n<li aria-level=\"1\">V\u00e9rifiez votre \u00e9ligibilit\u00e9 \u00e0 l\u2019aide Mobili-Jeune gr\u00e2ce \u00e0 un simulateur.<\/li>\n<li aria-level=\"1\">Cr\u00e9ez-vous un compte personnel sur le site d\u2019Action Logement.<\/li>\n<li aria-level=\"1\">Pr\u00e9parez et scannez les pi\u00e8ces justificatives demand\u00e9es.<\/li>\n<li aria-level=\"1\">Suivez l\u2019\u00e9tat d\u2019avancement de votre demande en consultant r\u00e9guli\u00e8rement le site d\u2019Action Logement, car les quotas de demandes peuvent \u00eatre rapidement atteints.<\/li>\n<\/ul>\n<h2>Quels sont les pi\u00e8ges \u00e0 \u00e9viter lors de la demande ?<\/h2>\n<p>Les pi\u00e8ges \u00e0 \u00e9viter lors de la demande d\u2019aide Mobili-Jeune sont :<\/p>\n<ul>\n<li aria-level=\"1\"><b>Ne pas respecter les d\u00e9lais de demande de 3 mois avant et 3 mois apr\u00e8s le d\u00e9but de votre formation<\/b> : d\u00e9passer ces d\u00e9lais peut entra\u00eener un rejet automatique de la demande.<\/li>\n<li aria-level=\"1\"><b>Attendre le dernier moment <\/b>: les quotas de demandes peuvent rapidement \u00eatre atteints. Il est important de d\u00e9poser sa demande d\u00e8s que possible.<\/li>\n<li aria-level=\"1\"><b>N\u00e9gliger la v\u00e9rification d\u2019\u00e9ligibilit\u00e9<\/b> : assurez-vous de remplir toutes les conditions avant de soumettre votre demande, notamment l\u2019\u00e2ge, le type de contrat et le salaire.<\/li>\n<li aria-level=\"1\"><b>Fournir des informations incompl\u00e8tes ou inexactes<\/b> : v\u00e9rifiez que toutes les informations que vous avez saisies dans le formulaire de demande sont correctes.<\/li>\n<li aria-level=\"1\"><b>Oublier des pi\u00e8ces justificatives<\/b> : pr\u00e9parez tous les documents n\u00e9cessaires \u00e0 l\u2019avance, comme le bail de location et le contrat d\u2019alternance.<\/li>\n<li aria-level=\"1\"><b>Ignorer les notifications <\/b>: surveillez r\u00e9guli\u00e8rement votre espace personnel sur la plateforme d\u2019Action Logement pour r\u00e9pondre rapidement aux \u00e9ventuelles demandes de pi\u00e8ces compl\u00e9mentaires.<\/li>\n<li aria-level=\"1\"><b>N\u00e9gliger le renouvellement<\/b> : si vous b\u00e9n\u00e9ficiez d\u00e9j\u00e0 de l\u2019aide, n\u2019oubliez pas que le renouvellement n\u2019est pas automatique et doit r\u00e9pondre aux conditions d\u2019\u00e9ligibilit\u00e9 de l&rsquo;ann\u00e9e qui est en cours.<\/li>\n<\/ul>\n<h1>Que faire si le nombre de demandes Mobili-Jeune est d\u00e9j\u00e0 atteint ?<\/h1>\n<h2>Existe-t-il des alternatives \u00e0 l\u2019aide Mobili-Jeune ?<\/h2>\n<p>Oui, il existe plusieurs alternatives \u00e0 l\u2019aide Mobili-Jeune pour les jeunes en recherche de logement ou en alternance :<\/p>\n<ul>\n<li aria-level=\"1\"><b>Les aides de la CAF<\/b> : l\u2019Aide Personnalis\u00e9e au Logement (APL), l\u2019Allocation de Logement Familiale (ALF), l\u2019Allocation de Logement Sociale (ALS). Il est important de noter que ces aides sont accord\u00e9es selon un ordre de priorit\u00e9 et d\u00e9pendent de votre situation, de vos ressources et de votre lieu de r\u00e9sidence.<\/li>\n<li aria-level=\"1\"><b>La garantie Visale<\/b> : il s\u2019agit d\u2019une caution locative gratuite accord\u00e9e par Action Logement.<\/li>\n<li aria-level=\"1\"><b>L\u2019avance Loca-Pass<\/b> : un pr\u00eat \u00e0 taux z\u00e9ro pour financer le d\u00e9p\u00f4t de garantie du logement.<\/li>\n<\/ul>\n<p>Dans certains cas, ces aides <b>peuvent \u00eatre cumulables<\/b>. Par exemple, la garantie Visale et l\u2019Avance Loca-Pass peuvent \u00eatre combin\u00e9es avec les aides au logement de la CAF. Il est recommand\u00e9 de v\u00e9rifier votre \u00e9ligibilit\u00e9 pour chaque aide et de les demander le plus t\u00f4t possible, car certaines sont attribu\u00e9es dans la limite des enveloppes budg\u00e9taires disponibles.<\/p>\n<h2>Quand sera-t-il de nouveau possible de faire une demande Mobili-Jeune ?<\/h2>\n<p>Dans le cas o\u00f9 le nombre de demandes d\u2019aide Mobili-Jeune serait atteint pour 2026, il faudra attendre l\u2019<b>ouverture des demandes pour l\u2019ann\u00e9e 2027<\/b>. Il est important de rester attentif aux annonces d\u2019Action Logement et de pr\u00e9parer votre dossier \u00e0 l\u2019avance pour le soumettre d\u00e8s que possible lors de la prochaine p\u00e9riode d\u2019ouverture.<\/p>\n<p class=\"p1\"><div class='cta-block'><div class='text'>Simulez toutes vos Aides en 2 min.<\/div><a href='https:\/\/www.mes-allocs.fr\/ab-app?origin=guides\/wp-json\/wp\/v2\/posts\/93697' class='app-button fit'>Simulation gratuite<\/a><\/div><\/p>\n","protected":false},"excerpt":{"rendered":"<p>[Mis \u00e0 jour le 28\/01\/2026] L\u2019aide Mobili-Jeune est une aide \u00e0 la mobilit\u00e9 pour les jeunes en alternance. Cette aide a pour objectif d\u2019all\u00e9ger le co\u00fbt de leur loyer. Face \u00e0 une forte demande, il arrive que le nombre de dossiers accept\u00e9s soit rapidement atteint. Dans cet article, d\u00e9couvrez que faire en cas de nombre [&hellip;]<\/p>\n","protected":false},"author":31,"featured_media":93704,"comment_status":"open","ping_status":"open","sticky":false,"template":"","format":"standard","meta":{"amp_status":"","footnotes":""},"categories":[29,43549,4163],"tags":[],"class_list":["post-93697","post","type-post","status-publish","format-standard","has-post-thumbnail","hentry","category-aide-mobilite","category-demande-mobili-jeune","category-mobili-jeune"],"yoast_head":"<!-- This site is optimized with the Yoast SEO plugin v14.9 - https:\/\/yoast.com\/wordpress\/plugins\/seo\/ -->\n<title>Aide Mobili-Jeune, nombre de demandes atteint : que faire ?<\/title>\n<meta name=\"description\" content=\"Que faire si le nombre de demandes de l\u2019aide Mobili-Jeune est atteint ? D\u00e9couvrez les d\u00e9marches \u00e0 suivre et les alternatives disponibles.\" \/>\n<meta name=\"robots\" content=\"index, follow, max-snippet:-1, max-image-preview:large, max-video-preview:-1\" \/>\n<link rel=\"canonical\" href=\"https:\/\/www.mes-allocs.fr\/guides\/aide-mobilite\/mobili-jeune\/demande-mobili-jeune\/aide-mobili-jeune-nombre-demandes-atteint\/\" \/>\n<meta property=\"og:locale\" content=\"fr_FR\" \/>\n<meta property=\"og:type\" content=\"article\" \/>\n<meta property=\"og:title\" content=\"Aide Mobili-Jeune, nombre de demandes atteint : que faire ?\" \/>\n<meta property=\"og:description\" content=\"Que faire si le nombre de demandes de l\u2019aide Mobili-Jeune est atteint ? D\u00e9couvrez les d\u00e9marches \u00e0 suivre et les alternatives disponibles.\" \/>\n<meta property=\"og:url\" content=\"https:\/\/www.mes-allocs.fr\/guides\/aide-mobilite\/mobili-jeune\/demande-mobili-jeune\/aide-mobili-jeune-nombre-demandes-atteint\/\" \/>\n<meta property=\"og:site_name\" content=\"Mes-Allocs.fr\" \/>\n<meta property=\"article:published_time\" content=\"2025-02-25T10:22:39+00:00\" \/>\n<meta property=\"article:modified_time\" content=\"2026-04-22T07:33:40+00:00\" \/>\n<meta property=\"og:image\" content=\"https:\/\/www.mes-allocs.fr\/guides\/wp-content\/uploads\/2025\/02\/nombre-de-demande-atteint-aide-mobili-jeune.jpg?wsr\" \/>\n\t<meta property=\"og:image:width\" content=\"2000\" \/>\n\t<meta property=\"og:image:height\" content=\"1333\" \/>\n<meta name=\"twitter:card\" content=\"summary_large_image\" \/>\n<script type=\"application\/ld+json\" class=\"yoast-schema-graph\">{\"@context\":\"https:\/\/schema.org\",\"@graph\":[{\"@type\":\"WebSite\",\"@id\":\"https:\/\/www.mes-allocs.fr\/guides\/#website\",\"url\":\"https:\/\/www.mes-allocs.fr\/guides\/\",\"name\":\"Mes-Allocs.fr\",\"description\":\"\",\"potentialAction\":[{\"@type\":\"SearchAction\",\"target\":\"https:\/\/www.mes-allocs.fr\/guides\/?s={search_term_string}\",\"query-input\":\"required name=search_term_string\"}],\"inLanguage\":\"fr-FR\"},{\"@type\":\"ImageObject\",\"@id\":\"https:\/\/www.mes-allocs.fr\/guides\/aide-mobilite\/mobili-jeune\/demande-mobili-jeune\/aide-mobili-jeune-nombre-demandes-atteint\/#primaryimage\",\"inLanguage\":\"fr-FR\",\"url\":\"https:\/\/www.mes-allocs.fr\/guides\/wp-content\/uploads\/2025\/02\/nombre-de-demande-atteint-aide-mobili-jeune.jpg?wsr\",\"width\":2000,\"height\":1333,\"caption\":\"nombre de demande atteint aide mobili jeune\"},{\"@type\":\"WebPage\",\"@id\":\"https:\/\/www.mes-allocs.fr\/guides\/aide-mobilite\/mobili-jeune\/demande-mobili-jeune\/aide-mobili-jeune-nombre-demandes-atteint\/#webpage\",\"url\":\"https:\/\/www.mes-allocs.fr\/guides\/aide-mobilite\/mobili-jeune\/demande-mobili-jeune\/aide-mobili-jeune-nombre-demandes-atteint\/\",\"name\":\"Aide Mobili-Jeune, nombre de demandes atteint : que faire ?\",\"isPartOf\":{\"@id\":\"https:\/\/www.mes-allocs.fr\/guides\/#website\"},\"primaryImageOfPage\":{\"@id\":\"https:\/\/www.mes-allocs.fr\/guides\/aide-mobilite\/mobili-jeune\/demande-mobili-jeune\/aide-mobili-jeune-nombre-demandes-atteint\/#primaryimage\"},\"datePublished\":\"2025-02-25T10:22:39+00:00\",\"dateModified\":\"2026-04-22T07:33:40+00:00\",\"author\":{\"@id\":\"https:\/\/www.mes-allocs.fr\/guides\/#\/schema\/person\/4f115680446d9e6de360142157ca671d\"},\"description\":\"Que faire si le nombre de demandes de l\\u2019aide Mobili-Jeune est atteint ? D\\u00e9couvrez les d\\u00e9marches \\u00e0 suivre et les alternatives disponibles.\",\"inLanguage\":\"fr-FR\"},{\"@type\":\"Person\",\"@id\":\"https:\/\/www.mes-allocs.fr\/guides\/#\/schema\/person\/4f115680446d9e6de360142157ca671d\",\"name\":\"Miangaly Ramasindray\",\"image\":{\"@type\":\"ImageObject\",\"@id\":\"https:\/\/www.mes-allocs.fr\/guides\/#personlogo\",\"inLanguage\":\"fr-FR\",\"url\":\"https:\/\/www.mes-allocs.fr\/guides\/wp-content\/uploads\/2024\/10\/Miangaly_Ramasindray-150x150.jpeg\",\"caption\":\"Miangaly Ramasindray\"},\"description\":\"Miangaly est r\\u00e9dactrice web sp\\u00e9cialis\\u00e9e sur les sujets de pouvoir d'achat. Elle rejoint Mes Allocs en 2024 apr\\u00e8s une premi\\u00e8re exp\\u00e9rience en marketing chez DMI.\",\"sameAs\":[\"https:\/\/www.linkedin.com\/in\/miangaly-ramasindray\/\"]}]}<\/script>\n<!-- \/ Yoast SEO plugin. -->","amp_validity":null,"acf":{"faq":{"1":{"question":"L'aide Mobili-Jeune est-elle cumulable avec d'autres aides au logement ?","answer":"Oui, l'aide Mobili-Jeune peut \u00eatre cumul\u00e9e avec d'autres aides au logement, telles que les Aides Personnalis\u00e9es au Logement (APL) de la CAF. Cependant, le montant de l'aide Mobili-Jeune peut \u00eatre r\u00e9duit en fonction des autres aides per\u00e7ues.\r\n\r\n"},"2":{"question":"Puis-je b\u00e9n\u00e9ficier de l'aide Mobili-Jeune si je suis log\u00e9 chez un particulier ?","answer":"Oui, vous pouvez b\u00e9n\u00e9ficier de l'aide Mobili-Jeune si vous \u00eates log\u00e9 chez un particulier, \u00e0 condition que le logement r\u00e9ponde aux crit\u00e8res de d\u00e9cence et que vous ayez un contrat de location en r\u00e8gle."},"3":{"question":"Dois-je obligatoirement \u00eatre en contrat d'apprentissage ou de professionnalisation pour b\u00e9n\u00e9ficier de l'aide Mobili-Jeune ?","answer":"Oui, l'aide Mobili-Jeune est exclusivement r\u00e9serv\u00e9e aux jeunes de moins de 30 ans en formation en alternance, c'est-\u00e0-dire en contrat d'apprentissage ou de professionnalisation."},"4":{"question":"Puis-je faire une demande d'aide Mobili-Jeune si je suis en stage ?","answer":"Non, les stages ne sont pas \u00e9ligibles \u00e0 l'aide Mobili-Jeune. Seuls les contrats d'apprentissage et de professionnalisation sont concern\u00e9s."},"5":{"question":"Dois-je fournir un justificatif de domicile lors de ma demande d'aide Mobili-Jeune ?","answer":"Oui, vous devez fournir un justificatif de domicile r\u00e9cent (moins de 3 mois) \u00e0 votre nom ou au nom de votre garant si vous \u00eates h\u00e9berg\u00e9."},"6":{"question":"Comment savoir si ma demande d'aide Mobili-Jeune a \u00e9t\u00e9 accept\u00e9e ?","answer":"Vous serez inform\u00e9 par email ou par courrier de la d\u00e9cision d'Action Logement concernant votre demande. Vous pouvez \u00e9galement suivre l'\u00e9tat d'avancement de votre dossier sur votre espace personnel en ligne.\r\n\r\n"},"7":{"question":"","answer":""},"8":{"question":"","answer":""},"9":{"question":"","answer":""},"10":{"question":"","answer":""},"11":{"question":"","answer":""},"12":{"question":"","answer":""},"13":{"question":"","answer":""},"14":{"question":"","answer":""},"15":{"question":"","answer":""},"16":{"question":"","answer":""}}},"_links":{"self":[{"href":"https:\/\/www.mes-allocs.fr\/guides\/wp-json\/wp\/v2\/posts\/93697","targetHints":{"allow":["GET"]}}],"collection":[{"href":"https:\/\/www.mes-allocs.fr\/guides\/wp-json\/wp\/v2\/posts"}],"about":[{"href":"https:\/\/www.mes-allocs.fr\/guides\/wp-json\/wp\/v2\/types\/post"}],"author":[{"embeddable":true,"href":"https:\/\/www.mes-allocs.fr\/guides\/wp-json\/wp\/v2\/users\/31"}],"replies":[{"embeddable":true,"href":"https:\/\/www.mes-allocs.fr\/guides\/wp-json\/wp\/v2\/comments?post=93697"}],"version-history":[{"count":5,"href":"https:\/\/www.mes-allocs.fr\/guides\/wp-json\/wp\/v2\/posts\/93697\/revisions"}],"predecessor-version":[{"id":108564,"href":"https:\/\/www.mes-allocs.fr\/guides\/wp-json\/wp\/v2\/posts\/93697\/revisions\/108564"}],"wp:featuredmedia":[{"embeddable":true,"href":"https:\/\/www.mes-allocs.fr\/guides\/wp-json\/wp\/v2\/media\/93704"}],"wp:attachment":[{"href":"https:\/\/www.mes-allocs.fr\/guides\/wp-json\/wp\/v2\/media?parent=93697"}],"wp:term":[{"taxonomy":"category","embeddable":true,"href":"https:\/\/www.mes-allocs.fr\/guides\/wp-json\/wp\/v2\/categories?post=93697"},{"taxonomy":"post_tag","embeddable":true,"href":"https:\/\/www.mes-allocs.fr\/guides\/wp-json\/wp\/v2\/tags?post=93697"}],"curies":[{"name":"wp","href":"https:\/\/api.w.org\/{rel}","templated":true}]}}