{"id":93624,"date":"2025-02-24T15:49:36","date_gmt":"2025-02-24T13:49:36","guid":{"rendered":"https:\/\/www.mes-allocs.fr\/guides\/?p=93624"},"modified":"2026-04-22T08:33:41","modified_gmt":"2026-04-22T07:33:41","slug":"mobili-jeune-date-limite","status":"publish","type":"post","link":"https:\/\/www.mes-allocs.fr\/guides\/aide-mobilite\/mobili-jeune\/demande-mobili-jeune\/mobili-jeune-date-limite\/","title":{"rendered":"Quelle est la date limite pour une demande d\u2019aide Mobili-Jeune ?"},"content":{"rendered":"<p><img loading=\"lazy\" decoding=\"async\" class=\"alignnone wp-image-93627\" title=\"mobili jeune date limite\" src=\"https:\/\/www.mes-allocs.fr\/guides\/wp-content\/uploads\/2025\/02\/mobili-jeune-date-limite-e1740404918295-300x60.jpg\" alt=\"mobili jeune date limite\" width=\"1445\" height=\"289\" srcset=\"https:\/\/www.mes-allocs.fr\/guides\/wp-content\/uploads\/2025\/02\/mobili-jeune-date-limite-e1740404918295-300x60.jpg 300w, https:\/\/www.mes-allocs.fr\/guides\/wp-content\/uploads\/2025\/02\/mobili-jeune-date-limite-e1740404918295-1024x205.jpg 1024w, https:\/\/www.mes-allocs.fr\/guides\/wp-content\/uploads\/2025\/02\/mobili-jeune-date-limite-e1740404918295-768x154.jpg 768w, https:\/\/www.mes-allocs.fr\/guides\/wp-content\/uploads\/2025\/02\/mobili-jeune-date-limite-e1740404918295-1536x307.jpg 1536w, https:\/\/www.mes-allocs.fr\/guides\/wp-content\/uploads\/2025\/02\/mobili-jeune-date-limite-e1740404918295-600x120.jpg 600w, https:\/\/www.mes-allocs.fr\/guides\/wp-content\/uploads\/2025\/02\/mobili-jeune-date-limite-e1740404918295.jpg 2000w\" sizes=\"auto, (max-width: 1445px) 100vw, 1445px\" \/><\/p>\n<p>L&rsquo;aide Mobili-Jeune fait partie des <a href=\"https:\/\/www.mes-allocs.fr\/guides\/aide-mobilite\">aides \u00e0 la mobilit\u00e9<\/a> qui sont mises en place pour accompagner les jeunes en alternance dans leur acc\u00e8s au logement. Destin\u00e9e aux moins de 30 ans, cette aide leur permet de r\u00e9duire le co\u00fbt li\u00e9 \u00e0 leur loyer pendant leur p\u00e9riode de formation. Cependant, pour en b\u00e9n\u00e9ficier, il est important de respecter des conditions d&rsquo;\u00e9ligibilit\u00e9 et de d\u00e9poser sa demande dans les d\u00e9lais impartis. Dans cet article, d\u00e9couvrez comment faire la demande et quelle est la<b> date limite pour l\u2019aide Mobili-Jeune<\/b>.<\/p>\n<p class=\"p1\"><div class='cta-block'><div class='text'>Simulez toutes vos Aides en 2 min.<\/div><a href='https:\/\/www.mes-allocs.fr\/ab-app?origin=guides\/wp-json\/wp\/v2\/posts\/93624' class='app-button fit'>Simulation gratuite<\/a><\/div><\/p>\n<h1>Qu\u2019est-ce que l\u2019aide Mobili-Jeune et qui peut en b\u00e9n\u00e9ficier ?<\/h1>\n<h2>Quelles sont les conditions d\u2019\u00e9ligibilit\u00e9 \u00e0 l\u2019aide Mobili-Jeune ?<\/h2>\n<p>L\u2019aide Mobili-Jeune est une aide attribu\u00e9e par Action Logement aux alternants de moins de 30 ans pour les aider \u00e0 payer leur loyer. Pour \u00eatre \u00e9ligible \u00e0 l\u2019aide Mobili-Jeune, vous devez :<\/p>\n<ul>\n<li aria-level=\"1\">Avoir moins de 30 ans au moment de la demande.<\/li>\n<li aria-level=\"1\">\u00catre en contrat d\u2019apprentissage ou de professionnalisation dans une entreprise du secteur priv\u00e9 non agricole.<\/li>\n<li aria-level=\"1\">Occuper un logement li\u00e9 \u00e0 la p\u00e9riode de formation.<\/li>\n<li aria-level=\"1\">Soit louer un logement situ\u00e9 \u00e0 plus de 70 km de l\u2019ancienne adresse, soit avoir un temps de trajet d\u00e9passant 40 min.<\/li>\n<li aria-level=\"1\">Ne pas avoir de dossier Mobili-Jeune en cours chez Action Logement.<\/li>\n<\/ul>\n<p>L\u2019entreprise doit cotiser au dispositif dit 1 % logement, ce qui est le cas pour toutes les entreprises de 20 salari\u00e9s et plus.<\/p>\n<h2>Quel est le montant de l\u2019aide Mobili-Jeune ?<\/h2>\n<p>Le montant de l\u2019aide Mobili-Jeune varie de la mani\u00e8re suivante :<\/p>\n<ul>\n<li aria-level=\"1\">L\u2019aide a un montant qui varie de 10 \u20ac \u00e0 100 \u20ac par mois.<\/li>\n<li aria-level=\"1\">L\u2019aide est plafonn\u00e9e \u00e0 1 100 \u20ac par an de formation sur 11 mensualit\u00e9s.<\/li>\n<li aria-level=\"1\">Le calcul du montant de l\u2019aide se fait apr\u00e8s la d\u00e9duction des aides au logement de la CAF sur loyer et dans la limite du loyer restant d\u00fb.<\/li>\n<li aria-level=\"1\">L\u2019aide peut \u00eatre demand\u00e9e sur deux ann\u00e9es de formation maximum, de fa\u00e7on cons\u00e9cutive ou non.<\/li>\n<\/ul>\n<p>Le montant exact de l\u2019aide est d\u00e9termin\u00e9 en fonction du loyer (charges comprises), des aides au logement per\u00e7ues et des justificatifs que vous transmettez.<\/p>\n<h1>Quelles sont les dates limites importantes pour votre demande d\u2019aide Mobili-Jeune ?<\/h1>\n<h2>Quelle est la date limite pour d\u00e9poser sa premi\u00e8re demande d\u2019aide Mobili-Jeune ?<\/h2>\n<p>La demande de l\u2019aide Mobili-Jeune est soumise \u00e0 des d\u00e9lais qu\u2019il est important de respecter :<\/p>\n<ul>\n<li aria-level=\"1\">La demande doit \u00eatre faite au plus tard la veille de votre anniversaire.<\/li>\n<li aria-level=\"1\">La demande peut \u00eatre faite dans les 3 mois qui pr\u00e9c\u00e8dent ou dans les 5 mois qui suivent la date de d\u00e9but d\u2019ex\u00e9cution du contrat d\u2019alternance.<\/li>\n<\/ul>\n<p><b>\u00c0 noter<\/b> : si votre formation dure plus d\u2019un an, vous avez la possibilit\u00e9 de demander l&rsquo;aide Mobili-Jeune au cours de la deuxi\u00e8me ann\u00e9e. Dans ce cas, la date de d\u00e9marrage sera celle du d\u00e9but de cette deuxi\u00e8me ann\u00e9e.<\/p>\n<h2>Comment renouveler l\u2019aide Mobili-Jeune et quand ?<\/h2>\n<p>Afin de renouveler l\u2019aide Mobili-Jeune, vous devez effectuer une nouvelle demande <b>chaque ann\u00e9e<\/b>, tant que vous remplissez les conditions d\u2019\u00e9ligibilit\u00e9. Le renouvellement doit \u00eatre fait dans les<b> m\u00eames dates limites que la demande initiale<\/b>.<\/p>\n<p>La proc\u00e9dure de renouvellement est similaire \u00e0 celle de la premi\u00e8re demande. Vous devez d\u2019abord v\u00e9rifier votre \u00e9ligibilit\u00e9, puis cr\u00e9er une nouvelle demande depuis votre espace personnel \u201cAction Logement\u201d, puis cr\u00e9er une nouvelle demande depuis votre espace personnel. Il est important de fournir tous les justificatifs n\u00e9cessaires, notamment en cas de changement de situation (nouveau contrat, nouveau bail, etc\u2026).<\/p>\n<p class=\"p1\"><div class='cta-block'><div class='text'>Simulez toutes vos Aides en 2 min.<\/div><a href='https:\/\/www.mes-allocs.fr\/ab-app?origin=guides\/wp-json\/wp\/v2\/posts\/93624' class='app-button fit'>Simulation gratuite<\/a><\/div><\/p>\n<h1>Comment constituer votre dossier Mobili-Jeune dans le temps ?<\/h1>\n<h2>Quels documents faut-il pr\u00e9parer pour la demande d\u2019aide Mobili-Jeune ?<\/h2>\n<p>Pour votre demande d\u2019aide Mobili-Jeune, vous devez pr\u00e9parer les documents suivants :<\/p>\n<ul>\n<li aria-level=\"1\">Une pi\u00e8ce d\u2019identit\u00e9 en cours de validit\u00e9 (carte d\u2019identit\u00e9, passeport ou carte de s\u00e9jour).<\/li>\n<li aria-level=\"1\">Votre contrat d\u2019apprentissage ou de professionnalisation.<\/li>\n<li aria-level=\"1\">Le contrat de bail ou la convention d\u2019occupation de votre logement.<\/li>\n<li aria-level=\"1\">Un Relev\u00e9 d\u2019Identit\u00e9 Bancaire (RIB).<\/li>\n<li aria-level=\"1\">Une attestation de de l\u2019aide de la CAF si vous en b\u00e9n\u00e9ficiez.<\/li>\n<li aria-level=\"1\">Une quittance de loyer ou un justificatif de paiement de loyer r\u00e9cent.<\/li>\n<li aria-level=\"1\">Vos derniers bulletins de salaire.<\/li>\n<\/ul>\n<h2>O\u00f9 et comment soumettre votre dossier de demande d\u2019aide Mobili-Jeune avant la date limite ?<\/h2>\n<p>Pour soumettre votre dossier de demande d\u2019aide Mobili-Jeune :<\/p>\n<ul>\n<li aria-level=\"1\">Rendez-vous sur le site internet d\u2019Action Logement.<\/li>\n<li aria-level=\"1\">Effectuez une simulation en ligne pour v\u00e9rifier votre \u00e9ligibilit\u00e9.<\/li>\n<li aria-level=\"1\">Cr\u00e9er un compte personnel sur la plateforme.<\/li>\n<li aria-level=\"1\">Saisissez votre demande en ligne et d\u00e9posez tous les documents demand\u00e9s sur votre espace personnel.<\/li>\n<\/ul>\n<p>Une fois que votre dossier de demande est soumis, vous pourrez <b>suivre son avancement <\/b>directement depuis votre espace personnel. En g\u00e9n\u00e9ral, le traitement de votre demande prend <b>9 jours ouvr\u00e9s<\/b>, mais ce d\u00e9lai peut \u00eatre plus important durant les p\u00e9riodes de rentr\u00e9e scolaire.<\/p>\n<p><iframe loading=\"lazy\" title=\"L&#039;aide Mobili jeune\" width=\"500\" height=\"281\" src=\"https:\/\/www.youtube.com\/embed\/tu3qdMGINEM?feature=oembed\" frameborder=\"0\" allow=\"accelerometer; autoplay; clipboard-write; encrypted-media; gyroscope; picture-in-picture; web-share\" referrerpolicy=\"strict-origin-when-cross-origin\" allowfullscreen><\/iframe><\/p>\n<h1>Que faire si votre situation change pendant la p\u00e9riode d\u2019aide ?<\/h1>\n<p>Si votre situation change pendant que vous b\u00e9n\u00e9ficiez de l\u2019aide Mobili-Jeune, il est important de le<b> signaler \u00e0 Action Logemen<\/b>t. Tout changement qui intervient au cours de la p\u00e9riode o\u00f9 vous recevez l\u2019aide doit \u00eatre d\u00e9clar\u00e9 pour que vos droits soient r\u00e9\u00e9valu\u00e9s.<\/p>\n<h2>Quels changements doivent \u00eatre signal\u00e9s ?<\/h2>\n<p>Les changements \u00e0 signaler \u00e0 Action Logement lorsque vous b\u00e9n\u00e9ficiez de l\u2019aide Mobili-Jeune sont :<\/p>\n<ul>\n<li aria-level=\"1\">Un changement de nom.<\/li>\n<li aria-level=\"1\">Un changement de banque.<\/li>\n<li aria-level=\"1\">Un changement d\u2018entreprise durant votre ann\u00e9e d\u2019alternance.<\/li>\n<li aria-level=\"1\">Une fin d\u2019alternance plus t\u00f4t que pr\u00e9vu.<\/li>\n<li aria-level=\"1\">Une prolongation de la dur\u00e9e d\u2019alternance (dans la limite de 12 mois).<\/li>\n<li aria-level=\"1\">Une date de sortie du logement plus t\u00f4t que pr\u00e9vu.<\/li>\n<li aria-level=\"1\">Un d\u00e9m\u00e9nagement.<\/li>\n<li aria-level=\"1\">Un changement de montant de vos aides au logement de la CAF.<\/li>\n<\/ul>\n<h2>Comment et quand communiquer ces changements ?<\/h2>\n<p>Afin de communiquer ces changements :<\/p>\n<ul>\n<li aria-level=\"1\">Connectez-vous \u00e0 votre espace personnel sur le site d\u2019Action Logement.<\/li>\n<li aria-level=\"1\">Effectuez les modifications n\u00e9cessaires dans votre saisie.<\/li>\n<li aria-level=\"1\">D\u00e9posez les justificatifs qui correspondent aux changements.<\/li>\n<\/ul>\n<p>Il est important de d\u00e9clarer ces changements d\u00e8s qu\u2019ils surviennent. De plus, aucun justificatif ne peut \u00eatre adress\u00e9 par courrier ou e-mail. Enfin, pour tout changement qui concerne les aides au logement de la CAF, vous devez uniquement d\u00e9poser le nouveau justificatif, sans modifier votre saisie.<\/p>\n<h1>Conclusion<\/h1>\n<p>En conclusion, la demande d&rsquo;aide Mobili-Jeune est soumise \u00e0 des d\u00e9lais qu&rsquo;il est important de respecter pour b\u00e9n\u00e9ficier de cette aide. Vous devez d\u00e9poser votre premi\u00e8re demande au plus tard la veille de votre 30e anniversaire et dans les trois mois pr\u00e9c\u00e9dents ou le 5 mois suivant le d\u00e9but de votre contrat d&rsquo;alternance. Pour un renouvellement, les m\u00eames d\u00e9lais s&rsquo;appliquent \u00e0 chaque nouvelle ann\u00e9e de formation. Pr\u00e9parer un dossier complet avec tous les justificatifs demand\u00e9s et signaler rapidement tout changement de situation \u00e0 Action Logement sont des \u00e9tapes importantes pour assurer le bon traitement de votre demande.<\/p>\n<p class=\"p1\"><div class='cta-block'><div class='text'>Simulez toutes vos Aides en 2 min.<\/div><a href='https:\/\/www.mes-allocs.fr\/ab-app?origin=guides\/wp-json\/wp\/v2\/posts\/93624' class='app-button fit'>Simulation gratuite<\/a><\/div><\/p>\n","protected":false},"excerpt":{"rendered":"<p>L&rsquo;aide Mobili-Jeune fait partie des aides \u00e0 la mobilit\u00e9 qui sont mises en place pour accompagner les jeunes en alternance dans leur acc\u00e8s au logement. Destin\u00e9e aux moins de 30 ans, cette aide leur permet de r\u00e9duire le co\u00fbt li\u00e9 \u00e0 leur loyer pendant leur p\u00e9riode de formation. Cependant, pour en b\u00e9n\u00e9ficier, il est important [&hellip;]<\/p>\n","protected":false},"author":31,"featured_media":93626,"comment_status":"open","ping_status":"open","sticky":false,"template":"","format":"standard","meta":{"amp_status":"","footnotes":""},"categories":[29,43549,4163],"tags":[],"class_list":["post-93624","post","type-post","status-publish","format-standard","has-post-thumbnail","hentry","category-aide-mobilite","category-demande-mobili-jeune","category-mobili-jeune"],"yoast_head":"<!-- This site is optimized with the Yoast SEO plugin v14.9 - https:\/\/yoast.com\/wordpress\/plugins\/seo\/ -->\n<title>Quelle est la date limite pour une demande d\u2019aide Mobili-Jeune ?<\/title>\n<meta name=\"description\" content=\"Vous souhaitez d\u00e9poser une demande d\u2019aide Mobili-Jeune ? Une date limite existe pour constituer votre dossier. Mes Allocs vous explique.\" \/>\n<meta name=\"robots\" content=\"index, follow, max-snippet:-1, max-image-preview:large, max-video-preview:-1\" \/>\n<link rel=\"canonical\" href=\"https:\/\/www.mes-allocs.fr\/guides\/aide-mobilite\/mobili-jeune\/demande-mobili-jeune\/mobili-jeune-date-limite\/\" \/>\n<meta property=\"og:locale\" content=\"fr_FR\" \/>\n<meta property=\"og:type\" content=\"article\" \/>\n<meta property=\"og:title\" content=\"Quelle est la date limite pour une demande d\u2019aide Mobili-Jeune ?\" \/>\n<meta property=\"og:description\" content=\"Vous souhaitez d\u00e9poser une demande d\u2019aide Mobili-Jeune ? Une date limite existe pour constituer votre dossier. Mes Allocs vous explique.\" \/>\n<meta property=\"og:url\" content=\"https:\/\/www.mes-allocs.fr\/guides\/aide-mobilite\/mobili-jeune\/demande-mobili-jeune\/mobili-jeune-date-limite\/\" \/>\n<meta property=\"og:site_name\" content=\"Mes-Allocs.fr\" \/>\n<meta property=\"article:published_time\" content=\"2025-02-24T13:49:36+00:00\" \/>\n<meta property=\"article:modified_time\" content=\"2026-04-22T07:33:41+00:00\" \/>\n<meta property=\"og:image\" content=\"https:\/\/www.mes-allocs.fr\/guides\/wp-content\/uploads\/2025\/02\/date-limite-mobili-jeune.jpg?wsr\" \/>\n\t<meta property=\"og:image:width\" content=\"2000\" \/>\n\t<meta property=\"og:image:height\" content=\"1335\" \/>\n<meta name=\"twitter:card\" content=\"summary_large_image\" \/>\n<script type=\"application\/ld+json\" class=\"yoast-schema-graph\">{\"@context\":\"https:\/\/schema.org\",\"@graph\":[{\"@type\":\"WebSite\",\"@id\":\"https:\/\/www.mes-allocs.fr\/guides\/#website\",\"url\":\"https:\/\/www.mes-allocs.fr\/guides\/\",\"name\":\"Mes-Allocs.fr\",\"description\":\"\",\"potentialAction\":[{\"@type\":\"SearchAction\",\"target\":\"https:\/\/www.mes-allocs.fr\/guides\/?s={search_term_string}\",\"query-input\":\"required name=search_term_string\"}],\"inLanguage\":\"fr-FR\"},{\"@type\":\"ImageObject\",\"@id\":\"https:\/\/www.mes-allocs.fr\/guides\/aide-mobilite\/mobili-jeune\/demande-mobili-jeune\/mobili-jeune-date-limite\/#primaryimage\",\"inLanguage\":\"fr-FR\",\"url\":\"https:\/\/www.mes-allocs.fr\/guides\/wp-content\/uploads\/2025\/02\/date-limite-mobili-jeune.jpg?wsr\",\"width\":2000,\"height\":1335,\"caption\":\"date limite mobili jeune\"},{\"@type\":\"WebPage\",\"@id\":\"https:\/\/www.mes-allocs.fr\/guides\/aide-mobilite\/mobili-jeune\/demande-mobili-jeune\/mobili-jeune-date-limite\/#webpage\",\"url\":\"https:\/\/www.mes-allocs.fr\/guides\/aide-mobilite\/mobili-jeune\/demande-mobili-jeune\/mobili-jeune-date-limite\/\",\"name\":\"Quelle est la date limite pour une demande d\\u2019aide Mobili-Jeune ?\",\"isPartOf\":{\"@id\":\"https:\/\/www.mes-allocs.fr\/guides\/#website\"},\"primaryImageOfPage\":{\"@id\":\"https:\/\/www.mes-allocs.fr\/guides\/aide-mobilite\/mobili-jeune\/demande-mobili-jeune\/mobili-jeune-date-limite\/#primaryimage\"},\"datePublished\":\"2025-02-24T13:49:36+00:00\",\"dateModified\":\"2026-04-22T07:33:41+00:00\",\"author\":{\"@id\":\"https:\/\/www.mes-allocs.fr\/guides\/#\/schema\/person\/4f115680446d9e6de360142157ca671d\"},\"description\":\"Vous souhaitez d\\u00e9poser une demande d\\u2019aide Mobili-Jeune ? Une date limite existe pour constituer votre dossier. Mes Allocs vous explique.\",\"inLanguage\":\"fr-FR\"},{\"@type\":\"Person\",\"@id\":\"https:\/\/www.mes-allocs.fr\/guides\/#\/schema\/person\/4f115680446d9e6de360142157ca671d\",\"name\":\"Miangaly Ramasindray\",\"image\":{\"@type\":\"ImageObject\",\"@id\":\"https:\/\/www.mes-allocs.fr\/guides\/#personlogo\",\"inLanguage\":\"fr-FR\",\"url\":\"https:\/\/www.mes-allocs.fr\/guides\/wp-content\/uploads\/2024\/10\/Miangaly_Ramasindray-150x150.jpeg\",\"caption\":\"Miangaly Ramasindray\"},\"description\":\"Miangaly est r\\u00e9dactrice web sp\\u00e9cialis\\u00e9e sur les sujets de pouvoir d'achat. Elle rejoint Mes Allocs en 2024 apr\\u00e8s une premi\\u00e8re exp\\u00e9rience en marketing chez DMI.\",\"sameAs\":[\"https:\/\/www.linkedin.com\/in\/miangaly-ramasindray\/\"]}]}<\/script>\n<!-- \/ Yoast SEO plugin. -->","amp_validity":null,"acf":{"faq":{"1":{"question":"Puis-je faire ma demande d'aide Mobili-Jeune si j'ai plus de 30 ans ?","answer":"Non, l'aide Mobili-Jeune est r\u00e9serv\u00e9e aux jeunes de moins de 30 ans au moment de la demande. Si vous avez plus de 30 ans, vous ne pouvez pas b\u00e9n\u00e9ficier de cette aide."},"2":{"question":"Que se passe-t-il si je d\u00e9passe la date limite pour faire ma demande ?","answer":"Si vous d\u00e9passez la date limite pour faire votre demande d'aide Mobili-Jeune, votre demande sera rejet\u00e9e. Il est donc tr\u00e8s important de respecter les d\u00e9lais pour ne pas perdre la possibilit\u00e9 de b\u00e9n\u00e9ficier de cette aide."},"3":{"question":"Puis-je faire une demande d'aide Mobili-Jeune si je suis en stage ?","answer":"Non, l'aide Mobili-Jeune est sp\u00e9cifiquement destin\u00e9e aux alternants en contrat d'apprentissage ou de professionnalisation. Les stagiaires ne sont pas \u00e9ligibles \u00e0 cette aide."},"4":{"question":"Dois-je attendre d'avoir trouv\u00e9 un logement pour faire ma demande ?","answer":"Non, vous n'avez pas besoin d'avoir trouv\u00e9 un logement pour faire votre demande d'aide Mobili-Jeune. Vous pouvez faire votre demande d\u00e8s le d\u00e9but de votre contrat d'alternance, m\u00eame si vous \u00eates encore \u00e0 la recherche d'un logement."},"5":{"question":"Puis-je b\u00e9n\u00e9ficier de l'aide Mobili-Jeune si je suis log\u00e9 chez mes parents ?","answer":"Non, l'aide Mobili-Jeune est destin\u00e9e aux alternants qui doivent se loger loin de leur domicile familial pour suivre leur formation. Si vous \u00eates log\u00e9 chez vos parents, vous ne pouvez pas b\u00e9n\u00e9ficier de cette aide.\r\n\r\n"},"6":{"question":"Comment puis-je savoir si mon entreprise cotise au 1% logement ?","answer":"Vous pouvez demander \u00e0 votre entreprise si elle cotise au 1% logement. C'est une obligation pour les entreprises de 20 salari\u00e9s et plus, mais il est toujours pr\u00e9f\u00e9rable de v\u00e9rifier."},"7":{"question":"","answer":""},"8":{"question":"","answer":""},"9":{"question":"","answer":""},"10":{"question":"","answer":""},"11":{"question":"","answer":""},"12":{"question":"","answer":""},"13":{"question":"","answer":""},"14":{"question":"","answer":""},"15":{"question":"","answer":""},"16":{"question":"","answer":""}}},"_links":{"self":[{"href":"https:\/\/www.mes-allocs.fr\/guides\/wp-json\/wp\/v2\/posts\/93624","targetHints":{"allow":["GET"]}}],"collection":[{"href":"https:\/\/www.mes-allocs.fr\/guides\/wp-json\/wp\/v2\/posts"}],"about":[{"href":"https:\/\/www.mes-allocs.fr\/guides\/wp-json\/wp\/v2\/types\/post"}],"author":[{"embeddable":true,"href":"https:\/\/www.mes-allocs.fr\/guides\/wp-json\/wp\/v2\/users\/31"}],"replies":[{"embeddable":true,"href":"https:\/\/www.mes-allocs.fr\/guides\/wp-json\/wp\/v2\/comments?post=93624"}],"version-history":[{"count":2,"href":"https:\/\/www.mes-allocs.fr\/guides\/wp-json\/wp\/v2\/posts\/93624\/revisions"}],"predecessor-version":[{"id":97210,"href":"https:\/\/www.mes-allocs.fr\/guides\/wp-json\/wp\/v2\/posts\/93624\/revisions\/97210"}],"wp:featuredmedia":[{"embeddable":true,"href":"https:\/\/www.mes-allocs.fr\/guides\/wp-json\/wp\/v2\/media\/93626"}],"wp:attachment":[{"href":"https:\/\/www.mes-allocs.fr\/guides\/wp-json\/wp\/v2\/media?parent=93624"}],"wp:term":[{"taxonomy":"category","embeddable":true,"href":"https:\/\/www.mes-allocs.fr\/guides\/wp-json\/wp\/v2\/categories?post=93624"},{"taxonomy":"post_tag","embeddable":true,"href":"https:\/\/www.mes-allocs.fr\/guides\/wp-json\/wp\/v2\/tags?post=93624"}],"curies":[{"name":"wp","href":"https:\/\/api.w.org\/{rel}","templated":true}]}}