{"id":93611,"date":"2025-02-24T14:59:35","date_gmt":"2025-02-24T12:59:35","guid":{"rendered":"https:\/\/www.mes-allocs.fr\/guides\/?p=93611"},"modified":"2026-04-22T08:33:41","modified_gmt":"2026-04-22T07:33:41","slug":"aide-mobili-jeune-vte","status":"publish","type":"post","link":"https:\/\/www.mes-allocs.fr\/guides\/aide-mobilite\/mobili-jeune\/aide-mobili-jeune-vte\/","title":{"rendered":"Aide Mobili-Jeune VTE : conditions, montant, d\u00e9marches"},"content":{"rendered":"<p><img loading=\"lazy\" decoding=\"async\" class=\"alignnone wp-image-93613\" title=\"mobili jeune vte aide\" src=\"https:\/\/www.mes-allocs.fr\/guides\/wp-content\/uploads\/2025\/02\/mobili-jeune-vte-aide-e1740401964532-300x67.jpg\" alt=\"mobili jeune vte aide\" width=\"1433\" height=\"320\" srcset=\"https:\/\/www.mes-allocs.fr\/guides\/wp-content\/uploads\/2025\/02\/mobili-jeune-vte-aide-e1740401964532-300x67.jpg 300w, https:\/\/www.mes-allocs.fr\/guides\/wp-content\/uploads\/2025\/02\/mobili-jeune-vte-aide-e1740401964532-1024x228.jpg 1024w, https:\/\/www.mes-allocs.fr\/guides\/wp-content\/uploads\/2025\/02\/mobili-jeune-vte-aide-e1740401964532-768x171.jpg 768w, https:\/\/www.mes-allocs.fr\/guides\/wp-content\/uploads\/2025\/02\/mobili-jeune-vte-aide-e1740401964532-1536x342.jpg 1536w, https:\/\/www.mes-allocs.fr\/guides\/wp-content\/uploads\/2025\/02\/mobili-jeune-vte-aide-e1740401964532-600x134.jpg 600w, https:\/\/www.mes-allocs.fr\/guides\/wp-content\/uploads\/2025\/02\/mobili-jeune-vte-aide-e1740401964532.jpg 2000w\" sizes=\"auto, (max-width: 1433px) 100vw, 1433px\" \/><\/p>\n<p>[Mis \u00e0 jour le 28\/01\/2026] Parmi les diff\u00e9rentes <a href=\"https:\/\/www.mes-allocs.fr\/guides\/aide-mobilite\">aides \u00e0 la mobilit\u00e9<\/a> propos\u00e9es aux jeunes actifs, l\u2019aide Mobili-Jeune se d\u00e9marque par son soutien aux participants du Volontariat Territorial en Entreprise (VTE). Con\u00e7ue pour faciliter l&rsquo;installation des jeunes de moins de 30 ans pr\u00e8s de leur lieu de travail, cette aide permet de r\u00e9duire les frais de logement tout au long de leur engagement. Dans cet article, d\u00e9couvrez le fonctionnement de l\u2019<b>aide Mobili-Jeune VTE<\/b> : les conditions d\u2019\u00e9ligibilit\u00e9, le montant et les d\u00e9marches \u00e0 suivre pour faire la demande.<\/p>\n<p class=\"p1\"><div class='cta-block'><div class='text'>Simulez toutes vos Aides en 2 min.<\/div><a href='https:\/\/www.mes-allocs.fr\/ab-app?origin=guides\/wp-json\/wp\/v2\/posts\/93611' class='app-button fit'>Simulation gratuite<\/a><\/div><\/p>\n<h1>Qu\u2019est-ce que l\u2019aide Mobili-Jeune VTE ?<\/h1>\n<h2>Comment fonctionne l\u2019aide Mobili-Jeune VTE ?<\/h2>\n<p>L\u2019aide Mobili Jeune VTE est une aide <b>destin\u00e9e aux participants du Volontariat Territorial en Entreprise<\/b> (VTE) pour les aider \u00e0 payer leur loyer. Mise en place en 2018, cette aide a pour but d\u2019encourager les jeunes dipl\u00f4m\u00e9s \u00e0 int\u00e9grer des entreprises industrielles, PME ou ETI pendant un an.<\/p>\n<h2>Quelle est la diff\u00e9rence entre l\u2019aide Mobili-Jeune et l\u2019aide Mobili-Jeune VTE ?<\/h2>\n<p>L\u2019aide Mobili-Jeune et l\u2019aide Mobili-Jeune VTE sont deux aides distinctes d\u2019Action Logement pour aider les jeunes \u00e0 payer leur loyer, mais n\u2019ont pas le m\u00eame public ni les m\u00eames conditions d\u2019attribution. L\u2019aide Mobili-Jeune classique est pour les <b>alternants de moins de 30 ans<\/b>, avec un salaire ne d\u00e9passant pas 100 % du SMIC. Elle peut \u00eatre accord\u00e9e pour une dur\u00e9e maximale de deux ann\u00e9es de formation, d&rsquo;affil\u00e9e ou non, soit 22 mois au total.<\/p>\n<p>En revanche, l\u2019aide Mobili-Jeune VTE<b> s\u2019adresse aux participants du VTE<\/b>, que vous soyez en CDD, CDI ou en alternance.<\/p>\n<h2>Quels sont les avantages de l\u2019aide Mobili-Jeune VTE ?<\/h2>\n<p>L\u2019aide Mobili-Jeune VTE vous permet de b\u00e9n\u00e9ficier de nombreux avantages. Parmi eux :<\/p>\n<ul>\n<li aria-level=\"1\">L\u2019aide permet de r\u00e9duire les d\u00e9penses li\u00e9es au logement.<\/li>\n<li aria-level=\"1\">L\u2019aide est vers\u00e9e en une seule fois, d\u2019avance, pour la premi\u00e8re ann\u00e9e.<\/li>\n<li aria-level=\"1\">L\u2019aide est maintenue en cas de changement de logement ou d\u2019entreprise.<\/li>\n<li aria-level=\"1\">L\u2019aide peut \u00eatre cumul\u00e9e avec d\u2019autres aides au logement.<\/li>\n<li aria-level=\"1\">La demande est simplifi\u00e9e par une demande en ligne.<\/li>\n<\/ul>\n<h1>Qui peut b\u00e9n\u00e9ficier de l\u2019aide Mobili-Jeune VTE ?<\/h1>\n<h2>Quelles sont les conditions d\u2019\u00e9ligibilit\u00e9 \u00e0 l\u2019aide Mobili-Jeune VTE pour le locataire ?<\/h2>\n<p>Pour pouvoir b\u00e9n\u00e9ficier de l\u2019aide Mobili-Jeune VTE en tant que locataire, vous devez ::<\/p>\n<ul>\n<li aria-level=\"1\">\u00catre participant au dispositif VTE.<\/li>\n<li aria-level=\"1\">Avoir moins de 30 ans.<\/li>\n<li aria-level=\"1\">Ne pas avoir de dossier Mobili-Jeune VTE en cours aupr\u00e8s d\u2019Action Logement.<\/li>\n<li aria-level=\"1\">\u00catre salari\u00e9 d\u2019une entreprise du secteur priv\u00e9 non agricole.<\/li>\n<li aria-level=\"1\">\u00catre en CDD, CDI, contrat d\u2019apprentissage ou de professionnalisation.<\/li>\n<li aria-level=\"1\">Avoir un revenu mensuel brut inf\u00e9rieur ou \u00e9gal \u00e0 200 % du SMIC.<\/li>\n<li aria-level=\"1\">D\u00e9poser la demande dans un d\u00e9lai de 3 mois avant la date de d\u00e9but du contrat et jusqu\u2019\u00e0 6 mois apr\u00e8s cette date.<\/li>\n<\/ul>\n<h2>Quelles sont les conditions li\u00e9es au logement pour b\u00e9n\u00e9ficier de l\u2019aide Mobili-Jeune VTE ?<\/h2>\n<p>Les conditions li\u00e9es aux logement pour b\u00e9n\u00e9ficier de l\u2019aide Mobili-Jeune VTE sont :<\/p>\n<ul>\n<li aria-level=\"1\">Le logement doit \u00eatre situ\u00e9 proche g\u00e9ographiquement du lieu de travail ou de formation.<\/li>\n<li aria-level=\"1\">Il peut faire partie du parc priv\u00e9 ou social.<\/li>\n<li aria-level=\"1\">Il peut \u00eatre lou\u00e9 vide ou meubl\u00e9.<\/li>\n<li aria-level=\"1\">Il peut faire partie d\u2019un foyer ou d\u2019une r\u00e9sidence sociale.<\/li>\n<li aria-level=\"1\">Il peut \u00eatre conventionn\u00e9 ou non ) l\u2019APL (Aide Personnalis\u00e9e au Logement).<\/li>\n<li aria-level=\"1\">En cas de colocation, seule la partie du loyer et des charges que vous assumez sera prise en compte.<\/li>\n<\/ul>\n<p><b>\u00c0 noter<\/b> : l\u2019aide Mobili-Jeune VTE ne peut pas \u00eatre utilis\u00e9e pour les frais d&rsquo;h\u00e9bergement en chambre d\u2019h\u00f4te, g\u00eetes, r\u00e9sidences de tourisme ou chambres chez l\u2019habitant.<\/p>\n<p class=\"p1\"><div class='cta-block'><div class='text'>Simulez toutes vos Aides en 2 min.<\/div><a href='https:\/\/www.mes-allocs.fr\/ab-app?origin=guides\/wp-json\/wp\/v2\/posts\/93611' class='app-button fit'>Simulation gratuite<\/a><\/div><\/p>\n<h1>Montant de l\u2019aide Mobili-Jeune VTE<\/h1>\n<h2>Quel est le montant de l\u2019aide Mobili-Jeune VTE ?<\/h2>\n<p>Le montant de l\u2019aide Mobili-Jeune VTE peut aller jusqu\u2019\u00e0 100 \u20ac maximum par mois. Cette aide est plafonn\u00e9e \u00e0 1 100 \u20ac sur une ann\u00e9e de formation de 11 mois.<\/p>\n<h2>Comment calculer le montant de l\u2019aide Mobili-Jeune VTE ?<\/h2>\n<p>Le montant de l\u2019aide Mobili-Jeune VTE est calcul\u00e9 \u00e0 partir :<\/p>\n<ul>\n<li aria-level=\"1\">De votre quote-part de loyer avec les charges comprises.<\/li>\n<li aria-level=\"1\">Des aides au logement que vous percevez.<\/li>\n<li aria-level=\"1\">Des justificatifs que vous avez fournis<\/li>\n<\/ul>\n<p>Par exemple, si vous percevez 220 \u20ac d\u2019APL et que votre loyer est de 350 \u20ac alors l\u2019aide Mobili-Jeune VTE vers\u00e9e sera de 1100 \u20ac, qui correspondent au montant mensuel de 100 \u20ac par mois<\/p>\n<h1>Versement de l\u2019aide Mobili-Jeune VTE<\/h1>\n<h2>Comment est vers\u00e9e l\u2019aide Mobili-Jeune VTE ?<\/h2>\n<p>L\u2019aide Mobili-Jeune VTE est vers\u00e9e en une seule fois d\u2019avance, pour la premi\u00e8re ann\u00e9e. Le versement anticip\u00e9 vous permet de b\u00e9n\u00e9ficier d\u2019une s\u00e9curit\u00e9 financi\u00e8re imm\u00e9diate.<\/p>\n<h2>Quelle est la dur\u00e9e de versement de l\u2019aide Mobili-Jeune VTE ?<\/h2>\n<p>L\u2019aide Mobili-Jeune VTE est g\u00e9n\u00e9ralement accord\u00e9e pour une dur\u00e9e d\u2019un an, qui correspond \u00e0 la p\u00e9riode du Volontariat Territorial en Entreprise (VTE). Contrairement \u00e0 l\u2019aide Mobili-Jeune classique qui peut \u00eatre attribu\u00e9e pour deux ann\u00e9es de formations, l\u2019aide Mobili-Jeune VTE est faite pour accompagner les participants au VTE pendant leur ann\u00e9e d\u2019engagement.<\/p>\n<p><iframe loading=\"lazy\" title=\"L&#039;aide Mobili jeune\" width=\"500\" height=\"281\" src=\"https:\/\/www.youtube.com\/embed\/tu3qdMGINEM?feature=oembed\" frameborder=\"0\" allow=\"accelerometer; autoplay; clipboard-write; encrypted-media; gyroscope; picture-in-picture; web-share\" referrerpolicy=\"strict-origin-when-cross-origin\" allowfullscreen><\/iframe><\/p>\n<h1>Comment obtenir l\u2019aide Mobili-Jeune VTE ?<\/h1>\n<h2>Quand faut-il faire la demande d\u2019aide Mobili-Jeune VTE ?<\/h2>\n<p>La demande d\u2019aide Mobili-Jeune VTE doit \u00eatre faite :<\/p>\n<ul>\n<li aria-level=\"1\"><b>Au plus t\u00f4t<\/b> : 3 mois avant la date de d\u00e9but du contrat VTE.<\/li>\n<li aria-level=\"1\"><b>Au plus tard <\/b>: 3 mois apr\u00e8s la date de d\u00e9but du contrat VTE.<\/li>\n<\/ul>\n<p>Il est important de noter que la demande doit \u00eatre d\u00e9pos\u00e9e au plus tard la veille de votre 30e anniversaire. De plus, il est recommand\u00e9 d&rsquo;effectuer votre demande le plus t\u00f4t possible, car l\u2019aide est attribu\u00e9e en fonction du budget qui est disponible. Une fois que l\u2019enveloppe budg\u00e9taire est \u00e9puis\u00e9e, l\u2019aide n\u2019est plus accessible.<\/p>\n<h2>Quelles sont les d\u00e9marches pour b\u00e9n\u00e9ficier de Mobili-Jeune VTE ?<\/h2>\n<p>Afin de b\u00e9n\u00e9ficier de l\u2019aide Mobili-Jeune VTE, vous devez :<\/p>\n<ul>\n<li aria-level=\"1\">V\u00e9rifier votre \u00e9ligibilit\u00e9 gr\u00e2ce \u00e0 un simulateur d\u2019aide.<\/li>\n<li aria-level=\"1\">Cr\u00e9er un compte sur le site d\u2019Action Logement pour avoir acc\u00e8s \u00e0 votre espace personnel.<\/li>\n<li aria-level=\"1\">Remplissez le formulaire de demande dans l\u2019espace personnel.<\/li>\n<li aria-level=\"1\">Fournissez les justificatifs n\u00e9cessaires tels qu\u2019une <b>pi\u00e8ce d\u2019identit\u00e9<\/b> (carte d\u2019identit\u00e9, passeport ou carte de s\u00e9jour), votre <b>contrat VTE,<\/b> le <b>bail de location<\/b> sign\u00e9, le <b>Relev\u00e9 d\u2019Identit\u00e9 Bancaire <\/b>(RIB), votre <b>quittance de loyer<\/b> ou justificatif de paiement de loyer. vos <b>bulletins de salaire<\/b> et votre <b>attestation d\u2019aide au logement <\/b>de la CAF, si cela est applicable.<\/li>\n<li aria-level=\"1\">Respectez les d\u00e9lais de demande.<\/li>\n<li aria-level=\"1\">Attendez la validation. G\u00e9n\u00e9ralement, le d\u00e9lai de traitement est de 2 \u00e0 4 semaines, mais peut \u00eatre plus long durant la p\u00e9riode de rentr\u00e9e scolaire.<\/li>\n<\/ul>\n<h1>Conclusion<\/h1>\n<p>En conclusion, l\u2019aide Mobili-Jeune VTE permet aux jeunes engag\u00e9s dans le Volontariat Territorial en Entreprise de r\u00e9duire leurs frais de logement pendant leur ann\u00e9e d\u2019engagement. Accessible sous certaines conditions, cette aide est cumulable avec d\u2019autres dispositifs comme la garantie VISALE ou l\u2019avance Loca-Pass. Pour en b\u00e9n\u00e9ficier, il est important de respecter les d\u00e9lais de demande et de fournir tous les justificatifs n\u00e9cessaires \u00e0 partir de la plateforme Action Logement.<\/p>\n<p>Besoin d\u2019aide dans vos d\u00e9marches ? Nos experts vous accompagnent !<\/p>\n<p class=\"p1\"><div class='cta-block'><div class='text'>Simulez toutes vos Aides en 2 min.<\/div><a href='https:\/\/www.mes-allocs.fr\/ab-app?origin=guides\/wp-json\/wp\/v2\/posts\/93611' class='app-button fit'>Simulation gratuite<\/a><\/div><\/p>\n","protected":false},"excerpt":{"rendered":"<p>[Mis \u00e0 jour le 28\/01\/2026] Parmi les diff\u00e9rentes aides \u00e0 la mobilit\u00e9 propos\u00e9es aux jeunes actifs, l\u2019aide Mobili-Jeune se d\u00e9marque par son soutien aux participants du Volontariat Territorial en Entreprise (VTE). Con\u00e7ue pour faciliter l&rsquo;installation des jeunes de moins de 30 ans pr\u00e8s de leur lieu de travail, cette aide permet de r\u00e9duire les frais [&hellip;]<\/p>\n","protected":false},"author":31,"featured_media":93612,"comment_status":"open","ping_status":"open","sticky":false,"template":"","format":"standard","meta":{"amp_status":"","footnotes":""},"categories":[29,4163],"tags":[],"class_list":["post-93611","post","type-post","status-publish","format-standard","has-post-thumbnail","hentry","category-aide-mobilite","category-mobili-jeune"],"yoast_head":"<!-- This site is optimized with the Yoast SEO plugin v14.9 - https:\/\/yoast.com\/wordpress\/plugins\/seo\/ -->\n<title>Aide Mobili-Jeune VTE 2026 : 100\u20ac \/ mois pour le loyer | Mes-Allocs.fr<\/title>\n<meta name=\"description\" content=\"L&#039;aide Mobili-Jeune peut \u00eatre accord\u00e9e aux participants du Volontariat Territorial en Entreprise (VTE). Mais comment en b\u00e9n\u00e9ficier ?\" \/>\n<meta name=\"robots\" content=\"index, follow, max-snippet:-1, max-image-preview:large, max-video-preview:-1\" \/>\n<link rel=\"canonical\" href=\"https:\/\/www.mes-allocs.fr\/guides\/aide-mobilite\/mobili-jeune\/aide-mobili-jeune-vte\/\" \/>\n<meta property=\"og:locale\" content=\"fr_FR\" \/>\n<meta property=\"og:type\" content=\"article\" \/>\n<meta property=\"og:title\" content=\"Aide Mobili-Jeune VTE 2026 : 100\u20ac \/ mois pour le loyer | Mes-Allocs.fr\" \/>\n<meta property=\"og:description\" content=\"L&#039;aide Mobili-Jeune peut \u00eatre accord\u00e9e aux participants du Volontariat Territorial en Entreprise (VTE). Mais comment en b\u00e9n\u00e9ficier ?\" \/>\n<meta property=\"og:url\" content=\"https:\/\/www.mes-allocs.fr\/guides\/aide-mobilite\/mobili-jeune\/aide-mobili-jeune-vte\/\" \/>\n<meta property=\"og:site_name\" content=\"Mes-Allocs.fr\" \/>\n<meta property=\"article:published_time\" content=\"2025-02-24T12:59:35+00:00\" \/>\n<meta property=\"article:modified_time\" content=\"2026-04-22T07:33:41+00:00\" \/>\n<meta property=\"og:image\" content=\"https:\/\/www.mes-allocs.fr\/guides\/wp-content\/uploads\/2025\/02\/aide-mobili-jeune-vte.jpg?wsr\" \/>\n\t<meta property=\"og:image:width\" content=\"2000\" \/>\n\t<meta property=\"og:image:height\" content=\"1335\" \/>\n<meta name=\"twitter:card\" content=\"summary_large_image\" \/>\n<script type=\"application\/ld+json\" class=\"yoast-schema-graph\">{\"@context\":\"https:\/\/schema.org\",\"@graph\":[{\"@type\":\"WebSite\",\"@id\":\"https:\/\/www.mes-allocs.fr\/guides\/#website\",\"url\":\"https:\/\/www.mes-allocs.fr\/guides\/\",\"name\":\"Mes-Allocs.fr\",\"description\":\"\",\"potentialAction\":[{\"@type\":\"SearchAction\",\"target\":\"https:\/\/www.mes-allocs.fr\/guides\/?s={search_term_string}\",\"query-input\":\"required name=search_term_string\"}],\"inLanguage\":\"fr-FR\"},{\"@type\":\"ImageObject\",\"@id\":\"https:\/\/www.mes-allocs.fr\/guides\/aide-mobilite\/mobili-jeune\/aide-mobili-jeune-vte\/#primaryimage\",\"inLanguage\":\"fr-FR\",\"url\":\"https:\/\/www.mes-allocs.fr\/guides\/wp-content\/uploads\/2025\/02\/aide-mobili-jeune-vte.jpg?wsr\",\"width\":2000,\"height\":1335,\"caption\":\"aide mobili jeune vte\"},{\"@type\":\"WebPage\",\"@id\":\"https:\/\/www.mes-allocs.fr\/guides\/aide-mobilite\/mobili-jeune\/aide-mobili-jeune-vte\/#webpage\",\"url\":\"https:\/\/www.mes-allocs.fr\/guides\/aide-mobilite\/mobili-jeune\/aide-mobili-jeune-vte\/\",\"name\":\"Aide Mobili-Jeune VTE 2026 : 100\\u20ac \/ mois pour le loyer | Mes-Allocs.fr\",\"isPartOf\":{\"@id\":\"https:\/\/www.mes-allocs.fr\/guides\/#website\"},\"primaryImageOfPage\":{\"@id\":\"https:\/\/www.mes-allocs.fr\/guides\/aide-mobilite\/mobili-jeune\/aide-mobili-jeune-vte\/#primaryimage\"},\"datePublished\":\"2025-02-24T12:59:35+00:00\",\"dateModified\":\"2026-04-22T07:33:41+00:00\",\"author\":{\"@id\":\"https:\/\/www.mes-allocs.fr\/guides\/#\/schema\/person\/4f115680446d9e6de360142157ca671d\"},\"description\":\"L'aide Mobili-Jeune peut \\u00eatre accord\\u00e9e aux participants du Volontariat Territorial en Entreprise (VTE). Mais comment en b\\u00e9n\\u00e9ficier ?\",\"inLanguage\":\"fr-FR\"},{\"@type\":\"Person\",\"@id\":\"https:\/\/www.mes-allocs.fr\/guides\/#\/schema\/person\/4f115680446d9e6de360142157ca671d\",\"name\":\"Miangaly Ramasindray\",\"image\":{\"@type\":\"ImageObject\",\"@id\":\"https:\/\/www.mes-allocs.fr\/guides\/#personlogo\",\"inLanguage\":\"fr-FR\",\"url\":\"https:\/\/www.mes-allocs.fr\/guides\/wp-content\/uploads\/2024\/10\/Miangaly_Ramasindray-150x150.jpeg\",\"caption\":\"Miangaly Ramasindray\"},\"description\":\"Miangaly est r\\u00e9dactrice web sp\\u00e9cialis\\u00e9e sur les sujets de pouvoir d'achat. Elle rejoint Mes Allocs en 2024 apr\\u00e8s une premi\\u00e8re exp\\u00e9rience en marketing chez DMI.\",\"sameAs\":[\"https:\/\/www.linkedin.com\/in\/miangaly-ramasindray\/\"]}]}<\/script>\n<!-- \/ Yoast SEO plugin. -->","amp_validity":null,"acf":{"faq":{"1":{"question":"Puis-je cumuler l'aide Mobili-Jeune VTE avec d'autres aides au logement ?","answer":"Oui, l'aide Mobili-Jeune VTE peut \u00eatre cumul\u00e9e avec d'autres aides au logement, telles que les Aides Personnalis\u00e9es au Logement (APL) ou l'Allocation de Logement Social (ALS)."},"2":{"question":"L'aide Mobili-Jeune VTE est-elle imposable ?","answer":"Non, l'aide Mobili-Jeune VTE n'est pas imposable. Elle n'entre pas dans le calcul de vos revenus imposables."},"3":{"question":"Que se passe-t-il si je change de logement en cours de VTE ?","answer":"L'aide Mobili-Jeune VTE est maintenue en cas de changement de logement, \u00e0 condition que le nouveau logement respecte les conditions d'\u00e9ligibilit\u00e9. Vous devez informer Action Logement de votre changement de logement.\r\n\r\n"},"4":{"question":"Que se passe-t-il si je change d'entreprise en cours de VTE ?","answer":"L'aide Mobili-Jeune VTE est \u00e9galement maintenue si vous changez d'entreprise en cours de VTE, toujours sous r\u00e9serve du respect des conditions d'\u00e9ligibilit\u00e9. Vous devez \u00e9galement informer Action Logement de votre changement d'entreprise."},"5":{"question":"Puis-je b\u00e9n\u00e9ficier de l'aide Mobili-Jeune VTE si je suis h\u00e9berg\u00e9 chez un particulier ?","answer":"Non, l'aide Mobili-Jeune VTE n'est pas applicable si vous \u00eates h\u00e9berg\u00e9 chez un particulier. Elle est r\u00e9serv\u00e9e aux logements lou\u00e9s, qu'ils soient meubl\u00e9s ou non.\r\n\r\n"},"6":{"question":"Les frais d'agence sont-ils pris en compte dans le calcul de l'aide Mobili-Jeune VTE ?","answer":"Non, les frais d'agence ne sont pas pris en compte dans le calcul de l'aide Mobili-Jeune VTE. L'aide est calcul\u00e9e sur la base du loyer et des charges."},"7":{"question":"","answer":""},"8":{"question":"","answer":""},"9":{"question":"","answer":""},"10":{"question":"","answer":""},"11":{"question":"","answer":""},"12":{"question":"","answer":""},"13":{"question":"","answer":""},"14":{"question":"","answer":""},"15":{"question":"","answer":""},"16":{"question":"","answer":""}}},"_links":{"self":[{"href":"https:\/\/www.mes-allocs.fr\/guides\/wp-json\/wp\/v2\/posts\/93611","targetHints":{"allow":["GET"]}}],"collection":[{"href":"https:\/\/www.mes-allocs.fr\/guides\/wp-json\/wp\/v2\/posts"}],"about":[{"href":"https:\/\/www.mes-allocs.fr\/guides\/wp-json\/wp\/v2\/types\/post"}],"author":[{"embeddable":true,"href":"https:\/\/www.mes-allocs.fr\/guides\/wp-json\/wp\/v2\/users\/31"}],"replies":[{"embeddable":true,"href":"https:\/\/www.mes-allocs.fr\/guides\/wp-json\/wp\/v2\/comments?post=93611"}],"version-history":[{"count":4,"href":"https:\/\/www.mes-allocs.fr\/guides\/wp-json\/wp\/v2\/posts\/93611\/revisions"}],"predecessor-version":[{"id":108561,"href":"https:\/\/www.mes-allocs.fr\/guides\/wp-json\/wp\/v2\/posts\/93611\/revisions\/108561"}],"wp:featuredmedia":[{"embeddable":true,"href":"https:\/\/www.mes-allocs.fr\/guides\/wp-json\/wp\/v2\/media\/93612"}],"wp:attachment":[{"href":"https:\/\/www.mes-allocs.fr\/guides\/wp-json\/wp\/v2\/media?parent=93611"}],"wp:term":[{"taxonomy":"category","embeddable":true,"href":"https:\/\/www.mes-allocs.fr\/guides\/wp-json\/wp\/v2\/categories?post=93611"},{"taxonomy":"post_tag","embeddable":true,"href":"https:\/\/www.mes-allocs.fr\/guides\/wp-json\/wp\/v2\/tags?post=93611"}],"curies":[{"name":"wp","href":"https:\/\/api.w.org\/{rel}","templated":true}]}}