{"id":93592,"date":"2025-02-28T10:50:47","date_gmt":"2025-02-28T08:50:47","guid":{"rendered":"https:\/\/www.mes-allocs.fr\/guides\/?p=93592"},"modified":"2026-04-22T08:33:38","modified_gmt":"2026-04-22T07:33:38","slug":"aspa-et-rsa","status":"publish","type":"post","link":"https:\/\/www.mes-allocs.fr\/guides\/aspa\/cumul-aspa\/aspa-et-rsa\/","title":{"rendered":"ASPA et RSA : ces aides sont-elles cumulables en 2026 ?\u00a0"},"content":{"rendered":"<p><img loading=\"lazy\" decoding=\"async\" class=\"alignnone wp-image-94126 size-full\" title=\"save\" src=\"https:\/\/www.mes-allocs.fr\/guides\/wp-content\/uploads\/2025\/02\/save-5906402_1280-e1740676890245.jpg\" alt=\"save\" width=\"1280\" height=\"409\" srcset=\"https:\/\/www.mes-allocs.fr\/guides\/wp-content\/uploads\/2025\/02\/save-5906402_1280-e1740676890245.jpg 1280w, https:\/\/www.mes-allocs.fr\/guides\/wp-content\/uploads\/2025\/02\/save-5906402_1280-e1740676890245-300x96.jpg 300w, https:\/\/www.mes-allocs.fr\/guides\/wp-content\/uploads\/2025\/02\/save-5906402_1280-e1740676890245-1024x327.jpg 1024w, https:\/\/www.mes-allocs.fr\/guides\/wp-content\/uploads\/2025\/02\/save-5906402_1280-e1740676890245-768x245.jpg 768w, https:\/\/www.mes-allocs.fr\/guides\/wp-content\/uploads\/2025\/02\/save-5906402_1280-e1740676890245-600x192.jpg 600w\" sizes=\"auto, (max-width: 1280px) 100vw, 1280px\" \/>[Mis \u00e0 jour le 06\/01\/2026] L\u2019Allocation de Solidarit\u00e9 aux Personnes \u00c2g\u00e9es (ASPA) et le Revenu de Solidarit\u00e9 Active (RSA) sont deux aides financi\u00e8res destin\u00e9es aux personnes disposant de faibles ressources. Si le RSA est con\u00e7u pour assurer un revenu minimum aux personnes en \u00e2ge de travailler, l&rsquo;<a href=\"https:\/\/www.mes-allocs.fr\/guides\/aspa\/\">ASPA<\/a> s\u2019adresse aux seniors ayant peu ou pas de pension de retraite. Mais est-il possible de cumuler <strong>ASPA et RSA<\/strong> ? Mes Allocs vous explique.<\/p>\n<div class='cta-block'><div class='text'>Simulez toutes vos aides en 2 min. <\/div><a href='https:\/\/www.mes-allocs.fr\/ab-app?origin=guides\/wp-json\/wp\/v2\/posts\/93592' class='app-button fit'>Simulation gratuite<\/a><\/div>\n<h1>Comprendre l\u2019ASPA et le RSA<\/h1>\n<h2>Qu\u2019est ce que l\u2019ASPA et quel est son objectif ?<\/h2>\n<p>L&rsquo;<strong>Allocation de Solidarit\u00e9 aux Personnes \u00c2g\u00e9es (ASPA)<\/strong>, anciennement connue sous le nom de \u00ab\u00a0minimum vieillesse\u00a0\u00bb, vise \u00e0 garantir un revenu minimal aux personnes \u00e2g\u00e9es ayant peu ou pas de ressources, notamment celles qui n&rsquo;ont pas suffisamment cotis\u00e9 pour une retraite compl\u00e8te.<\/p>\n<p>Contrairement \u00e0 une pension de retraite, l&rsquo;ASPA est <strong>financ\u00e9e par l&rsquo;\u00c9tat<\/strong>, et non par les cotisations sociales. Son objectif principal est d\u2019assurer un revenu de base aux personnes \u00e2g\u00e9es de <strong>65 ans et plus<\/strong>, afin de leur permettre de vivre dignement. L\u2019ASPA s&rsquo;applique sous condition de ressources, et son montant varie selon les revenus des trois derniers mois ou, en cas de d\u00e9passement de certains plafonds, des douze derniers mois.<\/p>\n<h2>Qu\u2019est ce que le RSA et \u00e0 quoi sert-il ?<\/h2>\n<p>Le <strong>Revenu de Solidarit\u00e9 Active (RSA)<\/strong> est une aide financi\u00e8re destin\u00e9e \u00e0 garantir un revenu minimal aux personnes sans ressources. Ce dispositif vise \u00e0 lutter contre la pauvret\u00e9 en offrant un soutien financier aux individus et familles en situation de pr\u00e9carit\u00e9, afin de leur permettre de couvrir leurs besoins essentiels. Le RSA est attribu\u00e9 sous conditions de ressources, et son montant varie selon la composition du foyer. Il est accessible aux personnes \u00e2g\u00e9es de <strong>25 ans et plus,<\/strong> ou de <strong>18 \u00e0 24 ans<\/strong> sous certaines conditions, comme \u00eatre parent isol\u00e9 ou justifier d\u2019une activit\u00e9 professionnelle pr\u00e9alable. Son objectif est de soutenir les personnes en difficult\u00e9 et d\u2019encourager leur insertion professionnelle.<\/p>\n<h2>Quelles sont les conditions pour b\u00e9n\u00e9ficier de l\u2019ASPA ?<\/h2>\n<p>Pour b\u00e9n\u00e9ficier de l&rsquo;ASPA, il faut \u00eatre \u00e2g\u00e9 d&rsquo;<strong>au moins 65 ans<\/strong> et avoir des ressources inf\u00e9rieures \u00e0 un certain seuil. Par exemple, pour une personne seule, les revenus mensuels bruts doivent \u00eatre inf\u00e9rieurs \u00e0 <strong>1 043,59 \u20ac<\/strong>, et pour un couple, \u00e0 <strong>1 620,18 \u20ac<\/strong>. Ces montants varient en fonction de la situation familiale et des revenus des derniers mois. Dans certaines situations, comme pour les anciens combattants ou les personnes handicap\u00e9es, <strong>l&rsquo;\u00e2ge d\u2019acc\u00e8s peut \u00eatre r\u00e9duit \u00e0 62 ans<\/strong>. Si vous ne relevez pas du syst\u00e8me fran\u00e7ais d&rsquo;assurance vieillesse, vous pouvez aussi demander une aide similaire, appel\u00e9e <strong>Saspa<\/strong>, en d\u00e9posant une demande aupr\u00e8s des services sociaux de votre mairie.<\/p>\n<h2>Quelles sont les conditions pour b\u00e9n\u00e9ficier du RSA ?<\/h2>\n<p>Le RSA est destin\u00e9 aux personnes r\u00e9sidant en France de mani\u00e8re stable et effective, \u00e2g\u00e9e de <strong>25 ans ou plus, ou de 18 \u00e0 24 ans dans certains cas<\/strong>, comme les parents isol\u00e9s. Il n&rsquo;y a pas de limite d&rsquo;\u00e2ge pour en b\u00e9n\u00e9ficier, mais d\u00e8s l&rsquo;\u00e2ge l\u00e9gal de la retraite, d&rsquo;autres prestations peuvent \u00eatre attribu\u00e9es. Les candidats au RSA doivent \u00eatre en situation de pr\u00e9carit\u00e9, ne pouvant b\u00e9n\u00e9ficier d\u2019un revenu suffisant pour subvenir \u00e0 leurs besoins. Les \u00e9tudiants, les stagiaires non r\u00e9mun\u00e9r\u00e9s, ainsi que les personnes en cong\u00e9 parental ou sans solde ne sont g\u00e9n\u00e9ralement pas \u00e9ligibles, sauf si elles remplissent des crit\u00e8res sp\u00e9cifiques, comme \u00eatre parent isol\u00e9.<\/p>\n<div class='cta-block'><div class='text'>Simulez toutes vos aides en 2 min. <\/div><a href='https:\/\/www.mes-allocs.fr\/ab-app?origin=guides\/wp-json\/wp\/v2\/posts\/93592' class='app-button fit'>Simulation gratuite<\/a><\/div>\n<p><iframe loading=\"lazy\" title=\"L&#039;ASPA\" width=\"500\" height=\"281\" src=\"https:\/\/www.youtube.com\/embed\/kojbMo1597o?feature=oembed\" frameborder=\"0\" allow=\"accelerometer; autoplay; clipboard-write; encrypted-media; gyroscope; picture-in-picture; web-share\" referrerpolicy=\"strict-origin-when-cross-origin\" allowfullscreen><\/iframe><\/p>\n<h1>Cumul ASPA et RSA : quel montant pouvez-vous percevoir ?<\/h1>\n<h2>Quels sont les montants de l&rsquo;ASPA et du RSA ?<\/h2>\n<p>En 2026, l&rsquo;ASPA garantit un revenu minimum aux personnes \u00e2g\u00e9es sous conditions de ressources. Pour une personne seule, le montant annuel maximum de l\u2019ASPA est de <strong>12 523,14 \u20ac<\/strong>, soit <strong>1 043,59 \u20ac par mois<\/strong>. Pour un couple, ce montant s\u2019\u00e9l\u00e8ve \u00e0 <strong>19 442,21 \u20ac<\/strong> par an, soit <strong>1 620,18 \u20ac<\/strong>\u00a0par mois. <strong>L&rsquo;ASPA est une aide diff\u00e9rentielle<\/strong>, ce qui signifie qu&rsquo;elle compl\u00e8te les revenus existants pour atteindre le seuil garanti.<\/p>\n<p>Le montant du RSA varie en fonction de la situation familiale. Pour une personne seule sans enfants, le RSA s\u2019\u00e9l\u00e8ve \u00e0 <strong>646,52 \u20ac par mois<\/strong> jusqu\u2019en avril 2027. Un parent isol\u00e9 qui ne touche pas d&rsquo;APL, quant \u00e0 lui, peut percevoir entre <strong>1 106,95 \u20ac<\/strong> et <strong>1 660,41 \u20ac<\/strong>\u00a0en fonction du nombre d&rsquo;enfants \u00e0 charge. Pour un couple, le montant mensuel du RSA d\u00e9bute \u00e0<strong> 969,78\u00a0\u20ac<\/strong> et augmente avec les personnes \u00e0 charge.<\/p>\n<h2>Comment sont calcul\u00e9s l&rsquo;ASPA et le RSA en cas de cumul des deux aides ?<\/h2>\n<p>L\u2019ASPA et le RSA \u00e9tant des allocations diff\u00e9rentielles, leur cumul est possible, mais le montant de l\u2019ASPA sera ajust\u00e9 en fonction du RSA per\u00e7u. Concr\u00e8tement, si une personne seule per\u00e7oit un RSA de <strong>400 \u20ac par mois<\/strong> et qu\u2019elle est \u00e9ligible \u00e0 l\u2019ASPA, le calcul sera le suivant : <strong>1 043,59 \u20ac (montant maximal de l\u2019ASPA) &#8211; 400 \u20ac (RSA) = 643,59 \u20ac<\/strong>. Ainsi, cette personne recevra<strong> 643,59 \u20ac<\/strong> d\u2019ASPA en compl\u00e9ment de son RSA, afin d\u2019atteindre le montant garanti. <strong>Il n\u2019est donc pas possible de cumuler l\u2019int\u00e9gralit\u00e9 des deux aides.<\/strong><\/p>\n<h1>Doit-on d\u00e9clarer l\u2019ASPA \u00e0 la CAF si on touche le RSA?<\/h1>\n<p>Dans certains cas,<strong> il est n\u00e9cessaire de d\u00e9clarer l\u2019ASPA \u00e0 la CAF, notamment si vous percevez le RSA<\/strong>. Bien que l\u2019ASPA soit vers\u00e9e par d\u2019autres organismes comme la CARSAT ou la CNSA, la CAF joue un r\u00f4le dans l\u2019\u00e9valuation des droits sociaux et l\u2019attribution de certaines aides. D\u00e9clarer l\u2019ASPA permet de v\u00e9rifier votre \u00e9ligibilit\u00e9, d\u2019ajuster vos prestations et d\u2019assurer un suivi administratif. Cette d\u00e9claration est obligatoire si vous recevez d\u2019autres aides, si votre situation change ou en cas de difficult\u00e9 avec l\u2019administration. Cependant, elle n\u2019est pas syst\u00e9matiquement requise dans toutes les situations.<\/p>\n<h1>ASPA et RSA : est-il avantageux de cumuler les deux ?<\/h1>\n<p>Comme le RSA est d\u00e9duit de l\u2019ASPA,<strong> il est souvent pr\u00e9f\u00e9rable de percevoir uniquement l\u2019ASPA<\/strong>. Il n\u2019est g\u00e9n\u00e9ralement pas avantageux de cumuler l\u2019ASPA et le RSA, car l\u2019ASPA offre un montant plus \u00e9lev\u00e9.<\/p>\n<h1>Quelles sont les autres aides cumulables avec l&rsquo;ASPA ?<\/h1>\n<p>L\u2019ASPA peut \u00eatre cumul\u00e9e avec certaines aides, sous conditions. Si vous exercez une activit\u00e9 professionnelle, vous pouvez conserver une partie de <strong>vos revenus<\/strong> dans la limite d\u2019un plafond fix\u00e9 en 2025. Il est aussi possible de cumuler l\u2019ASPA avec le <strong>RSA<\/strong> ou la <strong>prime d\u2019activit\u00e9<\/strong>, bien que ces montants soient ajust\u00e9s en cons\u00e9quence. Concernant votre situation personnelle, l\u2019ASPA peut se combiner avec des <strong>allocations logement<\/strong>, une <strong>pension d\u2019invalidit\u00e9<\/strong> ou l\u2019Allocation aux adultes handicap\u00e9s (<strong>AAH<\/strong>). Toutefois, chaque aide \u00e9tant soumise \u00e0 des r\u00e8gles sp\u00e9cifiques, il est essentiel de v\u00e9rifier les conditions exactes avant de faire une demande.<\/p>\n<h1>Conclusion<\/h1>\n<p>En r\u00e9sum\u00e9, bien que l\u2019ASPA et le RSA puissent \u00eatre cumul\u00e9s dans certaines situations, il est important de comprendre que le montant du RSA sera d\u00e9duit de l\u2019ASPA, ce qui r\u00e9duit souvent l\u2019avantage financier du cumul. Il est g\u00e9n\u00e9ralement plus avantageux de percevoir l\u2019ASPA seule, \u00e9tant donn\u00e9 que son montant est plus \u00e9lev\u00e9 que celui du RSA. Cependant, le cumul avec d\u2019autres aides, comme la prime d\u2019activit\u00e9 ou les allocations logement, reste possible sous certaines conditions.<\/p>\n<div class='cta-block'><div class='text'>Simulez toutes vos aides en 2 min. <\/div><a href='https:\/\/www.mes-allocs.fr\/ab-app?origin=guides\/wp-json\/wp\/v2\/posts\/93592' class='app-button fit'>Simulation gratuite<\/a><\/div>\n","protected":false},"excerpt":{"rendered":"<p>[Mis \u00e0 jour le 06\/01\/2026] L\u2019Allocation de Solidarit\u00e9 aux Personnes \u00c2g\u00e9es (ASPA) et le Revenu de Solidarit\u00e9 Active (RSA) sont deux aides financi\u00e8res destin\u00e9es aux personnes disposant de faibles ressources. Si le RSA est con\u00e7u pour assurer un revenu minimum aux personnes en \u00e2ge de travailler, l&rsquo;ASPA s\u2019adresse aux seniors ayant peu ou pas de [&hellip;]<\/p>\n","protected":false},"author":32,"featured_media":94125,"comment_status":"open","ping_status":"open","sticky":false,"template":"","format":"standard","meta":{"amp_status":"","footnotes":""},"categories":[3649,3653],"tags":[],"class_list":["post-93592","post","type-post","status-publish","format-standard","has-post-thumbnail","hentry","category-aspa","category-cumul-aspa"],"yoast_head":"<!-- This site is optimized with the Yoast SEO plugin v14.9 - https:\/\/yoast.com\/wordpress\/plugins\/seo\/ -->\n<title>ASPA et RSA : ces aides sont-elles cumulables en 2026 ?\u00a0 | Mes-Allocs.fr<\/title>\n<meta name=\"description\" content=\"D\u00e9couvrez si l\u2019ASPA et le RSA sont cumulables, dans quelles conditions et quel impact cela peut avoir sur vos aides.\" \/>\n<meta name=\"robots\" content=\"index, follow, max-snippet:-1, max-image-preview:large, max-video-preview:-1\" \/>\n<link rel=\"canonical\" href=\"https:\/\/www.mes-allocs.fr\/guides\/aspa\/cumul-aspa\/aspa-et-rsa\/\" \/>\n<meta property=\"og:locale\" content=\"fr_FR\" \/>\n<meta property=\"og:type\" content=\"article\" \/>\n<meta property=\"og:title\" content=\"ASPA et RSA : ces aides sont-elles cumulables en 2026 ?\u00a0 | Mes-Allocs.fr\" \/>\n<meta property=\"og:description\" content=\"D\u00e9couvrez si l\u2019ASPA et le RSA sont cumulables, dans quelles conditions et quel impact cela peut avoir sur vos aides.\" \/>\n<meta property=\"og:url\" content=\"https:\/\/www.mes-allocs.fr\/guides\/aspa\/cumul-aspa\/aspa-et-rsa\/\" \/>\n<meta property=\"og:site_name\" content=\"Mes-Allocs.fr\" \/>\n<meta property=\"article:published_time\" content=\"2025-02-28T08:50:47+00:00\" \/>\n<meta property=\"article:modified_time\" content=\"2026-04-22T07:33:38+00:00\" \/>\n<meta property=\"og:image\" content=\"https:\/\/www.mes-allocs.fr\/guides\/wp-content\/uploads\/2025\/02\/money-926631_1280.jpg?wsr\" \/>\n\t<meta property=\"og:image:width\" content=\"1280\" \/>\n\t<meta property=\"og:image:height\" content=\"853\" \/>\n<meta name=\"twitter:card\" content=\"summary_large_image\" \/>\n<script type=\"application\/ld+json\" class=\"yoast-schema-graph\">{\"@context\":\"https:\/\/schema.org\",\"@graph\":[{\"@type\":\"WebSite\",\"@id\":\"https:\/\/www.mes-allocs.fr\/guides\/#website\",\"url\":\"https:\/\/www.mes-allocs.fr\/guides\/\",\"name\":\"Mes-Allocs.fr\",\"description\":\"\",\"potentialAction\":[{\"@type\":\"SearchAction\",\"target\":\"https:\/\/www.mes-allocs.fr\/guides\/?s={search_term_string}\",\"query-input\":\"required name=search_term_string\"}],\"inLanguage\":\"fr-FR\"},{\"@type\":\"ImageObject\",\"@id\":\"https:\/\/www.mes-allocs.fr\/guides\/aspa\/cumul-aspa\/aspa-et-rsa\/#primaryimage\",\"inLanguage\":\"fr-FR\",\"url\":\"https:\/\/www.mes-allocs.fr\/guides\/wp-content\/uploads\/2025\/02\/money-926631_1280.jpg?wsr\",\"width\":1280,\"height\":853,\"caption\":\"money\"},{\"@type\":\"WebPage\",\"@id\":\"https:\/\/www.mes-allocs.fr\/guides\/aspa\/cumul-aspa\/aspa-et-rsa\/#webpage\",\"url\":\"https:\/\/www.mes-allocs.fr\/guides\/aspa\/cumul-aspa\/aspa-et-rsa\/\",\"name\":\"ASPA et RSA : ces aides sont-elles cumulables en 2026 ?\\u00a0 | Mes-Allocs.fr\",\"isPartOf\":{\"@id\":\"https:\/\/www.mes-allocs.fr\/guides\/#website\"},\"primaryImageOfPage\":{\"@id\":\"https:\/\/www.mes-allocs.fr\/guides\/aspa\/cumul-aspa\/aspa-et-rsa\/#primaryimage\"},\"datePublished\":\"2025-02-28T08:50:47+00:00\",\"dateModified\":\"2026-04-22T07:33:38+00:00\",\"author\":{\"@id\":\"https:\/\/www.mes-allocs.fr\/guides\/#\/schema\/person\/d816df3fd89b867e748b96418f7d8196\"},\"description\":\"D\\u00e9couvrez si l\\u2019ASPA et le RSA sont cumulables, dans quelles conditions et quel impact cela peut avoir sur vos aides.\",\"inLanguage\":\"fr-FR\"},{\"@type\":\"Person\",\"@id\":\"https:\/\/www.mes-allocs.fr\/guides\/#\/schema\/person\/d816df3fd89b867e748b96418f7d8196\",\"name\":\"A\\u00efda GHATTAS\",\"image\":{\"@type\":\"ImageObject\",\"@id\":\"https:\/\/www.mes-allocs.fr\/guides\/#personlogo\",\"inLanguage\":\"fr-FR\",\"url\":\"https:\/\/www.mes-allocs.fr\/guides\/wp-content\/uploads\/2025\/01\/id-photo-Aida-150x150.jpg\",\"caption\":\"A\\u00efda GHATTAS\"},\"description\":\"A\\u00efda est r\\u00e9dactrice web sp\\u00e9cialis\\u00e9e dans l'actualit\\u00e9, avec un int\\u00e9r\\u00eat particulier pour les aides financi\\u00e8res et dispositifs accessibles au grand public. Elle d\\u00e9crypte les mesures sociales, \\u00e9conomiques ou administratives, mais explore aussi d\\u2019autres th\\u00e9matiques li\\u00e9es \\u00e0 la vie quotidienne et aux droits des \\u00e9trangers, pour proposer une information claire, utile et toujours \\u00e0 jour. Elle rejoint Mes Allocs en 2025 apr\\u00e8s une premi\\u00e8re exp\\u00e9rience dans les t\\u00e9l\\u00e9communications.\",\"sameAs\":[\"https:\/\/www.linkedin.com\/in\/aidaghattas321\/\"]}]}<\/script>\n<!-- \/ Yoast SEO plugin. -->","amp_validity":null,"acf":{"faq":{"1":{"question":"Est-ce que l'Aspa est \u00e0 d\u00e9clarer \u00e0 la Caf ?","answer":"La d\u00e9claration de l\u2019ASPA \u00e0 la CAF n\u2019est pas syst\u00e9matique, mais elle est n\u00e9cessaire si vous percevez d\u2019autres aides sociales (RSA, prime d\u2019activit\u00e9, allocations logement) ou si votre situation financi\u00e8re \u00e9volue et peut impacter vos droits.\r\n\r\n"},"2":{"question":"Quand on a une petite retraite, peut-on toucher le RSA ?","answer":"Non, \u00e0 partir de l\u2019\u00e2ge l\u00e9gal de d\u00e9part \u00e0 la retraite, le RSA n\u2019est plus accessible. Toutefois, si votre retraite est faible, vous pouvez \u00eatre \u00e9ligible \u00e0 l\u2019ASPA pour compl\u00e9ter vos revenus."},"3":{"question":"Quelles aides peut-on cumuler avec le RSA ?","answer":"Le RSA peut \u00eatre cumul\u00e9 avec la prime d\u2019activit\u00e9 sous certaines conditions, les allocations logement et certaines aides sp\u00e9cifiques comme l\u2019AAH ou la pension d\u2019invalidit\u00e9."},"4":{"question":"Quand le RSA s'arr\u00eate-t-il ?","answer":"Le RSA prend fin si vos ressources d\u00e9passent le plafond fix\u00e9, si vous atteignez l\u2019\u00e2ge l\u00e9gal de la retraite, ou en cas de non-respect des obligations impos\u00e9es par la CAF (d\u00e9clarations, d\u00e9marches d\u2019insertion)."},"5":{"question":"Qu'est-ce qui va changer pour le RSA en 2026 ?","answer":"Le 1er avril 2026, le montant du RSA va augmenter l\u00e9g\u00e8rement."},"6":{"question":"Comment puis-je toucher le RSA \u00e0 vie ?","answer":"Le RSA est une aide temporaire destin\u00e9e \u00e0 garantir un revenu minimum. Il n\u2019est pas pr\u00e9vu pour \u00eatre per\u00e7u \u00e0 vie. Toutefois, tant que vous respectez les conditions d\u2019\u00e9ligibilit\u00e9 (revenus, r\u00e9sidence en France, d\u00e9marches d\u2019insertion), vous pouvez en b\u00e9n\u00e9ficier sans limite de dur\u00e9e."},"7":{"question":"","answer":""},"8":{"question":"","answer":""},"9":{"question":"","answer":""},"10":{"question":"","answer":""},"11":{"question":"","answer":""},"12":{"question":"","answer":""},"13":{"question":"","answer":""},"14":{"question":"","answer":""},"15":{"question":"","answer":""},"16":{"question":"","answer":""}}},"_links":{"self":[{"href":"https:\/\/www.mes-allocs.fr\/guides\/wp-json\/wp\/v2\/posts\/93592","targetHints":{"allow":["GET"]}}],"collection":[{"href":"https:\/\/www.mes-allocs.fr\/guides\/wp-json\/wp\/v2\/posts"}],"about":[{"href":"https:\/\/www.mes-allocs.fr\/guides\/wp-json\/wp\/v2\/types\/post"}],"author":[{"embeddable":true,"href":"https:\/\/www.mes-allocs.fr\/guides\/wp-json\/wp\/v2\/users\/32"}],"replies":[{"embeddable":true,"href":"https:\/\/www.mes-allocs.fr\/guides\/wp-json\/wp\/v2\/comments?post=93592"}],"version-history":[{"count":12,"href":"https:\/\/www.mes-allocs.fr\/guides\/wp-json\/wp\/v2\/posts\/93592\/revisions"}],"predecessor-version":[{"id":106999,"href":"https:\/\/www.mes-allocs.fr\/guides\/wp-json\/wp\/v2\/posts\/93592\/revisions\/106999"}],"wp:featuredmedia":[{"embeddable":true,"href":"https:\/\/www.mes-allocs.fr\/guides\/wp-json\/wp\/v2\/media\/94125"}],"wp:attachment":[{"href":"https:\/\/www.mes-allocs.fr\/guides\/wp-json\/wp\/v2\/media?parent=93592"}],"wp:term":[{"taxonomy":"category","embeddable":true,"href":"https:\/\/www.mes-allocs.fr\/guides\/wp-json\/wp\/v2\/categories?post=93592"},{"taxonomy":"post_tag","embeddable":true,"href":"https:\/\/www.mes-allocs.fr\/guides\/wp-json\/wp\/v2\/tags?post=93592"}],"curies":[{"name":"wp","href":"https:\/\/api.w.org\/{rel}","templated":true}]}}