{"id":93581,"date":"2025-02-28T10:59:03","date_gmt":"2025-02-28T08:59:03","guid":{"rendered":"https:\/\/www.mes-allocs.fr\/guides\/?p=93581"},"modified":"2026-04-22T08:33:38","modified_gmt":"2026-04-22T07:33:38","slug":"aide-caf-900-euros","status":"publish","type":"post","link":"https:\/\/www.mes-allocs.fr\/guides\/caisse-allocations-familiales\/aides-sociales-caf\/aide-caf-900-euros\/","title":{"rendered":"Aide CAF 900 euros : conditions, montants, d\u00e9marches\u00a0"},"content":{"rendered":"<p><img loading=\"lazy\" decoding=\"async\" class=\"alignnone wp-image-94030 size-full\" title=\"hands\" src=\"https:\/\/www.mes-allocs.fr\/guides\/wp-content\/uploads\/2025\/02\/hands-5982514_1280-e1740655177569.jpg\" alt=\"hands\" width=\"1280\" height=\"419\" srcset=\"https:\/\/www.mes-allocs.fr\/guides\/wp-content\/uploads\/2025\/02\/hands-5982514_1280-e1740655177569.jpg 1280w, https:\/\/www.mes-allocs.fr\/guides\/wp-content\/uploads\/2025\/02\/hands-5982514_1280-e1740655177569-300x98.jpg 300w, https:\/\/www.mes-allocs.fr\/guides\/wp-content\/uploads\/2025\/02\/hands-5982514_1280-e1740655177569-1024x335.jpg 1024w, https:\/\/www.mes-allocs.fr\/guides\/wp-content\/uploads\/2025\/02\/hands-5982514_1280-e1740655177569-768x251.jpg 768w, https:\/\/www.mes-allocs.fr\/guides\/wp-content\/uploads\/2025\/02\/hands-5982514_1280-e1740655177569-600x196.jpg 600w\" sizes=\"auto, (max-width: 1280px) 100vw, 1280px\" \/>[Mis \u00e0 jour le 18\/02\/2026] Dans un contexte \u00e9conomique marqu\u00e9 par la hausse du co\u00fbt de la vie, la Caisse d\u2019Allocations Familiales (<a href=\"https:\/\/www.mes-allocs.fr\/guides\/allocations-familiales\/\">CAF<\/a>) a mis en place une nouvelle aide financi\u00e8re visant \u00e0 soutenir les foyers modestes. Cette <strong>aide CAF de 900 euros<\/strong> permet d\u2019obtenir une belle somme d&rsquo;argent pour financer l\u2019achat d\u2019\u00e9quipements \u00e9lectrom\u00e9nagers et mobiliers indispensables, ou encore pour la r\u00e9paration d\u2019appareils en panne. Ce coup de pouce s\u2019inscrit dans une politique d\u2019accompagnement des m\u00e9nages pour leur assurer un meilleur confort au quotidien. D\u00e9couvrons ensemble les conditions d\u2019acc\u00e8s, les \u00e9quipements concern\u00e9s et les d\u00e9marches \u00e0 suivre pour en b\u00e9n\u00e9ficier.<\/p>\n<div class='cta-block'><div class='text'>Simulez toutes vos aides en 2 min. <\/div><a href='https:\/\/www.mes-allocs.fr\/ab-app?origin=guides\/wp-json\/wp\/v2\/posts\/93581' class='app-button fit'>Simulation gratuite<\/a><\/div>\n<h1>Comprendre l\u2019aide de 900 euros de la CAF<\/h1>\n<h2>Qu\u2019est-ce que l\u2019aide \u00e0 l\u2019\u00e9quipement du logement et \u00e0 la r\u00e9paration de l\u2019\u00e9lectrom\u00e9nager de la CAF ?<\/h2>\n<p>Cette aide financi\u00e8re est destin\u00e9e aux allocataires de toutes les CAF de France ayant des enfants \u00e0 charge de moins de 25 ans, qu\u2019ils vivent sous leur toit, en r\u00e9sidence altern\u00e9e ou qu\u2019ils soient parents non h\u00e9bergeant. Son objectif principal est d\u2019aider ces familles \u00e0 s\u2019\u00e9quiper en \u00e9lectrom\u00e9nager et en mobilier de premi\u00e8re n\u00e9cessit\u00e9 ou \u00e0 financer la r\u00e9paration d\u2019appareils d\u00e9fectueux par un professionnel agr\u00e9\u00e9.<\/p>\n<h2>A quoi sert l\u2019aide de 900 euros de la CAF ?<\/h2>\n<p>L\u2019aide couvre plusieurs besoins essentiels :<\/p>\n<ul>\n<li aria-level=\"1\"><b>Achat d\u2019\u00e9quipements \u00e9lectrom\u00e9nagers et de mobilier<\/b> : permettre aux familles de s\u2019\u00e9quiper correctement pour un quotidien plus confortable.<\/li>\n<li aria-level=\"1\"><b>R\u00e9paration d\u2019appareils \u00e9lectrom\u00e9nagers<\/b> : encourager la prolongation de la dur\u00e9e de vie des \u00e9quipements plut\u00f4t que leur remplacement syst\u00e9matique.<\/li>\n<li aria-level=\"1\"><b>Facilitation de l\u2019acc\u00e8s aux biens reconditionn\u00e9s<\/b> : favoriser l\u2019acquisition d\u2019appareils \u00e9co-responsables tout en ma\u00eetrisant les co\u00fbts.<\/li>\n<\/ul>\n<h1>Quels sont les \u00e9quipements concern\u00e9s par l\u2019aide de 900 euros de la CAF ?<\/h1>\n<p>L\u2019aide peut \u00eatre utilis\u00e9e pour l\u2019achat d\u2019\u00e9quipements \u00e9lectrom\u00e9nagers et mobiliers indispensables \u00e0 la vie quotidienne. Voici les principaux articles \u00e9ligibles :<\/p>\n<ul>\n<li aria-level=\"1\"><b>\u00c9lectrom\u00e9nager<\/b> :\n<ul>\n<li aria-level=\"2\">Cuisini\u00e8res<\/li>\n<li aria-level=\"2\">R\u00e9frig\u00e9rateurs et cong\u00e9lateurs<\/li>\n<li aria-level=\"2\">Lave-linge et s\u00e8che-linge<\/li>\n<li aria-level=\"2\">Lave-vaisselle<\/li>\n<li aria-level=\"2\">Fours, plaques de cuisson<\/li>\n<li aria-level=\"2\">Aspirateurs<\/li>\n<\/ul>\n<\/li>\n<li aria-level=\"1\"><b>Mobilier<\/b> :\n<ul>\n<li aria-level=\"2\">Lits (b\u00e9b\u00e9, enfant, adulte, superpos\u00e9s, mezzanine)<\/li>\n<li aria-level=\"2\">Sommier + matelas + pieds<\/li>\n<li aria-level=\"2\">Canap\u00e9-lit (pour studio ou selon composition familiale)<\/li>\n<li aria-level=\"2\">Meubles de rangement<\/li>\n<li aria-level=\"2\">Bureaux, tables et chaises<\/li>\n<\/ul>\n<\/li>\n<li aria-level=\"1\"><b>Informatique<\/b> :\n<ul>\n<li aria-level=\"2\">Ordinateurs fixes et portables (les tablettes ne sont pas concern\u00e9es)<\/li>\n<\/ul>\n<\/li>\n<\/ul>\n<p>Les produits doivent \u00eatre neufs ou reconditionn\u00e9s avec une classe \u00e9nerg\u00e9tique A ou A+ pour respecter les crit\u00e8res de d\u00e9veloppement durable.<\/p>\n<div class='cta-block'><div class='text'>Simulez toutes vos aides en 2 min. <\/div><a href='https:\/\/www.mes-allocs.fr\/ab-app?origin=guides\/wp-json\/wp\/v2\/posts\/93581' class='app-button fit'>Simulation gratuite<\/a><\/div>\n<h1>Quelles conditions pour b\u00e9n\u00e9ficier de l\u2019aide de la CAF de 900 euros ?<\/h1>\n<p>Pour \u00eatre \u00e9ligible, plusieurs crit\u00e8res doivent \u00eatre remplis :<\/p>\n<ul>\n<li aria-level=\"1\"><b>Avoir des enfants \u00e0 charge de moins de 25 ans<\/b> (y compris en r\u00e9sidence altern\u00e9e ou pour les parents non h\u00e9bergeants).<\/li>\n<li aria-level=\"1\"><b>Avoir un quotient familial inf\u00e9rieur ou \u00e9gal \u00e0 1 000 euros<\/b>.<\/li>\n<li aria-level=\"1\"><b>Ne pas avoir de pr\u00eat en cours de m\u00eame nature<\/b> aupr\u00e8s de la CAF.<\/li>\n<li aria-level=\"1\"><b>Ne pas avoir encore effectu\u00e9 l\u2019achat<\/b> : seuls les devis sont accept\u00e9s, les factures d\u00e9j\u00e0 pay\u00e9es ne sont pas rembours\u00e9es.<\/li>\n<\/ul>\n<p>L\u2019aide est accord\u00e9e une fois par an, \u00e0 compter du 1er janvier 2025.<\/p>\n<p><iframe loading=\"lazy\" title=\"Devenez un expert des aides de la CAF !\" width=\"500\" height=\"281\" src=\"https:\/\/www.youtube.com\/embed\/weTPOvJJ3bs?feature=oembed\" frameborder=\"0\" allow=\"accelerometer; autoplay; clipboard-write; encrypted-media; gyroscope; picture-in-picture; web-share\" referrerpolicy=\"strict-origin-when-cross-origin\" allowfullscreen><\/iframe><\/p>\n<h1>Aide \u00e0 l\u2019\u00e9quipement du logement et \u00e0 la r\u00e9paration de l\u2019\u00e9lectrom\u00e9nager : quel montant pouvez-vous percevoir ?<\/h1>\n<h2><b>Montants de l&rsquo;aide pour l\u2019achat d\u2019\u00e9quipements<\/b><\/h2>\n<p>Le montant attribu\u00e9 varie selon la composition du foyer :<\/p>\n<ul>\n<li aria-level=\"1\"><b>600 euros<\/b> pour une famille avec 1 enfant<\/li>\n<li aria-level=\"1\"><b>700 euros<\/b> pour une famille avec 2 enfants<\/li>\n<li aria-level=\"1\"><b>900 euros<\/b> pour une famille avec 3 enfants ou plus<\/li>\n<\/ul>\n<h2><b>Montants de l&rsquo;aide pour la r\u00e9paration d\u2019\u00e9lectrom\u00e9nager<\/b><\/h2>\n<p>Les r\u00e9parations doivent \u00eatre r\u00e9alis\u00e9es par un professionnel agr\u00e9\u00e9 QUALIREPAR. L\u2019aide est attribu\u00e9e en fonction de l\u2019appareil concern\u00e9 :<\/p>\n<ul>\n<li aria-level=\"1\"><b>25 euros<\/b> : cuisini\u00e8re, r\u00e9frig\u00e9rateur, cong\u00e9lateur, four, plaques de cuisson<\/li>\n<li aria-level=\"1\"><b>40 euros<\/b> : aspirateur<\/li>\n<li aria-level=\"1\"><b>50 euros<\/b> : lave-linge, s\u00e8che-linge, lave-vaisselle, ordinateur<\/li>\n<\/ul>\n<h1>Quelles sont les d\u00e9marches pour obtenir l&rsquo;aide \u00e0 l\u2019\u00e9quipement du logement et \u00e0 la r\u00e9paration de l\u2019\u00e9lectrom\u00e9nager de la CAF ?<\/h1>\n<p>Les familles souhaitant b\u00e9n\u00e9ficier de cette aide doivent suivre plusieurs \u00e9tapes :<\/p>\n<ol>\n<li aria-level=\"1\"><b>Remplir le formulaire d\u00e9di\u00e9<\/b> : disponible sur le site de la CAF ou en agence.<\/li>\n<li aria-level=\"1\"><b>Demander un devis en magasin<\/b> : pour les m\u00e9nages ayant un quotient familial inf\u00e9rieur \u00e0 501 euros ou en situation financi\u00e8re fragile, le devis doit provenir d\u2019un magasin partenaire de la CAF.<\/li>\n<li aria-level=\"1\"><b>Envoyer le dossier complet<\/b> : par voie postale ou via l\u2019espace personnel en ligne.<\/li>\n<li aria-level=\"1\"><b>Transmettre la facture apr\u00e8s l\u2019achat<\/b> : une fois l\u2019aide vers\u00e9e, la facture doit \u00eatre envoy\u00e9e dans un d\u00e9lai de 30 jours maximum pour \u00e9viter tout remboursement de l\u2019aide.<\/li>\n<\/ol>\n<p>Pour la r\u00e9paration d\u2019un appareil \u00e9lectrom\u00e9nager, la proc\u00e9dure est similaire :<\/p>\n<ol>\n<li aria-level=\"1\"><b>Remplir le formulaire d\u2019aide \u00e0 la r\u00e9paration<\/b>.<\/li>\n<li aria-level=\"1\"><b>Joindre la facture acquitt\u00e9e<\/b>.<\/li>\n<li aria-level=\"1\"><b>Transmettre le dossier via l\u2019espace personnel CAF ou par courrier<\/b>.<\/li>\n<\/ol>\n<h1>Comment se d\u00e9roule le versement de l\u2019aide de 900 euros de la CAF ?<\/h1>\n<p>Le mode de versement varie selon le quotient familial du demandeur :<\/p>\n<ul>\n<li aria-level=\"1\"><b>Quotient familial inf\u00e9rieur \u00e0 501 euros<\/b> : la totalit\u00e9 de l\u2019aide est vers\u00e9e sous forme de subvention, directement au magasin partenaire.<\/li>\n<li aria-level=\"1\"><b>Quotient familial entre 501 et 750 euros<\/b> : 50 % de l\u2019aide est accord\u00e9e en subvention et 50 % sous forme de pr\u00eat remboursable sur 36 mois maximum.<\/li>\n<li aria-level=\"1\"><b>Quotient familial entre 751 et 1 000 euros<\/b> : la totalit\u00e9 de l\u2019aide est attribu\u00e9e sous forme de pr\u00eat, remboursable sur 36 mois maximum.<\/li>\n<\/ul>\n<p><b>Exemples :<\/b><\/p>\n<ul>\n<li aria-level=\"1\">Une famille avec un quotient familial de 350 euros et 2 enfants recevra une subvention de 700 euros directement vers\u00e9e au magasin.<\/li>\n<li aria-level=\"1\">Un foyer avec un quotient de 700 euros et 1 enfant b\u00e9n\u00e9ficiera d\u2019un mix de 300 euros en subvention et 300 euros en pr\u00eat.<\/li>\n<li aria-level=\"1\">Une famille avec un quotient de 800 euros et 3 enfants obtiendra une aide de 900 euros en pr\u00eat.<\/li>\n<\/ul>\n<p>L\u2019aide ne peut pas \u00eatre renouvel\u00e9e tant que le pr\u00eat en cours n\u2019est pas sold\u00e9.<\/p>\n<p>Avec cette nouvelle mesure, la CAF de Paris renforce son soutien aux m\u00e9nages en difficult\u00e9, leur permettant d\u2019am\u00e9liorer leurs conditions de vie tout en encourageant des pratiques de consommation plus responsables.<\/p>\n<h1>Conclusion<\/h1>\n<p>L\u2019aide de 900 euros de la CAF repr\u00e9sente un soutien pr\u00e9cieux pour les familles aux revenus modestes, leur permettant d\u2019acc\u00e9der \u00e0 des \u00e9quipements essentiels ou de r\u00e9parer leurs appareils \u00e9lectrom\u00e9nagers. En facilitant l\u2019achat de biens durables et en encourageant la r\u00e9paration plut\u00f4t que le remplacement, ce dispositif s\u2019inscrit dans une d\u00e9marche \u00e0 la fois solidaire et \u00e9co-responsable. Pour en b\u00e9n\u00e9ficier, il est crucial de bien respecter les crit\u00e8res d\u2019\u00e9ligibilit\u00e9 et de suivre les d\u00e9marches requises. Cette aide constitue ainsi une opportunit\u00e9 pour am\u00e9liorer la qualit\u00e9 de vie des foyers tout en ma\u00eetrisant leur budget.<\/p>\n<div class='cta-block'><div class='text'>Simulez toutes vos aides en 2 min. <\/div><a href='https:\/\/www.mes-allocs.fr\/ab-app?origin=guides\/wp-json\/wp\/v2\/posts\/93581' class='app-button fit'>Simulation gratuite<\/a><\/div>\n","protected":false},"excerpt":{"rendered":"<p>[Mis \u00e0 jour le 18\/02\/2026] Dans un contexte \u00e9conomique marqu\u00e9 par la hausse du co\u00fbt de la vie, la Caisse d\u2019Allocations Familiales (CAF) a mis en place une nouvelle aide financi\u00e8re visant \u00e0 soutenir les foyers modestes. Cette aide CAF de 900 euros permet d\u2019obtenir une belle somme d&rsquo;argent pour financer l\u2019achat d\u2019\u00e9quipements \u00e9lectrom\u00e9nagers et [&hellip;]<\/p>\n","protected":false},"author":32,"featured_media":94029,"comment_status":"open","ping_status":"open","sticky":false,"template":"","format":"standard","meta":{"amp_status":"","footnotes":""},"categories":[44478,6332],"tags":[],"class_list":["post-93581","post","type-post","status-publish","format-standard","has-post-thumbnail","hentry","category-aides-sociales-caf","category-caisse-allocations-familiales"],"yoast_head":"<!-- This site is optimized with the Yoast SEO plugin v14.9 - https:\/\/yoast.com\/wordpress\/plugins\/seo\/ -->\n<title>Aide CAF 900 euros : conditions, montants, d\u00e9marches\u00a0 | Mes-Allocs.fr<\/title>\n<meta name=\"description\" content=\"D\u00e9couvrez l\u2019aide de 900 euros de la CAF pour l\u2019\u00e9quipement du logement et la r\u00e9paration d\u2019\u00e9lectrom\u00e9nager. Conditions, montants et d\u00e9marches.\" \/>\n<meta name=\"robots\" content=\"index, follow, max-snippet:-1, max-image-preview:large, max-video-preview:-1\" \/>\n<link rel=\"canonical\" href=\"https:\/\/www.mes-allocs.fr\/guides\/caisse-allocations-familiales\/aides-sociales-caf\/aide-caf-900-euros\/\" \/>\n<meta property=\"og:locale\" content=\"fr_FR\" \/>\n<meta property=\"og:type\" content=\"article\" \/>\n<meta property=\"og:title\" content=\"Aide CAF 900 euros : conditions, montants, d\u00e9marches\u00a0 | Mes-Allocs.fr\" \/>\n<meta property=\"og:description\" content=\"D\u00e9couvrez l\u2019aide de 900 euros de la CAF pour l\u2019\u00e9quipement du logement et la r\u00e9paration d\u2019\u00e9lectrom\u00e9nager. Conditions, montants et d\u00e9marches.\" \/>\n<meta property=\"og:url\" content=\"https:\/\/www.mes-allocs.fr\/guides\/caisse-allocations-familiales\/aides-sociales-caf\/aide-caf-900-euros\/\" \/>\n<meta property=\"og:site_name\" content=\"Mes-Allocs.fr\" \/>\n<meta property=\"article:published_time\" content=\"2025-02-28T08:59:03+00:00\" \/>\n<meta property=\"article:modified_time\" content=\"2026-04-22T07:33:38+00:00\" \/>\n<meta property=\"og:image\" content=\"https:\/\/www.mes-allocs.fr\/guides\/wp-content\/uploads\/2025\/02\/wallet-867568_1280.jpg?wsr\" \/>\n\t<meta property=\"og:image:width\" content=\"1280\" \/>\n\t<meta property=\"og:image:height\" content=\"850\" \/>\n<meta name=\"twitter:card\" content=\"summary_large_image\" \/>\n<script type=\"application\/ld+json\" class=\"yoast-schema-graph\">{\"@context\":\"https:\/\/schema.org\",\"@graph\":[{\"@type\":\"WebSite\",\"@id\":\"https:\/\/www.mes-allocs.fr\/guides\/#website\",\"url\":\"https:\/\/www.mes-allocs.fr\/guides\/\",\"name\":\"Mes-Allocs.fr\",\"description\":\"\",\"potentialAction\":[{\"@type\":\"SearchAction\",\"target\":\"https:\/\/www.mes-allocs.fr\/guides\/?s={search_term_string}\",\"query-input\":\"required name=search_term_string\"}],\"inLanguage\":\"fr-FR\"},{\"@type\":\"ImageObject\",\"@id\":\"https:\/\/www.mes-allocs.fr\/guides\/caisse-allocations-familiales\/aides-sociales-caf\/aide-caf-900-euros\/#primaryimage\",\"inLanguage\":\"fr-FR\",\"url\":\"https:\/\/www.mes-allocs.fr\/guides\/wp-content\/uploads\/2025\/02\/wallet-867568_1280.jpg?wsr\",\"width\":1280,\"height\":850,\"caption\":\"wallet\"},{\"@type\":\"WebPage\",\"@id\":\"https:\/\/www.mes-allocs.fr\/guides\/caisse-allocations-familiales\/aides-sociales-caf\/aide-caf-900-euros\/#webpage\",\"url\":\"https:\/\/www.mes-allocs.fr\/guides\/caisse-allocations-familiales\/aides-sociales-caf\/aide-caf-900-euros\/\",\"name\":\"Aide CAF 900 euros : conditions, montants, d\\u00e9marches\\u00a0 | Mes-Allocs.fr\",\"isPartOf\":{\"@id\":\"https:\/\/www.mes-allocs.fr\/guides\/#website\"},\"primaryImageOfPage\":{\"@id\":\"https:\/\/www.mes-allocs.fr\/guides\/caisse-allocations-familiales\/aides-sociales-caf\/aide-caf-900-euros\/#primaryimage\"},\"datePublished\":\"2025-02-28T08:59:03+00:00\",\"dateModified\":\"2026-04-22T07:33:38+00:00\",\"author\":{\"@id\":\"https:\/\/www.mes-allocs.fr\/guides\/#\/schema\/person\/d816df3fd89b867e748b96418f7d8196\"},\"description\":\"D\\u00e9couvrez l\\u2019aide de 900 euros de la CAF pour l\\u2019\\u00e9quipement du logement et la r\\u00e9paration d\\u2019\\u00e9lectrom\\u00e9nager. Conditions, montants et d\\u00e9marches.\",\"inLanguage\":\"fr-FR\"},{\"@type\":\"Person\",\"@id\":\"https:\/\/www.mes-allocs.fr\/guides\/#\/schema\/person\/d816df3fd89b867e748b96418f7d8196\",\"name\":\"A\\u00efda GHATTAS\",\"image\":{\"@type\":\"ImageObject\",\"@id\":\"https:\/\/www.mes-allocs.fr\/guides\/#personlogo\",\"inLanguage\":\"fr-FR\",\"url\":\"https:\/\/www.mes-allocs.fr\/guides\/wp-content\/uploads\/2025\/01\/id-photo-Aida-150x150.jpg\",\"caption\":\"A\\u00efda GHATTAS\"},\"description\":\"A\\u00efda est r\\u00e9dactrice web sp\\u00e9cialis\\u00e9e dans l'actualit\\u00e9, avec un int\\u00e9r\\u00eat particulier pour les aides financi\\u00e8res et dispositifs accessibles au grand public. Elle d\\u00e9crypte les mesures sociales, \\u00e9conomiques ou administratives, mais explore aussi d\\u2019autres th\\u00e9matiques li\\u00e9es \\u00e0 la vie quotidienne et aux droits des \\u00e9trangers, pour proposer une information claire, utile et toujours \\u00e0 jour. Elle rejoint Mes Allocs en 2025 apr\\u00e8s une premi\\u00e8re exp\\u00e9rience dans les t\\u00e9l\\u00e9communications.\",\"sameAs\":[\"https:\/\/www.linkedin.com\/in\/aidaghattas321\/\"]}]}<\/script>\n<!-- \/ Yoast SEO plugin. -->","amp_validity":null,"acf":{"faq":{"1":{"question":"Comment obtenir les 1 500 \u20ac de la CAF ?","answer":"L\u2019aide coup de pouce peut \u00eatre accord\u00e9e sous forme de subvention, allocation mensuelle ou pr\u00eat, mais n\u00e9cessite l\u2019accompagnement d\u2019un travailleur social pour compl\u00e9ter la demande."},"2":{"question":"Comment b\u00e9n\u00e9ficier de la prime de 3 000 \u20ac de la CAF ?","answer":"La prime d\u2019activit\u00e9 se demande en ligne via le site de la CAF ou de la MSA, ou en d\u00e9posant un formulaire directement aupr\u00e8s de ces organismes."},"3":{"question":"Comment obtenir l\u2019aide de 400 \u20ac de la CAF ?","answer":"Les familles ayant un enfant b\u00e9n\u00e9ficiaire de l\u2019Allocation d\u2019\u00e9ducation de l\u2019enfant handicap\u00e9 (AEEH) en janvier 2026 peuvent percevoir jusqu\u2019\u00e0 400 \u20ac pour couvrir certaines d\u00e9penses."},"4":{"question":"Qui peut toucher les 598 \u20ac de la CAF ?","answer":"Les personnes \u00e9ligibles au revenu de solidarit\u00e9, \u00e2g\u00e9es de 55 \u00e0 65 ans, peuvent en faire la demande aupr\u00e8s de leur CAF pour percevoir cette aide jusqu\u2019\u00e0 leur retraite."},"5":{"question":"Quelles sont les aides propos\u00e9es par la CAF en 2026 ?","answer":"Les aides incluent des prises en charge allant de 65 \u00e0 80 % pour les s\u00e9jours familiaux, avec des majorations pour les familles monoparentales ou b\u00e9n\u00e9ficiaires de l\u2019AEEH, ainsi que des aides sp\u00e9cifiques pouvant atteindre 1 500 \u20ac."},"6":{"question":"Qui va recevoir les 624 \u20ac ?","answer":"Cette aide concerne les personnes ayant b\u00e9n\u00e9fici\u00e9 de r\u00e9ductions ou cr\u00e9dits d\u2019imp\u00f4t pour des d\u00e9penses comme l\u2019emploi \u00e0 domicile, la garde d\u2019enfants, l\u2019investissement locatif ou les cotisations syndicales."},"7":{"question":"","answer":""},"8":{"question":"","answer":""},"9":{"question":"","answer":""},"10":{"question":"","answer":""},"11":{"question":"","answer":""},"12":{"question":"","answer":""},"13":{"question":"","answer":""},"14":{"question":"","answer":""},"15":{"question":"","answer":""},"16":{"question":"","answer":""}}},"_links":{"self":[{"href":"https:\/\/www.mes-allocs.fr\/guides\/wp-json\/wp\/v2\/posts\/93581","targetHints":{"allow":["GET"]}}],"collection":[{"href":"https:\/\/www.mes-allocs.fr\/guides\/wp-json\/wp\/v2\/posts"}],"about":[{"href":"https:\/\/www.mes-allocs.fr\/guides\/wp-json\/wp\/v2\/types\/post"}],"author":[{"embeddable":true,"href":"https:\/\/www.mes-allocs.fr\/guides\/wp-json\/wp\/v2\/users\/32"}],"replies":[{"embeddable":true,"href":"https:\/\/www.mes-allocs.fr\/guides\/wp-json\/wp\/v2\/comments?post=93581"}],"version-history":[{"count":8,"href":"https:\/\/www.mes-allocs.fr\/guides\/wp-json\/wp\/v2\/posts\/93581\/revisions"}],"predecessor-version":[{"id":109189,"href":"https:\/\/www.mes-allocs.fr\/guides\/wp-json\/wp\/v2\/posts\/93581\/revisions\/109189"}],"wp:featuredmedia":[{"embeddable":true,"href":"https:\/\/www.mes-allocs.fr\/guides\/wp-json\/wp\/v2\/media\/94029"}],"wp:attachment":[{"href":"https:\/\/www.mes-allocs.fr\/guides\/wp-json\/wp\/v2\/media?parent=93581"}],"wp:term":[{"taxonomy":"category","embeddable":true,"href":"https:\/\/www.mes-allocs.fr\/guides\/wp-json\/wp\/v2\/categories?post=93581"},{"taxonomy":"post_tag","embeddable":true,"href":"https:\/\/www.mes-allocs.fr\/guides\/wp-json\/wp\/v2\/tags?post=93581"}],"curies":[{"name":"wp","href":"https:\/\/api.w.org\/{rel}","templated":true}]}}