{"id":93571,"date":"2025-02-25T18:54:55","date_gmt":"2025-02-25T16:54:55","guid":{"rendered":"https:\/\/www.mes-allocs.fr\/guides\/?p=93571"},"modified":"2026-04-22T08:33:40","modified_gmt":"2026-04-22T07:33:40","slug":"participation-forfaitaire-cpf","status":"publish","type":"post","link":"https:\/\/www.mes-allocs.fr\/guides\/aide-formation\/compte-personnel-formation-cpf\/participation-forfaitaire-cpf\/","title":{"rendered":"Reste \u00e0 charge CPF 150 \u20ac : qui est concern\u00e9 ?"},"content":{"rendered":"<p><img loading=\"lazy\" decoding=\"async\" class=\"alignnone wp-image-93661 size-full\" title=\"laptop\" src=\"https:\/\/www.mes-allocs.fr\/guides\/wp-content\/uploads\/2025\/02\/laptop-8499942_1280-e1740472816293.jpg\" alt=\"laptop\" width=\"1270\" height=\"403\" srcset=\"https:\/\/www.mes-allocs.fr\/guides\/wp-content\/uploads\/2025\/02\/laptop-8499942_1280-e1740472816293.jpg 1270w, https:\/\/www.mes-allocs.fr\/guides\/wp-content\/uploads\/2025\/02\/laptop-8499942_1280-e1740472816293-300x95.jpg 300w, https:\/\/www.mes-allocs.fr\/guides\/wp-content\/uploads\/2025\/02\/laptop-8499942_1280-e1740472816293-1024x325.jpg 1024w, https:\/\/www.mes-allocs.fr\/guides\/wp-content\/uploads\/2025\/02\/laptop-8499942_1280-e1740472816293-768x244.jpg 768w, https:\/\/www.mes-allocs.fr\/guides\/wp-content\/uploads\/2025\/02\/laptop-8499942_1280-e1740472816293-600x190.jpg 600w\" sizes=\"auto, (max-width: 1270px) 100vw, 1270px\" \/><\/p>\n<p>[Mise \u00e0 jour le 07\/04\/2026] Vous souhaitez financer une formation avec votre <a href=\"https:\/\/www.mes-allocs.fr\/guides\/aide-formation\/compte-personnel-formation-cpf\/\">CPF<\/a> ? Vous devez remplir plusieurs conditions et respecter plusieurs crit\u00e8res. Depuis le 2 avril 2026, le <b>reste \u00e0 charge CPF<\/b> a augment\u00e9. Alors, quel est le nouveau montant de cette participation obligatoire ? Pouvez-vous \u00eatre exon\u00e9r\u00e9 ? Mes Allocs vous explique.<\/p>\n<div class='cta-block'><div class='text'>Simulez toutes vos aides en 2 min.<\/div><a href='https:\/\/www.mes-allocs.fr\/ab-app?origin=guides\/wp-json\/wp\/v2\/posts\/93571' class='app-button fit'>Simulation gratuite<\/a><\/div>\n<h1>Reste \u00e0 charge CPF : quelles nouveaut\u00e9s en 2026 ?<\/h1>\n<h2>Qu\u2019est-ce que le reste \u00e0 charge ?<\/h2>\n<p>Le reste \u00e0 charge, aussi appel\u00e9 <b>participation forfaitaire<\/b>, est une <b>somme obligatoire que vous devez payer <\/b>pour valider une inscription \u00e0 une formation via votre CPF. Ce reste \u00e0 charge, donc la somme que vous devez payer pour faire une <a href=\"https:\/\/www.mes-allocs.fr\/guides\/aide-formation\/compte-personnel-formation-cpf\/formation-eligible-cpf\/\">formation \u00e9ligible CPF<\/a>, a <b>augment\u00e9<\/b> le 2 avril 2026.<\/p>\n<h2>Reste \u00e0 charge CPF : une augmentation au 2 avril 2026<\/h2>\n<p>Le montant du <b>reste \u00e0 charge CPF<\/b> vient de conna\u00eetre une hausse significative. La participation forfaitaire <b>passe de 103,20 \u20ac \u00e0 <\/b><b>150 \u20ac<\/b>. Pourquoi cette augmentation ? Cette mesure a \u00e9t\u00e9 d\u00e9cid\u00e9e par le Gouvernement dans son projet de loi finances 2026.<\/p>\n<p>Concr\u00e8tement, si vous faites une demande de formation via votre CPF et que vous \u00eates salari\u00e9, <b>vous paierez de votre poche 150\u20ac de reste \u00e0 charge<\/b>.<\/p>\n<div class='shortcode important'><div class='title'>Important<\/div><div class='content'>Les dossiers de formation qui n\u2019avaient pas encore \u00e9t\u00e9 valid\u00e9s avant le 2 avril 2026 voient leur reste \u00e0 charge passer de 103,20 \u20ac \u00e0 <b>150 \u20ac.<\/b><\/div><\/div>\n<h2>Quels sont les autres changements en 2026 ?<\/h2>\n<p>L&rsquo;augmentation du reste \u00e0 charge fait suite \u00e0 une longue s\u00e9rie de changements depuis d\u00e9but 2026, qui portent notamment sur les <a href=\"https:\/\/www.mes-allocs.fr\/guides\/aide-formation\/compte-personnel-formation-cpf\/plafond-cpf\/\">plafonds d&rsquo;utilisation du CPF<\/a> :<\/p>\n<ul>\n<li aria-level=\"1\">L\u2019utilisation du CPF pour le permis est d\u00e9sormais <b>restreint aux personnes sans emploi <\/b>ayant un projet professionnel motivant le passage du permis via leur CPF et le financement est d\u00e9sormais limit\u00e9 \u00e0 <b>900 \u20ac<\/b>. Cette limite de financement est appliqu\u00e9e uniquement sur <b>les permis l\u00e9gers<\/b>.<\/li>\n<li aria-level=\"1\">La prise en charge maximale du bilan de comp\u00e9tences est fix\u00e9e \u00e0 <b>1 600 \u20ac<\/b>.<\/li>\n<li aria-level=\"1\">Les petites certifications du R\u00e9pertoire sp\u00e9cifique sont limit\u00e9es \u00e0 <b>1 500 \u20ac<\/b> par dossier.<\/li>\n<\/ul>\n<p><iframe loading=\"lazy\" title=\"Les aides \u00e0 la formation\" width=\"500\" height=\"281\" src=\"https:\/\/www.youtube.com\/embed\/gs3ZRHqtzmY?feature=oembed\" frameborder=\"0\" allow=\"accelerometer; autoplay; clipboard-write; encrypted-media; gyroscope; picture-in-picture; web-share\" referrerpolicy=\"strict-origin-when-cross-origin\" allowfullscreen><\/iframe><\/p>\n<h1>Comment s\u2019applique le reste \u00e0 charge ?<\/h1>\n<p>Le fonctionnement du reste \u00e0 charge est simple. Le montant forfaitaire <b>(150\u20ac)<\/b> est <b>le m\u00eame pour toutes les formations<\/b>. Que vous suiviez un cours d&rsquo;anglais \u00e0 500 \u20ac ou un Master \u00e0 5 000 \u20ac, la participation forfaitaire <b>de 150 \u20ac reste identique<\/b>. Ce montant est fixe et ne d\u00e9pend pas de vos revenus ni du prix total du devis.<\/p>\n<div class='cta-block'><div class='text'>Simulez toutes vos aides en 2 min.<\/div><a href='https:\/\/www.mes-allocs.fr\/ab-app?origin=guides\/wp-json\/wp\/v2\/posts\/93571' class='app-button fit'>Simulation gratuite<\/a><\/div>\n<h1>Qui est concern\u00e9 par le reste \u00e0 charge CPF ?<\/h1>\n<p><b>Les salari\u00e9s du secteur priv\u00e9<\/b> sont concern\u00e9s par le paiement <b>du reste \u00e0 charge<\/b>. Que vous soyez en CDI, en CDD ou m\u00eame \u00e0 temps partiel, quel que soit le type de formation suivie, vous paierez le reste \u00e0 charge de <b>150\u20ac<\/b>.<\/p>\n<h1>Qui n\u2019est pas concern\u00e9 par le reste \u00e0 charge CPF ?<\/h1>\n<h2>Exon\u00e9ration pour les demandeurs d\u2019emploi<\/h2>\n<p>Si vous \u00eates demandeur d\u2019emploi et inscrit \u00e0 France Travail, vous n\u2019avez pas<b> \u00e0 payer le reste \u00e0 charge<\/b>. Vous \u00eates totalement exon\u00e9r\u00e9 de cette participation quelle que soit la formation choisie.<\/p>\n<h2>Exon\u00e9ration en cas de cofinancement d\u2019une formation<\/h2>\n<p>Si vous \u00eates salari\u00e9 et que votre employeur cofinance votre formation, <b>votre reste \u00e0 charge est annul\u00e9<\/b>. Si votre entreprise ne vous verse <b>qu\u2019une dizaine d&rsquo;euros<\/b> d\u2019abondamment (c\u2019est-\u00e0-dire en plus) sur votre dossier, cela est largement suffisant pour faire dispara\u00eetre le forfait de 150\u20ac.<\/p>\n<p>Si vous vous tournez vers votre OPCO (Op\u00e9rateurs de Comp\u00e9tences), le principe est le m\u00eame. Demander \u00e0 <b>votre employeur<\/b> ou <b>votre OPCO <\/b>de financer une partie de votre formation vous permet de ne pas payer le reste \u00e0 charge de 150\u20ac<\/p>\n<h2>Exon\u00e9ration en cas d\u2019accident du travail et\/ou maladie professionnelle<\/h2>\n<p>Si vous avez <b>une incapacit\u00e9 d\u2019au moins 10%<\/b>, vous \u00eates exon\u00e9r\u00e9 du reste \u00e0 charge CPF de 150\u20ac, si vous l\u2019utilisez pour <b>une reconversion professionnelle<\/b>. Cette mesure a pour objectif de faciliter votre transition vers un <b>autre emploi<\/b>, si vous ne pouvez plus exercer votre m\u00e9tier d\u2019origine pour des raisons m\u00e9dicales.<\/p>\n<h1>Reste \u00e0 charge CPF : comment le payer ?<\/h1>\n<h2>R\u00e8glement imm\u00e9diat depuis la plateforme<\/h2>\n<p>Vous pouvez payer votre reste \u00e0 charge de 150\u20ac directement <b>sur la plateforme du CPF<\/b>. Une fois que l&rsquo;organisme de formation a valid\u00e9 votre demande, vous recevez une notification. Vous avez alors quelques jours pour valider votre dossier en proc\u00e9dant au <b>r\u00e8glement imm\u00e9diat depuis la plateforme<\/b> par carte bancaire s\u00e9curis\u00e9e.<\/p>\n<h2>Comment faire si vos droits CPF sont insuffisants ?<\/h2>\n<p>Si vous n&rsquo;avez pas assez d&rsquo;argent sur votre compte CPF pour couvrir le prix de la formation, la r\u00e8gle est <b>cumulative<\/b>. Vous devrez <b>payer de votre poche et le reste de la formation et le reste \u00e0 charge<\/b>.<\/p>\n<div class='shortcode tips'><div class='title'>Exemple<\/div><div class='content'>Marc veut une formation \u00e0 1 200 \u20ac. Son solde CPF est de 800 \u20ac. Il devra payer : 150 \u20ac (forfait obligatoire) + 400 \u20ac (diff\u00e9rence entre le prix et ses droits), soit un total de 550 \u20ac \u00e0 r\u00e9gler par carte bancaire.<\/div><\/div>\n<h1>Comment ne pas payer le reste \u00e0 charge du CPF ?<\/h1>\n<p>Si vous ne souhaitez pas payer le reste \u00e0 charge du CPF, vous pouvez <b>solliciter votre employeur ou votre OPCO pour un remboursement<\/b> ou un cofinancement direct.<\/p>\n<p>Si vous \u00eates salari\u00e9, vous pouvez demander un cofinancement de votre employeur <b>(abondement)<\/b> pour ne pas payer le reste \u00e0 charge (150\u20ac). Si vous avez un projet qui sert les int\u00e9r\u00eats de l&rsquo;entreprise, pr\u00e9sentez-le comme un gain de comp\u00e9tences pour votre poste actuel.<\/p>\n<div class='shortcode summary'><div class='title'>En r\u00e9sum\u00e9 :<\/div><div class='content'><ul><li>Le <b>reste \u00e0 charge CPF<\/b> s&rsquo;\u00e9l\u00e8ve \u00e0 <b>150 \u20ac depuis le 2 avril 2026.<\/b><\/li><li>Le paiement est <b>obligatoire et imm\u00e9diat<\/b> lors de l&rsquo;inscription sur la plateforme.<\/li><li>Les <b>demandeurs d&#8217;emploi<\/b> et les victimes d&rsquo;accidents du travail (incapacit\u00e9 &gt; 10 %) sont <b>exon\u00e9r\u00e9s du reste \u00e0 charge.<\/b><\/li><li>L&rsquo;<b>abondement de l&#8217;employeur<\/b> permet d&rsquo;annuler le reste \u00e0 charge de 150\u20ac.<\/li><li>Des <b>plafonds de financement<\/b> s&rsquo;appliquent sur le permis et les bilans de comp\u00e9tences.<\/li><\/ul><\/div><\/div>\n<div class='cta-block'><div class='text'>Simulez toutes vos aides en 2 min.<\/div><a href='https:\/\/www.mes-allocs.fr\/ab-app?origin=guides\/wp-json\/wp\/v2\/posts\/93571' class='app-button fit'>Simulation gratuite<\/a><\/div>\n","protected":false},"excerpt":{"rendered":"<p>[Mise \u00e0 jour le 07\/04\/2026] Vous souhaitez financer une formation avec votre CPF ? Vous devez remplir plusieurs conditions et respecter plusieurs crit\u00e8res. Depuis le 2 avril 2026, le reste \u00e0 charge CPF a augment\u00e9. Alors, quel est le nouveau montant de cette participation obligatoire ? Pouvez-vous \u00eatre exon\u00e9r\u00e9 ? Mes Allocs vous explique. Reste [&hellip;]<\/p>\n","protected":false},"author":32,"featured_media":93662,"comment_status":"open","ping_status":"open","sticky":false,"template":"","format":"standard","meta":{"amp_status":"","footnotes":""},"categories":[2045,2046],"tags":[],"class_list":["post-93571","post","type-post","status-publish","format-standard","has-post-thumbnail","hentry","category-aide-formation","category-compte-personnel-formation-cpf"],"yoast_head":"<!-- This site is optimized with the Yoast SEO plugin v14.9 - https:\/\/yoast.com\/wordpress\/plugins\/seo\/ -->\n<title>Reste \u00e0 charge CPF 150 \u20ac : qui est concern\u00e9 ? | Mes-Allocs.fr<\/title>\n<meta name=\"description\" content=\"Depuis le 2 avril 2026, le montant du reste \u00e0 charge pour une formation CPF atteint 150\u20ac. Mais \u00eates-vous concern\u00e9 ou exon\u00e9r\u00e9 de cette somme ?\" \/>\n<meta name=\"robots\" content=\"index, follow, max-snippet:-1, max-image-preview:large, max-video-preview:-1\" \/>\n<link rel=\"canonical\" href=\"https:\/\/www.mes-allocs.fr\/guides\/aide-formation\/compte-personnel-formation-cpf\/participation-forfaitaire-cpf\/\" \/>\n<meta property=\"og:locale\" content=\"fr_FR\" \/>\n<meta property=\"og:type\" content=\"article\" \/>\n<meta property=\"og:title\" content=\"Reste \u00e0 charge CPF 150 \u20ac : qui est concern\u00e9 ? | Mes-Allocs.fr\" \/>\n<meta property=\"og:description\" content=\"Depuis le 2 avril 2026, le montant du reste \u00e0 charge pour une formation CPF atteint 150\u20ac. Mais \u00eates-vous concern\u00e9 ou exon\u00e9r\u00e9 de cette somme ?\" \/>\n<meta property=\"og:url\" content=\"https:\/\/www.mes-allocs.fr\/guides\/aide-formation\/compte-personnel-formation-cpf\/participation-forfaitaire-cpf\/\" \/>\n<meta property=\"og:site_name\" content=\"Mes-Allocs.fr\" \/>\n<meta property=\"article:published_time\" content=\"2025-02-25T16:54:55+00:00\" \/>\n<meta property=\"article:modified_time\" content=\"2026-04-22T07:33:40+00:00\" \/>\n<meta property=\"og:image\" content=\"https:\/\/www.mes-allocs.fr\/guides\/wp-content\/uploads\/2025\/02\/pc-1207886_1280.jpg?wsr\" \/>\n\t<meta property=\"og:image:width\" content=\"1280\" \/>\n\t<meta property=\"og:image:height\" content=\"853\" \/>\n<meta name=\"twitter:card\" content=\"summary_large_image\" \/>\n<script type=\"application\/ld+json\" class=\"yoast-schema-graph\">{\"@context\":\"https:\/\/schema.org\",\"@graph\":[{\"@type\":\"WebSite\",\"@id\":\"https:\/\/www.mes-allocs.fr\/guides\/#website\",\"url\":\"https:\/\/www.mes-allocs.fr\/guides\/\",\"name\":\"Mes-Allocs.fr\",\"description\":\"\",\"potentialAction\":[{\"@type\":\"SearchAction\",\"target\":\"https:\/\/www.mes-allocs.fr\/guides\/?s={search_term_string}\",\"query-input\":\"required name=search_term_string\"}],\"inLanguage\":\"fr-FR\"},{\"@type\":\"ImageObject\",\"@id\":\"https:\/\/www.mes-allocs.fr\/guides\/aide-formation\/compte-personnel-formation-cpf\/participation-forfaitaire-cpf\/#primaryimage\",\"inLanguage\":\"fr-FR\",\"url\":\"https:\/\/www.mes-allocs.fr\/guides\/wp-content\/uploads\/2025\/02\/pc-1207886_1280.jpg?wsr\",\"width\":1280,\"height\":853,\"caption\":\"pc\"},{\"@type\":\"WebPage\",\"@id\":\"https:\/\/www.mes-allocs.fr\/guides\/aide-formation\/compte-personnel-formation-cpf\/participation-forfaitaire-cpf\/#webpage\",\"url\":\"https:\/\/www.mes-allocs.fr\/guides\/aide-formation\/compte-personnel-formation-cpf\/participation-forfaitaire-cpf\/\",\"name\":\"Reste \\u00e0 charge CPF 150 \\u20ac : qui est concern\\u00e9 ? | Mes-Allocs.fr\",\"isPartOf\":{\"@id\":\"https:\/\/www.mes-allocs.fr\/guides\/#website\"},\"primaryImageOfPage\":{\"@id\":\"https:\/\/www.mes-allocs.fr\/guides\/aide-formation\/compte-personnel-formation-cpf\/participation-forfaitaire-cpf\/#primaryimage\"},\"datePublished\":\"2025-02-25T16:54:55+00:00\",\"dateModified\":\"2026-04-22T07:33:40+00:00\",\"author\":{\"@id\":\"https:\/\/www.mes-allocs.fr\/guides\/#\/schema\/person\/d816df3fd89b867e748b96418f7d8196\"},\"description\":\"Depuis le 2 avril 2026, le montant du reste \\u00e0 charge pour une formation CPF atteint 150\\u20ac. Mais \\u00eates-vous concern\\u00e9 ou exon\\u00e9r\\u00e9 de cette somme ?\",\"inLanguage\":\"fr-FR\"},{\"@type\":\"Person\",\"@id\":\"https:\/\/www.mes-allocs.fr\/guides\/#\/schema\/person\/d816df3fd89b867e748b96418f7d8196\",\"name\":\"A\\u00efda GHATTAS\",\"image\":{\"@type\":\"ImageObject\",\"@id\":\"https:\/\/www.mes-allocs.fr\/guides\/#personlogo\",\"inLanguage\":\"fr-FR\",\"url\":\"https:\/\/www.mes-allocs.fr\/guides\/wp-content\/uploads\/2025\/01\/id-photo-Aida-150x150.jpg\",\"caption\":\"A\\u00efda GHATTAS\"},\"description\":\"A\\u00efda est r\\u00e9dactrice web sp\\u00e9cialis\\u00e9e dans l'actualit\\u00e9, avec un int\\u00e9r\\u00eat particulier pour les aides financi\\u00e8res et dispositifs accessibles au grand public. Elle d\\u00e9crypte les mesures sociales, \\u00e9conomiques ou administratives, mais explore aussi d\\u2019autres th\\u00e9matiques li\\u00e9es \\u00e0 la vie quotidienne et aux droits des \\u00e9trangers, pour proposer une information claire, utile et toujours \\u00e0 jour. Elle rejoint Mes Allocs en 2025 apr\\u00e8s une premi\\u00e8re exp\\u00e9rience dans les t\\u00e9l\\u00e9communications.\",\"sameAs\":[\"https:\/\/www.linkedin.com\/in\/aidaghattas321\/\"]}]}<\/script>\n<!-- \/ Yoast SEO plugin. -->","amp_validity":null,"acf":{"faq":{"1":{"question":"Quel est le montant du reste \u00e0 charge CPF ?","answer":"Le montant du reste \u00e0 charge CPF est de 150\u20ac depuis le 2 avril 2026."},"2":{"question":"Comment puis-je \u00e9viter de payer les 150 \u20ac de reste \u00e0 charge sur mon CPF ?","answer":"Si votre employeur abonde votre CPF, autrement dit s'il vous verse une somme au-del\u00e0 de ses obligations l\u00e9gales, vous n'aurez pas \u00e0 payer les 150\u20ac de reste \u00e0 charge."},"3":{"question":"Pourquoi reste \u00e0 charge le CPF ?","answer":"Le reste \u00e0 charge CPF correspond \u00e0 la somme que le b\u00e9n\u00e9ficiaire doit payer pour compl\u00e9ter le financement de sa formation. Son objectif est de responsabiliser les utilisateurs, afin qu'ils choisissent des formations pertinentes et adapt\u00e9es \u00e0 leur projet professionnel"},"4":{"question":"Est-il obligatoire de payer 150\u20ac pour utiliser son CPF ?","answer":"Oui, le reste \u00e0 charge est obligatoire sauf si vous \u00eates exon\u00e9r\u00e9."},"5":{"question":"Comment payer le reste \u00e0 charge CPF ?","answer":"Vous avez la possibilit\u00e9 de payer en ligne par carte bancaire le solde de la formation. Le solde est \u00e0 r\u00e9gler apr\u00e8s validation de votre inscription en formation par l'organisme."},"6":{"question":"Pourquoi me demande-t-on de payer 150 \u20ac alors que mon compte CPF est plein ?","answer":"Il est possible que vos droits CPF soient inf\u00e9rieurs au montant de la formation. Dans ce cas vous devez payer la diff\u00e9rence. Il est aussi possible que ces 150\u20ac sont en r\u00e9alit\u00e9 le reste \u00e0 charge. Vous devez \u00e9galement le payer sauf si vous \u00eates exon\u00e9r\u00e9 ou r\u00e9ussissait \u00e0 le devenir, par exemple en demandant un cofinancement de votre employeur ou de votre OPCO. "},"7":{"question":"","answer":""},"8":{"question":"","answer":""},"9":{"question":"","answer":""},"10":{"question":"","answer":""},"11":{"question":"","answer":""},"12":{"question":"","answer":""},"13":{"question":"","answer":""},"14":{"question":"","answer":""},"15":{"question":"","answer":""},"16":{"question":"","answer":""}}},"_links":{"self":[{"href":"https:\/\/www.mes-allocs.fr\/guides\/wp-json\/wp\/v2\/posts\/93571","targetHints":{"allow":["GET"]}}],"collection":[{"href":"https:\/\/www.mes-allocs.fr\/guides\/wp-json\/wp\/v2\/posts"}],"about":[{"href":"https:\/\/www.mes-allocs.fr\/guides\/wp-json\/wp\/v2\/types\/post"}],"author":[{"embeddable":true,"href":"https:\/\/www.mes-allocs.fr\/guides\/wp-json\/wp\/v2\/users\/32"}],"replies":[{"embeddable":true,"href":"https:\/\/www.mes-allocs.fr\/guides\/wp-json\/wp\/v2\/comments?post=93571"}],"version-history":[{"count":14,"href":"https:\/\/www.mes-allocs.fr\/guides\/wp-json\/wp\/v2\/posts\/93571\/revisions"}],"predecessor-version":[{"id":111682,"href":"https:\/\/www.mes-allocs.fr\/guides\/wp-json\/wp\/v2\/posts\/93571\/revisions\/111682"}],"wp:featuredmedia":[{"embeddable":true,"href":"https:\/\/www.mes-allocs.fr\/guides\/wp-json\/wp\/v2\/media\/93662"}],"wp:attachment":[{"href":"https:\/\/www.mes-allocs.fr\/guides\/wp-json\/wp\/v2\/media?parent=93571"}],"wp:term":[{"taxonomy":"category","embeddable":true,"href":"https:\/\/www.mes-allocs.fr\/guides\/wp-json\/wp\/v2\/categories?post=93571"},{"taxonomy":"post_tag","embeddable":true,"href":"https:\/\/www.mes-allocs.fr\/guides\/wp-json\/wp\/v2\/tags?post=93571"}],"curies":[{"name":"wp","href":"https:\/\/api.w.org\/{rel}","templated":true}]}}