{"id":93480,"date":"2025-02-20T13:54:50","date_gmt":"2025-02-20T11:54:50","guid":{"rendered":"https:\/\/www.mes-allocs.fr\/guides\/?p=93480"},"modified":"2026-04-22T08:33:42","modified_gmt":"2026-04-22T07:33:42","slug":"13e-mois-lisse-sur-12-mois","status":"publish","type":"post","link":"https:\/\/www.mes-allocs.fr\/guides\/aides-sociales\/prime-13e-mois\/versement-13e-mois\/13e-mois-lisse-sur-12-mois\/","title":{"rendered":"13\u00e8me mois liss\u00e9 sur 12 mois : comment \u00e7a marche ?"},"content":{"rendered":"<p><img loading=\"lazy\" decoding=\"async\" class=\"alignnone wp-image-93481\" title=\"eme mois lisse mois\" src=\"https:\/\/www.mes-allocs.fr\/guides\/wp-content\/uploads\/2025\/02\/13eme-mois-lisse-12-mois-e1740052482459-300x54.jpg\" alt=\"eme mois lisse mois\" width=\"1406\" height=\"253\" srcset=\"https:\/\/www.mes-allocs.fr\/guides\/wp-content\/uploads\/2025\/02\/13eme-mois-lisse-12-mois-e1740052482459-300x54.jpg 300w, https:\/\/www.mes-allocs.fr\/guides\/wp-content\/uploads\/2025\/02\/13eme-mois-lisse-12-mois-e1740052482459-1024x184.jpg 1024w, https:\/\/www.mes-allocs.fr\/guides\/wp-content\/uploads\/2025\/02\/13eme-mois-lisse-12-mois-e1740052482459-768x138.jpg 768w, https:\/\/www.mes-allocs.fr\/guides\/wp-content\/uploads\/2025\/02\/13eme-mois-lisse-12-mois-e1740052482459-1536x276.jpg 1536w, https:\/\/www.mes-allocs.fr\/guides\/wp-content\/uploads\/2025\/02\/13eme-mois-lisse-12-mois-e1740052482459-600x108.jpg 600w, https:\/\/www.mes-allocs.fr\/guides\/wp-content\/uploads\/2025\/02\/13eme-mois-lisse-12-mois-e1740052482459.jpg 1800w\" sizes=\"auto, (max-width: 1406px) 100vw, 1406px\" \/><\/p>\n<p>[Mis \u00e0 jour le 09\/04\/2026] Le <a href=\"https:\/\/www.mes-allocs.fr\/guides\/aides-sociales\/prime-13e-mois\/versement-13e-mois\/\">versement du 13\u00e8me mois<\/a> est un compl\u00e9ment de salaire, qui peut \u00eatre vers\u00e9 en une seule fois ou r\u00e9parti sur l&rsquo;ann\u00e9e. Ce lissage permet de stabiliser la r\u00e9mun\u00e9ration mensuelle, mais il peut aussi avoir des implications sur certaines aides sociales. En effet, en augmentant le salaire per\u00e7u chaque mois, il peut influencer le calcul des prestations soumises \u00e0 des plafonds de ressources. Dans cet article, d\u00e9couvrez comment fonctionne le <b>13\u00e8me mois liss\u00e9 sur 12 mois<\/b>, ces modalit\u00e9s de versement et les conditions d&rsquo;\u00e9ligibilit\u00e9.<\/p>\n<p class=\"p1\"><div class='cta-block'><div class='text'>Simulez toutes vos Aides en 2 min.<\/div><a href='https:\/\/www.mes-allocs.fr\/ab-app?origin=guides\/wp-json\/wp\/v2\/posts\/93480' class='app-button fit'>Simulation gratuite<\/a><\/div><\/p>\n<h1>Comment est g\u00e9n\u00e9ralement vers\u00e9 le 13\u00e8me mois ?<\/h1>\n<p>En g\u00e9n\u00e9ral, le 13\u00e8me mois est vers\u00e9 selon les modalit\u00e9s suivantes :<\/p>\n<ul>\n<li aria-level=\"1\"><b>Le versement annuel<\/b> : il s\u2019agit de la m\u00e9thode la plus r\u00e9pandue. Le 13\u00e8me mois est vers\u00e9 en une seule fois au cours du mois de d\u00e9cembre. Certaines entreprises peuvent aussi verser la prime au cours du mois de novembre ou en janvier de l\u2019ann\u00e9e suivante.<\/li>\n<li aria-level=\"1\"><b>Le versement bi-annuel <\/b>: le versement de la prime s\u2019effectue en deux paiements s\u00e9par\u00e9s, souvent au cours du mois de juin puis au cours du mois de d\u00e9cembre.<\/li>\n<li aria-level=\"1\"><b>Le versement mensuel <\/b>: le versement du 13\u00e8me mois est r\u00e9parti tout au long de l\u2019ann\u00e9e et est vers\u00e9 chaque mois.<\/li>\n<\/ul>\n<p>Les modalit\u00e9s de versement sont g\u00e9n\u00e9ralement pr\u00e9vues par l&rsquo;accord d&rsquo;entreprise, la convention collective ou le contrat de travail qui instaure la prime du 13\u00e8me mois. l&#8217;employeur doit y faire figurer le montant vers\u00e9 au titre de la prime du 13\u00e8me mois sur votre fiche de paie.<\/p>\n<h1>Qu\u2019est-ce que le 13\u00e8me mois liss\u00e9 sur 12 mois ?<\/h1>\n<h2>Comment fonctionne le lissage du 13\u00e8me mois ?<\/h2>\n<p>Le lissage du 13\u00e8me mois fonctionne de la mani\u00e8re suivante :<\/p>\n<ul>\n<li aria-level=\"1\">Le montant annuel de la prime est int\u00e9gr\u00e9 directement dans la r\u00e9mun\u00e9ration mensuelle.<\/li>\n<li aria-level=\"1\">La somme totale du 13\u00e8me mois est divis\u00e9e par 12 et ajout\u00e9e au salaire mensuel.<\/li>\n<li aria-level=\"1\">Vous recevez chaque mois un compl\u00e9ment de salaire correspondant \u00e0 une partie de votre 13\u00e8me mois.<\/li>\n<\/ul>\n<p>Par exemple, si votre salaire brut annuel est de 24 000 \u20ac avec un 13\u00e8me mois inclus, le salari\u00e9 recevra chaque mois environ 1846,15 \u20ac brut (24000 \/ 13).<\/p>\n<h2>Qui peut b\u00e9n\u00e9ficier d\u2019un 13\u00e8me mois liss\u00e9 ?<\/h2>\n<p>Le 13\u00e8me mois liss\u00e9 peut b\u00e9n\u00e9ficier aux :<\/p>\n<ul>\n<li aria-level=\"1\">Salari\u00e9s dont l\u2019entreprise a mis en place ce syst\u00e8me de r\u00e9mun\u00e9ration.<\/li>\n<li aria-level=\"1\">Les employ\u00e9s qui sont couverts par une convention collective ou un accord d\u2019entreprise qui pr\u00e9voit cette modalit\u00e9 de versement.<\/li>\n<li aria-level=\"1\">Personnes dont le contrat de travail mentionne cette disposition.<\/li>\n<\/ul>\n<p>Bon \u00e0 savoir : vous pouvez aussi demander \u00e0 percevoir un <a href=\"https:\/\/www.mes-allocs.fr\/guides\/aides-sociales\/prime-13e-mois\/versement-13e-mois\/acompte-13e-mois\/\">acompte du 13e mois<\/a> !<\/p>\n<p><iframe loading=\"lazy\" title=\"Tout les pr\u00eats CAF\" width=\"500\" height=\"281\" src=\"https:\/\/www.youtube.com\/embed\/djWBjy-Kn84?feature=oembed\" frameborder=\"0\" allow=\"accelerometer; autoplay; clipboard-write; encrypted-media; gyroscope; picture-in-picture; web-share\" referrerpolicy=\"strict-origin-when-cross-origin\" allowfullscreen><\/iframe><\/p>\n<h1>Quelle est la m\u00e9thode de calcul du 13\u00e8me mois liss\u00e9 sur 12 mois ?<\/h1>\n<h2>Comment calculer le montant mensuel du 13\u00e8me mois liss\u00e9 ?<\/h2>\n<p>Pour calculer le montant mensuel du 13\u00e8me mois liss\u00e9, vous devez prendre votre salaire brut annuel (incluant le 13\u00e8me mois) puis vous devez le diviser par 13.<\/p>\n<p>Par exemple, si votre salaire brut annuel est de 24 000 \u20ac, avec un 13\u00e8me mois inclus, le calcul serait :<\/p>\n<p>24 000 \u20ac \/ 13 &#8211; environ 1846,15 \u20ac par mois.<\/p>\n<h2>Quel est l\u2019impact du 13\u00e8me mois liss\u00e9 sur le salaire mensuel ?<\/h2>\n<p>Le 13\u00e8me mois liss\u00e9 peut avoir plusieurs impacts sur le salaire mensuel :<\/p>\n<ul>\n<li aria-level=\"1\"><b>Une augmentation du salaire mensuel<\/b> : le montant du 13\u00e8me mois est r\u00e9parti sur les 12 mois de l\u2019ann\u00e9e, ce qui entra\u00eene une hausse du salaire mensuel.<\/li>\n<li aria-level=\"1\"><b>La stabilit\u00e9 de la r\u00e9mun\u00e9ration <\/b>: vous recevrez un compl\u00e9ment de salaire chaque mois, correspondant \u00e0 une partie de votre 13\u00e8me mois au lieu d\u2019une grosse somme en fin d\u2019ann\u00e9e.<\/li>\n<li aria-level=\"1\"><b>Le calcul du salaire mensuel <\/b>: le salaire annuel total est divis\u00e9 par 13 pour obtenir le montant mensuel.<\/li>\n<li aria-level=\"1\"><b>L\u2019impact sur les cotisations<\/b> : le lissage du 13\u00e8me mois peut avoir un impact dans le calcul des cotisations sociales et de l\u2019imp\u00f4t sur le revenu.<\/li>\n<li aria-level=\"1\"><b>La gestion budg\u00e9taire <\/b>: le lissage du 13\u00e8me mois facilite la gestion de votre budget.<\/li>\n<\/ul>\n<p>Attention, le 13e mois liss\u00e9 sur 12 mois est diff\u00e9rent du <a href=\"https:\/\/www.mes-allocs.fr\/guides\/aides-sociales\/prime-13e-mois\/versement-13e-mois\/salaire-sur-13-mois\/\">salaire sur 13 mois<\/a> !<\/p>\n<p class=\"p1\"><div class='cta-block'><div class='text'>Simulez toutes vos Aides en 2 min.<\/div><a href='https:\/\/www.mes-allocs.fr\/ab-app?origin=guides\/wp-json\/wp\/v2\/posts\/93480' class='app-button fit'>Simulation gratuite<\/a><\/div><\/p>\n<h1>Quelles sont les implications fiscales et sociales du 13\u00e8me mois liss\u00e9 sur 12 mois ?<\/h1>\n<h2>Quelles sont les cons\u00e9quences fiscales du lissage du 13\u00e8me ?<\/h2>\n<p>Le lissage du 13\u00e8me mois n&rsquo;a pas d&rsquo;impact sur le montant total des imp\u00f4ts que vous devez, mais il est r\u00e9parti de fa\u00e7on plus \u00e9quilibr\u00e9e sur l&rsquo;ann\u00e9e. Le lissage du 13\u00e8me mois permet d&rsquo;\u00e9viter un pic d&rsquo;imposition en fin d&rsquo;ann\u00e9e, de stabiliser les pr\u00e9l\u00e8vements fiscaux mensuels et peut r\u00e9duire le risque de franchir temporairement une tranche sup\u00e9rieure d&rsquo;imposition.<\/p>\n<h2>Quelles sont les cons\u00e9quences sociales du lissage du 13\u00e8me ?<\/h2>\n<p>Le lissage du 13\u00e8me mois peut avoir un impact sur vos droits sociaux. En r\u00e9partissant la prime sur l&rsquo;ann\u00e9e, les droits li\u00e9s \u00e0 la retraite ou aux indemnit\u00e9s ch\u00f4mage sont calcul\u00e9s de fa\u00e7on plus r\u00e9guli\u00e8re, sans variation brusque en fin d&rsquo;ann\u00e9e. Cependant, cet \u00e9talement peut aussi att\u00e9nuer le caract\u00e8re exceptionnel de la prime en r\u00e9duisant son effet de motivation sur les salari\u00e9s.<\/p>\n<h1>Conclusion<\/h1>\n<p>En conclusion, le lissage du 13\u00e8me mois permet d&rsquo;int\u00e9grer cette prime directement dans le salaire mensuel, ce qui vous offre une r\u00e9mun\u00e9ration plus stable tout au long de l&rsquo;ann\u00e9e. M\u00eame si cette m\u00e9thode n&rsquo;apporte pas d&rsquo;avantage fiscal particulier, elle facilite la gestion budg\u00e9taire et \u00e9vite un pic d&rsquo;imposition en fin d&rsquo;ann\u00e9e. Cependant, elle peut aussi att\u00e9nuer l&rsquo;effet motivant d&rsquo;un versement unique. Le choix du mode de versement d\u00e9pend des pr\u00e9f\u00e9rences des salari\u00e9s et des dispositions pr\u00e9vues par les entreprises.<\/p>\n<p class=\"p1\"><div class='cta-block'><div class='text'>Simulez toutes vos Aides en 2 min.<\/div><a href='https:\/\/www.mes-allocs.fr\/ab-app?origin=guides\/wp-json\/wp\/v2\/posts\/93480' class='app-button fit'>Simulation gratuite<\/a><\/div><\/p>\n","protected":false},"excerpt":{"rendered":"<p>[Mis \u00e0 jour le 09\/04\/2026] Le versement du 13\u00e8me mois est un compl\u00e9ment de salaire, qui peut \u00eatre vers\u00e9 en une seule fois ou r\u00e9parti sur l&rsquo;ann\u00e9e. Ce lissage permet de stabiliser la r\u00e9mun\u00e9ration mensuelle, mais il peut aussi avoir des implications sur certaines aides sociales. En effet, en augmentant le salaire per\u00e7u chaque mois, [&hellip;]<\/p>\n","protected":false},"author":31,"featured_media":93482,"comment_status":"open","ping_status":"open","sticky":false,"template":"","format":"standard","meta":{"amp_status":"","footnotes":""},"categories":[1411,43999,44389],"tags":[],"class_list":["post-93480","post","type-post","status-publish","format-standard","has-post-thumbnail","hentry","category-aides-sociales","category-prime-13e-mois","category-versement-13e-mois"],"yoast_head":"<!-- This site is optimized with the Yoast SEO plugin v14.9 - https:\/\/yoast.com\/wordpress\/plugins\/seo\/ -->\n<title>13\u00e8me mois liss\u00e9 sur 12 mois : comment \u00e7a marche ? | Mes-Allocs.fr<\/title>\n<meta name=\"description\" content=\"13\u1d49 mois liss\u00e9 sur 12 mois : comment \u00e7a fonctionne ? D\u00e9couvrez les modalit\u00e9s de versement, les avantages et les impacts.\" \/>\n<meta name=\"robots\" content=\"index, follow, max-snippet:-1, max-image-preview:large, max-video-preview:-1\" \/>\n<link rel=\"canonical\" href=\"https:\/\/www.mes-allocs.fr\/guides\/aides-sociales\/prime-13e-mois\/versement-13e-mois\/13e-mois-lisse-sur-12-mois\/\" \/>\n<meta property=\"og:locale\" content=\"fr_FR\" \/>\n<meta property=\"og:type\" content=\"article\" \/>\n<meta property=\"og:title\" content=\"13\u00e8me mois liss\u00e9 sur 12 mois : comment \u00e7a marche ? | Mes-Allocs.fr\" \/>\n<meta property=\"og:description\" content=\"13\u1d49 mois liss\u00e9 sur 12 mois : comment \u00e7a fonctionne ? D\u00e9couvrez les modalit\u00e9s de versement, les avantages et les impacts.\" \/>\n<meta property=\"og:url\" content=\"https:\/\/www.mes-allocs.fr\/guides\/aides-sociales\/prime-13e-mois\/versement-13e-mois\/13e-mois-lisse-sur-12-mois\/\" \/>\n<meta property=\"og:site_name\" content=\"Mes-Allocs.fr\" \/>\n<meta property=\"article:published_time\" content=\"2025-02-20T11:54:50+00:00\" \/>\n<meta property=\"article:modified_time\" content=\"2026-04-22T07:33:42+00:00\" \/>\n<meta property=\"og:image\" content=\"https:\/\/www.mes-allocs.fr\/guides\/wp-content\/uploads\/2025\/02\/13eme-mois-lisse.jpg?wsr\" \/>\n\t<meta property=\"og:image:width\" content=\"2000\" \/>\n\t<meta property=\"og:image:height\" content=\"1125\" \/>\n<meta name=\"twitter:card\" content=\"summary_large_image\" \/>\n<script type=\"application\/ld+json\" class=\"yoast-schema-graph\">{\"@context\":\"https:\/\/schema.org\",\"@graph\":[{\"@type\":\"WebSite\",\"@id\":\"https:\/\/www.mes-allocs.fr\/guides\/#website\",\"url\":\"https:\/\/www.mes-allocs.fr\/guides\/\",\"name\":\"Mes-Allocs.fr\",\"description\":\"\",\"potentialAction\":[{\"@type\":\"SearchAction\",\"target\":\"https:\/\/www.mes-allocs.fr\/guides\/?s={search_term_string}\",\"query-input\":\"required name=search_term_string\"}],\"inLanguage\":\"fr-FR\"},{\"@type\":\"ImageObject\",\"@id\":\"https:\/\/www.mes-allocs.fr\/guides\/aides-sociales\/prime-13e-mois\/versement-13e-mois\/13e-mois-lisse-sur-12-mois\/#primaryimage\",\"inLanguage\":\"fr-FR\",\"url\":\"https:\/\/www.mes-allocs.fr\/guides\/wp-content\/uploads\/2025\/02\/13eme-mois-lisse.jpg?wsr\",\"width\":2000,\"height\":1125,\"caption\":\"eme mois lisse\"},{\"@type\":\"WebPage\",\"@id\":\"https:\/\/www.mes-allocs.fr\/guides\/aides-sociales\/prime-13e-mois\/versement-13e-mois\/13e-mois-lisse-sur-12-mois\/#webpage\",\"url\":\"https:\/\/www.mes-allocs.fr\/guides\/aides-sociales\/prime-13e-mois\/versement-13e-mois\/13e-mois-lisse-sur-12-mois\/\",\"name\":\"13\\u00e8me mois liss\\u00e9 sur 12 mois : comment \\u00e7a marche ? | Mes-Allocs.fr\",\"isPartOf\":{\"@id\":\"https:\/\/www.mes-allocs.fr\/guides\/#website\"},\"primaryImageOfPage\":{\"@id\":\"https:\/\/www.mes-allocs.fr\/guides\/aides-sociales\/prime-13e-mois\/versement-13e-mois\/13e-mois-lisse-sur-12-mois\/#primaryimage\"},\"datePublished\":\"2025-02-20T11:54:50+00:00\",\"dateModified\":\"2026-04-22T07:33:42+00:00\",\"author\":{\"@id\":\"https:\/\/www.mes-allocs.fr\/guides\/#\/schema\/person\/4f115680446d9e6de360142157ca671d\"},\"description\":\"13\\u1d49 mois liss\\u00e9 sur 12 mois : comment \\u00e7a fonctionne ? D\\u00e9couvrez les modalit\\u00e9s de versement, les avantages et les impacts.\",\"inLanguage\":\"fr-FR\"},{\"@type\":\"Person\",\"@id\":\"https:\/\/www.mes-allocs.fr\/guides\/#\/schema\/person\/4f115680446d9e6de360142157ca671d\",\"name\":\"Miangaly Ramasindray\",\"image\":{\"@type\":\"ImageObject\",\"@id\":\"https:\/\/www.mes-allocs.fr\/guides\/#personlogo\",\"inLanguage\":\"fr-FR\",\"url\":\"https:\/\/www.mes-allocs.fr\/guides\/wp-content\/uploads\/2024\/10\/Miangaly_Ramasindray-150x150.jpeg\",\"caption\":\"Miangaly Ramasindray\"},\"description\":\"Miangaly est r\\u00e9dactrice web sp\\u00e9cialis\\u00e9e sur les sujets de pouvoir d'achat. Elle rejoint Mes Allocs en 2024 apr\\u00e8s une premi\\u00e8re exp\\u00e9rience en marketing chez DMI.\",\"sameAs\":[\"https:\/\/www.linkedin.com\/in\/miangaly-ramasindray\/\"]}]}<\/script>\n<!-- \/ Yoast SEO plugin. -->","amp_validity":null,"acf":{"faq":{"1":{"question":" Le 13\u00e8me mois liss\u00e9 est-il obligatoire pour toutes les entreprises ?","answer":"Non, le 13\u00e8me mois, qu'il soit vers\u00e9 en une fois ou liss\u00e9 sur 12 mois, n'est pas une obligation l\u00e9gale pour toutes les entreprises. Il est g\u00e9n\u00e9ralement pr\u00e9vu par un accord d'entreprise, une convention collective ou le contrat de travail. Si aucun de ces documents ne mentionne le 13\u00e8me mois, l'employeur n'est pas tenu de le verser."},"2":{"question":"Puis-je choisir entre le versement annuel et le lissage sur 12 mois ?","answer":"En g\u00e9n\u00e9ral, le mode de versement du 13\u00e8me mois est d\u00e9termin\u00e9 par l'accord d'entreprise, la convention collective ou le contrat de travail. Si ces documents pr\u00e9voient le lissage sur 12 mois, vous ne pouvez pas exiger un versement annuel, et inversement. "},"3":{"question":"Comment savoir si mon entreprise pratique le lissage du 13\u00e8me mois ?","answer":"Le plus simple est de vous renseigner aupr\u00e8s de votre service des ressources humaines ou de consulter le r\u00e8glement int\u00e9rieur de l'entreprise. "},"4":{"question":"Le 13\u00e8me mois liss\u00e9 est-il pris en compte pour le calcul des heures suppl\u00e9mentaires ?","answer":"Le 13\u00e8me mois liss\u00e9 fait partie du salaire brut annuel, mais il n\u2019est pas automatiquement pris en compte pour recalculer le taux horaire servant au paiement des heures suppl\u00e9mentaires. Sa prise en compte d\u00e9pend des accords collectifs, usages ou clauses sp\u00e9cifiques du contrat de travail."},"5":{"question":"Comment le 13\u00e8me mois liss\u00e9 est-il mentionn\u00e9 sur ma fiche de paie ?","answer":"Sur votre fiche de paie, le montant vers\u00e9 au titre du 13\u00e8me mois liss\u00e9 peut \u00eatre int\u00e9gr\u00e9 \u00e0 votre salaire de base ou appara\u00eetre sur une ligne distincte, avec la mention \"13\u00e8me mois liss\u00e9\" ou une autre appellation similaire."},"6":{"question":"Le 13\u00e8me mois liss\u00e9 a-t-il un impact sur le calcul de mes indemnit\u00e9s de d\u00e9part ?","answer":"Oui, le 13\u00e8me mois liss\u00e9 est pris en compte pour le calcul de vos indemnit\u00e9s de d\u00e9part, car il fait partie de votre salaire brut. Le montant de vos indemnit\u00e9s sera calcul\u00e9 en tenant compte du 13\u00e8me mois liss\u00e9, ce qui peut augmenter l\u00e9g\u00e8rement leur montant."},"7":{"question":"","answer":""},"8":{"question":"","answer":""},"9":{"question":"","answer":""},"10":{"question":"","answer":""},"11":{"question":"","answer":""},"12":{"question":"","answer":""},"13":{"question":"","answer":""},"14":{"question":"","answer":""},"15":{"question":"","answer":""},"16":{"question":"","answer":""}}},"_links":{"self":[{"href":"https:\/\/www.mes-allocs.fr\/guides\/wp-json\/wp\/v2\/posts\/93480","targetHints":{"allow":["GET"]}}],"collection":[{"href":"https:\/\/www.mes-allocs.fr\/guides\/wp-json\/wp\/v2\/posts"}],"about":[{"href":"https:\/\/www.mes-allocs.fr\/guides\/wp-json\/wp\/v2\/types\/post"}],"author":[{"embeddable":true,"href":"https:\/\/www.mes-allocs.fr\/guides\/wp-json\/wp\/v2\/users\/31"}],"replies":[{"embeddable":true,"href":"https:\/\/www.mes-allocs.fr\/guides\/wp-json\/wp\/v2\/comments?post=93480"}],"version-history":[{"count":8,"href":"https:\/\/www.mes-allocs.fr\/guides\/wp-json\/wp\/v2\/posts\/93480\/revisions"}],"predecessor-version":[{"id":111850,"href":"https:\/\/www.mes-allocs.fr\/guides\/wp-json\/wp\/v2\/posts\/93480\/revisions\/111850"}],"wp:featuredmedia":[{"embeddable":true,"href":"https:\/\/www.mes-allocs.fr\/guides\/wp-json\/wp\/v2\/media\/93482"}],"wp:attachment":[{"href":"https:\/\/www.mes-allocs.fr\/guides\/wp-json\/wp\/v2\/media?parent=93480"}],"wp:term":[{"taxonomy":"category","embeddable":true,"href":"https:\/\/www.mes-allocs.fr\/guides\/wp-json\/wp\/v2\/categories?post=93480"},{"taxonomy":"post_tag","embeddable":true,"href":"https:\/\/www.mes-allocs.fr\/guides\/wp-json\/wp\/v2\/tags?post=93480"}],"curies":[{"name":"wp","href":"https:\/\/api.w.org\/{rel}","templated":true}]}}