{"id":93468,"date":"2025-02-20T12:06:16","date_gmt":"2025-02-20T10:06:16","guid":{"rendered":"https:\/\/www.mes-allocs.fr\/guides\/?p=93468"},"modified":"2026-04-22T08:33:42","modified_gmt":"2026-04-22T07:33:42","slug":"versement-13e-mois","status":"publish","type":"post","link":"https:\/\/www.mes-allocs.fr\/guides\/aides-sociales\/prime-13e-mois\/versement-13e-mois\/","title":{"rendered":"Versement du 13\u00e8me mois : comment \u00e7a marche ?"},"content":{"rendered":"<p><img loading=\"lazy\" decoding=\"async\" class=\"alignnone wp-image-93469\" title=\"eme mois versement\" src=\"https:\/\/www.mes-allocs.fr\/guides\/wp-content\/uploads\/2025\/02\/13eme-mois-versement-e1740045433732-300x41.jpg\" alt=\"eme mois versement\" width=\"1448\" height=\"198\" srcset=\"https:\/\/www.mes-allocs.fr\/guides\/wp-content\/uploads\/2025\/02\/13eme-mois-versement-e1740045433732-300x41.jpg 300w, https:\/\/www.mes-allocs.fr\/guides\/wp-content\/uploads\/2025\/02\/13eme-mois-versement-e1740045433732-768x104.jpg 768w, https:\/\/www.mes-allocs.fr\/guides\/wp-content\/uploads\/2025\/02\/13eme-mois-versement-e1740045433732-600x81.jpg 600w\" sizes=\"auto, (max-width: 1448px) 100vw, 1448px\" \/><\/p>\n<p>[Mis \u00e0 jour le 09\/04\/2026] Le <a href=\"https:\/\/www.mes-allocs.fr\/guides\/aides-sociales\/prime-13e-mois\/\">13\u00e8me mois<\/a> est une prime per\u00e7ue par de nombreux salari\u00e9s. A mi-chemin entre une gratification professionnelle et une aide sociale indirecte, ce versement suppl\u00e9mentaire permet de mieux faire face aux d\u00e9penses et d&rsquo; am\u00e9liorer votre pouvoir d&rsquo;achat. Mais comment fonctionne t-il exactement ? Est-il obligatoire pour l&#8217;employeur ? Dans cet article, Mes Allocs fat le point sur le <strong>versement du 13\u00e8me mois<\/strong> : dates et modalit\u00e9s de versement, calcul, obligation l\u00e9gale de l&#8217;employeur, et cas du versement annul\u00e9 ou modifi\u00e9.<\/p>\n<p class=\"p1\"><div class='cta-block'><div class='text'>Simulez toutes vos Aides en 2 min.<\/div><a href='https:\/\/www.mes-allocs.fr\/ab-app?origin=guides\/wp-json\/wp\/v2\/posts\/93468' class='app-button fit'>Simulation gratuite<\/a><\/div><\/p>\n<h1>Quelles sont les modalit\u00e9s de versement du 13\u00e8me mois ?<\/h1>\n<p>Le 13\u00e8me mois correspond \u00e0 une<b> somme d&rsquo;argent suppl\u00e9mentaire<\/b> vers\u00e9 en plus du salaire annuel de base. Le montant de cette prime est g\u00e9n\u00e9ralement \u00e9quivalent \u00e0 un mois de salaire, ce qui vous permet de percevoir 13 mois de r\u00e9mun\u00e9ration au lieu de 12 sur l&rsquo;ann\u00e9e.<\/p>\n<h2>Quand est vers\u00e9 le 13eme mois ?<\/h2>\n<h3>Le versement annuel du 13\u00e8me mois<\/h3>\n<p>C&rsquo;est la m\u00e9thode la plus courante pour le versement du 13\u00e8me mois. Dans ce cas, vous recevez une somme \u00e9quivalente \u00e0<b> un mois de salaire brut en une seule fois,<\/b> g\u00e9n\u00e9ralement avec la paie du mois de <strong>d\u00e9cembre<\/strong>. Ce versement annuel est souvent per\u00e7u comme un bonus de fin d&rsquo;ann\u00e9e, ce qui vous permet de faire face aux d\u00e9penses suppl\u00e9mentaires li\u00e9s au fait de fin d&rsquo;ann\u00e9e. Dans certaines entreprises, ce versement peut aussi \u00eatre effectu\u00e9 en janvier ou f\u00e9vrier de l&rsquo;ann\u00e9e suivante, selon les pratiques comptables ou les d\u00e9cisions de votre employeur.<\/p>\n<h3>Le versement bi-annuel du 13\u00e8me mois<\/h3>\n<p>Le versement bi-annuel du 13\u00e8me mois est une option choisie par certaines entreprises pour r\u00e9partir le paiement de la prime sur <b>deux p\u00e9riodes de l&rsquo;ann\u00e9e<\/b>. Par exemple, la premi\u00e8re moiti\u00e9 peut \u00eatre vers\u00e9e en juin, tandis que la seconde moiti\u00e9 est vers\u00e9e en d\u00e9cembre.<\/p>\n<h3>Le versement trimestriel du 13\u00e8me mois<\/h3>\n<p>Le versement trimestriel du 13\u00e8me mois est une option moins courante mais quand m\u00eame utilis\u00e9e par certaines entreprises pour <b>r\u00e9partir le paiement de cette prime sur l&rsquo;ann\u00e9<\/b>e. Le montant total est divis\u00e9 en <b>quatre parts \u00e9gales<\/b>, chacune est invers\u00e9e \u00e0 la fin de chaque trimestre.<\/p>\n<h3>Le versement mensuel du 13\u00e8me mois<\/h3>\n<p>Le versement mensuel du 13\u00e8me mois permet aux entreprises de r\u00e9partir le paiement de cette prime<b> tout au long de l&rsquo;ann\u00e9e<\/b>. Dans ce cas, le montant total du 13\u00e8me mois est divis\u00e9 en 12 parts \u00e9gales, chacune est vers\u00e9e mensuellement avec le salaire habituel. La prime est donc vers\u00e9e chaque mois \u00e0 hauteur de 1\/12\u00e8me du montant total. C&rsquo;est ce qu&rsquo;on appelle un <a href=\"https:\/\/www.mes-allocs.fr\/guides\/aides-sociales\/prime-13e-mois\/versement-13eme-mois%e2%80%8b\/13eme-mois-lisse-12-mois%e2%80%8b\/\">13e mois liss\u00e9 sur 12 mois<\/a>.<\/p>\n<h2>Comment est calcul\u00e9 le montant du 13\u00e8me mois vers\u00e9 ?<\/h2>\n<p>Le calcul du montant du 13\u00e8me mois vers\u00e9 d\u00e9pend g\u00e9n\u00e9ralement des r\u00e8gles pr\u00e9vues par l\u2019entreprise. Parmi les m\u00e9thode de calcul, on retrouve :<\/p>\n<ul>\n<li aria-level=\"1\"><b>Le salaire mensuel brut de base<\/b> : g\u00e9n\u00e9ralement 13\u00e8me mois est \u00e9gal \u00e0 un mois de salaire brut. Par exemple, si vous percevez un salaire mensuel brut de 2500 \u20ac, votre prime du 13\u00e8me mois sera de 2500 \u20ac.<\/li>\n<li aria-level=\"1\"><b>La moyenne des salaires de l\u2019ann\u00e9e<\/b> : dans certains cas, le 13\u00e8me mois est calcul\u00e9 sur la base de la moyenne des salaires per\u00e7us sur l\u2019ann\u00e9e, incluant tous les \u00e9l\u00e9ments de r\u00e9mun\u00e9ration.<\/li>\n<li aria-level=\"1\"><b>La proratisation<\/b> : le montant de la prime peut \u00eatre proratis\u00e9 en fonction de votre temps de pr\u00e9sence dans l\u2019entreprise au cours de l\u2019ann\u00e9e. Par exemple, si vous avez \u00e9t\u00e9 embauch\u00e9 en juin, votre prime sera calcul\u00e9e sur 7 mois de pr\u00e9sence.<\/li>\n<li aria-level=\"1\"><b>La prise en compte des absences <\/b>: certaines absences peuvent \u00eatre d\u00e9compt\u00e9es du calcul, ce qui impacte le montant final.<\/li>\n<li aria-level=\"1\"><b>Le temps partiel<\/b> : si vous \u00eates \u00e0 temps partiel, le montant est g\u00e9n\u00e9ralement calcul\u00e9 au prorata de votre temps de travail.<\/li>\n<\/ul>\n<h2>Versement du 13\u00e8me mois : sur quel bulletin de salaire appara\u00eet-il ?<\/h2>\n<p>Le versement du 13\u00e8me mois appara\u00eet g\u00e9n\u00e9ralement sur le bulletin de salaire du mois de d\u00e9cembre, ce qui est le moment habituel de son versement. Cependant, les modalit\u00e9s peuvent varier selon les entreprises et les accords qui sont en place. Dans certains cas, le 13\u00e8me mois peut figurer sur le bulletin de salaire de janvier ou f\u00e9vrier de l&rsquo;ann\u00e9e suivante. Si le versement est fractionn\u00e9, il appara\u00eetra sur plusieurs bulletins de salaire au cours de l&rsquo;ann\u00e9e. Pour un versement mensualis\u00e9, le 13\u00e8me mois sera visible sur chaque fiche de paix de l&rsquo;ann\u00e9e, \u00e0 hauteur de 1\/12\u00e8me du montant total. Dans tous les cas, le 13\u00e8me mois vers\u00e9 doit \u00eatre clairement mentionn\u00e9 dans la partie haute du bulletin de paie, <b>d\u00e9di\u00e9e \u00e0 la r\u00e9mun\u00e9ration brute<\/b>, juste avant la section consacr\u00e9e aux taxes et aux cotisations sociales.<\/p>\n<p class=\"p1\"><div class='cta-block'><div class='text'>Simulez toutes vos Aides en 2 min.<\/div><a href='https:\/\/www.mes-allocs.fr\/ab-app?origin=guides\/wp-json\/wp\/v2\/posts\/93468' class='app-button fit'>Simulation gratuite<\/a><\/div><\/p>\n<p><iframe loading=\"lazy\" title=\"Tout les pr\u00eats CAF\" width=\"500\" height=\"281\" src=\"https:\/\/www.youtube.com\/embed\/djWBjy-Kn84?feature=oembed\" frameborder=\"0\" allow=\"accelerometer; autoplay; clipboard-write; encrypted-media; gyroscope; picture-in-picture; web-share\" referrerpolicy=\"strict-origin-when-cross-origin\" allowfullscreen><\/iframe><\/p>\n<h1>Quelles sont les obligations l\u00e9gales li\u00e9es au versement du 13\u00e8me mois ?<\/h1>\n<p>Lorsque le 13\u00e8me mois est instaur\u00e9 dans l&rsquo;entreprise, l&#8217;employeur de respecter certaines obligations l\u00e9gales li\u00e9es au versement :<\/p>\n<ul>\n<li aria-level=\"1\">Le 13\u00e8me mois doit \u00eatre vers\u00e9 \u00e0 tous les salari\u00e9s concern\u00e9s, sans discrimination.<\/li>\n<li aria-level=\"1\">Le calcul du montant doit \u00eatre fait correctement, g\u00e9n\u00e9ralement sur la base du salaire de base mensuel.<\/li>\n<li aria-level=\"1\">Il doit respecter les modalit\u00e9s de versement pr\u00e9vues.<\/li>\n<li aria-level=\"1\">Il doit soumettre le 13\u00e8me mois aux cotisations sociales et \u00e0 l\u2019imp\u00f4t sur le revenu; comme un salaire normal.<\/li>\n<\/ul>\n<h2>Le versement du 13\u00e8me mois est-il obligatoire pour l\u2019employeur ?<\/h2>\n<p>Le versement du 13\u00e8me mois <b>n&rsquo;est pas obligatoire<\/b> pour l&#8217;employeur. Le code du travail ne mentionne pas le 13\u00e8me mois et n&rsquo;impose pas son versement. Cependant, votre employeur peut \u00eatre tenu de verser le 13e mois si :<\/p>\n<ul>\n<li aria-level=\"1\">La convention collective de l\u2019entreprise la pr\u00e9voit.<\/li>\n<li aria-level=\"1\">Un accord d\u2019entreprise ou un accord professionnel l\u2019impose.<\/li>\n<li aria-level=\"1\">Votre contrat de travail le mentionne explicitement.<\/li>\n<li aria-level=\"1\">Un usage d\u2019entreprise s\u2019est \u00e9tabli au fil du temps, ce qui cr\u00e9e une pratique g\u00e9n\u00e9rale constante et fixe.<\/li>\n<li aria-level=\"1\">Votre employeur a pris une d\u00e9cision unilat\u00e9rale d\u2019instaurer le 13\u00e8me mois.<\/li>\n<\/ul>\n<p>Attention, le 13e mois est diff\u00e9rent du <a href=\"https:\/\/www.mes-allocs.fr\/guides\/aides-sociales\/prime-13e-mois\/versement-13e-mois\/salaire-sur-13-mois\/\">salaire sur 13 mois<\/a> !<\/p>\n<h2>Qui peut b\u00e9n\u00e9ficier du 13\u00e8me mois ?<\/h2>\n<p>Les b\u00e9n\u00e9ficiaires du 13\u00e8me mois peuvent varier selon les entreprises :<\/p>\n<ul>\n<li aria-level=\"1\"><b>Tous les salari\u00e9s<\/b> de l\u2019entreprise peuvent en b\u00e9n\u00e9ficier si cela est pr\u00e9vu.<\/li>\n<li aria-level=\"1\">Il peut \u00eatre r\u00e9serv\u00e9 \u00e0<b> certaines cat\u00e9gories<\/b> de personnel.<\/li>\n<li aria-level=\"1\">Des conditions d\u2019attribution peuvent \u00eatre fix\u00e9es par l\u2019entreprise, telles qu\u2019une anciennet\u00e9 minimale dans l\u2019entreprise, une pr\u00e9sence effective \u00e0 une date donn\u00e9e ou le type de contrat de travail.<\/li>\n<\/ul>\n<h1>Que faire en cas d\u2019erreur dans le calcul ou le versement du 13\u00e8me mois ?<\/h1>\n<p>En cas d&rsquo;erreur dans le calcul ou le versement du 13\u00e8me mois, vous pouvez <b>v\u00e9rifier les modalit\u00e9s de calcul<\/b> et de versement pr\u00e9vu dans la convention collective, l&rsquo;accord d&rsquo;entreprise ou le contrat de travail. Si une erreur est constat\u00e9e, vous devez en <b>informer votre employeur<\/b> par \u00e9crit, de pr\u00e9f\u00e9rence par lettre recommand\u00e9e avec accus\u00e9 de r\u00e9ception, en d\u00e9taillant l&rsquo;erreur et en demandant sa rectification. Il est important de <b>conserver tous les documents<\/b>, comme des fiches de paie et le contrat de travail, pour preuve. Si votre employeur ne corrige pas l&rsquo;erreur, vous pouvez saisir les d\u00e9l\u00e9gu\u00e9s du personnel ou, en dernier recours, le conseil de prud&rsquo;hommes. vous disposez d&rsquo;un d\u00e9lai de 3 ans pour r\u00e9clamer un rappel de salaire, y compris pour le 13\u00e8me mois<\/p>\n<h1>Le versement du 13\u00e8me mois peut-il \u00eatre annul\u00e9 ou modifi\u00e9 ?<\/h1>\n<p>Le versement du 13\u00e8me mois peut \u00eatre annul\u00e9 ou modifi\u00e9, mais les conditions d\u00e9pendent de la mani\u00e8re dont il a \u00e9t\u00e9 instaur\u00e9. Si le 13\u00e8me mois est pr\u00e9vu dans le contrat de travail, votre employeur ne veut pas le supprimer unilat\u00e9ralement sans votre accord. S\u2019il est issu d&rsquo;un accord collectif, l&#8217;employeur doit d&rsquo;abord d\u00e9noncer cet accord. Dans le cas d&rsquo;un usage d&rsquo;entreprise, l&#8217;employeur peut le supprimer en respectant un d\u00e9lai de pr\u00e9venance et en informant individuellement les salari\u00e9s et les repr\u00e9sentants du personnel. Cependant, toute modification ou suppression doit \u00eatre justifi\u00e9e par des raisons \u00e9conomiques ou organisationnelles elles ne peuvent pas \u00eatre discriminatoire.<\/p>\n<p>Bon \u00e0 savoir : vous pouvez aussi demander un <a href=\"https:\/\/www.mes-allocs.fr\/guides\/aides-sociales\/prime-13e-mois\/versement-13eme-mois%e2%80%8b\/acompte-13eme-mois%e2%80%8b\/\">acompte sur le 13e mois<\/a> !<\/p>\n<p class=\"p1\"><div class='cta-block'><div class='text'>Simulez toutes vos Aides en 2 min.<\/div><a href='https:\/\/www.mes-allocs.fr\/ab-app?origin=guides\/wp-json\/wp\/v2\/posts\/93468' class='app-button fit'>Simulation gratuite<\/a><\/div><\/p>\n","protected":false},"excerpt":{"rendered":"<p>[Mis \u00e0 jour le 09\/04\/2026] Le 13\u00e8me mois est une prime per\u00e7ue par de nombreux salari\u00e9s. A mi-chemin entre une gratification professionnelle et une aide sociale indirecte, ce versement suppl\u00e9mentaire permet de mieux faire face aux d\u00e9penses et d&rsquo; am\u00e9liorer votre pouvoir d&rsquo;achat. Mais comment fonctionne t-il exactement ? Est-il obligatoire pour l&#8217;employeur ? Dans [&hellip;]<\/p>\n","protected":false},"author":31,"featured_media":93470,"comment_status":"open","ping_status":"open","sticky":false,"template":"","format":"standard","meta":{"amp_status":"","footnotes":""},"categories":[1411,43999],"tags":[],"class_list":["post-93468","post","type-post","status-publish","format-standard","has-post-thumbnail","hentry","category-aides-sociales","category-prime-13e-mois"],"yoast_head":"<!-- This site is optimized with the Yoast SEO plugin v14.9 - https:\/\/yoast.com\/wordpress\/plugins\/seo\/ -->\n<title>Versement du 13\u00e8me mois : quand est accord\u00e9e la prime ? | Mes-Allocs.fr<\/title>\n<meta name=\"description\" content=\"Le 13\u00e8me mois est une prime vers\u00e9e par l&#039;employeur. Mais comment est effectu\u00e9 le versement ? \u00c0 quelle date ? Sur quel bulletin de salaire ?\" \/>\n<meta name=\"robots\" content=\"index, follow, max-snippet:-1, max-image-preview:large, max-video-preview:-1\" \/>\n<link rel=\"canonical\" href=\"https:\/\/www.mes-allocs.fr\/guides\/aides-sociales\/prime-13e-mois\/versement-13e-mois\/\" \/>\n<meta property=\"og:locale\" content=\"fr_FR\" \/>\n<meta property=\"og:type\" content=\"article\" \/>\n<meta property=\"og:title\" content=\"Versement du 13\u00e8me mois : quand est accord\u00e9e la prime ? | Mes-Allocs.fr\" \/>\n<meta property=\"og:description\" content=\"Le 13\u00e8me mois est une prime vers\u00e9e par l&#039;employeur. Mais comment est effectu\u00e9 le versement ? \u00c0 quelle date ? Sur quel bulletin de salaire ?\" \/>\n<meta property=\"og:url\" content=\"https:\/\/www.mes-allocs.fr\/guides\/aides-sociales\/prime-13e-mois\/versement-13e-mois\/\" \/>\n<meta property=\"og:site_name\" content=\"Mes-Allocs.fr\" \/>\n<meta property=\"article:published_time\" content=\"2025-02-20T10:06:16+00:00\" \/>\n<meta property=\"article:modified_time\" content=\"2026-04-22T07:33:42+00:00\" \/>\n<meta property=\"og:image\" content=\"https:\/\/www.mes-allocs.fr\/guides\/wp-content\/uploads\/2025\/02\/versement-13eme-mois.jpg?wsr\" \/>\n\t<meta property=\"og:image:width\" content=\"1800\" \/>\n\t<meta property=\"og:image:height\" content=\"1200\" \/>\n<meta name=\"twitter:card\" content=\"summary_large_image\" \/>\n<script type=\"application\/ld+json\" class=\"yoast-schema-graph\">{\"@context\":\"https:\/\/schema.org\",\"@graph\":[{\"@type\":\"WebSite\",\"@id\":\"https:\/\/www.mes-allocs.fr\/guides\/#website\",\"url\":\"https:\/\/www.mes-allocs.fr\/guides\/\",\"name\":\"Mes-Allocs.fr\",\"description\":\"\",\"potentialAction\":[{\"@type\":\"SearchAction\",\"target\":\"https:\/\/www.mes-allocs.fr\/guides\/?s={search_term_string}\",\"query-input\":\"required name=search_term_string\"}],\"inLanguage\":\"fr-FR\"},{\"@type\":\"ImageObject\",\"@id\":\"https:\/\/www.mes-allocs.fr\/guides\/aides-sociales\/prime-13e-mois\/versement-13e-mois\/#primaryimage\",\"inLanguage\":\"fr-FR\",\"url\":\"https:\/\/www.mes-allocs.fr\/guides\/wp-content\/uploads\/2025\/02\/versement-13eme-mois.jpg?wsr\",\"width\":1800,\"height\":1200,\"caption\":\"versement eme mois\"},{\"@type\":\"WebPage\",\"@id\":\"https:\/\/www.mes-allocs.fr\/guides\/aides-sociales\/prime-13e-mois\/versement-13e-mois\/#webpage\",\"url\":\"https:\/\/www.mes-allocs.fr\/guides\/aides-sociales\/prime-13e-mois\/versement-13e-mois\/\",\"name\":\"Versement du 13\\u00e8me mois : quand est accord\\u00e9e la prime ? | Mes-Allocs.fr\",\"isPartOf\":{\"@id\":\"https:\/\/www.mes-allocs.fr\/guides\/#website\"},\"primaryImageOfPage\":{\"@id\":\"https:\/\/www.mes-allocs.fr\/guides\/aides-sociales\/prime-13e-mois\/versement-13e-mois\/#primaryimage\"},\"datePublished\":\"2025-02-20T10:06:16+00:00\",\"dateModified\":\"2026-04-22T07:33:42+00:00\",\"author\":{\"@id\":\"https:\/\/www.mes-allocs.fr\/guides\/#\/schema\/person\/4f115680446d9e6de360142157ca671d\"},\"description\":\"Le 13\\u00e8me mois est une prime vers\\u00e9e par l'employeur. Mais comment est effectu\\u00e9 le versement ? \\u00c0 quelle date ? Sur quel bulletin de salaire ?\",\"inLanguage\":\"fr-FR\"},{\"@type\":\"Person\",\"@id\":\"https:\/\/www.mes-allocs.fr\/guides\/#\/schema\/person\/4f115680446d9e6de360142157ca671d\",\"name\":\"Miangaly Ramasindray\",\"image\":{\"@type\":\"ImageObject\",\"@id\":\"https:\/\/www.mes-allocs.fr\/guides\/#personlogo\",\"inLanguage\":\"fr-FR\",\"url\":\"https:\/\/www.mes-allocs.fr\/guides\/wp-content\/uploads\/2024\/10\/Miangaly_Ramasindray-150x150.jpeg\",\"caption\":\"Miangaly Ramasindray\"},\"description\":\"Miangaly est r\\u00e9dactrice web sp\\u00e9cialis\\u00e9e sur les sujets de pouvoir d'achat. Elle rejoint Mes Allocs en 2024 apr\\u00e8s une premi\\u00e8re exp\\u00e9rience en marketing chez DMI.\",\"sameAs\":[\"https:\/\/www.linkedin.com\/in\/miangaly-ramasindray\/\"]}]}<\/script>\n<!-- \/ Yoast SEO plugin. -->","amp_validity":null,"acf":{"faq":{"1":{"question":" Le 13\u00e8me mois est-il soumis aux cotisations sociales ?","answer":"Oui, le 13\u00e8me mois est soumis aux cotisations sociales (cotisations salariales et patronales) au m\u00eame titre que le salaire.\r\n\r\n"},"2":{"question":"Le 13\u00e8me mois est-il imposable ?","answer":"Oui, le 13\u00e8me mois est imposable au m\u00eame titre que le salaire. Il doit donc \u00eatre inclus dans votre d\u00e9claration de revenus annuelle."},"3":{"question":"Comment le 13\u00e8me mois est-il pris en compte pour le calcul du montant imposable ?","answer":"Le 13\u00e8me mois est ajout\u00e9 \u00e0 votre salaire annuel brut. Le montant imposable est ensuite calcul\u00e9 en appliquant le bar\u00e8me progressif de l'imp\u00f4t sur le revenu."},"4":{"question":" Puis-je demander un acompte sur mon 13\u00e8me mois ?","answer":"Oui, dans certaines entreprises, il est possible de demander un acompte sur le 13\u00e8me mois, notamment en cas de difficult\u00e9s financi\u00e8res."},"5":{"question":"Mon employeur peut-il refuser de verser le 13\u00e8me mois alors qu'il est pr\u00e9vu dans mon contrat de travail ?","answer":"Non, si le 13\u00e8me mois est pr\u00e9vu dans votre contrat de travail, votre employeur est dans l'obligation de vous le verser."},"6":{"question":" Que faire si mon employeur ne me verse pas mon 13\u00e8me mois ?","answer":"Si votre employeur ne vous verse pas votre 13\u00e8me mois alors qu'il est pr\u00e9vu dans votre contrat de travail, vous pouvez le mettre en demeure de vous le verser. En cas de non-paiement, vous pouvez saisir les prud'hommes."},"7":{"question":"","answer":""},"8":{"question":"","answer":""},"9":{"question":"","answer":""},"10":{"question":"","answer":""},"11":{"question":"","answer":""},"12":{"question":"","answer":""},"13":{"question":"","answer":""},"14":{"question":"","answer":""},"15":{"question":"","answer":""},"16":{"question":"","answer":""}}},"_links":{"self":[{"href":"https:\/\/www.mes-allocs.fr\/guides\/wp-json\/wp\/v2\/posts\/93468","targetHints":{"allow":["GET"]}}],"collection":[{"href":"https:\/\/www.mes-allocs.fr\/guides\/wp-json\/wp\/v2\/posts"}],"about":[{"href":"https:\/\/www.mes-allocs.fr\/guides\/wp-json\/wp\/v2\/types\/post"}],"author":[{"embeddable":true,"href":"https:\/\/www.mes-allocs.fr\/guides\/wp-json\/wp\/v2\/users\/31"}],"replies":[{"embeddable":true,"href":"https:\/\/www.mes-allocs.fr\/guides\/wp-json\/wp\/v2\/comments?post=93468"}],"version-history":[{"count":10,"href":"https:\/\/www.mes-allocs.fr\/guides\/wp-json\/wp\/v2\/posts\/93468\/revisions"}],"predecessor-version":[{"id":111846,"href":"https:\/\/www.mes-allocs.fr\/guides\/wp-json\/wp\/v2\/posts\/93468\/revisions\/111846"}],"wp:featuredmedia":[{"embeddable":true,"href":"https:\/\/www.mes-allocs.fr\/guides\/wp-json\/wp\/v2\/media\/93470"}],"wp:attachment":[{"href":"https:\/\/www.mes-allocs.fr\/guides\/wp-json\/wp\/v2\/media?parent=93468"}],"wp:term":[{"taxonomy":"category","embeddable":true,"href":"https:\/\/www.mes-allocs.fr\/guides\/wp-json\/wp\/v2\/categories?post=93468"},{"taxonomy":"post_tag","embeddable":true,"href":"https:\/\/www.mes-allocs.fr\/guides\/wp-json\/wp\/v2\/tags?post=93468"}],"curies":[{"name":"wp","href":"https:\/\/api.w.org\/{rel}","templated":true}]}}