{"id":93452,"date":"2025-02-20T13:56:24","date_gmt":"2025-02-20T11:56:24","guid":{"rendered":"https:\/\/www.mes-allocs.fr\/guides\/?p=93452"},"modified":"2026-04-22T08:33:41","modified_gmt":"2026-04-22T07:33:41","slug":"comment-declarer-13e-mois-caf","status":"publish","type":"post","link":"https:\/\/www.mes-allocs.fr\/guides\/aides-sociales\/prime-13e-mois\/comment-declarer-13e-mois-caf\/","title":{"rendered":"Comment d\u00e9clarer le 13\u00e8me mois \u00e0 la CAF ?"},"content":{"rendered":"<p><img loading=\"lazy\" decoding=\"async\" class=\"alignnone wp-image-93453\" title=\"declarer eme mois caf comment\" src=\"https:\/\/www.mes-allocs.fr\/guides\/wp-content\/uploads\/2025\/02\/declarer-13eme-mois-caf-comment-e1740042156265-300x44.jpg\" alt=\"declarer eme mois caf comment\" width=\"1419\" height=\"208\" srcset=\"https:\/\/www.mes-allocs.fr\/guides\/wp-content\/uploads\/2025\/02\/declarer-13eme-mois-caf-comment-e1740042156265-300x44.jpg 300w, https:\/\/www.mes-allocs.fr\/guides\/wp-content\/uploads\/2025\/02\/declarer-13eme-mois-caf-comment-e1740042156265-600x87.jpg 600w\" sizes=\"auto, (max-width: 1419px) 100vw, 1419px\" \/><\/p>\n<p>[Mis \u00e0 jour le 09\/04\/2026] Chaque euro per\u00e7u peut influencer vos droits aux aides sociales. Le <a href=\"https:\/\/www.mes-allocs.fr\/guides\/aides-sociales\/prime-13e-mois\/\">13\u00e8me mois<\/a> ne fait pas exception et il est consid\u00e9r\u00e9 comme une ressource et doit \u00eatre d\u00e9clar\u00e9 \u00e0 la CAF. Mais comment s\u2019assurer de d\u00e9clarer cette prime correctement sans risquer de perdre ses droits ou de devoir rembourser un trop-per\u00e7u ? Dans cet article, d\u00e9couvrez <b>comment d\u00e9clarer le 13\u00e8me mois \u00e0 la CAF<\/b>.<\/p>\n<p class=\"p1\"><div class='cta-block'><div class='text'>Simulez toutes vos aides CAF<\/div><a href='https:\/\/www.mes-allocs.fr\/ab-app?origin=guides\/wp-json\/wp\/v2\/posts\/93452' class='app-button fit'>Simulation gratuite<\/a><\/div><\/p>\n<h1>Comment d\u00e9clarer correctement son 13\u00e8me mois \u00e0 la CAF ?<\/h1>\n<h2>Quand faut-il d\u00e9clarer le 13\u00e8me mois \u00e0 la CAF ?<\/h2>\n<p>Le 13\u00e8me mois doit \u00eatre d\u00e9clar\u00e9 au moment de la d\u00e9claration trimestrielle de ressources \u00e0 la CAF. Cette d\u00e9claration se fait tous les 3 mois, soit 4 fois par an. La date limite de la d\u00e9claration d\u00e9pend du mois d\u2019ouverture de vos droits, mais est g\u00e9n\u00e9ralement \u00e0 la fin du dernier mois du trimestre concern\u00e9.<\/p>\n<h2>Quelles informations fournir lors de la d\u00e9claration du 13\u00e8me mois \u00e0 la CAF ?<\/h2>\n<p>Lors de la d\u00e9claration du 13\u00e8me mois \u00e0 la CAF, vous devez fournir ces informations :<\/p>\n<ul>\n<li aria-level=\"1\">Le montant du 13\u00e8me mois que vous avez re\u00e7u, sans les centimes et sans arrondir.<\/li>\n<li aria-level=\"1\">La p\u00e9riode \u00e0 laquelle il se rapporte, en le d\u00e9clarant sur le mois o\u00f9 vous l\u2019avez re\u00e7u.<\/li>\n<li aria-level=\"1\">L\u2019ensemble des ressources du foyer des 3 mois pass\u00e9s.<\/li>\n<\/ul>\n<p>Le 13\u00e8me mois doit \u00eatre inclus dans vos revenus professionnels, au m\u00eame titre que votre salaire, les heures suppl\u00e9mentaires et autres primes.<\/p>\n<h2>Comment effectuer la d\u00e9claration du 13\u00e8me mois \u00e0 la CAF en pratique ?<\/h2>\n<p>Pour d\u00e9clarer correctement votre 13\u00e8me mois \u00e0 la CAF, vous devez suivre ces \u00e9tapes :<\/p>\n<ul>\n<li aria-level=\"1\">Connectez-vous \u00e0 votre espace personnel sur le site de la CAF.<\/li>\n<li aria-level=\"1\">Acc\u00e9dez \u00e0 la section \u201c D\u00e9claration trimestrielle de ressources\u201d lorsque vous recevez une notification par email, SMS ou dans votre espace \u201cMon compte\u201d.<\/li>\n<li aria-level=\"1\">Dans la partie des revenus professionnels, ajoutez le montant du 13\u00e8me mois \u00e0 vos autres revenus.<\/li>\n<li aria-level=\"1\">D\u00e9clarez le montant exact du 13e mois.<\/li>\n<li aria-level=\"1\">Indiquez le montant net \u00e0 payer avant pr\u00e9l\u00e8vement de l&rsquo;imp\u00f4t sur le revenu \u00e0 la source.<\/li>\n<li aria-level=\"1\">D\u00e9clarez le 13e mois sur le mois de perception et non sur le mois d&rsquo;activit\u00e9.<\/li>\n<li aria-level=\"1\">Assurez-vous d&rsquo;inclure les autres primes.<\/li>\n<li aria-level=\"1\">V\u00e9rifiez que toutes les autres ressources du foyer sont bien d\u00e9clar\u00e9es.<\/li>\n<li aria-level=\"1\">Validez votre d\u00e9claration avant la date limite indiqu\u00e9e par la CAF, g\u00e9n\u00e9ralement tous les trois mois.<\/li>\n<\/ul>\n<h1>Pourquoi faut-il d\u00e9clarer le 13\u00e8me mois \u00e0 la CAF ?<\/h1>\n<p>Le 13\u00e8me mois est consid\u00e9r\u00e9 comme une ressource \u00e0 part enti\u00e8re et doit \u00eatre inclus dans la d\u00e9claration trimestrielle de ressources pour la prime d\u2019activit\u00e9. Cette d\u00e9claration est importante car elle permet \u00e0 la CAF de calculer vos droits aux prestations sociales.<\/p>\n<h2>Le 13\u00e8me mois est-il consid\u00e9r\u00e9 comme une ressource ?<\/h2>\n<p>Oui, le 13\u00e8me mois est consid\u00e9r\u00e9 comme une ressource :<\/p>\n<ul>\n<li aria-level=\"1\">Le 13e mois est consid\u00e9r\u00e9 comme un revenu professionnel de la m\u00eame mani\u00e8re que le salaire.<\/li>\n<li aria-level=\"1\">Son montant doit figurer dans la d\u00e9claration trimestrielle de ressources.<\/li>\n<li aria-level=\"1\">Le <a href=\"https:\/\/www.mes-allocs.fr\/guides\/aides-sociales\/prime-13e-mois\/13e-mois-imposable\/\">13e mois est imposable<\/a>, il fait donc partie du calcul de l\u2019imp\u00f4t sur le revenus.<\/li>\n<li aria-level=\"1\">Il est soumis aux cotisations sociales, comme les autres \u00e9l\u00e9ments de r\u00e9mun\u00e9ration.<\/li>\n<\/ul>\n<h2>Quelles sont les cons\u00e9quences d\u2019une non-d\u00e9claration du 13\u00e8me mois \u00e0 la CAF ?<\/h2>\n<p>Ne pas d\u00e9clarer le 13\u00e8me mois \u00e0 la CAF peut avoir plusieurs cons\u00e9quences :<\/p>\n<ul>\n<li aria-level=\"1\"><b>La suspension des droits aux prestations sociales<\/b> : la CAF peut suspendre de fa\u00e7on provisoire le versement des allocations si la d\u00e9claration trimestrielle de ressources n&rsquo;est pas remplie \u00e0 temps.<\/li>\n<li aria-level=\"1\"><b>Le calcul incorrect des prestations sociales<\/b> : le 13\u00e8me mois \u00e9tant consid\u00e9r\u00e9 comme une ressource, son omission entra\u00eene un calcul erron\u00e9 des droits, ce qui peut aboutir \u00e0 un trop-per\u00e7u.<\/li>\n<li aria-level=\"1\"><b>L\u2019obligation de remboursement<\/b> : en cas de trop-per\u00e7u d\u00fb \u00e0 l\u2019omission du 13\u00e8me mois, vous devrez rembourser les sommes vers\u00e9es par la CAF.<\/li>\n<li aria-level=\"1\"><b>Le risque de sanctions financi\u00e8res<\/b> : une amende administrative peut \u00eatre donn\u00e9e en cas d\u2019omission volontaire de d\u00e9claration qui a donn\u00e9 cours \u00e0 un versement des prestations.<\/li>\n<li aria-level=\"1\"><b>La possibilit\u00e9 de poursuites p\u00e9nales<\/b> : dans certains cas, une plainte peut \u00eatre d\u00e9pos\u00e9e, ce qui peut entra\u00eener des sanctions p\u00e9nales comme une peine d\u2019emprisonnement avec sursis.<\/li>\n<\/ul>\n<p class=\"p1\"><div class='cta-block'><div class='text'>Simulez toutes vos aides CAF<\/div><a href='https:\/\/www.mes-allocs.fr\/ab-app?origin=guides\/wp-json\/wp\/v2\/posts\/93452' class='app-button fit'>Simulation gratuite<\/a><\/div><\/p>\n<h1>Quel est l\u2019impact de la d\u00e9claration du 13\u00e8me mois \u00e0 la CAF ?<\/h1>\n<h2>Quel est l\u2019impact du 13\u00e8me mois sur les aides sociales de la CAF ?<\/h2>\n<p>Le 13\u00e8me mois un impact sur les aides sociales de la CAF :<\/p>\n<ul>\n<li aria-level=\"1\">Le 13\u00e8me mois est consid\u00e9r\u00e9 comme une ressource, il doit \u00eatre inclus dans la d\u00e9claration trimestrielle de ressources. Son montant affecte donc le calcul des prestations sociales.<\/li>\n<li aria-level=\"1\">L&rsquo;inclusion du 13\u00e8me mois dans les revenus d\u00e9clar\u00e9s peut entra\u00eener une diminution du montant des prestations sociales, voire la suppression si le plafond de ressources est d\u00e9pass\u00e9.<\/li>\n<li aria-level=\"1\">Dans le cadre de la prime d&rsquo;activit\u00e9, la bonification est calcul\u00e9e en tenant compte du 13\u00e8me mois.<\/li>\n<li aria-level=\"1\">Si le 13\u00e8me mois est vers\u00e9 en plusieurs fois durant l&rsquo;ann\u00e9e, son impact sur les aides sociales peut \u00eatre liss\u00e9, car il doit \u00eatre d\u00e9clar\u00e9 au moment de sa r\u00e9ception.<\/li>\n<\/ul>\n<h2>Existe-t-il des exceptions ou des cas particuliers ?<\/h2>\n<p>Dans certains cas, comme un versement anticip\u00e9 du 13\u00e8me mois pour des raisons exceptionnelles, l&rsquo;impact sur les aides sociales peut \u00eatre diff\u00e9rent et demander un traitement particulier par la CAF. De plus, le 13\u00e8me mois est pris en compte dans le calcul de certaines indemnit\u00e9s, comme l&rsquo;indemnit\u00e9 de d\u00e9part, ce qui peut de fa\u00e7on indirecte affecter les aides sociales lors du changement de situation professionnelle.<\/p>\n<h1>Que faire en cas d\u2019erreur dans la d\u00e9claration du 13\u00e8me mois \u00e0 la CAF ?<\/h1>\n<p>En cas d&rsquo;erreur dans la d\u00e9claration du 13\u00e8me mois \u00e0 la CAF, vous devez vous connecter \u00e0 votre espace personnel et acc\u00e9der \u00e0 la section \u201c d\u00e9claration trimestrielle de ressources\u201d pour utiliser l&rsquo;option \u201c signaler une erreur\u201d et modifier les montants incorrects. Vous devrez fournir des justificatifs, comme un bulletin de salaire, pour appuyer votre demande de correction. Il est important de pr\u00e9ciser en commentaire la raison de votre correction pour faciliter la v\u00e9rification par la CAF.<\/p>\n<p>M\u00eame si le droit \u00e0 l&rsquo;erreur vous prot\u00e8ge contre les sanctions si c&rsquo;est la premi\u00e8re fois et que l&rsquo;erreur est involontaire, vous restez responsable de vos d\u00e9clarations. Si l&rsquo;erreur a entra\u00een\u00e9 un trop-per\u00e7u, vous devrez rembourser la CAF. Plus vous prenez de temps \u00e0 d\u00e9clarer, plus le montant du remboursement peut \u00eatre important.<\/p>\n<h1>Quelles sont les autres primes \u00e0 d\u00e9clarer aupr\u00e8s de la CAF ?<\/h1>\n<p>En plus du 13\u00e8me mois, plusieurs autres primes doivent \u00eatre d\u00e9clar\u00e9es aupr\u00e8s de la CAF. Il s\u2019agit notamment des primes consid\u00e9r\u00e9es comme des \u201caccessoires de salaires\u201d, telles que :<\/p>\n<ul>\n<li aria-level=\"1\">La prime vacances<\/li>\n<li aria-level=\"1\">La prime de transfert<\/li>\n<li aria-level=\"1\">La prime d\u2019astreinte<\/li>\n<li aria-level=\"1\">La prime de naissance ou d\u2019adoption vers\u00e9e par l&#8217;employeur ou la mutuelle<\/li>\n<li aria-level=\"1\">La prime de rentr\u00e9e scolaire (\u00e0 ne pas confondre avec l\u2019ARS vers\u00e9e par la CAF)<\/li>\n<li aria-level=\"1\">La prime d\u2019int\u00e9ressement ou de participation (sauf si elle est \u00e9pargn\u00e9e)<\/li>\n<li aria-level=\"1\">La prime de r\u00e9sultat<\/li>\n<li aria-level=\"1\">La prime d\u2019expatriation<\/li>\n<li aria-level=\"1\">La prime de partage de valeur<\/li>\n<\/ul>\n<p>Les primes exceptionnelles vers\u00e9es par l\u2019employeur, comme la prime d\u2019anciennet\u00e9, d\u2019assiduit\u00e9, de RTT, de r\u00e9sidence ou la prime S\u00e9gur, doivent aussi \u00eatre d\u00e9clar\u00e9es. Enfin, les primes li\u00e9es \u00e0 une fin de contrat, les indemnit\u00e9s compensatrices de cong\u00e9s pay\u00e9s, de rupture conventionnelle et de licenciement sont aussi \u00e0 inclure dans la d\u00e9claration.<\/p>\n<p class=\"p1\"><div class='cta-block'><div class='text'>Simulez toutes vos aides CAF<\/div><a href='https:\/\/www.mes-allocs.fr\/ab-app?origin=guides\/wp-json\/wp\/v2\/posts\/93452' class='app-button fit'>Simulation gratuite<\/a><\/div><\/p>\n","protected":false},"excerpt":{"rendered":"<p>[Mis \u00e0 jour le 09\/04\/2026] Chaque euro per\u00e7u peut influencer vos droits aux aides sociales. Le 13\u00e8me mois ne fait pas exception et il est consid\u00e9r\u00e9 comme une ressource et doit \u00eatre d\u00e9clar\u00e9 \u00e0 la CAF. Mais comment s\u2019assurer de d\u00e9clarer cette prime correctement sans risquer de perdre ses droits ou de devoir rembourser un [&hellip;]<\/p>\n","protected":false},"author":31,"featured_media":93454,"comment_status":"open","ping_status":"open","sticky":false,"template":"","format":"standard","meta":{"amp_status":"","footnotes":""},"categories":[1411,43999],"tags":[],"class_list":["post-93452","post","type-post","status-publish","format-standard","has-post-thumbnail","hentry","category-aides-sociales","category-prime-13e-mois"],"yoast_head":"<!-- This site is optimized with the Yoast SEO plugin v14.9 - https:\/\/yoast.com\/wordpress\/plugins\/seo\/ -->\n<title>Comment d\u00e9clarer le 13\u00e8me mois \u00e0 la CAF ? | Mes-Allocs.fr<\/title>\n<meta name=\"description\" content=\"Comment d\u00e9clarer le 13eme mois \u00e0 la CAF ? D\u00e9couvrez pourquoi et comment d\u00e9clarer cette prime dans votre d\u00e9claration trimestrielle\" \/>\n<meta name=\"robots\" content=\"index, follow, max-snippet:-1, max-image-preview:large, max-video-preview:-1\" \/>\n<link rel=\"canonical\" href=\"https:\/\/www.mes-allocs.fr\/guides\/aides-sociales\/prime-13e-mois\/comment-declarer-13e-mois-caf\/\" \/>\n<meta property=\"og:locale\" content=\"fr_FR\" \/>\n<meta property=\"og:type\" content=\"article\" \/>\n<meta property=\"og:title\" content=\"Comment d\u00e9clarer le 13\u00e8me mois \u00e0 la CAF ? | Mes-Allocs.fr\" \/>\n<meta property=\"og:description\" content=\"Comment d\u00e9clarer le 13eme mois \u00e0 la CAF ? D\u00e9couvrez pourquoi et comment d\u00e9clarer cette prime dans votre d\u00e9claration trimestrielle\" \/>\n<meta property=\"og:url\" content=\"https:\/\/www.mes-allocs.fr\/guides\/aides-sociales\/prime-13e-mois\/comment-declarer-13e-mois-caf\/\" \/>\n<meta property=\"og:site_name\" content=\"Mes-Allocs.fr\" \/>\n<meta property=\"article:published_time\" content=\"2025-02-20T11:56:24+00:00\" \/>\n<meta property=\"article:modified_time\" content=\"2026-04-22T07:33:41+00:00\" \/>\n<meta property=\"og:image\" content=\"https:\/\/www.mes-allocs.fr\/guides\/wp-content\/uploads\/2025\/02\/comment-declarer-13-mois-caf.jpg?wsr\" \/>\n\t<meta property=\"og:image:width\" content=\"1800\" \/>\n\t<meta property=\"og:image:height\" content=\"1200\" \/>\n<meta name=\"twitter:card\" content=\"summary_large_image\" \/>\n<script type=\"application\/ld+json\" class=\"yoast-schema-graph\">{\"@context\":\"https:\/\/schema.org\",\"@graph\":[{\"@type\":\"WebSite\",\"@id\":\"https:\/\/www.mes-allocs.fr\/guides\/#website\",\"url\":\"https:\/\/www.mes-allocs.fr\/guides\/\",\"name\":\"Mes-Allocs.fr\",\"description\":\"\",\"potentialAction\":[{\"@type\":\"SearchAction\",\"target\":\"https:\/\/www.mes-allocs.fr\/guides\/?s={search_term_string}\",\"query-input\":\"required name=search_term_string\"}],\"inLanguage\":\"fr-FR\"},{\"@type\":\"ImageObject\",\"@id\":\"https:\/\/www.mes-allocs.fr\/guides\/aides-sociales\/prime-13e-mois\/comment-declarer-13e-mois-caf\/#primaryimage\",\"inLanguage\":\"fr-FR\",\"url\":\"https:\/\/www.mes-allocs.fr\/guides\/wp-content\/uploads\/2025\/02\/comment-declarer-13-mois-caf.jpg?wsr\",\"width\":1800,\"height\":1200,\"caption\":\"comment declarer mois caf\"},{\"@type\":\"WebPage\",\"@id\":\"https:\/\/www.mes-allocs.fr\/guides\/aides-sociales\/prime-13e-mois\/comment-declarer-13e-mois-caf\/#webpage\",\"url\":\"https:\/\/www.mes-allocs.fr\/guides\/aides-sociales\/prime-13e-mois\/comment-declarer-13e-mois-caf\/\",\"name\":\"Comment d\\u00e9clarer le 13\\u00e8me mois \\u00e0 la CAF ? | Mes-Allocs.fr\",\"isPartOf\":{\"@id\":\"https:\/\/www.mes-allocs.fr\/guides\/#website\"},\"primaryImageOfPage\":{\"@id\":\"https:\/\/www.mes-allocs.fr\/guides\/aides-sociales\/prime-13e-mois\/comment-declarer-13e-mois-caf\/#primaryimage\"},\"datePublished\":\"2025-02-20T11:56:24+00:00\",\"dateModified\":\"2026-04-22T07:33:41+00:00\",\"author\":{\"@id\":\"https:\/\/www.mes-allocs.fr\/guides\/#\/schema\/person\/4f115680446d9e6de360142157ca671d\"},\"description\":\"Comment d\\u00e9clarer le 13eme mois \\u00e0 la CAF ? D\\u00e9couvrez pourquoi et comment d\\u00e9clarer cette prime dans votre d\\u00e9claration trimestrielle\",\"inLanguage\":\"fr-FR\"},{\"@type\":\"Person\",\"@id\":\"https:\/\/www.mes-allocs.fr\/guides\/#\/schema\/person\/4f115680446d9e6de360142157ca671d\",\"name\":\"Miangaly Ramasindray\",\"image\":{\"@type\":\"ImageObject\",\"@id\":\"https:\/\/www.mes-allocs.fr\/guides\/#personlogo\",\"inLanguage\":\"fr-FR\",\"url\":\"https:\/\/www.mes-allocs.fr\/guides\/wp-content\/uploads\/2024\/10\/Miangaly_Ramasindray-150x150.jpeg\",\"caption\":\"Miangaly Ramasindray\"},\"description\":\"Miangaly est r\\u00e9dactrice web sp\\u00e9cialis\\u00e9e sur les sujets de pouvoir d'achat. Elle rejoint Mes Allocs en 2024 apr\\u00e8s une premi\\u00e8re exp\\u00e9rience en marketing chez DMI.\",\"sameAs\":[\"https:\/\/www.linkedin.com\/in\/miangaly-ramasindray\/\"]}]}<\/script>\n<!-- \/ Yoast SEO plugin. -->","amp_validity":null,"acf":{"faq":{"1":{"question":"Le 13\u00e8me mois est-il imposable ?","answer":"Oui, le 13\u00e8me mois est imposable au m\u00eame titre que le salaire. Il doit donc \u00eatre inclus dans votre d\u00e9claration de revenus annuelle."},"2":{"question":"Comment le 13\u00e8me mois est-il pris en compte pour le calcul du montant imposable ?","answer":"Le 13\u00e8me mois est ajout\u00e9 \u00e0 votre salaire annuel brut. Le montant imposable est ensuite calcul\u00e9 en appliquant le bar\u00e8me progressif de l'imp\u00f4t sur le revenu."},"3":{"question":"Le 13\u00e8me mois est-il soumis aux cotisations sociales ?","answer":"Oui, le 13\u00e8me mois est soumis aux cotisations sociales (cotisations salariales et patronales) au m\u00eame titre que le salaire."},"4":{"question":"Quelles sont les cotisations sociales pr\u00e9lev\u00e9es sur le 13\u00e8me mois ?","answer":"Les cotisations sociales pr\u00e9lev\u00e9es sur le 13\u00e8me mois sont les m\u00eames que celles pr\u00e9lev\u00e9es sur le salaire : cotisations pour l'assurance maladie, l'assurance vieillesse, le ch\u00f4mage, etc."},"5":{"question":"Le 13\u00e8me mois est-il pris en compte pour le calcul du montant des allocations ch\u00f4mage ?","answer":"Oui, le 13\u00e8me mois est pris en compte dans le calcul du salaire journalier de r\u00e9f\u00e9rence, qui sert de base au calcul du montant des allocations ch\u00f4mage."},"6":{"question":"Comment le 13\u00e8me mois est-il pris en compte pour le calcul du montant des indemnit\u00e9s journali\u00e8res de s\u00e9curit\u00e9 sociale (IJSS) ?","answer":"Le 13\u00e8me mois est pris en compte dans le calcul du salaire de r\u00e9f\u00e9rence, qui sert de base au calcul du montant des IJSS en cas d'arr\u00eat maladie."},"7":{"question":"","answer":""},"8":{"question":"","answer":""},"9":{"question":"","answer":""},"10":{"question":"","answer":""},"11":{"question":"","answer":""},"12":{"question":"","answer":""},"13":{"question":"","answer":""},"14":{"question":"","answer":""},"15":{"question":"","answer":""},"16":{"question":"","answer":""}}},"_links":{"self":[{"href":"https:\/\/www.mes-allocs.fr\/guides\/wp-json\/wp\/v2\/posts\/93452","targetHints":{"allow":["GET"]}}],"collection":[{"href":"https:\/\/www.mes-allocs.fr\/guides\/wp-json\/wp\/v2\/posts"}],"about":[{"href":"https:\/\/www.mes-allocs.fr\/guides\/wp-json\/wp\/v2\/types\/post"}],"author":[{"embeddable":true,"href":"https:\/\/www.mes-allocs.fr\/guides\/wp-json\/wp\/v2\/users\/31"}],"replies":[{"embeddable":true,"href":"https:\/\/www.mes-allocs.fr\/guides\/wp-json\/wp\/v2\/comments?post=93452"}],"version-history":[{"count":9,"href":"https:\/\/www.mes-allocs.fr\/guides\/wp-json\/wp\/v2\/posts\/93452\/revisions"}],"predecessor-version":[{"id":111844,"href":"https:\/\/www.mes-allocs.fr\/guides\/wp-json\/wp\/v2\/posts\/93452\/revisions\/111844"}],"wp:featuredmedia":[{"embeddable":true,"href":"https:\/\/www.mes-allocs.fr\/guides\/wp-json\/wp\/v2\/media\/93454"}],"wp:attachment":[{"href":"https:\/\/www.mes-allocs.fr\/guides\/wp-json\/wp\/v2\/media?parent=93452"}],"wp:term":[{"taxonomy":"category","embeddable":true,"href":"https:\/\/www.mes-allocs.fr\/guides\/wp-json\/wp\/v2\/categories?post=93452"},{"taxonomy":"post_tag","embeddable":true,"href":"https:\/\/www.mes-allocs.fr\/guides\/wp-json\/wp\/v2\/tags?post=93452"}],"curies":[{"name":"wp","href":"https:\/\/api.w.org\/{rel}","templated":true}]}}