{"id":93444,"date":"2025-02-20T11:44:13","date_gmt":"2025-02-20T09:44:13","guid":{"rendered":"https:\/\/www.mes-allocs.fr\/guides\/?p=93444"},"modified":"2026-04-22T08:33:42","modified_gmt":"2026-04-22T07:33:42","slug":"aah-et-prime-macron","status":"publish","type":"post","link":"https:\/\/www.mes-allocs.fr\/guides\/prime-macron\/prime-macron-conditions\/aah-et-prime-macron\/","title":{"rendered":"Peut-on cumuler AAH et Prime Macron ?"},"content":{"rendered":"<p><img loading=\"lazy\" decoding=\"async\" class=\"alignnone wp-image-93449 \" title=\"money\" src=\"https:\/\/www.mes-allocs.fr\/guides\/wp-content\/uploads\/2025\/02\/money-496229_1280-e1740040460162.jpg\" alt=\"money\" width=\"1376\" height=\"430\" srcset=\"https:\/\/www.mes-allocs.fr\/guides\/wp-content\/uploads\/2025\/02\/money-496229_1280-e1740040460162.jpg 1280w, https:\/\/www.mes-allocs.fr\/guides\/wp-content\/uploads\/2025\/02\/money-496229_1280-e1740040460162-300x94.jpg 300w, https:\/\/www.mes-allocs.fr\/guides\/wp-content\/uploads\/2025\/02\/money-496229_1280-e1740040460162-1024x320.jpg 1024w, https:\/\/www.mes-allocs.fr\/guides\/wp-content\/uploads\/2025\/02\/money-496229_1280-e1740040460162-768x240.jpg 768w, https:\/\/www.mes-allocs.fr\/guides\/wp-content\/uploads\/2025\/02\/money-496229_1280-e1740040460162-600x188.jpg 600w\" sizes=\"auto, (max-width: 1376px) 100vw, 1376px\" \/><\/p>\n<p>L\u2019Allocation aux Adultes Handicap\u00e9s (AAH) est une aide permettant aux personnes en situation de handicap d\u2019avoir un revenu minimum. De son c\u00f4t\u00e9, la <a href=\"https:\/\/www.mes-allocs.fr\/guides\/prime-macron\/\">Prime Macron<\/a>, d\u00e9sormais appel\u00e9e Prime de Partage de la Valorisation (PPV), vise \u00e0 soutenir le pouvoir d\u2019achat des salari\u00e9s. Ces deux aides ont des objectifs diff\u00e9rents, mais peuvent-elles \u00eatre cumul\u00e9es sans impact sur le montant de l\u2019AAH ? Cet article explore en d\u00e9tail la compatibilit\u00e9 entre <strong>AAH et Prime Macron<\/strong>, leurs conditions d\u2019\u00e9ligibilit\u00e9 et les \u00e9ventuelles cons\u00e9quences financi\u00e8res pour les b\u00e9n\u00e9ficiaires.<\/p>\n<div class='cta-block'><div class='text'>Simulez toutes vos aides en 2 min. <\/div><a href='https:\/\/www.mes-allocs.fr\/ab-app?origin=guides\/wp-json\/wp\/v2\/posts\/93444' class='app-button fit'>Simulation gratuite<\/a><\/div>\n<h1>AAH et Prime Macron : deux aides compatibles ?<\/h1>\n<p>L\u2019<b>Allocation aux Adultes Handicap\u00e9s (AAH)<\/b> et la <b>Prime Macron<\/b>, aujourd\u2019hui appel\u00e9e <b>Prime de Partage de la Valorisation (PPV)<\/b>, sont deux dispositifs d\u2019aide financi\u00e8re qui visent \u00e0 soutenir les personnes en situation de handicap et les salari\u00e9s. Toutefois, leur cumul soul\u00e8ve certaines interrogations, notamment quant \u00e0 leur compatibilit\u00e9 et aux \u00e9ventuelles cons\u00e9quences sur le montant de l\u2019AAH.<\/p>\n<h2>Qu\u2019est-ce que l\u2019AAH ?<\/h2>\n<p>L\u2019AAH est une aide financi\u00e8re vers\u00e9e par la <b>Caisse d\u2019Allocations Familiales (CAF) <\/b>ou la Mutualit\u00e9 Sociale Agricole (MSA) aux personnes en situation de handicap afin de leur garantir un revenu minimal. Cette allocation est attribu\u00e9e sous certaines conditions, notamment en fonction du taux d\u2019incapacit\u00e9 et des ressources du b\u00e9n\u00e9ficiaire. En 2025, le montant maximal de l\u2019AAH est de <strong>1 033,32 \u20ac<\/strong> par mois.<\/p>\n<h2>Les crit\u00e8res d\u2019\u00e9ligibilit\u00e9 \u00e0 l\u2019AAH<\/h2>\n<p>Les crit\u00e8res d\u2019\u00e9ligibilit\u00e9 \u00e0 l\u2019AAH sont d\u00e9finis comme suit :<\/p>\n<ul>\n<li aria-level=\"1\">Avoir au moins <b>20 ans\u00a0<\/b><\/li>\n<li aria-level=\"1\">Avoir un taux d\u2019incapacit\u00e9 d\u2019<b>au moins 80 %<\/b>,<\/li>\n<li aria-level=\"1\">ou entre <b>50 % et 79 %<\/b> avec une restriction substantielle et durable d\u2019acc\u00e8s \u00e0 l\u2019emploi reconnue par la <b>Commission des Droits et de l\u2019Autonomie des Personnes Handicap\u00e9es (CDAPH).<\/b><\/li>\n<li aria-level=\"1\">R\u00e9sider en France de mani\u00e8re stable et r\u00e9guli\u00e8re.<\/li>\n<li aria-level=\"1\">Ne pas d\u00e9passer un plafond de ressources, calcul\u00e9 en fonction de la situation familiale du demandeur.<\/li>\n<\/ul>\n<h2>Qu\u2019est-ce que la PPV (ex Prime Macron) ?<\/h2>\n<p>La<b> Prime de Partage de la Valorisation (PPV),<\/b> anciennement connue sous le nom de Prime Macron, est une prime exceptionnelle que les employeurs peuvent verser \u00e0 leurs salari\u00e9s. Mise en place en 2019 pour encourager le pouvoir d\u2019achat, elle est exon\u00e9r\u00e9e d\u2019imp\u00f4t sur le revenu et de cotisations sociales sous certaines conditions.<\/p>\n<p>En 2025, les principales caract\u00e9ristiques de la PPV sont les suivantes :<\/p>\n<ul>\n<li aria-level=\"1\">Elle est <b>facultative <\/b>: son versement d\u00e9pend du bon vouloir de l\u2019employeur.<\/li>\n<li aria-level=\"1\">Elle est<b> exon\u00e9r\u00e9e de charges sociales et d\u2019imp\u00f4t sur le revenu<\/b> pour les salari\u00e9s percevant jusqu\u2019\u00e0<b> trois fois le SMIC<\/b>.<\/li>\n<li aria-level=\"1\">C\u2019est l\u2019employeur qui fixe le <b>montant <\/b>de la Prime Macron<\/li>\n<\/ul>\n<h2>AAH et Prime Macron sont-elles cumulables ?<\/h2>\n<p>Oui, <b>l\u2019AAH et la Prime Macron (PPV) sont cumulables<\/b>. Toutefois, la prise en compte de la PPV dans le calcul des ressources du b\u00e9n\u00e9ficiaire de l\u2019AAH peut avoir un impact sur le montant de l\u2019aide per\u00e7ue. En effet, les ressources prises en compte pour l\u2019AAH incluent certains revenus professionnels, et bien que la PPV soit exon\u00e9r\u00e9e de cotisations sociales, son statut dans le calcul de l\u2019AAH d\u00e9pend des r\u00e8gles en vigueur d\u00e9finies par la CAF et la MSA.<\/p>\n<p><iframe loading=\"lazy\" title=\"La prime de partage de la valeur (prime Macron)\" width=\"500\" height=\"281\" src=\"https:\/\/www.youtube.com\/embed\/BZDkfkZcuAA?feature=oembed\" frameborder=\"0\" allow=\"accelerometer; autoplay; clipboard-write; encrypted-media; gyroscope; picture-in-picture; web-share\" referrerpolicy=\"strict-origin-when-cross-origin\" allowfullscreen><\/iframe><\/p>\n<h1>Quelles sont les conditions pour cumuler l&rsquo;AAH et la Prime Macron (PPV) ?<\/h1>\n<h2>Les conditions pour obtenir l\u2019AAH<\/h2>\n<p>Pour b\u00e9n\u00e9ficier de l\u2019AAH, les demandeurs doivent respecter plusieurs conditions :<\/p>\n<ul>\n<li aria-level=\"1\">\u00catre \u00e2g\u00e9 d\u2019au moins 20 ans (ou 16 ans en cas de non-droit aux allocations familiales).<\/li>\n<li aria-level=\"1\">Avoir un taux d\u2019incapacit\u00e9 reconnu par la CDAPH.<\/li>\n<li aria-level=\"1\">Ne pas d\u00e9passer un plafond de ressources, calcul\u00e9 sur la base des revenus du foyer fiscal.<\/li>\n<li aria-level=\"1\">\u00catre r\u00e9sident fran\u00e7ais et en situation r\u00e9guli\u00e8re.<\/li>\n<\/ul>\n<h2>Les conditions pour toucher la PPV<\/h2>\n<p>Les <a href=\"https:\/\/www.mes-allocs.fr\/guides\/prime-macron\/prime-macron-conditions\/\">conditions de la Prime Macron<\/a> sont plus souples, puisqu\u2019il suffit d\u2019\u00eatre salari\u00e9 d\u2019une entreprise ayant d\u00e9cid\u00e9 d\u2019attribuer cette prime. Les employeurs ont la libert\u00e9 de fixer les crit\u00e8res d\u2019attribution, bien que cette prime soit souvent destin\u00e9e aux employ\u00e9s percevant une r\u00e9mun\u00e9ration inf\u00e9rieure \u00e0 trois fois le SMIC.<\/p>\n<div class='cta-block'><div class='text'>Simulez toutes vos aides en 2 min. <\/div><a href='https:\/\/www.mes-allocs.fr\/ab-app?origin=guides\/wp-json\/wp\/v2\/posts\/93444' class='app-button fit'>Simulation gratuite<\/a><\/div>\n<h1>La Prime Macron (PPV) a-t-elle un impact dans le calcul de l&rsquo;AAH ?<\/h1>\n<h2>Quel est le calcul du montant de l\u2019AAH ?<\/h2>\n<p>Le montant de l\u2019Allocation aux Adultes Handicap\u00e9s (AAH) d\u00e9pend des ressources du b\u00e9n\u00e9ficiaire. Si vous ne percevez aucun revenu, vous avez droit \u00e0 l\u2019AAH \u00e0 taux plein, soit<b> <strong>1 033,32 <\/strong>\u20ac<\/b> par mois. En cas de perception d\u2019une pension d\u2019invalidit\u00e9, de retraite ou d\u2019une rente d\u2019accident du travail, l\u2019AAH compl\u00e8te la diff\u00e9rence jusqu\u2019\u00e0 atteindre ce montant.<\/p>\n<p><i>Par exemple, si vous recevez 100 \u20ac de pension mensuelle, votre AAH sera de 916,05 \u20ac.<\/i><\/p>\n<p>Si vous \u00eates salari\u00e9 en milieu ordinaire, l\u2019AAH est ajust\u00e9e en fonction de vos revenus d\u00e9clar\u00e9s <b>tous les trois mois <\/b>\u00e0 la CAF via un formulaire ou en ligne. En \u00e9tablissement et service d\u2019aide par le travail (ESAT), vos ressources sont \u00e9valu\u00e9es \u00e0 partir des<b> donn\u00e9es fiscales de l\u2019avant-derni\u00e8re ann\u00e9e.<\/b> Toutefois, si vous int\u00e9grez un ESAT apr\u00e8s une activit\u00e9 en milieu ordinaire, un calcul trimestriel peut \u00eatre appliqu\u00e9 pour adapter vos droits plus rapidement.<\/p>\n<h2>La PPV (ex Prime Macron) est-elle prise en compte dans le calcul de l&rsquo;AAH ?<\/h2>\n<p>Jusqu\u2019\u00e0 pr\u00e9sent, la PPV est consid\u00e9r\u00e9e comme une<b> prime exceptionnelle<\/b> exon\u00e9r\u00e9e de charges sociales et d\u2019imp\u00f4t sur le revenu. En principe, elle ne devrait pas \u00eatre prise en compte dans le calcul des ressources de l\u2019AAH.<\/p>\n<p>Mais depuis 2023, la Prime de Partage de la Valeur (PPV), qui a remplac\u00e9 la Prime Macron (PEPA), <b>est d\u00e9sormais prise en compte dans le calcul des ressources<\/b> pour l\u2019Allocation aux Adultes Handicap\u00e9s (AAH). Contrairement \u00e0 l\u2019ancienne PEPA, qui \u00e9tait exclue des revenus d\u00e9clar\u00e9s pour cette aide, la PPV est int\u00e9gr\u00e9e au revenu fiscal de r\u00e9f\u00e9rence et impacte directement le montant de l\u2019AAH.<\/p>\n<p>Cette modification, officialis\u00e9e par une mise \u00e0 jour du<b> Bulletin officiel de la s\u00e9curit\u00e9 sociale (BOSS)<\/b> en d\u00e9cembre 2023, concerne notamment les travailleurs en \u00c9sat.<\/p>\n<h1>Quelles d\u00e9marches pour cumuler AAH et Prime Macron ?<\/h1>\n<h2>Les d\u00e9marches pour obtenir l\u2019AAH<\/h2>\n<p>Les d\u00e9marches pour b\u00e9n\u00e9ficier de l\u2019AAH sont les suivantes :<\/p>\n<ul>\n<li aria-level=\"1\">D\u00e9poser une <b>demande <\/b>aupr\u00e8s de la<b> Maison D\u00e9partementale des Personnes Handicap\u00e9es (MDPH)<\/b>, qui \u00e9valuera le taux d\u2019incapacit\u00e9.<\/li>\n<li aria-level=\"1\">En cas d\u2019accord, faire une<b> demande d\u2019AAH<\/b> aupr\u00e8s de la CAF ou de la MSA.<\/li>\n<li aria-level=\"1\">Fournir les<b> pi\u00e8ces justificatives<\/b> n\u00e9cessaires (justificatif de r\u00e9sidence, d\u00e9claration de ressources, notification de d\u00e9cision de la MDPH).<\/li>\n<li aria-level=\"1\">Attendre la <b>validation <\/b>de la CAF ou de la MSA et le premier versement, qui peut prendre plusieurs mois.<\/li>\n<\/ul>\n<h2>Les d\u00e9marches pour toucher la PPV<\/h2>\n<p>Pour b\u00e9n\u00e9ficier de la PPV, <b>aucune d\u00e9marche<\/b> sp\u00e9cifique n\u2019est requise de la part du salari\u00e9. C\u2019est l\u2019employeur qui d\u00e9cide de verser cette prime et fixe ses modalit\u00e9s d\u2019attribution. En g\u00e9n\u00e9ral, elle est vers\u00e9e directement avec la paie, sans que le salari\u00e9 ait besoin d\u2019en faire la demande.<\/p>\n<h1>Conclusion<\/h1>\n<p>Le cumul de l\u2019AAH et de la Prime Macron (PPV) est possible, bien que certaines pr\u00e9cautions doivent \u00eatre prises quant \u00e0 l\u2019impact \u00e9ventuel de la prime sur le montant de l\u2019AAH. Si la PPV est g\u00e9n\u00e9ralement exon\u00e9r\u00e9e d\u2019imp\u00f4t et de charges, son int\u00e9gration dans le calcul des ressources de l\u2019AAH peut influencer cette derni\u00e8re.<\/p>\n<div class='cta-block'><div class='text'>Simulez toutes vos aides en 2 min. <\/div><a href='https:\/\/www.mes-allocs.fr\/ab-app?origin=guides\/wp-json\/wp\/v2\/posts\/93444' class='app-button fit'>Simulation gratuite<\/a><\/div>\n","protected":false},"excerpt":{"rendered":"<p>L\u2019Allocation aux Adultes Handicap\u00e9s (AAH) est une aide permettant aux personnes en situation de handicap d\u2019avoir un revenu minimum. De son c\u00f4t\u00e9, la Prime Macron, d\u00e9sormais appel\u00e9e Prime de Partage de la Valorisation (PPV), vise \u00e0 soutenir le pouvoir d\u2019achat des salari\u00e9s. Ces deux aides ont des objectifs diff\u00e9rents, mais peuvent-elles \u00eatre cumul\u00e9es sans impact [&hellip;]<\/p>\n","protected":false},"author":32,"featured_media":93448,"comment_status":"open","ping_status":"open","sticky":false,"template":"","format":"standard","meta":{"amp_status":"","footnotes":""},"categories":[40090,40507],"tags":[],"class_list":["post-93444","post","type-post","status-publish","format-standard","has-post-thumbnail","hentry","category-prime-macron","category-prime-macron-conditions"],"yoast_head":"<!-- This site is optimized with the Yoast SEO plugin v14.9 - https:\/\/yoast.com\/wordpress\/plugins\/seo\/ -->\n<title>Peut-on cumuler AAH et Prime Macron ? | Mes-Allocs.fr<\/title>\n<meta name=\"description\" content=\"D\u00e9couvrez si l&#039;AAH et la Prime Macron (PPV) sont cumulables, les conditions \u00e0 remplir et l&#039;impact de la PPV sur le calcul de l&#039;AAH en 2025.\" \/>\n<meta name=\"robots\" content=\"index, follow, max-snippet:-1, max-image-preview:large, max-video-preview:-1\" \/>\n<link rel=\"canonical\" href=\"https:\/\/www.mes-allocs.fr\/guides\/prime-macron\/prime-macron-conditions\/aah-et-prime-macron\/\" \/>\n<meta property=\"og:locale\" content=\"fr_FR\" \/>\n<meta property=\"og:type\" content=\"article\" \/>\n<meta property=\"og:title\" content=\"Peut-on cumuler AAH et Prime Macron ? | Mes-Allocs.fr\" \/>\n<meta property=\"og:description\" content=\"D\u00e9couvrez si l&#039;AAH et la Prime Macron (PPV) sont cumulables, les conditions \u00e0 remplir et l&#039;impact de la PPV sur le calcul de l&#039;AAH en 2025.\" \/>\n<meta property=\"og:url\" content=\"https:\/\/www.mes-allocs.fr\/guides\/prime-macron\/prime-macron-conditions\/aah-et-prime-macron\/\" \/>\n<meta property=\"og:site_name\" content=\"Mes-Allocs.fr\" \/>\n<meta property=\"article:published_time\" content=\"2025-02-20T09:44:13+00:00\" \/>\n<meta property=\"article:modified_time\" content=\"2026-04-22T07:33:42+00:00\" \/>\n<meta property=\"og:image\" content=\"https:\/\/www.mes-allocs.fr\/guides\/wp-content\/uploads\/2025\/02\/wallet-1013789_1280.jpg?wsr\" \/>\n\t<meta property=\"og:image:width\" content=\"1280\" \/>\n\t<meta property=\"og:image:height\" content=\"853\" \/>\n<meta name=\"twitter:card\" content=\"summary_large_image\" \/>\n<script type=\"application\/ld+json\" class=\"yoast-schema-graph\">{\"@context\":\"https:\/\/schema.org\",\"@graph\":[{\"@type\":\"WebSite\",\"@id\":\"https:\/\/www.mes-allocs.fr\/guides\/#website\",\"url\":\"https:\/\/www.mes-allocs.fr\/guides\/\",\"name\":\"Mes-Allocs.fr\",\"description\":\"\",\"potentialAction\":[{\"@type\":\"SearchAction\",\"target\":\"https:\/\/www.mes-allocs.fr\/guides\/?s={search_term_string}\",\"query-input\":\"required name=search_term_string\"}],\"inLanguage\":\"fr-FR\"},{\"@type\":\"ImageObject\",\"@id\":\"https:\/\/www.mes-allocs.fr\/guides\/prime-macron\/prime-macron-conditions\/aah-et-prime-macron\/#primaryimage\",\"inLanguage\":\"fr-FR\",\"url\":\"https:\/\/www.mes-allocs.fr\/guides\/wp-content\/uploads\/2025\/02\/wallet-1013789_1280.jpg?wsr\",\"width\":1280,\"height\":853,\"caption\":\"wallet\"},{\"@type\":\"WebPage\",\"@id\":\"https:\/\/www.mes-allocs.fr\/guides\/prime-macron\/prime-macron-conditions\/aah-et-prime-macron\/#webpage\",\"url\":\"https:\/\/www.mes-allocs.fr\/guides\/prime-macron\/prime-macron-conditions\/aah-et-prime-macron\/\",\"name\":\"Peut-on cumuler AAH et Prime Macron ? | Mes-Allocs.fr\",\"isPartOf\":{\"@id\":\"https:\/\/www.mes-allocs.fr\/guides\/#website\"},\"primaryImageOfPage\":{\"@id\":\"https:\/\/www.mes-allocs.fr\/guides\/prime-macron\/prime-macron-conditions\/aah-et-prime-macron\/#primaryimage\"},\"datePublished\":\"2025-02-20T09:44:13+00:00\",\"dateModified\":\"2026-04-22T07:33:42+00:00\",\"author\":{\"@id\":\"https:\/\/www.mes-allocs.fr\/guides\/#\/schema\/person\/d816df3fd89b867e748b96418f7d8196\"},\"description\":\"D\\u00e9couvrez si l'AAH et la Prime Macron (PPV) sont cumulables, les conditions \\u00e0 remplir et l'impact de la PPV sur le calcul de l'AAH en 2025.\",\"inLanguage\":\"fr-FR\"},{\"@type\":\"Person\",\"@id\":\"https:\/\/www.mes-allocs.fr\/guides\/#\/schema\/person\/d816df3fd89b867e748b96418f7d8196\",\"name\":\"A\\u00efda GHATTAS\",\"image\":{\"@type\":\"ImageObject\",\"@id\":\"https:\/\/www.mes-allocs.fr\/guides\/#personlogo\",\"inLanguage\":\"fr-FR\",\"url\":\"https:\/\/www.mes-allocs.fr\/guides\/wp-content\/uploads\/2025\/01\/id-photo-Aida-150x150.jpg\",\"caption\":\"A\\u00efda GHATTAS\"},\"description\":\"A\\u00efda est r\\u00e9dactrice web sp\\u00e9cialis\\u00e9e dans l'actualit\\u00e9, avec un int\\u00e9r\\u00eat particulier pour les aides financi\\u00e8res et dispositifs accessibles au grand public. Elle d\\u00e9crypte les mesures sociales, \\u00e9conomiques ou administratives, mais explore aussi d\\u2019autres th\\u00e9matiques li\\u00e9es \\u00e0 la vie quotidienne et aux droits des \\u00e9trangers, pour proposer une information claire, utile et toujours \\u00e0 jour. Elle rejoint Mes Allocs en 2025 apr\\u00e8s une premi\\u00e8re exp\\u00e9rience dans les t\\u00e9l\\u00e9communications.\",\"sameAs\":[\"https:\/\/www.linkedin.com\/in\/aidaghattas321\/\"]}]}<\/script>\n<!-- \/ Yoast SEO plugin. -->","amp_validity":null,"acf":{"faq":{"1":{"question":"Faut-il d\u00e9clarer la Prime Macron \u00e0 la CAF ?","answer":"Oui, la nouvelle Prime de Partage de la Valeur (PPV), qui remplace la Prime Macron, doit \u00eatre d\u00e9clar\u00e9e \u00e0 la CAF, car elle est incluse dans le calcul des prestations sociales."},"2":{"question":"Qui a droit \u00e0 la Prime Macron en 2025 ?","answer":"En 2025, la PPV peut \u00eatre vers\u00e9e par les employeurs aux salari\u00e9s, y compris aux travailleurs en \u00c9sat, selon les conditions d\u00e9finies par l\u2019entreprise ou la convention collective."},"3":{"question":"Les b\u00e9n\u00e9ficiaires de l'AAH ont-ils droit \u00e0 la Prime de No\u00ebl ?","answer":"Non, l'AAH ne permet pas de b\u00e9n\u00e9ficier de la Prime de No\u00ebl."},"4":{"question":"Quel est le montant de la prime exceptionnelle AAH en 2025 ?","answer":"Le montant de la prime exceptionnelle est de 100 euros, avec 50 euros suppl\u00e9mentaires pour chaque enfant \u00e0 charge. "},"5":{"question":"Quand sera vers\u00e9e la prime inflation pour les b\u00e9n\u00e9ficiaires de l'AAH ?","answer":"Aucune nouvelle prime inflation n\u2019a \u00e9t\u00e9 officialis\u00e9e pour 2025."},"6":{"question":"","answer":""},"7":{"question":"","answer":""},"8":{"question":"","answer":""},"9":{"question":"","answer":""},"10":{"question":"","answer":""},"11":{"question":"","answer":""},"12":{"question":"","answer":""},"13":{"question":"","answer":""},"14":{"question":"","answer":""},"15":{"question":"","answer":""},"16":{"question":"","answer":""}}},"_links":{"self":[{"href":"https:\/\/www.mes-allocs.fr\/guides\/wp-json\/wp\/v2\/posts\/93444","targetHints":{"allow":["GET"]}}],"collection":[{"href":"https:\/\/www.mes-allocs.fr\/guides\/wp-json\/wp\/v2\/posts"}],"about":[{"href":"https:\/\/www.mes-allocs.fr\/guides\/wp-json\/wp\/v2\/types\/post"}],"author":[{"embeddable":true,"href":"https:\/\/www.mes-allocs.fr\/guides\/wp-json\/wp\/v2\/users\/32"}],"replies":[{"embeddable":true,"href":"https:\/\/www.mes-allocs.fr\/guides\/wp-json\/wp\/v2\/comments?post=93444"}],"version-history":[{"count":12,"href":"https:\/\/www.mes-allocs.fr\/guides\/wp-json\/wp\/v2\/posts\/93444\/revisions"}],"predecessor-version":[{"id":99142,"href":"https:\/\/www.mes-allocs.fr\/guides\/wp-json\/wp\/v2\/posts\/93444\/revisions\/99142"}],"wp:featuredmedia":[{"embeddable":true,"href":"https:\/\/www.mes-allocs.fr\/guides\/wp-json\/wp\/v2\/media\/93448"}],"wp:attachment":[{"href":"https:\/\/www.mes-allocs.fr\/guides\/wp-json\/wp\/v2\/media?parent=93444"}],"wp:term":[{"taxonomy":"category","embeddable":true,"href":"https:\/\/www.mes-allocs.fr\/guides\/wp-json\/wp\/v2\/categories?post=93444"},{"taxonomy":"post_tag","embeddable":true,"href":"https:\/\/www.mes-allocs.fr\/guides\/wp-json\/wp\/v2\/tags?post=93444"}],"curies":[{"name":"wp","href":"https:\/\/api.w.org\/{rel}","templated":true}]}}