{"id":93384,"date":"2025-02-20T13:57:30","date_gmt":"2025-02-20T11:57:30","guid":{"rendered":"https:\/\/www.mes-allocs.fr\/guides\/?p=93384"},"modified":"2026-04-22T08:33:41","modified_gmt":"2026-04-22T07:33:41","slug":"13e-mois-imposable","status":"publish","type":"post","link":"https:\/\/www.mes-allocs.fr\/guides\/aides-sociales\/prime-13e-mois\/13e-mois-imposable\/","title":{"rendered":"13\u00e8me mois imposable : est-ce encore vrai en 2026 ?"},"content":{"rendered":"<p><img loading=\"lazy\" decoding=\"async\" class=\"alignnone wp-image-93386\" title=\"imposable eme mois\" src=\"https:\/\/www.mes-allocs.fr\/guides\/wp-content\/uploads\/2025\/02\/imposable-13eme-mois-e1739970085781-300x46.jpg\" alt=\"imposable eme mois\" width=\"1403\" height=\"215\" srcset=\"https:\/\/www.mes-allocs.fr\/guides\/wp-content\/uploads\/2025\/02\/imposable-13eme-mois-e1739970085781-300x46.jpg 300w, https:\/\/www.mes-allocs.fr\/guides\/wp-content\/uploads\/2025\/02\/imposable-13eme-mois-e1739970085781-1024x156.jpg 1024w, https:\/\/www.mes-allocs.fr\/guides\/wp-content\/uploads\/2025\/02\/imposable-13eme-mois-e1739970085781-768x117.jpg 768w, https:\/\/www.mes-allocs.fr\/guides\/wp-content\/uploads\/2025\/02\/imposable-13eme-mois-e1739970085781-1536x234.jpg 1536w, https:\/\/www.mes-allocs.fr\/guides\/wp-content\/uploads\/2025\/02\/imposable-13eme-mois-e1739970085781-600x91.jpg 600w, https:\/\/www.mes-allocs.fr\/guides\/wp-content\/uploads\/2025\/02\/imposable-13eme-mois-e1739970085781.jpg 1800w\" sizes=\"auto, (max-width: 1403px) 100vw, 1403px\" \/><\/p>\n<p>[Mis \u00e0 jour le 09\/04\/2026] L&rsquo;aide sociale est un sujet important dans le cadre des droits des salari\u00e9s, notamment lorsqu&rsquo;il s&rsquo;agit des primes et compl\u00e9ments de salaire. Une question souvent pos\u00e9e concerne la <a href=\"https:\/\/www.mes-allocs.fr\/guides\/aides-sociales\/prime-13e-mois\/\">prime du 13\u00e8me mois<\/a>. Est-elle imposable ? Cette prime, qui permet de percevoir un mois de salaire suppl\u00e9mentaire, peut soulever des interrogations sur ses implications fiscales et sociales. Dans cet article, d\u00e9couvrez si la prime de <b>13\u00e8me mois est imposable<\/b>, comment elle est trait\u00e9e au niveau de l\u2019imp\u00f4t sur le revenu et des cotisations sociales et quelles sont les particularit\u00e9s fiscales \u00e0 prendre en compte.<\/p>\n<p class=\"p1\"><div class='cta-block'><div class='text'>Simulez vos imp\u00f4ts en 2 min.<\/div><a href='https:\/\/www.mes-allocs.fr\/simulation-impots?origin=guides\/wp-json\/wp\/v2\/posts\/93384' class='app-button fit'>Simulation gratuite<\/a><\/div><\/p>\n<h1>Le 13\u00e8me mois est-il imposable en 2026 ?<\/h1>\n<p><strong>Oui, le 13\u00e8me mois est imposable.<\/strong><\/p>\n<h2>Pourquoi le 13\u00e8me mois est-il soumis \u00e0 l&rsquo;imp\u00f4t sur le revenu ?<\/h2>\n<p>Le 13\u00e8me mois est soumis \u00e0 l\u2019imp\u00f4t sur le revenu, car il est consid\u00e9r\u00e9 comme un compl\u00e9ment de salaire \u00e0 part enti\u00e8re. Parmi les principales raisons de cette imposition, on retrouve :<\/p>\n<ul>\n<li aria-level=\"1\"><b>La nature de la prime<\/b> : le 13\u00e8me mois est une prime qui s\u2019ajoute au salaire et fait partie de la r\u00e9mun\u00e9ration globale du salari\u00e9.<\/li>\n<li aria-level=\"1\"><b>Le traitement fiscal<\/b> : cette prime est trait\u00e9e de la m\u00eame mani\u00e8re que les autres \u00e9l\u00e9ments de r\u00e9mun\u00e9ration, tels que le salaire de base ou les autres primes.<\/li>\n<li aria-level=\"1\"><b>La mention sur la fiche de paie<\/b> : le 13\u00e8me mois appara\u00eet sur le bulletin de salaire dans la partie d\u00e9di\u00e9e \u00e0 la r\u00e9mun\u00e9ration brute, ce qui confirme son statut de revenu imposable.<\/li>\n<\/ul>\n<h2>Comment le pr\u00e9l\u00e8vement \u00e0 la source s\u2019applique-t-il au 13\u00e8me mois ?<\/h2>\n<p>Le pr\u00e9l\u00e8vement \u00e0 la source s&rsquo;applique au 13\u00e8me mois de la m\u00eame mani\u00e8re qu\u2019aux autres revenus imposables du salari\u00e9. L\u2019employeur doit effectuer le <b>pr\u00e9l\u00e8vement sur le montant du 13\u00e8me mois en utilisant le taux d\u2019imposition<\/b> communiqu\u00e9 par l\u2019administration fiscale pour le salari\u00e9 concern\u00e9. Ce pr\u00e9l\u00e8vement appara\u00eet sur la fiche de paie du mois o\u00f9 la prime est vers\u00e9e, g\u00e9n\u00e9ralement en fin d\u2019ann\u00e9e.<\/p>\n<p>Le calcul du pr\u00e9l\u00e8vement \u00e0 la source sur le 13\u00e8me mois se fait<b> en appliquant le taux de pr\u00e9l\u00e8vement \u00e0 la r\u00e9mun\u00e9ration nette imposable<\/b> de cette prime. La formule utilis\u00e9e est la suivante :<\/p>\n<p>(montant brut du 13\u00e8me mois &#8211; cotisations sociales) + CSG\/CRGS non d\u00e9ductibles.<\/p>\n<p>Le r\u00e9sultat est ensuite multipli\u00e9 par le taux de de pr\u00e9l\u00e8vement applicable au salari\u00e9.<\/p>\n<h2>Existe-t-il des particularit\u00e9s fiscales pour le 13\u00e8me mois ?<\/h2>\n<p>M\u00eame si le 13\u00e8me mois est g\u00e9n\u00e9ralement trait\u00e9 comme un revenu imposable classique, il existe quelques particularit\u00e9s fiscales \u00e0 noter :<\/p>\n<ul>\n<li aria-level=\"1\"><b>L\u2019impact sur le revenu annuel <\/b>: le <a href=\"https:\/\/www.mes-allocs.fr\/guides\/aides-sociales\/prime-13e-mois\/versement-13eme-mois\/\">versement du 13\u00e8me mois<\/a> augmente le revenu imposable total de l\u2019ann\u00e9e, ce qui peut potentiellement modifier la tranche d\u2019imposition du salari\u00e9.<\/li>\n<li aria-level=\"1\"><b>Les cotisations sociales<\/b> : le 13\u00e8me mois est soumis aux m\u00eames cotisations sociales que le salaire habituel, y compris les cotisations de pr\u00e9voyance et de retraite compl\u00e9mentaire.<\/li>\n<li aria-level=\"1\"><b>L\u2019impact sur les droits sociaux<\/b> : les cotisations pr\u00e9lev\u00e9es sur le 13\u00e8me mois sont prises en compte dans le calcul des droits \u00e0 la retraite et \u00e0 l\u2019assurance ch\u00f4mage.<\/li>\n<\/ul>\n<p class=\"p1\"><div class='cta-block'><div class='text'>Simulez vos imp\u00f4ts en 2 min.<\/div><a href='https:\/\/www.mes-allocs.fr\/simulation-impots?origin=guides\/wp-json\/wp\/v2\/posts\/93384' class='app-button fit'>Simulation gratuite<\/a><\/div><\/p>\n<h1>Quelles sont les autres implications sociales et fiscales du 13\u00e8me mois ?<\/h1>\n<h2>Le 13\u00e8me mois est-il soumis aux cotisations sociales ?<\/h2>\n<p>Oui, le 13\u00e8me mois est soumis aux cotisations sociales. En tant que compl\u00e9ment de salaire, il est trait\u00e9 <b>de la m\u00eame mani\u00e8re que le salaire habituel <\/b>en termes de cotisations. Cela signifie que toutes les cotisations sociales habituelles s\u2019appliquent, y compris les cotisations de s\u00e9curit\u00e9 sociale, de retraite, de ch\u00f4mage et de pr\u00e9voyance.<\/p>\n<p>Le fait d\u2019\u00eatre soumis aux cotisations sociales a des implications importantes pour les droits sociaux des salari\u00e9s. Ainsi, certains se demandent : <a href=\"https:\/\/www.mes-allocs.fr\/guides\/aides-sociales\/prime-13e-mois\/impact-13e-mois-retraite\/\">est-ce que la prime de 13e mois compte pour la retraite<\/a> ?\u00a0La r\u00e9ponse est oui : la prime de 13\u00e8me mois est prise en compte dans le calcul des droits \u00e0 la retraite, car elle est soumise aux cotisations de retraite. De m\u00eame, elle est incluse dans le calcul de l\u2019assurance ch\u00f4mage en cas de rupture du contrat de travail, \u00e9tant donn\u00e9 qu\u2019elle est soumise aux cotisations ch\u00f4mage.<\/p>\n<h2>Quelles absences peuvent affecter le montant du 13\u00e8me mois et son imposition ?<\/h2>\n<p>L\u2019impact des absences sur le montant du 13\u00e8me mois d\u00e9pend principalement des modalit\u00e9s pr\u00e9vues dans l\u2019accord qui institue cette prime. Cependant, il existe plusieurs m\u00e9thodes de traitement concernant les absences dans le cadre du 13\u00e8me mois.<\/p>\n<p>Les<b> absences consid\u00e9r\u00e9es comme du temps de travail effectif <\/b>n\u2019ont g\u00e9n\u00e9ralement pas d\u2019impact sur le montant du 13\u00e8me mois. C\u2019est notamment le cas des cong\u00e9s pay\u00e9s. Ces absences<b> n\u2019affectent donc ni le montant de la prime ni son imposition<\/b>.<\/p>\n<p>En revanche, certaines absences <b>peuvent r\u00e9duire le montant <\/b>de la prime si l\u2019accord pr\u00e9voit que celle-ci est li\u00e9e au temps de pr\u00e9sence ou au travail effectif dans l\u2019entreprise. Il s\u2019agit notamment des absences injustifi\u00e9es, du cong\u00e9 parental de pr\u00e9sence parentale, des <b>cong\u00e9s sans solde<\/b>, <b>du cong\u00e9 parental \u00e0 temps plein <\/b>et du <b>cong\u00e9 de solidarit\u00e9 familiale<\/b>. Dans ces cas, le montant de la prime peut \u00eatre r\u00e9duit proportionnellement \u00e0 la dur\u00e9e de l&rsquo;absence.<\/p>\n<p>Pour ce qui est des<b> arr\u00eats maladie <\/b>et des <b>accidents du travail<\/b>, leur impact d\u00e9pend des dispositions de l\u2019accord. Si rien n\u2019est pr\u00e9vu, ces absences n\u2019affectent g\u00e9n\u00e9ralement pas le montant du 13\u00e8me mois. Cependant, si l\u2019accord stipule que la prime est li\u00e9e au temps de pr\u00e9sence ou au travail effectif, ces absences peuvent entra\u00eener une r\u00e9duction du montant de la prime.<\/p>\n<p class=\"p1\"><div class='cta-block'><div class='text'>Simulez vos imp\u00f4ts en 2 min.<\/div><a href='https:\/\/www.mes-allocs.fr\/simulation-impots?origin=guides\/wp-json\/wp\/v2\/posts\/93384' class='app-button fit'>Simulation gratuite<\/a><\/div><\/p>\n","protected":false},"excerpt":{"rendered":"<p>[Mis \u00e0 jour le 09\/04\/2026] L&rsquo;aide sociale est un sujet important dans le cadre des droits des salari\u00e9s, notamment lorsqu&rsquo;il s&rsquo;agit des primes et compl\u00e9ments de salaire. Une question souvent pos\u00e9e concerne la prime du 13\u00e8me mois. Est-elle imposable ? Cette prime, qui permet de percevoir un mois de salaire suppl\u00e9mentaire, peut soulever des interrogations [&hellip;]<\/p>\n","protected":false},"author":31,"featured_media":93385,"comment_status":"open","ping_status":"open","sticky":false,"template":"","format":"standard","meta":{"amp_status":"","footnotes":""},"categories":[1411,43999],"tags":[],"class_list":["post-93384","post","type-post","status-publish","format-standard","has-post-thumbnail","hentry","category-aides-sociales","category-prime-13e-mois"],"yoast_head":"<!-- This site is optimized with the Yoast SEO plugin v14.9 - https:\/\/yoast.com\/wordpress\/plugins\/seo\/ -->\n<title>13\u00e8me mois imposable : est-ce encore vrai en 2026 ? | Mes-Allocs.fr<\/title>\n<meta name=\"description\" content=\"D\u00e9couvrez si la prime du 13\u00e8me mois est imposable et son impact sur l&#039;imp\u00f4t, les cotisations sociales et les droits des salari\u00e9s.\" \/>\n<meta name=\"robots\" content=\"index, follow, max-snippet:-1, max-image-preview:large, max-video-preview:-1\" \/>\n<link rel=\"canonical\" href=\"https:\/\/www.mes-allocs.fr\/guides\/aides-sociales\/prime-13e-mois\/13e-mois-imposable\/\" \/>\n<meta property=\"og:locale\" content=\"fr_FR\" \/>\n<meta property=\"og:type\" content=\"article\" \/>\n<meta property=\"og:title\" content=\"13\u00e8me mois imposable : est-ce encore vrai en 2026 ? | Mes-Allocs.fr\" \/>\n<meta property=\"og:description\" content=\"D\u00e9couvrez si la prime du 13\u00e8me mois est imposable et son impact sur l&#039;imp\u00f4t, les cotisations sociales et les droits des salari\u00e9s.\" \/>\n<meta property=\"og:url\" content=\"https:\/\/www.mes-allocs.fr\/guides\/aides-sociales\/prime-13e-mois\/13e-mois-imposable\/\" \/>\n<meta property=\"og:site_name\" content=\"Mes-Allocs.fr\" \/>\n<meta property=\"article:published_time\" content=\"2025-02-20T11:57:30+00:00\" \/>\n<meta property=\"article:modified_time\" content=\"2026-04-22T07:33:41+00:00\" \/>\n<meta property=\"og:image\" content=\"https:\/\/www.mes-allocs.fr\/guides\/wp-content\/uploads\/2025\/02\/13eme-mois-imposable.jpg?wsr\" \/>\n\t<meta property=\"og:image:width\" content=\"1800\" \/>\n\t<meta property=\"og:image:height\" content=\"1202\" \/>\n<meta name=\"twitter:card\" content=\"summary_large_image\" \/>\n<script type=\"application\/ld+json\" class=\"yoast-schema-graph\">{\"@context\":\"https:\/\/schema.org\",\"@graph\":[{\"@type\":\"WebSite\",\"@id\":\"https:\/\/www.mes-allocs.fr\/guides\/#website\",\"url\":\"https:\/\/www.mes-allocs.fr\/guides\/\",\"name\":\"Mes-Allocs.fr\",\"description\":\"\",\"potentialAction\":[{\"@type\":\"SearchAction\",\"target\":\"https:\/\/www.mes-allocs.fr\/guides\/?s={search_term_string}\",\"query-input\":\"required name=search_term_string\"}],\"inLanguage\":\"fr-FR\"},{\"@type\":\"ImageObject\",\"@id\":\"https:\/\/www.mes-allocs.fr\/guides\/aides-sociales\/prime-13e-mois\/13e-mois-imposable\/#primaryimage\",\"inLanguage\":\"fr-FR\",\"url\":\"https:\/\/www.mes-allocs.fr\/guides\/wp-content\/uploads\/2025\/02\/13eme-mois-imposable.jpg?wsr\",\"width\":1800,\"height\":1202,\"caption\":\"eme mois imposable\"},{\"@type\":\"WebPage\",\"@id\":\"https:\/\/www.mes-allocs.fr\/guides\/aides-sociales\/prime-13e-mois\/13e-mois-imposable\/#webpage\",\"url\":\"https:\/\/www.mes-allocs.fr\/guides\/aides-sociales\/prime-13e-mois\/13e-mois-imposable\/\",\"name\":\"13\\u00e8me mois imposable : est-ce encore vrai en 2026 ? | Mes-Allocs.fr\",\"isPartOf\":{\"@id\":\"https:\/\/www.mes-allocs.fr\/guides\/#website\"},\"primaryImageOfPage\":{\"@id\":\"https:\/\/www.mes-allocs.fr\/guides\/aides-sociales\/prime-13e-mois\/13e-mois-imposable\/#primaryimage\"},\"datePublished\":\"2025-02-20T11:57:30+00:00\",\"dateModified\":\"2026-04-22T07:33:41+00:00\",\"author\":{\"@id\":\"https:\/\/www.mes-allocs.fr\/guides\/#\/schema\/person\/4f115680446d9e6de360142157ca671d\"},\"description\":\"D\\u00e9couvrez si la prime du 13\\u00e8me mois est imposable et son impact sur l'imp\\u00f4t, les cotisations sociales et les droits des salari\\u00e9s.\",\"inLanguage\":\"fr-FR\"},{\"@type\":\"Person\",\"@id\":\"https:\/\/www.mes-allocs.fr\/guides\/#\/schema\/person\/4f115680446d9e6de360142157ca671d\",\"name\":\"Miangaly Ramasindray\",\"image\":{\"@type\":\"ImageObject\",\"@id\":\"https:\/\/www.mes-allocs.fr\/guides\/#personlogo\",\"inLanguage\":\"fr-FR\",\"url\":\"https:\/\/www.mes-allocs.fr\/guides\/wp-content\/uploads\/2024\/10\/Miangaly_Ramasindray-150x150.jpeg\",\"caption\":\"Miangaly Ramasindray\"},\"description\":\"Miangaly est r\\u00e9dactrice web sp\\u00e9cialis\\u00e9e sur les sujets de pouvoir d'achat. Elle rejoint Mes Allocs en 2024 apr\\u00e8s une premi\\u00e8re exp\\u00e9rience en marketing chez DMI.\",\"sameAs\":[\"https:\/\/www.linkedin.com\/in\/miangaly-ramasindray\/\"]}]}<\/script>\n<!-- \/ Yoast SEO plugin. -->","amp_validity":null,"acf":{"faq":{"1":{"question":"Le 13\u00e8me mois est-il soumis \u00e0 la Contribution Sociale G\u00e9n\u00e9ralis\u00e9e (CSG) et \u00e0 la Contribution au Remboursement de la Dette Sociale (CRDS) ?","answer":"Oui, le 13\u00e8me mois est soumis \u00e0 la CSG et \u00e0 la CRDS, au m\u00eame titre que le salaire habituel. Ces contributions sont pr\u00e9lev\u00e9es sur le montant brut du 13\u00e8me mois."},"2":{"question":"Comment le 13\u00e8me mois est-il d\u00e9clar\u00e9 aux imp\u00f4ts ?","answer":"Le 13\u00e8me mois est pr\u00e9-rempli dans la d\u00e9claration de revenus du salari\u00e9, au m\u00eame titre que les autres salaires. Il est important de v\u00e9rifier que le montant d\u00e9clar\u00e9 est correct.\r\n\r\n"},"3":{"question":"Le 13\u00e8me mois peut-il avoir un impact sur le calcul du quotient familial ?","answer":"Oui, le 13\u00e8me mois augmente le revenu imposable du foyer, ce qui peut potentiellement modifier le quotient familial et donc le montant de l'imp\u00f4t sur le revenu.\r\n\r\n"},"4":{"question":"Le 13\u00e8me mois est-il pris en compte pour le calcul de certaines aides sociales ?","answer":"Oui, le 13\u00e8me mois est pris en compte dans le calcul de certaines aides sociales, car il augmente le revenu imposable du foyer."},"5":{"question":"Existe-t-il des cas particuliers o\u00f9 le 13\u00e8me mois peut \u00eatre exon\u00e9r\u00e9 d'imp\u00f4t ?","answer":"Non, il n'existe pas de cas particuliers o\u00f9 le 13\u00e8me mois peut \u00eatre exon\u00e9r\u00e9 d'imp\u00f4t. Il est toujours consid\u00e9r\u00e9 comme un compl\u00e9ment de salaire et est donc imposable."},"6":{"question":"Comment le 13\u00e8me mois est-il pris en compte en cas de d\u00e9part de l'entreprise en cours d'ann\u00e9e ?","answer":"Si le salari\u00e9 quitte l'entreprise en cours d'ann\u00e9e, le 13\u00e8me mois est vers\u00e9 au prorata de la p\u00e9riode travaill\u00e9e et est soumis \u00e0 l'imp\u00f4t sur le revenu de la m\u00eame mani\u00e8re."},"7":{"question":"","answer":""},"8":{"question":"","answer":""},"9":{"question":"","answer":""},"10":{"question":"","answer":""},"11":{"question":"","answer":""},"12":{"question":"","answer":""},"13":{"question":"","answer":""},"14":{"question":"","answer":""},"15":{"question":"","answer":""},"16":{"question":"","answer":""}}},"_links":{"self":[{"href":"https:\/\/www.mes-allocs.fr\/guides\/wp-json\/wp\/v2\/posts\/93384","targetHints":{"allow":["GET"]}}],"collection":[{"href":"https:\/\/www.mes-allocs.fr\/guides\/wp-json\/wp\/v2\/posts"}],"about":[{"href":"https:\/\/www.mes-allocs.fr\/guides\/wp-json\/wp\/v2\/types\/post"}],"author":[{"embeddable":true,"href":"https:\/\/www.mes-allocs.fr\/guides\/wp-json\/wp\/v2\/users\/31"}],"replies":[{"embeddable":true,"href":"https:\/\/www.mes-allocs.fr\/guides\/wp-json\/wp\/v2\/comments?post=93384"}],"version-history":[{"count":7,"href":"https:\/\/www.mes-allocs.fr\/guides\/wp-json\/wp\/v2\/posts\/93384\/revisions"}],"predecessor-version":[{"id":111842,"href":"https:\/\/www.mes-allocs.fr\/guides\/wp-json\/wp\/v2\/posts\/93384\/revisions\/111842"}],"wp:featuredmedia":[{"embeddable":true,"href":"https:\/\/www.mes-allocs.fr\/guides\/wp-json\/wp\/v2\/media\/93385"}],"wp:attachment":[{"href":"https:\/\/www.mes-allocs.fr\/guides\/wp-json\/wp\/v2\/media?parent=93384"}],"wp:term":[{"taxonomy":"category","embeddable":true,"href":"https:\/\/www.mes-allocs.fr\/guides\/wp-json\/wp\/v2\/categories?post=93384"},{"taxonomy":"post_tag","embeddable":true,"href":"https:\/\/www.mes-allocs.fr\/guides\/wp-json\/wp\/v2\/tags?post=93384"}],"curies":[{"name":"wp","href":"https:\/\/api.w.org\/{rel}","templated":true}]}}