{"id":93377,"date":"2025-02-20T13:57:27","date_gmt":"2025-02-20T11:57:27","guid":{"rendered":"https:\/\/www.mes-allocs.fr\/guides\/?p=93377"},"modified":"2026-04-22T08:33:41","modified_gmt":"2026-04-22T07:33:41","slug":"impact-13e-mois-retraite","status":"publish","type":"post","link":"https:\/\/www.mes-allocs.fr\/guides\/aides-sociales\/prime-13e-mois\/impact-13e-mois-retraite\/","title":{"rendered":"Est-ce que le 13eme mois compte pour la retraite ?"},"content":{"rendered":"<p><img loading=\"lazy\" decoding=\"async\" class=\"alignnone wp-image-93379\" title=\"eme mois retraite\" src=\"https:\/\/www.mes-allocs.fr\/guides\/wp-content\/uploads\/2025\/02\/13eme-mois-retraite-e1739964370979-300x52.jpg\" alt=\"eme mois retraite\" width=\"1575\" height=\"273\" srcset=\"https:\/\/www.mes-allocs.fr\/guides\/wp-content\/uploads\/2025\/02\/13eme-mois-retraite-e1739964370979-300x52.jpg 300w, https:\/\/www.mes-allocs.fr\/guides\/wp-content\/uploads\/2025\/02\/13eme-mois-retraite-e1739964370979-1024x176.jpg 1024w, https:\/\/www.mes-allocs.fr\/guides\/wp-content\/uploads\/2025\/02\/13eme-mois-retraite-e1739964370979-768x132.jpg 768w, https:\/\/www.mes-allocs.fr\/guides\/wp-content\/uploads\/2025\/02\/13eme-mois-retraite-e1739964370979-600x103.jpg 600w\" sizes=\"auto, (max-width: 1575px) 100vw, 1575px\" \/><\/p>\n<p>[Mis \u00e0 jour le 09\/04\/2026] Lorsqu\u2019il s\u2019agit de pr\u00e9parer sa retraite, il est important de comprendre quels revenus sont pris en compte dans le calcul des droits. Le <a href=\"https:\/\/www.mes-allocs.fr\/guides\/aides-sociales\/prime-13e-mois\/\">13\u00e8me mois<\/a>, souvent per\u00e7u comme un compl\u00e9ment de salaire, soul\u00e8ve des questions quant \u00e0 son impact sur la pension et la validation des trimestres. Contrairement \u00e0 une aide sociale, qui repose sur un principe de solidarit\u00e9, cette prime r\u00e9sulte directement du contrat de travail et des cotisations vers\u00e9es. Beaucoup se demandent : <strong>est-ce que le 13eme mois compte pour la retraite<\/strong> ? R\u00e9ponse dans cet article !<\/p>\n<p class=\"p1\"><div class='cta-block'><div class='text'>Simulez votre retraite en 2 min.<\/div><a href='https:\/\/www.mes-allocs.fr\/formulaire\/retraite?utm_source=seo&origin=guides\/wp-json\/wp\/v2\/posts\/93377' class='app-button fit'>Simulation gratuite<\/a><\/div><\/p>\n<h1>Qu\u2019est ce que le 13\u00e8me mois et comment fonctionne-t-il ?<\/h1>\n<p>Le 13\u00e8me mois est une prime qui est <b>vers\u00e9e par votre employeur en plus de votre salaire<\/b>. C\u2019est un avantage salarial qui n\u2019est pas obligatoire selon la loi, mais qui peut \u00eatre pr\u00e9vu par une convention collective, un accord d&rsquo;entreprise ou votre contrat de travail. Le montant de cette prime est g\u00e9n\u00e9ralement \u00e9quivalent \u00e0 un mois de salaire brut ou \u00e0 la moyenne des salaires de l\u2019ann\u00e9e.<\/p>\n<p>Il est important de ne pas confondre le 13\u00e8me mois avec le paiement du salaire sur 13 mois, qui est simplement une modalit\u00e9 de versement du salaire annuel. Vous pouvez b\u00e9n\u00e9ficier \u00e0 la fois d\u2019un salaire vers\u00e9 sur 13 mois et d\u2019une prime de 13\u00e8me mois, car ces deux \u00e9l\u00e9ments ont des objets diff\u00e9rents.<\/p>\n<h1>Le 13\u00e8me mois est-il pris en compte pour la retraite ?<\/h1>\n<h2>La prime du 13\u00e8me mois entre-t-elle dans le calcul des droits \u00e0 la retraite ?<\/h2>\n<p>Oui, la prime de 13\u00e8me mois est<b> prise en compte pour le calcul des droits \u00e0 la retraite<\/b>. \u00c9tant soumise aux cotisations sociales, elle contribue \u00e0 augmenter le montant des revenus annuels soumis \u00e0 cotisation et \u00e0 am\u00e9liorer le calcul des droits \u00e0 la retraite dans les r\u00e9gimes de base et compl\u00e9mentaire.<\/p>\n<h2>Quelle est l\u2019influence du 13\u00e8me mois sur les trimestres valid\u00e9s ?<\/h2>\n<p>Le 13\u00e8me mois peut aussi avoir une <b>influence sur le nombre de trimestres valid\u00e9s <\/b>pour la retraite. En effet, chaque trimestre est valid\u00e9 lorsque le salari\u00e9 atteint un seuil de revenus soumis \u00e0 cotisation (fix\u00e9 annuellement). La prime de 13\u00e8me mois, en augmentant les revenus annuels, peut permettre d\u2019atteindre plus rapidement ce seuil et de valider un ou plusieurs trimestres suppl\u00e9mentaires dans l\u2019ann\u00e9e.<\/p>\n<h2>Y a-t-il des diff\u00e9rences selon le statut (fonctionnaire ou salari\u00e9 priv\u00e9) ?<\/h2>\n<p>Oui, il existe des <b>diff\u00e9rences selon le statut<\/b>. Dans le secteur priv\u00e9, le 13\u00e8me mois est souvent pr\u00e9vu par des conventions collectives ou des accords d\u2019entreprise et contribue aux droits \u00e0 la retraite comme tout autre \u00e9l\u00e9ment de salaire soumis \u00e0 cotisation.<\/p>\n<p>En revanche, dans la fonction publique, le 13\u00e8me mois n\u2019existe pas officiellement. Certaines primes \u00e9quivalentes peuvent \u00eatre vers\u00e9es dans des collectivit\u00e9s ou \u00e9tablissements publics ayant instaur\u00e9 cette pratique avant 1984. Ces primes sont soumises aux m\u00eames r\u00e8gles de cotisation et influencent aussi les droits \u00e0 la retraite lorsqu\u2019elles sont vers\u00e9es.<\/p>\n<p class=\"p1\"><div class='cta-block'><div class='text'>Simulez votre retraite en 2 min.<\/div><a href='https:\/\/www.mes-allocs.fr\/formulaire\/retraite?utm_source=seo&origin=guides\/wp-json\/wp\/v2\/posts\/93377' class='app-button fit'>Simulation gratuite<\/a><\/div><\/p>\n<h1>Le 13\u00e8me mois a-t-il d\u2019autres impacts financiers importants ?<\/h1>\n<h2>Le 13\u00e8me mois est-il pris en compte pour l\u2019assurance ch\u00f4mage ?<\/h2>\n<p>Oui, le 13\u00e8me mois est <b>pris en compte pour l\u2019assurance ch\u00f4mage<\/b>. La prime de 13\u00e8me mois est soumise aux cotisations ch\u00f4mage et est int\u00e9gr\u00e9e dans le calcul des droits \u00e0 l\u2019assurance ch\u00f4mage en cas de rupture du contrat de travail ouvrant droit \u00e0 ce r\u00e9gime. Cela signifie que le <a href=\"https:\/\/www.mes-allocs.fr\/guides\/aides-sociales\/prime-13e-mois\/versement-13eme-mois\/\">versement d\u2019un 13\u00e8me mois<\/a>\u00a0peut potentiellement augmenter le montant des indemnit\u00e9s ch\u00f4mage auxquelles un salari\u00e9 aurait droit s\u2019il perdait son emploi.<\/p>\n<h2>Le montant du 13\u00e8me mois est-il imposable ?<\/h2>\n<p>Oui, le <a href=\"https:\/\/www.mes-allocs.fr\/guides\/aides-sociales\/prime-13e-mois\/13eme-mois-imposable%e2%80%8b\/\">montant du 13\u00e8me mois est imposable<\/a>. La prime de 13\u00e8me mois est consid\u00e9r\u00e9e comme un compl\u00e9ment de salaire et figure \u00e0 ce titre sur la fiche de paie. En tant qu\u2019\u00e9l\u00e9ment de r\u00e9mun\u00e9ration, elle est soumise \u00e0 l\u2019imp\u00f4t sur le revenu au m\u00eame titre que le salaire habituel. Il est important pour les salari\u00e9s de prendre en compte l\u2019imposition lors de la r\u00e9ception du 13\u00e8me mois.<\/p>\n<h1>Quelles sont les autres primes prises en compte ou non pour la retraite ?<\/h1>\n<h2>Les primes prises en compte pour la retraite<\/h2>\n<p>Plusieurs types de primes sont pris en compte dans le calcul de la retraite :<\/p>\n<ul>\n<li aria-level=\"1\">Le 13\u00e8me mois<\/li>\n<li aria-level=\"1\">Les primes d\u2019anciennet\u00e9<\/li>\n<li aria-level=\"1\">Les primes de rendement<\/li>\n<li aria-level=\"1\">Les indemnit\u00e9s de cong\u00e9s pay\u00e9s<\/li>\n<li aria-level=\"1\">Les heures suppl\u00e9mentaires<\/li>\n<\/ul>\n<p>Ces primes sont soumises aux cotisations sociales et sont donc int\u00e9gr\u00e9es dans le calcul des droits \u00e0 la retraite.<\/p>\n<h2>Les primes non prises en compte pour la retraite<\/h2>\n<p>Certaines primes ne sont pas prises en compte dans le calcul de la retraite :<\/p>\n<ul>\n<li aria-level=\"1\">La prime de partage de valeur (anciennement \u201cprime Macron\u201d) : cette prime est exon\u00e9r\u00e9e de cotisations sociales et n\u2019est donc pas comptabilis\u00e9e pour le calcul des droits \u00e0 la retraite.<\/li>\n<li aria-level=\"1\">L\u2019int\u00e9ressement : n\u2019\u00e9tant pas soumis \u00e0 cotisations, il n\u2019est pas pris en compte pour la retraite.<\/li>\n<li aria-level=\"1\">Les primes exceptionnelles non soumises \u00e0 cotisations sociales.<\/li>\n<li aria-level=\"1\">Pour les fonctionnaires, les primes d\u00e9passant 20 % du traitement indiciaire ne sont pas prises en compte pour la retraite de base. Seule la partie dans cette limite est comptabilis\u00e9e pour la retraite additionnelle (RAFP).<\/li>\n<li aria-level=\"1\">Les primes qui d\u00e9passent le plafond de la S\u00e9curit\u00e9 sociale pour la retraite de base (48 060 euros par an en 2026).<\/li>\n<\/ul>\n<p><b>\u00c0 noter<\/b> : ces r\u00e8gles peuvent varier selon le statut (salari\u00e9 du priv\u00e9, fonctionnaire, contractuel de la fonction publique) et le type de prime concern\u00e9.<\/p>\n<h1>Conclusion<\/h1>\n<p>En conclusion, le 13\u00e8me joue un r\u00f4le important dans la retraite puisqu&rsquo;il est soumis aux cotisations sociales et contribue au calcul des droits aussi bien dans les r\u00e9gimes de base que compl\u00e9mentaires. Il peut \u00e9galement influencer le nombre de trimestres valid\u00e9, ce qui facilite l\u2019acquisition des droits \u00e0 la retraite. Cependant, son impact varie selon le statut professionnel, notamment entre les salari\u00e9s du priv\u00e9 et les agents publics. Enfin, au-del\u00e0 de la retraite, cette prime a d\u2019autres implications financi\u00e8res, notamment en mati\u00e8re d\u2019assurance ch\u00f4mage et de fiscalit\u00e9.<\/p>\n<p class=\"p1\"><div class='cta-block'><div class='text'>Simulez votre retraite en 2 min.<\/div><a href='https:\/\/www.mes-allocs.fr\/formulaire\/retraite?utm_source=seo&origin=guides\/wp-json\/wp\/v2\/posts\/93377' class='app-button fit'>Simulation gratuite<\/a><\/div><\/p>\n","protected":false},"excerpt":{"rendered":"<p>[Mis \u00e0 jour le 09\/04\/2026] Lorsqu\u2019il s\u2019agit de pr\u00e9parer sa retraite, il est important de comprendre quels revenus sont pris en compte dans le calcul des droits. Le 13\u00e8me mois, souvent per\u00e7u comme un compl\u00e9ment de salaire, soul\u00e8ve des questions quant \u00e0 son impact sur la pension et la validation des trimestres. Contrairement \u00e0 une [&hellip;]<\/p>\n","protected":false},"author":31,"featured_media":93380,"comment_status":"open","ping_status":"open","sticky":false,"template":"","format":"standard","meta":{"amp_status":"","footnotes":""},"categories":[1411,43999],"tags":[],"class_list":["post-93377","post","type-post","status-publish","format-standard","has-post-thumbnail","hentry","category-aides-sociales","category-prime-13e-mois"],"yoast_head":"<!-- This site is optimized with the Yoast SEO plugin v14.9 - https:\/\/yoast.com\/wordpress\/plugins\/seo\/ -->\n<title>Est-ce que le 13eme mois compte pour la retraite ? | Mes-Allocs.fr<\/title>\n<meta name=\"description\" content=\"Beaucoup se demandent si les primes de 13eme mois sont prises en compte dans le calcul de la retraite. Mes Allocs vous explique !\" \/>\n<meta name=\"robots\" content=\"index, follow, max-snippet:-1, max-image-preview:large, max-video-preview:-1\" \/>\n<link rel=\"canonical\" href=\"https:\/\/www.mes-allocs.fr\/guides\/aides-sociales\/prime-13e-mois\/impact-13e-mois-retraite\/\" \/>\n<meta property=\"og:locale\" content=\"fr_FR\" \/>\n<meta property=\"og:type\" content=\"article\" \/>\n<meta property=\"og:title\" content=\"Est-ce que le 13eme mois compte pour la retraite ? | Mes-Allocs.fr\" \/>\n<meta property=\"og:description\" content=\"Beaucoup se demandent si les primes de 13eme mois sont prises en compte dans le calcul de la retraite. Mes Allocs vous explique !\" \/>\n<meta property=\"og:url\" content=\"https:\/\/www.mes-allocs.fr\/guides\/aides-sociales\/prime-13e-mois\/impact-13e-mois-retraite\/\" \/>\n<meta property=\"og:site_name\" content=\"Mes-Allocs.fr\" \/>\n<meta property=\"article:published_time\" content=\"2025-02-20T11:57:27+00:00\" \/>\n<meta property=\"article:modified_time\" content=\"2026-04-22T07:33:41+00:00\" \/>\n<meta property=\"og:image\" content=\"https:\/\/www.mes-allocs.fr\/guides\/wp-content\/uploads\/2025\/02\/retraite-13eme-mois.jpg?wsr\" \/>\n\t<meta property=\"og:image:width\" content=\"1800\" \/>\n\t<meta property=\"og:image:height\" content=\"1214\" \/>\n<meta name=\"twitter:card\" content=\"summary_large_image\" \/>\n<script type=\"application\/ld+json\" class=\"yoast-schema-graph\">{\"@context\":\"https:\/\/schema.org\",\"@graph\":[{\"@type\":\"WebSite\",\"@id\":\"https:\/\/www.mes-allocs.fr\/guides\/#website\",\"url\":\"https:\/\/www.mes-allocs.fr\/guides\/\",\"name\":\"Mes-Allocs.fr\",\"description\":\"\",\"potentialAction\":[{\"@type\":\"SearchAction\",\"target\":\"https:\/\/www.mes-allocs.fr\/guides\/?s={search_term_string}\",\"query-input\":\"required name=search_term_string\"}],\"inLanguage\":\"fr-FR\"},{\"@type\":\"ImageObject\",\"@id\":\"https:\/\/www.mes-allocs.fr\/guides\/aides-sociales\/prime-13e-mois\/impact-13e-mois-retraite\/#primaryimage\",\"inLanguage\":\"fr-FR\",\"url\":\"https:\/\/www.mes-allocs.fr\/guides\/wp-content\/uploads\/2025\/02\/retraite-13eme-mois.jpg?wsr\",\"width\":1800,\"height\":1214,\"caption\":\"retraite eme mois\"},{\"@type\":\"WebPage\",\"@id\":\"https:\/\/www.mes-allocs.fr\/guides\/aides-sociales\/prime-13e-mois\/impact-13e-mois-retraite\/#webpage\",\"url\":\"https:\/\/www.mes-allocs.fr\/guides\/aides-sociales\/prime-13e-mois\/impact-13e-mois-retraite\/\",\"name\":\"Est-ce que le 13eme mois compte pour la retraite ? | Mes-Allocs.fr\",\"isPartOf\":{\"@id\":\"https:\/\/www.mes-allocs.fr\/guides\/#website\"},\"primaryImageOfPage\":{\"@id\":\"https:\/\/www.mes-allocs.fr\/guides\/aides-sociales\/prime-13e-mois\/impact-13e-mois-retraite\/#primaryimage\"},\"datePublished\":\"2025-02-20T11:57:27+00:00\",\"dateModified\":\"2026-04-22T07:33:41+00:00\",\"author\":{\"@id\":\"https:\/\/www.mes-allocs.fr\/guides\/#\/schema\/person\/4f115680446d9e6de360142157ca671d\"},\"description\":\"Beaucoup se demandent si les primes de 13eme mois sont prises en compte dans le calcul de la retraite. Mes Allocs vous explique !\",\"inLanguage\":\"fr-FR\"},{\"@type\":\"Person\",\"@id\":\"https:\/\/www.mes-allocs.fr\/guides\/#\/schema\/person\/4f115680446d9e6de360142157ca671d\",\"name\":\"Miangaly Ramasindray\",\"image\":{\"@type\":\"ImageObject\",\"@id\":\"https:\/\/www.mes-allocs.fr\/guides\/#personlogo\",\"inLanguage\":\"fr-FR\",\"url\":\"https:\/\/www.mes-allocs.fr\/guides\/wp-content\/uploads\/2024\/10\/Miangaly_Ramasindray-150x150.jpeg\",\"caption\":\"Miangaly Ramasindray\"},\"description\":\"Miangaly est r\\u00e9dactrice web sp\\u00e9cialis\\u00e9e sur les sujets de pouvoir d'achat. Elle rejoint Mes Allocs en 2024 apr\\u00e8s une premi\\u00e8re exp\\u00e9rience en marketing chez DMI.\",\"sameAs\":[\"https:\/\/www.linkedin.com\/in\/miangaly-ramasindray\/\"]}]}<\/script>\n<!-- \/ Yoast SEO plugin. -->","amp_validity":null,"acf":{"faq":{"1":{"question":"Le 13\u00e8me mois est-il garanti dans toutes les entreprises ?","answer":"Non, le 13\u00e8me mois n'est pas une obligation l\u00e9gale. Il est g\u00e9n\u00e9ralement pr\u00e9vu par une convention collective, un accord d'entreprise, ou le contrat de travail. Si rien de tel n'existe, l'employeur n'est pas tenu de le verser."},"2":{"question":"Comment le 13\u00e8me mois est-il pris en compte dans le calcul de la retraite de base ?","answer":"Le 13\u00e8me mois est inclus dans le calcul du Salaire Annuel Moyen (SAM), qui sert de base au calcul de la retraite de base. Plus le SAM est \u00e9lev\u00e9, plus la retraite de base sera importante.\r\n\r\n"},"3":{"question":"Et pour la retraite compl\u00e9mentaire ?","answer":"Le 13\u00e8me mois est \u00e9galement pris en compte pour le calcul de la retraite compl\u00e9mentaire, car il est soumis aux cotisations sociales. Il contribue \u00e0 augmenter le nombre de points acquis dans le r\u00e9gime de retraite compl\u00e9mentaire.\r\n\r\n"},"4":{"question":"Le 13\u00e8me mois peut-il avoir un impact sur le d\u00e9part anticip\u00e9 \u00e0 la retraite ?","answer":"Non, le 13\u00e8me mois n'a pas d'influence directe sur la possibilit\u00e9 de partir \u00e0 la retraite de mani\u00e8re anticip\u00e9e. Les conditions pour un d\u00e9part anticip\u00e9 sont li\u00e9es \u00e0 la dur\u00e9e de cotisation et \u00e0 l'\u00e2ge."},"5":{"question":"Comment le 13\u00e8me mois est-il pris en compte en cas de d\u00e9part \u00e0 la retraite en cours d'ann\u00e9e ?","answer":"Si le salari\u00e9 part \u00e0 la retraite en cours d'ann\u00e9e, le 13\u00e8me mois est pris en compte au prorata de la p\u00e9riode travaill\u00e9e."},"6":{"question":"Le 13\u00e8me mois est-il soumis aux cotisations sociales ?","answer":"Oui, le 13\u00e8me mois est soumis aux cotisations sociales (cotisations vieillesse, assurance ch\u00f4mage, etc.), au m\u00eame titre que le salaire habituel."},"7":{"question":"","answer":""},"8":{"question":"","answer":""},"9":{"question":"","answer":""},"10":{"question":"","answer":""},"11":{"question":"","answer":""},"12":{"question":"","answer":""},"13":{"question":"","answer":""},"14":{"question":"","answer":""},"15":{"question":"","answer":""},"16":{"question":"","answer":""}}},"_links":{"self":[{"href":"https:\/\/www.mes-allocs.fr\/guides\/wp-json\/wp\/v2\/posts\/93377","targetHints":{"allow":["GET"]}}],"collection":[{"href":"https:\/\/www.mes-allocs.fr\/guides\/wp-json\/wp\/v2\/posts"}],"about":[{"href":"https:\/\/www.mes-allocs.fr\/guides\/wp-json\/wp\/v2\/types\/post"}],"author":[{"embeddable":true,"href":"https:\/\/www.mes-allocs.fr\/guides\/wp-json\/wp\/v2\/users\/31"}],"replies":[{"embeddable":true,"href":"https:\/\/www.mes-allocs.fr\/guides\/wp-json\/wp\/v2\/comments?post=93377"}],"version-history":[{"count":8,"href":"https:\/\/www.mes-allocs.fr\/guides\/wp-json\/wp\/v2\/posts\/93377\/revisions"}],"predecessor-version":[{"id":111840,"href":"https:\/\/www.mes-allocs.fr\/guides\/wp-json\/wp\/v2\/posts\/93377\/revisions\/111840"}],"wp:featuredmedia":[{"embeddable":true,"href":"https:\/\/www.mes-allocs.fr\/guides\/wp-json\/wp\/v2\/media\/93380"}],"wp:attachment":[{"href":"https:\/\/www.mes-allocs.fr\/guides\/wp-json\/wp\/v2\/media?parent=93377"}],"wp:term":[{"taxonomy":"category","embeddable":true,"href":"https:\/\/www.mes-allocs.fr\/guides\/wp-json\/wp\/v2\/categories?post=93377"},{"taxonomy":"post_tag","embeddable":true,"href":"https:\/\/www.mes-allocs.fr\/guides\/wp-json\/wp\/v2\/tags?post=93377"}],"curies":[{"name":"wp","href":"https:\/\/api.w.org\/{rel}","templated":true}]}}