{"id":93303,"date":"2025-02-18T18:18:54","date_gmt":"2025-02-18T16:18:54","guid":{"rendered":"https:\/\/www.mes-allocs.fr\/guides\/?p=93303"},"modified":"2026-04-22T08:33:43","modified_gmt":"2026-04-22T07:33:43","slug":"assurance-habitation-teletravail","status":"publish","type":"post","link":"https:\/\/www.mes-allocs.fr\/guides\/assurance-habitation\/que-couvre-assurance-habitation\/assurance-habitation-teletravail\/","title":{"rendered":"L\u2019assurance habitation couvre-t-elle le t\u00e9l\u00e9travail ?"},"content":{"rendered":"<p><img loading=\"lazy\" decoding=\"async\" class=\"alignnone wp-image-92266 size-full\" title=\"assurance habitation t\u00e9l\u00e9travail\" src=\"https:\/\/www.mes-allocs.fr\/guides\/wp-content\/uploads\/2025\/02\/reduire-depenses-teletravail-e1738580786632.jpg\" alt=\"assurance habitation t\u00e9l\u00e9travail\" width=\"1280\" height=\"470\" srcset=\"https:\/\/www.mes-allocs.fr\/guides\/wp-content\/uploads\/2025\/02\/reduire-depenses-teletravail-e1738580786632.jpg 1280w, https:\/\/www.mes-allocs.fr\/guides\/wp-content\/uploads\/2025\/02\/reduire-depenses-teletravail-e1738580786632-300x110.jpg 300w, https:\/\/www.mes-allocs.fr\/guides\/wp-content\/uploads\/2025\/02\/reduire-depenses-teletravail-e1738580786632-1024x376.jpg 1024w, https:\/\/www.mes-allocs.fr\/guides\/wp-content\/uploads\/2025\/02\/reduire-depenses-teletravail-e1738580786632-768x282.jpg 768w, https:\/\/www.mes-allocs.fr\/guides\/wp-content\/uploads\/2025\/02\/reduire-depenses-teletravail-e1738580786632-600x220.jpg 600w\" sizes=\"auto, (max-width: 1280px) 100vw, 1280px\" \/><\/p>\n<p data-start=\"88\" data-end=\"512\">L\u2019<a href=\"https:\/\/www.mes-allocs.fr\/guides\/assurance-habitation\/\">assurance habitation<\/a> est un contrat essentiel pour prot\u00e9ger son logement et ses biens contre divers sinistres (incendie, d\u00e9g\u00e2t des eaux, vol, etc.). Cependant, avec l\u2019essor du t\u00e9l\u00e9travail, de plus en plus de professionnels exercent leur activit\u00e9 depuis leur domicile. Cela soul\u00e8ve une question importante : <strong data-start=\"405\" data-end=\"460\">l\u2019assurance habitation couvre-t-elle le t\u00e9l\u00e9travail<\/strong> et le mat\u00e9riel professionnel utilis\u00e9 \u00e0 domicile ? L\u2019assurance habitation t\u00e9l\u00e9travail ne pr\u00e9voit pas toujours une protection suffisante pour le mat\u00e9riel et les responsabilit\u00e9s li\u00e9es \u00e0 l\u2019activit\u00e9 professionnelle. Selon votre statut (salari\u00e9 ou ind\u00e9pendant), il peut \u00eatre n\u00e9cessaire d\u2019adapter votre couverture ou de souscrire une assurance sp\u00e9cifique.<\/p>\n<p>&nbsp;<\/p>\n<div class='cta-block'><div class='text'>Trouvez la meilleure offre d&rsquo;assurance habitation<\/div><a href='https:\/\/app.wesur.fr\/formulaire_habitation?utm_source=mesallocs&amp;utm_medium=partenariat&amp;utm_campaign=mesallocs_mrh&amp;utm_content=habitation' class='app-button fit'>Je compare<\/a><\/div>\n<p>&nbsp;<\/p>\n<h1 data-start=\"0\" data-end=\"75\"><strong data-start=\"4\" data-end=\"73\">Salari\u00e9 ou employeur : qui doit s\u2019assurer en cas de t\u00e9l\u00e9travail ?<\/strong><\/h1>\n<p data-start=\"77\" data-end=\"354\">Avec l\u2019essor du t\u00e9l\u00e9travail, la question de l\u2019assurance devient cruciale pour prot\u00e9ger \u00e0 la fois les employ\u00e9s et les employeurs. Qui est responsable en cas de sinistre impliquant le mat\u00e9riel de travail \u00e0 domicile ? Qui doit couvrir les \u00e9ventuels dommages caus\u00e9s \u00e0 des tiers ?<\/p>\n<h2 data-start=\"356\" data-end=\"432\"><strong data-start=\"361\" data-end=\"430\">L\u2019employeur est-il responsable de l\u2019assurance en t\u00e9l\u00e9travail ?<\/strong><\/h2>\n<p data-start=\"433\" data-end=\"544\">En r\u00e8gle g\u00e9n\u00e9rale, l\u2019employeur reste responsable du mat\u00e9riel qu\u2019il fournit \u00e0 son salari\u00e9. Cela signifie que :<\/p>\n<ul data-start=\"545\" data-end=\"1087\">\n<li data-start=\"545\" data-end=\"663\">L\u2019ordinateur, l\u2019imprimante ou tout autre \u00e9quipement mis \u00e0 disposition sont sous la responsabilit\u00e9 de l\u2019entreprise.<\/li>\n<li data-start=\"664\" data-end=\"834\">En cas de vol, casse ou sinistre (incendie, d\u00e9g\u00e2t des eaux), c\u2019est l\u2019assurance de l\u2019entreprise qui doit intervenir, sauf mention contraire dans le contrat de travail.<\/li>\n<li data-start=\"835\" data-end=\"1087\">Toutefois, certains employeurs peuvent exiger que leurs salari\u00e9s disposent d\u2019une <strong data-start=\"918\" data-end=\"977\">assurance habitation couvrant le mat\u00e9riel professionnel<\/strong>. Il est donc conseill\u00e9 aux employ\u00e9s de v\u00e9rifier leur contrat et d\u2019informer leur assureur de leur situation.<\/li>\n<\/ul>\n<h2 data-start=\"1089\" data-end=\"1158\"><strong data-start=\"1094\" data-end=\"1156\">L\u2019assurance habitation du salari\u00e9 est-elle suffisante ?<\/strong><\/h2>\n<p data-start=\"1159\" data-end=\"1285\">Dans la plupart des cas, une <strong data-start=\"1188\" data-end=\"1222\">assurance habitation classique<\/strong> ne couvre pas l\u2019usage professionnel du logement, notamment :<\/p>\n<ul data-start=\"1286\" data-end=\"1537\">\n<li data-start=\"1286\" data-end=\"1341\">Les sinistres impliquant du mat\u00e9riel professionnel.<\/li>\n<li data-start=\"1342\" data-end=\"1477\">La responsabilit\u00e9 civile en cas d\u2019accident caus\u00e9 \u00e0 un tiers dans un cadre professionnel (ex. client ou coll\u00e8gue bless\u00e9 \u00e0 domicile).<\/li>\n<li data-start=\"1478\" data-end=\"1537\">Les cyberattaques li\u00e9es \u00e0 une activit\u00e9 professionnelle.<\/li>\n<\/ul>\n<p data-start=\"1539\" data-end=\"1791\">Si le salari\u00e9 utilise son propre \u00e9quipement ou accueille des clients \u00e0 domicile, il peut \u00eatre n\u00e9cessaire de souscrire une <strong data-start=\"1661\" data-end=\"1697\">extension de garantie sp\u00e9cifique<\/strong> ou de demander une attestation \u00e0 son employeur pr\u00e9cisant la prise en charge de l\u2019assurance.<\/p>\n<p><iframe loading=\"lazy\" title=\"L&#039;assurance habitation\" width=\"500\" height=\"281\" src=\"https:\/\/www.youtube.com\/embed\/PfrdFYaZPQg?feature=oembed\" frameborder=\"0\" allow=\"accelerometer; autoplay; clipboard-write; encrypted-media; gyroscope; picture-in-picture; web-share\" referrerpolicy=\"strict-origin-when-cross-origin\" allowfullscreen><\/iframe><\/p>\n<h1 data-start=\"0\" data-end=\"83\"><strong data-start=\"4\" data-end=\"81\">Quels risques sont couverts par une assurance habitation en t\u00e9l\u00e9travail ?<\/strong><\/h1>\n<p data-start=\"85\" data-end=\"349\">Avec l\u2019essor du <strong data-start=\"101\" data-end=\"116\">t\u00e9l\u00e9travail<\/strong>, nombreux sont ceux qui utilisent leur domicile comme bureau. Cependant, les assurances habitation ne sont pas toujours adapt\u00e9es aux risques professionnels. Voici un point sur ce que couvre une assurance habitation en t\u00e9l\u00e9travail.<\/p>\n<h2 data-start=\"351\" data-end=\"430\"><strong data-start=\"356\" data-end=\"428\">Le vol et les dommages du mat\u00e9riel professionnel sont-ils couverts ?<\/strong><\/h2>\n<p data-start=\"431\" data-end=\"728\">Dans une assurance habitation classique, le vol et la casse des biens personnels sont g\u00e9n\u00e9ralement couverts. Toutefois, le <strong data-start=\"554\" data-end=\"681\">mat\u00e9riel professionnel (ordinateur, imprimante, t\u00e9l\u00e9phone fourni par l\u2019employeur ou utilis\u00e9 pour une activit\u00e9 ind\u00e9pendante)<\/strong> peut ne pas \u00eatre inclus dans cette garantie.<\/p>\n<ul data-start=\"730\" data-end=\"1113\">\n<li data-start=\"730\" data-end=\"894\"><strong data-start=\"732\" data-end=\"775\">Si le mat\u00e9riel appartient \u00e0 l\u2019employeur<\/strong> : il rel\u00e8ve de l\u2019assurance de l\u2019entreprise, sauf si le contrat pr\u00e9cise que le salari\u00e9 doit en assurer la protection.<\/li>\n<li data-start=\"895\" data-end=\"1113\"><strong data-start=\"897\" data-end=\"945\">Si le mat\u00e9riel appartient au t\u00e9l\u00e9travailleur<\/strong> (freelance, entrepreneur, ind\u00e9pendant), il est rarement couvert par l\u2019assurance habitation standard. Une <strong data-start=\"1051\" data-end=\"1087\">extension de garantie sp\u00e9cifique<\/strong> est souvent n\u00e9cessaire.<\/li>\n<\/ul>\n<h2 data-start=\"1115\" data-end=\"1217\"><strong data-start=\"1120\" data-end=\"1215\">Les d\u00e9g\u00e2ts des eaux ou incendies affectant le mat\u00e9riel de travail sont-ils pris en charge ?<\/strong><\/h2>\n<p data-start=\"1218\" data-end=\"1400\">Les assurances habitation couvrent g\u00e9n\u00e9ralement les <strong data-start=\"1270\" data-end=\"1327\">d\u00e9g\u00e2ts des eaux, incendies et catastrophes naturelles<\/strong>, mais la prise en charge du mat\u00e9riel professionnel d\u00e9pend du contrat :<\/p>\n<ul data-start=\"1401\" data-end=\"1624\">\n<li data-start=\"1401\" data-end=\"1504\"><strong data-start=\"1403\" data-end=\"1414\">Salari\u00e9<\/strong> : le mat\u00e9riel fourni par l\u2019employeur peut \u00eatre couvert par l\u2019assurance de l\u2019entreprise.<\/li>\n<li data-start=\"1505\" data-end=\"1624\"><strong data-start=\"1507\" data-end=\"1522\">Ind\u00e9pendant<\/strong> : le mat\u00e9riel personnel utilis\u00e9 \u00e0 des fins professionnelles n\u00e9cessite une <strong data-start=\"1597\" data-end=\"1621\">assurance sp\u00e9cifique<\/strong>.<\/li>\n<\/ul>\n<p data-start=\"1626\" data-end=\"1766\">\u00a0<strong data-start=\"1629\" data-end=\"1643\">\u00c0 v\u00e9rifier<\/strong> : certains assureurs proposent des garanties optionnelles pour prot\u00e9ger le mat\u00e9riel de t\u00e9l\u00e9travail contre ces sinistres.<\/p>\n<h2 data-start=\"1768\" data-end=\"1860\"><strong data-start=\"1773\" data-end=\"1858\">La responsabilit\u00e9 civile s\u2019applique-t-elle en cas d\u2019incident li\u00e9 au t\u00e9l\u00e9travail ?<\/strong><\/h2>\n<p data-start=\"1861\" data-end=\"2067\">La <strong data-start=\"1864\" data-end=\"1900\">responsabilit\u00e9 civile habitation<\/strong> couvre les dommages caus\u00e9s \u00e0 des tiers dans la vie quotidienne (ex. : une fuite d\u2019eau chez le voisin). Mais en <strong data-start=\"2012\" data-end=\"2027\">t\u00e9l\u00e9travail<\/strong>, cette garantie peut ne pas suffire :<\/p>\n<ul data-start=\"2068\" data-end=\"2366\">\n<li data-start=\"2068\" data-end=\"2189\"><strong data-start=\"2070\" data-end=\"2139\">Si un salari\u00e9 cause des dommages avec du mat\u00e9riel de l\u2019entreprise<\/strong>, la responsabilit\u00e9 peut incomber \u00e0 l\u2019employeur.<\/li>\n<li data-start=\"2190\" data-end=\"2366\"><strong data-start=\"2192\" data-end=\"2299\">Si un ind\u00e9pendant re\u00e7oit des clients \u00e0 domicile et qu\u2019un accident survient (ex. : chute d\u2019un visiteur),<\/strong> une <strong data-start=\"2304\" data-end=\"2345\">responsabilit\u00e9 civile professionnelle<\/strong> est indispensable.<\/li>\n<\/ul>\n<h1 data-start=\"2373\" data-end=\"2450\"><strong data-start=\"2377\" data-end=\"2448\">Une extension de garantie est-elle n\u00e9cessaire pour le t\u00e9l\u00e9travail ?<\/strong><\/h1>\n<h2 data-start=\"2452\" data-end=\"2525\"><strong data-start=\"2457\" data-end=\"2523\">Faut-il informer son assureur de son activit\u00e9 en t\u00e9l\u00e9travail ?<\/strong><\/h2>\n<p data-start=\"2526\" data-end=\"2729\">Oui, il est vivement recommand\u00e9 de <strong data-start=\"2561\" data-end=\"2601\">d\u00e9clarer son activit\u00e9 en t\u00e9l\u00e9travail<\/strong> \u00e0 son assureur. Certaines compagnies ajustent les garanties sans frais, tandis que d\u2019autres exigent une extension de contrat.<\/p>\n<h2 data-start=\"2731\" data-end=\"2832\"><strong data-start=\"2736\" data-end=\"2830\">Les ind\u00e9pendants et freelances doivent-ils souscrire une assurance habitation sp\u00e9cifique ?<\/strong><\/h2>\n<p data-start=\"2833\" data-end=\"2988\">Absolument. Contrairement aux salari\u00e9s qui b\u00e9n\u00e9ficient souvent d\u2019une couverture via leur employeur, les <strong data-start=\"2937\" data-end=\"2966\">travailleurs ind\u00e9pendants<\/strong> doivent souscrire :<\/p>\n<ul data-start=\"2989\" data-end=\"3180\">\n<li data-start=\"2989\" data-end=\"3095\">Une <strong data-start=\"2995\" data-end=\"3046\">assurance responsabilit\u00e9 civile professionnelle<\/strong>, pour couvrir les dommages caus\u00e9s \u00e0 des tiers.<\/li>\n<li data-start=\"3096\" data-end=\"3180\">Une <strong data-start=\"3102\" data-end=\"3138\">assurance mat\u00e9riel professionnel<\/strong>, pour prot\u00e9ger leurs outils de travail.<\/li>\n<\/ul>\n<p data-start=\"3182\" data-end=\"3297\">Certains assureurs proposent des contrats combin\u00e9s couvrant \u00e0 la fois l\u2019habitation et l\u2019activit\u00e9 professionnelle.<\/p>\n<h2 data-start=\"3299\" data-end=\"3385\"><strong data-start=\"3304\" data-end=\"3383\">Quels sont les cas o\u00f9 l\u2019assurance habitation ne couvre pas le t\u00e9l\u00e9travail ?<\/strong><\/h2>\n<ul data-start=\"3386\" data-end=\"3846\">\n<li data-start=\"3386\" data-end=\"3532\"><strong data-start=\"3388\" data-end=\"3413\">Stock de marchandises<\/strong> : un auto-entrepreneur qui stocke des produits pour la vente \u00e0 domicile doit souscrire une <strong data-start=\"3505\" data-end=\"3529\">assurance sp\u00e9cifique<\/strong>.<\/li>\n<li data-start=\"3533\" data-end=\"3662\"><strong data-start=\"3535\" data-end=\"3552\">Cyberattaques<\/strong> : Une cyberassurance est n\u00e9cessaire pour couvrir les risques li\u00e9s au piratage des donn\u00e9es professionnelles.<\/li>\n<li data-start=\"3663\" data-end=\"3846\"><strong data-start=\"3665\" data-end=\"3689\">Accidents du travail<\/strong> : l\u2019assurance habitation ne prend pas en charge les accidents survenus pendant le t\u00e9l\u00e9travail. Pour un salari\u00e9, cela rel\u00e8ve de l\u2019assurance de l\u2019employeur.<\/li>\n<\/ul>\n<h1 data-start=\"3853\" data-end=\"3930\"><strong data-start=\"3857\" data-end=\"3928\">Comment bien choisir son assurance habitation pour le t\u00e9l\u00e9travail ?<\/strong><\/h1>\n<h2 data-start=\"3932\" data-end=\"3987\"><strong data-start=\"3937\" data-end=\"3985\">Quels crit\u00e8res v\u00e9rifier avant de souscrire ?<\/strong><\/h2>\n<ul data-start=\"3988\" data-end=\"4304\">\n<li data-start=\"3988\" data-end=\"4078\"><strong data-start=\"3990\" data-end=\"4033\">La couverture du mat\u00e9riel professionnel<\/strong> (y compris contre le vol et les dommages).<\/li>\n<li data-start=\"4079\" data-end=\"4166\"><strong data-start=\"4081\" data-end=\"4124\">L\u2019extension de la responsabilit\u00e9 civile<\/strong> pour les incidents li\u00e9s au t\u00e9l\u00e9travail.<\/li>\n<li data-start=\"4167\" data-end=\"4240\"><strong data-start=\"4169\" data-end=\"4205\">Les garanties en cas de sinistre<\/strong> (incendie, d\u00e9g\u00e2t des eaux, vol).<\/li>\n<li data-start=\"4241\" data-end=\"4304\"><strong data-start=\"4243\" data-end=\"4273\">Les exclusions de garantie<\/strong> mentionn\u00e9es dans le contrat.<\/li>\n<\/ul>\n<h2 data-start=\"4306\" data-end=\"4369\"><strong data-start=\"4311\" data-end=\"4367\">Quelles garanties optionnelles peuvent \u00eatre utiles ?<\/strong><\/h2>\n<ul data-start=\"4370\" data-end=\"4685\">\n<li data-start=\"4370\" data-end=\"4461\"><strong data-start=\"4372\" data-end=\"4405\">Bris de mat\u00e9riel informatique<\/strong> : pour couvrir la casse accidentelle de l\u2019ordinateur.<\/li>\n<li data-start=\"4462\" data-end=\"4563\"><strong data-start=\"4464\" data-end=\"4482\">Cyberassurance<\/strong> : pour se prot\u00e9ger contre le piratage, les ran\u00e7ongiciels ou le vol de donn\u00e9es.<\/li>\n<li data-start=\"4564\" data-end=\"4685\"><strong data-start=\"4566\" data-end=\"4600\">Assurance protection juridique<\/strong> : utile en cas de litige avec un client ou un employeur concernant le t\u00e9l\u00e9travail.<\/li>\n<\/ul>\n<h2 data-start=\"4687\" data-end=\"4760\"><strong data-start=\"4692\" data-end=\"4758\">Existe-t-il des offres sp\u00e9cifiques pour les t\u00e9l\u00e9travailleurs ?<\/strong><\/h2>\n<p data-start=\"4761\" data-end=\"4867\">Oui, en 2025, de plus en plus d\u2019assureurs proposent des <strong data-start=\"4817\" data-end=\"4858\">contrats adapt\u00e9s aux t\u00e9l\u00e9travailleurs<\/strong> avec :<\/p>\n<ul data-start=\"4868\" data-end=\"5094\">\n<li data-start=\"4868\" data-end=\"4935\">Des <strong data-start=\"4874\" data-end=\"4901\">extensions de garanties<\/strong> pour le mat\u00e9riel professionnel.<\/li>\n<li data-start=\"4936\" data-end=\"4994\">Une <strong data-start=\"4942\" data-end=\"4991\">protection renforc\u00e9e contre les cyberattaques<\/strong>.<\/li>\n<li data-start=\"4995\" data-end=\"5094\">Des <strong data-start=\"5001\" data-end=\"5023\">formules combin\u00e9es<\/strong> (habitation + responsabilit\u00e9 professionnelle) pour les ind\u00e9pendants.<\/li>\n<li data-start=\"4995\" data-end=\"5094\"><\/li>\n<\/ul>\n<p data-start=\"1539\" data-end=\"1791\"><div class='cta-block'><div class='text'>Trouvez la meilleure offre d&rsquo;assurance habitation<\/div><a href='https:\/\/app.wesur.fr\/formulaire_habitation?utm_source=mesallocs&amp;utm_medium=partenariat&amp;utm_campaign=mesallocs_mrh&amp;utm_content=habitation' class='app-button fit'>Je compare<\/a><\/div><\/p>\n<h1 data-start=\"1798\" data-end=\"1865\"><strong data-start=\"1802\" data-end=\"1863\">Comment obtenir une attestation d&rsquo;assurance t\u00e9l\u00e9travail ?<\/strong><\/h1>\n<p data-start=\"1867\" data-end=\"2110\">Une attestation d\u2019assurance t\u00e9l\u00e9travail est parfois demand\u00e9e par l\u2019employeur pour s\u2019assurer que le salari\u00e9 est bien couvert en cas de sinistre. Cette attestation permet de clarifier les responsabilit\u00e9s entre le t\u00e9l\u00e9travailleur et l\u2019assureur.<\/p>\n<h2 data-start=\"2112\" data-end=\"2179\"><strong data-start=\"2117\" data-end=\"2177\">O\u00f9 demander une attestation d\u2019assurance t\u00e9l\u00e9travail ?<\/strong><\/h2>\n<ul data-start=\"2180\" data-end=\"2594\">\n<li data-start=\"2180\" data-end=\"2299\">La premi\u00e8re \u00e9tape est de <strong data-start=\"2207\" data-end=\"2233\">contacter son assureur<\/strong> et de v\u00e9rifier si l\u2019assurance habitation couvre le t\u00e9l\u00e9travail.<\/li>\n<li data-start=\"2300\" data-end=\"2453\">Si ce n\u2019est pas le cas, une <strong data-start=\"2330\" data-end=\"2355\">extension de garantie<\/strong> peut \u00eatre propos\u00e9e pour inclure le mat\u00e9riel professionnel et la responsabilit\u00e9 civile associ\u00e9e.<\/li>\n<li data-start=\"2454\" data-end=\"2594\">Une fois la couverture adapt\u00e9e, l\u2019assureur peut d\u00e9livrer une attestation mentionnant la prise en charge des risques li\u00e9s au t\u00e9l\u00e9travail.<\/li>\n<\/ul>\n<h2 data-start=\"2596\" data-end=\"2669\"><strong data-start=\"2601\" data-end=\"2667\">Que doit contenir une attestation d\u2019assurance t\u00e9l\u00e9travail ?<\/strong><\/h2>\n<p data-start=\"2670\" data-end=\"2727\">L\u2019attestation doit mentionner plusieurs \u00e9l\u00e9ments cl\u00e9s :<\/p>\n<ul data-start=\"2728\" data-end=\"3031\">\n<li data-start=\"2728\" data-end=\"2773\">Le nom du t\u00e9l\u00e9travailleur et son adresse.<\/li>\n<li data-start=\"2774\" data-end=\"2876\">La confirmation que le contrat d\u2019assurance habitation inclut une garantie couvrant le t\u00e9l\u00e9travail.<\/li>\n<li data-start=\"2877\" data-end=\"2945\">La prise en charge du mat\u00e9riel professionnel en cas de sinistre.<\/li>\n<li data-start=\"2946\" data-end=\"3031\">La responsabilit\u00e9 civile li\u00e9e aux activit\u00e9s professionnelles exerc\u00e9es \u00e0 domicile.<\/li>\n<\/ul>\n<p data-start=\"3033\" data-end=\"3253\"><strong data-start=\"3036\" data-end=\"3052\">Bon \u00e0 savoir<\/strong> : si l\u2019assureur refuse de couvrir le t\u00e9l\u00e9travail, l\u2019employeur peut souscrire une <strong data-start=\"3134\" data-end=\"3174\">assurance professionnelle sp\u00e9cifique<\/strong> ou indemniser le salari\u00e9 pour qu\u2019il puisse adapter son contrat d\u2019habitation.<\/p>\n<p>&nbsp;<\/p>\n<div class='cta-block'><div class='text'>Trouvez la meilleure offre d&rsquo;assurance habitation<\/div><a href='https:\/\/app.wesur.fr\/formulaire_habitation?utm_source=mesallocs&amp;utm_medium=partenariat&amp;utm_campaign=mesallocs_mrh&amp;utm_content=habitation' class='app-button fit'>Je compare<\/a><\/div>\n","protected":false},"excerpt":{"rendered":"<p>L\u2019assurance habitation est un contrat essentiel pour prot\u00e9ger son logement et ses biens contre divers sinistres (incendie, d\u00e9g\u00e2t des eaux, vol, etc.). Cependant, avec l\u2019essor du t\u00e9l\u00e9travail, de plus en plus de professionnels exercent leur activit\u00e9 depuis leur domicile. Cela soul\u00e8ve une question importante : l\u2019assurance habitation couvre-t-elle le t\u00e9l\u00e9travail et le mat\u00e9riel professionnel utilis\u00e9 [&hellip;]<\/p>\n","protected":false},"author":26,"featured_media":92268,"comment_status":"open","ping_status":"open","sticky":false,"template":"","format":"standard","meta":{"amp_status":"","footnotes":""},"categories":[18459,44239],"tags":[],"class_list":["post-93303","post","type-post","status-publish","format-standard","has-post-thumbnail","hentry","category-assurance-habitation","category-que-couvre-assurance-habitation"],"yoast_head":"<!-- This site is optimized with the Yoast SEO plugin v14.9 - https:\/\/yoast.com\/wordpress\/plugins\/seo\/ -->\n<title>L\u2019assurance habitation couvre-t-elle le t\u00e9l\u00e9travail ? | Mes-Allocs.fr<\/title>\n<meta name=\"description\" content=\"L\u2019assurance habitation couvre-t-elle le t\u00e9l\u00e9travail et le mat\u00e9riel professionnel utilis\u00e9 \u00e0 domicile ? Mes Allocs vous en dit plus !\" \/>\n<meta name=\"robots\" content=\"index, follow, max-snippet:-1, max-image-preview:large, max-video-preview:-1\" \/>\n<link rel=\"canonical\" href=\"https:\/\/www.mes-allocs.fr\/guides\/assurance-habitation\/que-couvre-assurance-habitation\/assurance-habitation-teletravail\/\" \/>\n<meta property=\"og:locale\" content=\"fr_FR\" \/>\n<meta property=\"og:type\" content=\"article\" \/>\n<meta property=\"og:title\" content=\"L\u2019assurance habitation couvre-t-elle le t\u00e9l\u00e9travail ? | Mes-Allocs.fr\" \/>\n<meta property=\"og:description\" content=\"L\u2019assurance habitation couvre-t-elle le t\u00e9l\u00e9travail et le mat\u00e9riel professionnel utilis\u00e9 \u00e0 domicile ? Mes Allocs vous en dit plus !\" \/>\n<meta property=\"og:url\" content=\"https:\/\/www.mes-allocs.fr\/guides\/assurance-habitation\/que-couvre-assurance-habitation\/assurance-habitation-teletravail\/\" \/>\n<meta property=\"og:site_name\" content=\"Mes-Allocs.fr\" \/>\n<meta property=\"article:published_time\" content=\"2025-02-18T16:18:54+00:00\" \/>\n<meta property=\"article:modified_time\" content=\"2026-04-22T07:33:43+00:00\" \/>\n<meta property=\"og:image\" content=\"https:\/\/www.mes-allocs.fr\/guides\/wp-content\/uploads\/2025\/02\/reduire-depenses-grace-teletravail-1-scaled.jpg?wsr\" \/>\n\t<meta property=\"og:image:width\" content=\"2560\" \/>\n\t<meta property=\"og:image:height\" content=\"1696\" \/>\n<meta name=\"twitter:card\" content=\"summary_large_image\" \/>\n<script type=\"application\/ld+json\" class=\"yoast-schema-graph\">{\"@context\":\"https:\/\/schema.org\",\"@graph\":[{\"@type\":\"WebSite\",\"@id\":\"https:\/\/www.mes-allocs.fr\/guides\/#website\",\"url\":\"https:\/\/www.mes-allocs.fr\/guides\/\",\"name\":\"Mes-Allocs.fr\",\"description\":\"\",\"potentialAction\":[{\"@type\":\"SearchAction\",\"target\":\"https:\/\/www.mes-allocs.fr\/guides\/?s={search_term_string}\",\"query-input\":\"required name=search_term_string\"}],\"inLanguage\":\"fr-FR\"},{\"@type\":\"ImageObject\",\"@id\":\"https:\/\/www.mes-allocs.fr\/guides\/assurance-habitation\/que-couvre-assurance-habitation\/assurance-habitation-teletravail\/#primaryimage\",\"inLanguage\":\"fr-FR\",\"url\":\"https:\/\/www.mes-allocs.fr\/guides\/wp-content\/uploads\/2025\/02\/reduire-depenses-grace-teletravail-1-scaled.jpg?wsr\",\"width\":2560,\"height\":1696,\"caption\":\"assurance habitation t\\u00e9l\\u00e9travail\"},{\"@type\":\"WebPage\",\"@id\":\"https:\/\/www.mes-allocs.fr\/guides\/assurance-habitation\/que-couvre-assurance-habitation\/assurance-habitation-teletravail\/#webpage\",\"url\":\"https:\/\/www.mes-allocs.fr\/guides\/assurance-habitation\/que-couvre-assurance-habitation\/assurance-habitation-teletravail\/\",\"name\":\"L\\u2019assurance habitation couvre-t-elle le t\\u00e9l\\u00e9travail ? | Mes-Allocs.fr\",\"isPartOf\":{\"@id\":\"https:\/\/www.mes-allocs.fr\/guides\/#website\"},\"primaryImageOfPage\":{\"@id\":\"https:\/\/www.mes-allocs.fr\/guides\/assurance-habitation\/que-couvre-assurance-habitation\/assurance-habitation-teletravail\/#primaryimage\"},\"datePublished\":\"2025-02-18T16:18:54+00:00\",\"dateModified\":\"2026-04-22T07:33:43+00:00\",\"author\":{\"@id\":\"https:\/\/www.mes-allocs.fr\/guides\/#\/schema\/person\/9c38f3be41a0ddcd1e3fde5a3df713bf\"},\"description\":\"L\\u2019assurance habitation couvre-t-elle le t\\u00e9l\\u00e9travail et le mat\\u00e9riel professionnel utilis\\u00e9 \\u00e0 domicile ? Mes Allocs vous en dit plus !\",\"inLanguage\":\"fr-FR\"},{\"@type\":\"Person\",\"@id\":\"https:\/\/www.mes-allocs.fr\/guides\/#\/schema\/person\/9c38f3be41a0ddcd1e3fde5a3df713bf\",\"name\":\"Sessime Ananou\",\"image\":{\"@type\":\"ImageObject\",\"@id\":\"https:\/\/www.mes-allocs.fr\/guides\/#personlogo\",\"inLanguage\":\"fr-FR\",\"url\":\"https:\/\/www.mes-allocs.fr\/guides\/wp-content\/uploads\/2023\/08\/IMG_8173-150x150.jpg\",\"caption\":\"Sessime Ananou\"},\"description\":\"Sessime est r\\u00e9dactrice chez Mes Allocs, sp\\u00e9cialis\\u00e9e sur le pouvoir d'achat. Elle rejoint l'\\u00e9quipe Mes Allocs en ao\\u00fbt 2023 afin de simplifier l'acc\\u00e8s \\u00e0 l'information sur les aides en g\\u00e9n\\u00e9ral.\"}]}<\/script>\n<!-- \/ Yoast SEO plugin. -->","amp_validity":null,"acf":{"faq":{"1":{"question":"L\u2019assurance habitation couvre-t-elle le mat\u00e9riel professionnel utilis\u00e9 en t\u00e9l\u00e9travail ?","answer":"En g\u00e9n\u00e9ral, le mat\u00e9riel fourni par l\u2019employeur (ordinateur, imprimante, t\u00e9l\u00e9phone) reste sous la responsabilit\u00e9 de l\u2019entreprise. Toutefois, certaines assurances habitation incluent une garantie couvrant les dommages caus\u00e9s au mat\u00e9riel en cas de vol, incendie ou d\u00e9g\u00e2t des eaux. Il est recommand\u00e9 de v\u00e9rifier son contrat et, si n\u00e9cessaire, de souscrire une extension de garantie."},"2":{"question":"Un salari\u00e9 en t\u00e9l\u00e9travail doit-il souscrire une assurance sp\u00e9cifique ?","answer":"En tant que salari\u00e9, votre employeur est responsable du mat\u00e9riel professionnel qu\u2019il vous fournit. Cependant, si vous utilisez votre propre \u00e9quipement ou si vous recevez des clients \u00e0 domicile, une assurance compl\u00e9mentaire peut \u00eatre n\u00e9cessaire. Informez votre assureur de votre situation pour \u00e9viter tout litige en cas de sinistre."},"3":{"question":"Les ind\u00e9pendants et freelances sont-ils couverts par leur assurance habitation ?","answer":"Non, la plupart des contrats d\u2019assurance habitation excluent les activit\u00e9s professionnelles. Un travailleur ind\u00e9pendant doit souscrire une assurance responsabilit\u00e9 civile professionnelle et \u00e9ventuellement une assurance sp\u00e9cifique pour son mat\u00e9riel et son local professionnel, m\u00eame s\u2019il travaille depuis son domicile."},"4":{"question":"Que se passe-t-il en cas d\u2019accident domestique li\u00e9 au t\u00e9l\u00e9travail ?","answer":"Si un accident survient chez vous pendant vos heures de travail (ex. chute, \u00e9lectrocution), la prise en charge d\u00e9pendra de la reconnaissance ou non de l\u2019accident comme accident du travail par votre employeur. L\u2019assurance habitation ne couvre pas les accidents professionnels, mais une assurance accidents de la vie peut \u00eatre utile en compl\u00e9ment."},"5":{"question":"L\u2019assurance habitation couvre-t-elle la cybercriminalit\u00e9 en t\u00e9l\u00e9travail ?","answer":"La plupart des contrats d\u2019assurance habitation ne prot\u00e8gent pas contre les cyberattaques (piratage, vol de donn\u00e9es, ransomware). Certaines compagnies proposent des options de cybers\u00e9curit\u00e9 en compl\u00e9ment pour prot\u00e9ger votre activit\u00e9 en ligne."},"6":{"question":"Comment s\u2019assurer d\u2019\u00eatre bien couvert en t\u00e9l\u00e9travail ?","answer":"V\u00e9rifiez votre contrat d\u2019assurance habitation et les \u00e9ventuelles exclusions li\u00e9es \u00e0 l\u2019usage professionnel.\r\nInformez votre assureur de votre situation pour ajuster votre couverture si n\u00e9cessaire.\r\nSi vous \u00eates ind\u00e9pendant, souscrivez une assurance professionnelle adapt\u00e9e \u00e0 votre activit\u00e9.\r\nDemandez \u00e0 votre employeur quelles assurances sont en place pour le mat\u00e9riel et la responsabilit\u00e9 civile.\r\n"},"7":{"question":"","answer":""},"8":{"question":"","answer":""},"9":{"question":"","answer":""},"10":{"question":"","answer":""},"11":{"question":"","answer":""},"12":{"question":"","answer":""},"13":{"question":"","answer":""},"14":{"question":"","answer":""},"15":{"question":"","answer":""},"16":{"question":"","answer":""}}},"_links":{"self":[{"href":"https:\/\/www.mes-allocs.fr\/guides\/wp-json\/wp\/v2\/posts\/93303","targetHints":{"allow":["GET"]}}],"collection":[{"href":"https:\/\/www.mes-allocs.fr\/guides\/wp-json\/wp\/v2\/posts"}],"about":[{"href":"https:\/\/www.mes-allocs.fr\/guides\/wp-json\/wp\/v2\/types\/post"}],"author":[{"embeddable":true,"href":"https:\/\/www.mes-allocs.fr\/guides\/wp-json\/wp\/v2\/users\/26"}],"replies":[{"embeddable":true,"href":"https:\/\/www.mes-allocs.fr\/guides\/wp-json\/wp\/v2\/comments?post=93303"}],"version-history":[{"count":4,"href":"https:\/\/www.mes-allocs.fr\/guides\/wp-json\/wp\/v2\/posts\/93303\/revisions"}],"predecessor-version":[{"id":102156,"href":"https:\/\/www.mes-allocs.fr\/guides\/wp-json\/wp\/v2\/posts\/93303\/revisions\/102156"}],"wp:featuredmedia":[{"embeddable":true,"href":"https:\/\/www.mes-allocs.fr\/guides\/wp-json\/wp\/v2\/media\/92268"}],"wp:attachment":[{"href":"https:\/\/www.mes-allocs.fr\/guides\/wp-json\/wp\/v2\/media?parent=93303"}],"wp:term":[{"taxonomy":"category","embeddable":true,"href":"https:\/\/www.mes-allocs.fr\/guides\/wp-json\/wp\/v2\/categories?post=93303"},{"taxonomy":"post_tag","embeddable":true,"href":"https:\/\/www.mes-allocs.fr\/guides\/wp-json\/wp\/v2\/tags?post=93303"}],"curies":[{"name":"wp","href":"https:\/\/api.w.org\/{rel}","templated":true}]}}