{"id":93282,"date":"2025-02-18T15:39:28","date_gmt":"2025-02-18T13:39:28","guid":{"rendered":"https:\/\/www.mes-allocs.fr\/guides\/?p=93282"},"modified":"2026-04-22T08:33:43","modified_gmt":"2026-04-22T07:33:43","slug":"13e-mois-avantage-ou-inconvenient","status":"publish","type":"post","link":"https:\/\/www.mes-allocs.fr\/guides\/aides-sociales\/prime-13e-mois\/13e-mois-avantage-ou-inconvenient\/","title":{"rendered":"13\u00e8me mois : quels sont les avantages et inconv\u00e9nients ?"},"content":{"rendered":"<p><img loading=\"lazy\" decoding=\"async\" class=\"alignnone wp-image-93284\" title=\"eme mois inconvenient avantage\" src=\"https:\/\/www.mes-allocs.fr\/guides\/wp-content\/uploads\/2025\/02\/13eme-mois-inconvenient-avantage-e1739885959599-300x53.jpg\" alt=\"eme mois inconvenient avantage\" width=\"1438\" height=\"254\" srcset=\"https:\/\/www.mes-allocs.fr\/guides\/wp-content\/uploads\/2025\/02\/13eme-mois-inconvenient-avantage-e1739885959599-300x53.jpg 300w, https:\/\/www.mes-allocs.fr\/guides\/wp-content\/uploads\/2025\/02\/13eme-mois-inconvenient-avantage-e1739885959599-600x105.jpg 600w\" sizes=\"auto, (max-width: 1438px) 100vw, 1438px\" \/><\/p>\n<p>[Mis \u00e0 jour le 09\/04\/2026] Le 13\u00e8me mois est-il un avantage ou une contrainte pour les salari\u00e9s ? Souvent per\u00e7u comme un compl\u00e9ment de r\u00e9mun\u00e9ration bienvenu, il peut aussi soulever certaines interrogations. Cette <a href=\"https:\/\/www.mes-allocs.fr\/guides\/aides-sociales\/prime-13e-mois\/\">prime de 13e mois<\/a>, bien que non obligatoire, joue un r\u00f4le important dans le pouvoir d\u2019achat des employ\u00e9s et peut, dans certains cas, \u00eatre consid\u00e9r\u00e9e comme une forme d\u2019aide sociale en renfor\u00e7ant la stabilit\u00e9 financi\u00e8re. Dans cet article, <strong>les<\/strong><b> avantages et les inconv\u00e9nients du 13\u00e8me mois<\/b>, les conditions de son attribution et ses diff\u00e9rences avec les autres primes.<\/p>\n<p class=\"p1\"><div class='cta-block'><div class='text'>Simulez toutes vos Aides en 2 min.<\/div><a href='https:\/\/www.mes-allocs.fr\/ab-app?origin=guides\/wp-json\/wp\/v2\/posts\/93282' class='app-button fit'>Simulation gratuite<\/a><\/div><\/p>\n<h1>Qu\u2019est-ce que le 13\u00e8me mois et comment fonctionne-t-il ?<\/h1>\n<h2>Qu&rsquo;est-ce que le 13e mois et pourquoi est-il un atout pour les salari\u00e9s ?<\/h2>\n<p>Le 13\u00e8me mois est une prime vers\u00e9e par les entreprises \u00e0 leurs salari\u00e9s en plus de leur salaire annuel. Il est souvent \u00e9quivalent \u00e0 un mois de salaire brut et peut \u00eatre attribu\u00e9 sous diff\u00e9rentes modalit\u00e9s. Le <a href=\"https:\/\/www.mes-allocs.fr\/guides\/aides-sociales\/prime-13e-mois\/13e-mois-obligatoire\/\">13e mois n&rsquo;est pas obligatoire<\/a>, mais permet d&rsquo;augmenter le pouvoir d\u2019achat des salari\u00e9s.<\/p>\n<h2>Quelle est la diff\u00e9rence entre le 13\u00e8me mois et les autres primes ?<\/h2>\n<p>Le 13\u00e8me mois est diff\u00e9rent des autres primes par sa nature et sa r\u00e9gularit\u00e9. Contrairement \u00e0 une prime de fin d\u2019ann\u00e9e, qui peut \u00eatre variable et conditionn\u00e9e par les performances de l\u2019entreprise ou du salari\u00e9, le 13\u00e8me mois est une prime fixe. Il est souvent d\u00e9fini dans un contrat de travail ou une convention collective.<\/p>\n<h1>Quels sont les avantages du 13\u00e8me mois ?<\/h1>\n<h2>Qu&rsquo;est-ce que le 13e mois et pourquoi est-il un atout pour les salari\u00e9s ?<\/h2>\n<p>Le 13\u00e8me mois est une prime qui constitue un atout pour le salari\u00e9s, car il am\u00e9liore leur pouvoir d\u2019achat et leur stabilit\u00e9 financi\u00e8re, notamment en fin d\u2019ann\u00e9e, p\u00e9riode souvent marqu\u00e9e par des d\u00e9penses importantes. Cette prime est aussi per\u00e7ue comme une reconnaissance tangible de l\u2019engagement et des efforts fournis tout au long de l\u2019ann\u00e9e, renfor\u00e7ant ainsi la motivation et le sentiment d&rsquo;appartenance des salari\u00e9s. De plus, le 13\u00e8me mois peut \u00eatre utilis\u00e9 pour financer des projets personnels ou \u00e9pargner.<\/p>\n<h2>Mensualisation du 13e mois : quels avantages pour les salari\u00e9s ?<\/h2>\n<p>La mensualisation du 13\u00e8me mois consiste \u00e0 int\u00e9grer cette prime directement dans le salaire mensuel sous forme d\u2019un compl\u00e9ment. Cela pr\u00e9sente plusieurs avantages pour les salari\u00e9s : cela permet de mieux ma\u00eetriser leur budget en \u00e9vitant les d\u00e9penses impulsives qui sont li\u00e9es \u00e0 la r\u00e9ception d\u2019une somme importante en une seule fois. En percevant un revenu l\u00e9g\u00e8rement plus \u00e9lev\u00e9 chaque mois, ils peuvent mieux r\u00e9partir leurs d\u00e9penses sur l&rsquo;ann\u00e9e.<\/p>\n<h1>Quels sont les inconv\u00e9nients du 13\u00e8me mois ?<\/h1>\n<h2>Versement du 13\u00e8me mois en une fois : quels inconv\u00e9nients pour les salari\u00e9s ?<\/h2>\n<p>Le <a href=\"https:\/\/www.mes-allocs.fr\/guides\/aides-sociales\/prime-13e-mois\/versement-13eme-mois\/\">versement du 13\u00e8me mois<\/a> en une seule fois, souvent en fin d&rsquo;ann\u00e9e, peut inciter \u00e0 des d\u00e9penses impulsives ou mal contr\u00f4l\u00e9es, notamment pendant la p\u00e9riode des f\u00eates. Cette somme importante peut \u00eatre rapidement d\u00e9pens\u00e9e, ce qui peut avoir un impact durable sur la gestion financi\u00e8re des salari\u00e9s. De plus, ce mode de versement ne contribue pas \u00e0 am\u00e9liorer le budget mensuel des employ\u00e9s tout au long de l&rsquo;ann\u00e9e, ce qui peut \u00eatre un d\u00e9savantage pour ceux ayant des charges r\u00e9guli\u00e8res \u00e9lev\u00e9es. Un autre inconv\u00e9nient est que certains salari\u00e9s peuvent ne pas b\u00e9n\u00e9ficier de cette prime s&rsquo;ils quittent l&rsquo;entreprise avant la date de versement pr\u00e9vue.<\/p>\n<h2>Mensualisation du 13e mois : en quoi les salari\u00e9s peuvent-ils \u00eatre d\u00e9savantag\u00e9s ?<\/h2>\n<p>La mensualisation du 13\u00e8me mois, m\u00eame si elle offre une r\u00e9gularit\u00e9 financi\u00e8re, pr\u00e9sente aussi des inconv\u00e9nients. En lissant la prime sur 12 mois, elle perd son caract\u00e8re exceptionnel et motivant. Ainsi, les salari\u00e9s peuvent ne plus recevoir la prime comme une reconnaissance ou un bonus distinct.<\/p>\n<p>De plus, certaines entreprises utilisent cette m\u00e9thode pour compenser un salaire mensuel inf\u00e9rieur au march\u00e9. Par exemple, un employeur peut promettre un salaire annuel comp\u00e9titif gr\u00e2ce au 13\u00e8me mois, mais lorsqu&rsquo;il est r\u00e9parti sur 12 mois, le salaire mensuel peut s&rsquo;av\u00e9rer \u00e9quivalent \u00e0 celui d&rsquo;entreprise concurrente qui ne verse pas cette prime. Cela peut donner une impression trompeuse au salari\u00e9 lors de la n\u00e9gociation salariale.<\/p>\n<p class=\"p1\"><div class='cta-block'><div class='text'>Simulez toutes vos Aides en 2 min.<\/div><a href='https:\/\/www.mes-allocs.fr\/ab-app?origin=guides\/wp-json\/wp\/v2\/posts\/93282' class='app-button fit'>Simulation gratuite<\/a><\/div><\/p>\n<p><iframe loading=\"lazy\" title=\"Tout les pr\u00eats CAF\" width=\"500\" height=\"281\" src=\"https:\/\/www.youtube.com\/embed\/djWBjy-Kn84?feature=oembed\" frameborder=\"0\" allow=\"accelerometer; autoplay; clipboard-write; encrypted-media; gyroscope; picture-in-picture; web-share\" referrerpolicy=\"strict-origin-when-cross-origin\" allowfullscreen><\/iframe><\/p>\n<h1>Comment \u00e9valuer si le 13\u00e8me mois est un avantage pour vous ?<\/h1>\n<h2>Quels calculs effectuer avant de signer un contrat avec un 13\u00e8me mois ?<\/h2>\n<p>Avant de signer un contrat incluant un 13\u00e8me mois, il est important d&rsquo;\u00e9valuer si cet avantage est r\u00e9ellement comp\u00e9titif par rapport \u00e0 d\u2019autres offres. Ainsi, vous devez :<\/p>\n<ul>\n<li aria-level=\"1\"><b>Comparez le salaire annuel brut <\/b>: additionnez le salaire mensuel multipli\u00e9 par 13 (dans le cas d&rsquo;un 13\u00e8me mois) et comparez-le au salaire brut propos\u00e9 par des entreprises concurrentes qui ne versent pas cette prime. Par exemple, un salaire de 2000 \u20ac brut sur 13 mois \u00e9quivaut \u00e0 26000 \u20ac brut annuel, ce qui peut \u00eatre similaire \u00e0 une offre de 2166 \u20ac brut mensuels sur 12 mois.<\/li>\n<li aria-level=\"1\"><b>Analysez la mensualisation \u00e9ventuelle<\/b> : si le 13\u00e8me mois est liss\u00e9 sur les 12 mois de salaire, v\u00e9rifiez si le montant mensuel reste comp\u00e9titif par rapport au march\u00e9.<\/li>\n<li aria-level=\"1\"><b>Prenez en compte les modalit\u00e9s <\/b>: v\u00e9rifiez si le versement est conditionn\u00e9 \u00e0 une pr\u00e9sence effective \u00e0 une date donn\u00e9e ou s\u2019il est proratis\u00e9 en cas d&rsquo;entr\u00e9e ou de d\u00e9part en cours d&rsquo;ann\u00e9e.<\/li>\n<\/ul>\n<h2>Le 13\u00e8me mois est-il adapt\u00e9 \u00e0 votre situation personnelle ?<\/h2>\n<p>Le 13e mois peut \u00eatre un avantage ou non, selon votre situation personnelle et vos besoins financiers :<\/p>\n<ul>\n<li aria-level=\"1\"><b>Pour les personnes ayant des d\u00e9penses r\u00e9guli\u00e8res \u00e9lev\u00e9es<\/b> : un salaire mensuel plus \u00e9lev\u00e9 sans prime peut \u00eatre pr\u00e9f\u00e9rable pour mieux g\u00e9rer les charges fixes. Dans ce cas, la mensualisation du 13e mois peut offrir plus d\u2019avantages en ce qui concerne la stabilit\u00e9 financi\u00e8re.<\/li>\n<li aria-level=\"1\"><b>Pour ceux qui pr\u00e9f\u00e8rent une gratification exceptionnelle<\/b> : le versement du 13\u00e8me mois en une fois peut \u00eatre int\u00e9ressant pour financer des projets ou pour \u00e9pargner.<\/li>\n<\/ul>\n<h1>Quels sont les pi\u00e8ges \u00e0 \u00e9viter avec le 13\u00e8me mois ?<\/h1>\n<h2>Que faire si votre employeur ne respecte pas ses engagements ?<\/h2>\n<p>Si votre employeur ne verse pas le 13\u00e8me mois comme pr\u00e9vu, plusieurs solutions s\u2019offrent \u00e0 vous :<\/p>\n<ul>\n<li aria-level=\"1\"><b>La v\u00e9rification des bases l\u00e9gales<\/b> : v\u00e9rifier que le 13\u00e8me mois est bien mentionn\u00e9 dans votre contrat, une convention collective, un accord d&rsquo;entreprise ou qu&rsquo;il repose sur un usage \u00e9tabli, car cela rend son paiement obligatoire.<\/li>\n<li aria-level=\"1\"><b>Mise en demeure<\/b> : envoyer une lettre recommand\u00e9e avec accus\u00e9 de r\u00e9ception \u00e0 votre employeur pour exiger le versement, en pr\u00e9cisant les fondements l\u00e9gaux et contractuels de votre demande.<\/li>\n<li aria-level=\"1\"><b>Saisir le Conseil de prud\u2019hommes<\/b> : si l&#8217;employeur persiste dans son refus, vous pouvez saisir le conseil de prud&rsquo;hommes pour demander le paiement de la somme qui vous est due. Vous disposez de 3 ans pour agir.<\/li>\n<\/ul>\n<p>Si les engagements ne sont pas respect\u00e9s, l&#8217;employeur pourrait \u00eatre oblig\u00e9 de verser la prime r\u00e9troactivement et encourir des sanctions l\u00e9gales.<\/p>\n<h2>Le 13\u00e8me mois peut-il \u00eatre supprim\u00e9 par l\u2019employeur ?<\/h2>\n<p>Le 13\u00e8me mois peut \u00eatre supprim\u00e9, mais uniquement sous certaines conditions :<\/p>\n<ul>\n<li aria-level=\"1\">Si la prime est pr\u00e9vue dans le contrat, elle ne peut \u00eatre supprim\u00e9e qu\u2019avec l\u2019accord explicite du salari\u00e9 via un avenant sign\u00e9.<\/li>\n<li aria-level=\"1\">L\u2019employeur doit d\u00e9noncer ou ren\u00e9gocier l\u2019accord collectif en suivant une proc\u00e9dure formelle. Tant que cet accord est en vigueur, la suppression est impossible.<\/li>\n<li aria-level=\"1\">Si la prime d\u00e9coule d\u2019un usage, l\u2019employeur peut la supprimer apr\u00e8s une d\u00e9nonciation formelle. Cela implique d&rsquo;informer les salari\u00e9s et\/ou leurs repr\u00e9sentants et de respecter un d\u00e9lai de pr\u00e9venance suffisant pour \u00e9viter les contestations judiciaires.<\/li>\n<\/ul>\n<p class=\"p1\"><div class='cta-block'><div class='text'>Simulez toutes vos Aides en 2 min.<\/div><a href='https:\/\/www.mes-allocs.fr\/ab-app?origin=guides\/wp-json\/wp\/v2\/posts\/93282' class='app-button fit'>Simulation gratuite<\/a><\/div><\/p>\n","protected":false},"excerpt":{"rendered":"<p>[Mis \u00e0 jour le 09\/04\/2026] Le 13\u00e8me mois est-il un avantage ou une contrainte pour les salari\u00e9s ? Souvent per\u00e7u comme un compl\u00e9ment de r\u00e9mun\u00e9ration bienvenu, il peut aussi soulever certaines interrogations. Cette prime de 13e mois, bien que non obligatoire, joue un r\u00f4le important dans le pouvoir d\u2019achat des employ\u00e9s et peut, dans certains [&hellip;]<\/p>\n","protected":false},"author":31,"featured_media":93283,"comment_status":"open","ping_status":"open","sticky":false,"template":"","format":"standard","meta":{"amp_status":"","footnotes":""},"categories":[1411,43999],"tags":[],"class_list":["post-93282","post","type-post","status-publish","format-standard","has-post-thumbnail","hentry","category-aides-sociales","category-prime-13e-mois"],"yoast_head":"<!-- This site is optimized with the Yoast SEO plugin v14.9 - https:\/\/yoast.com\/wordpress\/plugins\/seo\/ -->\n<title>13\u00e8me mois : quels sont les avantages et inconv\u00e9nients ? | Mes-Allocs.fr<\/title>\n<meta name=\"description\" content=\"Le 13\u1d49 mois est-il un avantage ou une inconv\u00e9nient ? D\u00e9couvrez les avantages, inconv\u00e9nients et pi\u00e8ges \u00e0 \u00e9viter.\" \/>\n<meta name=\"robots\" content=\"index, follow, max-snippet:-1, max-image-preview:large, max-video-preview:-1\" \/>\n<link rel=\"canonical\" href=\"https:\/\/www.mes-allocs.fr\/guides\/aides-sociales\/prime-13e-mois\/13e-mois-avantage-ou-inconvenient\/\" \/>\n<meta property=\"og:locale\" content=\"fr_FR\" \/>\n<meta property=\"og:type\" content=\"article\" \/>\n<meta property=\"og:title\" content=\"13\u00e8me mois : quels sont les avantages et inconv\u00e9nients ? | Mes-Allocs.fr\" \/>\n<meta property=\"og:description\" content=\"Le 13\u1d49 mois est-il un avantage ou une inconv\u00e9nient ? D\u00e9couvrez les avantages, inconv\u00e9nients et pi\u00e8ges \u00e0 \u00e9viter.\" \/>\n<meta property=\"og:url\" content=\"https:\/\/www.mes-allocs.fr\/guides\/aides-sociales\/prime-13e-mois\/13e-mois-avantage-ou-inconvenient\/\" \/>\n<meta property=\"og:site_name\" content=\"Mes-Allocs.fr\" \/>\n<meta property=\"article:published_time\" content=\"2025-02-18T13:39:28+00:00\" \/>\n<meta property=\"article:modified_time\" content=\"2026-04-22T07:33:43+00:00\" \/>\n<meta property=\"og:image\" content=\"https:\/\/www.mes-allocs.fr\/guides\/wp-content\/uploads\/2025\/02\/13eme-mois-avantage-inconvenient.jpg?wsr\" \/>\n\t<meta property=\"og:image:width\" content=\"1000\" \/>\n\t<meta property=\"og:image:height\" content=\"667\" \/>\n<meta name=\"twitter:card\" content=\"summary_large_image\" \/>\n<script type=\"application\/ld+json\" class=\"yoast-schema-graph\">{\"@context\":\"https:\/\/schema.org\",\"@graph\":[{\"@type\":\"WebSite\",\"@id\":\"https:\/\/www.mes-allocs.fr\/guides\/#website\",\"url\":\"https:\/\/www.mes-allocs.fr\/guides\/\",\"name\":\"Mes-Allocs.fr\",\"description\":\"\",\"potentialAction\":[{\"@type\":\"SearchAction\",\"target\":\"https:\/\/www.mes-allocs.fr\/guides\/?s={search_term_string}\",\"query-input\":\"required name=search_term_string\"}],\"inLanguage\":\"fr-FR\"},{\"@type\":\"ImageObject\",\"@id\":\"https:\/\/www.mes-allocs.fr\/guides\/aides-sociales\/prime-13e-mois\/13e-mois-avantage-ou-inconvenient\/#primaryimage\",\"inLanguage\":\"fr-FR\",\"url\":\"https:\/\/www.mes-allocs.fr\/guides\/wp-content\/uploads\/2025\/02\/13eme-mois-avantage-inconvenient.jpg?wsr\",\"width\":1000,\"height\":667,\"caption\":\"eme mois avantage inconvenient\"},{\"@type\":\"WebPage\",\"@id\":\"https:\/\/www.mes-allocs.fr\/guides\/aides-sociales\/prime-13e-mois\/13e-mois-avantage-ou-inconvenient\/#webpage\",\"url\":\"https:\/\/www.mes-allocs.fr\/guides\/aides-sociales\/prime-13e-mois\/13e-mois-avantage-ou-inconvenient\/\",\"name\":\"13\\u00e8me mois : quels sont les avantages et inconv\\u00e9nients ? | Mes-Allocs.fr\",\"isPartOf\":{\"@id\":\"https:\/\/www.mes-allocs.fr\/guides\/#website\"},\"primaryImageOfPage\":{\"@id\":\"https:\/\/www.mes-allocs.fr\/guides\/aides-sociales\/prime-13e-mois\/13e-mois-avantage-ou-inconvenient\/#primaryimage\"},\"datePublished\":\"2025-02-18T13:39:28+00:00\",\"dateModified\":\"2026-04-22T07:33:43+00:00\",\"author\":{\"@id\":\"https:\/\/www.mes-allocs.fr\/guides\/#\/schema\/person\/4f115680446d9e6de360142157ca671d\"},\"description\":\"Le 13\\u1d49 mois est-il un avantage ou une inconv\\u00e9nient ? D\\u00e9couvrez les avantages, inconv\\u00e9nients et pi\\u00e8ges \\u00e0 \\u00e9viter.\",\"inLanguage\":\"fr-FR\"},{\"@type\":\"Person\",\"@id\":\"https:\/\/www.mes-allocs.fr\/guides\/#\/schema\/person\/4f115680446d9e6de360142157ca671d\",\"name\":\"Miangaly Ramasindray\",\"image\":{\"@type\":\"ImageObject\",\"@id\":\"https:\/\/www.mes-allocs.fr\/guides\/#personlogo\",\"inLanguage\":\"fr-FR\",\"url\":\"https:\/\/www.mes-allocs.fr\/guides\/wp-content\/uploads\/2024\/10\/Miangaly_Ramasindray-150x150.jpeg\",\"caption\":\"Miangaly Ramasindray\"},\"description\":\"Miangaly est r\\u00e9dactrice web sp\\u00e9cialis\\u00e9e sur les sujets de pouvoir d'achat. Elle rejoint Mes Allocs en 2024 apr\\u00e8s une premi\\u00e8re exp\\u00e9rience en marketing chez DMI.\",\"sameAs\":[\"https:\/\/www.linkedin.com\/in\/miangaly-ramasindray\/\"]}]}<\/script>\n<!-- \/ Yoast SEO plugin. -->","amp_validity":null,"acf":{"faq":{"1":{"question":"Le 13\u00e8me mois est-il un droit acquis pour les salari\u00e9s ?","answer":"Non, le 13\u00e8me mois n'est pas un droit acquis pour tous les salari\u00e9s. Il peut \u00eatre pr\u00e9vu par une convention collective, un contrat de travail, un accord d'entreprise ou un usage. Si aucune de ces sources ne le pr\u00e9voit, l'employeur n'est pas tenu de le verser."},"2":{"question":"Le 13\u00e8me mois peut-il \u00eatre vers\u00e9 sous une autre forme que de l'argent ?","answer":"En principe, le 13\u00e8me mois doit \u00eatre vers\u00e9 en argent. Le versement en nature (par exemple, en ch\u00e8ques-cadeaux) peut \u00eatre possible dans certains cas tr\u00e8s sp\u00e9cifiques, mais cela est rare et doit \u00eatre pr\u00e9vu par un accord ou un usage."},"3":{"question":"Le 13\u00e8me mois est-il soumis aux charges sociales et fiscales ?","answer":"Oui, le 13\u00e8me mois est soumis aux cotisations sociales et est imposable au m\u00eame titre que le salaire. Il doit \u00eatre d\u00e9clar\u00e9 dans la d\u00e9claration de revenus annuelle."},"4":{"question":"Le 13\u00e8me mois est-il pris en compte pour le calcul des indemnit\u00e9s de d\u00e9part ?","answer":"Oui, le 13\u00e8me mois est pris en compte dans le calcul de l'indemnit\u00e9 de d\u00e9part, au prorata du temps de pr\u00e9sence du salari\u00e9 dans l'entreprise.\r\n\r\n"},"5":{"question":"Le 13\u00e8me mois peut-il \u00eatre vers\u00e9 en plusieurs fois ?","answer":"Oui, le 13\u00e8me mois peut \u00eatre vers\u00e9 en plusieurs fois, par exemple en deux fois (en juin et d\u00e9cembre) ou mensuellement. Les modalit\u00e9s de versement sont d\u00e9finies par la source qui le pr\u00e9voit (convention collective, contrat de travail, etc.)."},"6":{"question":"Le 13\u00e8me mois peut-il \u00eatre vers\u00e9 de mani\u00e8re anticip\u00e9e ?","answer":"Un versement anticip\u00e9 du 13\u00e8me mois peut \u00eatre possible dans certaines situations exceptionnelles, mais cela d\u00e9pend de l'accord de l'employeur et des dispositions en vigueur dans l'entreprise."},"7":{"question":"","answer":""},"8":{"question":"","answer":""},"9":{"question":"","answer":""},"10":{"question":"","answer":""},"11":{"question":"","answer":""},"12":{"question":"","answer":""},"13":{"question":"","answer":""},"14":{"question":"","answer":""},"15":{"question":"","answer":""},"16":{"question":"","answer":""}}},"_links":{"self":[{"href":"https:\/\/www.mes-allocs.fr\/guides\/wp-json\/wp\/v2\/posts\/93282","targetHints":{"allow":["GET"]}}],"collection":[{"href":"https:\/\/www.mes-allocs.fr\/guides\/wp-json\/wp\/v2\/posts"}],"about":[{"href":"https:\/\/www.mes-allocs.fr\/guides\/wp-json\/wp\/v2\/types\/post"}],"author":[{"embeddable":true,"href":"https:\/\/www.mes-allocs.fr\/guides\/wp-json\/wp\/v2\/users\/31"}],"replies":[{"embeddable":true,"href":"https:\/\/www.mes-allocs.fr\/guides\/wp-json\/wp\/v2\/comments?post=93282"}],"version-history":[{"count":8,"href":"https:\/\/www.mes-allocs.fr\/guides\/wp-json\/wp\/v2\/posts\/93282\/revisions"}],"predecessor-version":[{"id":111836,"href":"https:\/\/www.mes-allocs.fr\/guides\/wp-json\/wp\/v2\/posts\/93282\/revisions\/111836"}],"wp:featuredmedia":[{"embeddable":true,"href":"https:\/\/www.mes-allocs.fr\/guides\/wp-json\/wp\/v2\/media\/93283"}],"wp:attachment":[{"href":"https:\/\/www.mes-allocs.fr\/guides\/wp-json\/wp\/v2\/media?parent=93282"}],"wp:term":[{"taxonomy":"category","embeddable":true,"href":"https:\/\/www.mes-allocs.fr\/guides\/wp-json\/wp\/v2\/categories?post=93282"},{"taxonomy":"post_tag","embeddable":true,"href":"https:\/\/www.mes-allocs.fr\/guides\/wp-json\/wp\/v2\/tags?post=93282"}],"curies":[{"name":"wp","href":"https:\/\/api.w.org\/{rel}","templated":true}]}}