{"id":93189,"date":"2025-02-17T11:24:44","date_gmt":"2025-02-17T09:24:44","guid":{"rendered":"https:\/\/www.mes-allocs.fr\/guides\/?p=93189"},"modified":"2026-04-22T08:33:44","modified_gmt":"2026-04-22T07:33:44","slug":"13e-mois-fonction-publique","status":"publish","type":"post","link":"https:\/\/www.mes-allocs.fr\/guides\/aides-sociales\/prime-13e-mois\/conditions-13e-mois\/13e-mois-fonction-publique\/","title":{"rendered":"13eme mois dans la fonction publique\u200b : conditions et modalit\u00e9s"},"content":{"rendered":"<p><img loading=\"lazy\" decoding=\"async\" class=\"alignnone wp-image-93198\" title=\"fontion publique eme mois\" src=\"https:\/\/www.mes-allocs.fr\/guides\/wp-content\/uploads\/2025\/02\/fontion-publique-13eme-mois-e1739783970113-300x62.jpg\" alt=\"fontion publique eme mois\" width=\"1422\" height=\"294\" srcset=\"https:\/\/www.mes-allocs.fr\/guides\/wp-content\/uploads\/2025\/02\/fontion-publique-13eme-mois-e1739783970113-300x62.jpg 300w, https:\/\/www.mes-allocs.fr\/guides\/wp-content\/uploads\/2025\/02\/fontion-publique-13eme-mois-e1739783970113-1024x212.jpg 1024w, https:\/\/www.mes-allocs.fr\/guides\/wp-content\/uploads\/2025\/02\/fontion-publique-13eme-mois-e1739783970113-768x159.jpg 768w, https:\/\/www.mes-allocs.fr\/guides\/wp-content\/uploads\/2025\/02\/fontion-publique-13eme-mois-e1739783970113-1536x318.jpg 1536w, https:\/\/www.mes-allocs.fr\/guides\/wp-content\/uploads\/2025\/02\/fontion-publique-13eme-mois-e1739783970113-600x124.jpg 600w, https:\/\/www.mes-allocs.fr\/guides\/wp-content\/uploads\/2025\/02\/fontion-publique-13eme-mois-e1739783970113.jpg 1800w\" sizes=\"auto, (max-width: 1422px) 100vw, 1422px\" \/><\/p>\n<p>[Mis \u00e0 jour le 09\/04\/2026] Les aides sociales et les primes sont des sujets importants pour les fonctionnaires, et le 13 mois fait souvent partie des questions pos\u00e9es. Contrairement au secteur priv\u00e9, o\u00f9 cette prime est courante, bien que les <a href=\"https:\/\/www.mes-allocs.fr\/guides\/aides-sociales\/prime-13e-mois\/conditions-13e-mois\/\">conditions d&rsquo;\u00e9ligibilit\u00e9 au 13e mois<\/a> soit strictes, elle n\u2019existe pas officiellement dans la fonction publique. Cependant, certaines collectivit\u00e9s ou \u00e9tablissements publics versent encore une prime de fin d\u2019ann\u00e9e, sous certaines conditions. Dans cet article, d\u00e9couvrez les conditions pour b\u00e9n\u00e9ficier d\u2019un <b>13\u00e8me mois dans la fonction publique<\/b>, qui peut y avoir droit et comment cette prime est calcul\u00e9e et vers\u00e9e.<\/p>\n<p class=\"p1\"><div class='cta-block'><div class='text'>Simulez vos aides de fonctionnaire.<\/div><a href='https:\/\/www.mes-allocs.fr\/ab-app?origin=guides\/wp-json\/wp\/v2\/posts\/93189' class='app-button fit'>Simulation gratuite<\/a><\/div><\/p>\n<h1>Qu\u2019est-ce que le 13\u00e8me mois dans la fonction publique ?<\/h1>\n<p>Le 13\u00e8me mois est une prime vers\u00e9e annuellement et est g\u00e9n\u00e9ralement \u00e9quivalente \u00e0 un mois de salaire suppl\u00e9mentaire. Dans le secteur priv\u00e9, cette prime est souvent utilis\u00e9e pour fid\u00e9liser les salari\u00e9s. Cependant, dans la fonction publique, son application est plus complexe.<\/p>\n<h2>Existe-t-il un 13\u00e8me mois statutaire pour les agents publics ?<\/h2>\n<p>Non, il n\u2019existe pas de <b>13\u00e8me mois statutaire<\/b> pour les agents publics. Cependant, certaines collectivit\u00e9s territoriales ou \u00e9tablissements publics ayant instaur\u00e9 une prime de fin d\u2019ann\u00e9e ou un 13\u00e8me mois avant le <b>28 janvier 1984<\/b> peuvent continuer \u00e0 la verser. Ces primes sont consid\u00e9r\u00e9es comme des avantages collectivement acquis et sont maintenues tant qu\u2019elles figurent dans le budget de la collectivit\u00e9 ou de l&rsquo;\u00e9tablissement concern\u00e9. Depuis cette date, aucune nouvelle structure publique ne peut \u00e9galement instaurer un 13\u00e8me mois ou une prime \u00e9quivalente.<\/p>\n<h2>Quelle est la diff\u00e9rence avec le secteur priv\u00e9 pour le 13\u00e8me mois ?<\/h2>\n<p>Dans le secteur priv\u00e9, le 13\u00e8me mois est une prime souvent pr\u00e9vue par des <b>conventions collectives<\/b>, des <b>accords d\u2019entreprise <\/b>ou des <b>usages d\u2019entreprise<\/b>. M\u00eame si la loi ne rend pas cette prime obligatoire, elle peut \u00eatre utilis\u00e9e dans les entreprises du secteur priv\u00e9. Son montant peut varier, mais il correspond g\u00e9n\u00e9ralement \u00e0 un mois de salaire brut ou \u00e0 une moyenne annuelle des r\u00e9mun\u00e9rations per\u00e7ues. Il peut \u00eatre vers\u00e9 en une seule fois ou fractionn\u00e9 en plusieurs paiements au cours de l\u2019ann\u00e9e. En revanche, dans la fonction publique, le 13\u00e8me mois est rare et soumis \u00e0 des conditions strictes.<\/p>\n<div class='cta-block'><div class='text'>Simulez vos aides de fonctionnaire.<\/div><a href='https:\/\/www.mes-allocs.fr\/ab-app?origin=guides\/wp-json\/wp\/v2\/posts\/93189' class='app-button fit'>Simulation gratuite<\/a><\/div>\n<h1>Qui peut b\u00e9n\u00e9ficier du 13\u00e8me mois dans la fonction publique ?<\/h1>\n<h2>Les titulaires et contractuels ont-ils droit au 13\u00e8me mois ?<\/h2>\n<p>Dans la fonction publique, ni les agents titulaires ni les contractuels n\u2019ont un droit statutaire au 13\u00e8me mois, car cette prime n\u2019existe pas l\u00e9galement comme \u00e9l\u00e9ment g\u00e9n\u00e9ral de r\u00e9mun\u00e9ration. Cependant, certains agents peuvent y pr\u00e9tendre dans certains cas :<\/p>\n<ul>\n<li aria-level=\"1\"><b>Les titulaires<\/b> : en tant que titulaires, vous avez la possibilit\u00e9 de b\u00e9n\u00e9ficier de primes dites de \u201cfin d\u2019ann\u00e9e\u201d ou \u00e9quivalentes au 13\u00e8me mois si elles ont \u00e9t\u00e9 instaur\u00e9es avant le <b>28 janvier 1984 <\/b>dans leur collectivit\u00e9 ou \u00e9tablissement public.<\/li>\n<li aria-level=\"1\"><b>Les contractuels<\/b> : l\u2019\u00e9ligibilit\u00e9 d\u00e9pend des d\u00e9lib\u00e9rations locales : ils peuvent \u00eatre exclus si aucune disposition ne pr\u00e9voit leur inclusion dans le dispositif d\u2019attributions de ces primes.<\/li>\n<\/ul>\n<h2>Quels crit\u00e8res d\u00e9terminent l\u2019\u00e9ligibilit\u00e9 au 13\u00e8me mois dans la fonction publique ?<\/h2>\n<p>L\u2019\u00e9ligibilit\u00e9 \u00e0 une prime \u00e9quivalente au 13\u00e8me mois dans la fonction publique d\u00e9pend de plusieurs crit\u00e8res :<\/p>\n<ul>\n<li aria-level=\"1\"><b>La date d\u2019instauration de la prime<\/b> : la prime doit avoir \u00e9t\u00e9 mise en place avant le 28 janvier 1984.<\/li>\n<li aria-level=\"1\"><b>La d\u00e9lib\u00e9ration locale <\/b>: une d\u00e9lib\u00e9ration doit encadrer l\u2019attribution de cette prime, en pr\u00e9cisant les b\u00e9n\u00e9ficiaires (titulaires, contractuels, etc\u2026) et les modalit\u00e9s de versements.<\/li>\n<li aria-level=\"1\"><b>Le budget disponible<\/b> : la prime doit \u00eatre inscrite dans le budget de la collectivit\u00e9 ou de l\u2019\u00e9tablissement public concern\u00e9.<\/li>\n<\/ul>\n<p><b>\u00c0 noter <\/b>: certaines collectivit\u00e9s peuvent imposer des crit\u00e8res suppl\u00e9mentaires, comme une condition d\u2019anciennet\u00e9 ou une pr\u00e9sence effective \u00e0 une date donn\u00e9e.<\/p>\n<p><iframe loading=\"lazy\" src=\"\/\/www.youtube.com\/embed\/djWBjy-Kn84\" width=\"560\" height=\"314\" allowfullscreen=\"allowfullscreen\"><\/iframe><\/p>\n<h1>Comment est calcul\u00e9 le montant du 13\u00e8me mois dans la fonction publique ?<\/h1>\n<h2>Quels \u00e9l\u00e9ments entrent en compte pour le calcul du 13\u00e8me mois dans la fonction publique ?<\/h2>\n<p>Le calcul du montant d\u2019une prime \u00e9quivalente au 13\u00e8me mois dans la fonction publique d\u00e9pend des r\u00e8gles \u00e9tablies par la collectivit\u00e9 ou l\u2019\u00e9tablissement public qui l\u2019a mis en place avant 1984. Contrairement au secteur priv\u00e9, il n\u2019existe pas de m\u00e9thode standardis\u00e9e, mais les pratiques peuvent inclure des \u00e9l\u00e9ments comme :<\/p>\n<ul>\n<li aria-level=\"1\">Le<b> salaire de base <\/b>: la prime peut \u00eatre calcul\u00e9e sur le salaire brut mensuel, parfois compl\u00e9t\u00e9 par des primes fixes comme celles d&rsquo;anciennet\u00e9.<\/li>\n<li aria-level=\"1\">Le <b>temps de pr\u00e9sence effective<\/b> : le montant est ajust\u00e9 en fonction de la dur\u00e9e r\u00e9elle de travail au cours de l\u2019ann\u00e9e. Les absences qui ne sont pas consid\u00e9r\u00e9es comme du temps de travail effectif (comme les cong\u00e9s sans solde) peuvent r\u00e9duire la prime.<\/li>\n<li aria-level=\"1\">Les <b>r\u00e8gles locales<\/b> : les modalit\u00e9s sont d\u00e9finies par une d\u00e9lib\u00e9ration locale ou un cadre r\u00e9glementaire qui est propre \u00e0 la collectivit\u00e9 concern\u00e9e.<\/li>\n<\/ul>\n<p>Vous travaillez dans un h\u00f4pital ? Mes Allocs vous en dit plus sur ce qui s&rsquo;apparente au <a href=\"https:\/\/www.mes-allocs.fr\/guides\/aides-sociales\/prime-13e-mois\/conditions-13eme-mois%e2%80%8b\/13eme-mois-fonction-publique%e2%80%8b\/prime-13eme-mois-fonction-publique-hospitaliere%e2%80%8b\/\">13e mois dans la fonction publique hospitali\u00e8re<\/a>.<\/p>\n<h2>Le montant du 13\u00e8me mois dans la fonction publique est-il proratis\u00e9 pour les temps partiels ou absences ?<\/h2>\n<p>Oui, le montant d\u2019une prime \u00e9quivalente au 13\u00e8me mois dans la fonction publique est g\u00e9n\u00e9ralement proratis\u00e9<b> en fonction du temps de travail <\/b>et des <b>absences<\/b>. Pour les agents \u00e0 temps partiel, la prime est ajust\u00e9e proportionnellement au taux d\u2019activit\u00e9 (par exemple, un agent travaillant \u00e0 50 % recevra 50 % du montant total de la prime). De m\u00eame, les <b>absences qui ne sont pas r\u00e9mun\u00e9r\u00e9es<\/b>, comme les cong\u00e9s sans solde ou certaines absences pour maladie, peuvent r\u00e9duire le montant de la prime, car elles ne sont pas comptabilis\u00e9es comme du temps de pr\u00e9sence effectif.<\/p>\n<p>Cependant, certaines p\u00e9riodes d\u2019absence peuvent \u00eatre assimil\u00e9es \u00e0 du temps de travail effectif et ne pas impacter la prime. Cela inclut notamment les cong\u00e9s pour <b>accident de travai<\/b>l, les <b>arr\u00eats maladie<\/b> et les <b>cong\u00e9s maternit\u00e9 ou paternit\u00e9<\/b>.<\/p>\n<h1>Quand et comment est vers\u00e9 le 13\u00e8me mois dans la fonction publique ?<\/h1>\n<p>Le versement d\u2019une prime \u00e9quivalente au 13\u00e8me mois dans la fonction publique d\u00e9pend des r\u00e8gles fix\u00e9es par l\u2019administration ou de la collectivit\u00e9 concern\u00e9e. La prime est <b>g\u00e9n\u00e9ralement vers\u00e9e en d\u00e9cembre<\/b>, en m\u00eame temps que la paie de fin d\u2019ann\u00e9e. Cependant, certaines collectivit\u00e9s peuvent choisir d\u2019effectuer le paiement <b>en d\u00e9but d\u2019ann\u00e9e<\/b> suivante (janvier ou f\u00e9vrier) ou encore de le fractionner en p<b>lusieurs versements au cours de l\u2019ann\u00e9e<\/b> (par exemple, en juin et en d\u00e9cembre). De plus, le versement peut \u00eatre conditionn\u00e9 \u00e0 une <b>pr\u00e9sence effective \u00e0 une date donn\u00e9e<\/b> (souvent au 31 d\u00e9cembre), selon les modalit\u00e9s d\u00e9finies localement.<\/p>\n<h1>Vos questions sur le 13e mois dans la fonction publique<\/h1>\n<h2>Prime fin d\u2019ann\u00e9e fonction publique : que pouvez-vous recevoir ?<\/h2>\n<p>Si vous travaillez dans la fonction publique, vous ne pouvez<b> pas recevoir<\/b> de prime de fin d\u2019ann\u00e9e. Il existe n\u00e9anmoins une <b>exception <\/b>encadr\u00e9e sp\u00e9cifiquement par l&rsquo;article L. 714-11 du Code g\u00e9n\u00e9ral de la fonction publique (CGFP).<\/p>\n<p>Cet avantage est maintenu s\u2019il figure dans le<b> budget <\/b>de la collectivit\u00e9 (ville, m\u00e9tropole, d\u00e9partement, r\u00e9gion) ou de l\u2019\u00e9tablissement public (centre des imp\u00f4ts, CAF\u2026), <b>avant le 28 janvier 1984<\/b>. Aucun 13\u00e8me mois n\u2019est accord\u00e9 apr\u00e8s cette date. La prime peut d&rsquo;ailleurs \u00eatre maintenue si vous \u00eates <b>mut\u00e9<\/b>, si par exemple vous passez d\u2019une collectivit\u00e9 \u00e0 une autre ou si vous passez d\u2019une collectivit\u00e9 \u00e0 un \u00e9tablissement public.<\/p>\n<h2>Prime fin d\u2019ann\u00e9e fonction publique : le r\u00e9gime indemnitaire de r\u00e9f\u00e9rence<\/h2>\n<p>Votre employeur peut compenser le non versement de la prime du 13\u00e8me mois via le R\u00e9gime Indemnitaire de R\u00e9f\u00e9rence tenant compte des Fonctions, des Suj\u00e9tions, de l\u2019Expertise et de l\u2019Engagement Professionnel, aussi appel\u00e9 <b>(RIFSEEP)<\/b>. Le RIFSEEP remplace la plupart des <b>anciennes primes et indemnit\u00e9s<\/b><\/p>\n<p>Votre employeur via le RIFSEEP peut vous verser chaque mois l&rsquo;Indemnit\u00e9 de Fonctions, de Suj\u00e9tions et d\u2019Expertise, aussi appel\u00e9 IFSE. L\u2019IFSE est un montant fix\u00e9 selon le <b>poste<\/b>, il est adapt\u00e9 aux contraintes li\u00e9es aux <b>fonctions <\/b>et il est \u00e9tabli selon<b> le niveau d\u2019expertise<\/b> de l\u2019employ\u00e9. Votre employeur peut aussi vous verser le <b>Compl\u00e9mentaire Indemnitaire Annuel<\/b> (CIA). Cette prime est <b>facultative <\/b>et est vers\u00e9e <b>annuellement<\/b>. Elle peut \u00eatre <b>cumul\u00e9e <\/b>avec l\u2019IFSE. Vous pouvez donc recevoir l\u2019IFSE et le CIA \u00e0 la fin de l\u2019ann\u00e9e.<\/p>\n<h2>Prime fin d\u2019ann\u00e9e fonction publique : qui peut la recevoir ?<\/h2>\n<p>Comme expliqu\u00e9 pr\u00e9c\u00e9demment, la prime de fin d\u2019ann\u00e9e dans la fonction publique n\u2019existe pas, sauf si une collectivit\u00e9 l\u2019a mise en place avant le 28 janvier 1984. C\u2019est le <b>RIFSEEP<\/b> qui pourra vous \u00eatre vers\u00e9, sous deux formes : <b>l\u2019IFSE <\/b>et le <b>CIA<\/b>. Mais attention vous devez avoir un <b>statut pr\u00e9cis<\/b> pour recevoir le RIFSEEP.<\/p>\n<p>Le (RIFSEEP) est r\u00e9serv\u00e9 aux <b>fonctionnaires de l\u2019\u00c9tat<\/b>. C&rsquo;est-\u00e0-dire que les agents non titulaires, quel que soit leur statut, droit public, droit priv\u00e9, en contrat \u00e0 dur\u00e9e d\u00e9termin\u00e9e (CDD) ou ind\u00e9termin\u00e9e (CDI) ne peuvent pas en b\u00e9n\u00e9ficier. Ils peuvent en revanche percevoir des<b> primes \u00e9quivalentes<\/b>.<\/p>\n<div class='shortcode disclaimer'><div class='title'>Attention<\/div><div class='content'>Le RIFSEEP ne s\u2019applique pas de fa\u00e7on automatique aux fonctionnaires territoriaux et hospitaliers.<\/div><\/div>\n<h2>Prime 13\u00e8me mois fonction publique hospitali\u00e8re<\/h2>\n<p>Il n\u2019existe pas de prime de 13\u00e8me mois dans la fonction publique hospitali\u00e8re. Il existe en revanche une indemnit\u00e9 appel\u00e9e la prime de service, destin\u00e9e au personnel non m\u00e9dical (\u00e0 <b>quelques exceptions<\/b>). Cette indemnit\u00e9 est vers\u00e9e <b>une fois par an<\/b>, g\u00e9n\u00e9ralement \u00e0 la fin du deuxi\u00e8me trimestre, donc vers juillet. Cette date peut n\u00e9anmoins changer en fonction de chaque \u00e9tablissement hospitalier.<\/p>\n<p>Les b\u00e9n\u00e9ficiaires de la prime de service dans la fonction publique hospitali\u00e8re sont en majorit\u00e9 du <b>personnel non m\u00e9dical<\/b>, \u00e0 quelques exceptions pr\u00e8s : les <b>titulaires <\/b>ou <b>stagiaires <\/b>d\u2019\u00e9tablissement hospitalier,de soins ou de cure publics, les agents contractuels des services hospitaliers, les personnels de l\u2019\u00e9tablissement public d\u00e9partemental de Saint-Pierre-et-Miquelon (titulaires, stagiaires et contractuels) et les m\u00e9decins des h\u00f4pitaux psychiatriques d\u00e9partementaux et interd\u00e9partementaux<\/p>\n<p>La prime de service est calcul\u00e9e selon <b>l\u2019assiduit\u00e9 <\/b>des fonctionnaires d\u2019\u00e9tablissements hospitaliers. Les journ\u00e9es d\u2019absence r\u00e9duisent le montant de la prime de service, cela repr\u00e9sente <b>1\/140\u00e8me<\/b> du montant de l\u2019indemnit\u00e9, \u00e0 titre individuel.<\/p>\n<div class='shortcode tips'><div class='title'>Exemple<\/div><div class='content'>Si vous \u00eates fonctionnaire d\u2019un \u00e9tablissement hospitalier et que vous avez \u00e9t\u00e9 absent <b>10 jours<\/b> cette ann\u00e9e, voici comment sera calcul\u00e9e votre prime de service.<\/p>\n<p>Un fonctionnaire pr\u00e9sent toute l\u2019ann\u00e9e re\u00e7oit une prime de service de <b>1 000\u20ac<\/b>.<\/p>\n<p>Vous avez \u00e9t\u00e9 absent <b>10 jours sur les 260<\/b> sur lesquels vous avez travaill\u00e9. Le calcul \u00e0 suivre est le suivant : Montant de la prime par jour :<b> 1 000 \u20ac \/ 260 jours = 3,85 \u20ac par jour<\/b><\/p>\n<p>Vous avez une retenue sur la prime d\u00fb aux 10 jours : <b>3,85 \u20ac \u00d7 10 = 38,50 \u20ac<\/b><\/p>\n<p>38,50\u20ac seront retenus sur votre prime de service. Vous toucherez <b>961,50\u20ac<\/b> (1000-38,50).<\/div><\/div>\n<h2>Prime 13\u00e8me mois fonction publique territoriale<\/h2>\n<p>Si vous travaillez dans la fonction publique territoriale, vous ne pouvez pas b\u00e9n\u00e9ficier du <b>13\u00e8me mois<\/b>. Cette prime est remplac\u00e9e par le R\u00e9gime Indemnitaire de R\u00e9f\u00e9rence tenant compte des Fonctions, des Suj\u00e9tions, de l\u2019Expertise et de l\u2019Engagement Professionnel, aussi appel\u00e9 (<b>RIFSEEP<\/b>). Via le RIFSEEP, vous pouvez avoir mensuellement <b>l\u2019IFSE <\/b>et annuellement le <b>CIA<\/b>. Si vous n\u2019\u00eates pas un agent titulaire, quel que soit votre statut (droit public, droit priv\u00e9, en CDD ou en CDI) vous ne pourrez pas avoir l\u2019IFSE. Vous pourrez en revanche percevoir des <b>indemnit\u00e9s \u00e9quivalentes<\/b>.<\/p>\n<h1>Conclusion<\/h1>\n<p>En conclusion, le \u201c13\u00e8me mois\u201d tel qu\u2019on l&rsquo;entend dans le secteur priv\u00e9 n\u2019existe pas dans la fonction publique. Cependant, il existe des primes de fin d\u2019ann\u00e9e ou des dispositifs similaires qui peuvent y ressembler. Ces primes sont soumises \u00e0 des conditions : elles doivent avoir \u00e9t\u00e9 mises en place avant 1984, \u00eatre pr\u00e9vues par une d\u00e9lib\u00e9ration locale et \u00eatre inscrites au budget de la collectivit\u00e9 ou de l\u2019\u00e9tablissement public. De plus, ni les agents titulaires ni les contractuels n\u2019ont un droit automatique \u00e0 ces primes, leur attribution d\u00e9pendant des crit\u00e8res propres \u00e0 chaque structure.<\/p>\n<p class=\"p1\"><div class='cta-block'><div class='text'>Simulez vos aides de fonctionnaire.<\/div><a href='https:\/\/www.mes-allocs.fr\/ab-app?origin=guides\/wp-json\/wp\/v2\/posts\/93189' class='app-button fit'>Simulation gratuite<\/a><\/div><\/p>\n","protected":false},"excerpt":{"rendered":"<p>[Mis \u00e0 jour le 09\/04\/2026] Les aides sociales et les primes sont des sujets importants pour les fonctionnaires, et le 13 mois fait souvent partie des questions pos\u00e9es. Contrairement au secteur priv\u00e9, o\u00f9 cette prime est courante, bien que les conditions d&rsquo;\u00e9ligibilit\u00e9 au 13e mois soit strictes, elle n\u2019existe pas officiellement dans la fonction publique. [&hellip;]<\/p>\n","protected":false},"author":31,"featured_media":93197,"comment_status":"open","ping_status":"open","sticky":false,"template":"","format":"standard","meta":{"amp_status":"","footnotes":""},"categories":[1411,44020,43999],"tags":[],"class_list":["post-93189","post","type-post","status-publish","format-standard","has-post-thumbnail","hentry","category-aides-sociales","category-conditions-13e-mois","category-prime-13e-mois"],"yoast_head":"<!-- This site is optimized with the Yoast SEO plugin v14.9 - https:\/\/yoast.com\/wordpress\/plugins\/seo\/ -->\n<title>13eme mois dans la fonction publique\u200b : conditions et modalit\u00e9s<\/title>\n<meta name=\"description\" content=\"13\u00e8me mois dans la fonction publique : existe-t-il vraiment ? Conditions, b\u00e9n\u00e9ficiaires et modalit\u00e9s de versement expliqu\u00e9s.\" \/>\n<meta name=\"robots\" content=\"index, follow, max-snippet:-1, max-image-preview:large, max-video-preview:-1\" \/>\n<link rel=\"canonical\" href=\"https:\/\/www.mes-allocs.fr\/guides\/aides-sociales\/prime-13e-mois\/conditions-13e-mois\/13e-mois-fonction-publique\/\" \/>\n<meta property=\"og:locale\" content=\"fr_FR\" \/>\n<meta property=\"og:type\" content=\"article\" \/>\n<meta property=\"og:title\" content=\"13eme mois dans la fonction publique\u200b : conditions et modalit\u00e9s\" \/>\n<meta property=\"og:description\" content=\"13\u00e8me mois dans la fonction publique : existe-t-il vraiment ? Conditions, b\u00e9n\u00e9ficiaires et modalit\u00e9s de versement expliqu\u00e9s.\" \/>\n<meta property=\"og:url\" content=\"https:\/\/www.mes-allocs.fr\/guides\/aides-sociales\/prime-13e-mois\/conditions-13e-mois\/13e-mois-fonction-publique\/\" \/>\n<meta property=\"og:site_name\" content=\"Mes-Allocs.fr\" \/>\n<meta property=\"article:published_time\" content=\"2025-02-17T09:24:44+00:00\" \/>\n<meta property=\"article:modified_time\" content=\"2026-04-22T07:33:44+00:00\" \/>\n<meta property=\"og:image\" content=\"https:\/\/www.mes-allocs.fr\/guides\/wp-content\/uploads\/2025\/02\/13eme-mois-fonction-publique.jpg?wsr\" \/>\n\t<meta property=\"og:image:width\" content=\"1800\" \/>\n\t<meta property=\"og:image:height\" content=\"1200\" \/>\n<meta name=\"twitter:card\" content=\"summary_large_image\" \/>\n<script type=\"application\/ld+json\" class=\"yoast-schema-graph\">{\"@context\":\"https:\/\/schema.org\",\"@graph\":[{\"@type\":\"WebSite\",\"@id\":\"https:\/\/www.mes-allocs.fr\/guides\/#website\",\"url\":\"https:\/\/www.mes-allocs.fr\/guides\/\",\"name\":\"Mes-Allocs.fr\",\"description\":\"\",\"potentialAction\":[{\"@type\":\"SearchAction\",\"target\":\"https:\/\/www.mes-allocs.fr\/guides\/?s={search_term_string}\",\"query-input\":\"required name=search_term_string\"}],\"inLanguage\":\"fr-FR\"},{\"@type\":\"ImageObject\",\"@id\":\"https:\/\/www.mes-allocs.fr\/guides\/aides-sociales\/prime-13e-mois\/conditions-13e-mois\/13e-mois-fonction-publique\/#primaryimage\",\"inLanguage\":\"fr-FR\",\"url\":\"https:\/\/www.mes-allocs.fr\/guides\/wp-content\/uploads\/2025\/02\/13eme-mois-fonction-publique.jpg?wsr\",\"width\":1800,\"height\":1200,\"caption\":\"eme mois fonction publique\"},{\"@type\":\"WebPage\",\"@id\":\"https:\/\/www.mes-allocs.fr\/guides\/aides-sociales\/prime-13e-mois\/conditions-13e-mois\/13e-mois-fonction-publique\/#webpage\",\"url\":\"https:\/\/www.mes-allocs.fr\/guides\/aides-sociales\/prime-13e-mois\/conditions-13e-mois\/13e-mois-fonction-publique\/\",\"name\":\"13eme mois dans la fonction publique\\u200b : conditions et modalit\\u00e9s\",\"isPartOf\":{\"@id\":\"https:\/\/www.mes-allocs.fr\/guides\/#website\"},\"primaryImageOfPage\":{\"@id\":\"https:\/\/www.mes-allocs.fr\/guides\/aides-sociales\/prime-13e-mois\/conditions-13e-mois\/13e-mois-fonction-publique\/#primaryimage\"},\"datePublished\":\"2025-02-17T09:24:44+00:00\",\"dateModified\":\"2026-04-22T07:33:44+00:00\",\"author\":{\"@id\":\"https:\/\/www.mes-allocs.fr\/guides\/#\/schema\/person\/4f115680446d9e6de360142157ca671d\"},\"description\":\"13\\u00e8me mois dans la fonction publique : existe-t-il vraiment ? Conditions, b\\u00e9n\\u00e9ficiaires et modalit\\u00e9s de versement expliqu\\u00e9s.\",\"inLanguage\":\"fr-FR\"},{\"@type\":\"Person\",\"@id\":\"https:\/\/www.mes-allocs.fr\/guides\/#\/schema\/person\/4f115680446d9e6de360142157ca671d\",\"name\":\"Miangaly Ramasindray\",\"image\":{\"@type\":\"ImageObject\",\"@id\":\"https:\/\/www.mes-allocs.fr\/guides\/#personlogo\",\"inLanguage\":\"fr-FR\",\"url\":\"https:\/\/www.mes-allocs.fr\/guides\/wp-content\/uploads\/2024\/10\/Miangaly_Ramasindray-150x150.jpeg\",\"caption\":\"Miangaly Ramasindray\"},\"description\":\"Miangaly est r\\u00e9dactrice web sp\\u00e9cialis\\u00e9e sur les sujets de pouvoir d'achat. Elle rejoint Mes Allocs en 2024 apr\\u00e8s une premi\\u00e8re exp\\u00e9rience en marketing chez DMI.\",\"sameAs\":[\"https:\/\/www.linkedin.com\/in\/miangaly-ramasindray\/\"]}]}<\/script>\n<!-- \/ Yoast SEO plugin. -->","amp_validity":null,"acf":{"faq":{"1":{"question":"Le 13\u00e8me mois est-il un droit acquis pour les fonctionnaires ?","answer":"Non, le 13\u00e8me mois n'est pas un droit statutaire pour les fonctionnaires. Il n'existe pas de disposition l\u00e9gale ou r\u00e9glementaire le pr\u00e9voyant de mani\u00e8re g\u00e9n\u00e9rale."},"2":{"question":"Tous les fonctionnaires peuvent-ils pr\u00e9tendre \u00e0 une prime de fin d'ann\u00e9e ?","answer":"Non, seulement les fonctionnaires relevant de collectivit\u00e9s ou d'\u00e9tablissements publics ayant instaur\u00e9 cette prime avant le 28 janvier 1984 peuvent y pr\u00e9tendre, sous certaines conditions."},"3":{"question":"Les primes de fin d'ann\u00e9e sont-elles les m\u00eames que le 13\u00e8me mois du priv\u00e9 ?","answer":"Non, m\u00eame si elles peuvent y ressembler, les primes de fin d'ann\u00e9e dans la fonction publique sont soumises \u00e0 des r\u00e8gles sp\u00e9cifiques et ne sont pas automatiques comme dans le secteur priv\u00e9."},"4":{"question":"Les agents \u00e0 temps partiel sont-ils exclus de la prime de fin d'ann\u00e9e ?","answer":"Non, ils peuvent y avoir droit, mais le montant de la prime sera proratis\u00e9 en fonction de leur temps de travail."},"5":{"question":"Les absences pour maladie ont-elles un impact sur le montant de la prime ?","answer":"Oui, certaines absences (notamment les cong\u00e9s sans solde) peuvent r\u00e9duire le montant de la prime, car elles ne sont pas consid\u00e9r\u00e9es comme du temps de pr\u00e9sence effective."},"6":{"question":"Y a-t-il des exceptions pour certaines absences ?","answer":"Oui, certaines absences sont assimil\u00e9es \u00e0 du temps de travail effectif et n'ont pas d'impact sur la prime, comme les cong\u00e9s pour accident de travail, les arr\u00eats maladie et les cong\u00e9s maternit\u00e9 ou paternit\u00e9."},"7":{"question":"","answer":""},"8":{"question":"","answer":""},"9":{"question":"","answer":""},"10":{"question":"","answer":""},"11":{"question":"","answer":""},"12":{"question":"","answer":""},"13":{"question":"","answer":""},"14":{"question":"","answer":""},"15":{"question":"","answer":""},"16":{"question":"","answer":""}}},"_links":{"self":[{"href":"https:\/\/www.mes-allocs.fr\/guides\/wp-json\/wp\/v2\/posts\/93189","targetHints":{"allow":["GET"]}}],"collection":[{"href":"https:\/\/www.mes-allocs.fr\/guides\/wp-json\/wp\/v2\/posts"}],"about":[{"href":"https:\/\/www.mes-allocs.fr\/guides\/wp-json\/wp\/v2\/types\/post"}],"author":[{"embeddable":true,"href":"https:\/\/www.mes-allocs.fr\/guides\/wp-json\/wp\/v2\/users\/31"}],"replies":[{"embeddable":true,"href":"https:\/\/www.mes-allocs.fr\/guides\/wp-json\/wp\/v2\/comments?post=93189"}],"version-history":[{"count":8,"href":"https:\/\/www.mes-allocs.fr\/guides\/wp-json\/wp\/v2\/posts\/93189\/revisions"}],"predecessor-version":[{"id":111827,"href":"https:\/\/www.mes-allocs.fr\/guides\/wp-json\/wp\/v2\/posts\/93189\/revisions\/111827"}],"wp:featuredmedia":[{"embeddable":true,"href":"https:\/\/www.mes-allocs.fr\/guides\/wp-json\/wp\/v2\/media\/93197"}],"wp:attachment":[{"href":"https:\/\/www.mes-allocs.fr\/guides\/wp-json\/wp\/v2\/media?parent=93189"}],"wp:term":[{"taxonomy":"category","embeddable":true,"href":"https:\/\/www.mes-allocs.fr\/guides\/wp-json\/wp\/v2\/categories?post=93189"},{"taxonomy":"post_tag","embeddable":true,"href":"https:\/\/www.mes-allocs.fr\/guides\/wp-json\/wp\/v2\/tags?post=93189"}],"curies":[{"name":"wp","href":"https:\/\/api.w.org\/{rel}","templated":true}]}}