{"id":92964,"date":"2025-02-13T13:09:11","date_gmt":"2025-02-13T11:09:11","guid":{"rendered":"https:\/\/www.mes-allocs.fr\/guides\/?p=92964"},"modified":"2026-04-22T08:33:44","modified_gmt":"2026-04-22T07:33:44","slug":"13e-mois-embauche-cours-annee","status":"publish","type":"post","link":"https:\/\/www.mes-allocs.fr\/guides\/aides-sociales\/prime-13e-mois\/conditions-13e-mois\/13e-mois-embauche-cours-annee\/","title":{"rendered":"13\u00e8me mois embauche en cours d&rsquo;ann\u00e9e : comment \u00e7a marche ?"},"content":{"rendered":"<p><img loading=\"lazy\" decoding=\"async\" class=\"alignnone wp-image-92962\" title=\"eme mois embauche cours annee\" src=\"https:\/\/www.mes-allocs.fr\/guides\/wp-content\/uploads\/2025\/02\/13-eme-mois-embauche-cours-annee-e1739444642655-300x43.jpg\" alt=\"eme mois embauche cours annee\" width=\"1681\" height=\"241\" srcset=\"https:\/\/www.mes-allocs.fr\/guides\/wp-content\/uploads\/2025\/02\/13-eme-mois-embauche-cours-annee-e1739444642655-300x43.jpg 300w, https:\/\/www.mes-allocs.fr\/guides\/wp-content\/uploads\/2025\/02\/13-eme-mois-embauche-cours-annee-e1739444642655-1024x148.jpg 1024w, https:\/\/www.mes-allocs.fr\/guides\/wp-content\/uploads\/2025\/02\/13-eme-mois-embauche-cours-annee-e1739444642655-768x111.jpg 768w, https:\/\/www.mes-allocs.fr\/guides\/wp-content\/uploads\/2025\/02\/13-eme-mois-embauche-cours-annee-e1739444642655-600x87.jpg 600w, https:\/\/www.mes-allocs.fr\/guides\/wp-content\/uploads\/2025\/02\/13-eme-mois-embauche-cours-annee-e1739444642655.jpg 1060w\" sizes=\"auto, (max-width: 1681px) 100vw, 1681px\" \/><\/p>\n<p>[Mis \u00e0 jour le 09\/04\/2026] Le 13\u00e8me mois est une prime qui repr\u00e9sente un compl\u00e9ment de revenu pour de nombreux salari\u00e9s. Cependant, son attribution en cas d\u2019embauche en cours d\u2019ann\u00e9e soul\u00e8ve plusieurs questions, notamment sur le calcul du montant, les <a href=\"https:\/\/www.mes-allocs.fr\/guides\/aides-sociales\/prime-13e-mois\/conditions-13e-mois\/\">conditions d\u2019\u00e9ligibilit\u00e9 au 13e mois<\/a> et les restrictions. Dans un contexte o\u00f9 les aides sociales peuvent avoir un r\u00f4le important dans le budget des m\u00e9nages, il est important de comprendre comment fonctionne cette prime. Dans cet article, d\u00e9couvrez comment fonctionne le versement du <b>13\u00e8me mois en cas d\u2019embauche en cours d\u2019ann\u00e9e<\/b>.<\/p>\n<p class=\"p1\"><div class='cta-block'><div class='text'>Simulez toutes vos Aides en 2 min.<\/div><a href='https:\/\/www.mes-allocs.fr\/ab-app?origin=guides\/wp-json\/wp\/v2\/posts\/92964' class='app-button fit'>Simulation gratuite<\/a><\/div><\/p>\n<h1>Ai-je droit au 13e mois si je suis embauch\u00e9 en cours d\u2019ann\u00e9e ?<\/h1>\n<p><b>Oui<\/b>, il est possible de b\u00e9n\u00e9ficier du 13\u00e8me mois m\u00eame si vous \u00eates embauch\u00e9 en cours d\u2019ann\u00e9e, mais cela <b>d\u00e9pend des modalit\u00e9s pr\u00e9vues dans votre entreprise<\/b>. Si le texte qui instaure le 13\u00e8me mois pr\u00e9voit un calcul au <b>prorata temporis<\/b>, vous y aurez droit proportionnellement \u00e0 votre temps de pr\u00e9sence. En revanche, certaines entreprises imposent une <b>anciennet\u00e9 minimale<\/b> ou conditionnent le versement \u00e0 une <b>pr\u00e9sence effective \u00e0 une date pr\u00e9cise<\/b>. Dans ce cas, vous pourriez ne pas percevoir cette prime si ces crit\u00e8res ne sont pas remplis.<\/p>\n<h1>13\u00e8me mois embauche en cours d&rsquo;ann\u00e9e : quel montant ?<\/h1>\n<h2>Comment est normalement calcul\u00e9 le 13\u00e8me mois ?<\/h2>\n<p>Le calcul du 13\u00e8me mois d\u00e9pend des r\u00e8gles d\u00e9finies dans les textes applicables de l\u2019entreprise. En g\u00e9n\u00e9ral, le 13\u00e8me mois correspond \u00e0 <b>un mois de salaire brut de base<\/b>, mais il peut aussi \u00eatre calcul\u00e9 sur la moyenne des salaires per\u00e7us sur l\u2019ann\u00e9e, y compris les \u00e9l\u00e9ments variables comme les primes ou les heures suppl\u00e9mentaires, sauf indication contrainte.<\/p>\n<p>Si le salari\u00e9 n\u2019a pas travaill\u00e9 toute l\u2019ann\u00e9e, le montant est souvent proratis\u00e9 en fonction du temps de pr\u00e9sence. Par exemple, un salari\u00e9 embauch\u00e9 en juin recevra une prime \u00e9quivalente \u00e0 :<\/p>\n<p>(salaire mensuel \/ 12) x mois travaill\u00e9s.<\/p>\n<p>Pour les salari\u00e9s \u00e0 temps partiel, la prime est ajust\u00e9e proportionnellement \u00e0 leur taux d\u2019activit\u00e9. Enfin, certaines entreprises conditionnent le versement du 13\u00e8me mois \u00e0 une date pr\u00e9cise, sauf exceptions comme les accidents de travail.<\/p>\n<p><b>\u00c0 noter<\/b> : certaines absences (comme les cong\u00e9s sans solde ou arr\u00eats maladie) peuvent \u00e9galement r\u00e9duire le montant de la prime, selon les dispositions pr\u00e9vues.<\/p>\n<h2>Comment se calcule le 13\u00e8me pour une embauche en cours d\u2019ann\u00e9e ?<\/h2>\n<p>Le calcul du 13\u00e8me mois pour une embauche en cours d\u2019ann\u00e9e se fait g\u00e9n\u00e9ralement au prorata. Cela signifie que le montant est ajust\u00e9 en fonction du nombre de mois (ou jours) travaill\u00e9s dans l\u2019ann\u00e9e. Par exemple, si votre salaire mensuel est de 2000 \u20ac et que vous avez \u00e9t\u00e9 embauch\u00e9 le 1er juillet, vous percevrez un demi-13\u00e8me mois, soit :<\/p>\n<p>2000 x 6\/12 = 1000 \u20ac.<\/p>\n<p>Certains employeurs peuvent \u00e9galement inclure des \u00e9l\u00e9ments variables comme les primes ou heures suppl\u00e9mentaires dans ce calcul.<\/p>\n<h2>Quels \u00e9l\u00e9ments peuvent impacter le montant de mon 13e mois en cas d\u2019embauche en cours d\u2019ann\u00e9e ?<\/h2>\n<p>Plusieurs \u00e9l\u00e9ments peuvent impacter le montant de votre 13\u00e8me mois en cas d\u2019embauche en cours d\u2019ann\u00e9e. Parmi ces \u00e9l\u00e9ments, on retrouve :<\/p>\n<ul>\n<li aria-level=\"1\"><b>L\u2019anciennet\u00e9 minimale requise<\/b> : certaines entreprises exigent une dur\u00e9e minimale de pr\u00e9sence (par exemple, six mois ou un an) pour b\u00e9n\u00e9ficier du 13\u00e8me mois, ce qui peut exclure les salari\u00e9s r\u00e9cemment embauch\u00e9s.<\/li>\n<li aria-level=\"1\"><b>Le prorata temporis<\/b> : si vous \u00eates embauch\u00e9 en cours d\u2019ann\u00e9e, le montant de votre 13\u00e8me mois est souvent calcul\u00e9 au prorata de votre temps de pr\u00e9sence. Par exemple, un salari\u00e9 embauch\u00e9 en juillet recevra la moiti\u00e9 de la prime annuelle.<\/li>\n<li aria-level=\"1\"><b>La pr\u00e9sence effective<\/b> : certaines entreprises conditionnent le versement \u00e0 une pr\u00e9sence active \u00e0 une date pr\u00e9cise (souvent au moment du versement). Les absences injustifi\u00e9es ou les d\u00e9parts avant cette date peuvent r\u00e9duire ou annuler la prime.<\/li>\n<li aria-level=\"1\"><b>Les absences non assimil\u00e9es au travail effectif <\/b>: les cong\u00e9s sans solde, arr\u00eats maladie non indemnis\u00e9s ou autres absences similaires peuvent impacter n\u00e9gativement le montant de la prime si le texte qui l\u2019instaure le pr\u00e9voit.<\/li>\n<li aria-level=\"1\"><b>Le type de contrat<\/b> : certaines entreprises limitent l\u2019attribution du 13\u00e8me mois \u00e0 des cat\u00e9gories de salari\u00e9s (par exemple, cadres ou CDI), excluant parfois les CDD ou int\u00e9rimaires.<\/li>\n<\/ul>\n<div class='cta-block'><div class='text'>Simulez toutes vos Aides en 2 min.<\/div><a href='https:\/\/www.mes-allocs.fr\/ab-app?origin=guides\/wp-json\/wp\/v2\/posts\/92964' class='app-button fit'>Simulation gratuite<\/a><\/div>\n<h1>Comment n\u00e9gocier le 13\u00e8me mois \u00e0 l\u2019embauche ?<\/h1>\n<p>Lors d&rsquo;un entretien d&#8217;embauche, il est important de clarifier si le salaire propos\u00e9 inclut ou non un 13\u00e8me mois. Pour cela, demandez si la r\u00e9mun\u00e9ration est calcul\u00e9e sur 12 ou 13 mois, car cela peut avoir un impact direct sur votre revenu mensuel. Si l&rsquo;entreprise ne propose pas de 13e mois vous pouvez l&rsquo;utiliser comme un<b> levier de n\u00e9gociation<\/b> en mettant en avant vos comp\u00e9tences ou votre exp\u00e9rience. Pour augmenter vos chances, pr\u00e9parez des arguments solides avant la n\u00e9gociation. Par exemple,<b> comparer les pratiques du march\u00e9 dans votre secteur<\/b> pour montrer que le 13\u00e8me mois est courant dans des entreprises similaires. Vous pouvez aussi \u00e9voquer l&rsquo;impact positif qu&rsquo;une telle prime aurait sur votre motivation de votre fid\u00e9lit\u00e9 \u00e0 l&rsquo;entreprise.<\/p>\n<p>Si l&#8217;employeur semble r\u00e9ticent, vous pouvez proposer des alternatives comme une prime annuelle \u00e9quivalente ou une augmentation progressive de votre salaire pour compenser l&rsquo;absence du 13\u00e8me mois.<\/p>\n<h1>Le 13\u00e8me mois est-il une obligation l\u00e9gale ?<\/h1>\n<p>Le versement du 13\u00e8me mois <b>n\u2019est pas une obligation l\u00e9gale<\/b> en France. Le Code du travail ne pr\u00e9voit aucune disposition imposant cette prime aux employeurs. Cependant, elle peut devenir obligatoire si elle est stipul\u00e9e dans les textes de l\u2019entreprise. Une fois pr\u00e9vue par ces textes ou pratiques, l\u2019employeur est tenu de la respecter. En revanche, si aucune disposition ne l\u2019impose, son versement rel\u00e8ve du choix de l\u2019employeur.<\/p>\n<p class=\"p1\"><div class='cta-block'><div class='text'>Simulez toutes vos Aides en 2 min.<\/div><a href='https:\/\/www.mes-allocs.fr\/ab-app?origin=guides\/wp-json\/wp\/v2\/posts\/92964' class='app-button fit'>Simulation gratuite<\/a><\/div><\/p>\n","protected":false},"excerpt":{"rendered":"<p>[Mis \u00e0 jour le 09\/04\/2026] Le 13\u00e8me mois est une prime qui repr\u00e9sente un compl\u00e9ment de revenu pour de nombreux salari\u00e9s. Cependant, son attribution en cas d\u2019embauche en cours d\u2019ann\u00e9e soul\u00e8ve plusieurs questions, notamment sur le calcul du montant, les conditions d\u2019\u00e9ligibilit\u00e9 au 13e mois et les restrictions. Dans un contexte o\u00f9 les aides sociales [&hellip;]<\/p>\n","protected":false},"author":31,"featured_media":92963,"comment_status":"open","ping_status":"open","sticky":false,"template":"","format":"standard","meta":{"amp_status":"","footnotes":""},"categories":[1411,44020,43999],"tags":[],"class_list":["post-92964","post","type-post","status-publish","format-standard","has-post-thumbnail","hentry","category-aides-sociales","category-conditions-13e-mois","category-prime-13e-mois"],"yoast_head":"<!-- This site is optimized with the Yoast SEO plugin v14.9 - https:\/\/yoast.com\/wordpress\/plugins\/seo\/ -->\n<title>13\u00e8me mois embauche en cours d&#039;ann\u00e9e : comment \u00e7a marche ?<\/title>\n<meta name=\"description\" content=\"Embauche en cours d&#039;ann\u00e9e et 13\u00e8me mois : quelles sont les r\u00e8gles, le calcul et les conditions d&#039;\u00e9ligibilit\u00e9 ? Mes Allocs vous \u00e9claire.\" \/>\n<meta name=\"robots\" content=\"index, follow, max-snippet:-1, max-image-preview:large, max-video-preview:-1\" \/>\n<link rel=\"canonical\" href=\"https:\/\/www.mes-allocs.fr\/guides\/aides-sociales\/prime-13e-mois\/conditions-13e-mois\/13e-mois-embauche-cours-annee\/\" \/>\n<meta property=\"og:locale\" content=\"fr_FR\" \/>\n<meta property=\"og:type\" content=\"article\" \/>\n<meta property=\"og:title\" content=\"13\u00e8me mois embauche en cours d&#039;ann\u00e9e : comment \u00e7a marche ?\" \/>\n<meta property=\"og:description\" content=\"Embauche en cours d&#039;ann\u00e9e et 13\u00e8me mois : quelles sont les r\u00e8gles, le calcul et les conditions d&#039;\u00e9ligibilit\u00e9 ? Mes Allocs vous \u00e9claire.\" \/>\n<meta property=\"og:url\" content=\"https:\/\/www.mes-allocs.fr\/guides\/aides-sociales\/prime-13e-mois\/conditions-13e-mois\/13e-mois-embauche-cours-annee\/\" \/>\n<meta property=\"og:site_name\" content=\"Mes-Allocs.fr\" \/>\n<meta property=\"article:published_time\" content=\"2025-02-13T11:09:11+00:00\" \/>\n<meta property=\"article:modified_time\" content=\"2026-04-22T07:33:44+00:00\" \/>\n<meta property=\"og:image\" content=\"https:\/\/www.mes-allocs.fr\/guides\/wp-content\/uploads\/2025\/02\/13eme-mois-embauche-cours-annee.jpg?wsr\" \/>\n\t<meta property=\"og:image:width\" content=\"2000\" \/>\n\t<meta property=\"og:image:height\" content=\"1125\" \/>\n<meta name=\"twitter:card\" content=\"summary_large_image\" \/>\n<script type=\"application\/ld+json\" class=\"yoast-schema-graph\">{\"@context\":\"https:\/\/schema.org\",\"@graph\":[{\"@type\":\"WebSite\",\"@id\":\"https:\/\/www.mes-allocs.fr\/guides\/#website\",\"url\":\"https:\/\/www.mes-allocs.fr\/guides\/\",\"name\":\"Mes-Allocs.fr\",\"description\":\"\",\"potentialAction\":[{\"@type\":\"SearchAction\",\"target\":\"https:\/\/www.mes-allocs.fr\/guides\/?s={search_term_string}\",\"query-input\":\"required name=search_term_string\"}],\"inLanguage\":\"fr-FR\"},{\"@type\":\"ImageObject\",\"@id\":\"https:\/\/www.mes-allocs.fr\/guides\/aides-sociales\/prime-13e-mois\/conditions-13e-mois\/13e-mois-embauche-cours-annee\/#primaryimage\",\"inLanguage\":\"fr-FR\",\"url\":\"https:\/\/www.mes-allocs.fr\/guides\/wp-content\/uploads\/2025\/02\/13eme-mois-embauche-cours-annee.jpg?wsr\",\"width\":2000,\"height\":1125,\"caption\":\"eme mois embauche cours annee\"},{\"@type\":\"WebPage\",\"@id\":\"https:\/\/www.mes-allocs.fr\/guides\/aides-sociales\/prime-13e-mois\/conditions-13e-mois\/13e-mois-embauche-cours-annee\/#webpage\",\"url\":\"https:\/\/www.mes-allocs.fr\/guides\/aides-sociales\/prime-13e-mois\/conditions-13e-mois\/13e-mois-embauche-cours-annee\/\",\"name\":\"13\\u00e8me mois embauche en cours d'ann\\u00e9e : comment \\u00e7a marche ?\",\"isPartOf\":{\"@id\":\"https:\/\/www.mes-allocs.fr\/guides\/#website\"},\"primaryImageOfPage\":{\"@id\":\"https:\/\/www.mes-allocs.fr\/guides\/aides-sociales\/prime-13e-mois\/conditions-13e-mois\/13e-mois-embauche-cours-annee\/#primaryimage\"},\"datePublished\":\"2025-02-13T11:09:11+00:00\",\"dateModified\":\"2026-04-22T07:33:44+00:00\",\"author\":{\"@id\":\"https:\/\/www.mes-allocs.fr\/guides\/#\/schema\/person\/4f115680446d9e6de360142157ca671d\"},\"description\":\"Embauche en cours d'ann\\u00e9e et 13\\u00e8me mois : quelles sont les r\\u00e8gles, le calcul et les conditions d'\\u00e9ligibilit\\u00e9 ? Mes Allocs vous \\u00e9claire.\",\"inLanguage\":\"fr-FR\"},{\"@type\":\"Person\",\"@id\":\"https:\/\/www.mes-allocs.fr\/guides\/#\/schema\/person\/4f115680446d9e6de360142157ca671d\",\"name\":\"Miangaly Ramasindray\",\"image\":{\"@type\":\"ImageObject\",\"@id\":\"https:\/\/www.mes-allocs.fr\/guides\/#personlogo\",\"inLanguage\":\"fr-FR\",\"url\":\"https:\/\/www.mes-allocs.fr\/guides\/wp-content\/uploads\/2024\/10\/Miangaly_Ramasindray-150x150.jpeg\",\"caption\":\"Miangaly Ramasindray\"},\"description\":\"Miangaly est r\\u00e9dactrice web sp\\u00e9cialis\\u00e9e sur les sujets de pouvoir d'achat. Elle rejoint Mes Allocs en 2024 apr\\u00e8s une premi\\u00e8re exp\\u00e9rience en marketing chez DMI.\",\"sameAs\":[\"https:\/\/www.linkedin.com\/in\/miangaly-ramasindray\/\"]}]}<\/script>\n<!-- \/ Yoast SEO plugin. -->","amp_validity":null,"acf":{"faq":{"1":{"question":"J'ai commenc\u00e9 mon contrat en octobre,  puis-je esp\u00e9rer toucher un 13\u00e8me mois cette ann\u00e9e ?","answer":"Oui, c'est possible, mais cela d\u00e9pend des r\u00e8gles de votre entreprise. Si le 13\u00e8me mois est calcul\u00e9 au prorata, vous toucherez une partie de la prime en fonction du temps travaill\u00e9."},"2":{"question":"Mon entreprise verse le 13\u00e8me mois en juin et d\u00e9cembre.  Si je commence en f\u00e9vrier,  aurai-je droit \u00e0 ces deux versements ?","answer":"Non,  vous n'aurez probablement droit qu'\u00e0 la partie vers\u00e9e en d\u00e9cembre, calcul\u00e9e au prorata de votre temps de pr\u00e9sence."},"3":{"question":"Comment savoir si mon entreprise verse un 13\u00e8me mois ?","answer":"L'information doit figurer dans votre contrat de travail, la convention collective applicable ou un accord d'entreprise.  Vous pouvez aussi vous renseigner aupr\u00e8s des ressources humaines.\r\n\r\n"},"4":{"question":"Le 13\u00e8me mois est-il obligatoire pour les CDD ?","answer":"Non, il n'est pas obligatoire, sauf si votre contrat de travail, la convention collective ou un usage dans l'entreprise le pr\u00e9voit."},"5":{"question":"J'ai \u00e9t\u00e9 en arr\u00eat maladie pendant mon premier mois de travail, cela impacte-t-il mon 13\u00e8me mois ?","answer":"Possiblement. Certaines entreprises prennent en compte le temps de travail effectif pour calculer le 13\u00e8me mois, ce qui pourrait r\u00e9duire le montant de votre prime."},"6":{"question":"Puis-je n\u00e9gocier le versement d'un 13\u00e8me mois complet lors de mon embauche ?","answer":"Cela est possible, mais d\u00e9pendra de la politique de l'entreprise et de votre pouvoir de n\u00e9gociation."},"7":{"question":"","answer":""},"8":{"question":"","answer":""},"9":{"question":"","answer":""},"10":{"question":"","answer":""},"11":{"question":"","answer":""},"12":{"question":"","answer":""},"13":{"question":"","answer":""},"14":{"question":"","answer":""},"15":{"question":"","answer":""},"16":{"question":"","answer":""}}},"_links":{"self":[{"href":"https:\/\/www.mes-allocs.fr\/guides\/wp-json\/wp\/v2\/posts\/92964","targetHints":{"allow":["GET"]}}],"collection":[{"href":"https:\/\/www.mes-allocs.fr\/guides\/wp-json\/wp\/v2\/posts"}],"about":[{"href":"https:\/\/www.mes-allocs.fr\/guides\/wp-json\/wp\/v2\/types\/post"}],"author":[{"embeddable":true,"href":"https:\/\/www.mes-allocs.fr\/guides\/wp-json\/wp\/v2\/users\/31"}],"replies":[{"embeddable":true,"href":"https:\/\/www.mes-allocs.fr\/guides\/wp-json\/wp\/v2\/comments?post=92964"}],"version-history":[{"count":10,"href":"https:\/\/www.mes-allocs.fr\/guides\/wp-json\/wp\/v2\/posts\/92964\/revisions"}],"predecessor-version":[{"id":111824,"href":"https:\/\/www.mes-allocs.fr\/guides\/wp-json\/wp\/v2\/posts\/92964\/revisions\/111824"}],"wp:featuredmedia":[{"embeddable":true,"href":"https:\/\/www.mes-allocs.fr\/guides\/wp-json\/wp\/v2\/media\/92963"}],"wp:attachment":[{"href":"https:\/\/www.mes-allocs.fr\/guides\/wp-json\/wp\/v2\/media?parent=92964"}],"wp:term":[{"taxonomy":"category","embeddable":true,"href":"https:\/\/www.mes-allocs.fr\/guides\/wp-json\/wp\/v2\/categories?post=92964"},{"taxonomy":"post_tag","embeddable":true,"href":"https:\/\/www.mes-allocs.fr\/guides\/wp-json\/wp\/v2\/tags?post=92964"}],"curies":[{"name":"wp","href":"https:\/\/api.w.org\/{rel}","templated":true}]}}