{"id":92887,"date":"2025-02-12T12:58:41","date_gmt":"2025-02-12T10:58:41","guid":{"rendered":"https:\/\/www.mes-allocs.fr\/guides\/?p=92887"},"modified":"2026-04-22T10:50:33","modified_gmt":"2026-04-22T09:50:33","slug":"interim-13e-mois","status":"publish","type":"post","link":"https:\/\/www.mes-allocs.fr\/guides\/aides-sociales\/prime-13e-mois\/conditions-13e-mois\/interim-13e-mois\/","title":{"rendered":"Comment percevoir le 13\u00e8me mois en int\u00e9rim ?"},"content":{"rendered":"<p><img loading=\"lazy\" decoding=\"async\" class=\"alignnone wp-image-92889\" title=\"interim et eme mois\" src=\"https:\/\/www.mes-allocs.fr\/guides\/wp-content\/uploads\/2025\/02\/interim-et-13eme-mois-e1739357902593-300x60.jpg\" alt=\"interim et eme mois\" width=\"1510\" height=\"302\" srcset=\"https:\/\/www.mes-allocs.fr\/guides\/wp-content\/uploads\/2025\/02\/interim-et-13eme-mois-e1739357902593-300x60.jpg 300w, https:\/\/www.mes-allocs.fr\/guides\/wp-content\/uploads\/2025\/02\/interim-et-13eme-mois-e1739357902593-1024x205.jpg 1024w, https:\/\/www.mes-allocs.fr\/guides\/wp-content\/uploads\/2025\/02\/interim-et-13eme-mois-e1739357902593-768x154.jpg 768w, https:\/\/www.mes-allocs.fr\/guides\/wp-content\/uploads\/2025\/02\/interim-et-13eme-mois-e1739357902593-1536x307.jpg 1536w, https:\/\/www.mes-allocs.fr\/guides\/wp-content\/uploads\/2025\/02\/interim-et-13eme-mois-e1739357902593-600x120.jpg 600w, https:\/\/www.mes-allocs.fr\/guides\/wp-content\/uploads\/2025\/02\/interim-et-13eme-mois-e1739357902593.jpg 1800w\" sizes=\"auto, (max-width: 1510px) 100vw, 1510px\" \/><\/p>\n<p>[Mis \u00e0 jour le 31\/03\/2026] Les aides sociales et les avantages financiers sont importants pour assurer un revenu stable aux travailleurs, y compris les int\u00e9rimaires. Parmi ces avantages, le 13\u00e8me mois peut repr\u00e9senter un compl\u00e9ment de salaire non n\u00e9gligeable. Mais en int\u00e9rim, son attribution n\u2019est pas automatique et d\u00e9pend de plusieurs crit\u00e8res, comme la convention collective ou les accords d\u2019entreprise. Alors, peut-on b\u00e9n\u00e9ficier du <strong>13e mois en int\u00e9rim<\/strong> ? Dans cet article, d\u00e9couvrez les <a href=\"https:\/\/www.mes-allocs.fr\/guides\/aides-sociales\/prime-13e-mois\/conditions-13eme-mois\/\">conditions d\u2019\u00e9ligibilit\u00e9 au 13\u00e8me mois<\/a> en int\u00e9rim, les modalit\u00e9s de calcul et les d\u00e9marches \u00e0 suivre.<\/p>\n<p class=\"p1\"><div class='cta-block'><div class='text'>Simulez vos aides en int\u00e9rim<\/div><a href='https:\/\/www.mes-allocs.fr\/ab-app?origin=guides\/wp-json\/wp\/v2\/posts\/92887' class='app-button fit'>Simulation gratuite<\/a><\/div><\/p>\n<h1>Qu\u2019est-ce que le 13\u00e8me mois ?<\/h1>\n<p>Le 13\u00e8me mois, \u00e9galement connu sous le nom de la prime de fin d\u2019ann\u00e9e, est une p<b>rime vers\u00e9e par certaines entreprises<\/b> \u00e0 leurs employ\u00e9s, en plus de leur salaire habituel. Cette prime est g\u00e9n\u00e9ralement<b> \u00e9quivalente \u00e0 un mois de salaire brut <\/b>et peut \u00eatre vers\u00e9e en une seule fois, g\u00e9n\u00e9ralement en d\u00e9cembre, ou r\u00e9partie sur l\u2019ann\u00e9e.<\/p>\n<h1>Est-ce que les int\u00e9rimaires ont droit au 13\u00e8me mois ?<\/h1>\n<p>En tant qu&rsquo;int\u00e9rimaire,<b> vous pouvez avoir droit au 13\u00e8me mois<\/b>, mais cela d\u00e9pend des conditions de l\u2019entreprise o\u00f9 vous travaillez et des r\u00e8gles qui s\u2019appliquent. Les int\u00e9rimaires doivent b\u00e9n\u00e9ficier des <b>m\u00eames avantages que les salari\u00e9s permanents<\/b>, y compris le 13\u00e8me mois, si celui-ci est pr\u00e9vu par la convention collective ou les accords d\u2019entreprise. Cependant, cette prime n\u2019est pas syst\u00e9matique. Pour en b\u00e9n\u00e9ficier, les int\u00e9rimaires doivent remplir les conditions exig\u00e9es par l\u2019entreprise.<\/p>\n<p>Vous souhaitez savoir si il existe un <a href=\"https:\/\/www.mes-allocs.fr\/guides\/aides-sociales\/prime-13e-mois\/conditions-13e-mois\/interim-13e-mois\/manpower-prime-13eme-mois\/\">13e mois pour les int\u00e9rimaires Manpower<\/a> ? La r\u00e9ponse est oui, sous r\u00e9serve \u00e9galement que l\u2019entreprise dans laquelle vous travaillez l&rsquo;attribue.<\/p>\n<h1>Quelles conditions d\u2019attribution du 13\u00e8me mois pour les int\u00e9rimaires ?<\/h1>\n<h2>L\u2019anciennet\u00e9 dans l\u2019entreprise est-elle un crit\u00e8re obligatoire pour percevoir le 13\u00e8me mois en tant qu\u2019int\u00e9rimaire ?<\/h2>\n<p>Oui, <b>l&rsquo;anciennet\u00e9 peut \u00eatre un crit\u00e8re d&rsquo;attribution<\/b> du 13\u00e8me mois pour les int\u00e9rimaires, mais cela d\u00e9pend des r\u00e8gles d\u00e9finies par l&rsquo;entreprise. Certaines conventions exigent une dur\u00e9e minimale de travail dans l&rsquo;entreprise pour pr\u00e9tendre \u00e0 cette prime, m\u00eame pour les int\u00e9rimaires. Si cette condition est remplie, le montant peut \u00eatre calcul\u00e9 au prorata du temps de pr\u00e9sence dans l&rsquo;ann\u00e9e.<\/p>\n<h2>La pr\u00e9sence effective \u00e0 une date pr\u00e9cise est-elle requise pour avoir la prime du 13\u00e8me mois ?<\/h2>\n<p>Dans de nombreux cas, la pr\u00e9sence effective \u00e0 une <b>date d\u00e9finie est une condition obligatoire <\/b>pour faire recevoir le 13e mois. En tant qu&rsquo;int\u00e9rimaire, si vous n&rsquo;\u00eates pas en poste \u00e0 cette date, vous pouvez perdre votre droit \u00e0 la prime, sauf si les textes pr\u00e9voient un versement proratis\u00e9 en fonction du temps de pr\u00e9sence.<\/p>\n<p><iframe loading=\"lazy\" src=\"\/\/www.youtube.com\/embed\/djWBjy-Kn84\" width=\"560\" height=\"314\" allowfullscreen=\"allowfullscreen\"><\/iframe><\/p>\n<h1>Comment se calcule le 13\u00e8me mois pour un int\u00e9rimaire ?<\/h1>\n<h2>Quelle est la m\u00e9thode de calcul au prorata temporis pour les int\u00e9rimaires ?<\/h2>\n<p>La m\u00e9thode de calcul du 13\u00e8me mois au prorata temporis consiste \u00e0 <b>ajuster le montant de la prime en fonction du temps r\u00e9ellement travaill\u00e9<\/b> par l\u2019int\u00e9rimaire. Par exemple, si en tant qu\u2019int\u00e9rimaire vous avez travaill\u00e9 6 mois sur 12 dans l\u2019ann\u00e9e et que votre salaire brut mensuel est de 2000 \u20ac, votre prime sera calcul\u00e9e ainsi :<\/p>\n<p>Prime = Salaire brut x Mois travaill\u00e9s \/ Mois dans l\u2019ann\u00e9e<\/p>\n<h2>Quels \u00e9l\u00e9ments de r\u00e9mun\u00e9ration sont pris en compte dans le calcul du 13\u00e8me mois en int\u00e9rim ?<\/h2>\n<p>Le calcul du 13\u00e8me mois pour les int\u00e9rimaires repose sur les \u00e9l\u00e9ments suivants :<\/p>\n<ul>\n<li aria-level=\"1\"><b>Le salaire de base<\/b> : le montant du 13\u00e8me mois est g\u00e9n\u00e9ralement bas\u00e9 sur le salaire brut mensuel contractuel, qui constitue la r\u00e9f\u00e9rence principale pour cette prime.<\/li>\n<li aria-level=\"1\"><b>Les \u00e9l\u00e9ments variables<\/b> : certaines entreprises incluent dans le calcul des primes variables (comme une prime d\u2019anciennet\u00e9), des commissions ou des majorations pour des heures suppl\u00e9mentaires.<\/li>\n<li aria-level=\"1\"><b>Les exclusions<\/b> : les remboursements de frais professionnels, les indemnit\u00e9s de fin de mission (IFM) ou les indemnit\u00e9s compensatrices des cong\u00e9s pay\u00e9s ne sont g\u00e9n\u00e9ralement pas pris en compte dans le calcul du 13\u00e8me mois.<\/li>\n<\/ul>\n<h2>Exemple de calcul du 13\u00e8me mois en int\u00e9rim<\/h2>\n<p>Supposons qu\u2019un int\u00e9rimaire ait travaill\u00e9 8 mois dans une entreprise avec un salaire brut mensuel de base de 2000 \u20ac. Si la convention collective pr\u00e9voit un calcul au prorata du temps de pr\u00e9sence, voici comment la prime sera d\u00e9termin\u00e9e :<\/p>\n<p>Prime = 2000 \u20ac x 8\/12 = 1333,33 \u20ac<\/p>\n<p>Si des \u00e9l\u00e9ments variables, comme une prime d\u2019anciennet\u00e9 de 100 \u20ac par mois, sont inclus, le calcul devient :<\/p>\n<p>(2000 \u20ac + 100 \u20ac) x 8\/12 = 1466,67 \u20ac<\/p>\n<div class='cta-block'><div class='text'>Simulez vos aides en int\u00e9rim<\/div><a href='https:\/\/www.mes-allocs.fr\/ab-app?origin=guides\/wp-json\/wp\/v2\/posts\/92887' class='app-button fit'>Simulation gratuite<\/a><\/div>\n<h1>Quand et comment est vers\u00e9 le 13\u00e8me mois aux int\u00e9rimaires ?<\/h1>\n<h2>Le paiement du 13\u00e8me se fait-il en une fois ou de mani\u00e8re \u00e9chelonn\u00e9e ?<\/h2>\n<p>Le paiement du 13\u00e8me mois peut \u00eatre effectu\u00e9 soit <b>en une seule fois<\/b>, soit de mani\u00e8re <b>\u00e9chelonn\u00e9e,<\/b> selon les modalit\u00e9s d\u00e9finies par l\u2019entreprise.G\u00e9n\u00e9ralement, cette prime est vers\u00e9e <b>en fin d&rsquo;ann\u00e9e<\/b>, souvent avec le salaire de d\u00e9cembre, mais elle peut aussi \u00eatre report\u00e9 \u00e0 janvier ou f\u00e9vrier de l&rsquo;ann\u00e9e suivante. Dans certains cas, elle est<b> divis\u00e9e en plusieurs versements<\/b>. Par exemple, une premi\u00e8re moiti\u00e9 en juin et le solde en d\u00e9cembre. Une autre option consiste \u00e0 <b>mensualiser la prime<\/b>, en r\u00e9partissant le 13\u00e8me mois sur les 12 mois de l&rsquo;ann\u00e9e sous forme de compl\u00e9ment au salaire.<\/p>\n<h2>Qui verse la prime du 13\u00e8me mois : l\u2019entreprise utilisatrice ou l\u2019agence d\u2019int\u00e9rim ?<\/h2>\n<p>Dans le cadre d\u2019un contrat d\u2019int\u00e9rim, c\u2019est l\u2019<b>agence d\u2019int\u00e9rim <\/b>qui verse la prime du 13\u00e8me mois, et non l\u2019entreprise utilisatrice. L\u2019agence reste l\u2019employeur l\u00e9gal de l\u2019int\u00e9rimaire et est donc responsable du paiement des salaires et des primes. Cependant, les conditions d\u2019attribution (comme le montant ou la procrastination) d\u00e9pendent des r\u00e8gles de l\u2019entreprise utilisatrice. Si cette derni\u00e8re pr\u00e9voit un 13\u00e8me mois pour ses salari\u00e9s permanents, les int\u00e9rimaires peuvent \u00e9galement y pr\u00e9tendre sous certaines conditions, mais c\u2019est toujours l\u2019agence qui effectue le versement.<\/p>\n<h1>Que faire si le 13\u00e8me mois n\u2019est pas vers\u00e9 \u00e0 un int\u00e9rimaire \u00e9ligible ?<\/h1>\n<p>Si vous \u00eates int\u00e9rimaire et que votre 13\u00e8me mois n\u2019a pas \u00e9t\u00e9 vers\u00e9 alors que vous remplissez les conditions d\u2019\u00e9ligibilit\u00e9, vous les \u00e9tapes que vous devez suivre pour faire valoir vos droits :<\/p>\n<ul>\n<li aria-level=\"1\"><b>V\u00e9rifiez vos documents<\/b> : consultez votre contrat de travail, la convention collective applicable ou les accords d\u2019entreprise pour confirmer votre droit au 13\u00e8me mois. Assurez-vous aussi que vous remplissez les crit\u00e8res comme l&rsquo;anciennet\u00e9 ou la pr\u00e9sence effective.<\/li>\n<li aria-level=\"1\"><b>Contactez votre agence d\u2019int\u00e9rim<\/b> : l\u2019agence \u00e9tant votre employeur l\u00e9gal, adressez-vous \u00e0 elle pour demander des explications sur l\u2019absence de versement. Une demande \u00e9crite est recommand\u00e9e pour conserver une trace.<\/li>\n<li aria-level=\"1\"><b>Envoyez une mise en demeure <\/b>: si aucune r\u00e9ponse satisfaisante n\u2019est donn\u00e9e, r\u00e9digez une lettre recommand\u00e9e avec accus\u00e9 de r\u00e9ception pour exiger le paiement de la prime en rappelant vos droits et les textes applicables.<\/li>\n<li aria-level=\"1\"><b>Saisissez le Conseil du prud\u2019hommes<\/b> : en cas de refus persistant, vous pouvez engager une proc\u00e9dure devant le Conseil de prud\u2019hommes. Vous avez trois ans pour agir \u00e0 compter du non-paiement. Le juge peut ordonner le versement de la prime et, dans certains cas, des dommages et int\u00e9r\u00eats pour pr\u00e9judice subi.<\/li>\n<\/ul>\n<p class=\"p1\"><div class='cta-block'><div class='text'>Simulez vos aides en int\u00e9rim<\/div><a href='https:\/\/www.mes-allocs.fr\/ab-app?origin=guides\/wp-json\/wp\/v2\/posts\/92887' class='app-button fit'>Simulation gratuite<\/a><\/div><\/p>\n","protected":false},"excerpt":{"rendered":"<p>[Mis \u00e0 jour le 31\/03\/2026] Les aides sociales et les avantages financiers sont importants pour assurer un revenu stable aux travailleurs, y compris les int\u00e9rimaires. Parmi ces avantages, le 13\u00e8me mois peut repr\u00e9senter un compl\u00e9ment de salaire non n\u00e9gligeable. Mais en int\u00e9rim, son attribution n\u2019est pas automatique et d\u00e9pend de plusieurs crit\u00e8res, comme la convention [&hellip;]<\/p>\n","protected":false},"author":31,"featured_media":92888,"comment_status":"open","ping_status":"open","sticky":false,"template":"","format":"standard","meta":{"amp_status":"","footnotes":""},"categories":[1411,44020,43999],"tags":[],"class_list":["post-92887","post","type-post","status-publish","format-standard","has-post-thumbnail","hentry","category-aides-sociales","category-conditions-13e-mois","category-prime-13e-mois"],"yoast_head":"<!-- This site is optimized with the Yoast SEO plugin v14.9 - https:\/\/yoast.com\/wordpress\/plugins\/seo\/ -->\n<title>Les int\u00e9rimaires ont-ils le droit au 13\u00e8me mois ? | Mes-Allocs.fr<\/title>\n<meta name=\"description\" content=\"13\u1d49 mois en int\u00e9rim : comment savoir si vous \u00eates \u00e9ligible ? D\u00e9couvrez les conditions, le calcul de la prime et les d\u00e9marches.\" \/>\n<meta name=\"robots\" content=\"index, follow, max-snippet:-1, max-image-preview:large, max-video-preview:-1\" \/>\n<link rel=\"canonical\" href=\"https:\/\/www.mes-allocs.fr\/guides\/aides-sociales\/prime-13e-mois\/conditions-13e-mois\/interim-13e-mois\/\" \/>\n<meta property=\"og:locale\" content=\"fr_FR\" \/>\n<meta property=\"og:type\" content=\"article\" \/>\n<meta property=\"og:title\" content=\"Les int\u00e9rimaires ont-ils le droit au 13\u00e8me mois ? | Mes-Allocs.fr\" \/>\n<meta property=\"og:description\" content=\"13\u1d49 mois en int\u00e9rim : comment savoir si vous \u00eates \u00e9ligible ? D\u00e9couvrez les conditions, le calcul de la prime et les d\u00e9marches.\" \/>\n<meta property=\"og:url\" content=\"https:\/\/www.mes-allocs.fr\/guides\/aides-sociales\/prime-13e-mois\/conditions-13e-mois\/interim-13e-mois\/\" \/>\n<meta property=\"og:site_name\" content=\"Mes-Allocs.fr\" \/>\n<meta property=\"article:published_time\" content=\"2025-02-12T10:58:41+00:00\" \/>\n<meta property=\"article:modified_time\" content=\"2026-04-22T09:50:33+00:00\" \/>\n<meta property=\"og:image\" content=\"https:\/\/www.mes-allocs.fr\/guides\/wp-content\/uploads\/2025\/02\/13-eme-mois-et-interim.jpg?wsr\" \/>\n\t<meta property=\"og:image:width\" content=\"1800\" \/>\n\t<meta property=\"og:image:height\" content=\"1201\" \/>\n<meta name=\"twitter:card\" content=\"summary_large_image\" \/>\n<script type=\"application\/ld+json\" class=\"yoast-schema-graph\">{\"@context\":\"https:\/\/schema.org\",\"@graph\":[{\"@type\":\"WebSite\",\"@id\":\"https:\/\/www.mes-allocs.fr\/guides\/#website\",\"url\":\"https:\/\/www.mes-allocs.fr\/guides\/\",\"name\":\"Mes-Allocs.fr\",\"description\":\"\",\"potentialAction\":[{\"@type\":\"SearchAction\",\"target\":\"https:\/\/www.mes-allocs.fr\/guides\/?s={search_term_string}\",\"query-input\":\"required name=search_term_string\"}],\"inLanguage\":\"fr-FR\"},{\"@type\":\"ImageObject\",\"@id\":\"https:\/\/www.mes-allocs.fr\/guides\/aides-sociales\/prime-13e-mois\/conditions-13e-mois\/interim-13e-mois\/#primaryimage\",\"inLanguage\":\"fr-FR\",\"url\":\"https:\/\/www.mes-allocs.fr\/guides\/wp-content\/uploads\/2025\/02\/13-eme-mois-et-interim.jpg?wsr\",\"width\":1800,\"height\":1201,\"caption\":\"eme mois et interim\"},{\"@type\":\"WebPage\",\"@id\":\"https:\/\/www.mes-allocs.fr\/guides\/aides-sociales\/prime-13e-mois\/conditions-13e-mois\/interim-13e-mois\/#webpage\",\"url\":\"https:\/\/www.mes-allocs.fr\/guides\/aides-sociales\/prime-13e-mois\/conditions-13e-mois\/interim-13e-mois\/\",\"name\":\"Les int\\u00e9rimaires ont-ils le droit au 13\\u00e8me mois ? | Mes-Allocs.fr\",\"isPartOf\":{\"@id\":\"https:\/\/www.mes-allocs.fr\/guides\/#website\"},\"primaryImageOfPage\":{\"@id\":\"https:\/\/www.mes-allocs.fr\/guides\/aides-sociales\/prime-13e-mois\/conditions-13e-mois\/interim-13e-mois\/#primaryimage\"},\"datePublished\":\"2025-02-12T10:58:41+00:00\",\"dateModified\":\"2026-04-22T09:50:33+00:00\",\"author\":{\"@id\":\"https:\/\/www.mes-allocs.fr\/guides\/#\/schema\/person\/4f115680446d9e6de360142157ca671d\"},\"description\":\"13\\u1d49 mois en int\\u00e9rim : comment savoir si vous \\u00eates \\u00e9ligible ? D\\u00e9couvrez les conditions, le calcul de la prime et les d\\u00e9marches.\",\"inLanguage\":\"fr-FR\"},{\"@type\":\"Person\",\"@id\":\"https:\/\/www.mes-allocs.fr\/guides\/#\/schema\/person\/4f115680446d9e6de360142157ca671d\",\"name\":\"Miangaly Ramasindray\",\"image\":{\"@type\":\"ImageObject\",\"@id\":\"https:\/\/www.mes-allocs.fr\/guides\/#personlogo\",\"inLanguage\":\"fr-FR\",\"url\":\"https:\/\/www.mes-allocs.fr\/guides\/wp-content\/uploads\/2024\/10\/Miangaly_Ramasindray-150x150.jpeg\",\"caption\":\"Miangaly Ramasindray\"},\"description\":\"Miangaly est r\\u00e9dactrice web sp\\u00e9cialis\\u00e9e sur les sujets de pouvoir d'achat. Elle rejoint Mes Allocs en 2024 apr\\u00e8s une premi\\u00e8re exp\\u00e9rience en marketing chez DMI.\",\"sameAs\":[\"https:\/\/www.linkedin.com\/in\/miangaly-ramasindray\/\"]}]}<\/script>\n<!-- \/ Yoast SEO plugin. -->","amp_validity":null,"acf":{"faq":{"1":{"question":"Le 13\u00e8me mois est-il un droit acquis pour les int\u00e9rimaires ?","answer":"Non, le 13\u00e8me mois n'est pas un droit automatique pour les int\u00e9rimaires. Son attribution d\u00e9pend des dispositions pr\u00e9vues par la convention collective, les accords d'entreprise ou les usages en vigueur dans l'entreprise utilisatrice."},"2":{"question":"Puis-je n\u00e9gocier le 13\u00e8me mois lors de la signature de mon contrat d'int\u00e9rim ?","answer":"Bien que cela soit rare, il est possible de discuter du 13\u00e8me mois lors de la n\u00e9gociation de votre contrat d'int\u00e9rim. Cependant, la d\u00e9cision finale revient \u00e0 l'agence d'int\u00e9rim, en accord avec l'entreprise utilisatrice.\r\n\r\n"},"3":{"question":"Le 13\u00e8me mois est-il soumis \u00e0 des cotisations sociales et \u00e0 l'imp\u00f4t sur le revenu ?","answer":"Oui, le 13\u00e8me mois est consid\u00e9r\u00e9 comme un compl\u00e9ment de salaire et est donc soumis aux cotisations sociales et \u00e0 l'imp\u00f4t sur le revenu, au m\u00eame titre que votre salaire habituel."},"4":{"question":"Comment puis-je savoir si j'ai droit au 13\u00e8me mois en int\u00e9rim ?","answer":"Pour savoir si vous avez droit au 13\u00e8me mois, consultez votre contrat de mission, la convention collective applicable \u00e0 l'entreprise utilisatrice, ou renseignez-vous aupr\u00e8s de votre agence d'int\u00e9rim ou des repr\u00e9sentants du personnel."},"5":{"question":"Le 13\u00e8me mois est-il vers\u00e9 en une seule fois ou de mani\u00e8re \u00e9chelonn\u00e9e ?","answer":"Le versement du 13\u00e8me mois peut se faire en une seule fois, g\u00e9n\u00e9ralement en fin d'ann\u00e9e, ou de mani\u00e8re \u00e9chelonn\u00e9e, selon les modalit\u00e9s d\u00e9finies par l'entreprise utilisatrice et l'agence d'int\u00e9rim.\r\n\r\n"},"6":{"question":"Le montant du 13\u00e8me mois est-il le m\u00eame pour tous les int\u00e9rimaires ?","answer":"Non, le montant du 13\u00e8me mois peut varier en fonction de plusieurs facteurs, tels que le salaire brut, l'anciennet\u00e9, le temps de pr\u00e9sence, les performances, etc."},"7":{"question":"","answer":""},"8":{"question":"","answer":""},"9":{"question":"","answer":""},"10":{"question":"","answer":""},"11":{"question":"","answer":""},"12":{"question":"","answer":""},"13":{"question":"","answer":""},"14":{"question":"","answer":""},"15":{"question":"","answer":""},"16":{"question":"","answer":""}}},"_links":{"self":[{"href":"https:\/\/www.mes-allocs.fr\/guides\/wp-json\/wp\/v2\/posts\/92887","targetHints":{"allow":["GET"]}}],"collection":[{"href":"https:\/\/www.mes-allocs.fr\/guides\/wp-json\/wp\/v2\/posts"}],"about":[{"href":"https:\/\/www.mes-allocs.fr\/guides\/wp-json\/wp\/v2\/types\/post"}],"author":[{"embeddable":true,"href":"https:\/\/www.mes-allocs.fr\/guides\/wp-json\/wp\/v2\/users\/31"}],"replies":[{"embeddable":true,"href":"https:\/\/www.mes-allocs.fr\/guides\/wp-json\/wp\/v2\/comments?post=92887"}],"version-history":[{"count":7,"href":"https:\/\/www.mes-allocs.fr\/guides\/wp-json\/wp\/v2\/posts\/92887\/revisions"}],"predecessor-version":[{"id":111207,"href":"https:\/\/www.mes-allocs.fr\/guides\/wp-json\/wp\/v2\/posts\/92887\/revisions\/111207"}],"wp:featuredmedia":[{"embeddable":true,"href":"https:\/\/www.mes-allocs.fr\/guides\/wp-json\/wp\/v2\/media\/92888"}],"wp:attachment":[{"href":"https:\/\/www.mes-allocs.fr\/guides\/wp-json\/wp\/v2\/media?parent=92887"}],"wp:term":[{"taxonomy":"category","embeddable":true,"href":"https:\/\/www.mes-allocs.fr\/guides\/wp-json\/wp\/v2\/categories?post=92887"},{"taxonomy":"post_tag","embeddable":true,"href":"https:\/\/www.mes-allocs.fr\/guides\/wp-json\/wp\/v2\/tags?post=92887"}],"curies":[{"name":"wp","href":"https:\/\/api.w.org\/{rel}","templated":true}]}}