{"id":92840,"date":"2025-02-11T15:42:25","date_gmt":"2025-02-11T13:42:25","guid":{"rendered":"https:\/\/www.mes-allocs.fr\/guides\/?p=92840"},"modified":"2026-04-22T10:50:33","modified_gmt":"2026-04-22T09:50:33","slug":"calcul-13eme-mois","status":"publish","type":"post","link":"https:\/\/www.mes-allocs.fr\/guides\/aides-sociales\/prime-13e-mois\/calcul-13eme-mois\/","title":{"rendered":"Comment calculer la prime du 13\u00e8me mois ?"},"content":{"rendered":"<p><img loading=\"lazy\" decoding=\"async\" class=\"alignnone wp-image-92844\" title=\"calcul eme mois\" src=\"https:\/\/www.mes-allocs.fr\/guides\/wp-content\/uploads\/2025\/02\/calcul-13eme-mois-e1739281330614-300x62.jpg\" alt=\"calcul eme mois\" width=\"1505\" height=\"311\" srcset=\"https:\/\/www.mes-allocs.fr\/guides\/wp-content\/uploads\/2025\/02\/calcul-13eme-mois-e1739281330614-300x62.jpg 300w, https:\/\/www.mes-allocs.fr\/guides\/wp-content\/uploads\/2025\/02\/calcul-13eme-mois-e1739281330614-1024x212.jpg 1024w, https:\/\/www.mes-allocs.fr\/guides\/wp-content\/uploads\/2025\/02\/calcul-13eme-mois-e1739281330614-768x159.jpg 768w, https:\/\/www.mes-allocs.fr\/guides\/wp-content\/uploads\/2025\/02\/calcul-13eme-mois-e1739281330614-1536x318.jpg 1536w, https:\/\/www.mes-allocs.fr\/guides\/wp-content\/uploads\/2025\/02\/calcul-13eme-mois-e1739281330614-600x124.jpg 600w, https:\/\/www.mes-allocs.fr\/guides\/wp-content\/uploads\/2025\/02\/calcul-13eme-mois-e1739281330614.jpg 1800w\" sizes=\"auto, (max-width: 1505px) 100vw, 1505px\" \/><\/p>\n<p>[Mis \u00e0 jour : 31\/03\/2026] Le <a href=\"https:\/\/www.mes-allocs.fr\/guides\/aides-sociales\/prime-13e-mois\/\">13\u00e8me mois<\/a> est un avantage salarial qui repr\u00e9sente un compl\u00e9ment de revenu. Souvent vers\u00e9e en fin d\u2019ann\u00e9e, elle peut \u00eatre consid\u00e9r\u00e9e comme une forme d\u2019aide sociale compl\u00e9mentaire au salaire de base. Dans cet article, d\u00e9couvrez les diff\u00e9rentes m\u00e9thodes de<b> calcul du 13\u00e8me mois<\/b>, en tenant compte de chaque situation (absence, embauche en cours d\u2019ann\u00e9e, etc&#8230;).<\/p>\n<p class=\"p1\"><div class='cta-block'><div class='text'>Simulez toutes vos Aides en 2 min.<\/div><a href='https:\/\/www.mes-allocs.fr\/ab-app?origin=guides\/wp-json\/wp\/v2\/posts\/92840' class='app-button fit'>Simulation gratuite<\/a><\/div><\/p>\n<h1>Rappel : Qu\u2019est-ce que le 13\u00e8me mois ?<\/h1>\n<p>Le 13\u00e8me mois est une prime vers\u00e9e par certaines entreprises \u00e0 leurs salari\u00e9s en compl\u00e9tant leur salaire habituel. Il s&rsquo;agit d&rsquo;un avantage financier qui permet aux employ\u00e9s de percevoir l&rsquo;\u00e9quivalent d&rsquo;un mois de salaire suppl\u00e9mentaire, souvent en fin d&rsquo;ann\u00e9e, bien que son versement puisse \u00eatre fractionn\u00e9 en deux fois ou selon les modalit\u00e9s d\u00e9finies par l&rsquo;entreprise ou la convention collective.<\/p>\n<h1>Comment est d\u00e9fini le calcul du 13\u00e8me mois ?<\/h1>\n<p>Le mode de calcul du 13\u00e8me mois est d\u00e9fini dans les calculs qui instituent son existence, tels que l&rsquo;accord collectif, la convention collective, le contrat de travail ou une d\u00e9cision unilat\u00e9rale de l&#8217;employeur. Ces textes pr\u00e9cisent les <a href=\"https:\/\/www.mes-allocs.fr\/guides\/aides-sociales\/prime-13e-mois\/conditions-13eme-mois\/\">conditions pour avoir le 13e mois<\/a>, les salari\u00e9s concern\u00e9s et les modalit\u00e9s de versement. En l&rsquo;absence de disposition l\u00e9gale, ces accords d\u00e9terminent \u00e9galement si le montant est fixe ou proportionnel au temps de pr\u00e9sence dans l&rsquo;entreprise. Pour conna\u00eetre les r\u00e8gles qui s&rsquo;appliquent \u00e0 votre situation, il est important de consulter ses documents ou de se renseigner aupr\u00e8s du service des ressources humaines de votre entreprise.<\/p>\n<h1>Comment calculer le 13\u00e8me mois ?<\/h1>\n<h2>Quelles sont les m\u00e9thodes de calcul principales du 13\u00e8me mois ?<\/h2>\n<p>En g\u00e9n\u00e9ral, le calcul du 13\u00e8me mois est bas\u00e9 soit sur le <b>salaire brut de base<\/b>, soit sur la <b>moyenne des salaires per\u00e7us<\/b> sur l&rsquo;ann\u00e9e. La m\u00e9thode \u00e0 appliquer est d\u00e9finie dans les textes qui instaurent cette prime, et elle peut inclure des ajustements en fonction de la dur\u00e9e de pr\u00e9sence du salari\u00e9 ou des absences non justifi\u00e9es.<\/p>\n<p>Les principales m\u00e9thodes de calcul sont :<\/p>\n<ul>\n<li aria-level=\"1\">Le <b>salaire brut de base <\/b>: le montant correspond \u00e0 un mois de salaire brut habituellement per\u00e7u par le salari\u00e9.<\/li>\n<li aria-level=\"1\">La<b> moyenne des salaires annuels <\/b>: cette m\u00e9thode inclut tous les \u00e9l\u00e9ments variables de r\u00e9mun\u00e9ration (primes, heures suppl\u00e9mentaires, etc.), r\u00e9partis sur l\u2019ann\u00e9e.<\/li>\n<li aria-level=\"1\">La <b>proratisation<\/b> : si un salari\u00e9 n\u2019a pas travaill\u00e9 toute l\u2019ann\u00e9e, la prime est ajust\u00e9e proportionnellement au temps de pr\u00e9sence effectif dans l\u2019entreprise.<\/li>\n<\/ul>\n<h2>Qu\u2019est-ce que le calcul au prorata temporis du 13\u00e8me mois ?<\/h2>\n<p>Le calcul est au prorata temporis consiste \u00e0 ajuster la prime en fonction de votre <b>temps de pr\u00e9sence effectif dans l\u2019entreprise<\/b>. Par exemple, si vous avez \u00e9t\u00e9 embauch\u00e9 en cours d\u2019ann\u00e9e ou pris un cong\u00e9 sans solde, votre prise sera r\u00e9duite proportionnellement. En g\u00e9n\u00e9ral, la formule utilis\u00e9e est :<\/p>\n<p>Prime = (Salaire brut mensuel \/ 12) x Nombre de mois travaill\u00e9s<\/p>\n<h2>Quels \u00e9l\u00e9ments sont exclus du calcul du 13\u00e8me mois ?<\/h2>\n<p>Certains \u00e9l\u00e9ments ne sont pas inclus dans le calcul du 13\u00e8me mois, sauf disposition contraire dans les accords. Ces exclusions peuvent comprendre :<\/p>\n<ul>\n<li aria-level=\"1\">Les remboursements de frais professionnels.<\/li>\n<li aria-level=\"1\">Les p\u00e9riodes d\u2019absence non consid\u00e9r\u00e9es comme temps de travail effectif, telles que les cong\u00e9s sans solde, les cong\u00e9s parentaux \u00e0 temps plein ou les absences injustifi\u00e9es.<\/li>\n<li aria-level=\"1\">Les indemnit\u00e9s pour maladie non professionnelle ou cong\u00e9 sabbatique.<\/li>\n<\/ul>\n<h1>Simulation calcul 13\u00e8me mois<\/h1>\n<h2>Salari\u00e9 \u00e0 temps plein pr\u00e9sent toute l\u2019ann\u00e9e<\/h2>\n<div class='shortcode tips'><div class='title'>Exemple<\/div><div class='content'>Paul est employ\u00e9 administratif. Il travaille \u00e0 temps plein depuis 10 ans et a \u00e9t\u00e9 pr\u00e9sent toute l\u2019ann\u00e9e sans interruption. Son salaire brut mensuel est de <b>2 500\u20ac<\/b>.<\/p>\n<p>Voici de combien sera sa prime de 13\u00e8me mois : On prend le salaire mensuel de r\u00e9f\u00e9rence 2 500\u20ac. Paul a \u00e9t\u00e9 pr\u00e9sent toute l\u2019ann\u00e9e donc il n\u2019y a pas de proratisation. La prime correspond donc \u00e0 100% de son salaire brut mensuel.<\/p>\n<p>Prime 13\u00e8me mois = <b>(salaire mensuel de r\u00e9f\u00e9rence \/ nombre de mois dans l\u2019ann\u00e9e) x nombre de mois travaill\u00e9s. <\/b>Cela donne donc<b> (2500 \/ 12) x 12 = 2 500\u20ac<\/b><\/p>\n<p>Paul obtiendra <b>2 500\u20ac<\/b> pour son 13\u00e8me mois.<\/div><\/div>\n<h2>Salari\u00e9 avec versement mensuel du 13\u1d49 mois (proratis\u00e9)<\/h2>\n<div class='shortcode tips'><div class='title'>Exemple<\/div><div class='content'>Sophie est cadre commerciale depuis 5 ans. Son entreprise a choisi de lisser le 13\u1d49 mois sur l\u2019ann\u00e9e pour \u00e9viter un versement cons\u00e9quent en fin d\u2019ann\u00e9e. Son salaire brut mensuel est de <b>3 000\u20ac<\/b>. Son 13\u00e8me mois sera vers\u00e9 mensuellement donc <b>1\/12\u00e8me<\/b> chaque mois. Voici le calcul de sa prime : <b>salaire mensuel de r\u00e9f\u00e9rence\/ nombre de mois dans l\u2019ann\u00e9e<\/b>. Cela donne donc <b>3 000 \u20ac \/ 12 = 250 \u20ac<\/b><\/p>\n<p>Sophie obtiendra <b>250\u20ac<\/b> suppl\u00e9mentaires chaque mois en plus de son salaire. Les 250\u20ac suppl\u00e9mentaires \u00e9tant sa prime de 13\u00e8me mois vers\u00e9e mensuellement. \u00c0 la fin de l\u2019ann\u00e9e, Sophie aura totalis\u00e9 <b>3 000\u20ac<\/b> pour son 13\u00e8me mois (soit 250\u20ac x 12).<\/div><\/div>\n<h2>Salari\u00e9 entr\u00e9 en cours d\u2019ann\u00e9e (proratisation)<\/h2>\n<div class='shortcode tips'><div class='title'>Exemple<\/div><div class='content'>Karim est technicien depuis le 1er mai dans une nouvelle entreprise et n\u2019a pas travaill\u00e9 toute l\u2019ann\u00e9e civile. Il gagne <b>2 200\u20ac brut<\/b> par mois et a travaill\u00e9 <b>9 mois<\/b> cette ann\u00e9e. Sa prime de 13\u00e8me mois sera calcul\u00e9e selon son<b> temps de pr\u00e9sence<\/b> donc de mai \u00e0 d\u00e9cembre (8 mois). C\u2019est la proratisation selon le temps de pr\u00e9sence.<\/p>\n<p>Voici le calcul de sa prime. Il doit d\u2019abord calculer son temps de pr\u00e9sence : 9 mois \/ 12 mois = <b>0,66. <\/b>Cela donne2 200 \u20ac \u00d7 0,66 = <b>1 452\u20ac<\/b><\/p>\n<p>Karim obtiendra donc <b>1 452\u20ac<\/b> de prime de 13\u00e8me mois.<\/div><\/div>\n<h2>Salari\u00e9 \u00e0 temps partiel<\/h2>\n<div class='shortcode tips'><div class='title'>Exemple<\/div><div class='content'> St\u00e9phane travaille \u00e0<b> 80%<\/b> pour concilier sa vie professionnelle et personnelle en s\u2019occupant de ses enfants. Il est pr\u00e9sent toute l\u2019ann\u00e9e. Son salaire en temps plein est de<b> 2 400 \u20ac<\/b>. Son salaire brut r\u00e9el est <b>1 920\u20ac<\/b><b>(2 400 \u20ac \u00d7 80 % = 1 920 \u20ac)<\/b>.<\/p>\n<p>Le 13\u1d49 mois est bas\u00e9 sur le salaire r\u00e9ellement per\u00e7u, donc dans le cas de St\u00e9phane, 1 920\u20ac. Comme il a travaill\u00e9 toute l&rsquo;ann\u00e9e, il n&rsquo;y a pas de proratisation qui entre en compte dans le calcul de sa prime de 13\u00e8me mois.<br \/>\nLa prime de 13\u00e8me mois de St\u00e9phane est de<b> 1 920\u20ac<\/b>.<\/div><\/div>\n<h2>Salari\u00e9 avec absences non r\u00e9mun\u00e9r\u00e9es<\/h2>\n<div class='shortcode tips'><div class='title'>Exemple<\/div><div class='content'> Claire a pris un cong\u00e9 sans solde de deux mois pour un projet personnel. Ces absences ne sont pas assimil\u00e9es \u00e0 du temps de travail. Son salaire brut mensuel est de <b>2 800 \u20ac<\/b>. Elle a travaill\u00e9 10 mois sur 12. Sa prime de 13\u00e8me mois sera donc calcul\u00e9e selon <b>sa pr\u00e9sence <\/b>au sein de l\u2019entreprise.<\/p>\n<p>Pour calculer son taux de pr\u00e9sence, Claire doit faire ce calcul <b>10 \/ 12 = 0,8333<\/b><\/p>\n<p>Elle calculera ainsi sa prime : <b>2 800 \u20ac \u00d7 0,8333 = 2 333,33 \u20ac<\/b><\/p>\n<p>Claire touchera <b>2 333,33 \u20ac<\/b> pour sa prime de 13\u00e8me mois.<\/div><\/div>\n<h2>Prime de 13\u1d49 mois calcul\u00e9e sur le salaire annuel<\/h2>\n<div class='shortcode tips'><div class='title'>Exemple<\/div><div class='content'>Nadia est ing\u00e9nieure. Sa <b>convention collective<\/b> pr\u00e9voit un 13\u1d49 mois \u00e9gal \u00e0 1\/12 du salaire annuel brut. Elle a \u00e9t\u00e9 pr\u00e9sente toute l\u2019ann\u00e9e, il n\u2019y a donc pas de proratisation. Elle touche <b>36 000\u20ac<\/b> de salaire annuel brut.<\/p>\n<p>Si Nadia veut savoir le montant de sa prime de 13\u00e8me mois, elle doit suivre le calcul de la fraction pr\u00e9vue par la convention : <b>36 000 \u20ac \/ 12 = 3 000 \u20ac<\/b><\/p>\n<p>Nadia obtiendra<b> 3 000\u20ac<\/b> pour sa prime de 13\u00e8me mois.<\/div><\/div>\n<h2>Salari\u00e9 quittant l\u2019entreprise en cours d\u2019ann\u00e9e<\/h2>\n<div class='shortcode tips'><div class='title'>Exemple<\/div><div class='content'>Marc quittera son entreprise fin septembre pour un nouveau poste ailleurs. Son salaire brut mensuel est de<b> 2 600\u20ac<\/b>. Il a travaill\u00e9 de janvier \u00e0 septembre, soit <b>9 mois<\/b>. Son 13\u1d49 mois doit \u00eatre pay\u00e9 au prorata dans son solde de tout compte.<\/p>\n<p>Marc doit d\u2019abord calculer son taux de pr\u00e9sence : <b>9 \u00f7 12 = 0,75<\/b><\/p>\n<p>Il calculera ainsi sa prime (salaire brut mensuel x taux de pr\u00e9sence), ce qui donne :<\/p>\n<p><b>2 600 \u20ac \u00d7 0,75 = 1 950 \u20ac<\/b><\/p>\n<p>Marc aura un versement de <b>1 950\u20ac<\/b> correspondant \u00e0 sa prime de 13\u00e8me mois lorsqu\u2019il quittera son entreprise fin septembre.<\/div><\/div>\n<p><iframe loading=\"lazy\" src=\"\/\/www.youtube.com\/embed\/djWBjy-Kn84\" width=\"560\" height=\"314\" allowfullscreen=\"allowfullscreen\"><\/iframe><\/p>\n<h1>Le calcul de la prime de 13\u00e8me mois selon les sp\u00e9cificit\u00e9s<\/h1>\n<h2>Le calcul du 13\u00e8me mois liss\u00e9 sur 12 mois<\/h2>\n<p>Lorsque le 13\u00e8me mois est liss\u00e9 sur 12 mois, il est int\u00e9gr\u00e9 directement dans la r\u00e9mun\u00e9ration mensuelle. Cela signifie que le montant annuel de la prime est r\u00e9parti sur les 12 mois de l\u2019ann\u00e9e et vous percevez chaque mois un compl\u00e9ment de salaire correspondant \u00e0 une partie de votre 13\u00e8me mois. Par exemple, si le salaire brut annuel est de 24 000 \u20ac avec un 13\u00e8me mois inclus, vous recevrez chaque mois 24000 \/ 13 = env. 1846,15 \u20ac brut.<\/p>\n<h2>Le calcul du 13\u00e8me mois en cas d\u2019embauche en cours d\u2019ann\u00e9e<\/h2>\n<p>En cas d&#8217;embauche en cours d&rsquo;ann\u00e9e, le montant du 13\u00e8me mois est g\u00e9n\u00e9ralement calcul\u00e9 au prorata temporis. Par exemple, si vous avez \u00e9t\u00e9 embauch\u00e9 en juillet avec un salaire brut mensuel de 2 000 \u20ac, vous recevrez : 2000 x (6\/12) = 1000 \u20ac.<\/p>\n<h2>Le calcul du 13\u00e8me mois en cas de d\u00e9part du salari\u00e9 en cours d\u2019ann\u00e9e<\/h2>\n<p>En cas de d\u00e9part d\u2019un salari\u00e9 en cours d\u2019ann\u00e9e, le calcul du 13\u00e8me mois d\u00e9pend des modalit\u00e9s pr\u00e9vues dans les textes applicables. Deux situation peuvent se pr\u00e9senter :<\/p>\n<ul>\n<li aria-level=\"1\"><b>La condition de pr\u00e9sence \u00e0 une date pr\u00e9cise<\/b> : si le versement du 13\u00e8me mois est conditionn\u00e9 \u00e0 la pr\u00e9sence du salari\u00e9 \u00e0 une date donn\u00e9e (par exemple, le 31 d\u00e9cembre), le salari\u00e9 qui quitte l\u2019entreprise avant cette date ne percevra pas de prime, sauf si des exceptions sont pr\u00e9vues (par exemple, en cas de licenciement avec pr\u00e9avis).<\/li>\n<li aria-level=\"1\"><b>Le calcul au prorata temporis<\/b> : si le texte pr\u00e9voit un calcul proportionnel au temps de pr\u00e9sence dans l\u2019ann\u00e9e, la prime est ajust\u00e9e en fonction des mois travaill\u00e9s.<\/li>\n<\/ul>\n<p>Le montant d\u00fb est g\u00e9n\u00e9ralement vers\u00e9 avec le solde de tout compte lors du d\u00e9part du salari\u00e9.<\/p>\n<div class='cta-block'><div class='text'>Simulez toutes vos Aides en 2 min.<\/div><a href='https:\/\/www.mes-allocs.fr\/ab-app?origin=guides\/wp-json\/wp\/v2\/posts\/92840' class='app-button fit'>Simulation gratuite<\/a><\/div>\n<h1>Quelles absences peuvent impacter le montant du 13\u00e8me mois ?<\/h1>\n<h2>Les cong\u00e9s pay\u00e9s sont-ils pris en compte dans le calcul du 13\u00e8me mois ?<\/h2>\n<p>Les cong\u00e9s pay\u00e9s sont g\u00e9n\u00e9ralement consid\u00e9r\u00e9s comme du travail de temps effectif. Il n&rsquo;impacte donc pas le montant de la prime de 13\u00e8me mois. Cela signifie que m\u00eame pendant les p\u00e9riodes de cong\u00e9s pay\u00e9s, vous continuez d\u2019acqu\u00e9rir vos droits \u00e0 cette prime, sauf disposition contraire pr\u00e9vue par l\u2019accord collectif ou le contrat de travail.<\/p>\n<h2>Quels types d&rsquo;absences r\u00e9duisent la prime du 13\u00e8me mois ?<\/h2>\n<p>Certaines absences peuvent r\u00e9duire le montant du 13\u00e8me mois. Ces absences incluent :<\/p>\n<ul>\n<li aria-level=\"1\">Un arr\u00eat maladie (sauf si exclu par l\u2019accord).<\/li>\n<li aria-level=\"1\">Les cong\u00e9s sans solde.<\/li>\n<li aria-level=\"1\">Les cong\u00e9s parentaux \u00e0 temps plein.<\/li>\n<li aria-level=\"1\">Les gr\u00e8ves.<\/li>\n<li aria-level=\"1\">Les absences injustifi\u00e9es.<\/li>\n<\/ul>\n<p>Dans ces cas, la prime du 13\u00e8me mois est souvent calcul\u00e9e proportionnellement au temps de pr\u00e9sence effective dans l\u2019entreprise.<\/p>\n<h2>Comment calculer son 13\u00e8me mois en cas d\u2019absence prolong\u00e9e ?<\/h2>\n<p>En cas d\u2019absence prolong\u00e9e, le montant du 13\u00e8me mois est g\u00e9n\u00e9ralement ajust\u00e9 au prorata temporis. Cette m\u00e9thode s\u2019applique aux absences non assimil\u00e9es \u00e0 du temps de travail effectif, comme les cong\u00e9s sans solde ou certains arr\u00eats maladie, sauf dispositions contraires pr\u00e9vues dans la convention collective ou le contrat de travail.<\/p>\n<p>Certaines absences, comme celles li\u00e9es \u00e0 un accident du travail, une maladie professionnelle ou un cong\u00e9 maternit\u00e9\/paternit\u00e9, sont souvent assimil\u00e9es \u00e0 du temps de travail effectif et n\u2019impactent pas la prime, selon les textes applicables. Il est donc important de consulter les accords collectifs ou l\u2019usage en vigueur dans l\u2019entreprise pour v\u00e9rifier les modalit\u00e9s.<\/p>\n<h1>Quand et comment est vers\u00e9 le 13\u00e8me mois ?<\/h1>\n<p>Le <a href=\"https:\/\/www.mes-allocs.fr\/guides\/aides-sociales\/prime-13e-mois\/versement-13eme-mois\/\">versement du 13\u00e8me mois<\/a> d\u00e9pend des accords collectifs, du contrat de travail ou des pratiques internes de l\u2019entreprise. G\u00e9n\u00e9ralement, il est vers\u00e9 en une seule fois \u00e0 la fin de l\u2019ann\u00e9e, souvent avec le salaire de d\u00e9cembre. Cependant, certaines entreprises choisissent d\u2019effectuer un versement en janvier ou f\u00e9vrier de l\u2019ann\u00e9e suivante, au titre de l\u2019ann\u00e9e pr\u00e9c\u00e9dente.<\/p>\n<p>Dans d\u2019autres cas, le paiement peut \u00eatre fractionn\u00e9 :<\/p>\n<ul>\n<li aria-level=\"1\"><b>Semestriellement<\/b> : une moiti\u00e9 en juin et l\u2019autre en d\u00e9cembre.<\/li>\n<li aria-level=\"1\"><b>Trimestriellement <\/b>: une partie tous les trois mois.<\/li>\n<li aria-level=\"1\"><b>Mensuellement <\/b>: r\u00e9parti sur les 12 mois de l\u2019ann\u00e9e, avec un suppl\u00e9ment ajout\u00e9 \u00e0 chaque paie mensuelle (1\/12 du montant total).<\/li>\n<\/ul>\n<p>Le 13\u00e8me mois est g\u00e9n\u00e9ralement inclus dans la fiche de paie et soumis aux cotisations sociales ainsi qu\u2019au pr\u00e9l\u00e8vement \u00e0 la source, car elle constitue un compl\u00e9ment de salaire.<\/p>\n<h1>Calcul du montant du 13\u00e8me mois erron\u00e9 : quels sont les recours possibles ?<\/h1>\n<p>En cas de calcul erron\u00e9 du montant du 13\u00e8me mois, vous pouvez saisir le Conseil de Prud\u2019hommes pour contester cette erreur et demander une r\u00e9gularisation. Ce recours est possible dans un d\u00e9lai de 3 ans. Avant d\u2019engager cette d\u00e9marche, il est conseill\u00e9 de tenter une r\u00e9solution amiable avec l\u2019employeur ou le service des ressources humaines.<\/p>\n<p class=\"p1\"><div class='cta-block'><div class='text'>Simulez toutes vos Aides en 2 min.<\/div><a href='https:\/\/www.mes-allocs.fr\/ab-app?origin=guides\/wp-json\/wp\/v2\/posts\/92840' class='app-button fit'>Simulation gratuite<\/a><\/div><\/p>\n","protected":false},"excerpt":{"rendered":"<p>[Mis \u00e0 jour : 31\/03\/2026] Le 13\u00e8me mois est un avantage salarial qui repr\u00e9sente un compl\u00e9ment de revenu. Souvent vers\u00e9e en fin d\u2019ann\u00e9e, elle peut \u00eatre consid\u00e9r\u00e9e comme une forme d\u2019aide sociale compl\u00e9mentaire au salaire de base. Dans cet article, d\u00e9couvrez les diff\u00e9rentes m\u00e9thodes de calcul du 13\u00e8me mois, en tenant compte de chaque situation [&hellip;]<\/p>\n","protected":false},"author":31,"featured_media":92843,"comment_status":"open","ping_status":"open","sticky":false,"template":"","format":"standard","meta":{"amp_status":"","footnotes":""},"categories":[1411,43999],"tags":[],"class_list":["post-92840","post","type-post","status-publish","format-standard","has-post-thumbnail","hentry","category-aides-sociales","category-prime-13e-mois"],"yoast_head":"<!-- This site is optimized with the Yoast SEO plugin v14.9 - https:\/\/yoast.com\/wordpress\/plugins\/seo\/ -->\n<title>Calcul prime 13\u00e8me mois : simulez le montant | Mes-Allocs.fr<\/title>\n<meta name=\"description\" content=\"Embauche en cours d&#039;ann\u00e9e, absence ou encore d\u00e9part de l&#039;entreprise : d\u00e9couvrez le calcul du 13\u00e8me selon votre situation et votre salaire.\" \/>\n<meta name=\"robots\" content=\"index, follow, max-snippet:-1, max-image-preview:large, max-video-preview:-1\" \/>\n<link rel=\"canonical\" href=\"https:\/\/www.mes-allocs.fr\/guides\/aides-sociales\/prime-13e-mois\/calcul-13eme-mois\/\" \/>\n<meta property=\"og:locale\" content=\"fr_FR\" \/>\n<meta property=\"og:type\" content=\"article\" \/>\n<meta property=\"og:title\" content=\"Calcul prime 13\u00e8me mois : simulez le montant | Mes-Allocs.fr\" \/>\n<meta property=\"og:description\" content=\"Embauche en cours d&#039;ann\u00e9e, absence ou encore d\u00e9part de l&#039;entreprise : d\u00e9couvrez le calcul du 13\u00e8me selon votre situation et votre salaire.\" \/>\n<meta property=\"og:url\" content=\"https:\/\/www.mes-allocs.fr\/guides\/aides-sociales\/prime-13e-mois\/calcul-13eme-mois\/\" \/>\n<meta property=\"og:site_name\" content=\"Mes-Allocs.fr\" \/>\n<meta property=\"article:published_time\" content=\"2025-02-11T13:42:25+00:00\" \/>\n<meta property=\"article:modified_time\" content=\"2026-04-22T09:50:33+00:00\" \/>\n<meta property=\"og:image\" content=\"https:\/\/www.mes-allocs.fr\/guides\/wp-content\/uploads\/2025\/02\/calcul-13e-mois.jpg?wsr\" \/>\n\t<meta property=\"og:image:width\" content=\"1800\" \/>\n\t<meta property=\"og:image:height\" content=\"1200\" \/>\n<meta name=\"twitter:card\" content=\"summary_large_image\" \/>\n<script type=\"application\/ld+json\" class=\"yoast-schema-graph\">{\"@context\":\"https:\/\/schema.org\",\"@graph\":[{\"@type\":\"WebSite\",\"@id\":\"https:\/\/www.mes-allocs.fr\/guides\/#website\",\"url\":\"https:\/\/www.mes-allocs.fr\/guides\/\",\"name\":\"Mes-Allocs.fr\",\"description\":\"\",\"potentialAction\":[{\"@type\":\"SearchAction\",\"target\":\"https:\/\/www.mes-allocs.fr\/guides\/?s={search_term_string}\",\"query-input\":\"required name=search_term_string\"}],\"inLanguage\":\"fr-FR\"},{\"@type\":\"ImageObject\",\"@id\":\"https:\/\/www.mes-allocs.fr\/guides\/aides-sociales\/prime-13e-mois\/calcul-13eme-mois\/#primaryimage\",\"inLanguage\":\"fr-FR\",\"url\":\"https:\/\/www.mes-allocs.fr\/guides\/wp-content\/uploads\/2025\/02\/calcul-13e-mois.jpg?wsr\",\"width\":1800,\"height\":1200,\"caption\":\"calcul 13e mois\"},{\"@type\":\"WebPage\",\"@id\":\"https:\/\/www.mes-allocs.fr\/guides\/aides-sociales\/prime-13e-mois\/calcul-13eme-mois\/#webpage\",\"url\":\"https:\/\/www.mes-allocs.fr\/guides\/aides-sociales\/prime-13e-mois\/calcul-13eme-mois\/\",\"name\":\"Calcul prime 13\\u00e8me mois : simulez le montant | Mes-Allocs.fr\",\"isPartOf\":{\"@id\":\"https:\/\/www.mes-allocs.fr\/guides\/#website\"},\"primaryImageOfPage\":{\"@id\":\"https:\/\/www.mes-allocs.fr\/guides\/aides-sociales\/prime-13e-mois\/calcul-13eme-mois\/#primaryimage\"},\"datePublished\":\"2025-02-11T13:42:25+00:00\",\"dateModified\":\"2026-04-22T09:50:33+00:00\",\"author\":{\"@id\":\"https:\/\/www.mes-allocs.fr\/guides\/#\/schema\/person\/4f115680446d9e6de360142157ca671d\"},\"description\":\"Embauche en cours d'ann\\u00e9e, absence ou encore d\\u00e9part de l'entreprise : d\\u00e9couvrez le calcul du 13\\u00e8me selon votre situation et votre salaire.\",\"inLanguage\":\"fr-FR\"},{\"@type\":\"Person\",\"@id\":\"https:\/\/www.mes-allocs.fr\/guides\/#\/schema\/person\/4f115680446d9e6de360142157ca671d\",\"name\":\"Miangaly Ramasindray\",\"image\":{\"@type\":\"ImageObject\",\"@id\":\"https:\/\/www.mes-allocs.fr\/guides\/#personlogo\",\"inLanguage\":\"fr-FR\",\"url\":\"https:\/\/www.mes-allocs.fr\/guides\/wp-content\/uploads\/2024\/10\/Miangaly_Ramasindray-150x150.jpeg\",\"caption\":\"Miangaly Ramasindray\"},\"description\":\"Miangaly est r\\u00e9dactrice web sp\\u00e9cialis\\u00e9e sur les sujets de pouvoir d'achat. Elle rejoint Mes Allocs en 2024 apr\\u00e8s une premi\\u00e8re exp\\u00e9rience en marketing chez DMI.\",\"sameAs\":[\"https:\/\/www.linkedin.com\/in\/miangaly-ramasindray\/\"]}]}<\/script>\n<!-- \/ Yoast SEO plugin. -->","amp_validity":null,"acf":{"faq":{"1":{"question":"Le 13\u00e8me mois est-il obligatoire ?","answer":"Non, le 13\u00e8me mois n'est pas une obligation l\u00e9gale. Il est mis en place par certaines entreprises, soit par accord collectif, convention collective, contrat de travail ou d\u00e9cision unilat\u00e9rale de l'employeur."},"2":{"question":"Qui a droit au 13\u00e8me mois ?","answer":"Les b\u00e9n\u00e9ficiaires du 13\u00e8me mois sont d\u00e9finis dans les textes qui l'instituent (accord collectif, convention collective, contrat de travail, etc.). Il peut s'agir de l'ensemble des salari\u00e9s, ou seulement de certaines cat\u00e9gories."},"3":{"question":"Le 13\u00e8me mois est-il soumis aux cotisations sociales et \u00e0 l'imp\u00f4t sur le revenu ?","answer":"Oui, le 13\u00e8me mois est consid\u00e9r\u00e9 comme un compl\u00e9ment de salaire et est soumis aux cotisations sociales et \u00e0 l'imp\u00f4t sur le revenu, au m\u00eame titre que le salaire habituel."},"4":{"question":"Puis-je n\u00e9gocier le versement d'un 13\u00e8me mois si mon entreprise n'en pr\u00e9voit pas ?","answer":"Il est possible de discuter avec votre employeur ou les repr\u00e9sentants du personnel pour \u00e9voquer la possibilit\u00e9 de mettre en place un 13\u00e8me mois, mais cela n'est pas garanti."},"5":{"question":"Comment savoir si j'ai droit \u00e0 un 13\u00e8me mois ?","answer":"Consultez votre contrat de travail, votre accord collectif, votre convention collective ou renseignez-vous aupr\u00e8s du service des ressources humaines de votre entreprise."},"6":{"question":"Le 13\u00e8me mois est-il vers\u00e9 en cas de d\u00e9mission ?","answer":"Le versement du 13\u00e8me mois en cas de d\u00e9mission d\u00e9pend des dispositions pr\u00e9vues dans les textes applicables (accord collectif, convention collective, contrat de travail, etc.). Dans certains cas, un calcul au prorata temporis peut \u00eatre effectu\u00e9."},"7":{"question":"","answer":""},"8":{"question":"","answer":""},"9":{"question":"","answer":""},"10":{"question":"","answer":""},"11":{"question":"","answer":""},"12":{"question":"","answer":""},"13":{"question":"","answer":""},"14":{"question":"","answer":""},"15":{"question":"","answer":""},"16":{"question":"","answer":""}}},"_links":{"self":[{"href":"https:\/\/www.mes-allocs.fr\/guides\/wp-json\/wp\/v2\/posts\/92840","targetHints":{"allow":["GET"]}}],"collection":[{"href":"https:\/\/www.mes-allocs.fr\/guides\/wp-json\/wp\/v2\/posts"}],"about":[{"href":"https:\/\/www.mes-allocs.fr\/guides\/wp-json\/wp\/v2\/types\/post"}],"author":[{"embeddable":true,"href":"https:\/\/www.mes-allocs.fr\/guides\/wp-json\/wp\/v2\/users\/31"}],"replies":[{"embeddable":true,"href":"https:\/\/www.mes-allocs.fr\/guides\/wp-json\/wp\/v2\/comments?post=92840"}],"version-history":[{"count":10,"href":"https:\/\/www.mes-allocs.fr\/guides\/wp-json\/wp\/v2\/posts\/92840\/revisions"}],"predecessor-version":[{"id":111204,"href":"https:\/\/www.mes-allocs.fr\/guides\/wp-json\/wp\/v2\/posts\/92840\/revisions\/111204"}],"wp:featuredmedia":[{"embeddable":true,"href":"https:\/\/www.mes-allocs.fr\/guides\/wp-json\/wp\/v2\/media\/92843"}],"wp:attachment":[{"href":"https:\/\/www.mes-allocs.fr\/guides\/wp-json\/wp\/v2\/media?parent=92840"}],"wp:term":[{"taxonomy":"category","embeddable":true,"href":"https:\/\/www.mes-allocs.fr\/guides\/wp-json\/wp\/v2\/categories?post=92840"},{"taxonomy":"post_tag","embeddable":true,"href":"https:\/\/www.mes-allocs.fr\/guides\/wp-json\/wp\/v2\/tags?post=92840"}],"curies":[{"name":"wp","href":"https:\/\/api.w.org\/{rel}","templated":true}]}}