{"id":92743,"date":"2025-02-11T19:14:24","date_gmt":"2025-02-11T17:14:24","guid":{"rendered":"https:\/\/www.mes-allocs.fr\/guides\/?p=92743"},"modified":"2026-04-22T10:50:33","modified_gmt":"2026-04-22T09:50:33","slug":"annee-de-cesure","status":"publish","type":"post","link":"https:\/\/www.mes-allocs.fr\/guides\/aide-par-situation\/aide-etudiant\/annee-de-cesure\/","title":{"rendered":"Ann\u00e9e de c\u00e9sure : conditions, d\u00e9marches, droits"},"content":{"rendered":"<p><img loading=\"lazy\" decoding=\"async\" class=\"aligncenter wp-image-92860 size-full\" title=\"annee de cesure\" src=\"https:\/\/www.mes-allocs.fr\/guides\/wp-content\/uploads\/2025\/02\/dawn-1840298_1280-e1739292576209.jpg\" alt=\"annee de cesure\" width=\"1280\" height=\"288\" srcset=\"https:\/\/www.mes-allocs.fr\/guides\/wp-content\/uploads\/2025\/02\/dawn-1840298_1280-e1739292576209.jpg 1280w, https:\/\/www.mes-allocs.fr\/guides\/wp-content\/uploads\/2025\/02\/dawn-1840298_1280-e1739292576209-300x68.jpg 300w, https:\/\/www.mes-allocs.fr\/guides\/wp-content\/uploads\/2025\/02\/dawn-1840298_1280-e1739292576209-1024x230.jpg 1024w, https:\/\/www.mes-allocs.fr\/guides\/wp-content\/uploads\/2025\/02\/dawn-1840298_1280-e1739292576209-768x173.jpg 768w, https:\/\/www.mes-allocs.fr\/guides\/wp-content\/uploads\/2025\/02\/dawn-1840298_1280-e1739292576209-600x135.jpg 600w\" sizes=\"auto, (max-width: 1280px) 100vw, 1280px\" \/><\/p>\n<p>Une <strong>ann\u00e9e de c\u00e9sure<\/strong>, souvent per\u00e7ue comme une pause dans le parcours acad\u00e9mique, est en r\u00e9alit\u00e9 une opportunit\u00e9 pr\u00e9cieuse pour enrichir son CV et d\u00e9velopper des comp\u00e9tences essentielles. Quelle que soit votre <a href=\"https:\/\/www.mes-allocs.fr\/guides\/aide-par-situation\/\">situation<\/a>, que ce soit pour un voyage, un stage \u00e0 l&rsquo;\u00e9tranger, ou un projet professionnel, cette p\u00e9riode peut transformer votre parcours et faire la diff\u00e9rence aupr\u00e8s des recruteurs. Cependant, pour en tirer pleinement parti, il est crucial de savoir comment la valoriser de mani\u00e8re strat\u00e9gique, en mettant en avant les comp\u00e9tences acquises et les projets r\u00e9alis\u00e9s.<\/p>\n<div class='cta-block'><div class='text'>Simulez toutes vos aides en 2 min. <\/div><a href='https:\/\/www.mes-allocs.fr\/ab-app?origin=guides\/wp-json\/wp\/v2\/posts\/92743' class='app-button fit'>Simulation gratuite<\/a><\/div>\n<h1>Qu\u2019est-ce que l&rsquo;ann\u00e9e de c\u00e9sure et qui peut en b\u00e9n\u00e9ficier ?<\/h1>\n<h2>Qu\u2019est-ce que l&rsquo;ann\u00e9e de c\u00e9sure ?<\/h2>\n<p>L\u2019ann\u00e9e de c\u00e9sure est une <strong>p\u00e9riode facultative<\/strong> permettant \u00e0 un \u00e9tudiant ou un bachelier en r\u00e9orientation de suspendre temporairement sa formation pour une dur\u00e9e maximale de deux semestres cons\u00e9cutifs. Cette pause vise \u00e0 enrichir son parcours en acqu\u00e9rant de nouvelles comp\u00e9tences ou en vivant une exp\u00e9rience formatrice en France ou \u00e0 l\u2019\u00e9tranger.<\/p>\n<p>Cette p\u00e9riode peut \u00eatre consacr\u00e9e \u00e0 un projet entrepreneurial, social ou culturel, \u00e0 une exp\u00e9rience professionnelle en entreprise, administration ou association, entre autres.<\/p>\n<p>La c\u00e9sure doit faire l\u2019objet d\u2019une demande aupr\u00e8s de l\u2019\u00e9tablissement et ne peut en aucun cas \u00eatre impos\u00e9e dans un cursus \u00e0 la place d\u2019un stage obligatoire, d\u2019un projet de fin d\u2019\u00e9tudes ou d\u2019un enseignement en langue \u00e9trang\u00e8re.<\/p>\n<h2>Quelle est la diff\u00e9rence entre une ann\u00e9e de c\u00e9sure et une ann\u00e9e sabbatique ?<\/h2>\n<p>L\u2019ann\u00e9e de c\u00e9sure et l\u2019ann\u00e9e sabbatique sont deux dispositifs bien distincts. La principale diff\u00e9rence r\u00e9side dans leur <strong>cadre<\/strong> et leur <strong>objectif.<\/strong><\/p>\n<p>L\u2019ann\u00e9e de c\u00e9sure est r\u00e9serv\u00e9e aux \u00e9tudiants et s\u2019int\u00e8gre dans un <strong>cursus<\/strong> universitaire. Elle permet de suspendre temporairement sa formation tout en conservant son statut \u00e9tudiant et les avantages associ\u00e9s (bourse, logement, etc.). Elle vise \u00e0 enrichir son parcours acad\u00e9mique et professionnel gr\u00e2ce \u00e0 un stage, un projet entrepreneurial ou un \u00e9change universitaire. Sa dur\u00e9e est limit\u00e9e \u00e0 un an, voire deux selon les \u00e9tablissements.<\/p>\n<p>\u00c0 l\u2019inverse, l\u2019ann\u00e9e sabbatique n\u2019est pas encadr\u00e9e par une institution et s\u2019adresse \u00e0 <strong>tout public.<\/strong> Elle permet une interruption libre d\u2019activit\u00e9, souvent pour voyager, se recentrer ou pr\u00e9parer une nouvelle formation. Elle n\u2019offre aucun cadre p\u00e9dagogique ni <a href=\"https:\/\/www.mes-allocs.fr\/guides\/aide-par-situation\/aide-etudiant\/\">aide \u00e9tudiante<\/a> sp\u00e9cifique. De plus, elle peut durer plus d\u2019un an et \u00eatre renouvel\u00e9e sans limite.<\/p>\n<h2>Qui peut b\u00e9n\u00e9ficier de l&rsquo;ann\u00e9e de c\u00e9sure ?<\/h2>\n<p>L\u2019ann\u00e9e de c\u00e9sure est accessible aux bacheliers qui, apr\u00e8s l\u2019obtention de leur dipl\u00f4me, souhaitent prendre une pause avant d\u2019entamer leurs \u00e9tudes sup\u00e9rieures. Elle s\u2019adresse \u00e9galement aux \u00e9tudiants inscrits en formation initiale dans un \u00e9tablissement d\u2019enseignement sup\u00e9rieur qui d\u00e9sirent suspendre temporairement leur cursus pour explorer de nouvelles exp\u00e9riences acad\u00e9miques, professionnelles ou personnelles.<\/p>\n<h1>Combien de temps dure une c\u00e9sure ?<\/h1>\n<p>La dur\u00e9e d\u2019une c\u00e9sure varie entre <strong>un semestre universitaire (6 mois)<\/strong> et une <strong>ann\u00e9e universitaire compl\u00e8te (12 mois)<\/strong>. Elle doit obligatoirement commencer en m\u00eame temps qu\u2019un semestre et \u00eatre compatible avec l\u2019organisation de la formation suivie.<\/p>\n<p>Un \u00e9tudiant peut effectuer <strong>une seule c\u00e9sure par cycle<\/strong> d\u2019\u00e9tudes : licence (cycle 1), master (cycle 2) et doctorat (cycle 3). Toutefois, certains \u00e9tablissements permettent plusieurs c\u00e9sures sous certaines conditions.<\/p>\n<p>La c\u00e9sure peut \u00eatre interrompue avant la fin pr\u00e9vue, mais uniquement avec l\u2019accord du pr\u00e9sident ou directeur de l\u2019\u00e9tablissement. Elle ne peut jamais exc\u00e9der deux semestres cons\u00e9cutifs ni \u00eatre inf\u00e9rieure \u00e0 un semestre.<\/p>\n<p>Elle peut d\u00e9buter d\u00e8s l\u2019entr\u00e9e dans une formation du premier cycle et doit se terminer avant le dernier semestre de la formation concern\u00e9e.<\/p>\n<div class='cta-block'><div class='text'>Simulez toutes vos aides en 2 min. <\/div><a href='https:\/\/www.mes-allocs.fr\/ab-app?origin=guides\/wp-json\/wp\/v2\/posts\/92743' class='app-button fit'>Simulation gratuite<\/a><\/div>\n<h1>Les modalit\u00e9s de l&rsquo;ann\u00e9e de c\u00e9sure<\/h1>\n<h2>Peut-on maintenir son statut \u00e9tudiant quand on est en ann\u00e9e de c\u00e9sure?<\/h2>\n<p>Oui, un \u00e9tudiant en ann\u00e9e de c\u00e9sure conserve son statut \u00e9tudiant pendant toute la dur\u00e9e de la suspension de sa formation. Il reste inscrit dans son \u00e9tablissement d\u2019enseignement sup\u00e9rieur, ce qui lui permet de b\u00e9n\u00e9ficier des avantages li\u00e9s \u00e0 ce statut, comme l\u2019acc\u00e8s aux <strong>services universitaires<\/strong>, aux <strong>biblioth\u00e8ques,<\/strong> aux <strong>r\u00e9ductions<\/strong> \u00e9tudiantes et, sous conditions, au maintien de sa <strong>bourse.<\/strong> Cette inscription garantit \u00e9galement sa r\u00e9int\u00e9gration dans son cursus \u00e0 la fin de la c\u00e9sure. Toutefois, la c\u00e9sure doit \u00eatre accept\u00e9e par l\u2019\u00e9tablissement via une demande officielle pr\u00e9cisant les objectifs et projets envisag\u00e9s durant cette p\u00e9riode.<\/p>\n<h2>Quelles activit\u00e9s peut-on faire quand on est en ann\u00e9e de c\u00e9sure ?<\/h2>\n<p>L\u2019ann\u00e9e de c\u00e9sure permet aux \u00e9tudiants d\u2019acqu\u00e9rir une exp\u00e9rience professionnelle ou personnelle enrichissante. Elle peut prendre plusieurs formes, r\u00e9mun\u00e9r\u00e9es ou non, en France ou \u00e0 l\u2019\u00e9tranger :<\/p>\n<ul>\n<li aria-level=\"1\"><b>Un stage<\/b>, m\u00eame en dehors du cadre universitaire<\/li>\n<li aria-level=\"1\"><b>Un emploi sous contrat de travail<\/b><\/li>\n<li aria-level=\"1\"><b>Un Service Civique<\/b> en France ou \u00e0 l\u2019\u00e9tranger<\/li>\n<li aria-level=\"1\"><b>Un volontariat<\/b>, notamment :\n<ul>\n<li aria-level=\"2\">Volontariat International en Administration (VIA) ou en Entreprise (VIE)<\/li>\n<li aria-level=\"2\">Volontariat de Solidarit\u00e9 Internationale (VSI)<\/li>\n<li aria-level=\"2\">Engagement au sein du Corps europ\u00e9en de solidarit\u00e9<\/li>\n<li aria-level=\"2\">Engagement b\u00e9n\u00e9vole dans une association<\/li>\n<\/ul>\n<\/li>\n<li aria-level=\"1\"><b>Un projet entrepreneurial<\/b> sous statut d\u2019\u00e9tudiant-entrepreneur<\/li>\n<li aria-level=\"1\"><b>Un engagement comme Sapeur-Pompier Volontaire<\/b><\/li>\n<li aria-level=\"1\"><b>Une formation<\/b> dans un domaine diff\u00e9rent de son cursus initial<\/li>\n<\/ul>\n<h2>Quels sont les droits de l&rsquo;\u00e9tudiant pendant l&rsquo;ann\u00e9e de c\u00e9sure ?<\/h2>\n<p>Pendant toute la p\u00e9riode de c\u00e9sure, l\u2019\u00e9tudiant reste inscrit dans son \u00e9tablissement et conserve son statut \u00e9tudiant. Cela lui permet de b\u00e9n\u00e9ficier des m\u00eames droits que les autres \u00e9tudiants, notamment :<\/p>\n<ul>\n<li aria-level=\"1\"><b>Une carte d\u2019\u00e9tudiant<\/b>, qui garantit l\u2019acc\u00e8s aux services universitaires (biblioth\u00e8ques, restaurants universitaires, transports \u00e0 tarif r\u00e9duit, etc.).<\/li>\n<li aria-level=\"1\"><b>Des frais d\u2019inscription r\u00e9duits<\/b>, si la formation suivie pr\u00e9pare \u00e0 un dipl\u00f4me national. Pour un dipl\u00f4me non national, les frais restent au taux normal.<\/li>\n<li aria-level=\"1\"><b>Le maintien possible de la bourse<\/b>, sous conditions. Si l\u2019\u00e9tudiant s\u2019inscrit dans une formation habilit\u00e9e \u00e0 recevoir des boursiers, il peut en faire la demande normalement. Sinon, le pr\u00e9sident ou directeur de l\u2019\u00e9tablissement peut accorder la bourse en fonction de la pertinence du projet de c\u00e9sure par rapport \u00e0 la formation suivie.<\/li>\n<\/ul>\n<h2>Existe-t-il un accompagnement p\u00e9dagogique pour l&rsquo;\u00e9tudiant pendant l&rsquo;ann\u00e9e de c\u00e9sure ?<\/h2>\n<p>Oui, l\u2019\u00e9tablissement d\u2019enseignement sup\u00e9rieur assure un suivi p\u00e9dagogique tout au long de la c\u00e9sure. Il accompagne l\u2019\u00e9tudiant dans la pr\u00e9paration de son projet et l\u2019\u00e9laboration de son bilan en fin de p\u00e9riode. Selon la nature de l\u2019exp\u00e9rience r\u00e9alis\u00e9e, un encadrement renforc\u00e9 peut \u00eatre mis en place afin d\u2019\u00e9valuer les comp\u00e9tences acquises. Dans certains cas, la c\u00e9sure peut permettre l\u2019attribution de cr\u00e9dits <strong>ECTS,<\/strong> facilitant ainsi une \u00e9ventuelle r\u00e9orientation acad\u00e9mique. Si ces cr\u00e9dits sont accord\u00e9s, ils viennent s\u2019ajouter au total des cr\u00e9dits obtenus \u00e0 la fin du cursus.<\/p>\n<h1>Comment faire une demande d&rsquo;ann\u00e9e de c\u00e9sure ?<\/h1>\n<p>La demande de c\u00e9sure varie selon le moment o\u00f9 elle est effectu\u00e9e. Pour les lyc\u00e9ens passant par <b>Parcoursup<\/b>, il suffit de cocher la case \u00ab\u00a0c\u00e9sure\u00a0\u00bb lors de la formulation des v\u0153ux. Une fois l\u2019admission accept\u00e9e, le candidat doit contacter l\u2019\u00e9tablissement pour conna\u00eetre les modalit\u00e9s pr\u00e9cises et soumettre une lettre de motivation expliquant son projet.<\/p>\n<p>Pour les \u00e9tudiants d\u00e9j\u00e0 inscrits dans l\u2019enseignement sup\u00e9rieur, la demande doit \u00eatre adress\u00e9e au pr\u00e9sident ou directeur de l\u2019\u00e9tablissement selon la proc\u00e9dure en vigueur. L\u2019\u00e9tablissement \u00e9value la qualit\u00e9 et la coh\u00e9rence du projet avant de donner son accord.<\/p>\n<p>Si la demande est accept\u00e9e, une <b>convention<\/b> est sign\u00e9e. Celle-ci pr\u00e9cise les conditions de r\u00e9int\u00e9gration, l\u2019accompagnement p\u00e9dagogique et la validation de la c\u00e9sure. Si l\u2019\u00e9tudiant souhaite changer de voie apr\u00e8s la c\u00e9sure, il devra repasser par <b>Parcoursup<\/b> pour une nouvelle formation.<\/p>\n<h1>Comment valoriser une ann\u00e9e de c\u00e9sure ?<\/h1>\n<ul>\n<li><b>Assumez votre exp\u00e9rience<\/b> : Ne cachez pas votre ann\u00e9e de c\u00e9sure, mais mettez-la en avant comme un atout, m\u00eame si elle n\u2019a pas \u00e9t\u00e9 parfaite.<\/li>\n<li><b>Valorisez votre projet<\/b> : Montrez la pr\u00e9paration et l\u2019organisation derri\u00e8re votre projet (stage, voyage, b\u00e9n\u00e9volat, etc.), ce qui met en lumi\u00e8re vos comp\u00e9tences en gestion et en initiative.<\/li>\n<li><b>Mettez en avant les r\u00e9sultats<\/b> : D\u00e9crivez les comp\u00e9tences et les d\u00e9couvertes que vous avez acquises, en expliquant comment elles compl\u00e8tent votre formation.<\/li>\n<li><b>Soyez strat\u00e9gique sur le CV<\/b> : Placez cette exp\u00e9rience au bon endroit (int\u00e9r\u00eats ou exp\u00e9riences professionnelles) selon la nature de votre ann\u00e9e de c\u00e9sure.<\/li>\n<\/ul>\n<div class='cta-block'><div class='text'>Simulez toutes vos aides en 2 min. <\/div><a href='https:\/\/www.mes-allocs.fr\/ab-app?origin=guides\/wp-json\/wp\/v2\/posts\/92743' class='app-button fit'>Simulation gratuite<\/a><\/div>\n","protected":false},"excerpt":{"rendered":"<p>Une ann\u00e9e de c\u00e9sure, souvent per\u00e7ue comme une pause dans le parcours acad\u00e9mique, est en r\u00e9alit\u00e9 une opportunit\u00e9 pr\u00e9cieuse pour enrichir son CV et d\u00e9velopper des comp\u00e9tences essentielles. Quelle que soit votre situation, que ce soit pour un voyage, un stage \u00e0 l&rsquo;\u00e9tranger, ou un projet professionnel, cette p\u00e9riode peut transformer votre parcours et faire [&hellip;]<\/p>\n","protected":false},"author":32,"featured_media":92859,"comment_status":"open","ping_status":"open","sticky":false,"template":"","format":"standard","meta":{"amp_status":"","footnotes":""},"categories":[35792,14320],"tags":[],"class_list":["post-92743","post","type-post","status-publish","format-standard","has-post-thumbnail","hentry","category-aide-etudiant","category-aide-par-situation"],"yoast_head":"<!-- This site is optimized with the Yoast SEO plugin v14.9 - https:\/\/yoast.com\/wordpress\/plugins\/seo\/ -->\n<title>Ann\u00e9e de c\u00e9sure : conditions, d\u00e9marches, droits | Mes-Allocs.fr<\/title>\n<meta name=\"description\" content=\"Vous souhaitez prendre une ann\u00e9e de c\u00e9sure ? Vous vous demandez quelles conditions vous devez respecter ? On vous explique.\" \/>\n<meta name=\"robots\" content=\"index, follow, max-snippet:-1, max-image-preview:large, max-video-preview:-1\" \/>\n<link rel=\"canonical\" href=\"https:\/\/www.mes-allocs.fr\/guides\/aide-par-situation\/aide-etudiant\/annee-de-cesure\/\" \/>\n<meta property=\"og:locale\" content=\"fr_FR\" \/>\n<meta property=\"og:type\" content=\"article\" \/>\n<meta property=\"og:title\" content=\"Ann\u00e9e de c\u00e9sure : conditions, d\u00e9marches, droits | Mes-Allocs.fr\" \/>\n<meta property=\"og:description\" content=\"Vous souhaitez prendre une ann\u00e9e de c\u00e9sure ? Vous vous demandez quelles conditions vous devez respecter ? On vous explique.\" \/>\n<meta property=\"og:url\" content=\"https:\/\/www.mes-allocs.fr\/guides\/aide-par-situation\/aide-etudiant\/annee-de-cesure\/\" \/>\n<meta property=\"og:site_name\" content=\"Mes-Allocs.fr\" \/>\n<meta property=\"article:published_time\" content=\"2025-02-11T17:14:24+00:00\" \/>\n<meta property=\"article:modified_time\" content=\"2026-04-22T09:50:33+00:00\" \/>\n<meta property=\"og:image\" content=\"https:\/\/www.mes-allocs.fr\/guides\/wp-content\/uploads\/2025\/02\/people-2557396_1280.jpg?wsr\" \/>\n\t<meta property=\"og:image:width\" content=\"1280\" \/>\n\t<meta property=\"og:image:height\" content=\"853\" \/>\n<meta name=\"twitter:card\" content=\"summary_large_image\" \/>\n<script type=\"application\/ld+json\" class=\"yoast-schema-graph\">{\"@context\":\"https:\/\/schema.org\",\"@graph\":[{\"@type\":\"WebSite\",\"@id\":\"https:\/\/www.mes-allocs.fr\/guides\/#website\",\"url\":\"https:\/\/www.mes-allocs.fr\/guides\/\",\"name\":\"Mes-Allocs.fr\",\"description\":\"\",\"potentialAction\":[{\"@type\":\"SearchAction\",\"target\":\"https:\/\/www.mes-allocs.fr\/guides\/?s={search_term_string}\",\"query-input\":\"required name=search_term_string\"}],\"inLanguage\":\"fr-FR\"},{\"@type\":\"ImageObject\",\"@id\":\"https:\/\/www.mes-allocs.fr\/guides\/aide-par-situation\/aide-etudiant\/annee-de-cesure\/#primaryimage\",\"inLanguage\":\"fr-FR\",\"url\":\"https:\/\/www.mes-allocs.fr\/guides\/wp-content\/uploads\/2025\/02\/people-2557396_1280.jpg?wsr\",\"width\":1280,\"height\":853,\"caption\":\"annee de cesure\"},{\"@type\":\"WebPage\",\"@id\":\"https:\/\/www.mes-allocs.fr\/guides\/aide-par-situation\/aide-etudiant\/annee-de-cesure\/#webpage\",\"url\":\"https:\/\/www.mes-allocs.fr\/guides\/aide-par-situation\/aide-etudiant\/annee-de-cesure\/\",\"name\":\"Ann\\u00e9e de c\\u00e9sure : conditions, d\\u00e9marches, droits | Mes-Allocs.fr\",\"isPartOf\":{\"@id\":\"https:\/\/www.mes-allocs.fr\/guides\/#website\"},\"primaryImageOfPage\":{\"@id\":\"https:\/\/www.mes-allocs.fr\/guides\/aide-par-situation\/aide-etudiant\/annee-de-cesure\/#primaryimage\"},\"datePublished\":\"2025-02-11T17:14:24+00:00\",\"dateModified\":\"2026-04-22T09:50:33+00:00\",\"author\":{\"@id\":\"https:\/\/www.mes-allocs.fr\/guides\/#\/schema\/person\/d816df3fd89b867e748b96418f7d8196\"},\"description\":\"Vous souhaitez prendre une ann\\u00e9e de c\\u00e9sure ? Vous vous demandez quelles conditions vous devez respecter ? On vous explique.\",\"inLanguage\":\"fr-FR\"},{\"@type\":\"Person\",\"@id\":\"https:\/\/www.mes-allocs.fr\/guides\/#\/schema\/person\/d816df3fd89b867e748b96418f7d8196\",\"name\":\"A\\u00efda GHATTAS\",\"image\":{\"@type\":\"ImageObject\",\"@id\":\"https:\/\/www.mes-allocs.fr\/guides\/#personlogo\",\"inLanguage\":\"fr-FR\",\"url\":\"https:\/\/www.mes-allocs.fr\/guides\/wp-content\/uploads\/2025\/01\/id-photo-Aida-150x150.jpg\",\"caption\":\"A\\u00efda GHATTAS\"},\"description\":\"A\\u00efda est r\\u00e9dactrice web sp\\u00e9cialis\\u00e9e dans l'actualit\\u00e9, avec un int\\u00e9r\\u00eat particulier pour les aides financi\\u00e8res et dispositifs accessibles au grand public. Elle d\\u00e9crypte les mesures sociales, \\u00e9conomiques ou administratives, mais explore aussi d\\u2019autres th\\u00e9matiques li\\u00e9es \\u00e0 la vie quotidienne et aux droits des \\u00e9trangers, pour proposer une information claire, utile et toujours \\u00e0 jour. Elle rejoint Mes Allocs en 2025 apr\\u00e8s une premi\\u00e8re exp\\u00e9rience dans les t\\u00e9l\\u00e9communications.\",\"sameAs\":[\"https:\/\/www.linkedin.com\/in\/aidaghattas321\/\"]}]}<\/script>\n<!-- \/ Yoast SEO plugin. -->","amp_validity":null,"acf":{"faq":{"1":{"question":"C'est quoi une ann\u00e9e de c\u00e9sure ?","answer":"Une ann\u00e9e de c\u00e9sure est une pause volontaire dans son parcours acad\u00e9mique pour mener un projet personnel, professionnel ou associatif, tout en restant inscrit dans son \u00e9tablissement."},"2":{"question":"Comment justifier d'une ann\u00e9e de c\u00e9sure ?","answer":"Il faut mettre en avant les comp\u00e9tences acquises, l\u2019enrichissement personnel et professionnel, et la coh\u00e9rence avec son projet d\u2019\u00e9tudes ou de carri\u00e8re."},"3":{"question":"Est-ce une bonne id\u00e9e de faire une ann\u00e9e de c\u00e9sure ?","answer":"Oui, si elle est bien planifi\u00e9e et align\u00e9e avec vos objectifs, elle peut \u00eatre un atout pour votre d\u00e9veloppement personnel et professionnel."},"4":{"question":"Qu'est-ce qu'une c\u00e9sure par exemple ?","answer":"Une c\u00e9sure peut \u00eatre une ann\u00e9e de stage en entreprise, un volontariat \u00e0 l\u2019\u00e9tranger ou une formation dans un domaine compl\u00e9mentaire."},"5":{"question":"Quel est un exemple de c\u00e9sure ?","answer":"Un \u00e9tudiant en ing\u00e9nierie qui prend une ann\u00e9e pour travailler dans une startup et acqu\u00e9rir de l'exp\u00e9rience en gestion de projet."},"6":{"question":"Comment garder son statut \u00e9tudiant ?","answer":"Il faut rester inscrit dans son \u00e9tablissement d\u2019enseignement sup\u00e9rieur et signer une convention de c\u00e9sure."},"7":{"question":"","answer":""},"8":{"question":"","answer":""},"9":{"question":"","answer":""},"10":{"question":"","answer":""},"11":{"question":"","answer":""},"12":{"question":"","answer":""},"13":{"question":"","answer":""},"14":{"question":"","answer":""},"15":{"question":"","answer":""},"16":{"question":"","answer":""}}},"_links":{"self":[{"href":"https:\/\/www.mes-allocs.fr\/guides\/wp-json\/wp\/v2\/posts\/92743","targetHints":{"allow":["GET"]}}],"collection":[{"href":"https:\/\/www.mes-allocs.fr\/guides\/wp-json\/wp\/v2\/posts"}],"about":[{"href":"https:\/\/www.mes-allocs.fr\/guides\/wp-json\/wp\/v2\/types\/post"}],"author":[{"embeddable":true,"href":"https:\/\/www.mes-allocs.fr\/guides\/wp-json\/wp\/v2\/users\/32"}],"replies":[{"embeddable":true,"href":"https:\/\/www.mes-allocs.fr\/guides\/wp-json\/wp\/v2\/comments?post=92743"}],"version-history":[{"count":6,"href":"https:\/\/www.mes-allocs.fr\/guides\/wp-json\/wp\/v2\/posts\/92743\/revisions"}],"predecessor-version":[{"id":99145,"href":"https:\/\/www.mes-allocs.fr\/guides\/wp-json\/wp\/v2\/posts\/92743\/revisions\/99145"}],"wp:featuredmedia":[{"embeddable":true,"href":"https:\/\/www.mes-allocs.fr\/guides\/wp-json\/wp\/v2\/media\/92859"}],"wp:attachment":[{"href":"https:\/\/www.mes-allocs.fr\/guides\/wp-json\/wp\/v2\/media?parent=92743"}],"wp:term":[{"taxonomy":"category","embeddable":true,"href":"https:\/\/www.mes-allocs.fr\/guides\/wp-json\/wp\/v2\/categories?post=92743"},{"taxonomy":"post_tag","embeddable":true,"href":"https:\/\/www.mes-allocs.fr\/guides\/wp-json\/wp\/v2\/tags?post=92743"}],"curies":[{"name":"wp","href":"https:\/\/api.w.org\/{rel}","templated":true}]}}