{"id":92567,"date":"2025-02-10T10:50:28","date_gmt":"2025-02-10T08:50:28","guid":{"rendered":"https:\/\/www.mes-allocs.fr\/guides\/?p=92567"},"modified":"2026-04-22T10:50:34","modified_gmt":"2026-04-22T09:50:34","slug":"prix-carte-grise","status":"publish","type":"post","link":"https:\/\/www.mes-allocs.fr\/guides\/aide-mobilite\/prix-carte-grise\/","title":{"rendered":"Prix carte grise 2026 : conditions, montants, d\u00e9marches"},"content":{"rendered":"<p><img loading=\"lazy\" decoding=\"async\" class=\"wp-image-92629 aligncenter\" title=\"car\" src=\"https:\/\/www.mes-allocs.fr\/guides\/wp-content\/uploads\/2025\/02\/car-1957037_640-e1739265412494.jpg\" alt=\"car\" width=\"746\" height=\"197\" srcset=\"https:\/\/www.mes-allocs.fr\/guides\/wp-content\/uploads\/2025\/02\/car-1957037_640-e1739265412494.jpg 640w, https:\/\/www.mes-allocs.fr\/guides\/wp-content\/uploads\/2025\/02\/car-1957037_640-e1739265412494-300x79.jpg 300w, https:\/\/www.mes-allocs.fr\/guides\/wp-content\/uploads\/2025\/02\/car-1957037_640-e1739265412494-600x158.jpg 600w\" sizes=\"auto, (max-width: 746px) 100vw, 746px\" \/><\/p>\n<p>[Mis \u00e0 jour le 04\/03\/2026] Le<b> prix de la carte grise<\/b> augmente \u00e0 partir du 1er mars 2026. Le co\u00fbt de la carte grise varie selon la puissance du v\u00e9hicule et du territoire o\u00f9 il a \u00e9t\u00e9 immatricul\u00e9. Pour pallier l&rsquo;augmentation de la carte grise, vous pouvez vous tourner vers les <a href=\"https:\/\/www.mes-allocs.fr\/guides\/aide-mobilite\/\">aides \u00e0 la mobilit\u00e9<\/a>. Mes Allocs vous explique comment obtenir sa carte grise et les montants selon les r\u00e9gions en 2026.<\/p>\n<div class='cta-block'><div class='text'>Simulez toutes vos aides en 2 min.<\/div><a href='https:\/\/www.mes-allocs.fr\/ab-app?origin=guides\/wp-json\/wp\/v2\/posts\/92567' class='app-button fit'>Simulation gratuite<\/a><\/div>\n<h1>Prix carte grise : quels changements en 2026 ?<\/h1>\n<p>Si vous pr\u00e9voyez d\u2019acheter une voiture dans les prochains mois, vous payerez votre carte grise plus cher. Le prix des certificats d&rsquo;immatriculation, autre d\u00e9nomination de la carte grise, augmentera<b> \u00e0 partir du 1er mars 2026<\/b>. Le prix moyen de la carte grise augmente de<b> 2,6%<\/b> en 2026 selon Que Choisir. Pouss\u00e9es par les restrictions budg\u00e9taires de l\u2019Etat, sept r\u00e9gions ont atteint le plafond l\u00e9gal de 60\u20ac par cheval fiscal, \u00e0 savoir la Provence-Alpes-C\u00f4te, La R\u00e9union, le Grand Est, la Bourgogne-Franche-Comt\u00e9, le Centre-Val de Loire, la Normandie et la Bretagne.<\/p>\n<h1>La carte grise est-elle obligatoire ?<\/h1>\n<p><b>Oui<\/b>, la carte grise est obligatoire pour circuler avec un v\u00e9hicule et permet d\u2019identifier officiellement celui-ci. Le certificat d\u2019immatriculation permet de circuler et d\u2019identifier un v\u00e9hicule. Ce document peut d\u2019ailleurs vous \u00eatre demand\u00e9 lors d\u2019un <b>contr\u00f4le de police<\/b>. La carte grise peut \u00eatre \u00e9tablie au nom de plusieurs conducteurs en cas de multipropri\u00e9t\u00e9.<\/p>\n<h1>Comment estimer le prix de votre carte grise ?<\/h1>\n<p>Vous pouvez estimer le prix de votre carte grise sur le site du <b>Service public<\/b>. Vous pourrez ainsi avoir un montant \u00e0 titre indicatif, en fonction de la r\u00e9gion, de la puissance fiscale et des autres caract\u00e9ristiques de votre v\u00e9hicule.<\/p>\n<p>Vous pouvez b\u00e9n\u00e9ficier <b>d\u2019aides \u00e0 la mobilit\u00e9<\/b> en \u00e9tant automobiliste. Vous pouvez simuler votre \u00e9ligibilit\u00e9 avec le simulateur Mes Allocs. C&rsquo;est un outil gratuit qui vous permettra de savoir en quelques minutes les aides auxquelles vous pouvez pr\u00e9tendre. Un conseiller Mes Allocs peut aussi vous aider dans vos d\u00e9marches.<\/p>\n<div class='cta-block'><div class='text'>Simulez toutes vos aides en 2 min.<\/div><a href='https:\/\/www.mes-allocs.fr\/ab-app?origin=guides\/wp-json\/wp\/v2\/posts\/92567' class='app-button fit'>Simulation gratuite<\/a><\/div>\n<h1>Quels sont les crit\u00e8res du calcul du prix de la carte grise ?<\/h1>\n<p>Le calcul du prix de la carte grise d\u00e9pend de plusieurs crit\u00e8res :<\/p>\n<ul>\n<li aria-level=\"1\">\u00c2ge du v\u00e9hicule<\/li>\n<li aria-level=\"1\">Lieu de r\u00e9sidence<\/li>\n<li aria-level=\"1\">Taux d\u2019\u00e9mission de CO2 <b>(case V.7 de la carte grise)<\/b><\/li>\n<li aria-level=\"1\">Puissance fiscale : Le prix d\u00e9pend du nombre de CV <b>(chevaux fiscaux)<\/b>, multipli\u00e9 par le tarif r\u00e9gional du cheval fiscal.<\/li>\n<li aria-level=\"1\">Type de v\u00e9hicule<\/li>\n<li aria-level=\"1\">Energie utilis\u00e9e<\/li>\n<\/ul>\n<h1>Comment est calcul\u00e9 le prix de la carte grise?<\/h1>\n<p>Le prix d\u2019une carte grise est d\u00e9termin\u00e9 par plusieurs taxes qui varient en fonction de divers crit\u00e8res li\u00e9s au v\u00e9hicule et \u00e0 son propri\u00e9taire. Ces taxes sont regroup\u00e9es sur<b> le certificat d\u2019immatriculation<\/b> et permettent de calculer le co\u00fbt total de la carte grise.<\/p>\n<p>Parmi les principaux \u00e9l\u00e9ments mis en compte :<\/p>\n<ul>\n<li aria-level=\"1\">La taxe r\u00e9gionale (Y.1)<\/li>\n<li aria-level=\"1\">La taxe pour la formation professionnelle (Y.2)<\/li>\n<li aria-level=\"1\">La taxe CO2 ou malus \u00e9cologique (Y.3)<\/li>\n<li aria-level=\"1\">La taxe fixe (Y.4)<\/li>\n<li aria-level=\"1\">La redevance d\u2019acheminement (Y.5)<\/li>\n<\/ul>\n<h1>Quelles sont les diff\u00e9rentes taxes qui font le calcul du prix de la carte grise ?<\/h1>\n<h2>La taxe r\u00e9gionale (Y.1)<\/h2>\n<p>La taxe r\u00e9gionale est calcul\u00e9e en fonction de la <b>puissance fiscale du v\u00e9hicule<\/b> (chevaux fiscaux) et du<b> prix du cheval fiscal<\/b> fix\u00e9 par chaque r\u00e9gion. Ce tarif varie d\u2019une r\u00e9gion \u00e0 l\u2019autre et subit r\u00e9guli\u00e8rement des ajustements, notamment \u00e0 cause de l\u2019inflation.<\/p>\n<p>Le montant de la taxe r\u00e9gionale se calcule en multipliant le nombre de chevaux fiscaux par le tarif du cheval fiscal applicable dans la r\u00e9gion de r\u00e9sidence du demandeur.<\/p>\n<h2>La taxe pour la formation professionnelle (Y.2)<\/h2>\n<p>Cette taxe est appliqu\u00e9e uniquement aux<b> v\u00e9hicules utilitaires, camions et transports en commun<\/b>. Elle finance la formation professionnelle dans le secteur des transports. Son montant varie selon le poids total \u00e0 charge (PTAC) du v\u00e9hicule :<\/p>\n<ul>\n<li aria-level=\"1\"><b>34 \u20ac<\/b> pour un PTAC \u2264 3,5 tonnes<\/li>\n<li aria-level=\"1\"><b>127 \u20ac<\/b> pour un PTAC entre 3,5 et 6 tonnes<\/li>\n<li aria-level=\"1\"><b>189 \u20ac<\/b> pour un PTAC entre 6 et 11 tonnes<\/li>\n<li aria-level=\"1\"><b>285 \u20ac<\/b> pour un PTAC \u2265 11 tonnes<\/li>\n<\/ul>\n<h2>La taxe CO2 ou malus \u00e9cologique (Y.3)<\/h2>\n<p>Aussi appel\u00e9e taxe pollution, cette taxe est impos\u00e9e lors de l\u2019immatriculation des <b>v\u00e9hicules neufs ou import\u00e9s<\/b> en fonction de leur \u00e9mission de CO2.<\/p>\n<p>Depuis janvier 2021, les v\u00e9hicules d\u2019occasion ne sont plus concern\u00e9s. Certains mod\u00e8les sont exempt\u00e9s :<\/p>\n<ul>\n<li aria-level=\"1\">V\u00e9hicules<b> \u00e9lectriques et \u00e0 hydrog\u00e8ne<\/b> : exon\u00e9ration totale.<\/li>\n<li aria-level=\"1\">V\u00e9hicules<b> hybrides<\/b> (simples ou rechargeables) : les hybrides ne b\u00e9n\u00e9ficient plus d\u2019une exon\u00e9ration nationale automatique.<\/li>\n<\/ul>\n<p>Le malus \u00e9cologique vise \u00e0 r\u00e9duire l\u2019achat de v\u00e9hicules polluants et \u00e0 encourager les mod\u00e8les plus respectueux de l\u2019environnement.<\/p>\n<h2>La taxe fixe (Y.4)<\/h2>\n<p>La taxe de gestion ou taxe fixe concerne<b> tous les v\u00e9hicules<\/b> sans exception. Elle sert \u00e0 financer les frais administratifs li\u00e9s \u00e0 la d\u00e9livrance des certificats d\u2019immatriculation. Son montant est fix\u00e9 \u00e0 <b>11 \u20ac<\/b> depuis 2021.<\/p>\n<h2>La redevance d\u2019acheminement (Y.5)<\/h2>\n<p>La redevance d\u2019acheminement couvre les frais d\u2019exp\u00e9dition de la carte grise au domicile du demandeur. Depuis le 2 janvier 2025, le certificat est envoy\u00e9 en lettre suivie, permettant ainsi aux automobilistes de suivre son acheminement jusqu\u2019\u00e0 la livraison.<\/p>\n<p>Le montant de cette taxe est fixe et s\u2019\u00e9l\u00e8ve \u00e0 <b>2,76 \u20ac<\/b>. Cette nouvelle modalit\u00e9 d\u2019exp\u00e9dition est en phase de test pendant un an afin d\u2019\u00e9valuer son efficacit\u00e9.<\/p>\n<h1>Le montant du cheval fiscal en 2026<\/h1>\n<p>Le montant du cheval fiscal est fix\u00e9 par la r\u00e9gion dans laquelle vous r\u00e9sidez. Chaque r\u00e9gion fixe le tarif du cheval fiscal. Le co\u00fbt du cheval fiscal en \u00cele-de-France pourrait changer dans les semaines \u00e0 venir, la r\u00e9gion n&rsquo;ayant pas encore vot\u00e9 son budget.<\/p>\n\n<div class=\"wpdt-c row wpDataTableContainerSimpleTable wpDataTables wpDataTablesWrapper\n\"\n    >\n    <table id=\"wpdtSimpleTable-611\"\n           class=\"wpdtSimpleTable wpDataTable\"\n           data-column=\"2\"\n           data-rows=\"19\"\n           data-wpID=\"611\"\n           data-responsive=\"0\"\n           data-has-header=\"0\">\n\n                    <tbody>        <tr class=\"wpdt-cell-row \" >\n                            <td class=\"wpdt-cell wpdt-bold wpdt-bc-F3F9FE\"\n                                    data-cell-id=\"A1\"\n                data-col-index=\"0\"\n                data-row-index=\"0\"\n                style=\" width:50%;                padding:10px;\"\n                >\n                                R\u00e9gion                <\/td>\n                                            <td class=\"wpdt-cell wpdt-bold wpdt-bc-F3F9FE\"\n                                    data-cell-id=\"B1\"\n                data-col-index=\"1\"\n                data-row-index=\"0\"\n                style=\" width:50%;                padding:10px;\"\n                >\n                                Montant du cheval fiscal en 2026                <\/td>\n                                        <\/tr>\n                            <tr class=\"wpdt-cell-row \" >\n                            <td class=\"wpdt-cell \"\n                                    data-cell-id=\"A2\"\n                data-col-index=\"0\"\n                data-row-index=\"1\"\n                style=\"                padding:10px;\"\n                >\n                                Auvergne-Rh\u00f4ne-Alpes                <\/td>\n                                            <td class=\"wpdt-cell \"\n                                    data-cell-id=\"B2\"\n                data-col-index=\"1\"\n                data-row-index=\"1\"\n                style=\"                padding:10px;\"\n                >\n                                43\u20ac                <\/td>\n                                        <\/tr>\n                            <tr class=\"wpdt-cell-row \" >\n                            <td class=\"wpdt-cell \"\n                                    data-cell-id=\"A3\"\n                data-col-index=\"0\"\n                data-row-index=\"2\"\n                style=\"                padding:10px;\"\n                >\n                                Bourgogne-Franche-Comt\u00e9                <\/td>\n                                            <td class=\"wpdt-cell \"\n                                    data-cell-id=\"B3\"\n                data-col-index=\"1\"\n                data-row-index=\"2\"\n                style=\"                padding:10px;\"\n                >\n                                60\u20ac                <\/td>\n                                        <\/tr>\n                            <tr class=\"wpdt-cell-row \" >\n                            <td class=\"wpdt-cell \"\n                                    data-cell-id=\"A4\"\n                data-col-index=\"0\"\n                data-row-index=\"3\"\n                style=\"                padding:10px;\"\n                >\n                                Bretagne                <\/td>\n                                            <td class=\"wpdt-cell \"\n                                    data-cell-id=\"B4\"\n                data-col-index=\"1\"\n                data-row-index=\"3\"\n                style=\"                padding:10px;\"\n                >\n                                60\u20ac                <\/td>\n                                        <\/tr>\n                            <tr class=\"wpdt-cell-row \" >\n                            <td class=\"wpdt-cell \"\n                                    data-cell-id=\"A5\"\n                data-col-index=\"0\"\n                data-row-index=\"4\"\n                style=\"                padding:10px;\"\n                >\n                                Centre-Val de Loire                <\/td>\n                                            <td class=\"wpdt-cell \"\n                                    data-cell-id=\"B5\"\n                data-col-index=\"1\"\n                data-row-index=\"4\"\n                style=\"                padding:10px;\"\n                >\n                                60\u20ac                <\/td>\n                                        <\/tr>\n                            <tr class=\"wpdt-cell-row \" >\n                            <td class=\"wpdt-cell \"\n                                    data-cell-id=\"A6\"\n                data-col-index=\"0\"\n                data-row-index=\"5\"\n                style=\"                padding:10px;\"\n                >\n                                Corse                <\/td>\n                                            <td class=\"wpdt-cell \"\n                                    data-cell-id=\"B6\"\n                data-col-index=\"1\"\n                data-row-index=\"5\"\n                style=\"                padding:10px;\"\n                >\n                                53\u20ac                <\/td>\n                                        <\/tr>\n                            <tr class=\"wpdt-cell-row \" >\n                            <td class=\"wpdt-cell \"\n                                    data-cell-id=\"A7\"\n                data-col-index=\"0\"\n                data-row-index=\"6\"\n                style=\"                padding:10px;\"\n                >\n                                Grand Est                <\/td>\n                                            <td class=\"wpdt-cell \"\n                                    data-cell-id=\"B7\"\n                data-col-index=\"1\"\n                data-row-index=\"6\"\n                style=\"                padding:10px;\"\n                >\n                                60\u20ac                <\/td>\n                                        <\/tr>\n                            <tr class=\"wpdt-cell-row \" >\n                            <td class=\"wpdt-cell \"\n                                    data-cell-id=\"A8\"\n                data-col-index=\"0\"\n                data-row-index=\"7\"\n                style=\"                padding:10px;\"\n                >\n                                Hauts-de-France                <\/td>\n                                            <td class=\"wpdt-cell \"\n                                    data-cell-id=\"B8\"\n                data-col-index=\"1\"\n                data-row-index=\"7\"\n                style=\"                padding:10px;\"\n                >\n                                42\u20ac puis 43\u20ac \u00e0 partir du 1er avril 2026                <\/td>\n                                        <\/tr>\n                            <tr class=\"wpdt-cell-row \" >\n                            <td class=\"wpdt-cell \"\n                                    data-cell-id=\"A9\"\n                data-col-index=\"0\"\n                data-row-index=\"8\"\n                style=\"                padding:10px;\"\n                >\n                                \u00cele-de-France                <\/td>\n                                            <td class=\"wpdt-cell \"\n                                    data-cell-id=\"B9\"\n                data-col-index=\"1\"\n                data-row-index=\"8\"\n                style=\"                padding:10px;\"\n                >\n                                68,95 \u20ac                <\/td>\n                                        <\/tr>\n                            <tr class=\"wpdt-cell-row \" >\n                            <td class=\"wpdt-cell \"\n                                    data-cell-id=\"A10\"\n                data-col-index=\"0\"\n                data-row-index=\"9\"\n                style=\"                padding:10px;\"\n                >\n                                Normandie                <\/td>\n                                            <td class=\"wpdt-cell \"\n                                    data-cell-id=\"B10\"\n                data-col-index=\"1\"\n                data-row-index=\"9\"\n                style=\"                padding:10px;\"\n                >\n                                60\u20ac                <\/td>\n                                        <\/tr>\n                            <tr class=\"wpdt-cell-row \" >\n                            <td class=\"wpdt-cell \"\n                                    data-cell-id=\"A11\"\n                data-col-index=\"0\"\n                data-row-index=\"10\"\n                style=\"                padding:10px;\"\n                >\n                                Nouvelle-Aquitaine                <\/td>\n                                            <td class=\"wpdt-cell \"\n                                    data-cell-id=\"B11\"\n                data-col-index=\"1\"\n                data-row-index=\"10\"\n                style=\"                padding:10px;\"\n                >\n                                58\u20ac                <\/td>\n                                        <\/tr>\n                            <tr class=\"wpdt-cell-row \" >\n                            <td class=\"wpdt-cell \"\n                                    data-cell-id=\"A12\"\n                data-col-index=\"0\"\n                data-row-index=\"11\"\n                style=\"                padding:10px;\"\n                >\n                                Occitanie                <\/td>\n                                            <td class=\"wpdt-cell \"\n                                    data-cell-id=\"B12\"\n                data-col-index=\"1\"\n                data-row-index=\"11\"\n                style=\"                padding:10px;\"\n                >\n                                59,50\u20ac                <\/td>\n                                        <\/tr>\n                            <tr class=\"wpdt-cell-row \" >\n                            <td class=\"wpdt-cell \"\n                                    data-cell-id=\"A13\"\n                data-col-index=\"0\"\n                data-row-index=\"12\"\n                style=\"                padding:10px;\"\n                >\n                                Provence-Alpes-C\u00f4te d\u2019Azur (PACA)                <\/td>\n                                            <td class=\"wpdt-cell \"\n                                    data-cell-id=\"B13\"\n                data-col-index=\"1\"\n                data-row-index=\"12\"\n                style=\"                padding:10px;\"\n                >\n                                60\u20ac                <\/td>\n                                        <\/tr>\n                            <tr class=\"wpdt-cell-row \" >\n                            <td class=\"wpdt-cell \"\n                                    data-cell-id=\"A14\"\n                data-col-index=\"0\"\n                data-row-index=\"13\"\n                style=\"                padding:10px;\"\n                >\n                                Pays de la Loire                <\/td>\n                                            <td class=\"wpdt-cell \"\n                                    data-cell-id=\"B14\"\n                data-col-index=\"1\"\n                data-row-index=\"13\"\n                style=\"                padding:10px;\"\n                >\n                                51\u20ac                <\/td>\n                                        <\/tr>\n                            <tr class=\"wpdt-cell-row \" >\n                            <td class=\"wpdt-cell \"\n                                    data-cell-id=\"A15\"\n                data-col-index=\"0\"\n                data-row-index=\"14\"\n                style=\"                padding:10px;\"\n                >\n                                Guadeloupe                <\/td>\n                                            <td class=\"wpdt-cell \"\n                                    data-cell-id=\"B15\"\n                data-col-index=\"1\"\n                data-row-index=\"14\"\n                style=\"                padding:10px;\"\n                >\n                                41\u20ac                <\/td>\n                                        <\/tr>\n                            <tr class=\"wpdt-cell-row \" >\n                            <td class=\"wpdt-cell \"\n                                    data-cell-id=\"A16\"\n                data-col-index=\"0\"\n                data-row-index=\"15\"\n                style=\"                padding:10px;\"\n                >\n                                Guyane                <\/td>\n                                            <td class=\"wpdt-cell \"\n                                    data-cell-id=\"B16\"\n                data-col-index=\"1\"\n                data-row-index=\"15\"\n                style=\"                padding:10px;\"\n                >\n                                42,50 \u20ac                <\/td>\n                                        <\/tr>\n                            <tr class=\"wpdt-cell-row \" >\n                            <td class=\"wpdt-cell \"\n                                    data-cell-id=\"A17\"\n                data-col-index=\"0\"\n                data-row-index=\"16\"\n                style=\"                padding:10px;\"\n                >\n                                La R\u00e9union                <\/td>\n                                            <td class=\"wpdt-cell \"\n                                    data-cell-id=\"B17\"\n                data-col-index=\"1\"\n                data-row-index=\"16\"\n                style=\"                padding:10px;\"\n                >\n                                60\u20ac                <\/td>\n                                        <\/tr>\n                            <tr class=\"wpdt-cell-row \" >\n                            <td class=\"wpdt-cell \"\n                                    data-cell-id=\"A18\"\n                data-col-index=\"0\"\n                data-row-index=\"17\"\n                style=\"                padding:10px;\"\n                >\n                                Martinique                <\/td>\n                                            <td class=\"wpdt-cell \"\n                                    data-cell-id=\"B18\"\n                data-col-index=\"1\"\n                data-row-index=\"17\"\n                style=\"                padding:10px;\"\n                >\n                                53\u20ac                <\/td>\n                                        <\/tr>\n                            <tr class=\"wpdt-cell-row \" >\n                            <td class=\"wpdt-cell \"\n                                    data-cell-id=\"A19\"\n                data-col-index=\"0\"\n                data-row-index=\"18\"\n                style=\"                padding:10px;\"\n                >\n                                Mayotte                <\/td>\n                                            <td class=\"wpdt-cell \"\n                                    data-cell-id=\"B19\"\n                data-col-index=\"1\"\n                data-row-index=\"18\"\n                style=\"                padding:10px;\"\n                >\n                                30\u20ac                <\/td>\n                                        <\/tr>\n                    <\/table>\n<\/div><style id='wpdt-custom-style-611'>\n.wpdt-bc-F3F9FE { background-color: #F3F9FE !important;}\n<\/style>\n\n<h1>Le prix de la carte grise selon la date d\u2019immatriculation du v\u00e9hicule<\/h1>\n<h2>Quel est le prix de la carte grise pour un v\u00e9hicule neuf ?<\/h2>\n<p>Le co\u00fbt du certificat d&rsquo;immatriculation d\u2019un v\u00e9hicule neuf est calcul\u00e9 selon les <b>taxes correspondantes<\/b> au v\u00e9hicule. Pour un v\u00e9hicule dit classique, il faudra additionner le montant des taxes suivantes :<\/p>\n<ul>\n<li aria-level=\"1\">Taxe r\u00e9gionale,<\/li>\n<li aria-level=\"1\">Taxe fixe ou taxe de gestion,<\/li>\n<li aria-level=\"1\">Taxe CO2 ou malus \u00e9cologique<\/li>\n<li aria-level=\"1\">Redevance d\u2019acheminement.<\/li>\n<\/ul>\n<p>SI vous \u00eates propri\u00e9taire d\u2019un v\u00e9hicule \u00e9lectrique, hydrog\u00e8ne ou hybride, vous pouvez b\u00e9n\u00e9ficier d\u2019une<b> exon\u00e9ration<\/b>.<\/p>\n<h2>Quel est le prix de la carte grise pour v\u00e9hicule de plus de 10 ans ?<\/h2>\n<p>Les propri\u00e9taires de v\u00e9hicules de plus de 10 ans b\u00e9n\u00e9ficient <b>d\u2019une r\u00e9duction de 50 % sur la taxe r\u00e9gionale (Y.1<\/b>). En plus de cette \u00e9conomie, ces v\u00e9hicules sont \u00e9galement exon\u00e9r\u00e9s du <b>malus \u00e9cologique<\/b>.<\/p>\n<p>Ainsi, pour les voitures plus anciennes, le prix d\u2019immatriculation se compose essentiellement de la taxe r\u00e9gionale r\u00e9duite, de la taxe fixe (Y.4) de <b>11 \u20ac<\/b>, et de la redevance d\u2019acheminement (Y.5) de <b>2,76 \u20ac<\/b>.<\/p>\n<h1>Quelles sont les d\u00e9marches pour payer la carte grise ?<\/h1>\n<p>Le r\u00e8glement d\u2019une carte grise sur le site de l\u2019ANTS se fait exclusivement <b>en ligne et par carte bancaire<\/b>. Il n\u2019est pas possible d\u2019effectuer ce paiement par ch\u00e8que ou virement bancaire.<\/p>\n<p>Lors de la proc\u00e9dure, le demandeur doit saisir les informations de sa carte bancaire directement sur la plateforme s\u00e9curis\u00e9e de<b> l\u2019ANTS<\/b>, notamment :<\/p>\n<ul>\n<li aria-level=\"1\">Le num\u00e9ro de carte bancaire ;<\/li>\n<li aria-level=\"1\">La date d\u2019expiration ;<\/li>\n<li aria-level=\"1\">Le cryptogramme visuel (code de s\u00e9curit\u00e9 \u00e0 trois chiffres au dos de la carte).<\/li>\n<\/ul>\n<p>Une fois ces renseignements fournis, le paiement est enregistr\u00e9 et valid\u00e9.<\/p>\n<p>Il est important de noter que le r\u00e8glement peut \u00eatre effectu\u00e9 avec la carte bancaire d\u2019une autre personne, ce qui peut \u00eatre utile pour les mineurs souhaitant immatriculer un scooter ou une moto.<\/p>\n<h1>Quel est le co\u00fbt d\u2019une demande particuli\u00e8re pour la carte grise ?<\/h1>\n<h2>Combien co\u00fbte la demande de duplicata de carte grise ?<\/h2>\n<p>Le co\u00fbt d\u2019une demande de duplicata de carte grise d\u00e9pend selon le syst\u00e8me utilis\u00e9 pour l&rsquo;enregistrement du v\u00e9hicule. Si votre v\u00e9hicule a \u00e9t\u00e9 immatricul\u00e9 dans <b>l\u2019ancien syst\u00e8me FNI<\/b> (format 3 chiffres-2 lettres- 2 chiffres), vous devrez payer<b> 2,76\u20ac<\/b>.<\/p>\n<p>Si votre v\u00e9hicule est immatricul\u00e9 selon la nouvelle r\u00e9glementation <b>\u201csyst\u00e8me d\u2019immatriculation des v\u00e9hicules\u201d<\/b> (SIV), vous devrez payer la taxe fixe (11\u20ac) en plus des frais d\u2019envoi (2,76\u20ac). Vous payerez au total <b>13,76\u20ac<\/b>.<\/p>\n<h2>Combien co\u00fbte un changement d\u2019adresse sur une carte grise ?<\/h2>\n<p>Le co\u00fbt du changement d\u2019adresse sur carte grise d\u00e9pend lui aussi de l\u2019ancien ou nouveau syst\u00e8me d\u2019immatriculation. Vous devrez payer <b>2,76\u20ac de frais d\u2019envoi<\/b> si votre v\u00e9hicule est immatricul\u00e9 dans l\u2019ancien syst\u00e8me.<\/p>\n<p>Si il est enregistr\u00e9 selon le nouveau syst\u00e8me vous ne paierez rien. Les quatre premi\u00e8res demandes sont <b>gratuites<\/b>. Lors de votre 5\u00e8me demande, vous devrez payer la <b>redevance d\u2019acheminement de 2,76\u20ac<\/b>.<\/p>\n<h1>Comment payer sa carte grise en plusieurs fois ?<\/h1>\n<p>Il est impossible de r\u00e9gler une carte grise en plusieurs fois sur le site officiel de l\u2019ANTS, qui exige un paiement en <b>une seule transaction<\/b> et exclusivement par <b>carte bancaire<\/b>. Toutefois, certaines plateformes priv\u00e9es agr\u00e9\u00e9es proposent des solutions de paiement \u00e9chelonn\u00e9.<\/p>\n<p>Pour b\u00e9n\u00e9ficier d\u2019un paiement en trois fois, le montant de la demande doit \u00eatre compris entre <b>50 \u20ac et 3 000 \u20ac<\/b>. Le paiement en quatre fois, quant \u00e0 lui, est accessible pour des montants allant de <b>150 \u20ac \u00e0 4 000 \u20ac<\/b>. Dans les deux cas, seules les cartes bancaires sont accept\u00e9es, sous r\u00e9serve qu\u2019elles ne soient ni en cours d\u2019expiration dans les trois mois suivants ni soumises \u00e0 une autorisation syst\u00e9matique de la banque.<\/p>\n<div class='shortcode summary'><div class='title'>En r\u00e9sum\u00e9 :<\/div><div class='content'><ul><li>Le montant de la carte grise augmente \u00e0 partir du <b>1er mars 2026<\/b>.<\/li><li>Le montant du cheval fiscal passe de 57\u20ac \u00e0 <b>60\u20ac<\/b> , \u00e0 La R\u00e9union.<\/li><li>La carte grise est<b> obligatoire<\/b> pour conduire un v\u00e9hicule.<\/li><li><b>La taxe r\u00e9gionale<\/b> se calcule en multipliant le nombre de chevaux fiscaux par le tarif du cheval fiscal.<\/li><li>Le r\u00e8glement d\u2019une carte grise se fait exclusivement <b>en ligne et par carte bancaire<\/b>.<\/li><\/ul><\/div><\/div>\n<div class='cta-block'><div class='text'>Simulez toutes vos aides en 2 min.<\/div><a href='https:\/\/www.mes-allocs.fr\/ab-app?origin=guides\/wp-json\/wp\/v2\/posts\/92567' class='app-button fit'>Simulation gratuite<\/a><\/div>\n","protected":false},"excerpt":{"rendered":"<p>[Mis \u00e0 jour le 04\/03\/2026] Le prix de la carte grise augmente \u00e0 partir du 1er mars 2026. Le co\u00fbt de la carte grise varie selon la puissance du v\u00e9hicule et du territoire o\u00f9 il a \u00e9t\u00e9 immatricul\u00e9. Pour pallier l&rsquo;augmentation de la carte grise, vous pouvez vous tourner vers les aides \u00e0 la mobilit\u00e9. [&hellip;]<\/p>\n","protected":false},"author":32,"featured_media":92628,"comment_status":"open","ping_status":"open","sticky":false,"template":"","format":"standard","meta":{"amp_status":"","footnotes":""},"categories":[29],"tags":[],"class_list":["post-92567","post","type-post","status-publish","format-standard","has-post-thumbnail","hentry","category-aide-mobilite"],"yoast_head":"<!-- This site is optimized with the Yoast SEO plugin v14.9 - https:\/\/yoast.com\/wordpress\/plugins\/seo\/ -->\n<title>Prix carte grise 2026 : conditions, montants, d\u00e9marches | Mes-Allocs.fr<\/title>\n<meta name=\"description\" content=\"D\u00e9couvrez le prix d\u2019une carte grise en 2026. Mes Allocs vous explique les co\u00fbts selon le type de v\u00e9hicule et votre r\u00e9gion.\" \/>\n<meta name=\"robots\" content=\"index, follow, max-snippet:-1, max-image-preview:large, max-video-preview:-1\" \/>\n<link rel=\"canonical\" href=\"https:\/\/www.mes-allocs.fr\/guides\/aide-mobilite\/prix-carte-grise\/\" \/>\n<meta property=\"og:locale\" content=\"fr_FR\" \/>\n<meta property=\"og:type\" content=\"article\" \/>\n<meta property=\"og:title\" content=\"Prix carte grise 2026 : conditions, montants, d\u00e9marches | Mes-Allocs.fr\" \/>\n<meta property=\"og:description\" content=\"D\u00e9couvrez le prix d\u2019une carte grise en 2026. Mes Allocs vous explique les co\u00fbts selon le type de v\u00e9hicule et votre r\u00e9gion.\" \/>\n<meta property=\"og:url\" content=\"https:\/\/www.mes-allocs.fr\/guides\/aide-mobilite\/prix-carte-grise\/\" \/>\n<meta property=\"og:site_name\" content=\"Mes-Allocs.fr\" \/>\n<meta property=\"article:published_time\" content=\"2025-02-10T08:50:28+00:00\" \/>\n<meta property=\"article:modified_time\" content=\"2026-04-22T09:50:34+00:00\" \/>\n<meta property=\"og:image\" content=\"https:\/\/www.mes-allocs.fr\/guides\/wp-content\/uploads\/2025\/02\/road-6281973_1280.jpg?wsr\" \/>\n\t<meta property=\"og:image:width\" content=\"1280\" \/>\n\t<meta property=\"og:image:height\" content=\"853\" \/>\n<meta name=\"twitter:card\" content=\"summary_large_image\" \/>\n<script type=\"application\/ld+json\" class=\"yoast-schema-graph\">{\"@context\":\"https:\/\/schema.org\",\"@graph\":[{\"@type\":\"WebSite\",\"@id\":\"https:\/\/www.mes-allocs.fr\/guides\/#website\",\"url\":\"https:\/\/www.mes-allocs.fr\/guides\/\",\"name\":\"Mes-Allocs.fr\",\"description\":\"\",\"potentialAction\":[{\"@type\":\"SearchAction\",\"target\":\"https:\/\/www.mes-allocs.fr\/guides\/?s={search_term_string}\",\"query-input\":\"required name=search_term_string\"}],\"inLanguage\":\"fr-FR\"},{\"@type\":\"ImageObject\",\"@id\":\"https:\/\/www.mes-allocs.fr\/guides\/aide-mobilite\/prix-carte-grise\/#primaryimage\",\"inLanguage\":\"fr-FR\",\"url\":\"https:\/\/www.mes-allocs.fr\/guides\/wp-content\/uploads\/2025\/02\/road-6281973_1280.jpg?wsr\",\"width\":1280,\"height\":853,\"caption\":\"road\"},{\"@type\":\"WebPage\",\"@id\":\"https:\/\/www.mes-allocs.fr\/guides\/aide-mobilite\/prix-carte-grise\/#webpage\",\"url\":\"https:\/\/www.mes-allocs.fr\/guides\/aide-mobilite\/prix-carte-grise\/\",\"name\":\"Prix carte grise 2026 : conditions, montants, d\\u00e9marches | Mes-Allocs.fr\",\"isPartOf\":{\"@id\":\"https:\/\/www.mes-allocs.fr\/guides\/#website\"},\"primaryImageOfPage\":{\"@id\":\"https:\/\/www.mes-allocs.fr\/guides\/aide-mobilite\/prix-carte-grise\/#primaryimage\"},\"datePublished\":\"2025-02-10T08:50:28+00:00\",\"dateModified\":\"2026-04-22T09:50:34+00:00\",\"author\":{\"@id\":\"https:\/\/www.mes-allocs.fr\/guides\/#\/schema\/person\/d816df3fd89b867e748b96418f7d8196\"},\"description\":\"D\\u00e9couvrez le prix d\\u2019une carte grise en 2026. Mes Allocs vous explique les co\\u00fbts selon le type de v\\u00e9hicule et votre r\\u00e9gion.\",\"inLanguage\":\"fr-FR\"},{\"@type\":\"Person\",\"@id\":\"https:\/\/www.mes-allocs.fr\/guides\/#\/schema\/person\/d816df3fd89b867e748b96418f7d8196\",\"name\":\"A\\u00efda GHATTAS\",\"image\":{\"@type\":\"ImageObject\",\"@id\":\"https:\/\/www.mes-allocs.fr\/guides\/#personlogo\",\"inLanguage\":\"fr-FR\",\"url\":\"https:\/\/www.mes-allocs.fr\/guides\/wp-content\/uploads\/2025\/01\/id-photo-Aida-150x150.jpg\",\"caption\":\"A\\u00efda GHATTAS\"},\"description\":\"A\\u00efda est r\\u00e9dactrice web sp\\u00e9cialis\\u00e9e dans l'actualit\\u00e9, avec un int\\u00e9r\\u00eat particulier pour les aides financi\\u00e8res et dispositifs accessibles au grand public. Elle d\\u00e9crypte les mesures sociales, \\u00e9conomiques ou administratives, mais explore aussi d\\u2019autres th\\u00e9matiques li\\u00e9es \\u00e0 la vie quotidienne et aux droits des \\u00e9trangers, pour proposer une information claire, utile et toujours \\u00e0 jour. Elle rejoint Mes Allocs en 2025 apr\\u00e8s une premi\\u00e8re exp\\u00e9rience dans les t\\u00e9l\\u00e9communications.\",\"sameAs\":[\"https:\/\/www.linkedin.com\/in\/aidaghattas321\/\"]}]}<\/script>\n<!-- \/ Yoast SEO plugin. -->","amp_validity":null,"acf":{"faq":{"1":{"question":"Quel est le tarif de la carte grise par d\u00e9partement et r\u00e9gion ?","answer":"Le tarif de la carte grise d\u00e9pend de la r\u00e9gion ou du d\u00e9partement o\u00f9 vous r\u00e9sidez. Ces derniers fixent le tarif du cheval fiscal, un des \u00e9l\u00e9ments qui vous permet de conna\u00eetre le tarif de votre carte grise. \r\n\r\n"},"2":{"question":"Quel est le prix d'une carte grise d'une voiture de plus de 10 ans ?","answer":"Pour une voiture de plus de 10 ans, la taxe r\u00e9gionale est r\u00e9duite de moiti\u00e9, soit 21 \u20ac par cheval fiscal. Renseignez vous aupr\u00e8s de votre r\u00e9gion pour avoir les tarifs exacts. "},"3":{"question":"Quel est le prix de la carte grise pour un v\u00e9hicule de 11 CV ?","answer":"Vous devez prendre en compte la puissance fiscale de votre v\u00e9hicule et son \u00e2ge. Le prix de la carte grise d\u00e9pend de votre r\u00e9gion de r\u00e9sidence. "},"4":{"question":"Quand la carte grise est \u00e0 moiti\u00e9 prix ?","answer":"Si votre v\u00e9hicule a plus de 10 ans, vous pouvez b\u00e9n\u00e9ficier d'exon\u00e9ration sur la taxe r\u00e9gionale. "},"5":{"question":"C'est quoi le P2 sur une carte grise ?","answer":"Le champ P2  indique la puissance nette maximale en KW. Cette puissance donne des des indications les capacit\u00e9s d'acc\u00e9l\u00e9ration du v\u00e9hicule."},"6":{"question":"Quel est le prix de la carte grise pour un cheval fiscal ?","answer":"Le prix du cheval fiscal d\u00e9pend de chaque r\u00e9gion. C'est un des \u00e9l\u00e9ments qui vous permet de calculer le co\u00fbt de votre carte grise. "},"7":{"question":"","answer":""},"8":{"question":"","answer":""},"9":{"question":"","answer":""},"10":{"question":"","answer":""},"11":{"question":"","answer":""},"12":{"question":"","answer":""},"13":{"question":"","answer":""},"14":{"question":"","answer":""},"15":{"question":"","answer":""},"16":{"question":"","answer":""}}},"_links":{"self":[{"href":"https:\/\/www.mes-allocs.fr\/guides\/wp-json\/wp\/v2\/posts\/92567","targetHints":{"allow":["GET"]}}],"collection":[{"href":"https:\/\/www.mes-allocs.fr\/guides\/wp-json\/wp\/v2\/posts"}],"about":[{"href":"https:\/\/www.mes-allocs.fr\/guides\/wp-json\/wp\/v2\/types\/post"}],"author":[{"embeddable":true,"href":"https:\/\/www.mes-allocs.fr\/guides\/wp-json\/wp\/v2\/users\/32"}],"replies":[{"embeddable":true,"href":"https:\/\/www.mes-allocs.fr\/guides\/wp-json\/wp\/v2\/comments?post=92567"}],"version-history":[{"count":16,"href":"https:\/\/www.mes-allocs.fr\/guides\/wp-json\/wp\/v2\/posts\/92567\/revisions"}],"predecessor-version":[{"id":110135,"href":"https:\/\/www.mes-allocs.fr\/guides\/wp-json\/wp\/v2\/posts\/92567\/revisions\/110135"}],"wp:featuredmedia":[{"embeddable":true,"href":"https:\/\/www.mes-allocs.fr\/guides\/wp-json\/wp\/v2\/media\/92628"}],"wp:attachment":[{"href":"https:\/\/www.mes-allocs.fr\/guides\/wp-json\/wp\/v2\/media?parent=92567"}],"wp:term":[{"taxonomy":"category","embeddable":true,"href":"https:\/\/www.mes-allocs.fr\/guides\/wp-json\/wp\/v2\/categories?post=92567"},{"taxonomy":"post_tag","embeddable":true,"href":"https:\/\/www.mes-allocs.fr\/guides\/wp-json\/wp\/v2\/tags?post=92567"}],"curies":[{"name":"wp","href":"https:\/\/api.w.org\/{rel}","templated":true}]}}