{"id":92470,"date":"2025-02-06T11:52:59","date_gmt":"2025-02-06T09:52:59","guid":{"rendered":"https:\/\/www.mes-allocs.fr\/guides\/?p=92470"},"modified":"2026-04-22T10:50:35","modified_gmt":"2026-04-22T09:50:35","slug":"france-travail-rsa","status":"publish","type":"post","link":"https:\/\/www.mes-allocs.fr\/guides\/rsa\/france-travail-rsa\/","title":{"rendered":"Inscription \u00e0 France Travail pour les b\u00e9n\u00e9ficiaires du RSA en 2026"},"content":{"rendered":"<p><img loading=\"lazy\" decoding=\"async\" class=\"alignnone wp-image-92494 \" title=\"man\" src=\"https:\/\/www.mes-allocs.fr\/guides\/wp-content\/uploads\/2025\/02\/man-593333_1280-e1738773953109.jpg\" alt=\"man\" width=\"1393\" height=\"494\" srcset=\"https:\/\/www.mes-allocs.fr\/guides\/wp-content\/uploads\/2025\/02\/man-593333_1280-e1738773953109.jpg 1280w, https:\/\/www.mes-allocs.fr\/guides\/wp-content\/uploads\/2025\/02\/man-593333_1280-e1738773953109-300x106.jpg 300w, https:\/\/www.mes-allocs.fr\/guides\/wp-content\/uploads\/2025\/02\/man-593333_1280-e1738773953109-1024x363.jpg 1024w, https:\/\/www.mes-allocs.fr\/guides\/wp-content\/uploads\/2025\/02\/man-593333_1280-e1738773953109-768x272.jpg 768w, https:\/\/www.mes-allocs.fr\/guides\/wp-content\/uploads\/2025\/02\/man-593333_1280-e1738773953109-600x213.jpg 600w\" sizes=\"auto, (max-width: 1393px) 100vw, 1393px\" \/><\/p>\n<p>[Mis \u00e0 jour le 02\/04\/2026] En 2025, une nouvelle mesure de la r\u00e9forme du Revenu de Solidarit\u00e9 Active (<a href=\"https:\/\/www.mes-allocs.fr\/guides\/rsa\/\">RSA<\/a>) a \u00e9t\u00e9 entr\u00e9e en vigueur : tous les b\u00e9n\u00e9ficiaires du RSA sont automatiquement inscrits \u00e0 France Travail, anciennement P\u00f4le emploi. Cette mesure concerne aussi bien les personnes sans emploi que celles exer\u00e7ant une activit\u00e9 professionnelle. Mes Allocs vous en dit plus sur l&rsquo;<strong>inscription \u00e0 France Travail pour les b\u00e9n\u00e9ficiaires du RSA <\/strong>en 2026.<\/p>\n<div class='cta-block'><div class='text'>Simulez toutes vos aides en 2 min. <\/div><a href='https:\/\/www.mes-allocs.fr\/ab-app?origin=guides\/wp-json\/wp\/v2\/posts\/92470' class='app-button fit'>Simulation gratuite<\/a><\/div>\n<h1>B\u00e9n\u00e9ficiaires du RSA : une inscription \u00e0 France Travail obligatoire<\/h1>\n<h2>Pourquoi votre inscription \u00e0 France Travail est-elle obligatoire ?<\/h2>\n<p>L&rsquo;objectif principal de cette r\u00e9forme est de renforcer l&rsquo;accompagnement vers l&#8217;emploi des personnes percevant le RSA. Gr\u00e2ce \u00e0 cette inscription automatique, les b\u00e9n\u00e9ficiaires auront acc\u00e8s \u00e0 plusieurs services, notamment :<\/p>\n<ul>\n<li aria-level=\"1\">Des <b>ateliers <\/b>collectifs et des conseils personnalis\u00e9s pour la formation, la reconversion ou la cr\u00e9ation\/reprise d&rsquo;activit\u00e9.<\/li>\n<li aria-level=\"1\">Un <b>suivi individualis\u00e9<\/b> par un r\u00e9f\u00e9rent pour faciliter la recherche d&#8217;emploi et le d\u00e9veloppement des comp\u00e9tences.<\/li>\n<\/ul>\n<h2>Quelles obligations pour les b\u00e9n\u00e9ficiaires du RSA suite \u00e0 l&rsquo;inscription \u00e0 France Travail ?<\/h2>\n<p>En \u00e9tant inscrits \u00e0 France Travail, les b\u00e9n\u00e9ficiaires du RSA devront respecter certaines obligations :<\/p>\n<ul>\n<li aria-level=\"1\">Participer aux rendez-vous et aux actions d&rsquo;accompagnement propos\u00e9s.<\/li>\n<li aria-level=\"1\">Engager des d\u00e9marches pour trouver un emploi ou am\u00e9liorer leur employabilit\u00e9.<\/li>\n<li aria-level=\"1\">Informer France Travail de toute \u00e9volution de leur situation professionnelle.<\/li>\n<\/ul>\n<h2>Vous vivez en couple ? Votre conjoint(e) est aussi inscrit(e) \u00e0 France Travail<\/h2>\n<p>Le RSA \u00e9tant une aide attribu\u00e9e au <b>foyer<\/b>, si votre conjoint fait une demande de RSA et que celle-ci est accept\u00e9e, vous serez \u00e9galement inscrit(e) \u00e0 France Travail, sans d\u00e9marche suppl\u00e9mentaire. Vous recevrez un courrier ou un e-mail confirmant votre inscription ainsi que les informations n\u00e9cessaires pour acc\u00e9der \u00e0 votre espace personnel.<\/p>\n<p>Si vous ne vivez plus avec votre conjoint, il est essentiel de le d\u00e9clarer \u00e0 votre CAF ou \u00e0 votre MSA afin de mettre \u00e0 jour votre situation et d&rsquo;\u00e9viter une inscription non justifi\u00e9e.<\/p>\n<h1>Inscription \u00e0 France Travail des b\u00e9n\u00e9ficiaires du RSA : des d\u00e9marches sont-elles \u00e0 effectuer ?<\/h1>\n<h2>Inscription \u00e0 France Travail automatique<\/h2>\n<p>Toute personne b\u00e9n\u00e9ficiaire du RSA est automatiquement inscrite \u00e0 France Travail, sans aucune d\u00e9marche \u00e0 effectuer. Cette mesure s&rsquo;applique \u00e0 toutes les personnes percevant le RSA, qu&rsquo;elles soient sans emploi ou en activit\u00e9 professionnelle. L&rsquo;objectif de cette inscription est de faciliter l&rsquo;acc\u00e8s aux services d&rsquo;accompagnement et d&rsquo;aider \u00e0 une insertion professionnelle plus efficace.<\/p>\n<p><iframe loading=\"lazy\" title=\"Tout savoir sur le RSA !\" width=\"500\" height=\"281\" src=\"https:\/\/www.youtube.com\/embed\/JkfjfSBf7VE?feature=oembed\" frameborder=\"0\" allow=\"accelerometer; autoplay; clipboard-write; encrypted-media; gyroscope; picture-in-picture; web-share\" referrerpolicy=\"strict-origin-when-cross-origin\" allowfullscreen><\/iframe><\/p>\n<h2>Comment savoir si vous \u00eates bien inscrit \u00e0 France Travail ?<\/h2>\n<p>Une fois votre inscription effectu\u00e9e automatiquement, vous recevrez un <b>courrier <\/b>ou un <b>e-mail de confirmation<\/b> de la part de France Travail. Ce message contiendra les informations essentielles, notamment votre num\u00e9ro d&rsquo;identification ainsi que les instructions pour acc\u00e9der \u00e0 votre espace personnel.<\/p>\n<p>Si vous ne recevez pas cette confirmation, il est conseill\u00e9 de contacter France Travail ou de v\u00e9rifier votre espace personnel en ligne. Il est important de bien suivre cette proc\u00e9dure afin de b\u00e9n\u00e9ficier pleinement des services d&rsquo;accompagnement propos\u00e9s.<\/p>\n<h1>Inscription \u00e0 France Travail : des sp\u00e9cificit\u00e9s selon les allocataires du RSA<\/h1>\n<h2>B\u00e9n\u00e9ficiaires du RSA<\/h2>\n<p>Lors de votre <a href=\"https:\/\/www.mes-allocs.fr\/guides\/rsa\/demande-rsa\/\">demande de RSA<\/a>, vous et votre conjoint serez automatiquement inscrits \u00e0 France Travail. Cette inscription, obligatoire pour tous les b\u00e9n\u00e9ficiaires du RSA et leurs conjoints, s&rsquo;applique \u00e9galement aux personnes exer\u00e7ant une activit\u00e9 professionnelle.<\/p>\n<p>Une fois la demande effectu\u00e9e, vous devrez fournir des renseignements sur votre situation via un questionnaire en ligne sur le site de France Travail. Ces informations permettront de vous orienter vers l&rsquo;organisme d&rsquo;accompagnement le plus adapt\u00e9 \u00e0 votre profil. Selon votre lieu de r\u00e9sidence, un entretien suppl\u00e9mentaire pourra \u00eatre organis\u00e9 avec les services du conseil d\u00e9partemental ou un organisme mandat\u00e9.<\/p>\n<p>Ensuite, un bilan personnalis\u00e9 de votre situation sera r\u00e9alis\u00e9, suivi de la signature d&rsquo;un Contrat d&rsquo;engagement avec l&rsquo;organisme d&rsquo;accompagnement d\u00e9sign\u00e9. Celui-ci peut \u00eatre France Travail, le conseil d\u00e9partemental, une mission locale, Cap emploi ou tout autre organisme mandat\u00e9 par le conseil d\u00e9partemental.<\/p>\n<h2>B\u00e9n\u00e9ficiaires du RSA en activit\u00e9 professionnelle<\/h2>\n<p>M\u00eame si vous exercez une activit\u00e9 professionnelle, vous serez orient\u00e9 vers un organisme r\u00e9f\u00e9rent adapt\u00e9 \u00e0 votre situation. Vous b\u00e9n\u00e9ficierez d&rsquo;un bilan personnalis\u00e9 permettant de d\u00e9finir un accompagnement sur mesure.<\/p>\n<p>Cet accompagnement peut inclure des actions pour favoriser votre \u00e9volution professionnelle : formation, acquisition de nouvelles comp\u00e9tences, reconversion ou encore soutien \u00e0 la cr\u00e9ation d&rsquo;entreprise. Il peut \u00e9galement vous aider \u00e0 surmonter des obstacles li\u00e9s \u00e0 votre situation personnelle, comme les probl\u00e8mes de logement, de transport ou de garde d&rsquo;enfants, qui pourraient freiner votre progression professionnelle.<\/p>\n<div class='cta-block'><div class='text'>Simulez toutes vos aides en 2 min. <\/div><a href='https:\/\/www.mes-allocs.fr\/ab-app?origin=guides\/wp-json\/wp\/v2\/posts\/92470' class='app-button fit'>Simulation gratuite<\/a><\/div>\n<h1>Quels sont les avantages d&rsquo;une inscription \u00e0 France Travail pour les b\u00e9n\u00e9ficiaires du RSA ?<\/h1>\n<p>L&rsquo;inscription automatique \u00e0 France Travail permet aux b\u00e9n\u00e9ficiaires du RSA d&rsquo;acc\u00e9der plus facilement aux <b>allocations <\/b>ch\u00f4mage, sous r\u00e9serve de remplir les conditions d&rsquo;\u00e9ligibilit\u00e9. En \u00e9tant inscrit, vous pourrez b\u00e9n\u00e9ficier d&rsquo;un accompagnement dans votre recherche d&#8217;emploi et, en cas de perte ou de cessation d&rsquo;activit\u00e9, vous aurez un acc\u00e8s simplifi\u00e9 aux<b> dispositifs d&rsquo;indemnisation.<\/b><\/p>\n<h1>Quel est l&rsquo;impact de l&rsquo;inscription \u00e0 France Travail pour les b\u00e9n\u00e9ficiaires du RSA ?<\/h1>\n<h2>Impact de l&rsquo;inscription \u00e0 France Travail sur le versement et le montant du RSA<\/h2>\n<p>L&rsquo;inscription automatique \u00e0 France Travail n&rsquo;a <b>aucun impact <\/b>sur le versement ni sur le <a href=\"https:\/\/www.mes-allocs.fr\/guides\/rsa\/montant-rsa\">montant du RSA<\/a>. Les b\u00e9n\u00e9ficiaires continueront \u00e0 percevoir leur allocation de la m\u00eame mani\u00e8re, sans modification du calcul effectu\u00e9 par la CAF. Cette inscription vise uniquement \u00e0 offrir un accompagnement vers l&#8217;emploi, sans condition suppl\u00e9mentaire pour le maintien du RSA.<\/p>\n<h2>Impact de ce changement sur la d\u00e9claration trimestrielle de ressources<\/h2>\n<p>Les b\u00e9n\u00e9ficiaires du RSA <b>doivent toujours effectuer leur d\u00e9claration trimestrielle de ressources<\/b> aupr\u00e8s de la CAF pour garantir le maintien de leurs droits. L&rsquo;inscription \u00e0 France Travail ne dispense pas de cette obligation de <a href=\"https:\/\/www.mes-allocs.fr\/guides\/rsa\/rsa-declaration-trimestrielle\/\">d\u00e9claration trimestrielle pour les b\u00e9n\u00e9ficiaires du RSA<\/a> . De plus,<b> tout changement de situation<\/b> (emploi, d\u00e9m\u00e9nagement, situation familiale)<b> doit \u00eatre signal\u00e9<\/b> dans l&rsquo;espace personnel Mon Compte pour \u00e9viter toute interruption ou modification du RSA. Les b\u00e9n\u00e9ficiaires actuels du RSA seront \u00e9galement inscrits \u00e0 France Travail au cours du premier semestre 2025.<\/p>\n<h1>Quels sont les autres mesures suite \u00e0 la r\u00e9forme du RSA ?<\/h1>\n<p>La r\u00e9forme du RSA en 2025 vise une orientation plus rapide des b\u00e9n\u00e9ficiaires vers un organisme r\u00e9f\u00e9rent. Actuellement, <b>18 % des allocataires ne sont pas orient\u00e9s<\/b>, et ceux qui le sont <b>attendent en moyenne trois mois<\/b> avant d\u2019\u00eatre pris en charge. D\u00e9sormais, cette orientation sera syst\u00e9matique d\u00e8s l\u2019inscription et bas\u00e9e sur des crit\u00e8res unifi\u00e9s entre les organismes d\u2019accompagnement. L\u2019objectif est de r\u00e9duire les d\u00e9lais d\u2019entr\u00e9e en parcours et d\u2019adapter l\u2019orientation aux besoins sp\u00e9cifiques des demandeurs.<\/p>\n<p>Par ailleurs, un <b>contrat d\u2019engagement <\/b>personnalis\u00e9 est \u00e0 signer entre le b\u00e9n\u00e9ficiaire et l\u2019organisme r\u00e9f\u00e9rent. Il pr\u00e9cise les obligations du demandeur d\u2019emploi et les engagements de l\u2019organisme, incluant un accompagnement adapt\u00e9, des solutions pour lever les freins \u00e0 l\u2019emploi et des \u00e9changes r\u00e9guliers. Ce contrat d\u00e9finit \u00e9galement l\u2019intensit\u00e9 de l\u2019accompagnement et le nombre d\u2019heures d\u2019activit\u00e9s hebdomadaires requises, avec des ajustements possibles selon la situation individuelle du b\u00e9n\u00e9ficiaire.<\/p>\n<div class='cta-block'><div class='text'>Simulez toutes vos aides en 2 min. <\/div><a href='https:\/\/www.mes-allocs.fr\/ab-app?origin=guides\/wp-json\/wp\/v2\/posts\/92470' class='app-button fit'>Simulation gratuite<\/a><\/div>\n","protected":false},"excerpt":{"rendered":"<p>[Mis \u00e0 jour le 02\/04\/2026] En 2025, une nouvelle mesure de la r\u00e9forme du Revenu de Solidarit\u00e9 Active (RSA) a \u00e9t\u00e9 entr\u00e9e en vigueur : tous les b\u00e9n\u00e9ficiaires du RSA sont automatiquement inscrits \u00e0 France Travail, anciennement P\u00f4le emploi. Cette mesure concerne aussi bien les personnes sans emploi que celles exer\u00e7ant une activit\u00e9 professionnelle. Mes [&hellip;]<\/p>\n","protected":false},"author":32,"featured_media":92495,"comment_status":"open","ping_status":"open","sticky":false,"template":"","format":"standard","meta":{"amp_status":"","footnotes":""},"categories":[14],"tags":[],"class_list":["post-92470","post","type-post","status-publish","format-standard","has-post-thumbnail","hentry","category-rsa"],"yoast_head":"<!-- This site is optimized with the Yoast SEO plugin v14.9 - https:\/\/yoast.com\/wordpress\/plugins\/seo\/ -->\n<title>Inscription \u00e0 France Travail pour les b\u00e9n\u00e9ficiaires du RSA en 2026 | Mes-Allocs.fr<\/title>\n<meta name=\"description\" content=\"Tous les b\u00e9n\u00e9ficiaires du RSA sont automatiquement inscrits \u00e0 France Travail. D\u00e9couvrez les changements et leurs cons\u00e9quences.\" \/>\n<meta name=\"robots\" content=\"index, follow, max-snippet:-1, max-image-preview:large, max-video-preview:-1\" \/>\n<link rel=\"canonical\" href=\"https:\/\/www.mes-allocs.fr\/guides\/rsa\/france-travail-rsa\/\" \/>\n<meta property=\"og:locale\" content=\"fr_FR\" \/>\n<meta property=\"og:type\" content=\"article\" \/>\n<meta property=\"og:title\" content=\"Inscription \u00e0 France Travail pour les b\u00e9n\u00e9ficiaires du RSA en 2026 | Mes-Allocs.fr\" \/>\n<meta property=\"og:description\" content=\"Tous les b\u00e9n\u00e9ficiaires du RSA sont automatiquement inscrits \u00e0 France Travail. D\u00e9couvrez les changements et leurs cons\u00e9quences.\" \/>\n<meta property=\"og:url\" content=\"https:\/\/www.mes-allocs.fr\/guides\/rsa\/france-travail-rsa\/\" \/>\n<meta property=\"og:site_name\" content=\"Mes-Allocs.fr\" \/>\n<meta property=\"article:published_time\" content=\"2025-02-06T09:52:59+00:00\" \/>\n<meta property=\"article:modified_time\" content=\"2026-04-22T09:50:35+00:00\" \/>\n<meta property=\"og:image\" content=\"https:\/\/www.mes-allocs.fr\/guides\/wp-content\/uploads\/2025\/02\/telework-6795505_1280-e1738774002444.jpg?wsr\" \/>\n\t<meta property=\"og:image:width\" content=\"924\" \/>\n\t<meta property=\"og:image:height\" content=\"854\" \/>\n<meta name=\"twitter:card\" content=\"summary_large_image\" \/>\n<script type=\"application\/ld+json\" class=\"yoast-schema-graph\">{\"@context\":\"https:\/\/schema.org\",\"@graph\":[{\"@type\":\"WebSite\",\"@id\":\"https:\/\/www.mes-allocs.fr\/guides\/#website\",\"url\":\"https:\/\/www.mes-allocs.fr\/guides\/\",\"name\":\"Mes-Allocs.fr\",\"description\":\"\",\"potentialAction\":[{\"@type\":\"SearchAction\",\"target\":\"https:\/\/www.mes-allocs.fr\/guides\/?s={search_term_string}\",\"query-input\":\"required name=search_term_string\"}],\"inLanguage\":\"fr-FR\"},{\"@type\":\"ImageObject\",\"@id\":\"https:\/\/www.mes-allocs.fr\/guides\/rsa\/france-travail-rsa\/#primaryimage\",\"inLanguage\":\"fr-FR\",\"url\":\"https:\/\/www.mes-allocs.fr\/guides\/wp-content\/uploads\/2025\/02\/telework-6795505_1280-e1738774002444.jpg?wsr\",\"width\":924,\"height\":854,\"caption\":\"telework\"},{\"@type\":\"WebPage\",\"@id\":\"https:\/\/www.mes-allocs.fr\/guides\/rsa\/france-travail-rsa\/#webpage\",\"url\":\"https:\/\/www.mes-allocs.fr\/guides\/rsa\/france-travail-rsa\/\",\"name\":\"Inscription \\u00e0 France Travail pour les b\\u00e9n\\u00e9ficiaires du RSA en 2026 | Mes-Allocs.fr\",\"isPartOf\":{\"@id\":\"https:\/\/www.mes-allocs.fr\/guides\/#website\"},\"primaryImageOfPage\":{\"@id\":\"https:\/\/www.mes-allocs.fr\/guides\/rsa\/france-travail-rsa\/#primaryimage\"},\"datePublished\":\"2025-02-06T09:52:59+00:00\",\"dateModified\":\"2026-04-22T09:50:35+00:00\",\"author\":{\"@id\":\"https:\/\/www.mes-allocs.fr\/guides\/#\/schema\/person\/d816df3fd89b867e748b96418f7d8196\"},\"description\":\"Tous les b\\u00e9n\\u00e9ficiaires du RSA sont automatiquement inscrits \\u00e0 France Travail. D\\u00e9couvrez les changements et leurs cons\\u00e9quences.\",\"inLanguage\":\"fr-FR\"},{\"@type\":\"Person\",\"@id\":\"https:\/\/www.mes-allocs.fr\/guides\/#\/schema\/person\/d816df3fd89b867e748b96418f7d8196\",\"name\":\"A\\u00efda GHATTAS\",\"image\":{\"@type\":\"ImageObject\",\"@id\":\"https:\/\/www.mes-allocs.fr\/guides\/#personlogo\",\"inLanguage\":\"fr-FR\",\"url\":\"https:\/\/www.mes-allocs.fr\/guides\/wp-content\/uploads\/2025\/01\/id-photo-Aida-150x150.jpg\",\"caption\":\"A\\u00efda GHATTAS\"},\"description\":\"A\\u00efda est r\\u00e9dactrice web sp\\u00e9cialis\\u00e9e dans l'actualit\\u00e9, avec un int\\u00e9r\\u00eat particulier pour les aides financi\\u00e8res et dispositifs accessibles au grand public. Elle d\\u00e9crypte les mesures sociales, \\u00e9conomiques ou administratives, mais explore aussi d\\u2019autres th\\u00e9matiques li\\u00e9es \\u00e0 la vie quotidienne et aux droits des \\u00e9trangers, pour proposer une information claire, utile et toujours \\u00e0 jour. Elle rejoint Mes Allocs en 2025 apr\\u00e8s une premi\\u00e8re exp\\u00e9rience dans les t\\u00e9l\\u00e9communications.\",\"sameAs\":[\"https:\/\/www.linkedin.com\/in\/aidaghattas321\/\"]}]}<\/script>\n<!-- \/ Yoast SEO plugin. -->","amp_validity":null,"acf":{"faq":{"1":{"question":"Quelle est la loi pour toucher le RSA ?","answer":"Tous les b\u00e9n\u00e9ficiaires du RSA sont automatiquement inscrits \u00e0 France Travail et doivent suivre un parcours d'insertion."},"2":{"question":"Puis-je toucher le RSA si je travaille ?","answer":"Oui, il est possible de cumuler le RSA avec un emploi si vos revenus ne d\u00e9passent pas un certain plafond"},"3":{"question":"Est-ce obligatoire d'\u00eatre inscrit \u00e0 P\u00f4le emploi pour toucher le RSA ?","answer":"Oui, l'inscription \u00e0 France Travail (ex-P\u00f4le emploi) est d\u00e9sormais obligatoire pour tous les b\u00e9n\u00e9ficiaires du RSA."},"4":{"question":"Quel salaire pour ne pas perdre le RSA ?","answer":"Le montant maximal de salaire d\u00e9pend de la composition du foyer, mais il doit rester inf\u00e9rieur au seuil de ressources fix\u00e9 par la CAF."},"5":{"question":"Quel montant \u00e0 ne pas d\u00e9passer pour toucher le RSA ?","answer":"En 2026, le plafond de ressources est d\u2019environ 651,69 \u20ac par mois pour une personne seule, mais il varie selon la situation familiale."},"6":{"question":"Quel a \u00e9t\u00e9 le changement pour le RSA en 2025 ?","answer":"La principale r\u00e9forme a impos\u00e9 un accompagnement renforc\u00e9 avec des heures d\u2019activit\u00e9 obligatoires pour les b\u00e9n\u00e9ficiaires, sous peine de sanctions."},"7":{"question":"","answer":""},"8":{"question":"","answer":""},"9":{"question":"","answer":""},"10":{"question":"","answer":""},"11":{"question":"","answer":""},"12":{"question":"","answer":""},"13":{"question":"","answer":""},"14":{"question":"","answer":""},"15":{"question":"","answer":""},"16":{"question":"","answer":""}}},"_links":{"self":[{"href":"https:\/\/www.mes-allocs.fr\/guides\/wp-json\/wp\/v2\/posts\/92470","targetHints":{"allow":["GET"]}}],"collection":[{"href":"https:\/\/www.mes-allocs.fr\/guides\/wp-json\/wp\/v2\/posts"}],"about":[{"href":"https:\/\/www.mes-allocs.fr\/guides\/wp-json\/wp\/v2\/types\/post"}],"author":[{"embeddable":true,"href":"https:\/\/www.mes-allocs.fr\/guides\/wp-json\/wp\/v2\/users\/32"}],"replies":[{"embeddable":true,"href":"https:\/\/www.mes-allocs.fr\/guides\/wp-json\/wp\/v2\/comments?post=92470"}],"version-history":[{"count":15,"href":"https:\/\/www.mes-allocs.fr\/guides\/wp-json\/wp\/v2\/posts\/92470\/revisions"}],"predecessor-version":[{"id":111409,"href":"https:\/\/www.mes-allocs.fr\/guides\/wp-json\/wp\/v2\/posts\/92470\/revisions\/111409"}],"wp:featuredmedia":[{"embeddable":true,"href":"https:\/\/www.mes-allocs.fr\/guides\/wp-json\/wp\/v2\/media\/92495"}],"wp:attachment":[{"href":"https:\/\/www.mes-allocs.fr\/guides\/wp-json\/wp\/v2\/media?parent=92470"}],"wp:term":[{"taxonomy":"category","embeddable":true,"href":"https:\/\/www.mes-allocs.fr\/guides\/wp-json\/wp\/v2\/categories?post=92470"},{"taxonomy":"post_tag","embeddable":true,"href":"https:\/\/www.mes-allocs.fr\/guides\/wp-json\/wp\/v2\/tags?post=92470"}],"curies":[{"name":"wp","href":"https:\/\/api.w.org\/{rel}","templated":true}]}}