{"id":92430,"date":"2025-02-06T11:37:13","date_gmt":"2025-02-06T09:37:13","guid":{"rendered":"https:\/\/www.mes-allocs.fr\/guides\/?p=92430"},"modified":"2026-04-22T10:50:35","modified_gmt":"2026-04-22T09:50:35","slug":"emplois-en-europe","status":"publish","type":"post","link":"https:\/\/www.mes-allocs.fr\/guides\/aide-par-situation\/aide-jeune\/1jeune1solution\/emplois-en-europe\/","title":{"rendered":"Emplois en Europe : nouveau service d\u20191jeune1solution"},"content":{"rendered":"<p><img loading=\"lazy\" decoding=\"async\" class=\"alignnone wp-image-92481 size-full\" title=\"dream job\" src=\"https:\/\/www.mes-allocs.fr\/guides\/wp-content\/uploads\/2025\/02\/dream-job-2904780_1280-e1738773078599.jpg\" alt=\"dream job\" width=\"1280\" height=\"454\" srcset=\"https:\/\/www.mes-allocs.fr\/guides\/wp-content\/uploads\/2025\/02\/dream-job-2904780_1280-e1738773078599.jpg 1280w, https:\/\/www.mes-allocs.fr\/guides\/wp-content\/uploads\/2025\/02\/dream-job-2904780_1280-e1738773078599-300x106.jpg 300w, https:\/\/www.mes-allocs.fr\/guides\/wp-content\/uploads\/2025\/02\/dream-job-2904780_1280-e1738773078599-1024x363.jpg 1024w, https:\/\/www.mes-allocs.fr\/guides\/wp-content\/uploads\/2025\/02\/dream-job-2904780_1280-e1738773078599-768x272.jpg 768w, https:\/\/www.mes-allocs.fr\/guides\/wp-content\/uploads\/2025\/02\/dream-job-2904780_1280-e1738773078599-600x213.jpg 600w\" sizes=\"auto, (max-width: 1280px) 100vw, 1280px\" \/>La recherche d\u2019un emploi \u00e0 l\u2019international peut repr\u00e9senter un d\u00e9fi pour de nombreux jeunes. Afin de faciliter l\u2019acc\u00e8s aux opportunit\u00e9s professionnelles en Europe, le gouvernement a lanc\u00e9 le service <b>Emplois en Europe<\/b> via la plateforme 1jeune1solution. Ce dispositif propose des\u00a0<a href=\"https:\/\/www.mes-allocs.fr\/guides\/aide-par-situation\/\">aides selon la situation<\/a> de chaque jeune et vise \u00e0 encourager la mobilit\u00e9 professionnelle en proposant des milliers d\u2019offres d\u2019emploi, de stages et de formations dans l\u2019ensemble de l\u2019Union Europ\u00e9enne. Gr\u00e2ce \u00e0 des programmes comme EURES et Erasmus+, les jeunes b\u00e9n\u00e9ficient d\u2019un accompagnement et d\u2019aides financi\u00e8res pour concr\u00e9tiser leur projet professionnel \u00e0 l\u2019\u00e9tranger. D\u00e9couvrez comment utiliser cette plateforme et les dispositifs qui facilitent l\u2019emploi en Europe.<\/p>\n<div class='cta-block'><div class='text'>Simulez toutes vos aides en 2 min. <\/div><a href='https:\/\/www.mes-allocs.fr\/ab-app?origin=guides\/wp-json\/wp\/v2\/posts\/92430' class='app-button fit'>Simulation gratuite<\/a><\/div>\n<h1>Qu\u2019est-ce que \u201cEmplois en Europe\u201d de 1jeune1solution ?<\/h1>\n<h2>Qu\u2019est-ce que 1jeune1solution ?<\/h2>\n<p>Le plan <a href=\"https:\/\/www.mes-allocs.fr\/guides\/aide-par-situation\/aide-jeune\/1jeune1solution\/\"><b>1 jeune 1 solution<\/b><\/a> a \u00e9t\u00e9 mis en place pour accompagner les jeunes dans leur insertion professionnelle en leur proposant diverses opportunit\u00e9s adapt\u00e9es \u00e0 leur situation. Il repose sur plusieurs dispositifs, tels que des aides \u00e0 l\u2019embauche, des formations, un accompagnement personnalis\u00e9 et un soutien financier pour ceux en difficult\u00e9. L\u2019objectif principal est d\u2019assurer \u00e0 chaque jeune un acc\u00e8s facilit\u00e9 \u00e0 l\u2019emploi ou \u00e0 une formation, afin qu\u2019aucun ne soit laiss\u00e9 de c\u00f4t\u00e9. Pour cela, l\u2019\u00c9tat a allou\u00e9 un budget de <b>6,7 milliards d\u2019euros<\/b>, permettant de soutenir environ <b>750 000 jeunes<\/b> dans leur acc\u00e8s au march\u00e9 du travail.<\/p>\n<h2>Qu\u2019est-ce que le service \u201cEmplois en Europe\u201d ?<\/h2>\n<p>Le service <strong>Emplois<\/strong><b> en Europe <\/b>est une plateforme d\u00e9di\u00e9e \u00e0 la recherche d\u2019opportunit\u00e9s professionnelles \u00e0 travers l\u2019Union Europ\u00e9enne. Avec plus de <b>2 millions d\u2019offres<\/b>, il facilite l\u2019acc\u00e8s des jeunes \u00e0 l\u2019emploi tout en promouvant la mobilit\u00e9 internationale. Destin\u00e9 aux <b>moins de 30 ans<\/b>, il s\u2019adresse \u00e0 ceux en qu\u00eate d\u2019un premier emploi, d\u2019un stage ou d\u2019une exp\u00e9rience professionnelle \u00e0 l\u2019\u00e9tranger. Cette initiative r\u00e9pond \u00e0 une forte demande de mobilit\u00e9, comme en t\u00e9moigne une \u00e9tude Erasmus+ r\u00e9v\u00e9lant que <b>80 % des \u00e9tudiants<\/b> estiment avoir am\u00e9lior\u00e9 leurs comp\u00e9tences professionnelles gr\u00e2ce \u00e0 une exp\u00e9rience \u00e0 l\u2019\u00e9tranger.<\/p>\n<h2>Qui est concern\u00e9 par Emplois en Europe ?<\/h2>\n<p>Le service \u00ab\u00a0Emplois en Europe\u00a0\u00bb s\u2019adresse aux jeunes souhaitant travailler dans un pays de l\u2019Union Europ\u00e9enne. Il concerne :<\/p>\n<ul>\n<li aria-level=\"1\"><b>Les jeunes de moins de 30 ans<\/b> souhaitant une exp\u00e9rience professionnelle \u00e0 l\u2019\u00e9tranger.<\/li>\n<li aria-level=\"1\">Les \u00e9tudiants et jeunes dipl\u00f4m\u00e9s \u00e0 la recherche d\u2019un stage ou d\u2019un premier emploi en Europe.<\/li>\n<li aria-level=\"1\">Les demandeurs d\u2019emploi d\u00e9sireux d\u2019\u00e9largir leurs opportunit\u00e9s en explorant le march\u00e9 europ\u00e9en.<\/li>\n<li aria-level=\"1\">Les apprentis et alternants cherchant une formation en entreprise hors de leur pays d\u2019origine.<\/li>\n<li aria-level=\"1\">Les jeunes en reconversion professionnelle souhaitant acqu\u00e9rir de nouvelles comp\u00e9tences \u00e0 l\u2019international.<\/li>\n<\/ul>\n<h2>Quels sont les objectifs de la plateforme \u201cEmplois en Europe\u201d ?<\/h2>\n<p>Le service <b>\u00ab\u00a0Emplois en Europe\u00a0\u00bb<\/b> poursuit plusieurs objectifs, \u00e0 la fois professionnels et personnels, pour accompagner les jeunes dans leur parcours.<\/p>\n<ul>\n<li aria-level=\"1\"><b>Offrir un acc\u00e8s simplifi\u00e9 aux offres d\u2019emploi en Europe<\/b> : gr\u00e2ce \u00e0 une plateforme intuitive, les jeunes peuvent explorer un large \u00e9ventail d\u2019opportunit\u00e9s adapt\u00e9es \u00e0 leurs ambitions.<\/li>\n<li aria-level=\"1\"><b>Favoriser la mobilit\u00e9 internationale<\/b> : en facilitant l\u2019int\u00e9gration professionnelle dans diff\u00e9rents pays europ\u00e9ens, le service encourage l\u2019\u00e9change et l\u2019ouverture culturelle.<\/li>\n<\/ul>\n<p><b>Renforcer les comp\u00e9tences professionnelles et interculturelles<\/b> : une exp\u00e9rience \u00e0 l\u2019\u00e9tranger permet de d\u00e9velopper des aptitudes techniques, linguistiques et culturelles, essentielles pour \u00e9voluer dans un environnement de travail international.<\/p>\n<div class='cta-block'><div class='text'>Simulez toutes vos aides en 2 min. <\/div><a href='https:\/\/www.mes-allocs.fr\/ab-app?origin=guides\/wp-json\/wp\/v2\/posts\/92430' class='app-button fit'>Simulation gratuite<\/a><\/div>\n<h1>Comment utiliser Emplois en Europe ?<\/h1>\n<p>Acc\u00e9der aux offres d\u2019emploi en Europe est simple et se fait en quelques \u00e9tapes via la plateforme <b>1jeune1solution<\/b> :<\/p>\n<ul>\n<li aria-level=\"1\"><b>Se connecter \u00e0 la plateforme<\/b> : Rendez-vous sur <b>1jeune1solution<\/b> et acc\u00e9dez \u00e0 la section d\u00e9di\u00e9e aux offres d\u2019emploi.<\/li>\n<li aria-level=\"1\"><b>Naviguer vers les opportunit\u00e9s europ\u00e9ennes<\/b> : Dans le menu, s\u00e9lectionnez <b>\u00ab\u00a0Offres\u00a0\u00bb<\/b>, puis cliquez sur <b>\u00ab\u00a0Emplois en Europe\u00a0\u00bb<\/b>.<\/li>\n<li aria-level=\"1\"><b>Personnaliser sa recherche<\/b> : Affinez les r\u00e9sultats en utilisant les filtres disponibles (m\u00e9tier, secteur d\u2019activit\u00e9, pays, type de contrat, temps de travail, etc.).<\/li>\n<li aria-level=\"1\"><b>Explorer les offres<\/b> : Parcourez les opportunit\u00e9s propos\u00e9es dans plus de <b>20 secteurs professionnels<\/b> (agriculture, finance, transport, \u00e9ducation, etc.).<\/li>\n<li aria-level=\"1\"><b>S\u00e9lectionner une offre<\/b> : Cliquez sur l\u2019annonce pour obtenir tous les d\u00e9tails concernant le poste.<\/li>\n<li aria-level=\"1\"><b>Postuler en ligne<\/b> : Une fois l\u2019offre choisie, suivez le lien vers la plateforme <b>EURES<\/b> pour d\u00e9poser votre candidature dans la langue d\u2019origine de l\u2019annonce.<\/li>\n<\/ul>\n<h1>Quels sont les dispositifs propos\u00e9s par \u201cEmplois en Europe\u201d ?<\/h1>\n<h2>Le programme de mobilit\u00e9 cibl\u00e9e EURES<\/h2>\n<p>Le programme de mobilit\u00e9 cibl\u00e9e EURES propose un accompagnement personnalis\u00e9 aux personnes souhaitant travailler, se former ou effectuer un apprentissage dans un autre pays de l\u2019Union Europ\u00e9enne, en Norv\u00e8ge ou en Islande. Il vise \u00e0 faciliter la mobilit\u00e9 professionnelle en r\u00e9duisant les obstacles rencontr\u00e9s par les chercheurs d\u2019emploi. Ce dispositif b\u00e9n\u00e9ficie \u00e9galement aux employeurs en qu\u00eate de candidats qualifi\u00e9s et motiv\u00e9s. Pour soutenir cette d\u00e9marche, des aides financi\u00e8res sont propos\u00e9es afin de couvrir certaines d\u00e9penses, telles que les cours de langue, la reconnaissance des dipl\u00f4mes, ainsi que les frais li\u00e9s au voyage et \u00e0 l\u2019installation dans le pays d\u2019accueil.<\/p>\n<h2>Le programme ERASMUS+<\/h2>\n<p>Le programme Erasmus+ offre aux demandeurs d\u2019emploi une opportunit\u00e9 de stage en Europe, d\u2019une dur\u00e9e de 2 \u00e0 6 mois, au sein d\u2019une entreprise, d\u2019une association ou d\u2019une autre organisation professionnelle. Il comprend un soutien logistique pour la recherche de stage et d\u2019h\u00e9bergement, ainsi qu\u2019une pr\u00e9paration au d\u00e9part, avec des informations sur les conditions de vie et de travail. Des aides financi\u00e8res couvrent les frais de voyage et d\u2019h\u00e9bergement, et les demandeurs d\u2019emploi \u00e9ligibles peuvent conserver leur indemnisation ch\u00f4mage. Le programme propose \u00e9galement une formation linguistique via la plateforme OLS et d\u00e9livre l\u2019Europass Mobilit\u00e9 pour attester des comp\u00e9tences acquises.<\/p>\n<div class='cta-block'><div class='text'>Simulez toutes vos aides en 2 min. <\/div><a href='https:\/\/www.mes-allocs.fr\/ab-app?origin=guides\/wp-json\/wp\/v2\/posts\/92430' class='app-button fit'>Simulation gratuite<\/a><\/div>\n","protected":false},"excerpt":{"rendered":"<p>La recherche d\u2019un emploi \u00e0 l\u2019international peut repr\u00e9senter un d\u00e9fi pour de nombreux jeunes. Afin de faciliter l\u2019acc\u00e8s aux opportunit\u00e9s professionnelles en Europe, le gouvernement a lanc\u00e9 le service Emplois en Europe via la plateforme 1jeune1solution. Ce dispositif propose des\u00a0aides selon la situation de chaque jeune et vise \u00e0 encourager la mobilit\u00e9 professionnelle en proposant [&hellip;]<\/p>\n","protected":false},"author":32,"featured_media":92483,"comment_status":"open","ping_status":"open","sticky":false,"template":"","format":"standard","meta":{"amp_status":"","footnotes":""},"categories":[43764,17712,14320],"tags":[],"class_list":["post-92430","post","type-post","status-publish","format-standard","has-post-thumbnail","hentry","category-1jeune1solution","category-aide-jeune","category-aide-par-situation"],"yoast_head":"<!-- This site is optimized with the Yoast SEO plugin v14.9 - https:\/\/yoast.com\/wordpress\/plugins\/seo\/ -->\n<title>Emplois en Europe : nouveau service d\u20191jeune1solution | Mes-Allocs.fr<\/title>\n<meta name=\"description\" content=\"D\u00e9couvrez &quot;Emplois en Europe&quot;, le nouveau service de 1jeune1solution qui facilite l\u2019acc\u00e8s aux offres d\u2019emploi, stages et formations dans l\u2019UE.\" \/>\n<meta name=\"robots\" content=\"index, follow, max-snippet:-1, max-image-preview:large, max-video-preview:-1\" \/>\n<link rel=\"canonical\" href=\"https:\/\/www.mes-allocs.fr\/guides\/aide-par-situation\/aide-jeune\/1jeune1solution\/emplois-en-europe\/\" \/>\n<meta property=\"og:locale\" content=\"fr_FR\" \/>\n<meta property=\"og:type\" content=\"article\" \/>\n<meta property=\"og:title\" content=\"Emplois en Europe : nouveau service d\u20191jeune1solution | Mes-Allocs.fr\" \/>\n<meta property=\"og:description\" content=\"D\u00e9couvrez &quot;Emplois en Europe&quot;, le nouveau service de 1jeune1solution qui facilite l\u2019acc\u00e8s aux offres d\u2019emploi, stages et formations dans l\u2019UE.\" \/>\n<meta property=\"og:url\" content=\"https:\/\/www.mes-allocs.fr\/guides\/aide-par-situation\/aide-jeune\/1jeune1solution\/emplois-en-europe\/\" \/>\n<meta property=\"og:site_name\" content=\"Mes-Allocs.fr\" \/>\n<meta property=\"article:published_time\" content=\"2025-02-06T09:37:13+00:00\" \/>\n<meta property=\"article:modified_time\" content=\"2026-04-22T09:50:35+00:00\" \/>\n<meta property=\"og:image\" content=\"https:\/\/www.mes-allocs.fr\/guides\/wp-content\/uploads\/2025\/02\/europe-155191_1280.png?wsr\" \/>\n\t<meta property=\"og:image:width\" content=\"1280\" \/>\n\t<meta property=\"og:image:height\" content=\"850\" \/>\n<meta name=\"twitter:card\" content=\"summary_large_image\" \/>\n<script type=\"application\/ld+json\" class=\"yoast-schema-graph\">{\"@context\":\"https:\/\/schema.org\",\"@graph\":[{\"@type\":\"WebSite\",\"@id\":\"https:\/\/www.mes-allocs.fr\/guides\/#website\",\"url\":\"https:\/\/www.mes-allocs.fr\/guides\/\",\"name\":\"Mes-Allocs.fr\",\"description\":\"\",\"potentialAction\":[{\"@type\":\"SearchAction\",\"target\":\"https:\/\/www.mes-allocs.fr\/guides\/?s={search_term_string}\",\"query-input\":\"required name=search_term_string\"}],\"inLanguage\":\"fr-FR\"},{\"@type\":\"ImageObject\",\"@id\":\"https:\/\/www.mes-allocs.fr\/guides\/aide-par-situation\/aide-jeune\/1jeune1solution\/emplois-en-europe\/#primaryimage\",\"inLanguage\":\"fr-FR\",\"url\":\"https:\/\/www.mes-allocs.fr\/guides\/wp-content\/uploads\/2025\/02\/europe-155191_1280.png?wsr\",\"width\":1280,\"height\":850,\"caption\":\"europe\"},{\"@type\":\"WebPage\",\"@id\":\"https:\/\/www.mes-allocs.fr\/guides\/aide-par-situation\/aide-jeune\/1jeune1solution\/emplois-en-europe\/#webpage\",\"url\":\"https:\/\/www.mes-allocs.fr\/guides\/aide-par-situation\/aide-jeune\/1jeune1solution\/emplois-en-europe\/\",\"name\":\"Emplois en Europe : nouveau service d\\u20191jeune1solution | Mes-Allocs.fr\",\"isPartOf\":{\"@id\":\"https:\/\/www.mes-allocs.fr\/guides\/#website\"},\"primaryImageOfPage\":{\"@id\":\"https:\/\/www.mes-allocs.fr\/guides\/aide-par-situation\/aide-jeune\/1jeune1solution\/emplois-en-europe\/#primaryimage\"},\"datePublished\":\"2025-02-06T09:37:13+00:00\",\"dateModified\":\"2026-04-22T09:50:35+00:00\",\"author\":{\"@id\":\"https:\/\/www.mes-allocs.fr\/guides\/#\/schema\/person\/d816df3fd89b867e748b96418f7d8196\"},\"description\":\"D\\u00e9couvrez \\\"Emplois en Europe\\\", le nouveau service de 1jeune1solution qui facilite l\\u2019acc\\u00e8s aux offres d\\u2019emploi, stages et formations dans l\\u2019UE.\",\"inLanguage\":\"fr-FR\"},{\"@type\":\"Person\",\"@id\":\"https:\/\/www.mes-allocs.fr\/guides\/#\/schema\/person\/d816df3fd89b867e748b96418f7d8196\",\"name\":\"A\\u00efda GHATTAS\",\"image\":{\"@type\":\"ImageObject\",\"@id\":\"https:\/\/www.mes-allocs.fr\/guides\/#personlogo\",\"inLanguage\":\"fr-FR\",\"url\":\"https:\/\/www.mes-allocs.fr\/guides\/wp-content\/uploads\/2025\/01\/id-photo-Aida-150x150.jpg\",\"caption\":\"A\\u00efda GHATTAS\"},\"description\":\"A\\u00efda est r\\u00e9dactrice web sp\\u00e9cialis\\u00e9e dans l'actualit\\u00e9, avec un int\\u00e9r\\u00eat particulier pour les aides financi\\u00e8res et dispositifs accessibles au grand public. Elle d\\u00e9crypte les mesures sociales, \\u00e9conomiques ou administratives, mais explore aussi d\\u2019autres th\\u00e9matiques li\\u00e9es \\u00e0 la vie quotidienne et aux droits des \\u00e9trangers, pour proposer une information claire, utile et toujours \\u00e0 jour. Elle rejoint Mes Allocs en 2025 apr\\u00e8s une premi\\u00e8re exp\\u00e9rience dans les t\\u00e9l\\u00e9communications.\",\"sameAs\":[\"https:\/\/www.linkedin.com\/in\/aidaghattas321\/\"]}]}<\/script>\n<!-- \/ Yoast SEO plugin. -->","amp_validity":null,"acf":{"faq":{"1":{"question":"Qui peut b\u00e9n\u00e9ficier du service \"Emplois en Europe\" ?","answer":"Le service s\u2019adresse aux jeunes de moins de 30 ans, qu\u2019ils soient \u00e9tudiants, jeunes dipl\u00f4m\u00e9s, demandeurs d\u2019emploi ou en reconversion professionnelle, souhaitant travailler ou effectuer un stage en Europe."},"2":{"question":" Faut-il parler une langue \u00e9trang\u00e8re pour postuler ?","answer":"La ma\u00eetrise d\u2019une langue \u00e9trang\u00e8re peut \u00eatre un atout, mais certaines offres ne l\u2019exigent pas. Des aides, comme les cours de langue via Erasmus+, sont disponibles pour am\u00e9liorer son niveau."},"3":{"question":"Comment postuler \u00e0 une offre d\u2019emploi sur la plateforme ?","answer":"Il suffit de se rendre sur 1jeune1solution, de s\u00e9lectionner \"Emplois en Europe\", d\u2019affiner sa recherche, puis de postuler via la plateforme EURES dans la langue de l\u2019annonce."},"4":{"question":"Existe-t-il des aides financi\u00e8res pour partir travailler en Europe ?","answer":"Oui, des dispositifs comme EURES et Erasmus+ proposent des aides pour couvrir les frais de voyage, d\u2019h\u00e9bergement et de formation, selon l\u2019\u00e9ligibilit\u00e9 du candidat."},"5":{"question":"","answer":""},"6":{"question":"","answer":""},"7":{"question":"","answer":""},"8":{"question":"","answer":""},"9":{"question":"","answer":""},"10":{"question":"","answer":""},"11":{"question":"","answer":""},"12":{"question":"","answer":""},"13":{"question":"","answer":""},"14":{"question":"","answer":""},"15":{"question":"","answer":""},"16":{"question":"","answer":""}}},"_links":{"self":[{"href":"https:\/\/www.mes-allocs.fr\/guides\/wp-json\/wp\/v2\/posts\/92430","targetHints":{"allow":["GET"]}}],"collection":[{"href":"https:\/\/www.mes-allocs.fr\/guides\/wp-json\/wp\/v2\/posts"}],"about":[{"href":"https:\/\/www.mes-allocs.fr\/guides\/wp-json\/wp\/v2\/types\/post"}],"author":[{"embeddable":true,"href":"https:\/\/www.mes-allocs.fr\/guides\/wp-json\/wp\/v2\/users\/32"}],"replies":[{"embeddable":true,"href":"https:\/\/www.mes-allocs.fr\/guides\/wp-json\/wp\/v2\/comments?post=92430"}],"version-history":[{"count":7,"href":"https:\/\/www.mes-allocs.fr\/guides\/wp-json\/wp\/v2\/posts\/92430\/revisions"}],"predecessor-version":[{"id":99141,"href":"https:\/\/www.mes-allocs.fr\/guides\/wp-json\/wp\/v2\/posts\/92430\/revisions\/99141"}],"wp:featuredmedia":[{"embeddable":true,"href":"https:\/\/www.mes-allocs.fr\/guides\/wp-json\/wp\/v2\/media\/92483"}],"wp:attachment":[{"href":"https:\/\/www.mes-allocs.fr\/guides\/wp-json\/wp\/v2\/media?parent=92430"}],"wp:term":[{"taxonomy":"category","embeddable":true,"href":"https:\/\/www.mes-allocs.fr\/guides\/wp-json\/wp\/v2\/categories?post=92430"},{"taxonomy":"post_tag","embeddable":true,"href":"https:\/\/www.mes-allocs.fr\/guides\/wp-json\/wp\/v2\/tags?post=92430"}],"curies":[{"name":"wp","href":"https:\/\/api.w.org\/{rel}","templated":true}]}}