{"id":9228,"date":"2020-08-10T12:31:07","date_gmt":"2020-08-10T12:31:07","guid":{"rendered":"https:\/\/www.mes-allocs.fr\/guides\/?p=9228"},"modified":"2026-04-07T14:14:56","modified_gmt":"2026-04-07T13:14:56","slug":"plafond-cpf","status":"publish","type":"post","link":"https:\/\/www.mes-allocs.fr\/guides\/aide-formation\/compte-personnel-formation-cpf\/plafond-cpf\/","title":{"rendered":"Plafond CPF : quels sont les montants \u00e0 ne pas d\u00e9passer ?"},"content":{"rendered":"<div id=\"extrares\">\n<div id=\"botstuff\">\n<div data-ved=\"2ahUKEwj7-tjs0rnqAhUOzIUKHS00BdAQCHoECA4QMQ\">\n<div id=\"brs\" data-hveid=\"CAsQAA\">\n<div class=\"card-section\">\n<div class=\"brs_col\">\n<p><a href=\"https:\/\/www.mes-allocs.fr\/guides\/wp-content\/uploads\/2020\/08\/workplace-1245776_1280.jpg\"><img loading=\"lazy\" decoding=\"async\" class=\"aligncenter wp-image-13795 size-full\" src=\"https:\/\/www.mes-allocs.fr\/guides\/wp-content\/uploads\/2020\/08\/workplace-1245776_1280-e1603208540563.jpg\" alt=\"Plafond CPF : quels sont les montants \u00e0 ne pas d\u00e9passer ?\" width=\"1280\" height=\"476\" srcset=\"https:\/\/www.mes-allocs.fr\/guides\/wp-content\/uploads\/2020\/08\/workplace-1245776_1280-e1603208540563.jpg 1280w, https:\/\/www.mes-allocs.fr\/guides\/wp-content\/uploads\/2020\/08\/workplace-1245776_1280-e1603208540563-300x112.jpg 300w, https:\/\/www.mes-allocs.fr\/guides\/wp-content\/uploads\/2020\/08\/workplace-1245776_1280-e1603208540563-1024x381.jpg 1024w, https:\/\/www.mes-allocs.fr\/guides\/wp-content\/uploads\/2020\/08\/workplace-1245776_1280-e1603208540563-768x286.jpg 768w, https:\/\/www.mes-allocs.fr\/guides\/wp-content\/uploads\/2020\/08\/workplace-1245776_1280-e1603208540563-600x223.jpg 600w\" sizes=\"auto, (max-width: 1280px) 100vw, 1280px\" \/><\/a><\/p>\n<p>[Mis \u00e0 jour le 03\/04\/2026]<strong><a href=\"https:\/\/www.mes-allocs.fr\/guides\/aide-formation\/compte-personnel-formation-cpf\/\" target=\"_blank\" rel=\"noopener noreferrer\"> Le compte personnel formation (CPF)<\/a> est aliment\u00e9 chaque ann\u00e9e gr\u00e2ce \u00e0 vos heures travaill\u00e9es, et converties en euros depuis le 1er janvier 2019. En revanche, vous n&rsquo;\u00eates pas en mesure de cumuler des sommes importantes. D\u00e8s lors, quel est le plafond CPF exact ? Mes Allocs vous explique.<\/strong><\/p>\n<div class='cta-block'><div class='text'>Simulez toutes vos aides en 2 min.<\/div><a href='https:\/\/www.mes-allocs.fr\/ab-app?origin=guides\/wp-json\/wp\/v2\/posts\/9228' class='app-button fit'>Simulation gratuite<\/a><\/div>\n<\/div>\n<\/div>\n<h1>Les abondements suppl\u00e9mentaires sont-ils soumis au plafond ?<\/h1>\n<\/div>\n<div id=\"brs\" data-hveid=\"CAsQAA\">\n<p>Si votre formation ne peut \u00eatre prise en charge \u00e0 l&rsquo;aide des heures acquises sur votre CPF, vous pouvez avoir recours \u00e0 des abondements. Ce sont des sommes qui vont venir compl\u00e9ter le montant dont vous avez besoin.<\/p>\n<p>Ce dispositif est fix\u00e9 par l&rsquo;article L.6323-15. En outre, <strong>il peut prendre 3 formes<\/strong> :<\/p>\n<ul>\n<li>accord d\u2019entreprise ou\u00a0de groupe,<\/li>\n<li>accord de branche,<\/li>\n<li>accord conclu par les fondateurs d\u2019un OPCA interprofessionnel.<\/li>\n<\/ul>\n<p><strong>Ils ne sont pas pris en compte dans le plafond de droits, qu&rsquo;il soit de :<\/strong><\/p>\n<ul>\n<li><strong>5.000\u20ac<\/strong><\/li>\n<li><strong>ou 8.000\u20ac.<\/strong><\/li>\n<\/ul>\n<p><strong>Depuis 2019, vous pouvez compl\u00e9ter vous-m\u00eame votre financement si le montant CPF est insuffisant.<\/strong><\/p>\n<p><iframe loading=\"lazy\" title=\"Les aides \u00e0 la formation\" width=\"500\" height=\"281\" src=\"https:\/\/www.youtube.com\/embed\/gs3ZRHqtzmY?feature=oembed\" frameborder=\"0\" allow=\"accelerometer; autoplay; clipboard-write; encrypted-media; gyroscope; picture-in-picture; web-share\" referrerpolicy=\"strict-origin-when-cross-origin\" allowfullscreen><\/iframe><\/p>\n<h1 class=\"fittexted_for_content_h3\">Qui assure le financement des abondements compl\u00e9mentaires ?<\/h1>\n<p>Tel qu&rsquo;expliqu\u00e9 ci-dessus, vous pouvez avoir acc\u00e8s \u00e0 des financements suppl\u00e9mentaires si votre CPF est insuffisant. C&rsquo;est l&rsquo;article L.6323-4 qui fixe cette disposition : \u00ab\u00a0<em>Lorsque la dur\u00e9e de cette formation est sup\u00e9rieure au nombre d\u2019heures inscrites sur le compte, celui-ci peut faire l\u2019objet, \u00e0 la demande de son titulaire, d\u2019abondements en heures compl\u00e9mentaires pour assurer le financement de cette formation<\/em>\u00ab\u00a0.<\/p>\n<ol>\n<li>L\u2019employeur.<\/li>\n<li>Vous.<\/li>\n<li>Un OPCA.<\/li>\n<li>Un OPACIF.<\/li>\n<li>L\u2019organisme qui g\u00e8re le compte personnel de pr\u00e9vention de la p\u00e9nibilit\u00e9.<\/li>\n<li>L\u2019\u00c9tat.<\/li>\n<li>Les r\u00e9gions.<\/li>\n<li>P\u00f4le emploi.<\/li>\n<li>AGEFIPH.<\/li>\n<\/ol>\n<p>Attention, toutefois, une\u00a0<a href=\"https:\/\/www.mes-allocs.fr\/guides\/aide-formation\/compte-personnel-formation-cpf\/participation-forfaitaire-cpf\/\">participation financi\u00e8re de 150\u20ac<\/a> vous est demand\u00e9e depuis le 2 avril 2026 si vous souhaitez mobiliser votre CPF (sauf pour certains publics comme les demandeurs d\u2019emploi).<\/p>\n<h1>\u00c0 combien s&rsquo;\u00e9l\u00e8ve le plafond du CPF pour les personnes en ESAT ?<\/h1>\n<p>Vous b\u00e9n\u00e9ficiez d&rsquo;un CPF si vous avez :<\/p>\n<ul>\n<li>moins de 16 ans,<\/li>\n<li>\u00eates admis en ESAT,<\/li>\n<li>et avez conclu un contrat de soutien et d\u2019aide par le travail.<\/li>\n<\/ul>\n<p>Le montant annuel que vous pouvez acqu\u00e9rir est major\u00e9 <strong>\u00e0 800\u20ac par ann\u00e9e d\u2019admission.<\/strong> Et ce, \u00e0 temps plein ou \u00e0 temps partiel. <strong>Le plafond, lui, est fix\u00e9 \u00e0 8.000\u20ac.<\/strong><\/p>\n<\/div>\n<div itemscope itemtype=\"http:\/\/schema.org\/Table\"><p itemprop=\"about\"><strong>Fonction publique : quel est le plafond fix\u00e9 pour les formations propos\u00e9es ?<\/strong><\/p>\n<table style=\"border-collapse: collapse; width: 100.664%; height: 524px;\">\n<tbody>\n<tr style=\"height: 48px;\">\n<td style=\"width: 30.4606%; height: 48px; background-color: #d8e6f2; border: 1px solid black; text-align: center;\"><strong>Minist\u00e8re<\/strong><\/td>\n<td style=\"width: 28.183%; height: 48px; background-color: #d8e6f2; border: 1px solid black; text-align: center;\"><strong>Plafond (en euros)<\/strong><\/td>\n<\/tr>\n<tr style=\"height: 24px;\">\n<td style=\"width: 30.4606%; height: 78px; border: 1px solid black; text-align: center;\">Services du Premier Ministre<\/td>\n<td style=\"width: 28.183%; height: 78px; border: 1px solid black; text-align: center;\"><span class=\"prix\">24\u00a0\u20ac<\/span> par heure de formation cr\u00e9dit\u00e9e sur le CPF<\/td>\n<\/tr>\n<tr style=\"height: 65px;\">\n<td style=\"width: 30.4606%; border: 1px solid black; text-align: center; height: 65px;\">Minist\u00e8re des arm\u00e9es<\/td>\n<td style=\"width: 28.183%; border: 1px solid black; text-align: center; height: 65px;\">\n<ul>\n<li><span class=\"prix\">1.500\u00a0\u20ac<\/span> par agent et par an<\/li>\n<li><span class=\"prix\" style=\"font-family: inherit; font-size: inherit;\">4000\u00a0\u20ac<\/span><span style=\"font-family: inherit; font-size: inherit;\"> par an pour un agent de cat\u00e9gorie C<\/span><\/li>\n<\/ul>\n<\/td>\n<\/tr>\n<tr style=\"height: 24px;\">\n<td style=\"width: 30.4606%; height: 84px; border: 1px solid black; text-align: center;\">Minist\u00e8res sociaux<\/td>\n<td style=\"width: 28.183%; height: 84px; border: 1px solid black; text-align: center;\"><span class=\"prix\">3000\u00a0\u20ac<\/span> pour un projet d&rsquo;\u00e9volution professionnelle<\/td>\n<\/tr>\n<tr style=\"height: 24px;\">\n<td style=\"width: 30.4606%; border: 1px solid black; text-align: center; height: 94px;\"><span style=\"font-weight: 400;\"> Minist\u00e8re de l&rsquo;int\u00e9rieur<\/span><\/td>\n<td style=\"width: 28.183%; border: 1px solid black; text-align: center; height: 94px;\"><span style=\"font-weight: 400;\"><span class=\"prix\">15\u00a0\u20ac<\/span> par heure de formation acquise sur le CPF\u00a0<\/span><\/td>\n<\/tr>\n<tr style=\"height: 75px;\">\n<td style=\"width: 30.4606%; border: 1px solid black; text-align: center; height: 75px;\"><span style=\"font-weight: 400;\">Minist\u00e8re de l&rsquo;agriculture et de l&rsquo;alimentation<\/span><\/td>\n<td style=\"width: 28.183%; border: 1px solid black; text-align: center; height: 75px;\"><span style=\"font-weight: 400;\"><span class=\"prix\">3.500\u00a0\u20ac<\/span> par demande d&rsquo;utilisation du CPF<\/span><\/td>\n<\/tr>\n<tr style=\"height: 80px;\">\n<td style=\"width: 30.4606%; border: 1px solid black; text-align: center; height: 80px;\"><span style=\"font-weight: 400;\">Conseil d&rsquo;\u00c9tat et Cour nationale du droit d&rsquo;asile<\/span><\/td>\n<td style=\"width: 28.183%; border: 1px solid black; text-align: center; height: 80px;\">1<span class=\"prix\">5\u00a0\u20ac<\/span> par heure de formation <span style=\"font-weight: 400;\">acquise<\/span> sur le CPF dans la limite de <span class=\"prix\">1.500\u00a0\u20ac<\/span> par an par formation<\/td>\n<\/tr>\n<\/tbody>\n<\/table>\n<p><span style=\"font-weight: 400;\"><\/div><\/span><\/p>\n<\/div>\n<h1 class=\"Uo8X3b\">Le CPF existe-il pour les employ\u00e9s de la fonction publique ?<\/h1>\n<div id=\"intro\" class=\"lead\">\n<p>Les agents de la fonction publique de l&rsquo;\u00c9tat (FPE) disposent d&rsquo;un cr\u00e9dit annuel d&rsquo;heures de formation professionnelle : c&rsquo;est le CPF. Ici encore, ces heures ont pour objectif de favoriser :<\/p>\n<ul>\n<li>l&rsquo;acquisition d&rsquo;un dipl\u00f4me, d&rsquo;un titre ou d&rsquo;un certificat de qualification professionnelle,<\/li>\n<li>ou le d\u00e9veloppement de comp\u00e9tences dans le cadre d&rsquo;un projet d&rsquo;\u00e9volution professionnelle.<\/li>\n<\/ul>\n<p>Par ailleurs, ce <a href=\"https:\/\/www.mes-allocs.fr\/guides\/aide-formation\/compte-personnel-formation-cpf\/cpf-de-transition\/\" target=\"_blank\" rel=\"noopener noreferrer\">projet d&rsquo;\u00e9volution professionnelle<\/a> peut se d\u00e9velopper dans le cadre :<\/p>\n<\/div>\n<div class=\"fiche-item\">\n<div id=\"fiche-item-1\" class=\"fiche-item-content collapse in\" aria-hidden=\"false\">\n<ul>\n<li>de la pr\u00e9paration d&rsquo;une future mobilit\u00e9,<\/li>\n<li>d&rsquo;une promotion,<\/li>\n<li>ou d&rsquo;une reconversion professionnelle.<\/li>\n<\/ul>\n<h1>Comment sont comptabilis\u00e9es les heures pour les agents de la fonction publique ?<\/h1>\n<div class=\"card-section\">\n<div class=\"LGOjhe\" role=\"heading\" aria-level=\"3\" data-attrid=\"wa:\/description\" data-hveid=\"CAwQAw\"><span class=\"ILfuVd\"><span class=\"e24Kjd\">La r\u00e9forme de la formation (loi n\u00b02019-828 du 6 ao\u00fbt 2019 de transformation de la <b>fonction publique)<\/b> a confirm\u00e9 que la conversion en euros des droits ne concerne pas les agents <b>publics.<\/b> Leurs droits restent donc comptabilis\u00e9s en heures.<\/span><\/span><\/div>\n<\/div>\n<div role=\"heading\" aria-level=\"3\" data-attrid=\"wa:\/description\" data-hveid=\"CAwQAw\">\n<div class=\"question-response hero-chapeau-second\">\n<div class=\"clearfix text-formatted field field--name-field-body field--type-text-long field--label-hidden field__item\">\n<p class=\"text-align-justify\">En outre, pour un travail \u00e0 mi-temps ou plus, votre compte sera aliment\u00e9 :<\/p>\n<ul>\n<li class=\"text-align-justify\">\u00e0 hauteur de 24 heures maximum par an, dans la limite d\u2019un plafond de 120 heures;<\/li>\n<li class=\"text-align-justify\">puis 12 heures jusqu\u2019\u00e0 un plafond total de 150 heures.<\/li>\n<\/ul>\n<p class=\"text-align-justify\"><strong>Or, pour un temps non complet (moins de 35 heures par semaine), vos droits sont calcul\u00e9s au prorata.<\/strong><\/p>\n<p class=\"text-align-justify\"><strong>Attention :<\/strong> si vous \u00eates un agent de cat\u00e9gorie C, sans dipl\u00f4me ou avec uniquement le dipl\u00f4me national du brevet, vous disposez de 48 heures par an. Et ce, dans la limite d&rsquo;un plafond global de 400 heures.<\/p>\n<\/div>\n<\/div>\n<\/div>\n<div class=\"fiche-item\">\n<h1>Quels agents de la fonction publique sont \u00e9ligibles au CPF ?<\/h1>\n<\/div>\n<div class=\"fiche-item\">\n<div id=\"fiche-item-2\" class=\"fiche-item-content collapse in\" aria-hidden=\"false\">\n<ul>\n<li>fonctionnaires (dont stagiaires),<\/li>\n<li>contractuels<\/li>\n<li>et ouvriers d&rsquo;\u00c9tat.<\/li>\n<\/ul>\n<\/div>\n<\/div>\n<\/div>\n<\/div>\n<div data-ved=\"2ahUKEwj7-tjs0rnqAhUOzIUKHS00BdAQCHoECA4QMQ\">\n<div id=\"brs\" data-hveid=\"CAsQAA\">\n<div class=\"card-section\">\n<div class=\"brs_col\">\n<h1><b>Je souhaite conna\u00eetre mes heures de dif : comment proc\u00e9der ?<\/b><\/h1>\n<p>Afin de conna\u00eetre votre solde d\u2019heures de DIF (droit individuel \u00e0 la formation dif), vous avez deux possibilit\u00e9s :<\/p>\n<div class=\"col-md-8 col-md-offset-2\">\n<div class=\"article-detail__content-block-1__inner\">\n<ul>\n<li><strong>demandez \u00e0 votre\u00a0service RH.\u00a0<\/strong><\/li>\n<li><strong>r\u00e9f\u00e9rez-vous \u00e0 votre bulletin de salaire de janvier<\/strong>. En effet, le solde d\u2019heures de formation restant est indiqu\u00e9 une fois par an sur le bulletin de salaire.<\/li>\n<\/ul>\n<p>Si vous faites une demande de formation \u00e0 travers votre CPF (nouveau CPF), vos heures de DIF disponibles seront celles utilis\u00e9es en premier lieu.<em><strong><br \/>\n<\/strong><\/em><\/p>\n<p>Par ailleurs, les heures que vous avez r\u00e9cemment acquises peuvent s&rsquo;ajouter au solde d&rsquo;heures de DIF. Et ce, dans la limite d\u2019un plafond de 150 heures.<\/p>\n<p>\u00c0 noter que ce solde peut \u00eatre compl\u00e9t\u00e9 (sous certaines conditions) par :<\/p>\n<ul>\n<li><strong>l\u2019entreprise elle-m\u00eame.<\/strong><\/li>\n<li><strong>un organisme financeur.<\/strong><\/li>\n<\/ul>\n<\/div>\n<\/div>\n<h1>Peut-on annuler une formation CPF ?<\/h1>\n<p>Rendez-vous sur votre espace num\u00e9rique CPF. Il sera alors recr\u00e9dit\u00e9 des droits CPF utillis\u00e9s.<\/p>\n<p>En outre, suite \u00e0 la crise sanitaire, le minist\u00e8re du Travail a d\u00e9clar\u00e9 que \u00ab\u00a0les personnes ayant financ\u00e9es une partie du montant de la formation par du reste \u00e0 charge, seront rembours\u00e9es du montant int\u00e9gral\u00a0\u00bb. Il a publi\u00e9 un questions\/r\u00e9ponses sur MonCompteFormation.<\/p>\n<p>Par ailleurs, dans le m\u00eame contexte, les annulations effectu\u00e9es depuis le 12 mars 2020 sont consid\u00e9r\u00e9es comme des cas de force majeure. <strong>\u00c0 noter qu&rsquo;elles ne sont pas automatiques.<\/strong><\/p>\n<\/div>\n<div class=\"brs_col\">\n<h1>De quelle fa\u00e7on les heures s&rsquo;accumulent-elles sur le CPF ?<\/h1>\n<p>Le Compte personnel de formation (CPF) accumule les heures \u00e0 hauteur de <a href=\"https:\/\/www.mes-allocs.fr\/guides\/aide-formation\/compte-personnel-formation-cpf\/compteur-cpf\/\" target=\"_blank\" rel=\"noopener noreferrer\">500\u20ac par ann\u00e9e de travail<\/a>. Et ce, dans la limite d\u2019un plafond de 5 000\u20ac au titre des activit\u00e9s professionnelles exerc\u00e9es l&rsquo;ann\u00e9e pr\u00e9c\u00e9dente (2024 pour 2025).<\/p>\n<p><span style=\"text-decoration: underline;\"><strong>Attention :<\/strong><\/span> si vous \u00eates travailleur ind\u00e9pendant et n\u2019avez pas exerc\u00e9 d&rsquo;activit\u00e9 au titre d\u2019une ann\u00e9e enti\u00e8re, vos droits CPF sont calcul\u00e9s au prorata du temps d\u2019exercice de l\u2019activit\u00e9 au cours de l\u2019ann\u00e9e.<\/p>\n<h1>Quand le CPF est-il aliment\u00e9 ?<\/h1>\n<\/div>\n<div class=\"brs_col\">\n<p>C&rsquo;est au terme de chaque ann\u00e9e (le 31 d\u00e9cembre pr\u00e9cis\u00e9ment), que le compte personnel de formation est aliment\u00e9. Il ne peut exc\u00e9der <strong>150 heures de formation sur 8 ans.<\/strong><\/p>\n<p><strong>\u00c0 savoir <\/strong>24 heures par an pendant les<strong> 5 premi\u00e8res ann\u00e9es, puis 12 heures par an pendant les 3 ann\u00e9es suivantes. <\/strong>Et ce, pour un travail \u00e0 temps complet.<\/p>\n<\/div>\n<p>En revanche, pour les salari\u00e9s \u00e0 temps partiel (dont la\u00a0<b>dur\u00e9e<\/b>\u00a0du travail est inf\u00e9rieure \u00e0 la\u00a0<b>moiti\u00e9 de la dur\u00e9e l\u00e9gale<\/b> ou conventionnelle), le compte est aliment\u00e9 proportionnellement au temps de travail effectu\u00e9.<\/p>\n<p>Plus pr\u00e9cis\u00e9ment, <a href=\"https:\/\/www.mes-allocs.fr\/guides\/aide-formation\/compte-personnel-formation-cpf\/heures-cpf-en-euros\/\" target=\"_blank\" rel=\"noopener noreferrer\">l&rsquo;alimentation du CPF correspond \u00e0 <\/a><span class=\"ILfuVd\"><span class=\"e24Kjd\">24 heures par an dans la limite de 120 heures. Le tout, sur la base de la <b>dur\u00e9e l\u00e9gale<\/b>\u00a0de travail.<\/span><\/span><\/p>\n<div class=\"brs_col\">\n<p>\u00c0 noter que vos heures sont inchang\u00e9es en cas de :<\/p>\n<ul>\n<li><strong>changement de statut,<\/strong><\/li>\n<li><strong>d\u00e9part \u00e0 la retrait.<\/strong><\/li>\n<\/ul>\n<p>\u00c0 noter que le CPF est financ\u00e9 par la caisse des d\u00e9p\u00f4ts.<\/p>\n<\/div>\n<\/div>\n<\/div>\n<\/div>\n<\/div>\n<\/div>\n<div>\n<div id=\"foot\" role=\"navigation\">\n<div class=\"fiche-item\">\n<div id=\"fiche-item-1\" class=\"fiche-item-content collapse in\" aria-hidden=\"false\">\n<h1>Comment \u00e9laborer un projet d&rsquo;\u00e9volution professionnelle ?<\/h1>\n<p>Si vous avez besoin d&rsquo;aide pour \u00e9laborer ce projet et mobiliser les actions n\u00e9cessaires \u00e0 sa mise en place, vous pouvez b\u00e9n\u00e9ficiez d&rsquo;un accompagnement personnalis\u00e9.<\/p>\n<ul>\n<li>conseiller mobilit\u00e9 carri\u00e8re,<\/li>\n<li>conseiller RH,<\/li>\n<li>conseiller en \u00e9volution professionnelle,<\/li>\n<li>etc.<\/li>\n<\/ul>\n<\/div>\n<\/div>\n<div class=\"fiche-bloc\" data-test=\"ou-s-informer\">\n<div class=\"fiche-item no-print\" data-ou-s-informer=\"\">\n<div class=\"card-section\">\n<h1>P\u00f4le Emploi formation : comment \u00e7a marche ?<\/h1>\n<\/div>\n<p>Vous pouvez employer votre CPF pour des <a href=\"https:\/\/www.mes-allocs.fr\/guides\/aide-formation\/compte-personnel-formation-cpf\/cpf-pole-emploi\/\" target=\"_blank\" rel=\"noopener noreferrer\">formations P\u00f4le Emploi<\/a> car les heures cumul\u00e9es sont utilisables m\u00eame lorsque <strong>vous perdez votre emploi<\/strong>. De m\u00eame, lorsque vous <strong>changez d&#8217;employeur.<\/strong><\/p>\n<ul>\n<li>Pour une ann\u00e9e enti\u00e8rement \u00ab\u00a0travaill\u00e9e\u00a0\u00bb, <strong>le montant de votre CPF sera augment\u00e9 de 500\u20ac<\/strong>. Et ce, dans la limite <strong>du plafond de 5.000\u20ac<\/strong>.<\/li>\n<li>Pour les actifs reconnus comme \u00e9tant \u00ab\u00a0peu qualifi\u00e9s\u00a0\u00bb ou travailleurs handicap\u00e9s, <strong>ce montant est de 800\u20ac,<\/strong> pour un <strong>plafond de 8.000\u20ac.<\/strong><\/li>\n<\/ul>\n<p>En outre, sachez que votre CPF est aliment\u00e9 automatiquement les premiers mois de chaque ann\u00e9e N pour les sommes acquises au titre de l\u2019ann\u00e9e pr\u00e9c\u00e9dente N-1. Et ce, proportionnellement au temps de travail effectu\u00e9 au cours de l&rsquo;ann\u00e9e N-1.<\/p>\n<p>En tant que <strong>demandeur p\u00f4le emploi<\/strong>, vous pouvez vous-m\u00eame compl\u00e9ter le montant pr\u00e9sent sur votre PCF. Si par exemple, le montant d\u00e9tenu ne couvre pas la totalit\u00e9 de la formation. En outre, d&rsquo;autres acteurs peuvent jouer ce r\u00f4le, tels que :<\/p>\n<ul>\n<li><strong>P\u00f4le emploi,<\/strong><\/li>\n<li><strong>le Conseil r\u00e9gional,<\/strong><\/li>\n<li><strong>et d&rsquo;autres structures.<\/strong><\/li>\n<\/ul>\n<div class='cta-block'><div class='text'>Simulez toutes vos aides en 2 min.<\/div><a href='https:\/\/www.mes-allocs.fr\/ab-app?origin=guides\/wp-json\/wp\/v2\/posts\/9228' class='app-button fit'>Simulation gratuite<\/a><\/div>\n<\/div>\n<\/div>\n<\/div>\n<\/div>\n","protected":false},"excerpt":{"rendered":"<p>[Mis \u00e0 jour le 03\/04\/2026] Le compte personnel formation (CPF) est aliment\u00e9 chaque ann\u00e9e gr\u00e2ce \u00e0 vos heures travaill\u00e9es, et converties en euros depuis le 1er janvier 2019. En revanche, vous n&rsquo;\u00eates pas en mesure de cumuler des sommes importantes. D\u00e8s lors, quel est le plafond CPF exact ? Mes Allocs vous explique. Les abondements [&hellip;]<\/p>\n","protected":false},"author":10,"featured_media":13795,"comment_status":"open","ping_status":"open","sticky":false,"template":"","format":"standard","meta":{"amp_status":"","footnotes":""},"categories":[2045,2046],"tags":[],"class_list":["post-9228","post","type-post","status-publish","format-standard","has-post-thumbnail","hentry","category-aide-formation","category-compte-personnel-formation-cpf"],"yoast_head":"<!-- This site is optimized with the Yoast SEO plugin v14.9 - https:\/\/yoast.com\/wordpress\/plugins\/seo\/ -->\n<title>Plafond CPF : quels sont les montants \u00e0 ne pas d\u00e9passer ? | Mes-Allocs.fr<\/title>\n<meta name=\"description\" content=\"Le compte personnel formation (CPF) est aliment\u00e9 chaque ann\u00e9e gr\u00e2ce \u00e0 vos heures travaill\u00e9es, et converties en euros depuis le 1er janvier 2019.\" \/>\n<meta name=\"robots\" content=\"index, follow, max-snippet:-1, max-image-preview:large, max-video-preview:-1\" \/>\n<link rel=\"canonical\" href=\"https:\/\/www.mes-allocs.fr\/guides\/aide-formation\/compte-personnel-formation-cpf\/plafond-cpf\/\" \/>\n<meta property=\"og:locale\" content=\"fr_FR\" \/>\n<meta property=\"og:type\" content=\"article\" \/>\n<meta property=\"og:title\" content=\"Plafond CPF : quels sont les montants \u00e0 ne pas d\u00e9passer ? | Mes-Allocs.fr\" \/>\n<meta property=\"og:description\" content=\"Le compte personnel formation (CPF) est aliment\u00e9 chaque ann\u00e9e gr\u00e2ce \u00e0 vos heures travaill\u00e9es, et converties en euros depuis le 1er janvier 2019.\" \/>\n<meta property=\"og:url\" content=\"https:\/\/www.mes-allocs.fr\/guides\/aide-formation\/compte-personnel-formation-cpf\/plafond-cpf\/\" \/>\n<meta property=\"og:site_name\" content=\"Mes-Allocs.fr\" \/>\n<meta property=\"article:published_time\" content=\"2020-08-10T12:31:07+00:00\" \/>\n<meta property=\"article:modified_time\" content=\"2026-04-07T13:14:56+00:00\" \/>\n<meta property=\"og:image\" content=\"https:\/\/www.mes-allocs.fr\/guides\/wp-content\/uploads\/2020\/08\/workplace-1245776_1280-e1603208540563.jpg?wsr\" \/>\n\t<meta property=\"og:image:width\" content=\"1280\" \/>\n\t<meta property=\"og:image:height\" content=\"476\" \/>\n<meta name=\"twitter:card\" content=\"summary_large_image\" \/>\n<script type=\"application\/ld+json\" class=\"yoast-schema-graph\">{\"@context\":\"https:\/\/schema.org\",\"@graph\":[{\"@type\":\"WebSite\",\"@id\":\"https:\/\/www.mes-allocs.fr\/guides\/#website\",\"url\":\"https:\/\/www.mes-allocs.fr\/guides\/\",\"name\":\"Mes-Allocs.fr\",\"description\":\"\",\"potentialAction\":[{\"@type\":\"SearchAction\",\"target\":\"https:\/\/www.mes-allocs.fr\/guides\/?s={search_term_string}\",\"query-input\":\"required name=search_term_string\"}],\"inLanguage\":\"fr-FR\"},{\"@type\":\"ImageObject\",\"@id\":\"https:\/\/www.mes-allocs.fr\/guides\/aide-formation\/compte-personnel-formation-cpf\/plafond-cpf\/#primaryimage\",\"inLanguage\":\"fr-FR\",\"url\":\"https:\/\/www.mes-allocs.fr\/guides\/wp-content\/uploads\/2020\/08\/workplace-1245776_1280-e1603208540563.jpg?wsr\",\"width\":1280,\"height\":476,\"caption\":\"workplace 1245776 1280 e1603208540563\"},{\"@type\":\"WebPage\",\"@id\":\"https:\/\/www.mes-allocs.fr\/guides\/aide-formation\/compte-personnel-formation-cpf\/plafond-cpf\/#webpage\",\"url\":\"https:\/\/www.mes-allocs.fr\/guides\/aide-formation\/compte-personnel-formation-cpf\/plafond-cpf\/\",\"name\":\"Plafond CPF : quels sont les montants \\u00e0 ne pas d\\u00e9passer ? | Mes-Allocs.fr\",\"isPartOf\":{\"@id\":\"https:\/\/www.mes-allocs.fr\/guides\/#website\"},\"primaryImageOfPage\":{\"@id\":\"https:\/\/www.mes-allocs.fr\/guides\/aide-formation\/compte-personnel-formation-cpf\/plafond-cpf\/#primaryimage\"},\"datePublished\":\"2020-08-10T12:31:07+00:00\",\"dateModified\":\"2026-04-07T13:14:56+00:00\",\"author\":{\"@id\":\"https:\/\/www.mes-allocs.fr\/guides\/#\/schema\/person\/8d47b912c0ad15f379df96b4e4e33f58\"},\"description\":\"Le compte personnel formation (CPF) est aliment\\u00e9 chaque ann\\u00e9e gr\\u00e2ce \\u00e0 vos heures travaill\\u00e9es, et converties en euros depuis le 1er janvier 2019.\",\"inLanguage\":\"fr-FR\"},{\"@type\":\"Person\",\"@id\":\"https:\/\/www.mes-allocs.fr\/guides\/#\/schema\/person\/8d47b912c0ad15f379df96b4e4e33f58\",\"name\":\"Constance de Cagny\",\"image\":{\"@type\":\"ImageObject\",\"@id\":\"https:\/\/www.mes-allocs.fr\/guides\/#personlogo\",\"inLanguage\":\"fr-FR\",\"url\":\"https:\/\/www.mes-allocs.fr\/guides\/wp-content\/uploads\/2021\/06\/Constance.2e8ee0b.png\",\"caption\":\"Constance de Cagny\"},\"description\":\"Constance est r\\u00e9dactrice au sein de l'\\u00e9quipe Mes Allocs. Elle a l'habitude d'\\u00e9crire sur les sujets conso, bons plans et \\u00e9conomies. Dipl\\u00f4m\\u00e9e de l'ENACO, elle rejoint Mes Allocs apr\\u00e8s une premi\\u00e8re exp\\u00e9rience en cabinet notarial.\",\"sameAs\":[\"https:\/\/www.linkedin.com\/in\/constance-de-cagny-mayeur-bbb414135\"]}]}<\/script>\n<!-- \/ Yoast SEO plugin. -->","amp_validity":null,"acf":{"faq":{"1":{"question":"Quel est le plafond du CPF ?","answer":"Apr\u00e8s la conversion des heures en euros, le plafond fix\u00e9 est de 5 000 euros. Vos heures de formation d\u00e9j\u00e0 acquises seront converties en euros, selon un taux de 15 euros de l'heure."},"2":{"question":"Comment se cumulent les heures CPF ?","answer":"C'est en travaillant que vous cumulez des heures CPF, converties en euros et utilisables pour financer des formations. \u00c0 l'inverse, au ch\u00f4mage, vous ne cumulez plus d'heures mais pouvez toujours utiliser celles acquises auparavant."},"3":{"question":"Comment convertir mes heures CPF en euros ?","answer":"La conversion se fait automatiquement, apr\u00e8s avoir \u00e9t\u00e9 mise en place en 2019. Vous n'avez donc rien \u00e0 faire. Les heures DIF sont converties \u00e0 hauteur de 15 euros par heure."},"4":{"question":"Comment conna\u00eetre mes heures CPF ?","answer":"Rendez-vous sur le site officiel du CPF, http:\/\/www.moncompteformation.gouv.fr pour voir votre solde d'heures du CPF en page d'accueil."},"5":{"question":"Puis-je donner mon CPF ?","answer":"Non, le CPF est strictement personnel, tel que son nom l'indique. Impossible de c\u00e9der le compte \u00e0 une autre personne ou m\u00eame de transf\u00e9rer vos heures."},"6":{"question":"","answer":""},"7":{"question":"","answer":""},"8":{"question":"","answer":""},"9":{"question":"","answer":""},"10":{"question":"","answer":""},"11":{"question":"","answer":""},"12":{"question":"","answer":""},"13":{"question":"","answer":""},"14":{"question":"","answer":""},"15":{"question":"","answer":""},"16":{"question":"","answer":""}}},"_links":{"self":[{"href":"https:\/\/www.mes-allocs.fr\/guides\/wp-json\/wp\/v2\/posts\/9228","targetHints":{"allow":["GET"]}}],"collection":[{"href":"https:\/\/www.mes-allocs.fr\/guides\/wp-json\/wp\/v2\/posts"}],"about":[{"href":"https:\/\/www.mes-allocs.fr\/guides\/wp-json\/wp\/v2\/types\/post"}],"author":[{"embeddable":true,"href":"https:\/\/www.mes-allocs.fr\/guides\/wp-json\/wp\/v2\/users\/10"}],"replies":[{"embeddable":true,"href":"https:\/\/www.mes-allocs.fr\/guides\/wp-json\/wp\/v2\/comments?post=9228"}],"version-history":[{"count":36,"href":"https:\/\/www.mes-allocs.fr\/guides\/wp-json\/wp\/v2\/posts\/9228\/revisions"}],"predecessor-version":[{"id":111675,"href":"https:\/\/www.mes-allocs.fr\/guides\/wp-json\/wp\/v2\/posts\/9228\/revisions\/111675"}],"wp:featuredmedia":[{"embeddable":true,"href":"https:\/\/www.mes-allocs.fr\/guides\/wp-json\/wp\/v2\/media\/13795"}],"wp:attachment":[{"href":"https:\/\/www.mes-allocs.fr\/guides\/wp-json\/wp\/v2\/media?parent=9228"}],"wp:term":[{"taxonomy":"category","embeddable":true,"href":"https:\/\/www.mes-allocs.fr\/guides\/wp-json\/wp\/v2\/categories?post=9228"},{"taxonomy":"post_tag","embeddable":true,"href":"https:\/\/www.mes-allocs.fr\/guides\/wp-json\/wp\/v2\/tags?post=9228"}],"curies":[{"name":"wp","href":"https:\/\/api.w.org\/{rel}","templated":true}]}}