{"id":92154,"date":"2025-01-30T13:02:35","date_gmt":"2025-01-30T11:02:35","guid":{"rendered":"https:\/\/www.mes-allocs.fr\/guides\/?p=92154"},"modified":"2026-04-22T10:50:38","modified_gmt":"2026-04-22T09:50:38","slug":"aide-au-permis-de-conduire-nord","status":"publish","type":"post","link":"https:\/\/www.mes-allocs.fr\/guides\/aide-mobilite\/aide-permis-de-conduire\/aide-region-permis-de-conduire\/aide-au-permis-de-conduire-nord\/","title":{"rendered":"Quelles sont les aides au permis de conduire dans le Nord ?"},"content":{"rendered":"<p><img loading=\"lazy\" decoding=\"async\" class=\"alignnone wp-image-92155\" title=\"aide permis de conduire Nord\" src=\"https:\/\/www.mes-allocs.fr\/guides\/wp-content\/uploads\/2025\/01\/aide-permis-de-conduire-Nord-e1738234934192-300x47.jpg\" alt=\"aide permis de conduire Nord\" width=\"1455\" height=\"228\" srcset=\"https:\/\/www.mes-allocs.fr\/guides\/wp-content\/uploads\/2025\/01\/aide-permis-de-conduire-Nord-e1738234934192-300x47.jpg 300w, https:\/\/www.mes-allocs.fr\/guides\/wp-content\/uploads\/2025\/01\/aide-permis-de-conduire-Nord-e1738234934192-768x121.jpg 768w, https:\/\/www.mes-allocs.fr\/guides\/wp-content\/uploads\/2025\/01\/aide-permis-de-conduire-Nord-e1738234934192-600x94.jpg 600w, https:\/\/www.mes-allocs.fr\/guides\/wp-content\/uploads\/2025\/01\/aide-permis-de-conduire-Nord-e1738234934192.jpg 1000w\" sizes=\"auto, (max-width: 1455px) 100vw, 1455px\" \/><\/p>\n<p>Obtenir son permis de conduire est souvent un passage obligatoire, mais le co\u00fbt de cette formation peut \u00eatre un frein pour beaucoup. Heureusement, il existe diff\u00e9rentes <a href=\"https:\/\/www.mes-allocs.fr\/guides\/aide-mobilite\">aides \u00e0 la mobilit\u00e9<\/a> pour vous permettre de financer votre permis. Parmi elles, on retrouve l&rsquo;<b>aide au permis de conduire dans le Nord<\/b>. Dans cet article, d\u00e9couvrez les diff\u00e9rentes options qui s&rsquo;offrent \u00e0 vous, l\u2019aide d\u00e9partementale, les aides municipales et l&rsquo;aide r\u00e9gionale, en passant par les conditions d&rsquo;\u00e9ligibilit\u00e9, par les montants, par les d\u00e9marches \u00e0 suivre et les engagements \u00e0 respecter pour b\u00e9n\u00e9ficier de ces aides.<\/p>\n<p class=\"p1\"><div class='cta-block'><div class='text'>Simulez toutes vos Aides en 2 min.<\/div><a href='https:\/\/www.mes-allocs.fr\/ab-app?origin=guides\/wp-json\/wp\/v2\/posts\/92154' class='app-button fit'>Simulation gratuite<\/a><\/div><\/p>\n<h1>Qu\u2019est-ce que l\u2019aide au permis de conduire dans le Nord ?<\/h1>\n<p>L\u2019aide au permis de conduire dans le Nord est propos\u00e9e par le d\u00e9partement pour aider les jeunes \u00e0 financer leur permis de conduire.<\/p>\n<h2>Qui peut b\u00e9n\u00e9ficier de cette aide au permis dans le Nord ?<\/h2>\n<p>Vous pouvez b\u00e9n\u00e9ficier de cette aide au permis de conduire si vous respectez les conditions suivantes :<\/p>\n<ul>\n<li aria-level=\"1\">Vous \u00eates \u00e2g\u00e9 de 18 \u00e0 25 ans au jour du d\u00e9p\u00f4t de la demande.<\/li>\n<li aria-level=\"1\">Vous devez r\u00e9sider dans le d\u00e9partement du Nord.<\/li>\n<li aria-level=\"1\">Vous devez \u00eatre fran\u00e7ais ou \u00e9tranger b\u00e9n\u00e9ficiant d&rsquo;un titre de s\u00e9jour r\u00e9gulier.<\/li>\n<li aria-level=\"1\">Vous devez \u00eatre dans un parcours d&rsquo;insertion professionnelle.<\/li>\n<li aria-level=\"1\">Vous devez \u00eatre inscrit \u00e0 France travail et non indemnis\u00e9, ou en contrat aid\u00e9.<\/li>\n<\/ul>\n<h2>Quel est le montant de l\u2019aide propos\u00e9e ?<\/h2>\n<p>Le montant de l&rsquo;aide au permis dans le Nord est <b>plafonn\u00e9 \u00e0 80 % <\/b>du co\u00fbt des le\u00e7ons de conduite, dans la limite de <b>1000 \u20ac<\/b>. En cas d&rsquo;\u00e9chec au premier passage de l&rsquo;examen, une aide suppl\u00e9mentaire peut \u00eatre accord\u00e9e, <b>jusqu&rsquo;\u00e0 150 \u20ac maximum<\/b>.<\/p>\n<h1>Comment obtenir l\u2019aide au permis de conduire dans le Nord ?<\/h1>\n<h2>Quels sont les documents n\u00e9cessaires pour le dossier de demande d\u2019aide au permis dans le Nord ?<\/h2>\n<p>Avant de faire votre demande d&rsquo;aide au permis de conduire dans le Nord, vous devez constituer un dossier de demande et rassembler les documents suivants :<\/p>\n<ul>\n<li aria-level=\"1\">Une demande d&rsquo;aide compl\u00e9t\u00e9e et sign\u00e9e.<\/li>\n<li aria-level=\"1\">Une copie de votre pi\u00e8ce d&rsquo;identit\u00e9 en cours de validit\u00e9.<\/li>\n<li aria-level=\"1\">Un justificatif de domicile de moins de 3 mois.<\/li>\n<li aria-level=\"1\">Un devis d\u00e9taill\u00e9 de l&rsquo;auto-\u00e9cole pour le passage du permis de conduire.<\/li>\n<li aria-level=\"1\">Une attestation d&rsquo;inscription \u00e0 France travail ou une copie de votre contrat aid\u00e9.<\/li>\n<\/ul>\n<h2>Quelles sont les \u00e9tapes pour faire une demande d\u2019aide au permis de conduire ?<\/h2>\n<p>Pour faire une demande d&rsquo;aide au permis de conduire dans le Nord, il faut suivre plusieurs \u00e9tapes. Dans un premier temps, <b>v\u00e9rifiez votre \u00e9ligibilit\u00e9<\/b>. Ensuite, contactez un conseiller d&rsquo;insertion socio-professionnelle de la <b>Mission locale <\/b>ou un autre r\u00e9f\u00e9rent agr\u00e9\u00e9 par le d\u00e9partement, car l\u2019aide est accord\u00e9e uniquement sur prescription. <b>Constituez votre dossier<\/b> en rassemblant tous les documents n\u00e9cessaires et <b>soumettez votre dossier <\/b>complet \u00e0 votre r\u00e9f\u00e9rent qui le transmettra au d\u00e9partement pour examen.<\/p>\n<p><iframe loading=\"lazy\" title=\"Les Aide au Permis de conduire\" width=\"500\" height=\"281\" src=\"https:\/\/www.youtube.com\/embed\/1Jel5B187to?feature=oembed\" frameborder=\"0\" allow=\"accelerometer; autoplay; clipboard-write; encrypted-media; gyroscope; picture-in-picture; web-share\" referrerpolicy=\"strict-origin-when-cross-origin\" allowfullscreen><\/iframe><\/p>\n<h1>Quel engagement est demand\u00e9 en contrepartie de l\u2019aide au permis de conduire dans le Nord ?<\/h1>\n<p>Dans le d\u00e9partement du Nord, un <b>engagement b\u00e9n\u00e9vole<\/b> est demand\u00e9 en contrepartie de l&rsquo;aide au permis de conduire. Les b\u00e9n\u00e9ficiaires de l&rsquo;aide doivent s&rsquo;engager \u00e0 effectuer 100 h d&rsquo;action b\u00e9n\u00e9vole. Cet engagement citoyen est une condition pour recevoir l&rsquo;aide propos\u00e9e par le d\u00e9partement. En \u00e9change de cette aide, vous devez donc consacrer<b> 100 h <\/b>de votre temps \u00e0 des actions b\u00e9n\u00e9voles au sein de votre communaut\u00e9.<\/p>\n<h1>Comment l\u2019aide au permis de conduire du Nord est-elle vers\u00e9e ?<\/h1>\n<p>L\u2019aide au permis de conduire dans le d\u00e9partement du Nord est vers\u00e9e de mani\u00e8re <b>progressive<\/b>, en fonction des \u00e9tapes que vous franchissez dans votre parcours d&rsquo;obtention du permis. Cette r\u00e9partition permet d&rsquo;assurer un suivi et de vous encourager \u00e0 progresser <b>\u00e9tape par \u00e9tape<\/b>. L&rsquo;aide au permis de conduire est ainsi d\u00e9bloqu\u00e9e en <b>plusieurs versements<\/b> afin de garantir que les fonds soient utilis\u00e9s et pour \u00e9viter les abandons en cours de formation.<\/p>\n<p>Un<b> premier versement<\/b> est effectu\u00e9 au moment de votre inscription dans une auto-\u00e9cole, permettant de financer les premiers frais li\u00e9s \u00e0 l&rsquo;<b>apprentissage<\/b>, notamment les cours de code et les premi\u00e8res heures de conduite. Un <b>deuxi\u00e8me versement<\/b> intervient apr\u00e8s l&rsquo;<b>obtention du code de la route<\/b>, attestant ainsi de votre progression. Enfin, le solde est vers\u00e9 sur la <b>pr\u00e9sentation de la convocation<\/b> \u00e0 l&rsquo;\u00e9preuve pratique de conduite. Il permet de couvrir les derniers frais, notamment ceux li\u00e9s aux heures de conduite suppl\u00e9mentaire n\u00e9cessaire avant de se pr\u00e9senter \u00e0 l&rsquo;\u00e9preuve du permis de conduire.<\/p>\n<p class=\"p1\"><div class='cta-block'><div class='text'>Simulez toutes vos Aides en 2 min.<\/div><a href='https:\/\/www.mes-allocs.fr\/ab-app?origin=guides\/wp-json\/wp\/v2\/posts\/92154' class='app-button fit'>Simulation gratuite<\/a><\/div><\/p>\n<h1>Quelles sont les autres aides disponibles pour le permis de conduire dans le Nord ?<\/h1>\n<h2>Existe-t-il des aides au permis compl\u00e9mentaires au niveau municipal dans le Nord ?<\/h2>\n<p>Plusieurs municipalit\u00e9s du Nord proposent des aides compl\u00e9mentaires pour le permis de conduire :<\/p>\n\n<div class=\"wpdt-c row wpDataTableContainerSimpleTable wpDataTables wpDataTablesWrapper\n\"\n    >\n    <table id=\"wpdtSimpleTable-605\"\n           class=\"wpdtSimpleTable wpDataTable\"\n           data-column=\"2\"\n           data-rows=\"11\"\n           data-wpID=\"605\"\n           data-responsive=\"0\"\n           data-has-header=\"0\">\n\n                    <tbody>        <tr class=\"wpdt-cell-row \" >\n                            <td class=\"wpdt-cell wpdt-bold wpdt-bc-D6E8F0\"\n                                    data-cell-id=\"A1\"\n                data-col-index=\"0\"\n                data-row-index=\"0\"\n                style=\" width:50%;                padding:10px;\"\n                >\n                                Ville                <\/td>\n                                            <td class=\"wpdt-cell wpdt-bold wpdt-bc-D6E8F0\"\n                                    data-cell-id=\"B1\"\n                data-col-index=\"1\"\n                data-row-index=\"0\"\n                style=\" width:50%;                padding:10px;\"\n                >\n                                Montant de l\u2019aide                <\/td>\n                                        <\/tr>\n                            <tr class=\"wpdt-cell-row \" >\n                            <td class=\"wpdt-cell \"\n                                    data-cell-id=\"A2\"\n                data-col-index=\"0\"\n                data-row-index=\"1\"\n                style=\"                padding:10px;\"\n                >\n                                Comines                <\/td>\n                                            <td class=\"wpdt-cell \"\n                                    data-cell-id=\"B2\"\n                data-col-index=\"1\"\n                data-row-index=\"1\"\n                style=\"                padding:10px;\"\n                >\n                                500 \u20ac                <\/td>\n                                        <\/tr>\n                            <tr class=\"wpdt-cell-row \" >\n                            <td class=\"wpdt-cell \"\n                                    data-cell-id=\"A3\"\n                data-col-index=\"0\"\n                data-row-index=\"2\"\n                style=\"                padding:10px;\"\n                >\n                                Cambrai\u00a0                <\/td>\n                                            <td class=\"wpdt-cell \"\n                                    data-cell-id=\"B3\"\n                data-col-index=\"1\"\n                data-row-index=\"2\"\n                style=\"                padding:10px;\"\n                >\n                                Jusqu\u2019\u00e0 400 \u20ac (17-30 ans) ou 900 \u20ac (30-45 ans)                <\/td>\n                                        <\/tr>\n                            <tr class=\"wpdt-cell-row \" >\n                            <td class=\"wpdt-cell \"\n                                    data-cell-id=\"A4\"\n                data-col-index=\"0\"\n                data-row-index=\"3\"\n                style=\"                padding:10px;\"\n                >\n                                Dunkerque                <\/td>\n                                            <td class=\"wpdt-cell \"\n                                    data-cell-id=\"B4\"\n                data-col-index=\"1\"\n                data-row-index=\"3\"\n                style=\"                padding:10px;\"\n                >\n                                Jusqu\u2019\u00e0 600 \u20ac                <\/td>\n                                        <\/tr>\n                            <tr class=\"wpdt-cell-row \" >\n                            <td class=\"wpdt-cell \"\n                                    data-cell-id=\"A5\"\n                data-col-index=\"0\"\n                data-row-index=\"4\"\n                style=\"                padding:10px;\"\n                >\n                                Anzin                <\/td>\n                                            <td class=\"wpdt-cell \"\n                                    data-cell-id=\"B5\"\n                data-col-index=\"1\"\n                data-row-index=\"4\"\n                style=\"                padding:10px;\"\n                >\n                                Jusqu\u2019\u00e0 800 \u20ac                <\/td>\n                                        <\/tr>\n                            <tr class=\"wpdt-cell-row \" >\n                            <td class=\"wpdt-cell \"\n                                    data-cell-id=\"A6\"\n                data-col-index=\"0\"\n                data-row-index=\"5\"\n                style=\"                padding:10px;\"\n                >\n                                Roubaix                <\/td>\n                                            <td class=\"wpdt-cell \"\n                                    data-cell-id=\"B6\"\n                data-col-index=\"1\"\n                data-row-index=\"5\"\n                style=\"                padding:10px;\"\n                >\n                                Jusqu\u2019\u00e0 800 \u20ac                <\/td>\n                                        <\/tr>\n                            <tr class=\"wpdt-cell-row \" >\n                            <td class=\"wpdt-cell \"\n                                    data-cell-id=\"A7\"\n                data-col-index=\"0\"\n                data-row-index=\"6\"\n                style=\"                padding:10px;\"\n                >\n                                Lille                <\/td>\n                                            <td class=\"wpdt-cell \"\n                                    data-cell-id=\"B7\"\n                data-col-index=\"1\"\n                data-row-index=\"6\"\n                style=\"                padding:10px;\"\n                >\n                                Jusqu\u2019\u00e0 1000 \u20ac                <\/td>\n                                        <\/tr>\n                            <tr class=\"wpdt-cell-row \" >\n                            <td class=\"wpdt-cell \"\n                                    data-cell-id=\"A8\"\n                data-col-index=\"0\"\n                data-row-index=\"7\"\n                style=\"                padding:10px;\"\n                >\n                                Caudry                <\/td>\n                                            <td class=\"wpdt-cell \"\n                                    data-cell-id=\"B8\"\n                data-col-index=\"1\"\n                data-row-index=\"7\"\n                style=\"                padding:10px;\"\n                >\n                                Jusqu\u2019\u00e0 300 \u20ac                <\/td>\n                                        <\/tr>\n                            <tr class=\"wpdt-cell-row \" >\n                            <td class=\"wpdt-cell \"\n                                    data-cell-id=\"A9\"\n                data-col-index=\"0\"\n                data-row-index=\"8\"\n                style=\"                padding:10px;\"\n                >\n                                Trith-Saint-L\u00e9ger                <\/td>\n                                            <td class=\"wpdt-cell \"\n                                    data-cell-id=\"B9\"\n                data-col-index=\"1\"\n                data-row-index=\"8\"\n                style=\"                padding:10px;\"\n                >\n                                Jusqu\u2019\u00e0 650 \u20ac                <\/td>\n                                        <\/tr>\n                            <tr class=\"wpdt-cell-row \" >\n                            <td class=\"wpdt-cell \"\n                                    data-cell-id=\"A10\"\n                data-col-index=\"0\"\n                data-row-index=\"9\"\n                style=\"                padding:10px;\"\n                >\n                                Saint-Andr\u00e9-lez-Lille                <\/td>\n                                            <td class=\"wpdt-cell \"\n                                    data-cell-id=\"B10\"\n                data-col-index=\"1\"\n                data-row-index=\"9\"\n                style=\"                padding:10px;\"\n                >\n                                Jusqu\u2019\u00e0 100 \u20ac                <\/td>\n                                        <\/tr>\n                            <tr class=\"wpdt-cell-row \" >\n                            <td class=\"wpdt-cell \"\n                                    data-cell-id=\"A11\"\n                data-col-index=\"0\"\n                data-row-index=\"10\"\n                style=\"                padding:10px;\"\n                >\n                                Viesly                <\/td>\n                                            <td class=\"wpdt-cell \"\n                                    data-cell-id=\"B11\"\n                data-col-index=\"1\"\n                data-row-index=\"10\"\n                style=\"                padding:10px;\"\n                >\n                                50 \u20ac                <\/td>\n                                        <\/tr>\n                    <\/table>\n<\/div><style id='wpdt-custom-style-605'>\n.wpdt-bc-D6E8F0 { background-color: #D6E8F0 !important;}\n<\/style>\n\n<p>&nbsp;<\/p>\n<h2>Quelles sont les aides propos\u00e9es par la r\u00e9gion Haut-de-France ?<\/h2>\n<p>La r\u00e9gion Hauts-de-France propose plusieurs aides pour financer le permis de conduire. L\u2019aide propose un financement jusqu\u2019\u00e0 90 % du co\u00fbt total du permis B, dont le montant est plafonn\u00e9 \u00e0<b> 1350 \u20ac<\/b>. Pour b\u00e9n\u00e9ficier de cette aide, vous devez r\u00e9sider dans l\u2019Aisne, le Nord, l\u2019Oise, le Pas-de-Calais ou la Somme et avoir <b>entre 17 et 30 ans.<\/b> La demande de l\u2019aide au permis de conduire se fait en ligne sur le site de la r\u00e9gion avec un examen du dossier par le Pr\u00e9sident du Conseil r\u00e9gional.<\/p>\n<p>Une aide compl\u00e9mentaire est propos\u00e9e aux apprentis, d\u2019un <b>montant maximal de 850 \u20ac<\/b>. Cette aide au permis de conduire est cumulable avec l\u2019aide de l\u2019\u00c9tat de <b>500 \u20ac pour les apprentis <\/b>majeurs.<\/p>\n<h1>Conclusion<\/h1>\n<p>Avec une prise en charge, l\u2019aide au permis de conduire repr\u00e9sente un avantage financier. Toutefois, elle implique un engagement citoyen sous forme de b\u00e9n\u00e9volat. En compl\u00e9ment de cette t\u00eate d\u00e9partementale pour le permis de conduire, de nombreuses municipalit\u00e9s du Nord proposent des subventions, avec des montants qui varient selon la ville. De plus, la r\u00e9gion Hauts-de-France offre un financement qui facilite encore davantage l&rsquo;acc\u00e8s au permis de conduire pour les jeunes de 17 \u00e0 30 ans. L&rsquo;obtention de ces aides requiert une d\u00e9marche rigoureuse, il est donc important de bien constituer votre dossier. Enfin, en combinant ces diff\u00e9rentes aides, il est possible de r\u00e9duire consid\u00e9rablement le co\u00fbt du permis de conduire.<\/p>\n<p class=\"p1\"><div class='cta-block'><div class='text'>Simulez toutes vos Aides en 2 min.<\/div><a href='https:\/\/www.mes-allocs.fr\/ab-app?origin=guides\/wp-json\/wp\/v2\/posts\/92154' class='app-button fit'>Simulation gratuite<\/a><\/div><\/p>\n","protected":false},"excerpt":{"rendered":"<p>Obtenir son permis de conduire est souvent un passage obligatoire, mais le co\u00fbt de cette formation peut \u00eatre un frein pour beaucoup. Heureusement, il existe diff\u00e9rentes aides \u00e0 la mobilit\u00e9 pour vous permettre de financer votre permis. Parmi elles, on retrouve l&rsquo;aide au permis de conduire dans le Nord. Dans cet article, d\u00e9couvrez les diff\u00e9rentes [&hellip;]<\/p>\n","protected":false},"author":31,"featured_media":92156,"comment_status":"open","ping_status":"open","sticky":false,"template":"","format":"standard","meta":{"amp_status":"","footnotes":""},"categories":[9928,43467,29],"tags":[],"class_list":["post-92154","post","type-post","status-publish","format-standard","has-post-thumbnail","hentry","category-aide-permis-de-conduire","category-aide-region-permis-de-conduire","category-aide-mobilite"],"yoast_head":"<!-- This site is optimized with the Yoast SEO plugin v14.9 - https:\/\/yoast.com\/wordpress\/plugins\/seo\/ -->\n<title>Aides au permis de conduire dans le Nord | Mes-Allocs.fr<\/title>\n<meta name=\"description\" content=\"Aides au permis de conduire dans le Nord : d\u00e9couvrez les conditions, montants et d\u00e9marches pour financer votre permis !\" \/>\n<meta name=\"robots\" content=\"index, follow, max-snippet:-1, max-image-preview:large, max-video-preview:-1\" \/>\n<link rel=\"canonical\" href=\"https:\/\/www.mes-allocs.fr\/guides\/aide-mobilite\/aide-permis-de-conduire\/aide-region-permis-de-conduire\/aide-au-permis-de-conduire-nord\/\" \/>\n<meta property=\"og:locale\" content=\"fr_FR\" \/>\n<meta property=\"og:type\" content=\"article\" \/>\n<meta property=\"og:title\" content=\"Aides au permis de conduire dans le Nord | Mes-Allocs.fr\" \/>\n<meta property=\"og:description\" content=\"Aides au permis de conduire dans le Nord : d\u00e9couvrez les conditions, montants et d\u00e9marches pour financer votre permis !\" \/>\n<meta property=\"og:url\" content=\"https:\/\/www.mes-allocs.fr\/guides\/aide-mobilite\/aide-permis-de-conduire\/aide-region-permis-de-conduire\/aide-au-permis-de-conduire-nord\/\" \/>\n<meta property=\"og:site_name\" content=\"Mes-Allocs.fr\" \/>\n<meta property=\"article:published_time\" content=\"2025-01-30T11:02:35+00:00\" \/>\n<meta property=\"article:modified_time\" content=\"2026-04-22T09:50:38+00:00\" \/>\n<meta property=\"og:image\" content=\"https:\/\/www.mes-allocs.fr\/guides\/wp-content\/uploads\/2025\/01\/Nord-aide-permis-de-conduire.jpg?wsr\" \/>\n\t<meta property=\"og:image:width\" content=\"1380\" \/>\n\t<meta property=\"og:image:height\" content=\"920\" \/>\n<meta name=\"twitter:card\" content=\"summary_large_image\" \/>\n<script type=\"application\/ld+json\" class=\"yoast-schema-graph\">{\"@context\":\"https:\/\/schema.org\",\"@graph\":[{\"@type\":\"WebSite\",\"@id\":\"https:\/\/www.mes-allocs.fr\/guides\/#website\",\"url\":\"https:\/\/www.mes-allocs.fr\/guides\/\",\"name\":\"Mes-Allocs.fr\",\"description\":\"\",\"potentialAction\":[{\"@type\":\"SearchAction\",\"target\":\"https:\/\/www.mes-allocs.fr\/guides\/?s={search_term_string}\",\"query-input\":\"required name=search_term_string\"}],\"inLanguage\":\"fr-FR\"},{\"@type\":\"ImageObject\",\"@id\":\"https:\/\/www.mes-allocs.fr\/guides\/aide-mobilite\/aide-permis-de-conduire\/aide-region-permis-de-conduire\/aide-au-permis-de-conduire-nord\/#primaryimage\",\"inLanguage\":\"fr-FR\",\"url\":\"https:\/\/www.mes-allocs.fr\/guides\/wp-content\/uploads\/2025\/01\/Nord-aide-permis-de-conduire.jpg?wsr\",\"width\":1380,\"height\":920,\"caption\":\"Nord aide permis de conduire\"},{\"@type\":\"WebPage\",\"@id\":\"https:\/\/www.mes-allocs.fr\/guides\/aide-mobilite\/aide-permis-de-conduire\/aide-region-permis-de-conduire\/aide-au-permis-de-conduire-nord\/#webpage\",\"url\":\"https:\/\/www.mes-allocs.fr\/guides\/aide-mobilite\/aide-permis-de-conduire\/aide-region-permis-de-conduire\/aide-au-permis-de-conduire-nord\/\",\"name\":\"Aides au permis de conduire dans le Nord | Mes-Allocs.fr\",\"isPartOf\":{\"@id\":\"https:\/\/www.mes-allocs.fr\/guides\/#website\"},\"primaryImageOfPage\":{\"@id\":\"https:\/\/www.mes-allocs.fr\/guides\/aide-mobilite\/aide-permis-de-conduire\/aide-region-permis-de-conduire\/aide-au-permis-de-conduire-nord\/#primaryimage\"},\"datePublished\":\"2025-01-30T11:02:35+00:00\",\"dateModified\":\"2026-04-22T09:50:38+00:00\",\"author\":{\"@id\":\"https:\/\/www.mes-allocs.fr\/guides\/#\/schema\/person\/4f115680446d9e6de360142157ca671d\"},\"description\":\"Aides au permis de conduire dans le Nord : d\\u00e9couvrez les conditions, montants et d\\u00e9marches pour financer votre permis !\",\"inLanguage\":\"fr-FR\"},{\"@type\":\"Person\",\"@id\":\"https:\/\/www.mes-allocs.fr\/guides\/#\/schema\/person\/4f115680446d9e6de360142157ca671d\",\"name\":\"Miangaly Ramasindray\",\"image\":{\"@type\":\"ImageObject\",\"@id\":\"https:\/\/www.mes-allocs.fr\/guides\/#personlogo\",\"inLanguage\":\"fr-FR\",\"url\":\"https:\/\/www.mes-allocs.fr\/guides\/wp-content\/uploads\/2024\/10\/Miangaly_Ramasindray-150x150.jpeg\",\"caption\":\"Miangaly Ramasindray\"},\"description\":\"Miangaly est r\\u00e9dactrice web sp\\u00e9cialis\\u00e9e sur les sujets de pouvoir d'achat. Elle rejoint Mes Allocs en 2024 apr\\u00e8s une premi\\u00e8re exp\\u00e9rience en marketing chez DMI.\",\"sameAs\":[\"https:\/\/www.linkedin.com\/in\/miangaly-ramasindray\/\"]}]}<\/script>\n<!-- \/ Yoast SEO plugin. -->","amp_validity":null,"acf":{"faq":{"1":{"question":"Puis-je cumuler l'aide d\u00e9partementale du Nord avec l'aide r\u00e9gionale des Hauts-de-France ?","answer":"Oui, il est g\u00e9n\u00e9ralement possible de cumuler l'aide d\u00e9partementale du Nord avec l'aide r\u00e9gionale des Hauts-de-France."},"2":{"question":"Que se passe-t-il si j'\u00e9choue \u00e0 l'examen du permis de conduire ?","answer":"En cas d'\u00e9chec \u00e0 l'examen du permis de conduire, l'aide d\u00e9partementale du Nord pr\u00e9voit une aide suppl\u00e9mentaire pour repasser l'examen (jusqu'\u00e0 150 \u20ac)."},"3":{"question":"Puis-je b\u00e9n\u00e9ficier de l'aide r\u00e9gionale si je suis d\u00e9j\u00e0 inscrit en auto-\u00e9cole ?","answer":"Non, l'aide doit \u00eatre demand\u00e9e avant l'inscription en auto-\u00e9cole."},"4":{"question":"L'aide au permis du Pas-de-Calais est-elle diff\u00e9rente de celle du Nord ?","answer":"Oui, le Pas-de-Calais propose une aide sp\u00e9cifique appel\u00e9e \"permis citoyen\" d'un montant de 400\u20ac, avec une possible bonification pour les jeunes en situation de handicap."},"5":{"question":"Quel type d'engagement b\u00e9n\u00e9vole est accept\u00e9 pour l'aide du Pas-de-Calais ?","answer":"Le b\u00e9n\u00e9volat peut se faire dans des domaines vari\u00e9s comme la jeunesse, l'\u00e9ducation populaire, la culture, le sport, l'environnement ou les actions caritatives."},"6":{"question":"Les aides peuvent-elles couvrir les frais de pr\u00e9sentation \u00e0 l'examen du permis ?","answer":"G\u00e9n\u00e9ralement, les aides couvrent l'ensemble des frais li\u00e9s \u00e0 la formation, y compris les frais d'examen. "},"7":{"question":"","answer":""},"8":{"question":"","answer":""},"9":{"question":"","answer":""},"10":{"question":"","answer":""},"11":{"question":"","answer":""},"12":{"question":"","answer":""},"13":{"question":"","answer":""},"14":{"question":"","answer":""},"15":{"question":"","answer":""},"16":{"question":"","answer":""}}},"_links":{"self":[{"href":"https:\/\/www.mes-allocs.fr\/guides\/wp-json\/wp\/v2\/posts\/92154","targetHints":{"allow":["GET"]}}],"collection":[{"href":"https:\/\/www.mes-allocs.fr\/guides\/wp-json\/wp\/v2\/posts"}],"about":[{"href":"https:\/\/www.mes-allocs.fr\/guides\/wp-json\/wp\/v2\/types\/post"}],"author":[{"embeddable":true,"href":"https:\/\/www.mes-allocs.fr\/guides\/wp-json\/wp\/v2\/users\/31"}],"replies":[{"embeddable":true,"href":"https:\/\/www.mes-allocs.fr\/guides\/wp-json\/wp\/v2\/comments?post=92154"}],"version-history":[{"count":2,"href":"https:\/\/www.mes-allocs.fr\/guides\/wp-json\/wp\/v2\/posts\/92154\/revisions"}],"predecessor-version":[{"id":97276,"href":"https:\/\/www.mes-allocs.fr\/guides\/wp-json\/wp\/v2\/posts\/92154\/revisions\/97276"}],"wp:featuredmedia":[{"embeddable":true,"href":"https:\/\/www.mes-allocs.fr\/guides\/wp-json\/wp\/v2\/media\/92156"}],"wp:attachment":[{"href":"https:\/\/www.mes-allocs.fr\/guides\/wp-json\/wp\/v2\/media?parent=92154"}],"wp:term":[{"taxonomy":"category","embeddable":true,"href":"https:\/\/www.mes-allocs.fr\/guides\/wp-json\/wp\/v2\/categories?post=92154"},{"taxonomy":"post_tag","embeddable":true,"href":"https:\/\/www.mes-allocs.fr\/guides\/wp-json\/wp\/v2\/tags?post=92154"}],"curies":[{"name":"wp","href":"https:\/\/api.w.org\/{rel}","templated":true}]}}