{"id":91997,"date":"2025-01-28T16:05:33","date_gmt":"2025-01-28T14:05:33","guid":{"rendered":"https:\/\/www.mes-allocs.fr\/guides\/?p=91997"},"modified":"2026-04-22T10:50:39","modified_gmt":"2026-04-22T09:50:39","slug":"aide-permis-de-conduire-paca","status":"publish","type":"post","link":"https:\/\/www.mes-allocs.fr\/guides\/aide-mobilite\/aide-permis-de-conduire\/aide-region-permis-de-conduire\/aide-permis-de-conduire-paca\/","title":{"rendered":"Obtenez votre permis de conduire avec les aides de la r\u00e9gion PACA"},"content":{"rendered":"<p><img loading=\"lazy\" decoding=\"async\" class=\"alignnone wp-image-91999\" title=\"PACA aide permis de conduire\" src=\"https:\/\/www.mes-allocs.fr\/guides\/wp-content\/uploads\/2025\/01\/PACA-aide-permis-de-conduire-e1738073095624-300x50.jpg\" alt=\"PACA aide permis de conduire\" width=\"1445\" height=\"241\" srcset=\"https:\/\/www.mes-allocs.fr\/guides\/wp-content\/uploads\/2025\/01\/PACA-aide-permis-de-conduire-e1738073095624-300x50.jpg 300w, https:\/\/www.mes-allocs.fr\/guides\/wp-content\/uploads\/2025\/01\/PACA-aide-permis-de-conduire-e1738073095624-1024x171.jpg 1024w, https:\/\/www.mes-allocs.fr\/guides\/wp-content\/uploads\/2025\/01\/PACA-aide-permis-de-conduire-e1738073095624-768x128.jpg 768w, https:\/\/www.mes-allocs.fr\/guides\/wp-content\/uploads\/2025\/01\/PACA-aide-permis-de-conduire-e1738073095624-600x100.jpg 600w, https:\/\/www.mes-allocs.fr\/guides\/wp-content\/uploads\/2025\/01\/PACA-aide-permis-de-conduire-e1738073095624.jpg 1054w\" sizes=\"auto, (max-width: 1445px) 100vw, 1445px\" \/><\/p>\n<p>[Mis \u00e0 jour le 27\/03\/2026] Passer son permis de conduire repr\u00e9sente un co\u00fbt important, alors qu\u2019il est souvent indispensable pour l\u2019insertion professionnelle. Heureusement, la r\u00e9gion PACA propose plusieurs <a href=\"https:\/\/www.mes-allocs.fr\/guides\/aide-mobilite\">aides \u00e0 la mobilit\u00e9<\/a> pour les jeunes et les apprentis. Cet article vous guide \u00e0 travers les dispositifs r\u00e9gionaux, d\u00e9partementaux et communaux qui vous permettront de financer votre permis de conduire. D\u00e9couvrez les conditions d\u2019\u00e9ligibilit\u00e9, les montants et les d\u00e9marches \u00e0 suivre pour pouvoir b\u00e9n\u00e9ficier d\u2019une <b>aide au permis de conduire en r\u00e9gion PACA.<\/b><\/p>\n<p class=\"p1\"><div class='cta-block'><div class='text'>Simulez toutes vos Aides en 2 min.<\/div><a href='https:\/\/www.mes-allocs.fr\/ab-app?origin=guides\/wp-json\/wp\/v2\/posts\/91997' class='app-button fit'>Simulation gratuite<\/a><\/div><\/p>\n<h1>Quelles sont les aides au permis de conduire de la r\u00e9gion PACA ?<\/h1>\n<p>La r\u00e9gion Provence-Alpes-C\u00f4te d\u2019Azur (PACA) propose plusieurs dispositifs d\u2019aide au financement du permis de conduire. La principale aide au permis de conduire est une prime forfaitaire destin\u00e9e aux jeunes apprentis.<\/p>\n<h2>Qui peut b\u00e9n\u00e9ficier de l\u2019aide r\u00e9gionale au permis B en PACA ?<\/h2>\n<p>L\u2019aide r\u00e9gionale au permis de conduire en PACA s\u2019adresse principalement aux jeunes apprentis : Pour \u00eatre \u00e9ligible, vous devez :<\/p>\n<ul>\n<li aria-level=\"1\">\u00catre \u00e2g\u00e9 d\u2019au moins 18 ans.<\/li>\n<li aria-level=\"1\">\u00catre en apprentissage ou en contrat de professionnalisation.<\/li>\n<li aria-level=\"1\">\u00catre en derni\u00e8re ann\u00e9e de CAP ou dans une sp\u00e9cialit\u00e9 de baccalaur\u00e9at professionnel.<\/li>\n<li aria-level=\"1\">\u00catre inscrit dans un Centre de Formation d\u2019Apprentis (CFA) ou une section d\u2019apprentissage (SA) de la r\u00e9gion.<\/li>\n<li aria-level=\"1\">Poss\u00e9der la Carte Jeune R\u00e9gion.<\/li>\n<\/ul>\n<h2>Quel est le montant de l\u2019aide r\u00e9gionale au permis de conduire en PACA ?<\/h2>\n<p>Le montant de l\u2019aide r\u00e9gionale au permis de conduire en PACA est une prime forfaitaire de 500 \u20ac. Cette somme est destin\u00e9e \u00e0 financer une partie du co\u00fbt du permis de conduire pour les jeunes apprentis \u00e9ligibles.<\/p>\n<h2>Comment faire la demande de l\u2019aide r\u00e9gionale au permis en PACA ?<\/h2>\n<p>Pour b\u00e9n\u00e9ficier de l\u2019aide r\u00e9gionale au permis de conduire en PACA, voici les \u00e9tapes \u00e0 suivre :<\/p>\n<ul>\n<li aria-level=\"1\">La demande de financement doit \u00eatre transmise directement au Centre de Formation d\u2019Apprentis (CFA) o\u00f9 vous \u00eates inscrit.<\/li>\n<li aria-level=\"1\">Le CFA se chargera ensuite de traiter la demande et de la transmettre aux services r\u00e9gionaux comp\u00e9tents.<\/li>\n<li aria-level=\"1\">Une fois la demande approuv\u00e9e, l\u2019aide est g\u00e9n\u00e9ralement vers\u00e9e directement \u00e0 l\u2019auto-\u00e9cole conventionn\u00e9e o\u00f9 l\u2019apprenti est inscrit pour sa formation au permis de conduire.<\/li>\n<\/ul>\n<h1>Quelles sont les aides d\u00e9partementales pour le permis de conduire en r\u00e9gion PACA ?<\/h1>\n<p>Les aides au permis de conduire de la r\u00e9gion PACA varient selon les d\u00e9partements et les communes.<\/p>\n<h2>Quelles sont les aides au permis de conduire dans le Var ?<\/h2>\n<p>Le d\u00e9partement du Var propose plusieurs aides au permis de conduire. Le Conseil d\u00e9partemental du Var offre une bourse aux coll\u00e9giens externes varois, d\u00e9j\u00e0 b\u00e9n\u00e9ficiaires d\u2019une <b>bourse<\/b> de l\u2019\u00c9ducation nationale. Cette aide s\u2019\u00e9l\u00e8ve \u00e0 130 \u20ac maximum par \u00e9l\u00e8ve et par an. De plus, le dispositif national \u201c<b>Permis \u00e0 1 \u20ac par jour<\/b>\u201d est disponible dans le Var pour les personnes de <b>15 \u00e0 25 ans r\u00e9volus<\/b>. Ce programme vous permet d\u2019\u00e9taler le co\u00fbt du permis de conduire sur plusieurs mois. Enfin, les apprentis majeurs peuvent b\u00e9n\u00e9ficier d\u2019une aide de <b>500 \u20ac<\/b> pour financer leur permis de conduire. Cette aide est attribu\u00e9e une seule fois par apprenti et est cumulable avec d\u2019autres aides.<\/p>\n<div class='shortcode disclaimer'><div class='title'>Attention<\/div><div class='content'> L&rsquo;aide au permis de conduire des apprentis n&rsquo;est plus disponible depuis le 21 f\u00e9vrier 2026.<\/div><\/div>\n<h2>Quelles sont les aides au permis de conduire des Bouches-du-Rh\u00f4ne ?<\/h2>\n<p>Dans les Bouches-du-Rh\u00f4ne, plusieurs aides au permis de conduire sont disponibles. Les communes proposent diverses<b> bourses<\/b> au permis de conduire, notamment \u00e0 Marseille, Salon de Provence, Berre-l\u2019\u00c9tang, Pennes-Mirabeau, Fuveau et Pelissanne. En plus des aides des communes, les Bouches-du-Rh\u00f4ne offrent une aide au permis de l\u2019\u00c9tat qui peut aller jusqu\u2019\u00e0 1200 \u20ac, le dispositif national \u201cPermis \u00e0 1 \u20ac par jour\u201d pour les 15-25 ans et des aides via France Travail.<\/p>\n<p><iframe loading=\"lazy\" title=\"Les Aide au Permis de conduire\" width=\"500\" height=\"281\" src=\"https:\/\/www.youtube.com\/embed\/1Jel5B187to?feature=oembed\" frameborder=\"0\" allow=\"accelerometer; autoplay; clipboard-write; encrypted-media; gyroscope; picture-in-picture; web-share\" referrerpolicy=\"strict-origin-when-cross-origin\" allowfullscreen><\/iframe><\/p>\n<h1>Quelles sont les aides communales pour financer le permis de conduire en r\u00e9gion PACA ?<\/h1>\n<p>Plusieurs villes de la r\u00e9gion PACA proposent une aide pour le financement du permis de conduire. Parmi ces villes, on retrouve :<\/p>\n\n<div class=\"wpdt-c row wpDataTableContainerSimpleTable wpDataTables wpDataTablesWrapper\n\"\n    >\n    <table id=\"wpdtSimpleTable-602\"\n           class=\"wpdtSimpleTable wpDataTable\"\n           data-column=\"2\"\n           data-rows=\"17\"\n           data-wpID=\"602\"\n           data-responsive=\"0\"\n           data-has-header=\"0\">\n\n                    <tbody>        <tr class=\"wpdt-cell-row \" >\n                            <td class=\"wpdt-cell wpdt-bold wpdt-bc-C9DEE7\"\n                                    data-cell-id=\"A1\"\n                data-col-index=\"0\"\n                data-row-index=\"0\"\n                style=\" width:45.073891625616%;                padding:10px;\"\n                >\n                                Ville                <\/td>\n                                            <td class=\"wpdt-cell wpdt-bold wpdt-bc-C9DEE7\"\n                                    data-cell-id=\"B1\"\n                data-col-index=\"1\"\n                data-row-index=\"0\"\n                style=\" width:54.926108374384%;                padding:10px;\"\n                >\n                                Montant de l\u2019aide                <\/td>\n                                        <\/tr>\n                            <tr class=\"wpdt-cell-row \" >\n                            <td class=\"wpdt-cell \"\n                                    data-cell-id=\"A2\"\n                data-col-index=\"0\"\n                data-row-index=\"1\"\n                style=\"                padding:10px;\"\n                >\n                                Nice                <\/td>\n                                            <td class=\"wpdt-cell \"\n                                    data-cell-id=\"B2\"\n                data-col-index=\"1\"\n                data-row-index=\"1\"\n                style=\"                padding:10px;\"\n                >\n                                Jusqu\u2019\u00e0 450 \u20ac                <\/td>\n                                        <\/tr>\n                            <tr class=\"wpdt-cell-row \" >\n                            <td class=\"wpdt-cell \"\n                                    data-cell-id=\"A3\"\n                data-col-index=\"0\"\n                data-row-index=\"2\"\n                style=\"                padding:10px;\"\n                >\n                                Marseille                <\/td>\n                                            <td class=\"wpdt-cell \"\n                                    data-cell-id=\"B3\"\n                data-col-index=\"1\"\n                data-row-index=\"2\"\n                style=\"                padding:10px;\"\n                >\n                                Jusqu\u2019\u00e0 300 \u20ac                <\/td>\n                                        <\/tr>\n                            <tr class=\"wpdt-cell-row \" >\n                            <td class=\"wpdt-cell \"\n                                    data-cell-id=\"A4\"\n                data-col-index=\"0\"\n                data-row-index=\"3\"\n                style=\"                padding:10px;\"\n                >\n                                Toulon                <\/td>\n                                            <td class=\"wpdt-cell \"\n                                    data-cell-id=\"B4\"\n                data-col-index=\"1\"\n                data-row-index=\"3\"\n                style=\"                padding:10px;\"\n                >\n                                Jusqu\u2019\u00e0 550 \u20ac                <\/td>\n                                        <\/tr>\n                            <tr class=\"wpdt-cell-row \" >\n                            <td class=\"wpdt-cell \"\n                                    data-cell-id=\"A5\"\n                data-col-index=\"0\"\n                data-row-index=\"4\"\n                style=\"                padding:10px;\"\n                >\n                                Berre-l\u2019\u00c9tang                <\/td>\n                                            <td class=\"wpdt-cell \"\n                                    data-cell-id=\"B5\"\n                data-col-index=\"1\"\n                data-row-index=\"4\"\n                style=\"                padding:10px;\"\n                >\n                                Jusqu\u2019\u00e0 200 \u20ac                <\/td>\n                                        <\/tr>\n                            <tr class=\"wpdt-cell-row \" >\n                            <td class=\"wpdt-cell \"\n                                    data-cell-id=\"A6\"\n                data-col-index=\"0\"\n                data-row-index=\"5\"\n                style=\"                padding:10px;\"\n                >\n                                Pennes-Mirabeau                <\/td>\n                                            <td class=\"wpdt-cell \"\n                                    data-cell-id=\"B6\"\n                data-col-index=\"1\"\n                data-row-index=\"5\"\n                style=\"                padding:10px;\"\n                >\n                                Jusqu\u2019\u00e0 700 \u20ac                <\/td>\n                                        <\/tr>\n                            <tr class=\"wpdt-cell-row \" >\n                            <td class=\"wpdt-cell \"\n                                    data-cell-id=\"A7\"\n                data-col-index=\"0\"\n                data-row-index=\"6\"\n                style=\"                padding:10px;\"\n                >\n                                Salon de Provence                <\/td>\n                                            <td class=\"wpdt-cell \"\n                                    data-cell-id=\"B7\"\n                data-col-index=\"1\"\n                data-row-index=\"6\"\n                style=\"                padding:10px;\"\n                >\n                                Jusqu\u2019\u00e0 300 \u20ac                <\/td>\n                                        <\/tr>\n                            <tr class=\"wpdt-cell-row \" >\n                            <td class=\"wpdt-cell \"\n                                    data-cell-id=\"A8\"\n                data-col-index=\"0\"\n                data-row-index=\"7\"\n                style=\"                padding:10px;\"\n                >\n                                Fuveau                <\/td>\n                                            <td class=\"wpdt-cell \"\n                                    data-cell-id=\"B8\"\n                data-col-index=\"1\"\n                data-row-index=\"7\"\n                style=\"                padding:10px;\"\n                >\n                                Jusqu\u2019\u00e0 740 \u20ac                <\/td>\n                                        <\/tr>\n                            <tr class=\"wpdt-cell-row \" >\n                            <td class=\"wpdt-cell \"\n                                    data-cell-id=\"A9\"\n                data-col-index=\"0\"\n                data-row-index=\"8\"\n                style=\"                padding:10px;\"\n                >\n                                Pelissanne                <\/td>\n                                            <td class=\"wpdt-cell \"\n                                    data-cell-id=\"B9\"\n                data-col-index=\"1\"\n                data-row-index=\"8\"\n                style=\"                padding:10px;\"\n                >\n                                Jusqu\u2019\u00e0 600 \u20ac                <\/td>\n                                        <\/tr>\n                            <tr class=\"wpdt-cell-row \" >\n                            <td class=\"wpdt-cell \"\n                                    data-cell-id=\"A10\"\n                data-col-index=\"0\"\n                data-row-index=\"9\"\n                style=\"                padding:10px;\"\n                >\n                                Cannes                <\/td>\n                                            <td class=\"wpdt-cell \"\n                                    data-cell-id=\"B10\"\n                data-col-index=\"1\"\n                data-row-index=\"9\"\n                style=\"                padding:10px;\"\n                >\n                                Jusqu\u2019\u00e0 1100 \u20ac                <\/td>\n                                        <\/tr>\n                            <tr class=\"wpdt-cell-row \" >\n                            <td class=\"wpdt-cell \"\n                                    data-cell-id=\"A11\"\n                data-col-index=\"0\"\n                data-row-index=\"10\"\n                style=\"                padding:10px;\"\n                >\n                                Carpentras                <\/td>\n                                            <td class=\"wpdt-cell \"\n                                    data-cell-id=\"B11\"\n                data-col-index=\"1\"\n                data-row-index=\"10\"\n                style=\"                padding:10px;\"\n                >\n                                Jusqu\u2019\u00e0 700 \u20ac                <\/td>\n                                        <\/tr>\n                            <tr class=\"wpdt-cell-row \" >\n                            <td class=\"wpdt-cell \"\n                                    data-cell-id=\"A12\"\n                data-col-index=\"0\"\n                data-row-index=\"11\"\n                style=\"                padding:10px;\"\n                >\n                                Draguignan                <\/td>\n                                            <td class=\"wpdt-cell \"\n                                    data-cell-id=\"B12\"\n                data-col-index=\"1\"\n                data-row-index=\"11\"\n                style=\"                padding:10px;\"\n                >\n                                Jusqu\u2019\u00e0 600 \u20ac                <\/td>\n                                        <\/tr>\n                            <tr class=\"wpdt-cell-row \" >\n                            <td class=\"wpdt-cell \"\n                                    data-cell-id=\"A13\"\n                data-col-index=\"0\"\n                data-row-index=\"12\"\n                style=\"                padding:10px;\"\n                >\n                                Antibes                <\/td>\n                                            <td class=\"wpdt-cell \"\n                                    data-cell-id=\"B13\"\n                data-col-index=\"1\"\n                data-row-index=\"12\"\n                style=\"                padding:10px;\"\n                >\n                                Jusqu\u2019\u00e0 300 \u20ac                <\/td>\n                                        <\/tr>\n                            <tr class=\"wpdt-cell-row \" >\n                            <td class=\"wpdt-cell \"\n                                    data-cell-id=\"A14\"\n                data-col-index=\"0\"\n                data-row-index=\"13\"\n                style=\"                padding:10px;\"\n                >\n                                Manosque                <\/td>\n                                            <td class=\"wpdt-cell \"\n                                    data-cell-id=\"B14\"\n                data-col-index=\"1\"\n                data-row-index=\"13\"\n                style=\"                padding:10px;\"\n                >\n                                Jusqu\u2019\u00e0 150 \u20ac                <\/td>\n                                        <\/tr>\n                            <tr class=\"wpdt-cell-row \" >\n                            <td class=\"wpdt-cell \"\n                                    data-cell-id=\"A15\"\n                data-col-index=\"0\"\n                data-row-index=\"14\"\n                style=\"                padding:10px;\"\n                >\n                                Digne-les-Bains                <\/td>\n                                            <td class=\"wpdt-cell \"\n                                    data-cell-id=\"B15\"\n                data-col-index=\"1\"\n                data-row-index=\"14\"\n                style=\"                padding:10px;\"\n                >\n                                Jusqu\u2019\u00e0 900 \u20ac                <\/td>\n                                        <\/tr>\n                            <tr class=\"wpdt-cell-row \" >\n                            <td class=\"wpdt-cell \"\n                                    data-cell-id=\"A16\"\n                data-col-index=\"0\"\n                data-row-index=\"15\"\n                style=\"                padding:10px;\"\n                >\n                                Fos-sur-Mer                <\/td>\n                                            <td class=\"wpdt-cell \"\n                                    data-cell-id=\"B16\"\n                data-col-index=\"1\"\n                data-row-index=\"15\"\n                style=\"                padding:10px;\"\n                >\n                                Jusqu\u2019\u00e0 800 \u20ac                <\/td>\n                                        <\/tr>\n                            <tr class=\"wpdt-cell-row \" >\n                            <td class=\"wpdt-cell \"\n                                    data-cell-id=\"A17\"\n                data-col-index=\"0\"\n                data-row-index=\"16\"\n                style=\"                padding:10px;\"\n                >\n                                Lambesc                <\/td>\n                                            <td class=\"wpdt-cell \"\n                                    data-cell-id=\"B17\"\n                data-col-index=\"1\"\n                data-row-index=\"16\"\n                style=\"                padding:10px;\"\n                >\n                                Jusqu\u2019\u00e0 950 \u20ac                <\/td>\n                                        <\/tr>\n                    <\/table>\n<\/div><style id='wpdt-custom-style-602'>\n.wpdt-bc-C9DEE7 { background-color: #C9DEE7 !important;}\n<\/style>\n\n<p>&nbsp;<\/p>\n<h1>Quelles sont les d\u00e9marches \u00e0 suivre pour faire une demande d\u2019aide au permis de conduire en PACA ?<\/h1>\n<h2>Comment faire sa demande d\u2019aide r\u00e9gionale pour le permis en PACA ?<\/h2>\n<p>Pour faire une demande d\u2019aide r\u00e9gionale au permis de conduire en PACA, vous devez suivre plusieurs \u00e9tapes. Tout d\u2019abord, il faut<b> v\u00e9rifier son \u00e9ligibilit\u00e9<\/b> : \u00eatre en derni\u00e8re ann\u00e9e de CAP ou dans une sp\u00e9cialit\u00e9 de baccalaur\u00e9at professionnel et \u00eatre inscrit dans un CFA ou une section d\u2019apprentissage de la r\u00e9gion. Ensuite, il est n\u00e9cessaire d\u2019\u00eatre <b>titulaire de la Carte Jeune R\u00e9gion<\/b>. La demande de financement doit \u00eatre transmise directement au Centre de Formation d\u2019Apprentis (CFA) o\u00f9 vous \u00eates inscrit.<\/p>\n<p>Le CFA se chargera de traiter la demande et de la transmettre aux services r\u00e9gionaux comp\u00e9tents. Les documents requis comprennent g\u00e9n\u00e9ralement une <b>copie de la pi\u00e8ce d\u2019identit\u00e9<\/b>, un<b> justificatif de domicile<\/b> de moins de 3 mois et <b>une facture ou un devis <\/b>de l\u2019auto-\u00e9cole datant de moins de 12 mois. Une fois approuv\u00e9e, l\u2019aide forfaitaire de <b>500 \u20ac<\/b> sera vers\u00e9e, soit directement \u00e0 l\u2019auto-\u00e9cole conventionn\u00e9e, soit sur votre compte bancaire.<\/p>\n<h2>Quelles sont les \u00e9tapes \u00e0 suivre pour faire une demande d\u2019aide communale en r\u00e9gion PACA pour le permis ?<\/h2>\n<p>Pour faire une demande d\u2019aide communale au permis de conduire en r\u00e9gion PACA, plusieurs \u00e9tapes sont \u00e0 suivre :<\/p>\n<ul>\n<li aria-level=\"1\">Il faut se renseigner aupr\u00e8s de sa mairie ou consulter le site internet de votre commune.<\/li>\n<li aria-level=\"1\">Il est n\u00e9cessaire de pr\u00e9parer les documents g\u00e9n\u00e9ralement requis, tels qu\u2019une pi\u00e8ce d\u2019identit\u00e9, un justificatif de domicile r\u00e9cent, une attestation d\u2019inscription \u00e0 une auto-\u00e9cole et un relev\u00e9 d\u2019identit\u00e9 bancaire.<\/li>\n<li aria-level=\"1\">Il faut remplir un formulaire de demande sp\u00e9cifique \u00e0 la commune et le d\u00e9poser, accompagn\u00e9 des pi\u00e8ces justificatives, aupr\u00e8s du service municipal concern\u00e9, souvent le CCAS ou le service jeunesse.<\/li>\n<li aria-level=\"1\">La demande est ensuite soumise \u00e0 une commission qui valide le financement.<\/li>\n<\/ul>\n<p><b>\u00c0 noter : <\/b>les proc\u00e9dures peuvent varier selon les communes, il est donc recommand\u00e9 de contacter directement sa mairie.<\/p>\n<p class=\"p1\"><div class='cta-block'><div class='text'>Simulez toutes vos Aides en 2 min.<\/div><a href='https:\/\/www.mes-allocs.fr\/ab-app?origin=guides\/wp-json\/wp\/v2\/posts\/91997' class='app-button fit'>Simulation gratuite<\/a><\/div><\/p>\n","protected":false},"excerpt":{"rendered":"<p>[Mis \u00e0 jour le 27\/03\/2026] Passer son permis de conduire repr\u00e9sente un co\u00fbt important, alors qu\u2019il est souvent indispensable pour l\u2019insertion professionnelle. Heureusement, la r\u00e9gion PACA propose plusieurs aides \u00e0 la mobilit\u00e9 pour les jeunes et les apprentis. Cet article vous guide \u00e0 travers les dispositifs r\u00e9gionaux, d\u00e9partementaux et communaux qui vous permettront de financer [&hellip;]<\/p>\n","protected":false},"author":31,"featured_media":91998,"comment_status":"open","ping_status":"open","sticky":false,"template":"","format":"standard","meta":{"amp_status":"","footnotes":""},"categories":[9928,43467,29],"tags":[],"class_list":["post-91997","post","type-post","status-publish","format-standard","has-post-thumbnail","hentry","category-aide-permis-de-conduire","category-aide-region-permis-de-conduire","category-aide-mobilite"],"yoast_head":"<!-- This site is optimized with the Yoast SEO plugin v14.9 - https:\/\/yoast.com\/wordpress\/plugins\/seo\/ -->\n<title>Quelles sont les aides au permis de conduire en r\u00e9gion PACA ?<\/title>\n<meta name=\"description\" content=\"Financez votre permis de conduire en r\u00e9gion PACA ! D\u00e9couvrez les aides r\u00e9gionales, d\u00e9partementales et communales pour les jeunes !\" \/>\n<meta name=\"robots\" content=\"index, follow, max-snippet:-1, max-image-preview:large, max-video-preview:-1\" \/>\n<link rel=\"canonical\" href=\"https:\/\/www.mes-allocs.fr\/guides\/aide-mobilite\/aide-permis-de-conduire\/aide-region-permis-de-conduire\/aide-permis-de-conduire-paca\/\" \/>\n<meta property=\"og:locale\" content=\"fr_FR\" \/>\n<meta property=\"og:type\" content=\"article\" \/>\n<meta property=\"og:title\" content=\"Quelles sont les aides au permis de conduire en r\u00e9gion PACA ?\" \/>\n<meta property=\"og:description\" content=\"Financez votre permis de conduire en r\u00e9gion PACA ! D\u00e9couvrez les aides r\u00e9gionales, d\u00e9partementales et communales pour les jeunes !\" \/>\n<meta property=\"og:url\" content=\"https:\/\/www.mes-allocs.fr\/guides\/aide-mobilite\/aide-permis-de-conduire\/aide-region-permis-de-conduire\/aide-permis-de-conduire-paca\/\" \/>\n<meta property=\"og:site_name\" content=\"Mes-Allocs.fr\" \/>\n<meta property=\"article:published_time\" content=\"2025-01-28T14:05:33+00:00\" \/>\n<meta property=\"article:modified_time\" content=\"2026-04-22T09:50:39+00:00\" \/>\n<meta property=\"og:image\" content=\"https:\/\/www.mes-allocs.fr\/guides\/wp-content\/uploads\/2025\/01\/aide-permis-de-conduire-PACA.jpg?wsr\" \/>\n\t<meta property=\"og:image:width\" content=\"1500\" \/>\n\t<meta property=\"og:image:height\" content=\"1000\" \/>\n<meta name=\"twitter:card\" content=\"summary_large_image\" \/>\n<script type=\"application\/ld+json\" class=\"yoast-schema-graph\">{\"@context\":\"https:\/\/schema.org\",\"@graph\":[{\"@type\":\"WebSite\",\"@id\":\"https:\/\/www.mes-allocs.fr\/guides\/#website\",\"url\":\"https:\/\/www.mes-allocs.fr\/guides\/\",\"name\":\"Mes-Allocs.fr\",\"description\":\"\",\"potentialAction\":[{\"@type\":\"SearchAction\",\"target\":\"https:\/\/www.mes-allocs.fr\/guides\/?s={search_term_string}\",\"query-input\":\"required name=search_term_string\"}],\"inLanguage\":\"fr-FR\"},{\"@type\":\"ImageObject\",\"@id\":\"https:\/\/www.mes-allocs.fr\/guides\/aide-mobilite\/aide-permis-de-conduire\/aide-region-permis-de-conduire\/aide-permis-de-conduire-paca\/#primaryimage\",\"inLanguage\":\"fr-FR\",\"url\":\"https:\/\/www.mes-allocs.fr\/guides\/wp-content\/uploads\/2025\/01\/aide-permis-de-conduire-PACA.jpg?wsr\",\"width\":1500,\"height\":1000,\"caption\":\"aide permis de conduire PACA\"},{\"@type\":\"WebPage\",\"@id\":\"https:\/\/www.mes-allocs.fr\/guides\/aide-mobilite\/aide-permis-de-conduire\/aide-region-permis-de-conduire\/aide-permis-de-conduire-paca\/#webpage\",\"url\":\"https:\/\/www.mes-allocs.fr\/guides\/aide-mobilite\/aide-permis-de-conduire\/aide-region-permis-de-conduire\/aide-permis-de-conduire-paca\/\",\"name\":\"Quelles sont les aides au permis de conduire en r\\u00e9gion PACA ?\",\"isPartOf\":{\"@id\":\"https:\/\/www.mes-allocs.fr\/guides\/#website\"},\"primaryImageOfPage\":{\"@id\":\"https:\/\/www.mes-allocs.fr\/guides\/aide-mobilite\/aide-permis-de-conduire\/aide-region-permis-de-conduire\/aide-permis-de-conduire-paca\/#primaryimage\"},\"datePublished\":\"2025-01-28T14:05:33+00:00\",\"dateModified\":\"2026-04-22T09:50:39+00:00\",\"author\":{\"@id\":\"https:\/\/www.mes-allocs.fr\/guides\/#\/schema\/person\/4f115680446d9e6de360142157ca671d\"},\"description\":\"Financez votre permis de conduire en r\\u00e9gion PACA ! D\\u00e9couvrez les aides r\\u00e9gionales, d\\u00e9partementales et communales pour les jeunes !\",\"inLanguage\":\"fr-FR\"},{\"@type\":\"Person\",\"@id\":\"https:\/\/www.mes-allocs.fr\/guides\/#\/schema\/person\/4f115680446d9e6de360142157ca671d\",\"name\":\"Miangaly Ramasindray\",\"image\":{\"@type\":\"ImageObject\",\"@id\":\"https:\/\/www.mes-allocs.fr\/guides\/#personlogo\",\"inLanguage\":\"fr-FR\",\"url\":\"https:\/\/www.mes-allocs.fr\/guides\/wp-content\/uploads\/2024\/10\/Miangaly_Ramasindray-150x150.jpeg\",\"caption\":\"Miangaly Ramasindray\"},\"description\":\"Miangaly est r\\u00e9dactrice web sp\\u00e9cialis\\u00e9e sur les sujets de pouvoir d'achat. Elle rejoint Mes Allocs en 2024 apr\\u00e8s une premi\\u00e8re exp\\u00e9rience en marketing chez DMI.\",\"sameAs\":[\"https:\/\/www.linkedin.com\/in\/miangaly-ramasindray\/\"]}]}<\/script>\n<!-- \/ Yoast SEO plugin. -->","amp_validity":null,"acf":{"faq":{"1":{"question":" O\u00f9 puis-je me renseigner sur les aides au permis de conduire disponibles dans ma commune ?","answer":"Contactez votre mairie, le Centre Communal d'Action Sociale (CCAS) ou le Point Information Jeunesse (PIJ)."},"2":{"question":"Que faire si ma demande d'aide au permis de conduire est refus\u00e9e ?","answer":"Contactez l'organisme qui a instruit votre demande pour conna\u00eetre les motifs du refus et les possibilit\u00e9s de recours."},"3":{"question":"Est-ce que je peux utiliser une aide au permis de conduire pour financer la conduite accompagn\u00e9e (AAC) ?","answer":"Cela d\u00e9pend des aides, mais en g\u00e9n\u00e9ral oui."},"4":{"question":"Est-ce que les aides au permis de conduire couvrent l'int\u00e9gralit\u00e9 du co\u00fbt du permis ?","answer":"En g\u00e9n\u00e9ral, non. Il faut souvent pr\u00e9voir un compl\u00e9ment de financement."},"5":{"question":"Les demandeurs d\u2019emploi peuvent-ils recevoir une aide au permis ?","answer":"L'aide de France Travail au permis de conduire n'est plus disponible au 1er avril 2026. \r\n"},"6":{"question":"Peut-on utiliser le Compte Personnel de Formation (CPF) pour le permis ?","answer":"Oui, le CPF peut \u00eatre mobilis\u00e9 pour financer tout ou partie du permis si cela est li\u00e9 \u00e0 un projet professionnel."},"7":{"question":"","answer":""},"8":{"question":"","answer":""},"9":{"question":"","answer":""},"10":{"question":"","answer":""},"11":{"question":"","answer":""},"12":{"question":"","answer":""},"13":{"question":"","answer":""},"14":{"question":"","answer":""},"15":{"question":"","answer":""},"16":{"question":"","answer":""}}},"_links":{"self":[{"href":"https:\/\/www.mes-allocs.fr\/guides\/wp-json\/wp\/v2\/posts\/91997","targetHints":{"allow":["GET"]}}],"collection":[{"href":"https:\/\/www.mes-allocs.fr\/guides\/wp-json\/wp\/v2\/posts"}],"about":[{"href":"https:\/\/www.mes-allocs.fr\/guides\/wp-json\/wp\/v2\/types\/post"}],"author":[{"embeddable":true,"href":"https:\/\/www.mes-allocs.fr\/guides\/wp-json\/wp\/v2\/users\/31"}],"replies":[{"embeddable":true,"href":"https:\/\/www.mes-allocs.fr\/guides\/wp-json\/wp\/v2\/comments?post=91997"}],"version-history":[{"count":4,"href":"https:\/\/www.mes-allocs.fr\/guides\/wp-json\/wp\/v2\/posts\/91997\/revisions"}],"predecessor-version":[{"id":111116,"href":"https:\/\/www.mes-allocs.fr\/guides\/wp-json\/wp\/v2\/posts\/91997\/revisions\/111116"}],"wp:featuredmedia":[{"embeddable":true,"href":"https:\/\/www.mes-allocs.fr\/guides\/wp-json\/wp\/v2\/media\/91998"}],"wp:attachment":[{"href":"https:\/\/www.mes-allocs.fr\/guides\/wp-json\/wp\/v2\/media?parent=91997"}],"wp:term":[{"taxonomy":"category","embeddable":true,"href":"https:\/\/www.mes-allocs.fr\/guides\/wp-json\/wp\/v2\/categories?post=91997"},{"taxonomy":"post_tag","embeddable":true,"href":"https:\/\/www.mes-allocs.fr\/guides\/wp-json\/wp\/v2\/tags?post=91997"}],"curies":[{"name":"wp","href":"https:\/\/api.w.org\/{rel}","templated":true}]}}