{"id":91515,"date":"2025-01-22T13:13:53","date_gmt":"2025-01-22T11:13:53","guid":{"rendered":"https:\/\/www.mes-allocs.fr\/guides\/?p=91515"},"modified":"2026-04-22T10:50:41","modified_gmt":"2026-04-22T09:50:41","slug":"mon-master","status":"publish","type":"post","link":"https:\/\/www.mes-allocs.fr\/guides\/aide-formation\/mon-master\/","title":{"rendered":"Mon Master : guide de la plateforme pour les \u00e9tudiants"},"content":{"rendered":"<p><img loading=\"lazy\" decoding=\"async\" class=\"aligncenter wp-image-91524 size-large\" title=\"mon master\" src=\"https:\/\/www.mes-allocs.fr\/guides\/wp-content\/uploads\/2025\/01\/mon-master-e1764342097193-1024x240.jpg\" alt=\"mon master\" width=\"1024\" height=\"240\" srcset=\"https:\/\/www.mes-allocs.fr\/guides\/wp-content\/uploads\/2025\/01\/mon-master-e1764342097193-1024x240.jpg 1024w, https:\/\/www.mes-allocs.fr\/guides\/wp-content\/uploads\/2025\/01\/mon-master-e1764342097193-300x70.jpg 300w, https:\/\/www.mes-allocs.fr\/guides\/wp-content\/uploads\/2025\/01\/mon-master-e1764342097193-768x180.jpg 768w, https:\/\/www.mes-allocs.fr\/guides\/wp-content\/uploads\/2025\/01\/mon-master-e1764342097193-600x141.jpg 600w, https:\/\/www.mes-allocs.fr\/guides\/wp-content\/uploads\/2025\/01\/mon-master-e1764342097193.jpg 1280w\" sizes=\"auto, (max-width: 1024px) 100vw, 1024px\" \/><\/p>\n<p>En France, de nombreuses\u00a0<a class=\"c-link\" href=\"https:\/\/www.mes-allocs.fr\/guides\/aide-formation\/\" target=\"_blank\" rel=\"noopener noreferrer\" data-stringify-link=\"https:\/\/www.mes-allocs.fr\/guides\/aide-formation\/\" data-sk=\"tooltip_parent\">aides \u00e0 la formation<\/a> existent. Qu&rsquo;il s&rsquo;agisse de solutions de financement ou encore de plateformes sp\u00e9cialis\u00e9es, tout est mis en oeuvre pour faciliter votre reprise ou poursuite d&rsquo;\u00e9tude. Depuis sa mise en place, la plateforme <strong>Mon Master<\/strong> centralise les candidatures pour les formations de deuxi\u00e8me cycle en France. Que vous soyez \u00e9tudiant en fin de licence ou \u00e0 la recherche d\u2019une reprise d\u2019\u00e9tudes, Mon Master est votre alli\u00e9 pour acc\u00e9der aux programmes adapt\u00e9s \u00e0 votre projet professionnel. Dans cet article, nous vous proposons un guide complet pour comprendre le fonctionnement de cette plateforme, les dates cl\u00e9s \u00e0 retenir, et les \u00e9tapes essentielles pour maximiser vos chances de succ\u00e8s. D\u00e9couvrez \u00e9galement des conseils pratiques pour bien pr\u00e9parer votre candidature et faire la diff\u00e9rence aupr\u00e8s des \u00e9tablissements.<\/p>\n<div class='cta-block'><div class='text'>Simulez toutes vos aides en 2 min. <\/div><a href='https:\/\/www.mes-allocs.fr\/ab-app?origin=guides\/wp-json\/wp\/v2\/posts\/91515' class='app-button fit'>Simulation gratuite<\/a><\/div>\n<h1>Qu&rsquo;est-ce que Mon Master ?<\/h1>\n<p>La plateforme <b>Mon Master<\/b> est un outil officiel mis en place par l&rsquo;\u00c9tat. Mon Master vise la simplification des candidatures pour les formations de master en France. Accessible en ligne, elle permet aux \u00e9tudiants de rechercher, comparer et postuler \u00e0 une multitude de programmes propos\u00e9s par les universit\u00e9s, les \u00e9coles et autres \u00e9tablissements d\u2019enseignement sup\u00e9rieur.<\/p>\n<h2>Quelle est l&rsquo;utilit\u00e9 de la plateforme Mon Master ?<\/h2>\n<p>Mon Master <b>centralise l\u2019ensemble des dipl\u00f4mes<\/b> nationaux de master propos\u00e9s par les \u00e9tablissements accr\u00e9dit\u00e9s, offrant ainsi une vue compl\u00e8te et accessible de toutes les formations disponibles \u00e0 l\u2019\u00e9chelle nationale. Gr\u00e2ce \u00e0 ce portail, les \u00e9tudiants peuvent consulter les offres de formation, comparer les diff\u00e9rents cursus et d\u00e9poser leurs candidatures directement en ligne.<\/p>\n<p>Un autre avantage de \u00ab Mon Master \u00bb est la <b>simplification des d\u00e9marches administratives<\/b>. La plateforme propose un dossier unique de candidature, ce qui permet aux \u00e9tudiants de postuler \u00e0 plusieurs masters en suivant un calendrier commun \u00e0 tous les \u00e9tablissements. Cette harmonisation facilite grandement le processus d\u2019acc\u00e8s au master.<\/p>\n<p>Enfin, pour les \u00e9tudiants qui n\u2019auraient pas re\u00e7u de r\u00e9ponse positive \u00e0 leurs candidatures, \u00ab Mon Master \u00bb pr\u00e9voit un accompagnement personnalis\u00e9. Les services rectoraux se mobilisent pour les aider \u00e0 trouver une solution adapt\u00e9e, garantissant ainsi une \u00e9quit\u00e9 d\u2019acc\u00e8s aux \u00e9tudes sup\u00e9rieures.<\/p>\n<p><iframe loading=\"lazy\" title=\"Les aides \u00e0 la formation\" width=\"500\" height=\"281\" src=\"https:\/\/www.youtube.com\/embed\/gs3ZRHqtzmY?feature=oembed\" frameborder=\"0\" allow=\"accelerometer; autoplay; clipboard-write; encrypted-media; gyroscope; picture-in-picture; web-share\" referrerpolicy=\"strict-origin-when-cross-origin\" allowfullscreen><\/iframe><\/p>\n<h2>Qui est concern\u00e9 par la plateforme Mon Master ?<\/h2>\n<p>La plateforme Mon Master s\u2019adresse principalement aux :<\/p>\n<ul>\n<li aria-level=\"1\">\u00c9tudiants en fin de licence<\/li>\n<li aria-level=\"1\">Professionnels en reprise d\u2019\u00e9tudes qui souhaitent poursuivre une formation en master pour \u00e9voluer ou se reconvertir professionnellement<\/li>\n<li aria-level=\"1\">\u00c9tudiants Fran\u00e7ais, Europ\u00e9ens, Andorrans, Suisses ou Mon\u00e9gasques<\/li>\n<li aria-level=\"1\">Titulaires d\u2019un dipl\u00f4me \u00e9quivalent \u00e0 une licence et reconnu par le syst\u00e8me fran\u00e7ais d\u2019enseignement sup\u00e9rieur.<\/li>\n<\/ul>\n<p>Attention, certains candidats ne sont pas concern\u00e9s par Mon Master, notamment :<\/p>\n<ul>\n<li aria-level=\"1\">Les \u00e9tudiants \u00e9trangers r\u00e9sidant dans un pays b\u00e9n\u00e9ficiant du dispositif \u00c9tudes en France<\/li>\n<li aria-level=\"1\">Les redoublants en premi\u00e8re ann\u00e9e de master<\/li>\n<li aria-level=\"1\">Les candidats sollicitant une admission par validation des \u00e9tudes sup\u00e9rieures (VES) ou des acquis professionnels (VAP)<\/li>\n<li aria-level=\"1\">Les \u00e9tudiants dont le cursus int\u00e8gre automatiquement un acc\u00e8s en master, comme ceux inscrits en Cursus Master en Ing\u00e9nierie (CMI).<\/li>\n<\/ul>\n<h1>Les dates \u00e0 retenir pour Mon Master<\/h1>\n<h2>Quand candidater sur Mon Master ?<\/h2>\n<p>Pour r\u00e9ussir vos candidatures en master, il est essentiel de respecter les diff\u00e9rentes \u00e9tapes du calendrier. Chaque ann\u00e9e, la plateforme suit un planning pr\u00e9cis qui commence d\u00e8s le d\u00e9but de l&rsquo;ann\u00e9e universitaire. Le planning est divis\u00e9 en p\u00e9riodes cl\u00e9s :<\/p>\n<ul>\n<li aria-level=\"1\"><b>Ouverture de la plateforme<\/b> : En janvier, la plateforme Mon Master est accessible pour consultation des formations disponibles. Les \u00e9tudiants peuvent explorer les masters propos\u00e9s et pr\u00e9parer leur dossier.<\/li>\n<li aria-level=\"1\"><b>D\u00e9p\u00f4t des candidatures<\/b> : G\u00e9n\u00e9ralement, cette \u00e9tape se d\u00e9roule entre f\u00e9vrier et mars. Pendant cette p\u00e9riode, les candidats doivent soumettre leur dossier complet via la plateforme.<\/li>\n<li aria-level=\"1\"><b>Entretiens ou \u00e9preuves \u00e9ventuels<\/b> : Certains \u00e9tablissements peuvent organiser des entretiens ou des tests de s\u00e9lection entre avril et mai.<\/li>\n<li aria-level=\"1\"><b>R\u00e9sultats d\u2019admission<\/b> : Les \u00e9tablissements communiquent les r\u00e9ponses aux candidats \u00e0 partir de juin.<\/li>\n<li aria-level=\"1\"><b>Inscription administrative<\/b> : Une fois admis, les \u00e9tudiants doivent valider leur inscription dans leur \u00e9tablissement entre juillet et ao\u00fbt.<\/li>\n<\/ul>\n<h2>Le calendrier Mon Master 2026<\/h2>\n<p>Pour l\u2019ann\u00e9e 2026, voici le calendrier pr\u00e9visionnel des principales \u00e9tapes :<\/p>\n\n<div class=\"wpdt-c row wpDataTableContainerSimpleTable wpDataTables wpDataTablesWrapper\n\"\n    >\n    <table id=\"wpdtSimpleTable-592\"\n           class=\"wpdtSimpleTable wpDataTable\"\n           data-column=\"2\"\n           data-rows=\"6\"\n           data-wpID=\"592\"\n           data-responsive=\"0\"\n           data-has-header=\"0\">\n\n                    <tbody>        <tr class=\"wpdt-cell-row \" >\n                            <td class=\"wpdt-cell wpdt-bold\"\n                                    data-cell-id=\"A1\"\n                data-col-index=\"0\"\n                data-row-index=\"0\"\n                style=\" width:50%;                padding:10px;\"\n                >\n                                2 f\u00e9vrier 2026                <\/td>\n                                            <td class=\"wpdt-cell \"\n                                    data-cell-id=\"B1\"\n                data-col-index=\"1\"\n                data-row-index=\"0\"\n                style=\" width:50%;                padding:10px;\"\n                >\n                                Publication de l\u2019offre de formation ouvrant en septembre 2026                <\/td>\n                                        <\/tr>\n                            <tr class=\"wpdt-cell-row \" >\n                            <td class=\"wpdt-cell wpdt-bold\"\n                                    data-cell-id=\"A2\"\n                data-col-index=\"0\"\n                data-row-index=\"1\"\n                style=\"                padding:10px;\"\n                >\n                                Du 17 f\u00e9vrier au 16 mars 2026                <\/td>\n                                            <td class=\"wpdt-cell \"\n                                    data-cell-id=\"B2\"\n                data-col-index=\"1\"\n                data-row-index=\"1\"\n                style=\"                padding:10px;\"\n                >\n                                D\u00e9p\u00f4t des candidatures                <\/td>\n                                        <\/tr>\n                            <tr class=\"wpdt-cell-row \" >\n                            <td class=\"wpdt-cell wpdt-bold\"\n                                    data-cell-id=\"A3\"\n                data-col-index=\"0\"\n                data-row-index=\"2\"\n                style=\"                padding:10px;\"\n                >\n                                Du 21 mars au 2 juin 2026                <\/td>\n                                            <td class=\"wpdt-cell \"\n                                    data-cell-id=\"B3\"\n                data-col-index=\"1\"\n                data-row-index=\"2\"\n                style=\"                padding:10px;\"\n                >\n                                Examen des candidatures classiques par les \u00e9tablissements.                 <\/td>\n                                        <\/tr>\n                            <tr class=\"wpdt-cell-row \" >\n                            <td class=\"wpdt-cell wpdt-bold\"\n                                    data-cell-id=\"A4\"\n                data-col-index=\"0\"\n                data-row-index=\"3\"\n                style=\"                padding:10px;\"\n                >\n                                Du 3 au 16 juin 2026                <\/td>\n                                            <td class=\"wpdt-cell \"\n                                    data-cell-id=\"B4\"\n                data-col-index=\"1\"\n                data-row-index=\"3\"\n                style=\"                padding:10px;\"\n                >\n                                D\u00e9but des r\u00e9ponses d\u2019admission des \u00e9tablissements                <\/td>\n                                        <\/tr>\n                            <tr class=\"wpdt-cell-row \" >\n                            <td class=\"wpdt-cell wpdt-bold\"\n                                    data-cell-id=\"A5\"\n                data-col-index=\"0\"\n                data-row-index=\"4\"\n                style=\"                padding:10px;\"\n                >\n                                Du 19 juin au 19 juillet 2026                <\/td>\n                                            <td class=\"wpdt-cell \"\n                                    data-cell-id=\"B5\"\n                data-col-index=\"1\"\n                data-row-index=\"4\"\n                style=\"                padding:10px;\"\n                >\n                                Phase compl\u00e9mentaire                <\/td>\n                                        <\/tr>\n                            <tr class=\"wpdt-cell-row \" >\n                            <td class=\"wpdt-cell wpdt-bold\"\n                                    data-cell-id=\"A6\"\n                data-col-index=\"0\"\n                data-row-index=\"5\"\n                style=\"                padding:10px;\"\n                >\n                                Du 20 juillet au 30 ao\u00fbt 2026                <\/td>\n                                            <td class=\"wpdt-cell \"\n                                    data-cell-id=\"B6\"\n                data-col-index=\"1\"\n                data-row-index=\"5\"\n                style=\"                padding:10px;\"\n                >\n                                Gestion des d\u00e9sistements                <\/td>\n                                        <\/tr>\n                    <\/table>\n<\/div><style id='wpdt-custom-style-592'>\n<\/style>\n\n<div class='cta-block'><div class='text'>Simulez toutes vos aides en 2 min. <\/div><a href='https:\/\/www.mes-allocs.fr\/ab-app?origin=guides\/wp-json\/wp\/v2\/posts\/91515' class='app-button fit'>Simulation gratuite<\/a><\/div>\n<h1>Comment candidater sur Mon Master ?<\/h1>\n<h2>Le guide pour candidater sur Mon Master<\/h2>\n<h3>\u00a0Cr\u00e9ez votre compte sur la plateforme Mon Master<\/h3>\n<ul>\n<li aria-level=\"1\">Rendez-vous sur le site officiel de <b>Mon Master<\/b><\/li>\n<li aria-level=\"1\">Fournissez vos informations personnelles (nom, pr\u00e9nom, date de naissance, etc.).<\/li>\n<li aria-level=\"1\">Indiquez votre num\u00e9ro d\u2019\u00e9tudiant (INE)<\/li>\n<li aria-level=\"1\">Cr\u00e9ez un identifiant et un mot de passe pour acc\u00e9der \u00e0 votre espace candidat.<\/li>\n<\/ul>\n<p>Une fois votre compte cr\u00e9\u00e9, vous pourrez acc\u00e9der \u00e0 toutes les fonctionnalit\u00e9s de la plateforme.<\/p>\n<h3>\u00a0Cherchez et s\u00e9lectionnez des masters adapt\u00e9s \u00e0 votre profil<\/h3>\n<p>Utilisez les outils de recherche de la plateforme pour identifier les masters correspondant \u00e0 vos aspirations et qualifications.<\/p>\n<p>Pour affiner votre recherche :<\/p>\n<ul>\n<li aria-level=\"1\">Filtrez les r\u00e9sultats par domaine d\u2019\u00e9tudes, r\u00e9gion ou type d\u2019\u00e9tablissement.<\/li>\n<li aria-level=\"1\">Consultez les fiches descriptives de chaque formation pour v\u00e9rifier les pr\u00e9requis, les d\u00e9bouch\u00e9s et les modalit\u00e9s d\u2019admission.<\/li>\n<li aria-level=\"1\">S\u00e9lectionnez les programmes qui alignent vos objectifs acad\u00e9miques et professionnels.<\/li>\n<\/ul>\n<h3>D\u00e9posez vos candidatures en ligne sur Mon Master<\/h3>\n<p>Une fois vos choix effectu\u00e9s, vous devrez compl\u00e9ter un dossier de candidature pour chaque master s\u00e9lectionn\u00e9. Ce dossier inclut g\u00e9n\u00e9ralement :<\/p>\n<ul>\n<li aria-level=\"1\">Un <b>CV <\/b>\u00e0 jour, d\u00e9taillant vos exp\u00e9riences acad\u00e9miques et professionnelles.<\/li>\n<li aria-level=\"1\">Une <b>lettre de motivation<\/b> personnalis\u00e9e pour chaque formation.<\/li>\n<li aria-level=\"1\">Vos <b>relev\u00e9s de notes<\/b> et <b>dipl\u00f4mes obtenus<\/b>.<\/li>\n<li aria-level=\"1\">Tout autre document exig\u00e9 par les \u00e9tablissements (portfolio, certificat de langue, etc).<\/li>\n<\/ul>\n<p>Une fois votre dossier pr\u00eat, soumettez-le <b>avant le 21 mars 2026<\/b>. Pensez \u00e0 v\u00e9rifier les confirmations de d\u00e9p\u00f4t pour chaque candidature.<\/p>\n<h2>Combien de candidatures peut-on d\u00e9poser sur Mon Master ?<\/h2>\n<p>Sur la plateforme <b>Mon Master<\/b>, les candidats ont la possibilit\u00e9 de postuler \u00e0 plusieurs formations, mais un plafond a \u00e9t\u00e9 fix\u00e9 pour garantir l\u2019\u00e9quit\u00e9 et \u00e9viter la saturation du syst\u00e8me.<\/p>\n<p>Vous pouvez d\u00e9poser jusqu\u2019\u00e0 <b>15 candidatures <\/b>pour des masters dans des \u00e9tablissements situ\u00e9s en France.<\/p>\n<p>En suppl\u00e9ment, vous pouvez ajouter jusqu&rsquo;\u00e0 <b>15 candidatures en alternance.<\/b><\/p>\n<h1>La phase compl\u00e9mentaire mon master<\/h1>\n<h2>Qu\u2019est-ce que la phase compl\u00e9mentaire ?<\/h2>\n<p><strong>La phase compl\u00e9mentaire de Mon Master<\/strong> est la p\u00e9riode qui suit la phase principale. Elle permet aux formations qui disposent encore de places vacantes de rouvrir leurs candidatures.<\/p>\n<p>Les \u00e9tudiants qui n\u2019ont pas encore \u00e9t\u00e9 admis dans un master ou qui souhaitent postuler \u00e0 de nouvelles formations peuvent ainsi tenter leur chance. C\u2019est une opportunit\u00e9 suppl\u00e9mentaire pour int\u00e9grer un master, notamment lorsque les r\u00e9sultats de la phase principale n\u2019ont pas abouti.<\/p>\n<h2>Quand commence la phase compl\u00e9mentaire ?<\/h2>\n<p>La phase compl\u00e9mentaire de Mon Master commence le <b>19 juin<\/b> et se termine le<b> 19 juillet<\/b>. Elle se d\u00e9roule en trois temps : une p\u00e9riode de candidature et de classement du <b>19 au 25 juin,<\/b> durant laquelle les \u00e9tudiants peuvent postuler aux formations qui ont rouvert des places. Ensuite vient la phase d\u2019examen des candidatures, du <b>26 juin au 9 juillet<\/b>. Enfin, la p\u00e9riode d\u2019admission s\u2019\u00e9tend du<b> 10 au 19 juillet.\u00a0<\/b><\/p>\n<h2>Qui est concern\u00e9 par la phase compl\u00e9mentaire ?<\/h2>\n<p><b>Tous les candidats peuvent participer \u00e0 la phase compl\u00e9mentaire<\/b>, sous certaines conditions. Si vous avez d\u00e9j\u00e0 pris part \u00e0 la phase principale, vous pouvez candidater de nouveau <b>\u00e0 condition de ne pas avoir accept\u00e9 d\u00e9finitivement une proposition d\u2019admission avant le 18 juin \u00e0 23h59<\/b>.<\/p>\n<p>Si vous n\u2019avez <b>pas du tout particip\u00e9 \u00e0 la phase principale<\/b>, vous pouvez \u00e9galement rejoindre la phase compl\u00e9mentaire en <b>cr\u00e9ant un compte sur Mon Master avant le 25 juin inclus<\/b>, en remplissant votre dossier et en s\u00e9lectionnant les formations souhait\u00e9es. Enfin, si vous avez <b>un compte mais aucune candidature d\u00e9pos\u00e9e<\/b>, vous pouvez l\u2019utiliser pour postuler \u00e0 cette phase.<\/p>\n<h2>Proposition d\u2019admission : combien de temps pour r\u00e9pondre ?<\/h2>\n<p><b>Lors de la phase compl\u00e9mentaire, les propositions d\u2019admission sont automatiquement accept\u00e9es provisoirement<\/b>, que la candidature provienne de la phase principale ou de la phase compl\u00e9mentaire. Contrairement \u00e0 la phase principale, <b>il n\u2019y a donc aucun d\u00e9lai de r\u00e9ponse impos\u00e9<\/b> : cela signifie que vous ne risquez pas de perdre une proposition si vous \u00eates en vacances ou indisponible.<\/p>\n<p>Vous pourrez ensuite <b>choisir de l\u2019accepter d\u00e9finitivement ou de la refuser<\/b>. Attention toutefois : <b>refuser une proposition ne garantit pas d\u2019en recevoir une autre<\/b>. De plus, toute proposition accept\u00e9e (m\u00eame provisoirement) entra\u00eene <b>la suppression des v\u0153ux moins bien class\u00e9s<\/b> dans votre liste de pr\u00e9f\u00e9rences.<\/p>\n<h2>Acceptation provisoire et liste d\u2019attente : pouvez-vous conserver vos places ?<\/h2>\n<p>A la fin de la phase principale, si vous \u00eates en <b>liste d\u2019attente<\/b> ou avez une <b>proposition accept\u00e9e provisoirement<\/b>, vous pouvez tout \u00e0 fait d\u00e9poser de nouvelles candidatures en phase compl\u00e9mentaire.<\/p>\n<p>Cependant, vous devez imp\u00e9rativement <b>classer l\u2019ensemble de vos v\u0153ux \u2014 anciens comme nouveaux \u2014 par ordre de pr\u00e9f\u00e9rence<\/b>. Cet ordre permet de <b>lib\u00e9rer rapidement des places<\/b> pour un maximum de candidats. En effet, d\u00e8s que vous acceptez une proposition d\u2019admission, qu\u2019elle soit <b>provisoire ou d\u00e9finitive<\/b>, <b>toutes les formations class\u00e9es apr\u00e8s ce v\u0153u sont automatiquement perdues<\/b>, quel que soit leur statut (liste d\u2019attente, en cours, etc.).<\/p>\n<h2>Combien de voeux pouvez-vous formuler ?<\/h2>\n<p>Lors de la phase compl\u00e9mentaire, vous pouvez soumettre <b>jusqu\u2019\u00e0 10 nouveaux v\u0153ux pour des formations classiques et 10 autres pour des formations en alternance<\/b>, soit <b>un total de 20 nouveaux v\u0153ux possibles<\/b>.<\/p>\n<p>Le calcul des v\u0153ux fonctionne comme durant la phase principale : <b>chaque v\u0153u correspond \u00e0 une mention de master dans un \u00e9tablissement donn\u00e9<\/b>, peu importe le nombre de parcours choisis dans cette mention. Ainsi, candidater \u00e0 plusieurs parcours d\u2019une m\u00eame mention compte pour <b>un seul v\u0153u<\/b>.<\/p>\n<div class='shortcode disclaimer'><div class='title'>Attention<\/div><div class='content'>Vous ne pouvez pas repostuler aux m\u00eames formations dans les m\u00eames \u00e9tablissements auxquelles vous avez d\u00e9j\u00e0 postul\u00e9 en phase principale.<\/p>\n<p><\/div><\/div>\n<h2>La gestion des d\u00e9sistements : qu\u2019est-ce que c\u2019est ?<\/h2>\n<p><span style=\"font-weight: 400;\">Si vous avez particip\u00e9 \u00e0 la phase compl\u00e9mentaire mais que vous <\/span><b>n\u2019avez aucune proposition accept\u00e9e d\u00e9finitivement<\/b><span style=\"font-weight: 400;\">, vous pourrez participer \u00e0 la <\/span><b>gestion des d\u00e9sistements (GDD)<\/b><span style=\"font-weight: 400;\">. Voici comment elle se d\u00e9roule :<\/span><\/p>\n<ul>\n<li style=\"font-weight: 400;\" aria-level=\"1\"><span style=\"font-weight: 400;\">La GDD se tient <\/span><b>du 20 juillet au 30 ao\u00fbt<\/b><span style=\"font-weight: 400;\">.<\/span><\/li>\n<li style=\"font-weight: 400;\" aria-level=\"1\"><span style=\"font-weight: 400;\">Elle permet de recevoir des propositions <\/span><b>si des places se lib\u00e8rent<\/b><span style=\"font-weight: 400;\"> dans les formations o\u00f9 vous \u00eates encore en liste d\u2019attente ou en recherche de contrat.<\/span><\/li>\n<li style=\"font-weight: 400;\" aria-level=\"1\"><b>L\u2019ordre de pr\u00e9f\u00e9rence<\/b><span style=\"font-weight: 400;\"> que vous avez d\u00e9fini lors de la phase compl\u00e9mentaire est conserv\u00e9.<\/span><\/li>\n<li style=\"font-weight: 400;\" aria-level=\"1\"><b>Vous pourrez <\/b><span style=\"font-weight: 400;\">accepter d\u00e9finitivement une proposition ou la refuser. Il n\u2019y a plus d\u2019acceptation provisoire.<\/span><span style=\"font-weight: 400;\"><br \/>\n<\/span><\/li>\n<\/ul>\n<p><span style=\"font-weight: 400;\">Voici les <\/span><b>d\u00e9lais de r\u00e9ponse<\/b><span style=\"font-weight: 400;\"> \u00e0 respecter pendant la <\/span><b>gestion des d\u00e9sistements (GDD)<\/b><span style=\"font-weight: 400;\"> :<\/span><\/p>\n<ul>\n<li style=\"font-weight: 400;\" aria-level=\"1\"><b>Pour une proposition re\u00e7ue entre le 20 juillet et le 19 ao\u00fbt inclus<\/b><span style=\"font-weight: 400;\"> :<\/span><span style=\"font-weight: 400;\"><br \/>\n<\/span><span style=\"font-weight: 400;\"> Vous avez <\/span><b>jusqu\u2019au 19 ao\u00fbt \u00e0 23h59<\/b><span style=\"font-weight: 400;\"> pour y r\u00e9pondre.<\/span><\/li>\n<li style=\"font-weight: 400;\" aria-level=\"1\"><b>Pour une proposition re\u00e7ue entre le 20 ao\u00fbt et le 30 ao\u00fbt inclus<\/b><span style=\"font-weight: 400;\"> :<\/span><span style=\"font-weight: 400;\"><br \/>\n<\/span><span style=\"font-weight: 400;\"> Vous devez r\u00e9pondre <\/span><b>au plus tard le lendemain \u00e0 23h59<\/b><span style=\"font-weight: 400;\">.<\/span><span style=\"font-weight: 400;\"><br \/>\n<\/span> <i><span style=\"font-weight: 400;\">Par exemple : si vous recevez une proposition le 27 ao\u00fbt, vous avez jusqu\u2019au 28 ao\u00fbt \u00e0 23h59 pour donner votre r\u00e9ponse.<\/span><\/i><\/li>\n<\/ul>\n<p><span style=\"font-weight: 400;\"><div class='shortcode important'><div class='title'>Important<\/div><div class='content'>Si vous avez des candidatures en alternance, vous pouvez aussi recevoir des propositions pendant la GDD, sous r\u00e9serve de contrat valid\u00e9 et de places disponibles.<\/div><\/div> <\/span><\/p>\n<h1>Mon Master : nouvelle proc\u00e9dure d&rsquo;admission pour les alternants<\/h1>\n<h2>Comment se d\u00e9roulent les admissions en alternance sur Mon Master ?<\/h2>\n<p class=\"\" data-start=\"193\" data-end=\"436\">Apr\u00e8s la <strong data-start=\"349\" data-end=\"377\">cl\u00f4ture des candidatures<\/strong>, les \u00e9tablissements proc\u00e8dent \u00e0 l\u2019<strong data-start=\"412\" data-end=\"435\">examen des dossiers<\/strong>.<\/p>\n<p class=\"\" data-start=\"438\" data-end=\"702\">Les candidats dont le dossier correspond aux <strong data-start=\"483\" data-end=\"511\">attendus de la formation<\/strong> se voient attribuer un <strong data-start=\"535\" data-end=\"557\">rang de classement<\/strong>. Ce classement est d\u00e9sormais <strong data-start=\"587\" data-end=\"602\">obligatoire<\/strong> pour \u00eatre plac\u00e9 en <strong data-start=\"622\" data-end=\"646\">recherche de contrat<\/strong>. Sans rang, la candidature est directement <strong data-start=\"690\" data-end=\"701\">refus\u00e9e<\/strong>.<\/p>\n<p class=\"\" data-start=\"704\" data-end=\"1061\">Une fois en recherche de contrat, le candidat doit rapidement trouver une <strong data-start=\"778\" data-end=\"792\">entreprise<\/strong> et d\u00e9poser un <strong data-start=\"807\" data-end=\"831\">contrat d\u2019alternance<\/strong> (ou un certificat d\u2019engagement) sur la plateforme. L\u2019<strong data-start=\"885\" data-end=\"912\">\u00e9tablissement d\u2019accueil<\/strong> valide ce contrat, ce qui permet de recevoir une <strong data-start=\"962\" data-end=\"989\">proposition d\u2019admission<\/strong>, sous r\u00e9serve des <strong data-start=\"1008\" data-end=\"1031\">capacit\u00e9s d\u2019accueil<\/strong> et du <strong data-start=\"1038\" data-end=\"1060\">rang de classement<\/strong>.<\/p>\n<p class=\"\" data-start=\"1063\" data-end=\"1308\">Si le contrat ne peut \u00eatre d\u00e9pos\u00e9 \u00e0 temps, le candidat peut participer \u00e0 la <strong data-start=\"1139\" data-end=\"1163\">phase compl\u00e9mentaire<\/strong>, voire \u00e0 la <strong data-start=\"1176\" data-end=\"1204\">gestion des d\u00e9sistements<\/strong>. Enfin, si des places restent disponibles, des <strong data-start=\"1252\" data-end=\"1284\">recrutements hors plateforme<\/strong> peuvent \u00eatre organis\u00e9s.<\/p>\n<h2 data-start=\"1063\" data-end=\"1308\">Calendrier Mon Master 2026 pour les alternants<\/h2>\n\n<div class=\"wpdt-c row wpDataTableContainerSimpleTable wpDataTables wpDataTablesWrapper\n\"\n    >\n    <table id=\"wpdtSimpleTable-645\"\n           class=\"wpdtSimpleTable wpDataTable\"\n           data-column=\"2\"\n           data-rows=\"8\"\n           data-wpID=\"645\"\n           data-responsive=\"0\"\n           data-has-header=\"0\">\n\n                    <tbody>        <tr class=\"wpdt-cell-row \" >\n                            <td class=\"wpdt-cell wpdt-bold\"\n                                    data-cell-id=\"A1\"\n                data-col-index=\"0\"\n                data-row-index=\"0\"\n                style=\" width:50%;                padding:10px;\"\n                >\n                                Cl\u00f4ture des candidatures                <\/td>\n                                            <td class=\"wpdt-cell \"\n                                    data-cell-id=\"B1\"\n                data-col-index=\"1\"\n                data-row-index=\"0\"\n                style=\" width:50%;                padding:10px;\"\n                >\n                                16 mars 2026                <\/td>\n                                        <\/tr>\n                            <tr class=\"wpdt-cell-row \" >\n                            <td class=\"wpdt-cell wpdt-bold\"\n                                    data-cell-id=\"A2\"\n                data-col-index=\"0\"\n                data-row-index=\"1\"\n                style=\"                padding:10px;\"\n                >\n                                Examen des dossiers                <\/td>\n                                            <td class=\"wpdt-cell \"\n                                    data-cell-id=\"B2\"\n                data-col-index=\"1\"\n                data-row-index=\"1\"\n                style=\"                padding:10px;\"\n                >\n                                21 mars au 29 avril 2026                <\/td>\n                                        <\/tr>\n                            <tr class=\"wpdt-cell-row \" >\n                            <td class=\"wpdt-cell wpdt-bold\"\n                                    data-cell-id=\"A3\"\n                data-col-index=\"0\"\n                data-row-index=\"2\"\n                style=\"                padding:10px;\"\n                >\n                                Attribution du rang de classement                <\/td>\n                                            <td class=\"wpdt-cell \"\n                                    data-cell-id=\"B3\"\n                data-col-index=\"1\"\n                data-row-index=\"2\"\n                style=\"                padding:10px;\"\n                >\n                                \u00c0 partir du 30 avril 2026                <\/td>\n                                        <\/tr>\n                            <tr class=\"wpdt-cell-row \" >\n                            <td class=\"wpdt-cell wpdt-bold\"\n                                    data-cell-id=\"A4\"\n                data-col-index=\"0\"\n                data-row-index=\"3\"\n                style=\"                padding:10px;\"\n                >\n                                D\u00e9p\u00f4t du contrat d'alternance                <\/td>\n                                            <td class=\"wpdt-cell \"\n                                    data-cell-id=\"B4\"\n                data-col-index=\"1\"\n                data-row-index=\"3\"\n                style=\"                padding:10px;\"\n                >\n                                D\u00e8s attribution du rang                <\/td>\n                                        <\/tr>\n                            <tr class=\"wpdt-cell-row \" >\n                            <td class=\"wpdt-cell wpdt-bold\"\n                                    data-cell-id=\"A5\"\n                data-col-index=\"0\"\n                data-row-index=\"4\"\n                style=\"                padding:10px;\"\n                >\n                                Propositions d\u2019admission                <\/td>\n                                            <td class=\"wpdt-cell \"\n                                    data-cell-id=\"B5\"\n                data-col-index=\"1\"\n                data-row-index=\"4\"\n                style=\"                padding:10px;\"\n                >\n                                12 au 16 juin 2026                <\/td>\n                                        <\/tr>\n                            <tr class=\"wpdt-cell-row \" >\n                            <td class=\"wpdt-cell wpdt-bold\"\n                                    data-cell-id=\"A6\"\n                data-col-index=\"0\"\n                data-row-index=\"5\"\n                style=\"                padding:10px;\"\n                >\n                                Phase compl\u00e9mentaire                <\/td>\n                                            <td class=\"wpdt-cell \"\n                                    data-cell-id=\"B6\"\n                data-col-index=\"1\"\n                data-row-index=\"5\"\n                style=\"                padding:10px;\"\n                >\n                                \u00c0 partir du 17 juin 2026                <\/td>\n                                        <\/tr>\n                            <tr class=\"wpdt-cell-row \" >\n                            <td class=\"wpdt-cell wpdt-bold\"\n                                    data-cell-id=\"A7\"\n                data-col-index=\"0\"\n                data-row-index=\"6\"\n                style=\"                padding:10px;\"\n                >\n                                Gestion des d\u00e9sistements                <\/td>\n                                            <td class=\"wpdt-cell \"\n                                    data-cell-id=\"B7\"\n                data-col-index=\"1\"\n                data-row-index=\"6\"\n                style=\"                padding:10px;\"\n                >\n                                20 juillet au 30 ao\u00fbt 2026                <\/td>\n                                        <\/tr>\n                            <tr class=\"wpdt-cell-row \" >\n                            <td class=\"wpdt-cell wpdt-bold\"\n                                    data-cell-id=\"A8\"\n                data-col-index=\"0\"\n                data-row-index=\"7\"\n                style=\"                padding:10px;\"\n                >\n                                Recrutements hors plateforme                <\/td>\n                                            <td class=\"wpdt-cell \"\n                                    data-cell-id=\"B8\"\n                data-col-index=\"1\"\n                data-row-index=\"7\"\n                style=\"                padding:10px;\"\n                >\n                                Si places restantes                <\/td>\n                                        <\/tr>\n                    <\/table>\n<\/div><style id='wpdt-custom-style-645'>\n<\/style>\n\n<h1>Que faire en cas de candidature non retenue sur Mon Master ?<\/h1>\n<p>Certaines formations expliquent les motifs de leur d\u00e9cision. Prenez le temps de les analyser pour comprendre les points \u00e0 am\u00e9liorer dans vos prochaines candidatures. Ces raisons peuvent inclure :<\/p>\n<ul>\n<li aria-level=\"1\">Dossier incomplet ou non conforme.<\/li>\n<li aria-level=\"1\">Niveau acad\u00e9mique jug\u00e9 insuffisant.<\/li>\n<li aria-level=\"1\">Formation trop s\u00e9lective avec un nombre limit\u00e9 de places.<\/li>\n<\/ul>\n<p>En cas de refus pour l\u2019ensemble de vos candidatures, vous pouvez solliciter le <b>rectorat de votre acad\u00e9mie<\/b>. Ce dispositif d\u2019accompagnement vise \u00e0 trouver une place en master pour les \u00e9tudiants qui n\u2019ont pas \u00e9t\u00e9 admis. Pour cela :<\/p>\n<ul>\n<li aria-level=\"1\">Faites une demande aupr\u00e8s du service rectoral d\u00e9di\u00e9.<\/li>\n<li aria-level=\"1\">Fournissez des informations sur votre parcours acad\u00e9mique et vos projets.<\/li>\n<li aria-level=\"1\">Le rectorat vous proposera une liste de formations encore disponibles.<\/li>\n<\/ul>\n<h1>Conseils pour maximiser vos chances sur Mon Master<\/h1>\n<h2>Choisissez bien vos formations<\/h2>\n<ul>\n<li aria-level=\"1\">Analysez les crit\u00e8res d\u2019admission et assurez-vous qu\u2019ils correspondent \u00e0 votre profil.<\/li>\n<li aria-level=\"1\">Mettez en priorit\u00e9 les masters en lien direct avec vos aspirations professionnelles et acad\u00e9miques.<\/li>\n<li aria-level=\"1\">Diversifiez vos candidatures en incluant des formations tr\u00e8s s\u00e9lectives et d\u2019autres plus accessibles.<\/li>\n<li aria-level=\"1\">Renseignez-vous sur la r\u00e9putation et les d\u00e9bouch\u00e9s des formations.<\/li>\n<\/ul>\n<h2>R\u00e9digez bien votre lettre de motivation<\/h2>\n<ul>\n<li aria-level=\"1\">Pour que votre lettre de motivation se d\u00e9marque, adaptez-la \u00e0 chaque master en mettant en avant des \u00e9l\u00e9ments sp\u00e9cifiques \u00e0 la formation.<\/li>\n<li aria-level=\"1\">Expliquez clairement vos motivations, vos objectifs professionnels et ce que vous pouvez apporter \u00e0 la formation.<\/li>\n<li aria-level=\"1\">Soignez la forme et \u00e9vitez les fautes d\u2019orthographe.<\/li>\n<li aria-level=\"1\">Faites relire votre lettre par un enseignant ou un proche pour avoir un avis ext\u00e9rieur.<\/li>\n<\/ul>\n<h2>Respecter les d\u00e9lais<\/h2>\n<p>Les dates limites sur Mon Master sont strictes. Pour \u00e9viter les mauvaises surprises :<\/p>\n<ul>\n<li aria-level=\"1\">Notez toutes les dates dans un calendrier ou une application de gestion de t\u00e2ches.<\/li>\n<li aria-level=\"1\">Pr\u00e9parez vos documents \u00e0 l\u2019avance pour \u00e9viter les probl\u00e8mes de derni\u00e8re minute.<\/li>\n<li aria-level=\"1\">V\u00e9rifiez r\u00e9guli\u00e8rement l\u2019\u00e9tat de vos candidatures sur la plateforme.<\/li>\n<\/ul>\n<h1>Conclusion<\/h1>\n<p>Mon Master est devenu un passage oblig\u00e9 pour acc\u00e9der aux formations de deuxi\u00e8me cycle en France. Cette plateforme a pour objectif de rendre plus simple et plus transparent le processus de candidature. Que vous soyez en fin de licence ou que vous repreniez vos \u00e9tudes, Mon Master peut vous ouvrir les portes d\u2019une carri\u00e8re enrichissante. Avec une pr\u00e9paration s\u00e9rieuse et une strat\u00e9gie bien pens\u00e9e, vous augmentez vos chances d\u2019int\u00e9grer le master qui correspond \u00e0 vos aspirations.<\/p>\n<div class='cta-block'><div class='text'>Simulez toutes vos aides en 2 min. <\/div><a href='https:\/\/www.mes-allocs.fr\/ab-app?origin=guides\/wp-json\/wp\/v2\/posts\/91515' class='app-button fit'>Simulation gratuite<\/a><\/div>\n","protected":false},"excerpt":{"rendered":"<p>En France, de nombreuses\u00a0aides \u00e0 la formation existent. Qu&rsquo;il s&rsquo;agisse de solutions de financement ou encore de plateformes sp\u00e9cialis\u00e9es, tout est mis en oeuvre pour faciliter votre reprise ou poursuite d&rsquo;\u00e9tude. Depuis sa mise en place, la plateforme Mon Master centralise les candidatures pour les formations de deuxi\u00e8me cycle en France. Que vous soyez \u00e9tudiant [&hellip;]<\/p>\n","protected":false},"author":32,"featured_media":91531,"comment_status":"open","ping_status":"open","sticky":false,"template":"","format":"standard","meta":{"amp_status":"","footnotes":""},"categories":[2045],"tags":[],"class_list":["post-91515","post","type-post","status-publish","format-standard","has-post-thumbnail","hentry","category-aide-formation"],"yoast_head":"<!-- This site is optimized with the Yoast SEO plugin v14.9 - https:\/\/yoast.com\/wordpress\/plugins\/seo\/ -->\n<title>Mon Master : guide de la plateforme pour les \u00e9tudiants | Mes-Allocs.fr<\/title>\n<meta name=\"description\" content=\"Mon Master est la plateforme centralis\u00e9e pour candidater aux formations de master en France. Ce guide vous explique comment l&#039;utiliser.\" \/>\n<meta name=\"robots\" content=\"index, follow, max-snippet:-1, max-image-preview:large, max-video-preview:-1\" \/>\n<link rel=\"canonical\" href=\"https:\/\/www.mes-allocs.fr\/guides\/aide-formation\/mon-master\/\" \/>\n<meta property=\"og:locale\" content=\"fr_FR\" \/>\n<meta property=\"og:type\" content=\"article\" \/>\n<meta property=\"og:title\" content=\"Mon Master : guide de la plateforme pour les \u00e9tudiants | Mes-Allocs.fr\" \/>\n<meta property=\"og:description\" content=\"Mon Master est la plateforme centralis\u00e9e pour candidater aux formations de master en France. Ce guide vous explique comment l&#039;utiliser.\" \/>\n<meta property=\"og:url\" content=\"https:\/\/www.mes-allocs.fr\/guides\/aide-formation\/mon-master\/\" \/>\n<meta property=\"og:site_name\" content=\"Mes-Allocs.fr\" \/>\n<meta property=\"article:published_time\" content=\"2025-01-22T11:13:53+00:00\" \/>\n<meta property=\"article:modified_time\" content=\"2026-04-22T09:50:41+00:00\" \/>\n<meta property=\"og:image\" content=\"https:\/\/www.mes-allocs.fr\/guides\/wp-content\/uploads\/2025\/01\/mon-master-2.jpg?wsr\" \/>\n\t<meta property=\"og:image:width\" content=\"1280\" \/>\n\t<meta property=\"og:image:height\" content=\"854\" \/>\n<meta name=\"twitter:card\" content=\"summary_large_image\" \/>\n<script type=\"application\/ld+json\" class=\"yoast-schema-graph\">{\"@context\":\"https:\/\/schema.org\",\"@graph\":[{\"@type\":\"WebSite\",\"@id\":\"https:\/\/www.mes-allocs.fr\/guides\/#website\",\"url\":\"https:\/\/www.mes-allocs.fr\/guides\/\",\"name\":\"Mes-Allocs.fr\",\"description\":\"\",\"potentialAction\":[{\"@type\":\"SearchAction\",\"target\":\"https:\/\/www.mes-allocs.fr\/guides\/?s={search_term_string}\",\"query-input\":\"required name=search_term_string\"}],\"inLanguage\":\"fr-FR\"},{\"@type\":\"ImageObject\",\"@id\":\"https:\/\/www.mes-allocs.fr\/guides\/aide-formation\/mon-master\/#primaryimage\",\"inLanguage\":\"fr-FR\",\"url\":\"https:\/\/www.mes-allocs.fr\/guides\/wp-content\/uploads\/2025\/01\/mon-master-2.jpg?wsr\",\"width\":1280,\"height\":854,\"caption\":\"mon master\"},{\"@type\":\"WebPage\",\"@id\":\"https:\/\/www.mes-allocs.fr\/guides\/aide-formation\/mon-master\/#webpage\",\"url\":\"https:\/\/www.mes-allocs.fr\/guides\/aide-formation\/mon-master\/\",\"name\":\"Mon Master : guide de la plateforme pour les \\u00e9tudiants | Mes-Allocs.fr\",\"isPartOf\":{\"@id\":\"https:\/\/www.mes-allocs.fr\/guides\/#website\"},\"primaryImageOfPage\":{\"@id\":\"https:\/\/www.mes-allocs.fr\/guides\/aide-formation\/mon-master\/#primaryimage\"},\"datePublished\":\"2025-01-22T11:13:53+00:00\",\"dateModified\":\"2026-04-22T09:50:41+00:00\",\"author\":{\"@id\":\"https:\/\/www.mes-allocs.fr\/guides\/#\/schema\/person\/d816df3fd89b867e748b96418f7d8196\"},\"description\":\"Mon Master est la plateforme centralis\\u00e9e pour candidater aux formations de master en France. Ce guide vous explique comment l'utiliser.\",\"inLanguage\":\"fr-FR\"},{\"@type\":\"Person\",\"@id\":\"https:\/\/www.mes-allocs.fr\/guides\/#\/schema\/person\/d816df3fd89b867e748b96418f7d8196\",\"name\":\"A\\u00efda GHATTAS\",\"image\":{\"@type\":\"ImageObject\",\"@id\":\"https:\/\/www.mes-allocs.fr\/guides\/#personlogo\",\"inLanguage\":\"fr-FR\",\"url\":\"https:\/\/www.mes-allocs.fr\/guides\/wp-content\/uploads\/2025\/01\/id-photo-Aida-150x150.jpg\",\"caption\":\"A\\u00efda GHATTAS\"},\"description\":\"A\\u00efda est r\\u00e9dactrice web sp\\u00e9cialis\\u00e9e dans l'actualit\\u00e9, avec un int\\u00e9r\\u00eat particulier pour les aides financi\\u00e8res et dispositifs accessibles au grand public. Elle d\\u00e9crypte les mesures sociales, \\u00e9conomiques ou administratives, mais explore aussi d\\u2019autres th\\u00e9matiques li\\u00e9es \\u00e0 la vie quotidienne et aux droits des \\u00e9trangers, pour proposer une information claire, utile et toujours \\u00e0 jour. Elle rejoint Mes Allocs en 2025 apr\\u00e8s une premi\\u00e8re exp\\u00e9rience dans les t\\u00e9l\\u00e9communications.\",\"sameAs\":[\"https:\/\/www.linkedin.com\/in\/aidaghattas321\/\"]}]}<\/script>\n<!-- \/ Yoast SEO plugin. -->","amp_validity":null,"acf":{"faq":{"1":{"question":"Quand ouvre Mon Master 2026 ?","answer":"La premi\u00e8re \u00e9tape d\u00e9bute le 2 f\u00e9vrier 2026. "},"2":{"question":"Quand candidater au master 2026-2027 ?","answer":"Vous devez envoyer vos candidatures entre le 17 f\u00e9vrier au 16 mars 2026"},"3":{"question":"Quand commencent les inscriptions en France en 2026 ?","answer":"Les inscriptions sur Parcoursup d\u00e9marrent le 2 f\u00e9vrier 2026"},"4":{"question":"Quand ouvre eCandidat 2026 ?","answer":"Pour la cr\u00e9ation de votre compte, la plateforme ouvre le 2 f\u00e9vrier 2026. "},"5":{"question":"Combien de choix puis-je formuler lors de la candidature \u202f?","answer":"Vous pouvez formuler jusqu'\u00e0 15 v\u0153ux pour des masters hors alternance et 15 v\u0153ux suppl\u00e9mentaires pour des masters en alternance. "},"6":{"question":" Que faire si je n'ai re\u00e7u aucune r\u00e9ponse positive \u00e0 mes candidatures\u202f ?","answer":"Si toutes vos candidatures sont rejet\u00e9es, vous avez la possibilit\u00e9 de saisir votre rectorat via le t\u00e9l\u00e9service d\u00e9di\u00e9 afin de recevoir des propositions d'admission en premi\u00e8re ann\u00e9e de master."},"7":{"question":"","answer":""},"8":{"question":"","answer":""},"9":{"question":"","answer":""},"10":{"question":"","answer":""},"11":{"question":"","answer":""},"12":{"question":"","answer":""},"13":{"question":"","answer":""},"14":{"question":"","answer":""},"15":{"question":"","answer":""},"16":{"question":"","answer":""}}},"_links":{"self":[{"href":"https:\/\/www.mes-allocs.fr\/guides\/wp-json\/wp\/v2\/posts\/91515","targetHints":{"allow":["GET"]}}],"collection":[{"href":"https:\/\/www.mes-allocs.fr\/guides\/wp-json\/wp\/v2\/posts"}],"about":[{"href":"https:\/\/www.mes-allocs.fr\/guides\/wp-json\/wp\/v2\/types\/post"}],"author":[{"embeddable":true,"href":"https:\/\/www.mes-allocs.fr\/guides\/wp-json\/wp\/v2\/users\/32"}],"replies":[{"embeddable":true,"href":"https:\/\/www.mes-allocs.fr\/guides\/wp-json\/wp\/v2\/comments?post=91515"}],"version-history":[{"count":19,"href":"https:\/\/www.mes-allocs.fr\/guides\/wp-json\/wp\/v2\/posts\/91515\/revisions"}],"predecessor-version":[{"id":106324,"href":"https:\/\/www.mes-allocs.fr\/guides\/wp-json\/wp\/v2\/posts\/91515\/revisions\/106324"}],"wp:featuredmedia":[{"embeddable":true,"href":"https:\/\/www.mes-allocs.fr\/guides\/wp-json\/wp\/v2\/media\/91531"}],"wp:attachment":[{"href":"https:\/\/www.mes-allocs.fr\/guides\/wp-json\/wp\/v2\/media?parent=91515"}],"wp:term":[{"taxonomy":"category","embeddable":true,"href":"https:\/\/www.mes-allocs.fr\/guides\/wp-json\/wp\/v2\/categories?post=91515"},{"taxonomy":"post_tag","embeddable":true,"href":"https:\/\/www.mes-allocs.fr\/guides\/wp-json\/wp\/v2\/tags?post=91515"}],"curies":[{"name":"wp","href":"https:\/\/api.w.org\/{rel}","templated":true}]}}